{"id":1244,"date":"2014-10-21T18:19:10","date_gmt":"2014-10-21T18:19:10","guid":{"rendered":"https:\/\/explora.cl\/rmsuroriente\/blog\/2014\/10\/21\/participa-en-la-feria-cientifica-del-liceo-antonio-hermida-fabres\/"},"modified":"2019-05-20T17:38:32","modified_gmt":"2019-05-20T17:38:32","slug":"participa-en-la-feria-cientifica-del-liceo-antonio-hermida-fabres","status":"publish","type":"post","link":"https:\/\/explora.cl\/rmsuroriente\/participa-en-la-feria-cientifica-del-liceo-antonio-hermida-fabres\/","title":{"rendered":"Participa en la Feria Cient\u00edfica del Liceo Antonio Hermida Fabres"},"content":{"rendered":"<p><img fetchpriority=\"high\" decoding=\"async\" class=\" size-full wp-image-4175\" src=\"http:\/\/ec2-34-218-253-251.us-west-2.compute.amazonaws.com\/wp-content\/uploads\/2014\/10\/1e92e29468d367fc231b76a078b7faaa.jpg\" alt=\"\" width=\"745\" height=\"620\" \/><\/p>\n<p style=\"text-align: justify\">El 24 de octubre entre las 9:30 y las 16:30 horas, se desarrollar\u00e1 la Feria Cient\u00edfica Interescolar Gigantes de la Ciencia \u00a0organizada por el Liceo Antonio Hermida Fabres, con apoyo del Proyecto EXPLORA CONICYT Regi\u00f3n Metropolitana Zona Sur Oriente, en las dependencias del establecimiento educacional.<\/p>\n<p style=\"text-align: justify\">Esta actividad estar\u00e1 abierta a la participaci\u00f3n de otros colegios. Se recibir\u00e1n estudiantes que deseen exponer proyectos, adem\u00e1s de interesados en visitar la feria.<\/p>\n<p style=\"text-align: justify\">Para visitar esta feria los interesados e interesadas deben contactarse con Rodrigo Serrano al mail \u00a0<a href=\"mailto:r.serrano.rieloff@gmail.com\" target=\"_blank\" rel=\"noopener noreferrer\">r.serrano.rieloff@gmail.com<\/a><\/p>\n<p style=\"text-align: justify\">Lugar:\u00a0\u00a0Av Coronel Alejandro Sep\u00falveda 6801, Pe\u00f1alol\u00e9n.<\/p>\n<p style=\"text-align: justify\"><a href=\"http:\/\/www.liceoahf.cl\/feriacientifica\/index.html\">REVISA EL SITIO WEB OFICIAL DE LA FERIA CIENTIFICA AC\u00c1<\/a><\/p>\n","protected":false},"excerpt":{"rendered":"<p>El 24 de octubre entre las 9:30 y las 16:30 horas, se desarrollar\u00e1 la Feria Cient\u00edfica Interescolar Gigantes de la Ciencia \u00a0organizada por el Liceo Antonio Hermida Fabres, con apoyo del Proyecto EXPLORA CONICYT Regi\u00f3n Metropolitana Zona Sur Oriente, en las dependencias del establecimiento educacional. Esta actividad estar\u00e1 abierta a la participaci\u00f3n de otros colegios. [&hellip;]<\/p>\n","protected":false},"author":2,"featured_media":4175,"comment_status":"closed","ping_status":"open","sticky":false,"template":"","format":"standard","meta":{"_acf_changed":false,"_exactmetrics_skip_tracking":false,"_exactmetrics_sitenote_active":false,"_exactmetrics_sitenote_note":"","_exactmetrics_sitenote_category":0,"footnotes":"","_links_to":"","_links_to_target":""},"categories":[4],"tags":[],"class_list":["post-1244","post","type-post","status-publish","format-standard","has-post-thumbnail","hentry","category-noticias"],"acf":[],"yoast_head":"<!-- This site is optimized with the Yoast SEO plugin v26.9 - https:\/\/yoast.com\/product\/yoast-seo-wordpress\/ -->\n<title>Participa en la Feria Cient\u00edfica del Liceo Antonio Hermida Fabres - RM Sur Oriente<\/title>\n<meta name=\"robots\" content=\"index, follow, max-snippet:-1, max-image-preview:large, max-video-preview:-1\" \/>\n<link rel=\"canonical\" href=\"https:\/\/explora.cl\/rmsuroriente\/participa-en-la-feria-cientifica-del-liceo-antonio-hermida-fabres\/\" class=\"yoast-seo-meta-tag\" \/>\n<meta property=\"og:locale\" content=\"es_ES\" class=\"yoast-seo-meta-tag\" \/>\n<meta property=\"og:type\" content=\"article\" class=\"yoast-seo-meta-tag\" \/>\n<meta property=\"og:title\" content=\"Participa en la Feria Cient\u00edfica del Liceo Antonio Hermida Fabres - RM Sur Oriente\" class=\"yoast-seo-meta-tag\" \/>\n<meta property=\"og:description\" content=\"El 24 de octubre entre las 9:30 y las 16:30 horas, se desarrollar\u00e1 la Feria Cient\u00edfica Interescolar Gigantes de la Ciencia \u00a0organizada por el Liceo Antonio Hermida Fabres, con apoyo del Proyecto EXPLORA CONICYT Regi\u00f3n Metropolitana Zona Sur Oriente, en las dependencias del establecimiento educacional. Esta actividad estar\u00e1 abierta a la participaci\u00f3n de otros colegios. [&hellip;]\" class=\"yoast-seo-meta-tag\" \/>\n<meta property=\"og:url\" content=\"https:\/\/explora.cl\/rmsuroriente\/participa-en-la-feria-cientifica-del-liceo-antonio-hermida-fabres\/\" class=\"yoast-seo-meta-tag\" \/>\n<meta property=\"og:site_name\" content=\"RM Sur Oriente\" class=\"yoast-seo-meta-tag\" \/>\n<meta property=\"article:published_time\" content=\"2014-10-21T18:19:10+00:00\" class=\"yoast-seo-meta-tag\" \/>\n<meta property=\"article:modified_time\" content=\"2019-05-20T17:38:32+00:00\" class=\"yoast-seo-meta-tag\" \/>\n<meta name=\"author\" content=\"webman\" class=\"yoast-seo-meta-tag\" \/>\n<meta name=\"twitter:card\" content=\"summary_large_image\" class=\"yoast-seo-meta-tag\" \/>\n<meta name=\"twitter:label1\" content=\"Escrito por\" class=\"yoast-seo-meta-tag\" \/>\n\t<meta name=\"twitter:data1\" content=\"webman\" class=\"yoast-seo-meta-tag\" \/>\n\t<meta name=\"twitter:label2\" content=\"Tiempo estimado de lectura\" class=\"yoast-seo-meta-tag\" \/>\n\t<meta name=\"twitter:data2\" content=\"1 minuto\" class=\"yoast-seo-meta-tag\" \/>\n<script type=\"application\/ld+json\" class=\"yoast-schema-graph\">{\"@context\":\"https:\/\/schema.org\",\"@graph\":[{\"@type\":\"Article\",\"@id\":\"https:\/\/explora.cl\/rmsuroriente\/participa-en-la-feria-cientifica-del-liceo-antonio-hermida-fabres\/#article\",\"isPartOf\":{\"@id\":\"https:\/\/explora.cl\/rmsuroriente\/participa-en-la-feria-cientifica-del-liceo-antonio-hermida-fabres\/\"},\"author\":{\"name\":\"webman\",\"@id\":\"https:\/\/explora.cl\/rmsuroriente\/#\/schema\/person\/cb8349c13ea2d324080adf8480d7ba5d\"},\"headline\":\"Participa en la Feria Cient\u00edfica del Liceo Antonio Hermida Fabres\",\"datePublished\":\"2014-10-21T18:19:10+00:00\",\"dateModified\":\"2019-05-20T17:38:32+00:00\",\"mainEntityOfPage\":{\"@id\":\"https:\/\/explora.cl\/rmsuroriente\/participa-en-la-feria-cientifica-del-liceo-antonio-hermida-fabres\/\"},\"wordCount\":121,\"publisher\":{\"@id\":\"https:\/\/explora.cl\/rmsuroriente\/#organization\"},\"image\":{\"@id\":\"https:\/\/explora.cl\/rmsuroriente\/participa-en-la-feria-cientifica-del-liceo-antonio-hermida-fabres\/#primaryimage\"},\"thumbnailUrl\":\"\",\"articleSection\":[\"Noticias\"],\"inLanguage\":\"es-CL\"},{\"@type\":\"WebPage\",\"@id\":\"https:\/\/explora.cl\/rmsuroriente\/participa-en-la-feria-cientifica-del-liceo-antonio-hermida-fabres\/\",\"url\":\"https:\/\/explora.cl\/rmsuroriente\/participa-en-la-feria-cientifica-del-liceo-antonio-hermida-fabres\/\",\"name\":\"Participa en la Feria Cient\u00edfica del Liceo Antonio Hermida Fabres - RM Sur Oriente\",\"isPartOf\":{\"@id\":\"https:\/\/explora.cl\/rmsuroriente\/#website\"},\"primaryImageOfPage\":{\"@id\":\"https:\/\/explora.cl\/rmsuroriente\/participa-en-la-feria-cientifica-del-liceo-antonio-hermida-fabres\/#primaryimage\"},\"image\":{\"@id\":\"https:\/\/explora.cl\/rmsuroriente\/participa-en-la-feria-cientifica-del-liceo-antonio-hermida-fabres\/#primaryimage\"},\"thumbnailUrl\":\"\",\"datePublished\":\"2014-10-21T18:19:10+00:00\",\"dateModified\":\"2019-05-20T17:38:32+00:00\",\"breadcrumb\":{\"@id\":\"https:\/\/explora.cl\/rmsuroriente\/participa-en-la-feria-cientifica-del-liceo-antonio-hermida-fabres\/#breadcrumb\"},\"inLanguage\":\"es-CL\",\"potentialAction\":[{\"@type\":\"ReadAction\",\"target\":[\"https:\/\/explora.cl\/rmsuroriente\/participa-en-la-feria-cientifica-del-liceo-antonio-hermida-fabres\/\"]}]},{\"@type\":\"ImageObject\",\"inLanguage\":\"es-CL\",\"@id\":\"https:\/\/explora.cl\/rmsuroriente\/participa-en-la-feria-cientifica-del-liceo-antonio-hermida-fabres\/#primaryimage\",\"url\":\"\",\"contentUrl\":\"\"},{\"@type\":\"BreadcrumbList\",\"@id\":\"https:\/\/explora.cl\/rmsuroriente\/participa-en-la-feria-cientifica-del-liceo-antonio-hermida-fabres\/#breadcrumb\",\"itemListElement\":[{\"@type\":\"ListItem\",\"position\":1,\"name\":\"Portada\",\"item\":\"https:\/\/explora.cl\/rmsuroriente\/\"},{\"@type\":\"ListItem\",\"position\":2,\"name\":\"Participa en la Feria Cient\u00edfica del Liceo Antonio Hermida Fabres\"}]},{\"@type\":\"WebSite\",\"@id\":\"https:\/\/explora.cl\/rmsuroriente\/#website\",\"url\":\"https:\/\/explora.cl\/rmsuroriente\/\",\"name\":\"RM Sur Oriente\",\"description\":\"Otro sitio m\u00e1s de explora.cl\",\"publisher\":{\"@id\":\"https:\/\/explora.cl\/rmsuroriente\/#organization\"},\"potentialAction\":[{\"@type\":\"SearchAction\",\"target\":{\"@type\":\"EntryPoint\",\"urlTemplate\":\"https:\/\/explora.cl\/rmsuroriente\/?s={search_term_string}\"},\"query-input\":{\"@type\":\"PropertyValueSpecification\",\"valueRequired\":true,\"valueName\":\"search_term_string\"}}],\"inLanguage\":\"es-CL\"},{\"@type\":\"Organization\",\"@id\":\"https:\/\/explora.cl\/rmsuroriente\/#organization\",\"name\":\"RM Sur Oriente\",\"url\":\"https:\/\/explora.cl\/rmsuroriente\/\",\"logo\":{\"@type\":\"ImageObject\",\"inLanguage\":\"es-CL\",\"@id\":\"https:\/\/explora.cl\/rmsuroriente\/#\/schema\/logo\/image\/\",\"url\":\"https:\/\/explora.cl\/rmsuroriente\/wp-content\/uploads\/sites\/12\/2025\/04\/cropped-LogoPAR_RMSO-Azul-UC.png\",\"contentUrl\":\"https:\/\/explora.cl\/rmsuroriente\/wp-content\/uploads\/sites\/12\/2025\/04\/cropped-LogoPAR_RMSO-Azul-UC.png\",\"width\":411,\"height\":409,\"caption\":\"RM Sur Oriente\"},\"image\":{\"@id\":\"https:\/\/explora.cl\/rmsuroriente\/#\/schema\/logo\/image\/\"}},{\"@type\":\"Person\",\"@id\":\"https:\/\/explora.cl\/rmsuroriente\/#\/schema\/person\/cb8349c13ea2d324080adf8480d7ba5d\",\"name\":\"webman\",\"image\":{\"@type\":\"ImageObject\",\"inLanguage\":\"es-CL\",\"@id\":\"https:\/\/explora.cl\/rmsuroriente\/#\/schema\/person\/image\/\",\"url\":\"https:\/\/secure.gravatar.com\/avatar\/eeff3c82f2c02f7177d13663b7e6f890e9a6a0647ce9bb29cae02dcb094c7312?s=96&d=mm&r=g\",\"contentUrl\":\"https:\/\/secure.gravatar.com\/avatar\/eeff3c82f2c02f7177d13663b7e6f890e9a6a0647ce9bb29cae02dcb094c7312?s=96&d=mm&r=g\",\"caption\":\"webman\"},\"url\":\"https:\/\/explora.cl\/rmsuroriente\/author\/webman\/\"}]}<\/script>\n<!-- \/ Yoast SEO plugin. -->","yoast_head_json":{"title":"Participa en la Feria Cient\u00edfica del Liceo Antonio Hermida Fabres - RM Sur Oriente","robots":{"index":"index","follow":"follow","max-snippet":"max-snippet:-1","max-image-preview":"max-image-preview:large","max-video-preview":"max-video-preview:-1"},"canonical":"https:\/\/explora.cl\/rmsuroriente\/participa-en-la-feria-cientifica-del-liceo-antonio-hermida-fabres\/","og_locale":"es_ES","og_type":"article","og_title":"Participa en la Feria Cient\u00edfica del Liceo Antonio Hermida Fabres - RM Sur Oriente","og_description":"El 24 de octubre entre las 9:30 y las 16:30 horas, se desarrollar\u00e1 la Feria Cient\u00edfica Interescolar Gigantes de la Ciencia \u00a0organizada por el Liceo Antonio Hermida Fabres, con apoyo del Proyecto EXPLORA CONICYT Regi\u00f3n Metropolitana Zona Sur Oriente, en las dependencias del establecimiento educacional. Esta actividad estar\u00e1 abierta a la participaci\u00f3n de otros colegios. [&hellip;]","og_url":"https:\/\/explora.cl\/rmsuroriente\/participa-en-la-feria-cientifica-del-liceo-antonio-hermida-fabres\/","og_site_name":"RM Sur Oriente","article_published_time":"2014-10-21T18:19:10+00:00","article_modified_time":"2019-05-20T17:38:32+00:00","author":"webman","twitter_card":"summary_large_image","twitter_misc":{"Escrito por":"webman","Tiempo estimado de lectura":"1 minuto"},"schema":{"@context":"https:\/\/schema.org","@graph":[{"@type":"Article","@id":"https:\/\/explora.cl\/rmsuroriente\/participa-en-la-feria-cientifica-del-liceo-antonio-hermida-fabres\/#article","isPartOf":{"@id":"https:\/\/explora.cl\/rmsuroriente\/participa-en-la-feria-cientifica-del-liceo-antonio-hermida-fabres\/"},"author":{"name":"webman","@id":"https:\/\/explora.cl\/rmsuroriente\/#\/schema\/person\/cb8349c13ea2d324080adf8480d7ba5d"},"headline":"Participa en la Feria Cient\u00edfica del Liceo Antonio Hermida Fabres","datePublished":"2014-10-21T18:19:10+00:00","dateModified":"2019-05-20T17:38:32+00:00","mainEntityOfPage":{"@id":"https:\/\/explora.cl\/rmsuroriente\/participa-en-la-feria-cientifica-del-liceo-antonio-hermida-fabres\/"},"wordCount":121,"publisher":{"@id":"https:\/\/explora.cl\/rmsuroriente\/#organization"},"image":{"@id":"https:\/\/explora.cl\/rmsuroriente\/participa-en-la-feria-cientifica-del-liceo-antonio-hermida-fabres\/#primaryimage"},"thumbnailUrl":"","articleSection":["Noticias"],"inLanguage":"es-CL"},{"@type":"WebPage","@id":"https:\/\/explora.cl\/rmsuroriente\/participa-en-la-feria-cientifica-del-liceo-antonio-hermida-fabres\/","url":"https:\/\/explora.cl\/rmsuroriente\/participa-en-la-feria-cientifica-del-liceo-antonio-hermida-fabres\/","name":"Participa en la Feria Cient\u00edfica del Liceo Antonio Hermida Fabres - RM Sur Oriente","isPartOf":{"@id":"https:\/\/explora.cl\/rmsuroriente\/#website"},"primaryImageOfPage":{"@id":"https:\/\/explora.cl\/rmsuroriente\/participa-en-la-feria-cientifica-del-liceo-antonio-hermida-fabres\/#primaryimage"},"image":{"@id":"https:\/\/explora.cl\/rmsuroriente\/participa-en-la-feria-cientifica-del-liceo-antonio-hermida-fabres\/#primaryimage"},"thumbnailUrl":"","datePublished":"2014-10-21T18:19:10+00:00","dateModified":"2019-05-20T17:38:32+00:00","breadcrumb":{"@id":"https:\/\/explora.cl\/rmsuroriente\/participa-en-la-feria-cientifica-del-liceo-antonio-hermida-fabres\/#breadcrumb"},"inLanguage":"es-CL","potentialAction":[{"@type":"ReadAction","target":["https:\/\/explora.cl\/rmsuroriente\/participa-en-la-feria-cientifica-del-liceo-antonio-hermida-fabres\/"]}]},{"@type":"ImageObject","inLanguage":"es-CL","@id":"https:\/\/explora.cl\/rmsuroriente\/participa-en-la-feria-cientifica-del-liceo-antonio-hermida-fabres\/#primaryimage","url":"","contentUrl":""},{"@type":"BreadcrumbList","@id":"https:\/\/explora.cl\/rmsuroriente\/participa-en-la-feria-cientifica-del-liceo-antonio-hermida-fabres\/#breadcrumb","itemListElement":[{"@type":"ListItem","position":1,"name":"Portada","item":"https:\/\/explora.cl\/rmsuroriente\/"},{"@type":"ListItem","position":2,"name":"Participa en la Feria Cient\u00edfica del Liceo Antonio Hermida Fabres"}]},{"@type":"WebSite","@id":"https:\/\/explora.cl\/rmsuroriente\/#website","url":"https:\/\/explora.cl\/rmsuroriente\/","name":"RM Sur Oriente","description":"Otro sitio m\u00e1s de explora.cl","publisher":{"@id":"https:\/\/explora.cl\/rmsuroriente\/#organization"},"potentialAction":[{"@type":"SearchAction","target":{"@type":"EntryPoint","urlTemplate":"https:\/\/explora.cl\/rmsuroriente\/?s={search_term_string}"},"query-input":{"@type":"PropertyValueSpecification","valueRequired":true,"valueName":"search_term_string"}}],"inLanguage":"es-CL"},{"@type":"Organization","@id":"https:\/\/explora.cl\/rmsuroriente\/#organization","name":"RM Sur Oriente","url":"https:\/\/explora.cl\/rmsuroriente\/","logo":{"@type":"ImageObject","inLanguage":"es-CL","@id":"https:\/\/explora.cl\/rmsuroriente\/#\/schema\/logo\/image\/","url":"https:\/\/explora.cl\/rmsuroriente\/wp-content\/uploads\/sites\/12\/2025\/04\/cropped-LogoPAR_RMSO-Azul-UC.png","contentUrl":"https:\/\/explora.cl\/rmsuroriente\/wp-content\/uploads\/sites\/12\/2025\/04\/cropped-LogoPAR_RMSO-Azul-UC.png","width":411,"height":409,"caption":"RM Sur Oriente"},"image":{"@id":"https:\/\/explora.cl\/rmsuroriente\/#\/schema\/logo\/image\/"}},{"@type":"Person","@id":"https:\/\/explora.cl\/rmsuroriente\/#\/schema\/person\/cb8349c13ea2d324080adf8480d7ba5d","name":"webman","image":{"@type":"ImageObject","inLanguage":"es-CL","@id":"https:\/\/explora.cl\/rmsuroriente\/#\/schema\/person\/image\/","url":"https:\/\/secure.gravatar.com\/avatar\/eeff3c82f2c02f7177d13663b7e6f890e9a6a0647ce9bb29cae02dcb094c7312?s=96&d=mm&r=g","contentUrl":"https:\/\/secure.gravatar.com\/avatar\/eeff3c82f2c02f7177d13663b7e6f890e9a6a0647ce9bb29cae02dcb094c7312?s=96&d=mm&r=g","caption":"webman"},"url":"https:\/\/explora.cl\/rmsuroriente\/author\/webman\/"}]}},"_links":{"self":[{"href":"https:\/\/explora.cl\/rmsuroriente\/wp-json\/wp\/v2\/posts\/1244","targetHints":{"allow":["GET"]}}],"collection":[{"href":"https:\/\/explora.cl\/rmsuroriente\/wp-json\/wp\/v2\/posts"}],"about":[{"href":"https:\/\/explora.cl\/rmsuroriente\/wp-json\/wp\/v2\/types\/post"}],"author":[{"embeddable":true,"href":"https:\/\/explora.cl\/rmsuroriente\/wp-json\/wp\/v2\/users\/2"}],"replies":[{"embeddable":true,"href":"https:\/\/explora.cl\/rmsuroriente\/wp-json\/wp\/v2\/comments?post=1244"}],"version-history":[{"count":1,"href":"https:\/\/explora.cl\/rmsuroriente\/wp-json\/wp\/v2\/posts\/1244\/revisions"}],"predecessor-version":[{"id":38211,"href":"https:\/\/explora.cl\/rmsuroriente\/wp-json\/wp\/v2\/posts\/1244\/revisions\/38211"}],"wp:featuredmedia":[{"embeddable":true,"href":"https:\/\/explora.cl\/rmsuroriente\/wp-json\/"}],"wp:attachment":[{"href":"https:\/\/explora.cl\/rmsuroriente\/wp-json\/wp\/v2\/media?parent=1244"}],"wp:term":[{"taxonomy":"category","embeddable":true,"href":"https:\/\/explora.cl\/rmsuroriente\/wp-json\/wp\/v2\/categories?post=1244"},{"taxonomy":"post_tag","embeddable":true,"href":"https:\/\/explora.cl\/rmsuroriente\/wp-json\/wp\/v2\/tags?post=1244"}],"curies":[{"name":"wp","href":"https:\/\/api.w.org\/{rel}","templated":true}]}}