{"id":1240,"date":"2014-10-22T20:19:58","date_gmt":"2014-10-22T20:19:58","guid":{"rendered":"https:\/\/explora.cl\/rmsuroriente\/blog\/2014\/10\/22\/charla-de-marcelo-lagos-inaugura-el-congreso-regional-escolar-de-ciencia-y-tecnologia-1\/"},"modified":"2019-05-20T17:38:31","modified_gmt":"2019-05-20T17:38:31","slug":"charla-de-marcelo-lagos-inaugura-el-congreso-regional-escolar-de-ciencia-y-tecnologia-1","status":"publish","type":"post","link":"https:\/\/explora.cl\/rmsuroriente\/charla-de-marcelo-lagos-inaugura-el-congreso-regional-escolar-de-ciencia-y-tecnologia-1\/","title":{"rendered":"Charla de Marcelo Lagos inaugura el Congreso Regional Escolar de Ciencia y Tecnolog\u00eda"},"content":{"rendered":"<p><img fetchpriority=\"high\" decoding=\"async\" class=\" size-full wp-image-6460\" src=\"http:\/\/ec2-34-218-253-251.us-west-2.compute.amazonaws.com\/wp-content\/uploads\/2014\/10\/b5ff06a85118369756b7af43e231daf4.jpg\" alt=\"\" width=\"640\" height=\"444\" \/><\/p>\n<p style=\"text-align: justify\">La novena versi\u00f3n de este certamen, que re\u00fane a estudiantes de diversos establecimientos de la Regi\u00f3n Metropolitana, se inici\u00f3 con una distendida exposici\u00f3n del medi\u00e1tico ge\u00f3grafo, quien destac\u00f3 la importancia de la divulgaci\u00f3n a la hora de hacer ciencia.<\/p>\n<p style=\"text-align: justify\">En el auditorio de la Facultad de Educaci\u00f3n de la Pontificia Universidad Cat\u00f3lica de Chile se desarroll\u00f3, este mi\u00e9rcoles 22 de octubre, la jornada inaugural del IX Congreso Regional Escolar de Ciencia y Tecnolog\u00eda organizado por el Programa EXPLORA CONICYT.<br \/>\u00a0<br \/>El decano de la Facultad, Dr. Cristi\u00e1n Cox, fue el encargado de dar la bienvenida a las y los estudiantes participantes del evento, se\u00f1alando en su intervenci\u00f3n que la educaci\u00f3n es: \u201cun di\u00e1logo entre dos generaciones en el que, para que funcione bien en esta sociedad del conocimiento, se requiere de la cooperaci\u00f3n, el acuerdo, la construcci\u00f3n entre muchos y lo que en estos d\u00edas del Congreso EXPLORA culmina, cuaja y se condensa, es justamente un esfuerzo en el que participan distintos actores\u201d.<\/p>\n<p>A continuaci\u00f3n fue el turno de Marianela Velasco, Directora (s) del Programa EXPLORA CONICYT, quien destac\u00f3 en sus palabras la importancia de compartir experiencias durante la labor cient\u00edfica: \u201ccon la presencia de ustedes ac\u00e1 y al compartir en esta instancia, tambi\u00e9n tienen la posibilidad de competir y compararse con otros, en la mejor de las acepciones, de ver qu\u00e9 est\u00e1 haciendo el otro y cuan valioso es, qu\u00e9 tengo yo y como lo he desarrollado en comparaci\u00f3n con los dem\u00e1s, que nos falta por lograr, para as\u00ed ir perfeccion\u00e1ndonos\u201d.<\/p>\n<p>Finalmente fue el turno del Dr. Marcelo Lagos, quien inici\u00f3 su exposici\u00f3n se\u00f1alando lo mucho que le gusta como cient\u00edfico este tipo de instancias, ya que a trav\u00e9s de los congresos cient\u00edficos se puede conocer y compartir en un ambiente de compa\u00f1erismo con personas que tienen los mismos intereses.<\/p>\n<p>Durante su charla, Marcelo Lagos se concentr\u00f3 en transmitirles a las y los estudiantes la pasi\u00f3n con la que se enfrenta a su quehacer, conjugando en su cotidianeidad hobby y trabajo, se\u00f1alando como durante su vida fue simplemente sistematizando una curiosidad que ya tra\u00eda.<\/p>\n<p>Un aspecto relevante durante la exposici\u00f3n fue el \u00e9nfasis que dio a la divulgaci\u00f3n del conocimiento cient\u00edfico y como este debe estar al servicio de la sociedad, buscando permanentemente el bienestar com\u00fan de sus individuos. Esto graficado puntualmente en su materia de estudio, terremotos y tsunamis, y la importancia de la educaci\u00f3n de la poblaci\u00f3n y de las autoridades en esta materia, que permita adelantarse a las cat\u00e1strofes y aprender de los errores.<\/p>\n<p>La actividad re\u00fane a los 39 proyectos mejor evaluados de la Regi\u00f3n Metropolitana, provenientes de establecimientos municipalizados, subvencionados y particulares \u00a0de 26 comunas de la regi\u00f3n. La iniciativa busca incentivar y socializar las investigaciones cient\u00edficas y desarrollos tecnol\u00f3gicos escolares, fomentando la cultura cient\u00edfica y la apropiaci\u00f3n de los beneficios de la Ciencia y Tecnolog\u00eda, por parte de ni\u00f1os, ni\u00f1as y j\u00f3venes.<\/p>\n<p>El certamen es organizado por los PAR EXPLORA RM Norte, Sur Oriente y Sur Poniente y tiene contemplado durante esta jornada la revisi\u00f3n de los trabajos participantes por parte del comit\u00e9 cient\u00edfico evaluador, en las instancias de presentaci\u00f3n oral y en stand.<\/p>\n<p>La ceremonia de clausura est\u00e1 programada para el d\u00eda jueves 23 de octubre a las 11:30 horas en la Facultad de Educaci\u00f3n de la PUC.<\/p>\n<p>\u00a0<span style=\"text-decoration: underline\"><br \/><strong>IX Congreso Regional Escolar de Ciencia y Tecnolog\u00eda<\/strong><\/span><br \/>Fecha: mi\u00e9rcoles 22 y jueves 23 de octubre.<br \/>Horario: mi\u00e9rcoles de 09:00 a 18:00 horas.<br \/>\u00a0\u00a0 \u00a0 \u00a0 \u00a0 \u00a0\u00a0 jueves de 09:00 a 13:30 horas.<br \/>Ceremonia de clausura: 11:30 horas.<br \/>Lugar: Campus San Joaqu\u00edn, Pontificia Universidad Cat\u00f3lica de Chile.<\/p>\n","protected":false},"excerpt":{"rendered":"<p>La novena versi\u00f3n de este certamen, que re\u00fane a estudiantes de diversos establecimientos de la Regi\u00f3n Metropolitana, se inici\u00f3 con una distendida exposici\u00f3n del medi\u00e1tico ge\u00f3grafo, quien destac\u00f3 la importancia de la divulgaci\u00f3n a la hora de hacer ciencia. En el auditorio de la Facultad de Educaci\u00f3n de la Pontificia Universidad Cat\u00f3lica de Chile se [&hellip;]<\/p>\n","protected":false},"author":2,"featured_media":6460,"comment_status":"closed","ping_status":"open","sticky":false,"template":"","format":"standard","meta":{"_acf_changed":false,"_exactmetrics_skip_tracking":false,"_exactmetrics_sitenote_active":false,"_exactmetrics_sitenote_note":"","_exactmetrics_sitenote_category":0,"footnotes":"","_links_to":"","_links_to_target":""},"categories":[4],"tags":[],"class_list":["post-1240","post","type-post","status-publish","format-standard","has-post-thumbnail","hentry","category-noticias"],"acf":[],"yoast_head":"<!-- This site is optimized with the Yoast SEO plugin v26.9 - https:\/\/yoast.com\/product\/yoast-seo-wordpress\/ -->\n<title>Charla de Marcelo Lagos inaugura el Congreso Regional Escolar de Ciencia y Tecnolog\u00eda - RM Sur Oriente<\/title>\n<meta name=\"robots\" content=\"index, follow, max-snippet:-1, max-image-preview:large, max-video-preview:-1\" \/>\n<link rel=\"canonical\" href=\"https:\/\/explora.cl\/rmsuroriente\/charla-de-marcelo-lagos-inaugura-el-congreso-regional-escolar-de-ciencia-y-tecnologia-1\/\" class=\"yoast-seo-meta-tag\" \/>\n<meta property=\"og:locale\" content=\"es_ES\" class=\"yoast-seo-meta-tag\" \/>\n<meta property=\"og:type\" content=\"article\" class=\"yoast-seo-meta-tag\" \/>\n<meta property=\"og:title\" content=\"Charla de Marcelo Lagos inaugura el Congreso Regional Escolar de Ciencia y Tecnolog\u00eda - RM Sur Oriente\" class=\"yoast-seo-meta-tag\" \/>\n<meta property=\"og:description\" content=\"La novena versi\u00f3n de este certamen, que re\u00fane a estudiantes de diversos establecimientos de la Regi\u00f3n Metropolitana, se inici\u00f3 con una distendida exposici\u00f3n del medi\u00e1tico ge\u00f3grafo, quien destac\u00f3 la importancia de la divulgaci\u00f3n a la hora de hacer ciencia. En el auditorio de la Facultad de Educaci\u00f3n de la Pontificia Universidad Cat\u00f3lica de Chile se [&hellip;]\" class=\"yoast-seo-meta-tag\" \/>\n<meta property=\"og:url\" content=\"https:\/\/explora.cl\/rmsuroriente\/charla-de-marcelo-lagos-inaugura-el-congreso-regional-escolar-de-ciencia-y-tecnologia-1\/\" class=\"yoast-seo-meta-tag\" \/>\n<meta property=\"og:site_name\" content=\"RM Sur Oriente\" class=\"yoast-seo-meta-tag\" \/>\n<meta property=\"article:published_time\" content=\"2014-10-22T20:19:58+00:00\" class=\"yoast-seo-meta-tag\" \/>\n<meta property=\"article:modified_time\" content=\"2019-05-20T17:38:31+00:00\" class=\"yoast-seo-meta-tag\" \/>\n<meta name=\"author\" content=\"webman\" class=\"yoast-seo-meta-tag\" \/>\n<meta name=\"twitter:card\" content=\"summary_large_image\" class=\"yoast-seo-meta-tag\" \/>\n<meta name=\"twitter:label1\" content=\"Escrito por\" class=\"yoast-seo-meta-tag\" \/>\n\t<meta name=\"twitter:data1\" content=\"webman\" class=\"yoast-seo-meta-tag\" \/>\n\t<meta name=\"twitter:label2\" content=\"Tiempo estimado de lectura\" class=\"yoast-seo-meta-tag\" \/>\n\t<meta name=\"twitter:data2\" content=\"3 minutos\" class=\"yoast-seo-meta-tag\" \/>\n<script type=\"application\/ld+json\" class=\"yoast-schema-graph\">{\"@context\":\"https:\/\/schema.org\",\"@graph\":[{\"@type\":\"Article\",\"@id\":\"https:\/\/explora.cl\/rmsuroriente\/charla-de-marcelo-lagos-inaugura-el-congreso-regional-escolar-de-ciencia-y-tecnologia-1\/#article\",\"isPartOf\":{\"@id\":\"https:\/\/explora.cl\/rmsuroriente\/charla-de-marcelo-lagos-inaugura-el-congreso-regional-escolar-de-ciencia-y-tecnologia-1\/\"},\"author\":{\"name\":\"webman\",\"@id\":\"https:\/\/explora.cl\/rmsuroriente\/#\/schema\/person\/cb8349c13ea2d324080adf8480d7ba5d\"},\"headline\":\"Charla de Marcelo Lagos inaugura el Congreso Regional Escolar de Ciencia y Tecnolog\u00eda\",\"datePublished\":\"2014-10-22T20:19:58+00:00\",\"dateModified\":\"2019-05-20T17:38:31+00:00\",\"mainEntityOfPage\":{\"@id\":\"https:\/\/explora.cl\/rmsuroriente\/charla-de-marcelo-lagos-inaugura-el-congreso-regional-escolar-de-ciencia-y-tecnologia-1\/\"},\"wordCount\":652,\"publisher\":{\"@id\":\"https:\/\/explora.cl\/rmsuroriente\/#organization\"},\"image\":{\"@id\":\"https:\/\/explora.cl\/rmsuroriente\/charla-de-marcelo-lagos-inaugura-el-congreso-regional-escolar-de-ciencia-y-tecnologia-1\/#primaryimage\"},\"thumbnailUrl\":\"\",\"articleSection\":[\"Noticias\"],\"inLanguage\":\"es-CL\"},{\"@type\":\"WebPage\",\"@id\":\"https:\/\/explora.cl\/rmsuroriente\/charla-de-marcelo-lagos-inaugura-el-congreso-regional-escolar-de-ciencia-y-tecnologia-1\/\",\"url\":\"https:\/\/explora.cl\/rmsuroriente\/charla-de-marcelo-lagos-inaugura-el-congreso-regional-escolar-de-ciencia-y-tecnologia-1\/\",\"name\":\"Charla de Marcelo Lagos inaugura el Congreso Regional Escolar de Ciencia y Tecnolog\u00eda - RM Sur Oriente\",\"isPartOf\":{\"@id\":\"https:\/\/explora.cl\/rmsuroriente\/#website\"},\"primaryImageOfPage\":{\"@id\":\"https:\/\/explora.cl\/rmsuroriente\/charla-de-marcelo-lagos-inaugura-el-congreso-regional-escolar-de-ciencia-y-tecnologia-1\/#primaryimage\"},\"image\":{\"@id\":\"https:\/\/explora.cl\/rmsuroriente\/charla-de-marcelo-lagos-inaugura-el-congreso-regional-escolar-de-ciencia-y-tecnologia-1\/#primaryimage\"},\"thumbnailUrl\":\"\",\"datePublished\":\"2014-10-22T20:19:58+00:00\",\"dateModified\":\"2019-05-20T17:38:31+00:00\",\"breadcrumb\":{\"@id\":\"https:\/\/explora.cl\/rmsuroriente\/charla-de-marcelo-lagos-inaugura-el-congreso-regional-escolar-de-ciencia-y-tecnologia-1\/#breadcrumb\"},\"inLanguage\":\"es-CL\",\"potentialAction\":[{\"@type\":\"ReadAction\",\"target\":[\"https:\/\/explora.cl\/rmsuroriente\/charla-de-marcelo-lagos-inaugura-el-congreso-regional-escolar-de-ciencia-y-tecnologia-1\/\"]}]},{\"@type\":\"ImageObject\",\"inLanguage\":\"es-CL\",\"@id\":\"https:\/\/explora.cl\/rmsuroriente\/charla-de-marcelo-lagos-inaugura-el-congreso-regional-escolar-de-ciencia-y-tecnologia-1\/#primaryimage\",\"url\":\"\",\"contentUrl\":\"\"},{\"@type\":\"BreadcrumbList\",\"@id\":\"https:\/\/explora.cl\/rmsuroriente\/charla-de-marcelo-lagos-inaugura-el-congreso-regional-escolar-de-ciencia-y-tecnologia-1\/#breadcrumb\",\"itemListElement\":[{\"@type\":\"ListItem\",\"position\":1,\"name\":\"Portada\",\"item\":\"https:\/\/explora.cl\/rmsuroriente\/\"},{\"@type\":\"ListItem\",\"position\":2,\"name\":\"Charla de Marcelo Lagos inaugura el Congreso Regional Escolar de Ciencia y Tecnolog\u00eda\"}]},{\"@type\":\"WebSite\",\"@id\":\"https:\/\/explora.cl\/rmsuroriente\/#website\",\"url\":\"https:\/\/explora.cl\/rmsuroriente\/\",\"name\":\"RM Sur Oriente\",\"description\":\"Otro sitio m\u00e1s de explora.cl\",\"publisher\":{\"@id\":\"https:\/\/explora.cl\/rmsuroriente\/#organization\"},\"potentialAction\":[{\"@type\":\"SearchAction\",\"target\":{\"@type\":\"EntryPoint\",\"urlTemplate\":\"https:\/\/explora.cl\/rmsuroriente\/?s={search_term_string}\"},\"query-input\":{\"@type\":\"PropertyValueSpecification\",\"valueRequired\":true,\"valueName\":\"search_term_string\"}}],\"inLanguage\":\"es-CL\"},{\"@type\":\"Organization\",\"@id\":\"https:\/\/explora.cl\/rmsuroriente\/#organization\",\"name\":\"RM Sur Oriente\",\"url\":\"https:\/\/explora.cl\/rmsuroriente\/\",\"logo\":{\"@type\":\"ImageObject\",\"inLanguage\":\"es-CL\",\"@id\":\"https:\/\/explora.cl\/rmsuroriente\/#\/schema\/logo\/image\/\",\"url\":\"https:\/\/explora.cl\/rmsuroriente\/wp-content\/uploads\/sites\/12\/2025\/04\/cropped-LogoPAR_RMSO-Azul-UC.png\",\"contentUrl\":\"https:\/\/explora.cl\/rmsuroriente\/wp-content\/uploads\/sites\/12\/2025\/04\/cropped-LogoPAR_RMSO-Azul-UC.png\",\"width\":411,\"height\":409,\"caption\":\"RM Sur Oriente\"},\"image\":{\"@id\":\"https:\/\/explora.cl\/rmsuroriente\/#\/schema\/logo\/image\/\"}},{\"@type\":\"Person\",\"@id\":\"https:\/\/explora.cl\/rmsuroriente\/#\/schema\/person\/cb8349c13ea2d324080adf8480d7ba5d\",\"name\":\"webman\",\"image\":{\"@type\":\"ImageObject\",\"inLanguage\":\"es-CL\",\"@id\":\"https:\/\/explora.cl\/rmsuroriente\/#\/schema\/person\/image\/\",\"url\":\"https:\/\/secure.gravatar.com\/avatar\/eeff3c82f2c02f7177d13663b7e6f890e9a6a0647ce9bb29cae02dcb094c7312?s=96&d=mm&r=g\",\"contentUrl\":\"https:\/\/secure.gravatar.com\/avatar\/eeff3c82f2c02f7177d13663b7e6f890e9a6a0647ce9bb29cae02dcb094c7312?s=96&d=mm&r=g\",\"caption\":\"webman\"},\"url\":\"https:\/\/explora.cl\/rmsuroriente\/author\/webman\/\"}]}<\/script>\n<!-- \/ Yoast SEO plugin. -->","yoast_head_json":{"title":"Charla de Marcelo Lagos inaugura el Congreso Regional Escolar de Ciencia y Tecnolog\u00eda - RM Sur Oriente","robots":{"index":"index","follow":"follow","max-snippet":"max-snippet:-1","max-image-preview":"max-image-preview:large","max-video-preview":"max-video-preview:-1"},"canonical":"https:\/\/explora.cl\/rmsuroriente\/charla-de-marcelo-lagos-inaugura-el-congreso-regional-escolar-de-ciencia-y-tecnologia-1\/","og_locale":"es_ES","og_type":"article","og_title":"Charla de Marcelo Lagos inaugura el Congreso Regional Escolar de Ciencia y Tecnolog\u00eda - RM Sur Oriente","og_description":"La novena versi\u00f3n de este certamen, que re\u00fane a estudiantes de diversos establecimientos de la Regi\u00f3n Metropolitana, se inici\u00f3 con una distendida exposici\u00f3n del medi\u00e1tico ge\u00f3grafo, quien destac\u00f3 la importancia de la divulgaci\u00f3n a la hora de hacer ciencia. En el auditorio de la Facultad de Educaci\u00f3n de la Pontificia Universidad Cat\u00f3lica de Chile se [&hellip;]","og_url":"https:\/\/explora.cl\/rmsuroriente\/charla-de-marcelo-lagos-inaugura-el-congreso-regional-escolar-de-ciencia-y-tecnologia-1\/","og_site_name":"RM Sur Oriente","article_published_time":"2014-10-22T20:19:58+00:00","article_modified_time":"2019-05-20T17:38:31+00:00","author":"webman","twitter_card":"summary_large_image","twitter_misc":{"Escrito por":"webman","Tiempo estimado de lectura":"3 minutos"},"schema":{"@context":"https:\/\/schema.org","@graph":[{"@type":"Article","@id":"https:\/\/explora.cl\/rmsuroriente\/charla-de-marcelo-lagos-inaugura-el-congreso-regional-escolar-de-ciencia-y-tecnologia-1\/#article","isPartOf":{"@id":"https:\/\/explora.cl\/rmsuroriente\/charla-de-marcelo-lagos-inaugura-el-congreso-regional-escolar-de-ciencia-y-tecnologia-1\/"},"author":{"name":"webman","@id":"https:\/\/explora.cl\/rmsuroriente\/#\/schema\/person\/cb8349c13ea2d324080adf8480d7ba5d"},"headline":"Charla de Marcelo Lagos inaugura el Congreso Regional Escolar de Ciencia y Tecnolog\u00eda","datePublished":"2014-10-22T20:19:58+00:00","dateModified":"2019-05-20T17:38:31+00:00","mainEntityOfPage":{"@id":"https:\/\/explora.cl\/rmsuroriente\/charla-de-marcelo-lagos-inaugura-el-congreso-regional-escolar-de-ciencia-y-tecnologia-1\/"},"wordCount":652,"publisher":{"@id":"https:\/\/explora.cl\/rmsuroriente\/#organization"},"image":{"@id":"https:\/\/explora.cl\/rmsuroriente\/charla-de-marcelo-lagos-inaugura-el-congreso-regional-escolar-de-ciencia-y-tecnologia-1\/#primaryimage"},"thumbnailUrl":"","articleSection":["Noticias"],"inLanguage":"es-CL"},{"@type":"WebPage","@id":"https:\/\/explora.cl\/rmsuroriente\/charla-de-marcelo-lagos-inaugura-el-congreso-regional-escolar-de-ciencia-y-tecnologia-1\/","url":"https:\/\/explora.cl\/rmsuroriente\/charla-de-marcelo-lagos-inaugura-el-congreso-regional-escolar-de-ciencia-y-tecnologia-1\/","name":"Charla de Marcelo Lagos inaugura el Congreso Regional Escolar de Ciencia y Tecnolog\u00eda - RM Sur Oriente","isPartOf":{"@id":"https:\/\/explora.cl\/rmsuroriente\/#website"},"primaryImageOfPage":{"@id":"https:\/\/explora.cl\/rmsuroriente\/charla-de-marcelo-lagos-inaugura-el-congreso-regional-escolar-de-ciencia-y-tecnologia-1\/#primaryimage"},"image":{"@id":"https:\/\/explora.cl\/rmsuroriente\/charla-de-marcelo-lagos-inaugura-el-congreso-regional-escolar-de-ciencia-y-tecnologia-1\/#primaryimage"},"thumbnailUrl":"","datePublished":"2014-10-22T20:19:58+00:00","dateModified":"2019-05-20T17:38:31+00:00","breadcrumb":{"@id":"https:\/\/explora.cl\/rmsuroriente\/charla-de-marcelo-lagos-inaugura-el-congreso-regional-escolar-de-ciencia-y-tecnologia-1\/#breadcrumb"},"inLanguage":"es-CL","potentialAction":[{"@type":"ReadAction","target":["https:\/\/explora.cl\/rmsuroriente\/charla-de-marcelo-lagos-inaugura-el-congreso-regional-escolar-de-ciencia-y-tecnologia-1\/"]}]},{"@type":"ImageObject","inLanguage":"es-CL","@id":"https:\/\/explora.cl\/rmsuroriente\/charla-de-marcelo-lagos-inaugura-el-congreso-regional-escolar-de-ciencia-y-tecnologia-1\/#primaryimage","url":"","contentUrl":""},{"@type":"BreadcrumbList","@id":"https:\/\/explora.cl\/rmsuroriente\/charla-de-marcelo-lagos-inaugura-el-congreso-regional-escolar-de-ciencia-y-tecnologia-1\/#breadcrumb","itemListElement":[{"@type":"ListItem","position":1,"name":"Portada","item":"https:\/\/explora.cl\/rmsuroriente\/"},{"@type":"ListItem","position":2,"name":"Charla de Marcelo Lagos inaugura el Congreso Regional Escolar de Ciencia y Tecnolog\u00eda"}]},{"@type":"WebSite","@id":"https:\/\/explora.cl\/rmsuroriente\/#website","url":"https:\/\/explora.cl\/rmsuroriente\/","name":"RM Sur Oriente","description":"Otro sitio m\u00e1s de explora.cl","publisher":{"@id":"https:\/\/explora.cl\/rmsuroriente\/#organization"},"potentialAction":[{"@type":"SearchAction","target":{"@type":"EntryPoint","urlTemplate":"https:\/\/explora.cl\/rmsuroriente\/?s={search_term_string}"},"query-input":{"@type":"PropertyValueSpecification","valueRequired":true,"valueName":"search_term_string"}}],"inLanguage":"es-CL"},{"@type":"Organization","@id":"https:\/\/explora.cl\/rmsuroriente\/#organization","name":"RM Sur Oriente","url":"https:\/\/explora.cl\/rmsuroriente\/","logo":{"@type":"ImageObject","inLanguage":"es-CL","@id":"https:\/\/explora.cl\/rmsuroriente\/#\/schema\/logo\/image\/","url":"https:\/\/explora.cl\/rmsuroriente\/wp-content\/uploads\/sites\/12\/2025\/04\/cropped-LogoPAR_RMSO-Azul-UC.png","contentUrl":"https:\/\/explora.cl\/rmsuroriente\/wp-content\/uploads\/sites\/12\/2025\/04\/cropped-LogoPAR_RMSO-Azul-UC.png","width":411,"height":409,"caption":"RM Sur Oriente"},"image":{"@id":"https:\/\/explora.cl\/rmsuroriente\/#\/schema\/logo\/image\/"}},{"@type":"Person","@id":"https:\/\/explora.cl\/rmsuroriente\/#\/schema\/person\/cb8349c13ea2d324080adf8480d7ba5d","name":"webman","image":{"@type":"ImageObject","inLanguage":"es-CL","@id":"https:\/\/explora.cl\/rmsuroriente\/#\/schema\/person\/image\/","url":"https:\/\/secure.gravatar.com\/avatar\/eeff3c82f2c02f7177d13663b7e6f890e9a6a0647ce9bb29cae02dcb094c7312?s=96&d=mm&r=g","contentUrl":"https:\/\/secure.gravatar.com\/avatar\/eeff3c82f2c02f7177d13663b7e6f890e9a6a0647ce9bb29cae02dcb094c7312?s=96&d=mm&r=g","caption":"webman"},"url":"https:\/\/explora.cl\/rmsuroriente\/author\/webman\/"}]}},"_links":{"self":[{"href":"https:\/\/explora.cl\/rmsuroriente\/wp-json\/wp\/v2\/posts\/1240","targetHints":{"allow":["GET"]}}],"collection":[{"href":"https:\/\/explora.cl\/rmsuroriente\/wp-json\/wp\/v2\/posts"}],"about":[{"href":"https:\/\/explora.cl\/rmsuroriente\/wp-json\/wp\/v2\/types\/post"}],"author":[{"embeddable":true,"href":"https:\/\/explora.cl\/rmsuroriente\/wp-json\/wp\/v2\/users\/2"}],"replies":[{"embeddable":true,"href":"https:\/\/explora.cl\/rmsuroriente\/wp-json\/wp\/v2\/comments?post=1240"}],"version-history":[{"count":1,"href":"https:\/\/explora.cl\/rmsuroriente\/wp-json\/wp\/v2\/posts\/1240\/revisions"}],"predecessor-version":[{"id":38209,"href":"https:\/\/explora.cl\/rmsuroriente\/wp-json\/wp\/v2\/posts\/1240\/revisions\/38209"}],"wp:featuredmedia":[{"embeddable":true,"href":"https:\/\/explora.cl\/rmsuroriente\/wp-json\/"}],"wp:attachment":[{"href":"https:\/\/explora.cl\/rmsuroriente\/wp-json\/wp\/v2\/media?parent=1240"}],"wp:term":[{"taxonomy":"category","embeddable":true,"href":"https:\/\/explora.cl\/rmsuroriente\/wp-json\/wp\/v2\/categories?post=1240"},{"taxonomy":"post_tag","embeddable":true,"href":"https:\/\/explora.cl\/rmsuroriente\/wp-json\/wp\/v2\/tags?post=1240"}],"curies":[{"name":"wp","href":"https:\/\/api.w.org\/{rel}","templated":true}]}}