{"id":1238,"date":"2014-10-23T20:59:16","date_gmt":"2014-10-23T20:59:16","guid":{"rendered":"https:\/\/explora.cl\/rmsuroriente\/blog\/2014\/10\/23\/colegio-obispo-alvear-realizo-por-primera-vez-feria-cientifica-interescolar\/"},"modified":"2019-05-20T17:38:31","modified_gmt":"2019-05-20T17:38:31","slug":"colegio-obispo-alvear-realizo-por-primera-vez-feria-cientifica-interescolar","status":"publish","type":"post","link":"https:\/\/explora.cl\/rmsuroriente\/colegio-obispo-alvear-realizo-por-primera-vez-feria-cientifica-interescolar\/","title":{"rendered":"Colegio Obispo Alvear realiz\u00f3 por primera vez Feria Cient\u00edfica Interescolar"},"content":{"rendered":"<p><img fetchpriority=\"high\" decoding=\"async\" class=\" size-full wp-image-6488\" src=\"http:\/\/ec2-34-218-253-251.us-west-2.compute.amazonaws.com\/wp-content\/uploads\/2014\/10\/52471a78b8a2a48c90c8c9b034d1d945.jpg\" alt=\"\" width=\"1013\" height=\"760\" \/><\/p>\n<p style=\"text-align: justify\">Este jueves 16 de octubre se llev\u00f3 a cabo la I Feria Cient\u00edfica Interescolar Colegio Obispo Alvear en la comuna de Puente Alto, una actividad que tiene por objetivo principal fomentar la investigaci\u00f3n escolar entre estudiantes y docentes.<\/p>\n<p style=\"text-align: justify\"><span style=\"font-size: 11.8181819915771px;line-height: 1.3em\">Presentaciones denominadas Energ\u00eda en Movimiento, Tornado de Agua y Fuego, Maduraci\u00f3n por Energ\u00eda Lum\u00ednica y Fuego Instant\u00e1neo, fueron algunos de los atractivos proyectos que se dieron a conocer en esta novedosa feria cient\u00edfica, que cont\u00f3 con 25 stands ubicados en el gimnasio del establecimiento.<\/span><\/p>\n<p style=\"text-align: justify\">\u201cLos que buscamos ac\u00e1 es se que entusiasmen con el conocimiento de la ciencia, especialmente los alumnos de primero y segundo medio, fuertemente los de segundo, donde hay varios grupos, por la elecci\u00f3n que tienen que hacer en noviembre por los diferenciados. Lograr eso, un entusiasmo y que se establezcan grupos de investigaci\u00f3n el pr\u00f3ximo a\u00f1o, que sea una plataforma para un desarrollo m\u00e1s profundo\u201d, afirm\u00f3 Luiggi L\u00f3pez, profesor de F\u00edsica y coordinador de la feria.<\/p>\n<p style=\"text-align: justify\">Esta fue una actividad organizada por el Colegio Obispo Alvear con apoyo del PAR EXPLORA RM Zona Sur Oriente, y que estaba abierta a la participaci\u00f3n de otros colegios en la competencia de proyectos. Ejemplo de esto fue el Colegio Emprender Larapinta de la comuna de Lampa,\u00a0 que lleg\u00f3 hasta las dependencias del establecimiento con la muestra denominada \u201cCohete a Combusti\u00f3n\u201d. \u00a0<\/p>\n<p style=\"text-align: justify\">La competencia se dividi\u00f3 en dos grupos, Emprendedores que inclu\u00eda a los alumnos de\u00a0 s\u00e9ptimo b\u00e1sico a primero medio, e Innovadores de segundo a cuarto medio, donde obtuvieron premiaci\u00f3n los tres primeros lugares de cada categor\u00eda.<\/p>\n<p style=\"text-align: justify\">A continuaci\u00f3n la lista de los stands ganadores de la actividad:<\/p>\n<p style=\"text-align: justify\">Innovador: <br \/> -Primer lugar: Tubo de Rubens<br \/> &#8211; Segundo lugar: Energ\u00eda en Movimiento<br \/> &#8211; Tercer lugar: Tres Dimensiones en tus O\u00eddos<\/p>\n<p style=\"text-align: justify\">Emprendedores <br \/> &#8211; Primer Lugar: Leche Multicolor<br \/> &#8211; Segundo Lugar: Pelotas Saltarinas multicolores<br \/> &#8211;\u00a0 Tercer Lugar: Auto Solar<\/p>\n<p style=\"text-align: justify\">\u00a1Felicitaciones a los ganadores de la I Feria Cient\u00edfica Interescolar Colegio Obispo Alvear!<\/p>\n","protected":false},"excerpt":{"rendered":"<p>Este jueves 16 de octubre se llev\u00f3 a cabo la I Feria Cient\u00edfica Interescolar Colegio Obispo Alvear en la comuna de Puente Alto, una actividad que tiene por objetivo principal fomentar la investigaci\u00f3n escolar entre estudiantes y docentes. Presentaciones denominadas Energ\u00eda en Movimiento, Tornado de Agua y Fuego, Maduraci\u00f3n por Energ\u00eda Lum\u00ednica y Fuego Instant\u00e1neo, [&hellip;]<\/p>\n","protected":false},"author":2,"featured_media":6488,"comment_status":"closed","ping_status":"open","sticky":false,"template":"","format":"standard","meta":{"_acf_changed":false,"_exactmetrics_skip_tracking":false,"_exactmetrics_sitenote_active":false,"_exactmetrics_sitenote_note":"","_exactmetrics_sitenote_category":0,"footnotes":"","_links_to":"","_links_to_target":""},"categories":[4],"tags":[],"class_list":["post-1238","post","type-post","status-publish","format-standard","has-post-thumbnail","hentry","category-noticias"],"acf":[],"yoast_head":"<!-- This site is optimized with the Yoast SEO plugin v26.9 - https:\/\/yoast.com\/product\/yoast-seo-wordpress\/ -->\n<title>Colegio Obispo Alvear realiz\u00f3 por primera vez Feria Cient\u00edfica Interescolar - RM Sur Oriente<\/title>\n<meta name=\"robots\" content=\"index, follow, max-snippet:-1, max-image-preview:large, max-video-preview:-1\" \/>\n<link rel=\"canonical\" href=\"https:\/\/explora.cl\/rmsuroriente\/colegio-obispo-alvear-realizo-por-primera-vez-feria-cientifica-interescolar\/\" class=\"yoast-seo-meta-tag\" \/>\n<meta property=\"og:locale\" content=\"es_ES\" class=\"yoast-seo-meta-tag\" \/>\n<meta property=\"og:type\" content=\"article\" class=\"yoast-seo-meta-tag\" \/>\n<meta property=\"og:title\" content=\"Colegio Obispo Alvear realiz\u00f3 por primera vez Feria Cient\u00edfica Interescolar - RM Sur Oriente\" class=\"yoast-seo-meta-tag\" \/>\n<meta property=\"og:description\" content=\"Este jueves 16 de octubre se llev\u00f3 a cabo la I Feria Cient\u00edfica Interescolar Colegio Obispo Alvear en la comuna de Puente Alto, una actividad que tiene por objetivo principal fomentar la investigaci\u00f3n escolar entre estudiantes y docentes. Presentaciones denominadas Energ\u00eda en Movimiento, Tornado de Agua y Fuego, Maduraci\u00f3n por Energ\u00eda Lum\u00ednica y Fuego Instant\u00e1neo, [&hellip;]\" class=\"yoast-seo-meta-tag\" \/>\n<meta property=\"og:url\" content=\"https:\/\/explora.cl\/rmsuroriente\/colegio-obispo-alvear-realizo-por-primera-vez-feria-cientifica-interescolar\/\" class=\"yoast-seo-meta-tag\" \/>\n<meta property=\"og:site_name\" content=\"RM Sur Oriente\" class=\"yoast-seo-meta-tag\" \/>\n<meta property=\"article:published_time\" content=\"2014-10-23T20:59:16+00:00\" class=\"yoast-seo-meta-tag\" \/>\n<meta property=\"article:modified_time\" content=\"2019-05-20T17:38:31+00:00\" class=\"yoast-seo-meta-tag\" \/>\n<meta name=\"author\" content=\"webman\" class=\"yoast-seo-meta-tag\" \/>\n<meta name=\"twitter:card\" content=\"summary_large_image\" class=\"yoast-seo-meta-tag\" \/>\n<meta name=\"twitter:label1\" content=\"Escrito por\" class=\"yoast-seo-meta-tag\" \/>\n\t<meta name=\"twitter:data1\" content=\"webman\" class=\"yoast-seo-meta-tag\" \/>\n\t<meta name=\"twitter:label2\" content=\"Tiempo estimado de lectura\" class=\"yoast-seo-meta-tag\" \/>\n\t<meta name=\"twitter:data2\" content=\"2 minutos\" class=\"yoast-seo-meta-tag\" \/>\n<script type=\"application\/ld+json\" class=\"yoast-schema-graph\">{\"@context\":\"https:\/\/schema.org\",\"@graph\":[{\"@type\":\"Article\",\"@id\":\"https:\/\/explora.cl\/rmsuroriente\/colegio-obispo-alvear-realizo-por-primera-vez-feria-cientifica-interescolar\/#article\",\"isPartOf\":{\"@id\":\"https:\/\/explora.cl\/rmsuroriente\/colegio-obispo-alvear-realizo-por-primera-vez-feria-cientifica-interescolar\/\"},\"author\":{\"name\":\"webman\",\"@id\":\"https:\/\/explora.cl\/rmsuroriente\/#\/schema\/person\/cb8349c13ea2d324080adf8480d7ba5d\"},\"headline\":\"Colegio Obispo Alvear realiz\u00f3 por primera vez Feria Cient\u00edfica Interescolar\",\"datePublished\":\"2014-10-23T20:59:16+00:00\",\"dateModified\":\"2019-05-20T17:38:31+00:00\",\"mainEntityOfPage\":{\"@id\":\"https:\/\/explora.cl\/rmsuroriente\/colegio-obispo-alvear-realizo-por-primera-vez-feria-cientifica-interescolar\/\"},\"wordCount\":351,\"publisher\":{\"@id\":\"https:\/\/explora.cl\/rmsuroriente\/#organization\"},\"image\":{\"@id\":\"https:\/\/explora.cl\/rmsuroriente\/colegio-obispo-alvear-realizo-por-primera-vez-feria-cientifica-interescolar\/#primaryimage\"},\"thumbnailUrl\":\"\",\"articleSection\":[\"Noticias\"],\"inLanguage\":\"es-CL\"},{\"@type\":\"WebPage\",\"@id\":\"https:\/\/explora.cl\/rmsuroriente\/colegio-obispo-alvear-realizo-por-primera-vez-feria-cientifica-interescolar\/\",\"url\":\"https:\/\/explora.cl\/rmsuroriente\/colegio-obispo-alvear-realizo-por-primera-vez-feria-cientifica-interescolar\/\",\"name\":\"Colegio Obispo Alvear realiz\u00f3 por primera vez Feria Cient\u00edfica Interescolar - RM Sur Oriente\",\"isPartOf\":{\"@id\":\"https:\/\/explora.cl\/rmsuroriente\/#website\"},\"primaryImageOfPage\":{\"@id\":\"https:\/\/explora.cl\/rmsuroriente\/colegio-obispo-alvear-realizo-por-primera-vez-feria-cientifica-interescolar\/#primaryimage\"},\"image\":{\"@id\":\"https:\/\/explora.cl\/rmsuroriente\/colegio-obispo-alvear-realizo-por-primera-vez-feria-cientifica-interescolar\/#primaryimage\"},\"thumbnailUrl\":\"\",\"datePublished\":\"2014-10-23T20:59:16+00:00\",\"dateModified\":\"2019-05-20T17:38:31+00:00\",\"breadcrumb\":{\"@id\":\"https:\/\/explora.cl\/rmsuroriente\/colegio-obispo-alvear-realizo-por-primera-vez-feria-cientifica-interescolar\/#breadcrumb\"},\"inLanguage\":\"es-CL\",\"potentialAction\":[{\"@type\":\"ReadAction\",\"target\":[\"https:\/\/explora.cl\/rmsuroriente\/colegio-obispo-alvear-realizo-por-primera-vez-feria-cientifica-interescolar\/\"]}]},{\"@type\":\"ImageObject\",\"inLanguage\":\"es-CL\",\"@id\":\"https:\/\/explora.cl\/rmsuroriente\/colegio-obispo-alvear-realizo-por-primera-vez-feria-cientifica-interescolar\/#primaryimage\",\"url\":\"\",\"contentUrl\":\"\"},{\"@type\":\"BreadcrumbList\",\"@id\":\"https:\/\/explora.cl\/rmsuroriente\/colegio-obispo-alvear-realizo-por-primera-vez-feria-cientifica-interescolar\/#breadcrumb\",\"itemListElement\":[{\"@type\":\"ListItem\",\"position\":1,\"name\":\"Portada\",\"item\":\"https:\/\/explora.cl\/rmsuroriente\/\"},{\"@type\":\"ListItem\",\"position\":2,\"name\":\"Colegio Obispo Alvear realiz\u00f3 por primera vez Feria Cient\u00edfica Interescolar\"}]},{\"@type\":\"WebSite\",\"@id\":\"https:\/\/explora.cl\/rmsuroriente\/#website\",\"url\":\"https:\/\/explora.cl\/rmsuroriente\/\",\"name\":\"RM Sur Oriente\",\"description\":\"Otro sitio m\u00e1s de explora.cl\",\"publisher\":{\"@id\":\"https:\/\/explora.cl\/rmsuroriente\/#organization\"},\"potentialAction\":[{\"@type\":\"SearchAction\",\"target\":{\"@type\":\"EntryPoint\",\"urlTemplate\":\"https:\/\/explora.cl\/rmsuroriente\/?s={search_term_string}\"},\"query-input\":{\"@type\":\"PropertyValueSpecification\",\"valueRequired\":true,\"valueName\":\"search_term_string\"}}],\"inLanguage\":\"es-CL\"},{\"@type\":\"Organization\",\"@id\":\"https:\/\/explora.cl\/rmsuroriente\/#organization\",\"name\":\"RM Sur Oriente\",\"url\":\"https:\/\/explora.cl\/rmsuroriente\/\",\"logo\":{\"@type\":\"ImageObject\",\"inLanguage\":\"es-CL\",\"@id\":\"https:\/\/explora.cl\/rmsuroriente\/#\/schema\/logo\/image\/\",\"url\":\"https:\/\/explora.cl\/rmsuroriente\/wp-content\/uploads\/sites\/12\/2025\/04\/cropped-LogoPAR_RMSO-Azul-UC.png\",\"contentUrl\":\"https:\/\/explora.cl\/rmsuroriente\/wp-content\/uploads\/sites\/12\/2025\/04\/cropped-LogoPAR_RMSO-Azul-UC.png\",\"width\":411,\"height\":409,\"caption\":\"RM Sur Oriente\"},\"image\":{\"@id\":\"https:\/\/explora.cl\/rmsuroriente\/#\/schema\/logo\/image\/\"}},{\"@type\":\"Person\",\"@id\":\"https:\/\/explora.cl\/rmsuroriente\/#\/schema\/person\/cb8349c13ea2d324080adf8480d7ba5d\",\"name\":\"webman\",\"image\":{\"@type\":\"ImageObject\",\"inLanguage\":\"es-CL\",\"@id\":\"https:\/\/explora.cl\/rmsuroriente\/#\/schema\/person\/image\/\",\"url\":\"https:\/\/secure.gravatar.com\/avatar\/eeff3c82f2c02f7177d13663b7e6f890e9a6a0647ce9bb29cae02dcb094c7312?s=96&d=mm&r=g\",\"contentUrl\":\"https:\/\/secure.gravatar.com\/avatar\/eeff3c82f2c02f7177d13663b7e6f890e9a6a0647ce9bb29cae02dcb094c7312?s=96&d=mm&r=g\",\"caption\":\"webman\"},\"url\":\"https:\/\/explora.cl\/rmsuroriente\/author\/webman\/\"}]}<\/script>\n<!-- \/ Yoast SEO plugin. -->","yoast_head_json":{"title":"Colegio Obispo Alvear realiz\u00f3 por primera vez Feria Cient\u00edfica Interescolar - RM Sur Oriente","robots":{"index":"index","follow":"follow","max-snippet":"max-snippet:-1","max-image-preview":"max-image-preview:large","max-video-preview":"max-video-preview:-1"},"canonical":"https:\/\/explora.cl\/rmsuroriente\/colegio-obispo-alvear-realizo-por-primera-vez-feria-cientifica-interescolar\/","og_locale":"es_ES","og_type":"article","og_title":"Colegio Obispo Alvear realiz\u00f3 por primera vez Feria Cient\u00edfica Interescolar - RM Sur Oriente","og_description":"Este jueves 16 de octubre se llev\u00f3 a cabo la I Feria Cient\u00edfica Interescolar Colegio Obispo Alvear en la comuna de Puente Alto, una actividad que tiene por objetivo principal fomentar la investigaci\u00f3n escolar entre estudiantes y docentes. Presentaciones denominadas Energ\u00eda en Movimiento, Tornado de Agua y Fuego, Maduraci\u00f3n por Energ\u00eda Lum\u00ednica y Fuego Instant\u00e1neo, [&hellip;]","og_url":"https:\/\/explora.cl\/rmsuroriente\/colegio-obispo-alvear-realizo-por-primera-vez-feria-cientifica-interescolar\/","og_site_name":"RM Sur Oriente","article_published_time":"2014-10-23T20:59:16+00:00","article_modified_time":"2019-05-20T17:38:31+00:00","author":"webman","twitter_card":"summary_large_image","twitter_misc":{"Escrito por":"webman","Tiempo estimado de lectura":"2 minutos"},"schema":{"@context":"https:\/\/schema.org","@graph":[{"@type":"Article","@id":"https:\/\/explora.cl\/rmsuroriente\/colegio-obispo-alvear-realizo-por-primera-vez-feria-cientifica-interescolar\/#article","isPartOf":{"@id":"https:\/\/explora.cl\/rmsuroriente\/colegio-obispo-alvear-realizo-por-primera-vez-feria-cientifica-interescolar\/"},"author":{"name":"webman","@id":"https:\/\/explora.cl\/rmsuroriente\/#\/schema\/person\/cb8349c13ea2d324080adf8480d7ba5d"},"headline":"Colegio Obispo Alvear realiz\u00f3 por primera vez Feria Cient\u00edfica Interescolar","datePublished":"2014-10-23T20:59:16+00:00","dateModified":"2019-05-20T17:38:31+00:00","mainEntityOfPage":{"@id":"https:\/\/explora.cl\/rmsuroriente\/colegio-obispo-alvear-realizo-por-primera-vez-feria-cientifica-interescolar\/"},"wordCount":351,"publisher":{"@id":"https:\/\/explora.cl\/rmsuroriente\/#organization"},"image":{"@id":"https:\/\/explora.cl\/rmsuroriente\/colegio-obispo-alvear-realizo-por-primera-vez-feria-cientifica-interescolar\/#primaryimage"},"thumbnailUrl":"","articleSection":["Noticias"],"inLanguage":"es-CL"},{"@type":"WebPage","@id":"https:\/\/explora.cl\/rmsuroriente\/colegio-obispo-alvear-realizo-por-primera-vez-feria-cientifica-interescolar\/","url":"https:\/\/explora.cl\/rmsuroriente\/colegio-obispo-alvear-realizo-por-primera-vez-feria-cientifica-interescolar\/","name":"Colegio Obispo Alvear realiz\u00f3 por primera vez Feria Cient\u00edfica Interescolar - RM Sur Oriente","isPartOf":{"@id":"https:\/\/explora.cl\/rmsuroriente\/#website"},"primaryImageOfPage":{"@id":"https:\/\/explora.cl\/rmsuroriente\/colegio-obispo-alvear-realizo-por-primera-vez-feria-cientifica-interescolar\/#primaryimage"},"image":{"@id":"https:\/\/explora.cl\/rmsuroriente\/colegio-obispo-alvear-realizo-por-primera-vez-feria-cientifica-interescolar\/#primaryimage"},"thumbnailUrl":"","datePublished":"2014-10-23T20:59:16+00:00","dateModified":"2019-05-20T17:38:31+00:00","breadcrumb":{"@id":"https:\/\/explora.cl\/rmsuroriente\/colegio-obispo-alvear-realizo-por-primera-vez-feria-cientifica-interescolar\/#breadcrumb"},"inLanguage":"es-CL","potentialAction":[{"@type":"ReadAction","target":["https:\/\/explora.cl\/rmsuroriente\/colegio-obispo-alvear-realizo-por-primera-vez-feria-cientifica-interescolar\/"]}]},{"@type":"ImageObject","inLanguage":"es-CL","@id":"https:\/\/explora.cl\/rmsuroriente\/colegio-obispo-alvear-realizo-por-primera-vez-feria-cientifica-interescolar\/#primaryimage","url":"","contentUrl":""},{"@type":"BreadcrumbList","@id":"https:\/\/explora.cl\/rmsuroriente\/colegio-obispo-alvear-realizo-por-primera-vez-feria-cientifica-interescolar\/#breadcrumb","itemListElement":[{"@type":"ListItem","position":1,"name":"Portada","item":"https:\/\/explora.cl\/rmsuroriente\/"},{"@type":"ListItem","position":2,"name":"Colegio Obispo Alvear realiz\u00f3 por primera vez Feria Cient\u00edfica Interescolar"}]},{"@type":"WebSite","@id":"https:\/\/explora.cl\/rmsuroriente\/#website","url":"https:\/\/explora.cl\/rmsuroriente\/","name":"RM Sur Oriente","description":"Otro sitio m\u00e1s de explora.cl","publisher":{"@id":"https:\/\/explora.cl\/rmsuroriente\/#organization"},"potentialAction":[{"@type":"SearchAction","target":{"@type":"EntryPoint","urlTemplate":"https:\/\/explora.cl\/rmsuroriente\/?s={search_term_string}"},"query-input":{"@type":"PropertyValueSpecification","valueRequired":true,"valueName":"search_term_string"}}],"inLanguage":"es-CL"},{"@type":"Organization","@id":"https:\/\/explora.cl\/rmsuroriente\/#organization","name":"RM Sur Oriente","url":"https:\/\/explora.cl\/rmsuroriente\/","logo":{"@type":"ImageObject","inLanguage":"es-CL","@id":"https:\/\/explora.cl\/rmsuroriente\/#\/schema\/logo\/image\/","url":"https:\/\/explora.cl\/rmsuroriente\/wp-content\/uploads\/sites\/12\/2025\/04\/cropped-LogoPAR_RMSO-Azul-UC.png","contentUrl":"https:\/\/explora.cl\/rmsuroriente\/wp-content\/uploads\/sites\/12\/2025\/04\/cropped-LogoPAR_RMSO-Azul-UC.png","width":411,"height":409,"caption":"RM Sur Oriente"},"image":{"@id":"https:\/\/explora.cl\/rmsuroriente\/#\/schema\/logo\/image\/"}},{"@type":"Person","@id":"https:\/\/explora.cl\/rmsuroriente\/#\/schema\/person\/cb8349c13ea2d324080adf8480d7ba5d","name":"webman","image":{"@type":"ImageObject","inLanguage":"es-CL","@id":"https:\/\/explora.cl\/rmsuroriente\/#\/schema\/person\/image\/","url":"https:\/\/secure.gravatar.com\/avatar\/eeff3c82f2c02f7177d13663b7e6f890e9a6a0647ce9bb29cae02dcb094c7312?s=96&d=mm&r=g","contentUrl":"https:\/\/secure.gravatar.com\/avatar\/eeff3c82f2c02f7177d13663b7e6f890e9a6a0647ce9bb29cae02dcb094c7312?s=96&d=mm&r=g","caption":"webman"},"url":"https:\/\/explora.cl\/rmsuroriente\/author\/webman\/"}]}},"_links":{"self":[{"href":"https:\/\/explora.cl\/rmsuroriente\/wp-json\/wp\/v2\/posts\/1238","targetHints":{"allow":["GET"]}}],"collection":[{"href":"https:\/\/explora.cl\/rmsuroriente\/wp-json\/wp\/v2\/posts"}],"about":[{"href":"https:\/\/explora.cl\/rmsuroriente\/wp-json\/wp\/v2\/types\/post"}],"author":[{"embeddable":true,"href":"https:\/\/explora.cl\/rmsuroriente\/wp-json\/wp\/v2\/users\/2"}],"replies":[{"embeddable":true,"href":"https:\/\/explora.cl\/rmsuroriente\/wp-json\/wp\/v2\/comments?post=1238"}],"version-history":[{"count":1,"href":"https:\/\/explora.cl\/rmsuroriente\/wp-json\/wp\/v2\/posts\/1238\/revisions"}],"predecessor-version":[{"id":38208,"href":"https:\/\/explora.cl\/rmsuroriente\/wp-json\/wp\/v2\/posts\/1238\/revisions\/38208"}],"wp:featuredmedia":[{"embeddable":true,"href":"https:\/\/explora.cl\/rmsuroriente\/wp-json\/"}],"wp:attachment":[{"href":"https:\/\/explora.cl\/rmsuroriente\/wp-json\/wp\/v2\/media?parent=1238"}],"wp:term":[{"taxonomy":"category","embeddable":true,"href":"https:\/\/explora.cl\/rmsuroriente\/wp-json\/wp\/v2\/categories?post=1238"},{"taxonomy":"post_tag","embeddable":true,"href":"https:\/\/explora.cl\/rmsuroriente\/wp-json\/wp\/v2\/tags?post=1238"}],"curies":[{"name":"wp","href":"https:\/\/api.w.org\/{rel}","templated":true}]}}