{"id":1222,"date":"2014-10-27T20:04:31","date_gmt":"2014-10-27T20:04:31","guid":{"rendered":"https:\/\/explora.cl\/rmsuroriente\/blog\/2014\/10\/27\/concurso-de-fotografia-y-relato-tu-eres-el-lugar\/"},"modified":"2019-05-20T17:38:28","modified_gmt":"2019-05-20T17:38:28","slug":"concurso-de-fotografia-y-relato-tu-eres-el-lugar","status":"publish","type":"post","link":"https:\/\/explora.cl\/rmsuroriente\/concurso-de-fotografia-y-relato-tu-eres-el-lugar\/","title":{"rendered":"Concurso de fotograf\u00eda y relato: T\u00fa eres el lugar"},"content":{"rendered":"<p><img fetchpriority=\"high\" decoding=\"async\" class=\" size-full wp-image-6597\" src=\"http:\/\/ec2-34-218-253-251.us-west-2.compute.amazonaws.com\/wp-content\/uploads\/2014\/10\/7e961fbbb45d09b8870e217b2b71c71b.jpg\" alt=\"\" width=\"824\" height=\"860\" \/><\/p>\n<p style=\"text-align: justify\">El Proyecto Asociativo EXPLORA CONICYT Regi\u00f3n Metropolitana Sur Oriente, invita a ni\u00f1os, ni\u00f1as, j\u00f3venes y adultos de las comunas de La Florida, Puente Alto, La Granja, La Pintana, Pedro Aguirre Cerda, San Miguel, San Ram\u00f3n, San Joaqu\u00edn, La Cisterna, Macul, Pe\u00f1alol\u00e9n, San Jos\u00e9 de Maipo y Pirque, a participar en el concurso de fotograf\u00eda y\/o relato: T\u00fa eres el lugar.<\/p>\n<p style=\"text-align: justify\"><strong><span style=\"text-decoration: underline\">Objetivo del concurso<\/span>:<\/strong><\/p>\n<p style=\"text-align: justify\">El fin de esta actividad es dar a conocer los lugares de importancia para los habitantes de las diferentes comunas de la zona sur oriente de la Regi\u00f3n Metropolitana: calles, plazas, barrios, iglesias, etc. son parte de la construcci\u00f3n de la identidad que las personas valoran de los lugares donde viven.<\/p>\n<p style=\"text-align: justify\"><strong><span style=\"text-decoration: underline\">\u00bfQui\u00e9n puede concursar?<\/span><\/strong><\/p>\n<p>Ni\u00f1os y ni\u00f1as, j\u00f3venes y adultos habitantes o no de las comunas de la zona sur oriente de la Regi\u00f3n Metropolitana, que se identifiquen con alg\u00fan lugar del territorio anteriormente mencionado.<\/p>\n<p>Para participar con fotograf\u00edas:<\/p>\n<ul>\n<li>Manda tu fotograf\u00eda en formato digital de tu pasaje, calle, plaza o barrio u otro lugar de tu comuna, con una breve leyenda que diga por qu\u00e9 es importante para ti.<\/li>\n<li>Etiquetada con el nombre del lugar (o como le dicen) y la comuna a la que pertenece.<\/li>\n<li>Nombre del concursante.<\/li>\n<li>Mail y m\u00f3vil de contacto.<\/li>\n<li>\u00a1Importante! La fotograf\u00eda debe ser enviada en alta resoluci\u00f3n (300dpi) y un tama\u00f1o m\u00ednimo de 2248&#215;3736 pixeles (equivalente a una c\u00e1mara de 8 megapixeles aproximadamente)<\/li>\n<\/ul>\n<p>Para participar con relatos:<\/p>\n<ul>\n<li>Escribir un relato en formato digital que explique o describa la importancia que tiene para ti el lugar que identificas.<\/li>\n<li>El formato debe ser:<\/li>\n<\/ul>\n<p>&#8211; M\u00e1ximo de 10 l\u00edneas, con fuente Arial tama\u00f1o 12.<\/p>\n<p>&#8211; Debe indicar el nombre de qui\u00e9n lo escribi\u00f3, su edad, el nombre del lugar al que se refiere el relato y la comuna.\u00a0<\/p>\n<p>&#8211; Nombre del concursante.<\/p>\n<p>&#8211; Mail y m\u00f3vil de contacto.<\/p>\n<p>Nota: El participante puede optar a cualquiera de los dos concursos o incluso ambos.<\/p>\n<p style=\"text-align: justify\"><span style=\"text-decoration: underline\">Criterios de evaluaci\u00f3n<\/span>:<\/p>\n<ol style=\"text-align: justify\">\n<li>El trabajo evaluado debe estar relacionado con la tem\u00e1tica del concurso.<\/li>\n<li>Reflejar la identidad de una de las comunas de la zona sur oriente de la Regi\u00f3n Metropolitana.<\/li>\n<li>Que la obra est\u00e9 relacionada con testimonios orales que cuentan las personas sobre el pasado de su comuna y c\u00f3mo se construy\u00f3 su identidad.<\/li>\n<\/ol>\n<p style=\"text-align: justify\"><span style=\"text-decoration: underline\">Jurado:<\/span><\/p>\n<p>El jurado estar\u00e1 conformado por destacados investigadores de ciencias sociales vinculados a identidad, territorio y patrimonio y un representante del equipo del PAR EXPLORA RM Sur Oriente. Las decisiones del jurado ser\u00e1n inapelables.<\/p>\n<p style=\"text-align: justify\"><span style=\"text-decoration: underline\">Premiaci\u00f3n:<\/span><\/p>\n<ul style=\"text-align: justify\">\n<li>Entre todas las obras presentadas, el jurado realizar\u00e1 una selecci\u00f3n de las 13 mejores, las que se considerar\u00e1n finalistas, de entre las cuales se seleccionar\u00e1n las ganadoras.<\/li>\n<li>Estas 13 obras seleccionadas ser\u00e1n difundidas entre los escolares de la Zona y por los medios disponibles para llegar al territorio.<\/li>\n<li>Los resultados se dar\u00e1n a conocer por medio de la p\u00e1gina web institucional <a href=\"rmsuroriente\">explora.cl\/rmsuroriente<\/a>, fanpage Facebook: <a href=\"https:\/\/www.facebook.com\/ExploraRM\" target=\"_blank\" rel=\"noopener noreferrer\">https:\/\/www.facebook.com\/ExploraRM<\/a>\u00a0y Twitter:\u00a0<a href=\"https:\/\/twitter.com\/parexplorarmso\" target=\"_blank\" rel=\"noopener noreferrer\">https:\/\/twitter.com\/parexplorarmso<\/a><\/li>\n<\/ul>\n<p style=\"text-align: justify\">Se otorgar\u00e1 un primer premio en cada categor\u00eda:<\/p>\n<ul style=\"text-align: justify\">\n<li>Participantes en Edad escolar de Ed. B\u00e1sica.<\/li>\n<li>Participantes en Edad escolar de Ed. Media.<\/li>\n<li>Participantes adultos.<\/li>\n<\/ul>\n<p style=\"text-align: justify\"><span style=\"text-decoration: underline\">Premio:<\/span><\/p>\n<ul style=\"text-align: justify\">\n<li>Conformar parte de una muestra itinerante, con una gigantograf\u00eda de su obra, que indique el participante y\/o autor, con todos los datos asociados a la importancia del lugar, que itinerar\u00e1 por las 13 comunas de la zona sur oriente durante el a\u00f1o 2015.<\/li>\n<li>Ceremonia de premiaci\u00f3n y encuentro con expertos que nos explicar\u00e1n p\u00fablicamente la importancia de la obra.<\/li>\n<\/ul>\n<p style=\"text-align: justify\"><span style=\"text-decoration: underline\">Plazos y recepci\u00f3n de las obras:<\/span><\/p>\n<p style=\"text-align: justify\">Lanzamiento:\u00a013 noviembre<\/p>\n<p style=\"text-align: justify\">Recepci\u00f3n de las obras: del 13 de noviembre al 17 de enero de 2015\u00a0al correo electr\u00f3nico <strong>concursoexplorarm@gmail.com<\/strong><\/p>\n<p style=\"text-align: justify\">Premiaci\u00f3n: 28\u00a0enero 2014.<\/p>\n<p style=\"text-align: justify\"><strong>\u00a0<\/strong><\/p>\n<p style=\"text-align: justify\"><strong>DESCARGA LAS BASES:<\/strong><\/p>\n<p style=\"text-align: justify\"><strong>\u00a0<\/strong><\/p>\n<p style=\"text-align: justify\">\u00a0<\/p>\n","protected":false},"excerpt":{"rendered":"<p>El Proyecto Asociativo EXPLORA CONICYT Regi\u00f3n Metropolitana Sur Oriente, invita a ni\u00f1os, ni\u00f1as, j\u00f3venes y adultos de las comunas de La Florida, Puente Alto, La Granja, La Pintana, Pedro Aguirre Cerda, San Miguel, San Ram\u00f3n, San Joaqu\u00edn, La Cisterna, Macul, Pe\u00f1alol\u00e9n, San Jos\u00e9 de Maipo y Pirque, a participar en el concurso de fotograf\u00eda y\/o [&hellip;]<\/p>\n","protected":false},"author":2,"featured_media":6597,"comment_status":"closed","ping_status":"open","sticky":false,"template":"","format":"standard","meta":{"_acf_changed":false,"_exactmetrics_skip_tracking":false,"_exactmetrics_sitenote_active":false,"_exactmetrics_sitenote_note":"","_exactmetrics_sitenote_category":0,"footnotes":"","_links_to":"","_links_to_target":""},"categories":[4],"tags":[],"class_list":["post-1222","post","type-post","status-publish","format-standard","has-post-thumbnail","hentry","category-noticias"],"acf":[],"yoast_head":"<!-- This site is optimized with the Yoast SEO plugin v26.9 - https:\/\/yoast.com\/product\/yoast-seo-wordpress\/ -->\n<title>Concurso de fotograf\u00eda y relato: T\u00fa eres el lugar - RM Sur Oriente<\/title>\n<meta name=\"robots\" content=\"index, follow, max-snippet:-1, max-image-preview:large, max-video-preview:-1\" \/>\n<link rel=\"canonical\" href=\"https:\/\/explora.cl\/rmsuroriente\/concurso-de-fotografia-y-relato-tu-eres-el-lugar\/\" class=\"yoast-seo-meta-tag\" \/>\n<meta property=\"og:locale\" content=\"es_ES\" class=\"yoast-seo-meta-tag\" \/>\n<meta property=\"og:type\" content=\"article\" class=\"yoast-seo-meta-tag\" \/>\n<meta property=\"og:title\" content=\"Concurso de fotograf\u00eda y relato: T\u00fa eres el lugar - RM Sur Oriente\" class=\"yoast-seo-meta-tag\" \/>\n<meta property=\"og:description\" content=\"El Proyecto Asociativo EXPLORA CONICYT Regi\u00f3n Metropolitana Sur Oriente, invita a ni\u00f1os, ni\u00f1as, j\u00f3venes y adultos de las comunas de La Florida, Puente Alto, La Granja, La Pintana, Pedro Aguirre Cerda, San Miguel, San Ram\u00f3n, San Joaqu\u00edn, La Cisterna, Macul, Pe\u00f1alol\u00e9n, San Jos\u00e9 de Maipo y Pirque, a participar en el concurso de fotograf\u00eda y\/o [&hellip;]\" class=\"yoast-seo-meta-tag\" \/>\n<meta property=\"og:url\" content=\"https:\/\/explora.cl\/rmsuroriente\/concurso-de-fotografia-y-relato-tu-eres-el-lugar\/\" class=\"yoast-seo-meta-tag\" \/>\n<meta property=\"og:site_name\" content=\"RM Sur Oriente\" class=\"yoast-seo-meta-tag\" \/>\n<meta property=\"article:published_time\" content=\"2014-10-27T20:04:31+00:00\" class=\"yoast-seo-meta-tag\" \/>\n<meta property=\"article:modified_time\" content=\"2019-05-20T17:38:28+00:00\" class=\"yoast-seo-meta-tag\" \/>\n<meta name=\"author\" content=\"webman\" class=\"yoast-seo-meta-tag\" \/>\n<meta name=\"twitter:card\" content=\"summary_large_image\" class=\"yoast-seo-meta-tag\" \/>\n<meta name=\"twitter:label1\" content=\"Escrito por\" class=\"yoast-seo-meta-tag\" \/>\n\t<meta name=\"twitter:data1\" content=\"webman\" class=\"yoast-seo-meta-tag\" \/>\n\t<meta name=\"twitter:label2\" content=\"Tiempo estimado de lectura\" class=\"yoast-seo-meta-tag\" \/>\n\t<meta name=\"twitter:data2\" content=\"3 minutos\" class=\"yoast-seo-meta-tag\" \/>\n<script type=\"application\/ld+json\" class=\"yoast-schema-graph\">{\"@context\":\"https:\/\/schema.org\",\"@graph\":[{\"@type\":\"Article\",\"@id\":\"https:\/\/explora.cl\/rmsuroriente\/concurso-de-fotografia-y-relato-tu-eres-el-lugar\/#article\",\"isPartOf\":{\"@id\":\"https:\/\/explora.cl\/rmsuroriente\/concurso-de-fotografia-y-relato-tu-eres-el-lugar\/\"},\"author\":{\"name\":\"webman\",\"@id\":\"https:\/\/explora.cl\/rmsuroriente\/#\/schema\/person\/cb8349c13ea2d324080adf8480d7ba5d\"},\"headline\":\"Concurso de fotograf\u00eda y relato: T\u00fa eres el lugar\",\"datePublished\":\"2014-10-27T20:04:31+00:00\",\"dateModified\":\"2019-05-20T17:38:28+00:00\",\"mainEntityOfPage\":{\"@id\":\"https:\/\/explora.cl\/rmsuroriente\/concurso-de-fotografia-y-relato-tu-eres-el-lugar\/\"},\"wordCount\":658,\"publisher\":{\"@id\":\"https:\/\/explora.cl\/rmsuroriente\/#organization\"},\"image\":{\"@id\":\"https:\/\/explora.cl\/rmsuroriente\/concurso-de-fotografia-y-relato-tu-eres-el-lugar\/#primaryimage\"},\"thumbnailUrl\":\"\",\"articleSection\":[\"Noticias\"],\"inLanguage\":\"es-CL\"},{\"@type\":\"WebPage\",\"@id\":\"https:\/\/explora.cl\/rmsuroriente\/concurso-de-fotografia-y-relato-tu-eres-el-lugar\/\",\"url\":\"https:\/\/explora.cl\/rmsuroriente\/concurso-de-fotografia-y-relato-tu-eres-el-lugar\/\",\"name\":\"Concurso de fotograf\u00eda y relato: T\u00fa eres el lugar - RM Sur Oriente\",\"isPartOf\":{\"@id\":\"https:\/\/explora.cl\/rmsuroriente\/#website\"},\"primaryImageOfPage\":{\"@id\":\"https:\/\/explora.cl\/rmsuroriente\/concurso-de-fotografia-y-relato-tu-eres-el-lugar\/#primaryimage\"},\"image\":{\"@id\":\"https:\/\/explora.cl\/rmsuroriente\/concurso-de-fotografia-y-relato-tu-eres-el-lugar\/#primaryimage\"},\"thumbnailUrl\":\"\",\"datePublished\":\"2014-10-27T20:04:31+00:00\",\"dateModified\":\"2019-05-20T17:38:28+00:00\",\"breadcrumb\":{\"@id\":\"https:\/\/explora.cl\/rmsuroriente\/concurso-de-fotografia-y-relato-tu-eres-el-lugar\/#breadcrumb\"},\"inLanguage\":\"es-CL\",\"potentialAction\":[{\"@type\":\"ReadAction\",\"target\":[\"https:\/\/explora.cl\/rmsuroriente\/concurso-de-fotografia-y-relato-tu-eres-el-lugar\/\"]}]},{\"@type\":\"ImageObject\",\"inLanguage\":\"es-CL\",\"@id\":\"https:\/\/explora.cl\/rmsuroriente\/concurso-de-fotografia-y-relato-tu-eres-el-lugar\/#primaryimage\",\"url\":\"\",\"contentUrl\":\"\"},{\"@type\":\"BreadcrumbList\",\"@id\":\"https:\/\/explora.cl\/rmsuroriente\/concurso-de-fotografia-y-relato-tu-eres-el-lugar\/#breadcrumb\",\"itemListElement\":[{\"@type\":\"ListItem\",\"position\":1,\"name\":\"Portada\",\"item\":\"https:\/\/explora.cl\/rmsuroriente\/\"},{\"@type\":\"ListItem\",\"position\":2,\"name\":\"Concurso de fotograf\u00eda y relato: T\u00fa eres el lugar\"}]},{\"@type\":\"WebSite\",\"@id\":\"https:\/\/explora.cl\/rmsuroriente\/#website\",\"url\":\"https:\/\/explora.cl\/rmsuroriente\/\",\"name\":\"RM Sur Oriente\",\"description\":\"Otro sitio m\u00e1s de explora.cl\",\"publisher\":{\"@id\":\"https:\/\/explora.cl\/rmsuroriente\/#organization\"},\"potentialAction\":[{\"@type\":\"SearchAction\",\"target\":{\"@type\":\"EntryPoint\",\"urlTemplate\":\"https:\/\/explora.cl\/rmsuroriente\/?s={search_term_string}\"},\"query-input\":{\"@type\":\"PropertyValueSpecification\",\"valueRequired\":true,\"valueName\":\"search_term_string\"}}],\"inLanguage\":\"es-CL\"},{\"@type\":\"Organization\",\"@id\":\"https:\/\/explora.cl\/rmsuroriente\/#organization\",\"name\":\"RM Sur Oriente\",\"url\":\"https:\/\/explora.cl\/rmsuroriente\/\",\"logo\":{\"@type\":\"ImageObject\",\"inLanguage\":\"es-CL\",\"@id\":\"https:\/\/explora.cl\/rmsuroriente\/#\/schema\/logo\/image\/\",\"url\":\"https:\/\/explora.cl\/rmsuroriente\/wp-content\/uploads\/sites\/12\/2025\/04\/cropped-LogoPAR_RMSO-Azul-UC.png\",\"contentUrl\":\"https:\/\/explora.cl\/rmsuroriente\/wp-content\/uploads\/sites\/12\/2025\/04\/cropped-LogoPAR_RMSO-Azul-UC.png\",\"width\":411,\"height\":409,\"caption\":\"RM Sur Oriente\"},\"image\":{\"@id\":\"https:\/\/explora.cl\/rmsuroriente\/#\/schema\/logo\/image\/\"}},{\"@type\":\"Person\",\"@id\":\"https:\/\/explora.cl\/rmsuroriente\/#\/schema\/person\/cb8349c13ea2d324080adf8480d7ba5d\",\"name\":\"webman\",\"image\":{\"@type\":\"ImageObject\",\"inLanguage\":\"es-CL\",\"@id\":\"https:\/\/explora.cl\/rmsuroriente\/#\/schema\/person\/image\/\",\"url\":\"https:\/\/secure.gravatar.com\/avatar\/eeff3c82f2c02f7177d13663b7e6f890e9a6a0647ce9bb29cae02dcb094c7312?s=96&d=mm&r=g\",\"contentUrl\":\"https:\/\/secure.gravatar.com\/avatar\/eeff3c82f2c02f7177d13663b7e6f890e9a6a0647ce9bb29cae02dcb094c7312?s=96&d=mm&r=g\",\"caption\":\"webman\"},\"url\":\"https:\/\/explora.cl\/rmsuroriente\/author\/webman\/\"}]}<\/script>\n<!-- \/ Yoast SEO plugin. -->","yoast_head_json":{"title":"Concurso de fotograf\u00eda y relato: T\u00fa eres el lugar - RM Sur Oriente","robots":{"index":"index","follow":"follow","max-snippet":"max-snippet:-1","max-image-preview":"max-image-preview:large","max-video-preview":"max-video-preview:-1"},"canonical":"https:\/\/explora.cl\/rmsuroriente\/concurso-de-fotografia-y-relato-tu-eres-el-lugar\/","og_locale":"es_ES","og_type":"article","og_title":"Concurso de fotograf\u00eda y relato: T\u00fa eres el lugar - RM Sur Oriente","og_description":"El Proyecto Asociativo EXPLORA CONICYT Regi\u00f3n Metropolitana Sur Oriente, invita a ni\u00f1os, ni\u00f1as, j\u00f3venes y adultos de las comunas de La Florida, Puente Alto, La Granja, La Pintana, Pedro Aguirre Cerda, San Miguel, San Ram\u00f3n, San Joaqu\u00edn, La Cisterna, Macul, Pe\u00f1alol\u00e9n, San Jos\u00e9 de Maipo y Pirque, a participar en el concurso de fotograf\u00eda y\/o [&hellip;]","og_url":"https:\/\/explora.cl\/rmsuroriente\/concurso-de-fotografia-y-relato-tu-eres-el-lugar\/","og_site_name":"RM Sur Oriente","article_published_time":"2014-10-27T20:04:31+00:00","article_modified_time":"2019-05-20T17:38:28+00:00","author":"webman","twitter_card":"summary_large_image","twitter_misc":{"Escrito por":"webman","Tiempo estimado de lectura":"3 minutos"},"schema":{"@context":"https:\/\/schema.org","@graph":[{"@type":"Article","@id":"https:\/\/explora.cl\/rmsuroriente\/concurso-de-fotografia-y-relato-tu-eres-el-lugar\/#article","isPartOf":{"@id":"https:\/\/explora.cl\/rmsuroriente\/concurso-de-fotografia-y-relato-tu-eres-el-lugar\/"},"author":{"name":"webman","@id":"https:\/\/explora.cl\/rmsuroriente\/#\/schema\/person\/cb8349c13ea2d324080adf8480d7ba5d"},"headline":"Concurso de fotograf\u00eda y relato: T\u00fa eres el lugar","datePublished":"2014-10-27T20:04:31+00:00","dateModified":"2019-05-20T17:38:28+00:00","mainEntityOfPage":{"@id":"https:\/\/explora.cl\/rmsuroriente\/concurso-de-fotografia-y-relato-tu-eres-el-lugar\/"},"wordCount":658,"publisher":{"@id":"https:\/\/explora.cl\/rmsuroriente\/#organization"},"image":{"@id":"https:\/\/explora.cl\/rmsuroriente\/concurso-de-fotografia-y-relato-tu-eres-el-lugar\/#primaryimage"},"thumbnailUrl":"","articleSection":["Noticias"],"inLanguage":"es-CL"},{"@type":"WebPage","@id":"https:\/\/explora.cl\/rmsuroriente\/concurso-de-fotografia-y-relato-tu-eres-el-lugar\/","url":"https:\/\/explora.cl\/rmsuroriente\/concurso-de-fotografia-y-relato-tu-eres-el-lugar\/","name":"Concurso de fotograf\u00eda y relato: T\u00fa eres el lugar - RM Sur Oriente","isPartOf":{"@id":"https:\/\/explora.cl\/rmsuroriente\/#website"},"primaryImageOfPage":{"@id":"https:\/\/explora.cl\/rmsuroriente\/concurso-de-fotografia-y-relato-tu-eres-el-lugar\/#primaryimage"},"image":{"@id":"https:\/\/explora.cl\/rmsuroriente\/concurso-de-fotografia-y-relato-tu-eres-el-lugar\/#primaryimage"},"thumbnailUrl":"","datePublished":"2014-10-27T20:04:31+00:00","dateModified":"2019-05-20T17:38:28+00:00","breadcrumb":{"@id":"https:\/\/explora.cl\/rmsuroriente\/concurso-de-fotografia-y-relato-tu-eres-el-lugar\/#breadcrumb"},"inLanguage":"es-CL","potentialAction":[{"@type":"ReadAction","target":["https:\/\/explora.cl\/rmsuroriente\/concurso-de-fotografia-y-relato-tu-eres-el-lugar\/"]}]},{"@type":"ImageObject","inLanguage":"es-CL","@id":"https:\/\/explora.cl\/rmsuroriente\/concurso-de-fotografia-y-relato-tu-eres-el-lugar\/#primaryimage","url":"","contentUrl":""},{"@type":"BreadcrumbList","@id":"https:\/\/explora.cl\/rmsuroriente\/concurso-de-fotografia-y-relato-tu-eres-el-lugar\/#breadcrumb","itemListElement":[{"@type":"ListItem","position":1,"name":"Portada","item":"https:\/\/explora.cl\/rmsuroriente\/"},{"@type":"ListItem","position":2,"name":"Concurso de fotograf\u00eda y relato: T\u00fa eres el lugar"}]},{"@type":"WebSite","@id":"https:\/\/explora.cl\/rmsuroriente\/#website","url":"https:\/\/explora.cl\/rmsuroriente\/","name":"RM Sur Oriente","description":"Otro sitio m\u00e1s de explora.cl","publisher":{"@id":"https:\/\/explora.cl\/rmsuroriente\/#organization"},"potentialAction":[{"@type":"SearchAction","target":{"@type":"EntryPoint","urlTemplate":"https:\/\/explora.cl\/rmsuroriente\/?s={search_term_string}"},"query-input":{"@type":"PropertyValueSpecification","valueRequired":true,"valueName":"search_term_string"}}],"inLanguage":"es-CL"},{"@type":"Organization","@id":"https:\/\/explora.cl\/rmsuroriente\/#organization","name":"RM Sur Oriente","url":"https:\/\/explora.cl\/rmsuroriente\/","logo":{"@type":"ImageObject","inLanguage":"es-CL","@id":"https:\/\/explora.cl\/rmsuroriente\/#\/schema\/logo\/image\/","url":"https:\/\/explora.cl\/rmsuroriente\/wp-content\/uploads\/sites\/12\/2025\/04\/cropped-LogoPAR_RMSO-Azul-UC.png","contentUrl":"https:\/\/explora.cl\/rmsuroriente\/wp-content\/uploads\/sites\/12\/2025\/04\/cropped-LogoPAR_RMSO-Azul-UC.png","width":411,"height":409,"caption":"RM Sur Oriente"},"image":{"@id":"https:\/\/explora.cl\/rmsuroriente\/#\/schema\/logo\/image\/"}},{"@type":"Person","@id":"https:\/\/explora.cl\/rmsuroriente\/#\/schema\/person\/cb8349c13ea2d324080adf8480d7ba5d","name":"webman","image":{"@type":"ImageObject","inLanguage":"es-CL","@id":"https:\/\/explora.cl\/rmsuroriente\/#\/schema\/person\/image\/","url":"https:\/\/secure.gravatar.com\/avatar\/eeff3c82f2c02f7177d13663b7e6f890e9a6a0647ce9bb29cae02dcb094c7312?s=96&d=mm&r=g","contentUrl":"https:\/\/secure.gravatar.com\/avatar\/eeff3c82f2c02f7177d13663b7e6f890e9a6a0647ce9bb29cae02dcb094c7312?s=96&d=mm&r=g","caption":"webman"},"url":"https:\/\/explora.cl\/rmsuroriente\/author\/webman\/"}]}},"_links":{"self":[{"href":"https:\/\/explora.cl\/rmsuroriente\/wp-json\/wp\/v2\/posts\/1222","targetHints":{"allow":["GET"]}}],"collection":[{"href":"https:\/\/explora.cl\/rmsuroriente\/wp-json\/wp\/v2\/posts"}],"about":[{"href":"https:\/\/explora.cl\/rmsuroriente\/wp-json\/wp\/v2\/types\/post"}],"author":[{"embeddable":true,"href":"https:\/\/explora.cl\/rmsuroriente\/wp-json\/wp\/v2\/users\/2"}],"replies":[{"embeddable":true,"href":"https:\/\/explora.cl\/rmsuroriente\/wp-json\/wp\/v2\/comments?post=1222"}],"version-history":[{"count":1,"href":"https:\/\/explora.cl\/rmsuroriente\/wp-json\/wp\/v2\/posts\/1222\/revisions"}],"predecessor-version":[{"id":38200,"href":"https:\/\/explora.cl\/rmsuroriente\/wp-json\/wp\/v2\/posts\/1222\/revisions\/38200"}],"wp:featuredmedia":[{"embeddable":true,"href":"https:\/\/explora.cl\/rmsuroriente\/wp-json\/"}],"wp:attachment":[{"href":"https:\/\/explora.cl\/rmsuroriente\/wp-json\/wp\/v2\/media?parent=1222"}],"wp:term":[{"taxonomy":"category","embeddable":true,"href":"https:\/\/explora.cl\/rmsuroriente\/wp-json\/wp\/v2\/categories?post=1222"},{"taxonomy":"post_tag","embeddable":true,"href":"https:\/\/explora.cl\/rmsuroriente\/wp-json\/wp\/v2\/tags?post=1222"}],"curies":[{"name":"wp","href":"https:\/\/api.w.org\/{rel}","templated":true}]}}