{"id":1220,"date":"2014-10-28T15:03:09","date_gmt":"2014-10-28T15:03:09","guid":{"rendered":"https:\/\/explora.cl\/rmsuroriente\/blog\/2014\/10\/28\/participa-en-la-v-feria-cientifica-interescolar-de-la-agrupacion-de-amigos-de-escuelas-especiales-cordillera\/"},"modified":"2019-05-20T17:38:28","modified_gmt":"2019-05-20T17:38:28","slug":"participa-en-la-v-feria-cientifica-interescolar-de-la-agrupacion-de-amigos-de-escuelas-especiales-cordillera","status":"publish","type":"post","link":"https:\/\/explora.cl\/rmsuroriente\/participa-en-la-v-feria-cientifica-interescolar-de-la-agrupacion-de-amigos-de-escuelas-especiales-cordillera\/","title":{"rendered":"Participa en la V Feria Cient\u00edfica Interescolar de la Agrupaci\u00f3n de Amigos de Escuelas Especiales Cordillera"},"content":{"rendered":"<p><img fetchpriority=\"high\" decoding=\"async\" class=\" size-full wp-image-6609\" src=\"http:\/\/ec2-34-218-253-251.us-west-2.compute.amazonaws.com\/wp-content\/uploads\/2014\/10\/e514404a8056d1fd816f3352e8f1c779.jpg\" alt=\"\" width=\"768\" height=\"576\" \/><\/p>\n<p style=\"text-align: justify\" dir=\"ltr\">El 30 de octubre entre las 9:00 y las 14:00 horas, se desarrollar\u00e1 la V Feria Cient\u00edfica Interescolar: El Esp\u00edritu no tiene discapacidad, organizada por la Agrupaci\u00f3n de Amigos de Escuelas Especiales Cordillera, con apoyo del PAR EXPLORA RM Zona Sur Oriente, en el Paseo Cabildo de La Florida.<\/p>\n<p style=\"text-align: justify\" dir=\"ltr\">Para visitar esta feria de car\u00e1cter interescolar, los interesados e interesadas deben contactarse con la docente Rebeca Maureira <a href=\"mailto:rebeca_maureira@yahoo.es\">rebeca_maureira@yahoo.es<\/a> fono 28514287 \/ 88888659.<\/p>\n<p style=\"text-align: justify\"><strong>Lugar: Paseo Cabildo de la Florida, Estaci\u00f3n Metro Bellavista<\/strong><\/p>\n","protected":false},"excerpt":{"rendered":"<p>El 30 de octubre entre las 9:00 y las 14:00 horas, se desarrollar\u00e1 la V Feria Cient\u00edfica Interescolar: El Esp\u00edritu no tiene discapacidad, organizada por la Agrupaci\u00f3n de Amigos de Escuelas Especiales Cordillera, con apoyo del PAR EXPLORA RM Zona Sur Oriente, en el Paseo Cabildo de La Florida. Para visitar esta feria de car\u00e1cter [&hellip;]<\/p>\n","protected":false},"author":2,"featured_media":6609,"comment_status":"closed","ping_status":"open","sticky":false,"template":"","format":"standard","meta":{"_acf_changed":false,"_exactmetrics_skip_tracking":false,"_exactmetrics_sitenote_active":false,"_exactmetrics_sitenote_note":"","_exactmetrics_sitenote_category":0,"footnotes":"","_links_to":"","_links_to_target":""},"categories":[4],"tags":[],"class_list":["post-1220","post","type-post","status-publish","format-standard","has-post-thumbnail","hentry","category-noticias"],"acf":[],"yoast_head":"<!-- This site is optimized with the Yoast SEO plugin v26.9 - https:\/\/yoast.com\/product\/yoast-seo-wordpress\/ -->\n<title>Participa en la V Feria Cient\u00edfica Interescolar de la Agrupaci\u00f3n de Amigos de Escuelas Especiales Cordillera - RM Sur Oriente<\/title>\n<meta name=\"robots\" content=\"index, follow, max-snippet:-1, max-image-preview:large, max-video-preview:-1\" \/>\n<link rel=\"canonical\" href=\"https:\/\/explora.cl\/rmsuroriente\/participa-en-la-v-feria-cientifica-interescolar-de-la-agrupacion-de-amigos-de-escuelas-especiales-cordillera\/\" class=\"yoast-seo-meta-tag\" \/>\n<meta property=\"og:locale\" content=\"es_ES\" class=\"yoast-seo-meta-tag\" \/>\n<meta property=\"og:type\" content=\"article\" class=\"yoast-seo-meta-tag\" \/>\n<meta property=\"og:title\" content=\"Participa en la V Feria Cient\u00edfica Interescolar de la Agrupaci\u00f3n de Amigos de Escuelas Especiales Cordillera - RM Sur Oriente\" class=\"yoast-seo-meta-tag\" \/>\n<meta property=\"og:description\" content=\"El 30 de octubre entre las 9:00 y las 14:00 horas, se desarrollar\u00e1 la V Feria Cient\u00edfica Interescolar: El Esp\u00edritu no tiene discapacidad, organizada por la Agrupaci\u00f3n de Amigos de Escuelas Especiales Cordillera, con apoyo del PAR EXPLORA RM Zona Sur Oriente, en el Paseo Cabildo de La Florida. Para visitar esta feria de car\u00e1cter [&hellip;]\" class=\"yoast-seo-meta-tag\" \/>\n<meta property=\"og:url\" content=\"https:\/\/explora.cl\/rmsuroriente\/participa-en-la-v-feria-cientifica-interescolar-de-la-agrupacion-de-amigos-de-escuelas-especiales-cordillera\/\" class=\"yoast-seo-meta-tag\" \/>\n<meta property=\"og:site_name\" content=\"RM Sur Oriente\" class=\"yoast-seo-meta-tag\" \/>\n<meta property=\"article:published_time\" content=\"2014-10-28T15:03:09+00:00\" class=\"yoast-seo-meta-tag\" \/>\n<meta property=\"article:modified_time\" content=\"2019-05-20T17:38:28+00:00\" class=\"yoast-seo-meta-tag\" \/>\n<meta name=\"author\" content=\"webman\" class=\"yoast-seo-meta-tag\" \/>\n<meta name=\"twitter:card\" content=\"summary_large_image\" class=\"yoast-seo-meta-tag\" \/>\n<meta name=\"twitter:label1\" content=\"Escrito por\" class=\"yoast-seo-meta-tag\" \/>\n\t<meta name=\"twitter:data1\" content=\"webman\" class=\"yoast-seo-meta-tag\" \/>\n<script type=\"application\/ld+json\" class=\"yoast-schema-graph\">{\"@context\":\"https:\/\/schema.org\",\"@graph\":[{\"@type\":\"Article\",\"@id\":\"https:\/\/explora.cl\/rmsuroriente\/participa-en-la-v-feria-cientifica-interescolar-de-la-agrupacion-de-amigos-de-escuelas-especiales-cordillera\/#article\",\"isPartOf\":{\"@id\":\"https:\/\/explora.cl\/rmsuroriente\/participa-en-la-v-feria-cientifica-interescolar-de-la-agrupacion-de-amigos-de-escuelas-especiales-cordillera\/\"},\"author\":{\"name\":\"webman\",\"@id\":\"https:\/\/explora.cl\/rmsuroriente\/#\/schema\/person\/cb8349c13ea2d324080adf8480d7ba5d\"},\"headline\":\"Participa en la V Feria Cient\u00edfica Interescolar de la Agrupaci\u00f3n de Amigos de Escuelas Especiales Cordillera\",\"datePublished\":\"2014-10-28T15:03:09+00:00\",\"dateModified\":\"2019-05-20T17:38:28+00:00\",\"mainEntityOfPage\":{\"@id\":\"https:\/\/explora.cl\/rmsuroriente\/participa-en-la-v-feria-cientifica-interescolar-de-la-agrupacion-de-amigos-de-escuelas-especiales-cordillera\/\"},\"wordCount\":101,\"publisher\":{\"@id\":\"https:\/\/explora.cl\/rmsuroriente\/#organization\"},\"image\":{\"@id\":\"https:\/\/explora.cl\/rmsuroriente\/participa-en-la-v-feria-cientifica-interescolar-de-la-agrupacion-de-amigos-de-escuelas-especiales-cordillera\/#primaryimage\"},\"thumbnailUrl\":\"\",\"articleSection\":[\"Noticias\"],\"inLanguage\":\"es-CL\"},{\"@type\":\"WebPage\",\"@id\":\"https:\/\/explora.cl\/rmsuroriente\/participa-en-la-v-feria-cientifica-interescolar-de-la-agrupacion-de-amigos-de-escuelas-especiales-cordillera\/\",\"url\":\"https:\/\/explora.cl\/rmsuroriente\/participa-en-la-v-feria-cientifica-interescolar-de-la-agrupacion-de-amigos-de-escuelas-especiales-cordillera\/\",\"name\":\"Participa en la V Feria Cient\u00edfica Interescolar de la Agrupaci\u00f3n de Amigos de Escuelas Especiales Cordillera - RM Sur Oriente\",\"isPartOf\":{\"@id\":\"https:\/\/explora.cl\/rmsuroriente\/#website\"},\"primaryImageOfPage\":{\"@id\":\"https:\/\/explora.cl\/rmsuroriente\/participa-en-la-v-feria-cientifica-interescolar-de-la-agrupacion-de-amigos-de-escuelas-especiales-cordillera\/#primaryimage\"},\"image\":{\"@id\":\"https:\/\/explora.cl\/rmsuroriente\/participa-en-la-v-feria-cientifica-interescolar-de-la-agrupacion-de-amigos-de-escuelas-especiales-cordillera\/#primaryimage\"},\"thumbnailUrl\":\"\",\"datePublished\":\"2014-10-28T15:03:09+00:00\",\"dateModified\":\"2019-05-20T17:38:28+00:00\",\"breadcrumb\":{\"@id\":\"https:\/\/explora.cl\/rmsuroriente\/participa-en-la-v-feria-cientifica-interescolar-de-la-agrupacion-de-amigos-de-escuelas-especiales-cordillera\/#breadcrumb\"},\"inLanguage\":\"es-CL\",\"potentialAction\":[{\"@type\":\"ReadAction\",\"target\":[\"https:\/\/explora.cl\/rmsuroriente\/participa-en-la-v-feria-cientifica-interescolar-de-la-agrupacion-de-amigos-de-escuelas-especiales-cordillera\/\"]}]},{\"@type\":\"ImageObject\",\"inLanguage\":\"es-CL\",\"@id\":\"https:\/\/explora.cl\/rmsuroriente\/participa-en-la-v-feria-cientifica-interescolar-de-la-agrupacion-de-amigos-de-escuelas-especiales-cordillera\/#primaryimage\",\"url\":\"\",\"contentUrl\":\"\"},{\"@type\":\"BreadcrumbList\",\"@id\":\"https:\/\/explora.cl\/rmsuroriente\/participa-en-la-v-feria-cientifica-interescolar-de-la-agrupacion-de-amigos-de-escuelas-especiales-cordillera\/#breadcrumb\",\"itemListElement\":[{\"@type\":\"ListItem\",\"position\":1,\"name\":\"Portada\",\"item\":\"https:\/\/explora.cl\/rmsuroriente\/\"},{\"@type\":\"ListItem\",\"position\":2,\"name\":\"Participa en la V Feria Cient\u00edfica Interescolar de la Agrupaci\u00f3n de Amigos de Escuelas Especiales Cordillera\"}]},{\"@type\":\"WebSite\",\"@id\":\"https:\/\/explora.cl\/rmsuroriente\/#website\",\"url\":\"https:\/\/explora.cl\/rmsuroriente\/\",\"name\":\"RM Sur Oriente\",\"description\":\"Otro sitio m\u00e1s de explora.cl\",\"publisher\":{\"@id\":\"https:\/\/explora.cl\/rmsuroriente\/#organization\"},\"potentialAction\":[{\"@type\":\"SearchAction\",\"target\":{\"@type\":\"EntryPoint\",\"urlTemplate\":\"https:\/\/explora.cl\/rmsuroriente\/?s={search_term_string}\"},\"query-input\":{\"@type\":\"PropertyValueSpecification\",\"valueRequired\":true,\"valueName\":\"search_term_string\"}}],\"inLanguage\":\"es-CL\"},{\"@type\":\"Organization\",\"@id\":\"https:\/\/explora.cl\/rmsuroriente\/#organization\",\"name\":\"RM Sur Oriente\",\"url\":\"https:\/\/explora.cl\/rmsuroriente\/\",\"logo\":{\"@type\":\"ImageObject\",\"inLanguage\":\"es-CL\",\"@id\":\"https:\/\/explora.cl\/rmsuroriente\/#\/schema\/logo\/image\/\",\"url\":\"https:\/\/explora.cl\/rmsuroriente\/wp-content\/uploads\/sites\/12\/2025\/04\/cropped-LogoPAR_RMSO-Azul-UC.png\",\"contentUrl\":\"https:\/\/explora.cl\/rmsuroriente\/wp-content\/uploads\/sites\/12\/2025\/04\/cropped-LogoPAR_RMSO-Azul-UC.png\",\"width\":411,\"height\":409,\"caption\":\"RM Sur Oriente\"},\"image\":{\"@id\":\"https:\/\/explora.cl\/rmsuroriente\/#\/schema\/logo\/image\/\"}},{\"@type\":\"Person\",\"@id\":\"https:\/\/explora.cl\/rmsuroriente\/#\/schema\/person\/cb8349c13ea2d324080adf8480d7ba5d\",\"name\":\"webman\",\"image\":{\"@type\":\"ImageObject\",\"inLanguage\":\"es-CL\",\"@id\":\"https:\/\/explora.cl\/rmsuroriente\/#\/schema\/person\/image\/\",\"url\":\"https:\/\/secure.gravatar.com\/avatar\/eeff3c82f2c02f7177d13663b7e6f890e9a6a0647ce9bb29cae02dcb094c7312?s=96&d=mm&r=g\",\"contentUrl\":\"https:\/\/secure.gravatar.com\/avatar\/eeff3c82f2c02f7177d13663b7e6f890e9a6a0647ce9bb29cae02dcb094c7312?s=96&d=mm&r=g\",\"caption\":\"webman\"},\"url\":\"https:\/\/explora.cl\/rmsuroriente\/author\/webman\/\"}]}<\/script>\n<!-- \/ Yoast SEO plugin. -->","yoast_head_json":{"title":"Participa en la V Feria Cient\u00edfica Interescolar de la Agrupaci\u00f3n de Amigos de Escuelas Especiales Cordillera - RM Sur Oriente","robots":{"index":"index","follow":"follow","max-snippet":"max-snippet:-1","max-image-preview":"max-image-preview:large","max-video-preview":"max-video-preview:-1"},"canonical":"https:\/\/explora.cl\/rmsuroriente\/participa-en-la-v-feria-cientifica-interescolar-de-la-agrupacion-de-amigos-de-escuelas-especiales-cordillera\/","og_locale":"es_ES","og_type":"article","og_title":"Participa en la V Feria Cient\u00edfica Interescolar de la Agrupaci\u00f3n de Amigos de Escuelas Especiales Cordillera - RM Sur Oriente","og_description":"El 30 de octubre entre las 9:00 y las 14:00 horas, se desarrollar\u00e1 la V Feria Cient\u00edfica Interescolar: El Esp\u00edritu no tiene discapacidad, organizada por la Agrupaci\u00f3n de Amigos de Escuelas Especiales Cordillera, con apoyo del PAR EXPLORA RM Zona Sur Oriente, en el Paseo Cabildo de La Florida. Para visitar esta feria de car\u00e1cter [&hellip;]","og_url":"https:\/\/explora.cl\/rmsuroriente\/participa-en-la-v-feria-cientifica-interescolar-de-la-agrupacion-de-amigos-de-escuelas-especiales-cordillera\/","og_site_name":"RM Sur Oriente","article_published_time":"2014-10-28T15:03:09+00:00","article_modified_time":"2019-05-20T17:38:28+00:00","author":"webman","twitter_card":"summary_large_image","twitter_misc":{"Escrito por":"webman"},"schema":{"@context":"https:\/\/schema.org","@graph":[{"@type":"Article","@id":"https:\/\/explora.cl\/rmsuroriente\/participa-en-la-v-feria-cientifica-interescolar-de-la-agrupacion-de-amigos-de-escuelas-especiales-cordillera\/#article","isPartOf":{"@id":"https:\/\/explora.cl\/rmsuroriente\/participa-en-la-v-feria-cientifica-interescolar-de-la-agrupacion-de-amigos-de-escuelas-especiales-cordillera\/"},"author":{"name":"webman","@id":"https:\/\/explora.cl\/rmsuroriente\/#\/schema\/person\/cb8349c13ea2d324080adf8480d7ba5d"},"headline":"Participa en la V Feria Cient\u00edfica Interescolar de la Agrupaci\u00f3n de Amigos de Escuelas Especiales Cordillera","datePublished":"2014-10-28T15:03:09+00:00","dateModified":"2019-05-20T17:38:28+00:00","mainEntityOfPage":{"@id":"https:\/\/explora.cl\/rmsuroriente\/participa-en-la-v-feria-cientifica-interescolar-de-la-agrupacion-de-amigos-de-escuelas-especiales-cordillera\/"},"wordCount":101,"publisher":{"@id":"https:\/\/explora.cl\/rmsuroriente\/#organization"},"image":{"@id":"https:\/\/explora.cl\/rmsuroriente\/participa-en-la-v-feria-cientifica-interescolar-de-la-agrupacion-de-amigos-de-escuelas-especiales-cordillera\/#primaryimage"},"thumbnailUrl":"","articleSection":["Noticias"],"inLanguage":"es-CL"},{"@type":"WebPage","@id":"https:\/\/explora.cl\/rmsuroriente\/participa-en-la-v-feria-cientifica-interescolar-de-la-agrupacion-de-amigos-de-escuelas-especiales-cordillera\/","url":"https:\/\/explora.cl\/rmsuroriente\/participa-en-la-v-feria-cientifica-interescolar-de-la-agrupacion-de-amigos-de-escuelas-especiales-cordillera\/","name":"Participa en la V Feria Cient\u00edfica Interescolar de la Agrupaci\u00f3n de Amigos de Escuelas Especiales Cordillera - RM Sur Oriente","isPartOf":{"@id":"https:\/\/explora.cl\/rmsuroriente\/#website"},"primaryImageOfPage":{"@id":"https:\/\/explora.cl\/rmsuroriente\/participa-en-la-v-feria-cientifica-interescolar-de-la-agrupacion-de-amigos-de-escuelas-especiales-cordillera\/#primaryimage"},"image":{"@id":"https:\/\/explora.cl\/rmsuroriente\/participa-en-la-v-feria-cientifica-interescolar-de-la-agrupacion-de-amigos-de-escuelas-especiales-cordillera\/#primaryimage"},"thumbnailUrl":"","datePublished":"2014-10-28T15:03:09+00:00","dateModified":"2019-05-20T17:38:28+00:00","breadcrumb":{"@id":"https:\/\/explora.cl\/rmsuroriente\/participa-en-la-v-feria-cientifica-interescolar-de-la-agrupacion-de-amigos-de-escuelas-especiales-cordillera\/#breadcrumb"},"inLanguage":"es-CL","potentialAction":[{"@type":"ReadAction","target":["https:\/\/explora.cl\/rmsuroriente\/participa-en-la-v-feria-cientifica-interescolar-de-la-agrupacion-de-amigos-de-escuelas-especiales-cordillera\/"]}]},{"@type":"ImageObject","inLanguage":"es-CL","@id":"https:\/\/explora.cl\/rmsuroriente\/participa-en-la-v-feria-cientifica-interescolar-de-la-agrupacion-de-amigos-de-escuelas-especiales-cordillera\/#primaryimage","url":"","contentUrl":""},{"@type":"BreadcrumbList","@id":"https:\/\/explora.cl\/rmsuroriente\/participa-en-la-v-feria-cientifica-interescolar-de-la-agrupacion-de-amigos-de-escuelas-especiales-cordillera\/#breadcrumb","itemListElement":[{"@type":"ListItem","position":1,"name":"Portada","item":"https:\/\/explora.cl\/rmsuroriente\/"},{"@type":"ListItem","position":2,"name":"Participa en la V Feria Cient\u00edfica Interescolar de la Agrupaci\u00f3n de Amigos de Escuelas Especiales Cordillera"}]},{"@type":"WebSite","@id":"https:\/\/explora.cl\/rmsuroriente\/#website","url":"https:\/\/explora.cl\/rmsuroriente\/","name":"RM Sur Oriente","description":"Otro sitio m\u00e1s de explora.cl","publisher":{"@id":"https:\/\/explora.cl\/rmsuroriente\/#organization"},"potentialAction":[{"@type":"SearchAction","target":{"@type":"EntryPoint","urlTemplate":"https:\/\/explora.cl\/rmsuroriente\/?s={search_term_string}"},"query-input":{"@type":"PropertyValueSpecification","valueRequired":true,"valueName":"search_term_string"}}],"inLanguage":"es-CL"},{"@type":"Organization","@id":"https:\/\/explora.cl\/rmsuroriente\/#organization","name":"RM Sur Oriente","url":"https:\/\/explora.cl\/rmsuroriente\/","logo":{"@type":"ImageObject","inLanguage":"es-CL","@id":"https:\/\/explora.cl\/rmsuroriente\/#\/schema\/logo\/image\/","url":"https:\/\/explora.cl\/rmsuroriente\/wp-content\/uploads\/sites\/12\/2025\/04\/cropped-LogoPAR_RMSO-Azul-UC.png","contentUrl":"https:\/\/explora.cl\/rmsuroriente\/wp-content\/uploads\/sites\/12\/2025\/04\/cropped-LogoPAR_RMSO-Azul-UC.png","width":411,"height":409,"caption":"RM Sur Oriente"},"image":{"@id":"https:\/\/explora.cl\/rmsuroriente\/#\/schema\/logo\/image\/"}},{"@type":"Person","@id":"https:\/\/explora.cl\/rmsuroriente\/#\/schema\/person\/cb8349c13ea2d324080adf8480d7ba5d","name":"webman","image":{"@type":"ImageObject","inLanguage":"es-CL","@id":"https:\/\/explora.cl\/rmsuroriente\/#\/schema\/person\/image\/","url":"https:\/\/secure.gravatar.com\/avatar\/eeff3c82f2c02f7177d13663b7e6f890e9a6a0647ce9bb29cae02dcb094c7312?s=96&d=mm&r=g","contentUrl":"https:\/\/secure.gravatar.com\/avatar\/eeff3c82f2c02f7177d13663b7e6f890e9a6a0647ce9bb29cae02dcb094c7312?s=96&d=mm&r=g","caption":"webman"},"url":"https:\/\/explora.cl\/rmsuroriente\/author\/webman\/"}]}},"_links":{"self":[{"href":"https:\/\/explora.cl\/rmsuroriente\/wp-json\/wp\/v2\/posts\/1220","targetHints":{"allow":["GET"]}}],"collection":[{"href":"https:\/\/explora.cl\/rmsuroriente\/wp-json\/wp\/v2\/posts"}],"about":[{"href":"https:\/\/explora.cl\/rmsuroriente\/wp-json\/wp\/v2\/types\/post"}],"author":[{"embeddable":true,"href":"https:\/\/explora.cl\/rmsuroriente\/wp-json\/wp\/v2\/users\/2"}],"replies":[{"embeddable":true,"href":"https:\/\/explora.cl\/rmsuroriente\/wp-json\/wp\/v2\/comments?post=1220"}],"version-history":[{"count":1,"href":"https:\/\/explora.cl\/rmsuroriente\/wp-json\/wp\/v2\/posts\/1220\/revisions"}],"predecessor-version":[{"id":38199,"href":"https:\/\/explora.cl\/rmsuroriente\/wp-json\/wp\/v2\/posts\/1220\/revisions\/38199"}],"wp:featuredmedia":[{"embeddable":true,"href":"https:\/\/explora.cl\/rmsuroriente\/wp-json\/"}],"wp:attachment":[{"href":"https:\/\/explora.cl\/rmsuroriente\/wp-json\/wp\/v2\/media?parent=1220"}],"wp:term":[{"taxonomy":"category","embeddable":true,"href":"https:\/\/explora.cl\/rmsuroriente\/wp-json\/wp\/v2\/categories?post=1220"},{"taxonomy":"post_tag","embeddable":true,"href":"https:\/\/explora.cl\/rmsuroriente\/wp-json\/wp\/v2\/tags?post=1220"}],"curies":[{"name":"wp","href":"https:\/\/api.w.org\/{rel}","templated":true}]}}