{"id":1214,"date":"2014-10-29T14:34:42","date_gmt":"2014-10-29T14:34:42","guid":{"rendered":"https:\/\/explora.cl\/rmsuroriente\/blog\/2014\/10\/29\/se-presento-el-tercer-encuentro-del-laboratorio-juvenil-de-reflexion-y-participacion-2014\/"},"modified":"2019-05-20T17:38:27","modified_gmt":"2019-05-20T17:38:27","slug":"se-presento-el-tercer-encuentro-del-laboratorio-juvenil-de-reflexion-y-participacion-2014","status":"publish","type":"post","link":"https:\/\/explora.cl\/rmsuroriente\/se-presento-el-tercer-encuentro-del-laboratorio-juvenil-de-reflexion-y-participacion-2014\/","title":{"rendered":"Se present\u00f3 el tercer encuentro del Laboratorio Juvenil de Reflexi\u00f3n y Participaci\u00f3n 2014"},"content":{"rendered":"<p><img fetchpriority=\"high\" decoding=\"async\" class=\" size-full wp-image-6663\" src=\"http:\/\/ec2-34-218-253-251.us-west-2.compute.amazonaws.com\/wp-content\/uploads\/2014\/10\/9c4fb1eeba8066c3017ddee84a688442.jpg\" alt=\"\" width=\"1013\" height=\"760\" \/><\/p>\n<p style=\"text-align: justify\">Como parte del 2\u00b0 Laboratorio Juvenil de Reflexi\u00f3n y Participaci\u00f3n, este jueves 23 de octubre se llev\u00f3 a cabo el tercer encuentro del 2014, enfocado a \u00a0alumnos de 8\u00b0 a 4\u00b0 medio, y que invit\u00f3 a todos los participantes a conocer el Programa Barrios de La Legua, que busca fortalecer los espacios p\u00fablicos de la zona y su red social.<\/p>\n<p style=\"text-align: justify\">Fueron 20 los asistentes que llegaron hasta la sala audiovisual de la Casa Museo Eduardo Frei Montalva, en Providencia, para ser parte de la charla que tuvo como expositor a Mauricio Astudillo, Presidente del Consejo de Organizaciones Sociales de La Legua. La actividad fue organizada por el Museo Benjam\u00edn Vicu\u00f1a Mackenna, Casa Museo Eduardo Frei Montalva, PAR EXPLORA RM Sur Oriente de la Universidad de Chile y el Consejo de Monumentos Nacionales.<\/p>\n<p style=\"text-align: justify\">Este tercer encuentro, tuvo como objetivo generar un di\u00e1logo en base a las estrategias y actividades que realiza la agrupaci\u00f3n ciudadana de La Legua, adem\u00e1s de dar a conocer \u201cc\u00f3mo trabajan las organizaciones sociales de La Legua, su funcionamiento y lo que ha costado la participaci\u00f3n de la poblaci\u00f3n\u201d coment\u00f3 Astudillo.<\/p>\n<p style=\"text-align: justify\">Cabe recalcar que el jueves 6 de noviembre en el Museo Vicu\u00f1a Mackenna se presentar\u00e1 el proyecto ciudadano \u201cBicipaseos Patrimoniales\u201d, el cual es tambi\u00e9n la cuarta y \u00faltima actividad del ciclo de encuentros del 2\u00b0 Laboratorio Juvenil de Reflexi\u00f3n y Participaci\u00f3n.<\/p>\n<p style=\"text-align: justify\"><strong>Inscripciones gratuitas, cupos limitados. Los profesores pueden inscribir a sus cursos en\u00a0<\/strong><a href=\"mailto:wmiranda@explorarm.com\"><strong>wmiranda@explorarm.com<\/strong><\/a><strong>\u00a0o en el tel\u00e9fono 29783694<\/strong><\/p>\n","protected":false},"excerpt":{"rendered":"<p>Como parte del 2\u00b0 Laboratorio Juvenil de Reflexi\u00f3n y Participaci\u00f3n, este jueves 23 de octubre se llev\u00f3 a cabo el tercer encuentro del 2014, enfocado a \u00a0alumnos de 8\u00b0 a 4\u00b0 medio, y que invit\u00f3 a todos los participantes a conocer el Programa Barrios de La Legua, que busca fortalecer los espacios p\u00fablicos de la [&hellip;]<\/p>\n","protected":false},"author":2,"featured_media":6663,"comment_status":"closed","ping_status":"open","sticky":false,"template":"","format":"standard","meta":{"_acf_changed":false,"_exactmetrics_skip_tracking":false,"_exactmetrics_sitenote_active":false,"_exactmetrics_sitenote_note":"","_exactmetrics_sitenote_category":0,"footnotes":"","_links_to":"","_links_to_target":""},"categories":[4],"tags":[],"class_list":["post-1214","post","type-post","status-publish","format-standard","has-post-thumbnail","hentry","category-noticias"],"acf":[],"yoast_head":"<!-- This site is optimized with the Yoast SEO plugin v26.9 - https:\/\/yoast.com\/product\/yoast-seo-wordpress\/ -->\n<title>Se present\u00f3 el tercer encuentro del Laboratorio Juvenil de Reflexi\u00f3n y Participaci\u00f3n 2014 - RM Sur Oriente<\/title>\n<meta name=\"robots\" content=\"index, follow, max-snippet:-1, max-image-preview:large, max-video-preview:-1\" \/>\n<link rel=\"canonical\" href=\"https:\/\/explora.cl\/rmsuroriente\/se-presento-el-tercer-encuentro-del-laboratorio-juvenil-de-reflexion-y-participacion-2014\/\" class=\"yoast-seo-meta-tag\" \/>\n<meta property=\"og:locale\" content=\"es_ES\" class=\"yoast-seo-meta-tag\" \/>\n<meta property=\"og:type\" content=\"article\" class=\"yoast-seo-meta-tag\" \/>\n<meta property=\"og:title\" content=\"Se present\u00f3 el tercer encuentro del Laboratorio Juvenil de Reflexi\u00f3n y Participaci\u00f3n 2014 - RM Sur Oriente\" class=\"yoast-seo-meta-tag\" \/>\n<meta property=\"og:description\" content=\"Como parte del 2\u00b0 Laboratorio Juvenil de Reflexi\u00f3n y Participaci\u00f3n, este jueves 23 de octubre se llev\u00f3 a cabo el tercer encuentro del 2014, enfocado a \u00a0alumnos de 8\u00b0 a 4\u00b0 medio, y que invit\u00f3 a todos los participantes a conocer el Programa Barrios de La Legua, que busca fortalecer los espacios p\u00fablicos de la [&hellip;]\" class=\"yoast-seo-meta-tag\" \/>\n<meta property=\"og:url\" content=\"https:\/\/explora.cl\/rmsuroriente\/se-presento-el-tercer-encuentro-del-laboratorio-juvenil-de-reflexion-y-participacion-2014\/\" class=\"yoast-seo-meta-tag\" \/>\n<meta property=\"og:site_name\" content=\"RM Sur Oriente\" class=\"yoast-seo-meta-tag\" \/>\n<meta property=\"article:published_time\" content=\"2014-10-29T14:34:42+00:00\" class=\"yoast-seo-meta-tag\" \/>\n<meta property=\"article:modified_time\" content=\"2019-05-20T17:38:27+00:00\" class=\"yoast-seo-meta-tag\" \/>\n<meta name=\"author\" content=\"webman\" class=\"yoast-seo-meta-tag\" \/>\n<meta name=\"twitter:card\" content=\"summary_large_image\" class=\"yoast-seo-meta-tag\" \/>\n<meta name=\"twitter:label1\" content=\"Escrito por\" class=\"yoast-seo-meta-tag\" \/>\n\t<meta name=\"twitter:data1\" content=\"webman\" class=\"yoast-seo-meta-tag\" \/>\n\t<meta name=\"twitter:label2\" content=\"Tiempo estimado de lectura\" class=\"yoast-seo-meta-tag\" \/>\n\t<meta name=\"twitter:data2\" content=\"1 minuto\" class=\"yoast-seo-meta-tag\" \/>\n<script type=\"application\/ld+json\" class=\"yoast-schema-graph\">{\"@context\":\"https:\/\/schema.org\",\"@graph\":[{\"@type\":\"Article\",\"@id\":\"https:\/\/explora.cl\/rmsuroriente\/se-presento-el-tercer-encuentro-del-laboratorio-juvenil-de-reflexion-y-participacion-2014\/#article\",\"isPartOf\":{\"@id\":\"https:\/\/explora.cl\/rmsuroriente\/se-presento-el-tercer-encuentro-del-laboratorio-juvenil-de-reflexion-y-participacion-2014\/\"},\"author\":{\"name\":\"webman\",\"@id\":\"https:\/\/explora.cl\/rmsuroriente\/#\/schema\/person\/cb8349c13ea2d324080adf8480d7ba5d\"},\"headline\":\"Se present\u00f3 el tercer encuentro del Laboratorio Juvenil de Reflexi\u00f3n y Participaci\u00f3n 2014\",\"datePublished\":\"2014-10-29T14:34:42+00:00\",\"dateModified\":\"2019-05-20T17:38:27+00:00\",\"mainEntityOfPage\":{\"@id\":\"https:\/\/explora.cl\/rmsuroriente\/se-presento-el-tercer-encuentro-del-laboratorio-juvenil-de-reflexion-y-participacion-2014\/\"},\"wordCount\":265,\"publisher\":{\"@id\":\"https:\/\/explora.cl\/rmsuroriente\/#organization\"},\"image\":{\"@id\":\"https:\/\/explora.cl\/rmsuroriente\/se-presento-el-tercer-encuentro-del-laboratorio-juvenil-de-reflexion-y-participacion-2014\/#primaryimage\"},\"thumbnailUrl\":\"\",\"articleSection\":[\"Noticias\"],\"inLanguage\":\"es-CL\"},{\"@type\":\"WebPage\",\"@id\":\"https:\/\/explora.cl\/rmsuroriente\/se-presento-el-tercer-encuentro-del-laboratorio-juvenil-de-reflexion-y-participacion-2014\/\",\"url\":\"https:\/\/explora.cl\/rmsuroriente\/se-presento-el-tercer-encuentro-del-laboratorio-juvenil-de-reflexion-y-participacion-2014\/\",\"name\":\"Se present\u00f3 el tercer encuentro del Laboratorio Juvenil de Reflexi\u00f3n y Participaci\u00f3n 2014 - RM Sur Oriente\",\"isPartOf\":{\"@id\":\"https:\/\/explora.cl\/rmsuroriente\/#website\"},\"primaryImageOfPage\":{\"@id\":\"https:\/\/explora.cl\/rmsuroriente\/se-presento-el-tercer-encuentro-del-laboratorio-juvenil-de-reflexion-y-participacion-2014\/#primaryimage\"},\"image\":{\"@id\":\"https:\/\/explora.cl\/rmsuroriente\/se-presento-el-tercer-encuentro-del-laboratorio-juvenil-de-reflexion-y-participacion-2014\/#primaryimage\"},\"thumbnailUrl\":\"\",\"datePublished\":\"2014-10-29T14:34:42+00:00\",\"dateModified\":\"2019-05-20T17:38:27+00:00\",\"breadcrumb\":{\"@id\":\"https:\/\/explora.cl\/rmsuroriente\/se-presento-el-tercer-encuentro-del-laboratorio-juvenil-de-reflexion-y-participacion-2014\/#breadcrumb\"},\"inLanguage\":\"es-CL\",\"potentialAction\":[{\"@type\":\"ReadAction\",\"target\":[\"https:\/\/explora.cl\/rmsuroriente\/se-presento-el-tercer-encuentro-del-laboratorio-juvenil-de-reflexion-y-participacion-2014\/\"]}]},{\"@type\":\"ImageObject\",\"inLanguage\":\"es-CL\",\"@id\":\"https:\/\/explora.cl\/rmsuroriente\/se-presento-el-tercer-encuentro-del-laboratorio-juvenil-de-reflexion-y-participacion-2014\/#primaryimage\",\"url\":\"\",\"contentUrl\":\"\"},{\"@type\":\"BreadcrumbList\",\"@id\":\"https:\/\/explora.cl\/rmsuroriente\/se-presento-el-tercer-encuentro-del-laboratorio-juvenil-de-reflexion-y-participacion-2014\/#breadcrumb\",\"itemListElement\":[{\"@type\":\"ListItem\",\"position\":1,\"name\":\"Portada\",\"item\":\"https:\/\/explora.cl\/rmsuroriente\/\"},{\"@type\":\"ListItem\",\"position\":2,\"name\":\"Se present\u00f3 el tercer encuentro del Laboratorio Juvenil de Reflexi\u00f3n y Participaci\u00f3n 2014\"}]},{\"@type\":\"WebSite\",\"@id\":\"https:\/\/explora.cl\/rmsuroriente\/#website\",\"url\":\"https:\/\/explora.cl\/rmsuroriente\/\",\"name\":\"RM Sur Oriente\",\"description\":\"Otro sitio m\u00e1s de explora.cl\",\"publisher\":{\"@id\":\"https:\/\/explora.cl\/rmsuroriente\/#organization\"},\"potentialAction\":[{\"@type\":\"SearchAction\",\"target\":{\"@type\":\"EntryPoint\",\"urlTemplate\":\"https:\/\/explora.cl\/rmsuroriente\/?s={search_term_string}\"},\"query-input\":{\"@type\":\"PropertyValueSpecification\",\"valueRequired\":true,\"valueName\":\"search_term_string\"}}],\"inLanguage\":\"es-CL\"},{\"@type\":\"Organization\",\"@id\":\"https:\/\/explora.cl\/rmsuroriente\/#organization\",\"name\":\"RM Sur Oriente\",\"url\":\"https:\/\/explora.cl\/rmsuroriente\/\",\"logo\":{\"@type\":\"ImageObject\",\"inLanguage\":\"es-CL\",\"@id\":\"https:\/\/explora.cl\/rmsuroriente\/#\/schema\/logo\/image\/\",\"url\":\"https:\/\/explora.cl\/rmsuroriente\/wp-content\/uploads\/sites\/12\/2025\/04\/cropped-LogoPAR_RMSO-Azul-UC.png\",\"contentUrl\":\"https:\/\/explora.cl\/rmsuroriente\/wp-content\/uploads\/sites\/12\/2025\/04\/cropped-LogoPAR_RMSO-Azul-UC.png\",\"width\":411,\"height\":409,\"caption\":\"RM Sur Oriente\"},\"image\":{\"@id\":\"https:\/\/explora.cl\/rmsuroriente\/#\/schema\/logo\/image\/\"}},{\"@type\":\"Person\",\"@id\":\"https:\/\/explora.cl\/rmsuroriente\/#\/schema\/person\/cb8349c13ea2d324080adf8480d7ba5d\",\"name\":\"webman\",\"image\":{\"@type\":\"ImageObject\",\"inLanguage\":\"es-CL\",\"@id\":\"https:\/\/explora.cl\/rmsuroriente\/#\/schema\/person\/image\/\",\"url\":\"https:\/\/secure.gravatar.com\/avatar\/eeff3c82f2c02f7177d13663b7e6f890e9a6a0647ce9bb29cae02dcb094c7312?s=96&d=mm&r=g\",\"contentUrl\":\"https:\/\/secure.gravatar.com\/avatar\/eeff3c82f2c02f7177d13663b7e6f890e9a6a0647ce9bb29cae02dcb094c7312?s=96&d=mm&r=g\",\"caption\":\"webman\"},\"url\":\"https:\/\/explora.cl\/rmsuroriente\/author\/webman\/\"}]}<\/script>\n<!-- \/ Yoast SEO plugin. -->","yoast_head_json":{"title":"Se present\u00f3 el tercer encuentro del Laboratorio Juvenil de Reflexi\u00f3n y Participaci\u00f3n 2014 - RM Sur Oriente","robots":{"index":"index","follow":"follow","max-snippet":"max-snippet:-1","max-image-preview":"max-image-preview:large","max-video-preview":"max-video-preview:-1"},"canonical":"https:\/\/explora.cl\/rmsuroriente\/se-presento-el-tercer-encuentro-del-laboratorio-juvenil-de-reflexion-y-participacion-2014\/","og_locale":"es_ES","og_type":"article","og_title":"Se present\u00f3 el tercer encuentro del Laboratorio Juvenil de Reflexi\u00f3n y Participaci\u00f3n 2014 - RM Sur Oriente","og_description":"Como parte del 2\u00b0 Laboratorio Juvenil de Reflexi\u00f3n y Participaci\u00f3n, este jueves 23 de octubre se llev\u00f3 a cabo el tercer encuentro del 2014, enfocado a \u00a0alumnos de 8\u00b0 a 4\u00b0 medio, y que invit\u00f3 a todos los participantes a conocer el Programa Barrios de La Legua, que busca fortalecer los espacios p\u00fablicos de la [&hellip;]","og_url":"https:\/\/explora.cl\/rmsuroriente\/se-presento-el-tercer-encuentro-del-laboratorio-juvenil-de-reflexion-y-participacion-2014\/","og_site_name":"RM Sur Oriente","article_published_time":"2014-10-29T14:34:42+00:00","article_modified_time":"2019-05-20T17:38:27+00:00","author":"webman","twitter_card":"summary_large_image","twitter_misc":{"Escrito por":"webman","Tiempo estimado de lectura":"1 minuto"},"schema":{"@context":"https:\/\/schema.org","@graph":[{"@type":"Article","@id":"https:\/\/explora.cl\/rmsuroriente\/se-presento-el-tercer-encuentro-del-laboratorio-juvenil-de-reflexion-y-participacion-2014\/#article","isPartOf":{"@id":"https:\/\/explora.cl\/rmsuroriente\/se-presento-el-tercer-encuentro-del-laboratorio-juvenil-de-reflexion-y-participacion-2014\/"},"author":{"name":"webman","@id":"https:\/\/explora.cl\/rmsuroriente\/#\/schema\/person\/cb8349c13ea2d324080adf8480d7ba5d"},"headline":"Se present\u00f3 el tercer encuentro del Laboratorio Juvenil de Reflexi\u00f3n y Participaci\u00f3n 2014","datePublished":"2014-10-29T14:34:42+00:00","dateModified":"2019-05-20T17:38:27+00:00","mainEntityOfPage":{"@id":"https:\/\/explora.cl\/rmsuroriente\/se-presento-el-tercer-encuentro-del-laboratorio-juvenil-de-reflexion-y-participacion-2014\/"},"wordCount":265,"publisher":{"@id":"https:\/\/explora.cl\/rmsuroriente\/#organization"},"image":{"@id":"https:\/\/explora.cl\/rmsuroriente\/se-presento-el-tercer-encuentro-del-laboratorio-juvenil-de-reflexion-y-participacion-2014\/#primaryimage"},"thumbnailUrl":"","articleSection":["Noticias"],"inLanguage":"es-CL"},{"@type":"WebPage","@id":"https:\/\/explora.cl\/rmsuroriente\/se-presento-el-tercer-encuentro-del-laboratorio-juvenil-de-reflexion-y-participacion-2014\/","url":"https:\/\/explora.cl\/rmsuroriente\/se-presento-el-tercer-encuentro-del-laboratorio-juvenil-de-reflexion-y-participacion-2014\/","name":"Se present\u00f3 el tercer encuentro del Laboratorio Juvenil de Reflexi\u00f3n y Participaci\u00f3n 2014 - RM Sur Oriente","isPartOf":{"@id":"https:\/\/explora.cl\/rmsuroriente\/#website"},"primaryImageOfPage":{"@id":"https:\/\/explora.cl\/rmsuroriente\/se-presento-el-tercer-encuentro-del-laboratorio-juvenil-de-reflexion-y-participacion-2014\/#primaryimage"},"image":{"@id":"https:\/\/explora.cl\/rmsuroriente\/se-presento-el-tercer-encuentro-del-laboratorio-juvenil-de-reflexion-y-participacion-2014\/#primaryimage"},"thumbnailUrl":"","datePublished":"2014-10-29T14:34:42+00:00","dateModified":"2019-05-20T17:38:27+00:00","breadcrumb":{"@id":"https:\/\/explora.cl\/rmsuroriente\/se-presento-el-tercer-encuentro-del-laboratorio-juvenil-de-reflexion-y-participacion-2014\/#breadcrumb"},"inLanguage":"es-CL","potentialAction":[{"@type":"ReadAction","target":["https:\/\/explora.cl\/rmsuroriente\/se-presento-el-tercer-encuentro-del-laboratorio-juvenil-de-reflexion-y-participacion-2014\/"]}]},{"@type":"ImageObject","inLanguage":"es-CL","@id":"https:\/\/explora.cl\/rmsuroriente\/se-presento-el-tercer-encuentro-del-laboratorio-juvenil-de-reflexion-y-participacion-2014\/#primaryimage","url":"","contentUrl":""},{"@type":"BreadcrumbList","@id":"https:\/\/explora.cl\/rmsuroriente\/se-presento-el-tercer-encuentro-del-laboratorio-juvenil-de-reflexion-y-participacion-2014\/#breadcrumb","itemListElement":[{"@type":"ListItem","position":1,"name":"Portada","item":"https:\/\/explora.cl\/rmsuroriente\/"},{"@type":"ListItem","position":2,"name":"Se present\u00f3 el tercer encuentro del Laboratorio Juvenil de Reflexi\u00f3n y Participaci\u00f3n 2014"}]},{"@type":"WebSite","@id":"https:\/\/explora.cl\/rmsuroriente\/#website","url":"https:\/\/explora.cl\/rmsuroriente\/","name":"RM Sur Oriente","description":"Otro sitio m\u00e1s de explora.cl","publisher":{"@id":"https:\/\/explora.cl\/rmsuroriente\/#organization"},"potentialAction":[{"@type":"SearchAction","target":{"@type":"EntryPoint","urlTemplate":"https:\/\/explora.cl\/rmsuroriente\/?s={search_term_string}"},"query-input":{"@type":"PropertyValueSpecification","valueRequired":true,"valueName":"search_term_string"}}],"inLanguage":"es-CL"},{"@type":"Organization","@id":"https:\/\/explora.cl\/rmsuroriente\/#organization","name":"RM Sur Oriente","url":"https:\/\/explora.cl\/rmsuroriente\/","logo":{"@type":"ImageObject","inLanguage":"es-CL","@id":"https:\/\/explora.cl\/rmsuroriente\/#\/schema\/logo\/image\/","url":"https:\/\/explora.cl\/rmsuroriente\/wp-content\/uploads\/sites\/12\/2025\/04\/cropped-LogoPAR_RMSO-Azul-UC.png","contentUrl":"https:\/\/explora.cl\/rmsuroriente\/wp-content\/uploads\/sites\/12\/2025\/04\/cropped-LogoPAR_RMSO-Azul-UC.png","width":411,"height":409,"caption":"RM Sur Oriente"},"image":{"@id":"https:\/\/explora.cl\/rmsuroriente\/#\/schema\/logo\/image\/"}},{"@type":"Person","@id":"https:\/\/explora.cl\/rmsuroriente\/#\/schema\/person\/cb8349c13ea2d324080adf8480d7ba5d","name":"webman","image":{"@type":"ImageObject","inLanguage":"es-CL","@id":"https:\/\/explora.cl\/rmsuroriente\/#\/schema\/person\/image\/","url":"https:\/\/secure.gravatar.com\/avatar\/eeff3c82f2c02f7177d13663b7e6f890e9a6a0647ce9bb29cae02dcb094c7312?s=96&d=mm&r=g","contentUrl":"https:\/\/secure.gravatar.com\/avatar\/eeff3c82f2c02f7177d13663b7e6f890e9a6a0647ce9bb29cae02dcb094c7312?s=96&d=mm&r=g","caption":"webman"},"url":"https:\/\/explora.cl\/rmsuroriente\/author\/webman\/"}]}},"_links":{"self":[{"href":"https:\/\/explora.cl\/rmsuroriente\/wp-json\/wp\/v2\/posts\/1214","targetHints":{"allow":["GET"]}}],"collection":[{"href":"https:\/\/explora.cl\/rmsuroriente\/wp-json\/wp\/v2\/posts"}],"about":[{"href":"https:\/\/explora.cl\/rmsuroriente\/wp-json\/wp\/v2\/types\/post"}],"author":[{"embeddable":true,"href":"https:\/\/explora.cl\/rmsuroriente\/wp-json\/wp\/v2\/users\/2"}],"replies":[{"embeddable":true,"href":"https:\/\/explora.cl\/rmsuroriente\/wp-json\/wp\/v2\/comments?post=1214"}],"version-history":[{"count":1,"href":"https:\/\/explora.cl\/rmsuroriente\/wp-json\/wp\/v2\/posts\/1214\/revisions"}],"predecessor-version":[{"id":38196,"href":"https:\/\/explora.cl\/rmsuroriente\/wp-json\/wp\/v2\/posts\/1214\/revisions\/38196"}],"wp:featuredmedia":[{"embeddable":true,"href":"https:\/\/explora.cl\/rmsuroriente\/wp-json\/"}],"wp:attachment":[{"href":"https:\/\/explora.cl\/rmsuroriente\/wp-json\/wp\/v2\/media?parent=1214"}],"wp:term":[{"taxonomy":"category","embeddable":true,"href":"https:\/\/explora.cl\/rmsuroriente\/wp-json\/wp\/v2\/categories?post=1214"},{"taxonomy":"post_tag","embeddable":true,"href":"https:\/\/explora.cl\/rmsuroriente\/wp-json\/wp\/v2\/tags?post=1214"}],"curies":[{"name":"wp","href":"https:\/\/api.w.org\/{rel}","templated":true}]}}