{"id":1192,"date":"2014-11-12T13:15:58","date_gmt":"2014-11-12T13:15:58","guid":{"rendered":"https:\/\/explora.cl\/rmsuroriente\/blog\/2014\/11\/12\/con-mas-de-130-participantes-comenzo-el-campamento-cientifico-chile-va\/"},"modified":"2019-05-20T17:38:22","modified_gmt":"2019-05-20T17:38:22","slug":"con-mas-de-130-participantes-comenzo-el-campamento-cientifico-chile-va","status":"publish","type":"post","link":"https:\/\/explora.cl\/rmsuroriente\/con-mas-de-130-participantes-comenzo-el-campamento-cientifico-chile-va\/","title":{"rendered":"Con m\u00e1s de 130 participantes comenz\u00f3 el campamento cient\u00edfico Chile Va! Regi\u00f3n Metropolitana"},"content":{"rendered":"<p><img fetchpriority=\"high\" decoding=\"async\" class=\" size-full wp-image-7175\" src=\"http:\/\/ec2-34-218-253-251.us-west-2.compute.amazonaws.com\/wp-content\/uploads\/2014\/11\/9de29084b1a4a9f1d8f48c35cfb15fc5.jpg\" alt=\"\" width=\"960\" height=\"626\" \/><\/p>\n<p><strong>Este lunes se inaugur\u00f3 oficialmente el campamento Chile Va! RM, una iniciativa realizada por la Fundaci\u00f3n Facultad de Ciencias Veterinarias y Pecuarias de la Universidad de Chile (FAVET) en el marco del Concurso de Campamentos de Ciencia y Tecnolog\u00eda e Innovaci\u00f3n EXPLORA Chile Va! 2014.<\/strong><\/p>\n<p>Emocionados llegaron los m\u00e1s de 130 alumnos seleccionados de segundo y tercero medio, provenientes de distintos establecimientos educacionales,\u00a0 hasta la Hacienda Picarqu\u00edn en San Francisco de Mostazal,\u00a0 Regi\u00f3n de O\u2019Higgins. En esta oportunidad los participantes ser\u00e1n parte de diversas actividades que comenzaron el domingo 9 y que se extender\u00e1n hasta el viernes 14 de noviembre.<\/p>\n<p>Los campamentos cient\u00edficos est\u00e1n enfocados en promover el desarrollo de capital humano y mostrar a los estudiantes la nueva configuraci\u00f3n social y econ\u00f3mica del siglo XXI para que ellos, a trav\u00e9s de las pr\u00e1cticas emprendedoras, dise\u00f1en un proyecto de vida y se vinculen con la ciencia y la tecnolog\u00eda.<\/p>\n<p>Esta es una gran experiencia educativa, que permite que los estudiantes convocados puedan participar de actividades de emprendimiento y experimentales de ciencia o tecnolog\u00eda. Adem\u00e1s de realizar visitas guiadas a empresas o instituciones, donde se aplicar\u00e1n procesos cient\u00edficos para vivenciar concretamente la forma en que se desarrolla la actividad cient\u00edfica.<\/p>\n<p>\u201cEn los campamentos Chile Va! lo que se persigue es incentivar vocaciones cient\u00edficas que vayan m\u00e1s all\u00e1 del pregrado, que vayan despu\u00e9s al postgrado y que elijan el camino de la ciencia, de investigaci\u00f3n cient\u00edfica, de crear valor, de aportar al desarrollo cient\u00edfico y tecnol\u00f3gico del pa\u00eds que va a incidir en el desarrollo econ\u00f3mico pero tambi\u00e9n social y cultural\u201d, coment\u00f3 la Directora (s) del Programa Explora CONICYT, Marianela Velasco, luego de la ceremonia de inauguraci\u00f3n de la actividad.<\/p>\n<p>El astr\u00f3nomo del Observatorio ALMA, Jos\u00e9 Gallardo y la Dra. en F\u00edsica Dora Altbir de la Universidad de Santiago de Chile, son parte de los expositores encargados de distintas charlas, adem\u00e1s de contar con la presencia de Andr\u00e9s Weintraub Premio Nacional de Ciencias Aplicadas 2000.<\/p>\n<p>Cabe recalcar que el Programa EXPLORA a la fecha ha llevado a cabo 27 campamentos Chile Va! en nuestro pa\u00eds, beneficiando a aproximadamente 3 mil 500 j\u00f3venes, muchos de los cuales siguen participando de la iniciativa apoyando a nuevos estudiantes y contando su experiencia.<\/p>\n<p>\u00a0<\/p>\n<p><span style=\"font-size: medium\"><strong>Revisa todas las fotograf\u00edas en <a href=\"https:\/\/www.facebook.com\/ExploraRM\" target=\"_blank\" rel=\"noopener noreferrer\">Facebook!<\/a><\/strong><\/span><\/p>\n","protected":false},"excerpt":{"rendered":"<p>Este lunes se inaugur\u00f3 oficialmente el campamento Chile Va! RM, una iniciativa realizada por la Fundaci\u00f3n Facultad de Ciencias Veterinarias y Pecuarias de la Universidad de Chile (FAVET) en el marco del Concurso de Campamentos de Ciencia y Tecnolog\u00eda e Innovaci\u00f3n EXPLORA Chile Va! 2014. Emocionados llegaron los m\u00e1s de 130 alumnos seleccionados de segundo [&hellip;]<\/p>\n","protected":false},"author":2,"featured_media":7175,"comment_status":"closed","ping_status":"open","sticky":false,"template":"","format":"standard","meta":{"_acf_changed":false,"_exactmetrics_skip_tracking":false,"_exactmetrics_sitenote_active":false,"_exactmetrics_sitenote_note":"","_exactmetrics_sitenote_category":0,"footnotes":"","_links_to":"","_links_to_target":""},"categories":[4],"tags":[],"class_list":["post-1192","post","type-post","status-publish","format-standard","has-post-thumbnail","hentry","category-noticias"],"acf":[],"yoast_head":"<!-- This site is optimized with the Yoast SEO plugin v26.9 - https:\/\/yoast.com\/product\/yoast-seo-wordpress\/ -->\n<title>Con m\u00e1s de 130 participantes comenz\u00f3 el campamento cient\u00edfico Chile Va! Regi\u00f3n Metropolitana - RM Sur Oriente<\/title>\n<meta name=\"robots\" content=\"index, follow, max-snippet:-1, max-image-preview:large, max-video-preview:-1\" \/>\n<link rel=\"canonical\" href=\"https:\/\/explora.cl\/rmsuroriente\/con-mas-de-130-participantes-comenzo-el-campamento-cientifico-chile-va\/\" class=\"yoast-seo-meta-tag\" \/>\n<meta property=\"og:locale\" content=\"es_ES\" class=\"yoast-seo-meta-tag\" \/>\n<meta property=\"og:type\" content=\"article\" class=\"yoast-seo-meta-tag\" \/>\n<meta property=\"og:title\" content=\"Con m\u00e1s de 130 participantes comenz\u00f3 el campamento cient\u00edfico Chile Va! Regi\u00f3n Metropolitana - RM Sur Oriente\" class=\"yoast-seo-meta-tag\" \/>\n<meta property=\"og:description\" content=\"Este lunes se inaugur\u00f3 oficialmente el campamento Chile Va! RM, una iniciativa realizada por la Fundaci\u00f3n Facultad de Ciencias Veterinarias y Pecuarias de la Universidad de Chile (FAVET) en el marco del Concurso de Campamentos de Ciencia y Tecnolog\u00eda e Innovaci\u00f3n EXPLORA Chile Va! 2014. Emocionados llegaron los m\u00e1s de 130 alumnos seleccionados de segundo [&hellip;]\" class=\"yoast-seo-meta-tag\" \/>\n<meta property=\"og:url\" content=\"https:\/\/explora.cl\/rmsuroriente\/con-mas-de-130-participantes-comenzo-el-campamento-cientifico-chile-va\/\" class=\"yoast-seo-meta-tag\" \/>\n<meta property=\"og:site_name\" content=\"RM Sur Oriente\" class=\"yoast-seo-meta-tag\" \/>\n<meta property=\"article:published_time\" content=\"2014-11-12T13:15:58+00:00\" class=\"yoast-seo-meta-tag\" \/>\n<meta property=\"article:modified_time\" content=\"2019-05-20T17:38:22+00:00\" class=\"yoast-seo-meta-tag\" \/>\n<meta name=\"author\" content=\"webman\" class=\"yoast-seo-meta-tag\" \/>\n<meta name=\"twitter:card\" content=\"summary_large_image\" class=\"yoast-seo-meta-tag\" \/>\n<meta name=\"twitter:label1\" content=\"Escrito por\" class=\"yoast-seo-meta-tag\" \/>\n\t<meta name=\"twitter:data1\" content=\"webman\" class=\"yoast-seo-meta-tag\" \/>\n\t<meta name=\"twitter:label2\" content=\"Tiempo estimado de lectura\" class=\"yoast-seo-meta-tag\" \/>\n\t<meta name=\"twitter:data2\" content=\"2 minutos\" class=\"yoast-seo-meta-tag\" \/>\n<script type=\"application\/ld+json\" class=\"yoast-schema-graph\">{\"@context\":\"https:\/\/schema.org\",\"@graph\":[{\"@type\":\"Article\",\"@id\":\"https:\/\/explora.cl\/rmsuroriente\/con-mas-de-130-participantes-comenzo-el-campamento-cientifico-chile-va\/#article\",\"isPartOf\":{\"@id\":\"https:\/\/explora.cl\/rmsuroriente\/con-mas-de-130-participantes-comenzo-el-campamento-cientifico-chile-va\/\"},\"author\":{\"name\":\"webman\",\"@id\":\"https:\/\/explora.cl\/rmsuroriente\/#\/schema\/person\/cb8349c13ea2d324080adf8480d7ba5d\"},\"headline\":\"Con m\u00e1s de 130 participantes comenz\u00f3 el campamento cient\u00edfico Chile Va! Regi\u00f3n Metropolitana\",\"datePublished\":\"2014-11-12T13:15:58+00:00\",\"dateModified\":\"2019-05-20T17:38:22+00:00\",\"mainEntityOfPage\":{\"@id\":\"https:\/\/explora.cl\/rmsuroriente\/con-mas-de-130-participantes-comenzo-el-campamento-cientifico-chile-va\/\"},\"wordCount\":420,\"publisher\":{\"@id\":\"https:\/\/explora.cl\/rmsuroriente\/#organization\"},\"image\":{\"@id\":\"https:\/\/explora.cl\/rmsuroriente\/con-mas-de-130-participantes-comenzo-el-campamento-cientifico-chile-va\/#primaryimage\"},\"thumbnailUrl\":\"\",\"articleSection\":[\"Noticias\"],\"inLanguage\":\"es-CL\"},{\"@type\":\"WebPage\",\"@id\":\"https:\/\/explora.cl\/rmsuroriente\/con-mas-de-130-participantes-comenzo-el-campamento-cientifico-chile-va\/\",\"url\":\"https:\/\/explora.cl\/rmsuroriente\/con-mas-de-130-participantes-comenzo-el-campamento-cientifico-chile-va\/\",\"name\":\"Con m\u00e1s de 130 participantes comenz\u00f3 el campamento cient\u00edfico Chile Va! Regi\u00f3n Metropolitana - RM Sur Oriente\",\"isPartOf\":{\"@id\":\"https:\/\/explora.cl\/rmsuroriente\/#website\"},\"primaryImageOfPage\":{\"@id\":\"https:\/\/explora.cl\/rmsuroriente\/con-mas-de-130-participantes-comenzo-el-campamento-cientifico-chile-va\/#primaryimage\"},\"image\":{\"@id\":\"https:\/\/explora.cl\/rmsuroriente\/con-mas-de-130-participantes-comenzo-el-campamento-cientifico-chile-va\/#primaryimage\"},\"thumbnailUrl\":\"\",\"datePublished\":\"2014-11-12T13:15:58+00:00\",\"dateModified\":\"2019-05-20T17:38:22+00:00\",\"breadcrumb\":{\"@id\":\"https:\/\/explora.cl\/rmsuroriente\/con-mas-de-130-participantes-comenzo-el-campamento-cientifico-chile-va\/#breadcrumb\"},\"inLanguage\":\"es-CL\",\"potentialAction\":[{\"@type\":\"ReadAction\",\"target\":[\"https:\/\/explora.cl\/rmsuroriente\/con-mas-de-130-participantes-comenzo-el-campamento-cientifico-chile-va\/\"]}]},{\"@type\":\"ImageObject\",\"inLanguage\":\"es-CL\",\"@id\":\"https:\/\/explora.cl\/rmsuroriente\/con-mas-de-130-participantes-comenzo-el-campamento-cientifico-chile-va\/#primaryimage\",\"url\":\"\",\"contentUrl\":\"\"},{\"@type\":\"BreadcrumbList\",\"@id\":\"https:\/\/explora.cl\/rmsuroriente\/con-mas-de-130-participantes-comenzo-el-campamento-cientifico-chile-va\/#breadcrumb\",\"itemListElement\":[{\"@type\":\"ListItem\",\"position\":1,\"name\":\"Portada\",\"item\":\"https:\/\/explora.cl\/rmsuroriente\/\"},{\"@type\":\"ListItem\",\"position\":2,\"name\":\"Con m\u00e1s de 130 participantes comenz\u00f3 el campamento cient\u00edfico Chile Va! Regi\u00f3n Metropolitana\"}]},{\"@type\":\"WebSite\",\"@id\":\"https:\/\/explora.cl\/rmsuroriente\/#website\",\"url\":\"https:\/\/explora.cl\/rmsuroriente\/\",\"name\":\"RM Sur Oriente\",\"description\":\"Otro sitio m\u00e1s de explora.cl\",\"publisher\":{\"@id\":\"https:\/\/explora.cl\/rmsuroriente\/#organization\"},\"potentialAction\":[{\"@type\":\"SearchAction\",\"target\":{\"@type\":\"EntryPoint\",\"urlTemplate\":\"https:\/\/explora.cl\/rmsuroriente\/?s={search_term_string}\"},\"query-input\":{\"@type\":\"PropertyValueSpecification\",\"valueRequired\":true,\"valueName\":\"search_term_string\"}}],\"inLanguage\":\"es-CL\"},{\"@type\":\"Organization\",\"@id\":\"https:\/\/explora.cl\/rmsuroriente\/#organization\",\"name\":\"RM Sur Oriente\",\"url\":\"https:\/\/explora.cl\/rmsuroriente\/\",\"logo\":{\"@type\":\"ImageObject\",\"inLanguage\":\"es-CL\",\"@id\":\"https:\/\/explora.cl\/rmsuroriente\/#\/schema\/logo\/image\/\",\"url\":\"https:\/\/explora.cl\/rmsuroriente\/wp-content\/uploads\/sites\/12\/2025\/04\/cropped-LogoPAR_RMSO-Azul-UC.png\",\"contentUrl\":\"https:\/\/explora.cl\/rmsuroriente\/wp-content\/uploads\/sites\/12\/2025\/04\/cropped-LogoPAR_RMSO-Azul-UC.png\",\"width\":411,\"height\":409,\"caption\":\"RM Sur Oriente\"},\"image\":{\"@id\":\"https:\/\/explora.cl\/rmsuroriente\/#\/schema\/logo\/image\/\"}},{\"@type\":\"Person\",\"@id\":\"https:\/\/explora.cl\/rmsuroriente\/#\/schema\/person\/cb8349c13ea2d324080adf8480d7ba5d\",\"name\":\"webman\",\"image\":{\"@type\":\"ImageObject\",\"inLanguage\":\"es-CL\",\"@id\":\"https:\/\/explora.cl\/rmsuroriente\/#\/schema\/person\/image\/\",\"url\":\"https:\/\/secure.gravatar.com\/avatar\/eeff3c82f2c02f7177d13663b7e6f890e9a6a0647ce9bb29cae02dcb094c7312?s=96&d=mm&r=g\",\"contentUrl\":\"https:\/\/secure.gravatar.com\/avatar\/eeff3c82f2c02f7177d13663b7e6f890e9a6a0647ce9bb29cae02dcb094c7312?s=96&d=mm&r=g\",\"caption\":\"webman\"},\"url\":\"https:\/\/explora.cl\/rmsuroriente\/author\/webman\/\"}]}<\/script>\n<!-- \/ Yoast SEO plugin. -->","yoast_head_json":{"title":"Con m\u00e1s de 130 participantes comenz\u00f3 el campamento cient\u00edfico Chile Va! Regi\u00f3n Metropolitana - RM Sur Oriente","robots":{"index":"index","follow":"follow","max-snippet":"max-snippet:-1","max-image-preview":"max-image-preview:large","max-video-preview":"max-video-preview:-1"},"canonical":"https:\/\/explora.cl\/rmsuroriente\/con-mas-de-130-participantes-comenzo-el-campamento-cientifico-chile-va\/","og_locale":"es_ES","og_type":"article","og_title":"Con m\u00e1s de 130 participantes comenz\u00f3 el campamento cient\u00edfico Chile Va! Regi\u00f3n Metropolitana - RM Sur Oriente","og_description":"Este lunes se inaugur\u00f3 oficialmente el campamento Chile Va! RM, una iniciativa realizada por la Fundaci\u00f3n Facultad de Ciencias Veterinarias y Pecuarias de la Universidad de Chile (FAVET) en el marco del Concurso de Campamentos de Ciencia y Tecnolog\u00eda e Innovaci\u00f3n EXPLORA Chile Va! 2014. Emocionados llegaron los m\u00e1s de 130 alumnos seleccionados de segundo [&hellip;]","og_url":"https:\/\/explora.cl\/rmsuroriente\/con-mas-de-130-participantes-comenzo-el-campamento-cientifico-chile-va\/","og_site_name":"RM Sur Oriente","article_published_time":"2014-11-12T13:15:58+00:00","article_modified_time":"2019-05-20T17:38:22+00:00","author":"webman","twitter_card":"summary_large_image","twitter_misc":{"Escrito por":"webman","Tiempo estimado de lectura":"2 minutos"},"schema":{"@context":"https:\/\/schema.org","@graph":[{"@type":"Article","@id":"https:\/\/explora.cl\/rmsuroriente\/con-mas-de-130-participantes-comenzo-el-campamento-cientifico-chile-va\/#article","isPartOf":{"@id":"https:\/\/explora.cl\/rmsuroriente\/con-mas-de-130-participantes-comenzo-el-campamento-cientifico-chile-va\/"},"author":{"name":"webman","@id":"https:\/\/explora.cl\/rmsuroriente\/#\/schema\/person\/cb8349c13ea2d324080adf8480d7ba5d"},"headline":"Con m\u00e1s de 130 participantes comenz\u00f3 el campamento cient\u00edfico Chile Va! Regi\u00f3n Metropolitana","datePublished":"2014-11-12T13:15:58+00:00","dateModified":"2019-05-20T17:38:22+00:00","mainEntityOfPage":{"@id":"https:\/\/explora.cl\/rmsuroriente\/con-mas-de-130-participantes-comenzo-el-campamento-cientifico-chile-va\/"},"wordCount":420,"publisher":{"@id":"https:\/\/explora.cl\/rmsuroriente\/#organization"},"image":{"@id":"https:\/\/explora.cl\/rmsuroriente\/con-mas-de-130-participantes-comenzo-el-campamento-cientifico-chile-va\/#primaryimage"},"thumbnailUrl":"","articleSection":["Noticias"],"inLanguage":"es-CL"},{"@type":"WebPage","@id":"https:\/\/explora.cl\/rmsuroriente\/con-mas-de-130-participantes-comenzo-el-campamento-cientifico-chile-va\/","url":"https:\/\/explora.cl\/rmsuroriente\/con-mas-de-130-participantes-comenzo-el-campamento-cientifico-chile-va\/","name":"Con m\u00e1s de 130 participantes comenz\u00f3 el campamento cient\u00edfico Chile Va! Regi\u00f3n Metropolitana - RM Sur Oriente","isPartOf":{"@id":"https:\/\/explora.cl\/rmsuroriente\/#website"},"primaryImageOfPage":{"@id":"https:\/\/explora.cl\/rmsuroriente\/con-mas-de-130-participantes-comenzo-el-campamento-cientifico-chile-va\/#primaryimage"},"image":{"@id":"https:\/\/explora.cl\/rmsuroriente\/con-mas-de-130-participantes-comenzo-el-campamento-cientifico-chile-va\/#primaryimage"},"thumbnailUrl":"","datePublished":"2014-11-12T13:15:58+00:00","dateModified":"2019-05-20T17:38:22+00:00","breadcrumb":{"@id":"https:\/\/explora.cl\/rmsuroriente\/con-mas-de-130-participantes-comenzo-el-campamento-cientifico-chile-va\/#breadcrumb"},"inLanguage":"es-CL","potentialAction":[{"@type":"ReadAction","target":["https:\/\/explora.cl\/rmsuroriente\/con-mas-de-130-participantes-comenzo-el-campamento-cientifico-chile-va\/"]}]},{"@type":"ImageObject","inLanguage":"es-CL","@id":"https:\/\/explora.cl\/rmsuroriente\/con-mas-de-130-participantes-comenzo-el-campamento-cientifico-chile-va\/#primaryimage","url":"","contentUrl":""},{"@type":"BreadcrumbList","@id":"https:\/\/explora.cl\/rmsuroriente\/con-mas-de-130-participantes-comenzo-el-campamento-cientifico-chile-va\/#breadcrumb","itemListElement":[{"@type":"ListItem","position":1,"name":"Portada","item":"https:\/\/explora.cl\/rmsuroriente\/"},{"@type":"ListItem","position":2,"name":"Con m\u00e1s de 130 participantes comenz\u00f3 el campamento cient\u00edfico Chile Va! Regi\u00f3n Metropolitana"}]},{"@type":"WebSite","@id":"https:\/\/explora.cl\/rmsuroriente\/#website","url":"https:\/\/explora.cl\/rmsuroriente\/","name":"RM Sur Oriente","description":"Otro sitio m\u00e1s de explora.cl","publisher":{"@id":"https:\/\/explora.cl\/rmsuroriente\/#organization"},"potentialAction":[{"@type":"SearchAction","target":{"@type":"EntryPoint","urlTemplate":"https:\/\/explora.cl\/rmsuroriente\/?s={search_term_string}"},"query-input":{"@type":"PropertyValueSpecification","valueRequired":true,"valueName":"search_term_string"}}],"inLanguage":"es-CL"},{"@type":"Organization","@id":"https:\/\/explora.cl\/rmsuroriente\/#organization","name":"RM Sur Oriente","url":"https:\/\/explora.cl\/rmsuroriente\/","logo":{"@type":"ImageObject","inLanguage":"es-CL","@id":"https:\/\/explora.cl\/rmsuroriente\/#\/schema\/logo\/image\/","url":"https:\/\/explora.cl\/rmsuroriente\/wp-content\/uploads\/sites\/12\/2025\/04\/cropped-LogoPAR_RMSO-Azul-UC.png","contentUrl":"https:\/\/explora.cl\/rmsuroriente\/wp-content\/uploads\/sites\/12\/2025\/04\/cropped-LogoPAR_RMSO-Azul-UC.png","width":411,"height":409,"caption":"RM Sur Oriente"},"image":{"@id":"https:\/\/explora.cl\/rmsuroriente\/#\/schema\/logo\/image\/"}},{"@type":"Person","@id":"https:\/\/explora.cl\/rmsuroriente\/#\/schema\/person\/cb8349c13ea2d324080adf8480d7ba5d","name":"webman","image":{"@type":"ImageObject","inLanguage":"es-CL","@id":"https:\/\/explora.cl\/rmsuroriente\/#\/schema\/person\/image\/","url":"https:\/\/secure.gravatar.com\/avatar\/eeff3c82f2c02f7177d13663b7e6f890e9a6a0647ce9bb29cae02dcb094c7312?s=96&d=mm&r=g","contentUrl":"https:\/\/secure.gravatar.com\/avatar\/eeff3c82f2c02f7177d13663b7e6f890e9a6a0647ce9bb29cae02dcb094c7312?s=96&d=mm&r=g","caption":"webman"},"url":"https:\/\/explora.cl\/rmsuroriente\/author\/webman\/"}]}},"_links":{"self":[{"href":"https:\/\/explora.cl\/rmsuroriente\/wp-json\/wp\/v2\/posts\/1192","targetHints":{"allow":["GET"]}}],"collection":[{"href":"https:\/\/explora.cl\/rmsuroriente\/wp-json\/wp\/v2\/posts"}],"about":[{"href":"https:\/\/explora.cl\/rmsuroriente\/wp-json\/wp\/v2\/types\/post"}],"author":[{"embeddable":true,"href":"https:\/\/explora.cl\/rmsuroriente\/wp-json\/wp\/v2\/users\/2"}],"replies":[{"embeddable":true,"href":"https:\/\/explora.cl\/rmsuroriente\/wp-json\/wp\/v2\/comments?post=1192"}],"version-history":[{"count":1,"href":"https:\/\/explora.cl\/rmsuroriente\/wp-json\/wp\/v2\/posts\/1192\/revisions"}],"predecessor-version":[{"id":38185,"href":"https:\/\/explora.cl\/rmsuroriente\/wp-json\/wp\/v2\/posts\/1192\/revisions\/38185"}],"wp:featuredmedia":[{"embeddable":true,"href":"https:\/\/explora.cl\/rmsuroriente\/wp-json\/"}],"wp:attachment":[{"href":"https:\/\/explora.cl\/rmsuroriente\/wp-json\/wp\/v2\/media?parent=1192"}],"wp:term":[{"taxonomy":"category","embeddable":true,"href":"https:\/\/explora.cl\/rmsuroriente\/wp-json\/wp\/v2\/categories?post=1192"},{"taxonomy":"post_tag","embeddable":true,"href":"https:\/\/explora.cl\/rmsuroriente\/wp-json\/wp\/v2\/tags?post=1192"}],"curies":[{"name":"wp","href":"https:\/\/api.w.org\/{rel}","templated":true}]}}