{"id":1180,"date":"2014-11-17T15:16:20","date_gmt":"2014-11-17T15:16:20","guid":{"rendered":"https:\/\/explora.cl\/rmsuroriente\/blog\/2014\/11\/17\/colegio-the-garden-school-de-la-florida-realizo-feria-cientifica-interescolar\/"},"modified":"2019-05-20T17:38:20","modified_gmt":"2019-05-20T17:38:20","slug":"colegio-the-garden-school-de-la-florida-realizo-feria-cientifica-interescolar","status":"publish","type":"post","link":"https:\/\/explora.cl\/rmsuroriente\/colegio-the-garden-school-de-la-florida-realizo-feria-cientifica-interescolar\/","title":{"rendered":"Colegio The Grace School de La Florida realiz\u00f3 Feria Cient\u00edfica Interescolar"},"content":{"rendered":"<p><img fetchpriority=\"high\" decoding=\"async\" class=\" size-full wp-image-7307\" src=\"http:\/\/ec2-34-218-253-251.us-west-2.compute.amazonaws.com\/wp-content\/uploads\/2014\/11\/b1905ba663a06a651aac60b6e5a0025b.jpg\" alt=\"\" width=\"5184\" height=\"3888\" \/><\/p>\n<p>Este jueves 6 de noviembre se llev\u00f3 a cabo la IV Feria Cient\u00edfica Interescolar del Colegio The Grace School, una actividad que lleva como lema \u201cCiencia en Acci\u00f3n\u201d y que busca fomentar la investigaci\u00f3n escolar entre los estudiantes y los docentes.<\/p>\n<p><span style=\"line-height: 1.3em\">La feria cont\u00f3 con 32 proyectos cient\u00edficos realizados por 43 alumnos de segundo a sexto b\u00e1sico, y fue una iniciativa organizada por el propio establecimiento con apoyo del PAR EXPLORA RM Zona Sur Oriente de la Universidad de Chile.<\/span><\/p>\n<p>\u201cEl objetivo es desarrollar habilidades de tipo cient\u00edficas, de investigaci\u00f3n, el gusto por la ciencia principalmente, que la aprendan a descubrir, y llamar la atenci\u00f3n de ni\u00f1os que generalmente no est\u00e1n enfocados en ciencias\u201d coment\u00f3 Sandra Di Lascio, coordinadora de la feria.<\/p>\n<p>Term\u00f3metro Casero, Mi Propia Antena E\u00f3lica, Mano Hidr\u00e1ulica y Volc\u00e1n Submarino, fueron los nombres de algunas de las iniciativas escolares que fueron presentadas. Es importante mencionar que el establecimiento \u00a0tambi\u00e9n realiz\u00f3 dos charlas, Web y Red Todo es Diferente, dictada por Pedro Calandra y Astronom\u00eda realizada por Sergio V\u00e1squez.<\/p>\n<p>Esta actividad tambi\u00e9n incluy\u00f3 la participaci\u00f3n de otros colegios que estuvieron interesados en mostrar sus proyectos a la comunidad escolar, es por esto que el Bernadette College present\u00f3 dos stands denominados L\u00e1mpara Solar y Litro de Luz realizados por alumnos de 5 y 7 b\u00e1sico respectivamente.<\/p>\n<p>Cabe destacar que tambi\u00e9n participaron otras instituciones como la Facultad de Ciencias Agron\u00f3micas de la Universidad de Chile y el Programa para la Conservaci\u00f3n de los Murci\u00e9lagos de Chile (PCMCh).\u00a0<\/p>\n<p>\u00a0<\/p>\n<p>La Feria tambi\u00e9n incluy\u00f3 una competencia, en la cual fueron premiados s\u00f3lo los primeros lugares de cada nivel. A continuaci\u00f3n la lista de los ganadores.<\/p>\n<p>2\u00b0B\u00e1sico A: Los Microorganismos del Agua &#8211;\u00a0 Antonia Vergara y \u00c1ngel Montenegro<\/p>\n<p>3\u00b0 b\u00e1sico D: L\u00e1mpara de Lava &#8211; Frances N\u00fa\u00f1ez<\/p>\n<p>4\u00b0B\u00e1sico C: Mano Hidr\u00e1ulica &#8211; Max Eyzaguirre<\/p>\n<p>5\u00b0 b\u00e1sico D: Extracci\u00f3n de ADN &#8211; Sof\u00eda Arriagada y Valentina Vilches<\/p>\n<p>6\u00b0 B\u00e1sico D: L\u00e1mpara Econ\u00f3mica &#8211; Kevin Urrejola<\/p>\n<p>Menci\u00f3n Honrosa 6 b\u00e1sico A: Crist\u00f3bal Sanhueza &#8211; Auto solar<\/p>\n<p>\u00a0<\/p>\n<p><span style=\"font-size: medium\"><strong>\u00a1Felicitaciones a los ganadores de la Feria Cient\u00edfica Interescolar\u201d! <\/strong><\/span><\/p>\n<p><span style=\"color: #1153ed\"><span style=\"line-height: 1.3em;font-size: medium\"><strong>Revisa las fotograf\u00edas de este evento en nuestra p\u00e1gina de\u00a0<\/strong><\/span><strong style=\"color: #800080;font-size: medium;line-height: 1.3em\"><a href=\"https:\/\/www.facebook.com\/media\/set\/?set=a.795580900500741.1073741935.301210896604413&amp;type=1\" target=\"_blank\" rel=\"noopener noreferrer\"><span style=\"color: #1153ed\">Facebook<\/span><\/a><\/strong><\/span><\/p>\n<p>\u00a0<\/p>\n","protected":false},"excerpt":{"rendered":"<p>Este jueves 6 de noviembre se llev\u00f3 a cabo la IV Feria Cient\u00edfica Interescolar del Colegio The Grace School, una actividad que lleva como lema \u201cCiencia en Acci\u00f3n\u201d y que busca fomentar la investigaci\u00f3n escolar entre los estudiantes y los docentes. La feria cont\u00f3 con 32 proyectos cient\u00edficos realizados por 43 alumnos de segundo a [&hellip;]<\/p>\n","protected":false},"author":2,"featured_media":7307,"comment_status":"closed","ping_status":"open","sticky":false,"template":"","format":"standard","meta":{"_acf_changed":false,"_exactmetrics_skip_tracking":false,"_exactmetrics_sitenote_active":false,"_exactmetrics_sitenote_note":"","_exactmetrics_sitenote_category":0,"footnotes":"","_links_to":"","_links_to_target":""},"categories":[4],"tags":[],"class_list":["post-1180","post","type-post","status-publish","format-standard","has-post-thumbnail","hentry","category-noticias"],"acf":[],"yoast_head":"<!-- This site is optimized with the Yoast SEO plugin v26.9 - https:\/\/yoast.com\/product\/yoast-seo-wordpress\/ -->\n<title>Colegio The Grace School de La Florida realiz\u00f3 Feria Cient\u00edfica Interescolar - RM Sur Oriente<\/title>\n<meta name=\"robots\" content=\"index, follow, max-snippet:-1, max-image-preview:large, max-video-preview:-1\" \/>\n<link rel=\"canonical\" href=\"https:\/\/explora.cl\/rmsuroriente\/colegio-the-garden-school-de-la-florida-realizo-feria-cientifica-interescolar\/\" class=\"yoast-seo-meta-tag\" \/>\n<meta property=\"og:locale\" content=\"es_ES\" class=\"yoast-seo-meta-tag\" \/>\n<meta property=\"og:type\" content=\"article\" class=\"yoast-seo-meta-tag\" \/>\n<meta property=\"og:title\" content=\"Colegio The Grace School de La Florida realiz\u00f3 Feria Cient\u00edfica Interescolar - RM Sur Oriente\" class=\"yoast-seo-meta-tag\" \/>\n<meta property=\"og:description\" content=\"Este jueves 6 de noviembre se llev\u00f3 a cabo la IV Feria Cient\u00edfica Interescolar del Colegio The Grace School, una actividad que lleva como lema \u201cCiencia en Acci\u00f3n\u201d y que busca fomentar la investigaci\u00f3n escolar entre los estudiantes y los docentes. La feria cont\u00f3 con 32 proyectos cient\u00edficos realizados por 43 alumnos de segundo a [&hellip;]\" class=\"yoast-seo-meta-tag\" \/>\n<meta property=\"og:url\" content=\"https:\/\/explora.cl\/rmsuroriente\/colegio-the-garden-school-de-la-florida-realizo-feria-cientifica-interescolar\/\" class=\"yoast-seo-meta-tag\" \/>\n<meta property=\"og:site_name\" content=\"RM Sur Oriente\" class=\"yoast-seo-meta-tag\" \/>\n<meta property=\"article:published_time\" content=\"2014-11-17T15:16:20+00:00\" class=\"yoast-seo-meta-tag\" \/>\n<meta property=\"article:modified_time\" content=\"2019-05-20T17:38:20+00:00\" class=\"yoast-seo-meta-tag\" \/>\n<meta name=\"author\" content=\"webman\" class=\"yoast-seo-meta-tag\" \/>\n<meta name=\"twitter:card\" content=\"summary_large_image\" class=\"yoast-seo-meta-tag\" \/>\n<meta name=\"twitter:label1\" content=\"Escrito por\" class=\"yoast-seo-meta-tag\" \/>\n\t<meta name=\"twitter:data1\" content=\"webman\" class=\"yoast-seo-meta-tag\" \/>\n\t<meta name=\"twitter:label2\" content=\"Tiempo estimado de lectura\" class=\"yoast-seo-meta-tag\" \/>\n\t<meta name=\"twitter:data2\" content=\"2 minutos\" class=\"yoast-seo-meta-tag\" \/>\n<script type=\"application\/ld+json\" class=\"yoast-schema-graph\">{\"@context\":\"https:\/\/schema.org\",\"@graph\":[{\"@type\":\"Article\",\"@id\":\"https:\/\/explora.cl\/rmsuroriente\/colegio-the-garden-school-de-la-florida-realizo-feria-cientifica-interescolar\/#article\",\"isPartOf\":{\"@id\":\"https:\/\/explora.cl\/rmsuroriente\/colegio-the-garden-school-de-la-florida-realizo-feria-cientifica-interescolar\/\"},\"author\":{\"name\":\"webman\",\"@id\":\"https:\/\/explora.cl\/rmsuroriente\/#\/schema\/person\/cb8349c13ea2d324080adf8480d7ba5d\"},\"headline\":\"Colegio The Grace School de La Florida realiz\u00f3 Feria Cient\u00edfica Interescolar\",\"datePublished\":\"2014-11-17T15:16:20+00:00\",\"dateModified\":\"2019-05-20T17:38:20+00:00\",\"mainEntityOfPage\":{\"@id\":\"https:\/\/explora.cl\/rmsuroriente\/colegio-the-garden-school-de-la-florida-realizo-feria-cientifica-interescolar\/\"},\"wordCount\":399,\"publisher\":{\"@id\":\"https:\/\/explora.cl\/rmsuroriente\/#organization\"},\"image\":{\"@id\":\"https:\/\/explora.cl\/rmsuroriente\/colegio-the-garden-school-de-la-florida-realizo-feria-cientifica-interescolar\/#primaryimage\"},\"thumbnailUrl\":\"\",\"articleSection\":[\"Noticias\"],\"inLanguage\":\"es-CL\"},{\"@type\":\"WebPage\",\"@id\":\"https:\/\/explora.cl\/rmsuroriente\/colegio-the-garden-school-de-la-florida-realizo-feria-cientifica-interescolar\/\",\"url\":\"https:\/\/explora.cl\/rmsuroriente\/colegio-the-garden-school-de-la-florida-realizo-feria-cientifica-interescolar\/\",\"name\":\"Colegio The Grace School de La Florida realiz\u00f3 Feria Cient\u00edfica Interescolar - RM Sur Oriente\",\"isPartOf\":{\"@id\":\"https:\/\/explora.cl\/rmsuroriente\/#website\"},\"primaryImageOfPage\":{\"@id\":\"https:\/\/explora.cl\/rmsuroriente\/colegio-the-garden-school-de-la-florida-realizo-feria-cientifica-interescolar\/#primaryimage\"},\"image\":{\"@id\":\"https:\/\/explora.cl\/rmsuroriente\/colegio-the-garden-school-de-la-florida-realizo-feria-cientifica-interescolar\/#primaryimage\"},\"thumbnailUrl\":\"\",\"datePublished\":\"2014-11-17T15:16:20+00:00\",\"dateModified\":\"2019-05-20T17:38:20+00:00\",\"breadcrumb\":{\"@id\":\"https:\/\/explora.cl\/rmsuroriente\/colegio-the-garden-school-de-la-florida-realizo-feria-cientifica-interescolar\/#breadcrumb\"},\"inLanguage\":\"es-CL\",\"potentialAction\":[{\"@type\":\"ReadAction\",\"target\":[\"https:\/\/explora.cl\/rmsuroriente\/colegio-the-garden-school-de-la-florida-realizo-feria-cientifica-interescolar\/\"]}]},{\"@type\":\"ImageObject\",\"inLanguage\":\"es-CL\",\"@id\":\"https:\/\/explora.cl\/rmsuroriente\/colegio-the-garden-school-de-la-florida-realizo-feria-cientifica-interescolar\/#primaryimage\",\"url\":\"\",\"contentUrl\":\"\"},{\"@type\":\"BreadcrumbList\",\"@id\":\"https:\/\/explora.cl\/rmsuroriente\/colegio-the-garden-school-de-la-florida-realizo-feria-cientifica-interescolar\/#breadcrumb\",\"itemListElement\":[{\"@type\":\"ListItem\",\"position\":1,\"name\":\"Portada\",\"item\":\"https:\/\/explora.cl\/rmsuroriente\/\"},{\"@type\":\"ListItem\",\"position\":2,\"name\":\"Colegio The Grace School de La Florida realiz\u00f3 Feria Cient\u00edfica Interescolar\"}]},{\"@type\":\"WebSite\",\"@id\":\"https:\/\/explora.cl\/rmsuroriente\/#website\",\"url\":\"https:\/\/explora.cl\/rmsuroriente\/\",\"name\":\"RM Sur Oriente\",\"description\":\"Otro sitio m\u00e1s de explora.cl\",\"publisher\":{\"@id\":\"https:\/\/explora.cl\/rmsuroriente\/#organization\"},\"potentialAction\":[{\"@type\":\"SearchAction\",\"target\":{\"@type\":\"EntryPoint\",\"urlTemplate\":\"https:\/\/explora.cl\/rmsuroriente\/?s={search_term_string}\"},\"query-input\":{\"@type\":\"PropertyValueSpecification\",\"valueRequired\":true,\"valueName\":\"search_term_string\"}}],\"inLanguage\":\"es-CL\"},{\"@type\":\"Organization\",\"@id\":\"https:\/\/explora.cl\/rmsuroriente\/#organization\",\"name\":\"RM Sur Oriente\",\"url\":\"https:\/\/explora.cl\/rmsuroriente\/\",\"logo\":{\"@type\":\"ImageObject\",\"inLanguage\":\"es-CL\",\"@id\":\"https:\/\/explora.cl\/rmsuroriente\/#\/schema\/logo\/image\/\",\"url\":\"https:\/\/explora.cl\/rmsuroriente\/wp-content\/uploads\/sites\/12\/2025\/04\/cropped-LogoPAR_RMSO-Azul-UC.png\",\"contentUrl\":\"https:\/\/explora.cl\/rmsuroriente\/wp-content\/uploads\/sites\/12\/2025\/04\/cropped-LogoPAR_RMSO-Azul-UC.png\",\"width\":411,\"height\":409,\"caption\":\"RM Sur Oriente\"},\"image\":{\"@id\":\"https:\/\/explora.cl\/rmsuroriente\/#\/schema\/logo\/image\/\"}},{\"@type\":\"Person\",\"@id\":\"https:\/\/explora.cl\/rmsuroriente\/#\/schema\/person\/cb8349c13ea2d324080adf8480d7ba5d\",\"name\":\"webman\",\"image\":{\"@type\":\"ImageObject\",\"inLanguage\":\"es-CL\",\"@id\":\"https:\/\/explora.cl\/rmsuroriente\/#\/schema\/person\/image\/\",\"url\":\"https:\/\/secure.gravatar.com\/avatar\/eeff3c82f2c02f7177d13663b7e6f890e9a6a0647ce9bb29cae02dcb094c7312?s=96&d=mm&r=g\",\"contentUrl\":\"https:\/\/secure.gravatar.com\/avatar\/eeff3c82f2c02f7177d13663b7e6f890e9a6a0647ce9bb29cae02dcb094c7312?s=96&d=mm&r=g\",\"caption\":\"webman\"},\"url\":\"https:\/\/explora.cl\/rmsuroriente\/author\/webman\/\"}]}<\/script>\n<!-- \/ Yoast SEO plugin. -->","yoast_head_json":{"title":"Colegio The Grace School de La Florida realiz\u00f3 Feria Cient\u00edfica Interescolar - RM Sur Oriente","robots":{"index":"index","follow":"follow","max-snippet":"max-snippet:-1","max-image-preview":"max-image-preview:large","max-video-preview":"max-video-preview:-1"},"canonical":"https:\/\/explora.cl\/rmsuroriente\/colegio-the-garden-school-de-la-florida-realizo-feria-cientifica-interescolar\/","og_locale":"es_ES","og_type":"article","og_title":"Colegio The Grace School de La Florida realiz\u00f3 Feria Cient\u00edfica Interescolar - RM Sur Oriente","og_description":"Este jueves 6 de noviembre se llev\u00f3 a cabo la IV Feria Cient\u00edfica Interescolar del Colegio The Grace School, una actividad que lleva como lema \u201cCiencia en Acci\u00f3n\u201d y que busca fomentar la investigaci\u00f3n escolar entre los estudiantes y los docentes. La feria cont\u00f3 con 32 proyectos cient\u00edficos realizados por 43 alumnos de segundo a [&hellip;]","og_url":"https:\/\/explora.cl\/rmsuroriente\/colegio-the-garden-school-de-la-florida-realizo-feria-cientifica-interescolar\/","og_site_name":"RM Sur Oriente","article_published_time":"2014-11-17T15:16:20+00:00","article_modified_time":"2019-05-20T17:38:20+00:00","author":"webman","twitter_card":"summary_large_image","twitter_misc":{"Escrito por":"webman","Tiempo estimado de lectura":"2 minutos"},"schema":{"@context":"https:\/\/schema.org","@graph":[{"@type":"Article","@id":"https:\/\/explora.cl\/rmsuroriente\/colegio-the-garden-school-de-la-florida-realizo-feria-cientifica-interescolar\/#article","isPartOf":{"@id":"https:\/\/explora.cl\/rmsuroriente\/colegio-the-garden-school-de-la-florida-realizo-feria-cientifica-interescolar\/"},"author":{"name":"webman","@id":"https:\/\/explora.cl\/rmsuroriente\/#\/schema\/person\/cb8349c13ea2d324080adf8480d7ba5d"},"headline":"Colegio The Grace School de La Florida realiz\u00f3 Feria Cient\u00edfica Interescolar","datePublished":"2014-11-17T15:16:20+00:00","dateModified":"2019-05-20T17:38:20+00:00","mainEntityOfPage":{"@id":"https:\/\/explora.cl\/rmsuroriente\/colegio-the-garden-school-de-la-florida-realizo-feria-cientifica-interescolar\/"},"wordCount":399,"publisher":{"@id":"https:\/\/explora.cl\/rmsuroriente\/#organization"},"image":{"@id":"https:\/\/explora.cl\/rmsuroriente\/colegio-the-garden-school-de-la-florida-realizo-feria-cientifica-interescolar\/#primaryimage"},"thumbnailUrl":"","articleSection":["Noticias"],"inLanguage":"es-CL"},{"@type":"WebPage","@id":"https:\/\/explora.cl\/rmsuroriente\/colegio-the-garden-school-de-la-florida-realizo-feria-cientifica-interescolar\/","url":"https:\/\/explora.cl\/rmsuroriente\/colegio-the-garden-school-de-la-florida-realizo-feria-cientifica-interescolar\/","name":"Colegio The Grace School de La Florida realiz\u00f3 Feria Cient\u00edfica Interescolar - RM Sur Oriente","isPartOf":{"@id":"https:\/\/explora.cl\/rmsuroriente\/#website"},"primaryImageOfPage":{"@id":"https:\/\/explora.cl\/rmsuroriente\/colegio-the-garden-school-de-la-florida-realizo-feria-cientifica-interescolar\/#primaryimage"},"image":{"@id":"https:\/\/explora.cl\/rmsuroriente\/colegio-the-garden-school-de-la-florida-realizo-feria-cientifica-interescolar\/#primaryimage"},"thumbnailUrl":"","datePublished":"2014-11-17T15:16:20+00:00","dateModified":"2019-05-20T17:38:20+00:00","breadcrumb":{"@id":"https:\/\/explora.cl\/rmsuroriente\/colegio-the-garden-school-de-la-florida-realizo-feria-cientifica-interescolar\/#breadcrumb"},"inLanguage":"es-CL","potentialAction":[{"@type":"ReadAction","target":["https:\/\/explora.cl\/rmsuroriente\/colegio-the-garden-school-de-la-florida-realizo-feria-cientifica-interescolar\/"]}]},{"@type":"ImageObject","inLanguage":"es-CL","@id":"https:\/\/explora.cl\/rmsuroriente\/colegio-the-garden-school-de-la-florida-realizo-feria-cientifica-interescolar\/#primaryimage","url":"","contentUrl":""},{"@type":"BreadcrumbList","@id":"https:\/\/explora.cl\/rmsuroriente\/colegio-the-garden-school-de-la-florida-realizo-feria-cientifica-interescolar\/#breadcrumb","itemListElement":[{"@type":"ListItem","position":1,"name":"Portada","item":"https:\/\/explora.cl\/rmsuroriente\/"},{"@type":"ListItem","position":2,"name":"Colegio The Grace School de La Florida realiz\u00f3 Feria Cient\u00edfica Interescolar"}]},{"@type":"WebSite","@id":"https:\/\/explora.cl\/rmsuroriente\/#website","url":"https:\/\/explora.cl\/rmsuroriente\/","name":"RM Sur Oriente","description":"Otro sitio m\u00e1s de explora.cl","publisher":{"@id":"https:\/\/explora.cl\/rmsuroriente\/#organization"},"potentialAction":[{"@type":"SearchAction","target":{"@type":"EntryPoint","urlTemplate":"https:\/\/explora.cl\/rmsuroriente\/?s={search_term_string}"},"query-input":{"@type":"PropertyValueSpecification","valueRequired":true,"valueName":"search_term_string"}}],"inLanguage":"es-CL"},{"@type":"Organization","@id":"https:\/\/explora.cl\/rmsuroriente\/#organization","name":"RM Sur Oriente","url":"https:\/\/explora.cl\/rmsuroriente\/","logo":{"@type":"ImageObject","inLanguage":"es-CL","@id":"https:\/\/explora.cl\/rmsuroriente\/#\/schema\/logo\/image\/","url":"https:\/\/explora.cl\/rmsuroriente\/wp-content\/uploads\/sites\/12\/2025\/04\/cropped-LogoPAR_RMSO-Azul-UC.png","contentUrl":"https:\/\/explora.cl\/rmsuroriente\/wp-content\/uploads\/sites\/12\/2025\/04\/cropped-LogoPAR_RMSO-Azul-UC.png","width":411,"height":409,"caption":"RM Sur Oriente"},"image":{"@id":"https:\/\/explora.cl\/rmsuroriente\/#\/schema\/logo\/image\/"}},{"@type":"Person","@id":"https:\/\/explora.cl\/rmsuroriente\/#\/schema\/person\/cb8349c13ea2d324080adf8480d7ba5d","name":"webman","image":{"@type":"ImageObject","inLanguage":"es-CL","@id":"https:\/\/explora.cl\/rmsuroriente\/#\/schema\/person\/image\/","url":"https:\/\/secure.gravatar.com\/avatar\/eeff3c82f2c02f7177d13663b7e6f890e9a6a0647ce9bb29cae02dcb094c7312?s=96&d=mm&r=g","contentUrl":"https:\/\/secure.gravatar.com\/avatar\/eeff3c82f2c02f7177d13663b7e6f890e9a6a0647ce9bb29cae02dcb094c7312?s=96&d=mm&r=g","caption":"webman"},"url":"https:\/\/explora.cl\/rmsuroriente\/author\/webman\/"}]}},"_links":{"self":[{"href":"https:\/\/explora.cl\/rmsuroriente\/wp-json\/wp\/v2\/posts\/1180","targetHints":{"allow":["GET"]}}],"collection":[{"href":"https:\/\/explora.cl\/rmsuroriente\/wp-json\/wp\/v2\/posts"}],"about":[{"href":"https:\/\/explora.cl\/rmsuroriente\/wp-json\/wp\/v2\/types\/post"}],"author":[{"embeddable":true,"href":"https:\/\/explora.cl\/rmsuroriente\/wp-json\/wp\/v2\/users\/2"}],"replies":[{"embeddable":true,"href":"https:\/\/explora.cl\/rmsuroriente\/wp-json\/wp\/v2\/comments?post=1180"}],"version-history":[{"count":1,"href":"https:\/\/explora.cl\/rmsuroriente\/wp-json\/wp\/v2\/posts\/1180\/revisions"}],"predecessor-version":[{"id":38179,"href":"https:\/\/explora.cl\/rmsuroriente\/wp-json\/wp\/v2\/posts\/1180\/revisions\/38179"}],"wp:featuredmedia":[{"embeddable":true,"href":"https:\/\/explora.cl\/rmsuroriente\/wp-json\/"}],"wp:attachment":[{"href":"https:\/\/explora.cl\/rmsuroriente\/wp-json\/wp\/v2\/media?parent=1180"}],"wp:term":[{"taxonomy":"category","embeddable":true,"href":"https:\/\/explora.cl\/rmsuroriente\/wp-json\/wp\/v2\/categories?post=1180"},{"taxonomy":"post_tag","embeddable":true,"href":"https:\/\/explora.cl\/rmsuroriente\/wp-json\/wp\/v2\/tags?post=1180"}],"curies":[{"name":"wp","href":"https:\/\/api.w.org\/{rel}","templated":true}]}}