{"id":1178,"date":"2014-11-18T14:13:16","date_gmt":"2014-11-18T14:13:16","guid":{"rendered":"https:\/\/explora.cl\/rmsuroriente\/blog\/2014\/11\/18\/v-version-de-feria-cientifica-interescolar-liceo-polivalente-maria-reina\/"},"modified":"2019-05-20T17:38:20","modified_gmt":"2019-05-20T17:38:20","slug":"v-version-de-feria-cientifica-interescolar-liceo-polivalente-maria-reina","status":"publish","type":"post","link":"https:\/\/explora.cl\/rmsuroriente\/v-version-de-feria-cientifica-interescolar-liceo-polivalente-maria-reina\/","title":{"rendered":"V Versi\u00f3n de Feria Cient\u00edfica Interescolar Liceo Polivalente Mar\u00eda Reina"},"content":{"rendered":"<p><img fetchpriority=\"high\" decoding=\"async\" class=\" size-full wp-image-7367\" src=\"http:\/\/ec2-34-218-253-251.us-west-2.compute.amazonaws.com\/wp-content\/uploads\/2014\/11\/ff5ccb66e4b85819598219b8dc06177f.jpg\" alt=\"\" width=\"500\" height=\"285\" \/><\/p>\n<p>El <span>Martes 25 de Noviembre<\/span>\u00a0entre las 10:00 y las 15:30 horas, se desarrollar\u00e1 la<strong>\u00a0V Versi\u00f3n de Feria Cient\u00edfica Interescolar Liceo Polivalente Mar\u00eda Reina<\/strong> organizada por el mismo establecimiento, con apoyo del PAR EXPLORA RM Zona Sur Oriente.<\/p>\n<p>Esta actividad est\u00e1 abierta a la participaci\u00f3n de otros colegios en la competencia de proyectos, con stands donde podr\u00e1n mostrar a la comunidad escolar sus investigaciones cient\u00edficas.<\/p>\n<p>Para participar y\/o visitar esta feria , los interesados e interesadas deben contactarse con la profesora coordinadora <span>Silvia D\u00edaz Hidalgo<\/span>\u00a0al mail\u00a0<a href=\"mailto:silvia_dh@hotmail.com\" target=\"_blank\" rel=\"noopener noreferrer\">silvia_dh@hotmail.com<\/a>\u00a0tel\u00e9fono\u00a0<span>2653772 \/ 56490987<\/span><\/p>\n<p><strong>Lugar:\u00a0<span>Maestro Palomo 0420, Puente Alto.<\/span><\/strong><\/p>\n","protected":false},"excerpt":{"rendered":"<p>El Martes 25 de Noviembre\u00a0entre las 10:00 y las 15:30 horas, se desarrollar\u00e1 la\u00a0V Versi\u00f3n de Feria Cient\u00edfica Interescolar Liceo Polivalente Mar\u00eda Reina organizada por el mismo establecimiento, con apoyo del PAR EXPLORA RM Zona Sur Oriente. Esta actividad est\u00e1 abierta a la participaci\u00f3n de otros colegios en la competencia de proyectos, con stands donde [&hellip;]<\/p>\n","protected":false},"author":2,"featured_media":7367,"comment_status":"closed","ping_status":"open","sticky":false,"template":"","format":"standard","meta":{"_acf_changed":false,"_exactmetrics_skip_tracking":false,"_exactmetrics_sitenote_active":false,"_exactmetrics_sitenote_note":"","_exactmetrics_sitenote_category":0,"footnotes":"","_links_to":"","_links_to_target":""},"categories":[4],"tags":[],"class_list":["post-1178","post","type-post","status-publish","format-standard","has-post-thumbnail","hentry","category-noticias"],"acf":[],"yoast_head":"<!-- This site is optimized with the Yoast SEO plugin v26.9 - https:\/\/yoast.com\/product\/yoast-seo-wordpress\/ -->\n<title>V Versi\u00f3n de Feria Cient\u00edfica Interescolar Liceo Polivalente Mar\u00eda Reina - RM Sur Oriente<\/title>\n<meta name=\"robots\" content=\"index, follow, max-snippet:-1, max-image-preview:large, max-video-preview:-1\" \/>\n<link rel=\"canonical\" href=\"https:\/\/explora.cl\/rmsuroriente\/v-version-de-feria-cientifica-interescolar-liceo-polivalente-maria-reina\/\" class=\"yoast-seo-meta-tag\" \/>\n<meta property=\"og:locale\" content=\"es_ES\" class=\"yoast-seo-meta-tag\" \/>\n<meta property=\"og:type\" content=\"article\" class=\"yoast-seo-meta-tag\" \/>\n<meta property=\"og:title\" content=\"V Versi\u00f3n de Feria Cient\u00edfica Interescolar Liceo Polivalente Mar\u00eda Reina - RM Sur Oriente\" class=\"yoast-seo-meta-tag\" \/>\n<meta property=\"og:description\" content=\"El Martes 25 de Noviembre\u00a0entre las 10:00 y las 15:30 horas, se desarrollar\u00e1 la\u00a0V Versi\u00f3n de Feria Cient\u00edfica Interescolar Liceo Polivalente Mar\u00eda Reina organizada por el mismo establecimiento, con apoyo del PAR EXPLORA RM Zona Sur Oriente. Esta actividad est\u00e1 abierta a la participaci\u00f3n de otros colegios en la competencia de proyectos, con stands donde [&hellip;]\" class=\"yoast-seo-meta-tag\" \/>\n<meta property=\"og:url\" content=\"https:\/\/explora.cl\/rmsuroriente\/v-version-de-feria-cientifica-interescolar-liceo-polivalente-maria-reina\/\" class=\"yoast-seo-meta-tag\" \/>\n<meta property=\"og:site_name\" content=\"RM Sur Oriente\" class=\"yoast-seo-meta-tag\" \/>\n<meta property=\"article:published_time\" content=\"2014-11-18T14:13:16+00:00\" class=\"yoast-seo-meta-tag\" \/>\n<meta property=\"article:modified_time\" content=\"2019-05-20T17:38:20+00:00\" class=\"yoast-seo-meta-tag\" \/>\n<meta name=\"author\" content=\"webman\" class=\"yoast-seo-meta-tag\" \/>\n<meta name=\"twitter:card\" content=\"summary_large_image\" class=\"yoast-seo-meta-tag\" \/>\n<meta name=\"twitter:label1\" content=\"Escrito por\" class=\"yoast-seo-meta-tag\" \/>\n\t<meta name=\"twitter:data1\" content=\"webman\" class=\"yoast-seo-meta-tag\" \/>\n\t<meta name=\"twitter:label2\" content=\"Tiempo estimado de lectura\" class=\"yoast-seo-meta-tag\" \/>\n\t<meta name=\"twitter:data2\" content=\"1 minuto\" class=\"yoast-seo-meta-tag\" \/>\n<script type=\"application\/ld+json\" class=\"yoast-schema-graph\">{\"@context\":\"https:\/\/schema.org\",\"@graph\":[{\"@type\":\"Article\",\"@id\":\"https:\/\/explora.cl\/rmsuroriente\/v-version-de-feria-cientifica-interescolar-liceo-polivalente-maria-reina\/#article\",\"isPartOf\":{\"@id\":\"https:\/\/explora.cl\/rmsuroriente\/v-version-de-feria-cientifica-interescolar-liceo-polivalente-maria-reina\/\"},\"author\":{\"name\":\"webman\",\"@id\":\"https:\/\/explora.cl\/rmsuroriente\/#\/schema\/person\/cb8349c13ea2d324080adf8480d7ba5d\"},\"headline\":\"V Versi\u00f3n de Feria Cient\u00edfica Interescolar Liceo Polivalente Mar\u00eda Reina\",\"datePublished\":\"2014-11-18T14:13:16+00:00\",\"dateModified\":\"2019-05-20T17:38:20+00:00\",\"mainEntityOfPage\":{\"@id\":\"https:\/\/explora.cl\/rmsuroriente\/v-version-de-feria-cientifica-interescolar-liceo-polivalente-maria-reina\/\"},\"wordCount\":116,\"publisher\":{\"@id\":\"https:\/\/explora.cl\/rmsuroriente\/#organization\"},\"image\":{\"@id\":\"https:\/\/explora.cl\/rmsuroriente\/v-version-de-feria-cientifica-interescolar-liceo-polivalente-maria-reina\/#primaryimage\"},\"thumbnailUrl\":\"\",\"articleSection\":[\"Noticias\"],\"inLanguage\":\"es-CL\"},{\"@type\":\"WebPage\",\"@id\":\"https:\/\/explora.cl\/rmsuroriente\/v-version-de-feria-cientifica-interescolar-liceo-polivalente-maria-reina\/\",\"url\":\"https:\/\/explora.cl\/rmsuroriente\/v-version-de-feria-cientifica-interescolar-liceo-polivalente-maria-reina\/\",\"name\":\"V Versi\u00f3n de Feria Cient\u00edfica Interescolar Liceo Polivalente Mar\u00eda Reina - RM Sur Oriente\",\"isPartOf\":{\"@id\":\"https:\/\/explora.cl\/rmsuroriente\/#website\"},\"primaryImageOfPage\":{\"@id\":\"https:\/\/explora.cl\/rmsuroriente\/v-version-de-feria-cientifica-interescolar-liceo-polivalente-maria-reina\/#primaryimage\"},\"image\":{\"@id\":\"https:\/\/explora.cl\/rmsuroriente\/v-version-de-feria-cientifica-interescolar-liceo-polivalente-maria-reina\/#primaryimage\"},\"thumbnailUrl\":\"\",\"datePublished\":\"2014-11-18T14:13:16+00:00\",\"dateModified\":\"2019-05-20T17:38:20+00:00\",\"breadcrumb\":{\"@id\":\"https:\/\/explora.cl\/rmsuroriente\/v-version-de-feria-cientifica-interescolar-liceo-polivalente-maria-reina\/#breadcrumb\"},\"inLanguage\":\"es-CL\",\"potentialAction\":[{\"@type\":\"ReadAction\",\"target\":[\"https:\/\/explora.cl\/rmsuroriente\/v-version-de-feria-cientifica-interescolar-liceo-polivalente-maria-reina\/\"]}]},{\"@type\":\"ImageObject\",\"inLanguage\":\"es-CL\",\"@id\":\"https:\/\/explora.cl\/rmsuroriente\/v-version-de-feria-cientifica-interescolar-liceo-polivalente-maria-reina\/#primaryimage\",\"url\":\"\",\"contentUrl\":\"\"},{\"@type\":\"BreadcrumbList\",\"@id\":\"https:\/\/explora.cl\/rmsuroriente\/v-version-de-feria-cientifica-interescolar-liceo-polivalente-maria-reina\/#breadcrumb\",\"itemListElement\":[{\"@type\":\"ListItem\",\"position\":1,\"name\":\"Portada\",\"item\":\"https:\/\/explora.cl\/rmsuroriente\/\"},{\"@type\":\"ListItem\",\"position\":2,\"name\":\"V Versi\u00f3n de Feria Cient\u00edfica Interescolar Liceo Polivalente Mar\u00eda Reina\"}]},{\"@type\":\"WebSite\",\"@id\":\"https:\/\/explora.cl\/rmsuroriente\/#website\",\"url\":\"https:\/\/explora.cl\/rmsuroriente\/\",\"name\":\"RM Sur Oriente\",\"description\":\"Otro sitio m\u00e1s de explora.cl\",\"publisher\":{\"@id\":\"https:\/\/explora.cl\/rmsuroriente\/#organization\"},\"potentialAction\":[{\"@type\":\"SearchAction\",\"target\":{\"@type\":\"EntryPoint\",\"urlTemplate\":\"https:\/\/explora.cl\/rmsuroriente\/?s={search_term_string}\"},\"query-input\":{\"@type\":\"PropertyValueSpecification\",\"valueRequired\":true,\"valueName\":\"search_term_string\"}}],\"inLanguage\":\"es-CL\"},{\"@type\":\"Organization\",\"@id\":\"https:\/\/explora.cl\/rmsuroriente\/#organization\",\"name\":\"RM Sur Oriente\",\"url\":\"https:\/\/explora.cl\/rmsuroriente\/\",\"logo\":{\"@type\":\"ImageObject\",\"inLanguage\":\"es-CL\",\"@id\":\"https:\/\/explora.cl\/rmsuroriente\/#\/schema\/logo\/image\/\",\"url\":\"https:\/\/explora.cl\/rmsuroriente\/wp-content\/uploads\/sites\/12\/2025\/04\/cropped-LogoPAR_RMSO-Azul-UC.png\",\"contentUrl\":\"https:\/\/explora.cl\/rmsuroriente\/wp-content\/uploads\/sites\/12\/2025\/04\/cropped-LogoPAR_RMSO-Azul-UC.png\",\"width\":411,\"height\":409,\"caption\":\"RM Sur Oriente\"},\"image\":{\"@id\":\"https:\/\/explora.cl\/rmsuroriente\/#\/schema\/logo\/image\/\"}},{\"@type\":\"Person\",\"@id\":\"https:\/\/explora.cl\/rmsuroriente\/#\/schema\/person\/cb8349c13ea2d324080adf8480d7ba5d\",\"name\":\"webman\",\"image\":{\"@type\":\"ImageObject\",\"inLanguage\":\"es-CL\",\"@id\":\"https:\/\/explora.cl\/rmsuroriente\/#\/schema\/person\/image\/\",\"url\":\"https:\/\/secure.gravatar.com\/avatar\/eeff3c82f2c02f7177d13663b7e6f890e9a6a0647ce9bb29cae02dcb094c7312?s=96&d=mm&r=g\",\"contentUrl\":\"https:\/\/secure.gravatar.com\/avatar\/eeff3c82f2c02f7177d13663b7e6f890e9a6a0647ce9bb29cae02dcb094c7312?s=96&d=mm&r=g\",\"caption\":\"webman\"},\"url\":\"https:\/\/explora.cl\/rmsuroriente\/author\/webman\/\"}]}<\/script>\n<!-- \/ Yoast SEO plugin. -->","yoast_head_json":{"title":"V Versi\u00f3n de Feria Cient\u00edfica Interescolar Liceo Polivalente Mar\u00eda Reina - RM Sur Oriente","robots":{"index":"index","follow":"follow","max-snippet":"max-snippet:-1","max-image-preview":"max-image-preview:large","max-video-preview":"max-video-preview:-1"},"canonical":"https:\/\/explora.cl\/rmsuroriente\/v-version-de-feria-cientifica-interescolar-liceo-polivalente-maria-reina\/","og_locale":"es_ES","og_type":"article","og_title":"V Versi\u00f3n de Feria Cient\u00edfica Interescolar Liceo Polivalente Mar\u00eda Reina - RM Sur Oriente","og_description":"El Martes 25 de Noviembre\u00a0entre las 10:00 y las 15:30 horas, se desarrollar\u00e1 la\u00a0V Versi\u00f3n de Feria Cient\u00edfica Interescolar Liceo Polivalente Mar\u00eda Reina organizada por el mismo establecimiento, con apoyo del PAR EXPLORA RM Zona Sur Oriente. Esta actividad est\u00e1 abierta a la participaci\u00f3n de otros colegios en la competencia de proyectos, con stands donde [&hellip;]","og_url":"https:\/\/explora.cl\/rmsuroriente\/v-version-de-feria-cientifica-interescolar-liceo-polivalente-maria-reina\/","og_site_name":"RM Sur Oriente","article_published_time":"2014-11-18T14:13:16+00:00","article_modified_time":"2019-05-20T17:38:20+00:00","author":"webman","twitter_card":"summary_large_image","twitter_misc":{"Escrito por":"webman","Tiempo estimado de lectura":"1 minuto"},"schema":{"@context":"https:\/\/schema.org","@graph":[{"@type":"Article","@id":"https:\/\/explora.cl\/rmsuroriente\/v-version-de-feria-cientifica-interescolar-liceo-polivalente-maria-reina\/#article","isPartOf":{"@id":"https:\/\/explora.cl\/rmsuroriente\/v-version-de-feria-cientifica-interescolar-liceo-polivalente-maria-reina\/"},"author":{"name":"webman","@id":"https:\/\/explora.cl\/rmsuroriente\/#\/schema\/person\/cb8349c13ea2d324080adf8480d7ba5d"},"headline":"V Versi\u00f3n de Feria Cient\u00edfica Interescolar Liceo Polivalente Mar\u00eda Reina","datePublished":"2014-11-18T14:13:16+00:00","dateModified":"2019-05-20T17:38:20+00:00","mainEntityOfPage":{"@id":"https:\/\/explora.cl\/rmsuroriente\/v-version-de-feria-cientifica-interescolar-liceo-polivalente-maria-reina\/"},"wordCount":116,"publisher":{"@id":"https:\/\/explora.cl\/rmsuroriente\/#organization"},"image":{"@id":"https:\/\/explora.cl\/rmsuroriente\/v-version-de-feria-cientifica-interescolar-liceo-polivalente-maria-reina\/#primaryimage"},"thumbnailUrl":"","articleSection":["Noticias"],"inLanguage":"es-CL"},{"@type":"WebPage","@id":"https:\/\/explora.cl\/rmsuroriente\/v-version-de-feria-cientifica-interescolar-liceo-polivalente-maria-reina\/","url":"https:\/\/explora.cl\/rmsuroriente\/v-version-de-feria-cientifica-interescolar-liceo-polivalente-maria-reina\/","name":"V Versi\u00f3n de Feria Cient\u00edfica Interescolar Liceo Polivalente Mar\u00eda Reina - RM Sur Oriente","isPartOf":{"@id":"https:\/\/explora.cl\/rmsuroriente\/#website"},"primaryImageOfPage":{"@id":"https:\/\/explora.cl\/rmsuroriente\/v-version-de-feria-cientifica-interescolar-liceo-polivalente-maria-reina\/#primaryimage"},"image":{"@id":"https:\/\/explora.cl\/rmsuroriente\/v-version-de-feria-cientifica-interescolar-liceo-polivalente-maria-reina\/#primaryimage"},"thumbnailUrl":"","datePublished":"2014-11-18T14:13:16+00:00","dateModified":"2019-05-20T17:38:20+00:00","breadcrumb":{"@id":"https:\/\/explora.cl\/rmsuroriente\/v-version-de-feria-cientifica-interescolar-liceo-polivalente-maria-reina\/#breadcrumb"},"inLanguage":"es-CL","potentialAction":[{"@type":"ReadAction","target":["https:\/\/explora.cl\/rmsuroriente\/v-version-de-feria-cientifica-interescolar-liceo-polivalente-maria-reina\/"]}]},{"@type":"ImageObject","inLanguage":"es-CL","@id":"https:\/\/explora.cl\/rmsuroriente\/v-version-de-feria-cientifica-interescolar-liceo-polivalente-maria-reina\/#primaryimage","url":"","contentUrl":""},{"@type":"BreadcrumbList","@id":"https:\/\/explora.cl\/rmsuroriente\/v-version-de-feria-cientifica-interescolar-liceo-polivalente-maria-reina\/#breadcrumb","itemListElement":[{"@type":"ListItem","position":1,"name":"Portada","item":"https:\/\/explora.cl\/rmsuroriente\/"},{"@type":"ListItem","position":2,"name":"V Versi\u00f3n de Feria Cient\u00edfica Interescolar Liceo Polivalente Mar\u00eda Reina"}]},{"@type":"WebSite","@id":"https:\/\/explora.cl\/rmsuroriente\/#website","url":"https:\/\/explora.cl\/rmsuroriente\/","name":"RM Sur Oriente","description":"Otro sitio m\u00e1s de explora.cl","publisher":{"@id":"https:\/\/explora.cl\/rmsuroriente\/#organization"},"potentialAction":[{"@type":"SearchAction","target":{"@type":"EntryPoint","urlTemplate":"https:\/\/explora.cl\/rmsuroriente\/?s={search_term_string}"},"query-input":{"@type":"PropertyValueSpecification","valueRequired":true,"valueName":"search_term_string"}}],"inLanguage":"es-CL"},{"@type":"Organization","@id":"https:\/\/explora.cl\/rmsuroriente\/#organization","name":"RM Sur Oriente","url":"https:\/\/explora.cl\/rmsuroriente\/","logo":{"@type":"ImageObject","inLanguage":"es-CL","@id":"https:\/\/explora.cl\/rmsuroriente\/#\/schema\/logo\/image\/","url":"https:\/\/explora.cl\/rmsuroriente\/wp-content\/uploads\/sites\/12\/2025\/04\/cropped-LogoPAR_RMSO-Azul-UC.png","contentUrl":"https:\/\/explora.cl\/rmsuroriente\/wp-content\/uploads\/sites\/12\/2025\/04\/cropped-LogoPAR_RMSO-Azul-UC.png","width":411,"height":409,"caption":"RM Sur Oriente"},"image":{"@id":"https:\/\/explora.cl\/rmsuroriente\/#\/schema\/logo\/image\/"}},{"@type":"Person","@id":"https:\/\/explora.cl\/rmsuroriente\/#\/schema\/person\/cb8349c13ea2d324080adf8480d7ba5d","name":"webman","image":{"@type":"ImageObject","inLanguage":"es-CL","@id":"https:\/\/explora.cl\/rmsuroriente\/#\/schema\/person\/image\/","url":"https:\/\/secure.gravatar.com\/avatar\/eeff3c82f2c02f7177d13663b7e6f890e9a6a0647ce9bb29cae02dcb094c7312?s=96&d=mm&r=g","contentUrl":"https:\/\/secure.gravatar.com\/avatar\/eeff3c82f2c02f7177d13663b7e6f890e9a6a0647ce9bb29cae02dcb094c7312?s=96&d=mm&r=g","caption":"webman"},"url":"https:\/\/explora.cl\/rmsuroriente\/author\/webman\/"}]}},"_links":{"self":[{"href":"https:\/\/explora.cl\/rmsuroriente\/wp-json\/wp\/v2\/posts\/1178","targetHints":{"allow":["GET"]}}],"collection":[{"href":"https:\/\/explora.cl\/rmsuroriente\/wp-json\/wp\/v2\/posts"}],"about":[{"href":"https:\/\/explora.cl\/rmsuroriente\/wp-json\/wp\/v2\/types\/post"}],"author":[{"embeddable":true,"href":"https:\/\/explora.cl\/rmsuroriente\/wp-json\/wp\/v2\/users\/2"}],"replies":[{"embeddable":true,"href":"https:\/\/explora.cl\/rmsuroriente\/wp-json\/wp\/v2\/comments?post=1178"}],"version-history":[{"count":1,"href":"https:\/\/explora.cl\/rmsuroriente\/wp-json\/wp\/v2\/posts\/1178\/revisions"}],"predecessor-version":[{"id":38178,"href":"https:\/\/explora.cl\/rmsuroriente\/wp-json\/wp\/v2\/posts\/1178\/revisions\/38178"}],"wp:featuredmedia":[{"embeddable":true,"href":"https:\/\/explora.cl\/rmsuroriente\/wp-json\/"}],"wp:attachment":[{"href":"https:\/\/explora.cl\/rmsuroriente\/wp-json\/wp\/v2\/media?parent=1178"}],"wp:term":[{"taxonomy":"category","embeddable":true,"href":"https:\/\/explora.cl\/rmsuroriente\/wp-json\/wp\/v2\/categories?post=1178"},{"taxonomy":"post_tag","embeddable":true,"href":"https:\/\/explora.cl\/rmsuroriente\/wp-json\/wp\/v2\/tags?post=1178"}],"curies":[{"name":"wp","href":"https:\/\/api.w.org\/{rel}","templated":true}]}}