{"id":1176,"date":"2014-11-18T17:36:02","date_gmt":"2014-11-18T17:36:02","guid":{"rendered":"https:\/\/explora.cl\/rmsuroriente\/blog\/2014\/11\/18\/este-viernes-finalizo-el-campamento-explora-chile-va-region-metropolitana\/"},"modified":"2019-05-20T17:38:19","modified_gmt":"2019-05-20T17:38:19","slug":"este-viernes-finalizo-el-campamento-explora-chile-va-region-metropolitana","status":"publish","type":"post","link":"https:\/\/explora.cl\/rmsuroriente\/este-viernes-finalizo-el-campamento-explora-chile-va-region-metropolitana\/","title":{"rendered":"Este viernes finaliz\u00f3 el campamento Explora Chile Va! Regi\u00f3n Metropolitana"},"content":{"rendered":"<p><img fetchpriority=\"high\" decoding=\"async\" class=\" size-full wp-image-7375\" src=\"http:\/\/ec2-34-218-253-251.us-west-2.compute.amazonaws.com\/wp-content\/uploads\/2014\/11\/ec24f4af33c48bef18b460fc03b8b352.jpg\" alt=\"\" width=\"960\" height=\"627\" \/><\/p>\n<p><strong>M\u00e1s de 130 j\u00f3venes representantes de 20 comunas de la Regi\u00f3n Metropolitana pudieron ser parte de esta experiencia \u00fanica, donde conversaron con destacados expositores, adem\u00e1s de ser parte de actividades de ciencia y tecnolog\u00eda. <\/strong><\/p>\n<p>Con la charla de emprendimiento realizada por el m\u00e9dico veterinario Sebasti\u00e1n Jim\u00e9nez y el lanzamiento de cohetes, concluy\u00f3 el \u00faltimo d\u00eda de actividades en Chile Va! RM, una iniciativa realizada por la Fundaci\u00f3n Facultad de Ciencias Veterinarias y Pecuarias de la Universidad de Chile (FAVET) en el marco del Concurso de Campamentos de Ciencia y Tecnolog\u00eda e Innovaci\u00f3n EXPLORA Chile Va! 2014.<\/p>\n<p>La actividad, que comenz\u00f3 el domingo 9 de noviembre en la Hacienda Picarqu\u00edn en San Francisco de Mostazal,\u00a0 Regi\u00f3n de O\u2019Higgins, cont\u00f3 con visitas a la Central Hidroel\u00e9ctrica Guayac\u00e1n,talleres de rob\u00f3tica realizados por la Escuela de Verano de la Universidad de Chile, y el Fixture del F\u00fatbol Chileno delInstituto Sistemas Complejos de Ingenier\u00eda (ISCI).<\/p>\n<p>En esta oportunidad, los j\u00f3venes seleccionados de segundo y tercero medio de distintos establecimientos de la Regi\u00f3n Metropolitana, pudieron conocer a la Dra. en F\u00edsica <strong>Dora Altbir, <\/strong>tambi\u00e9n a <strong>Fernando Fredes,<\/strong> Vicedecano de la Facultad de Ciencias Veterinarias y Pecuarias de la Universidad de Chile, y a <strong>Andr\u00e9s Weintraub, <\/strong>\u00a0Premio Nacional de Ciencias Aplicadas 2000.<\/p>\n<p>\u00a0\u201cYo creo que las cosas positivas del Chile Va!, tienen que ver con mostrarles a los chicos la importancia de generar sus propios proyectos de vida, si lo hacemos asociados a la ciencia y la tecnolog\u00eda mejoramos el desarrollo del pa\u00eds, podemos mirar con mayor esperanza el tener un Chile desarrollado pero a escala humana, con preocupaciones asociadas a lo cotidiano\u201d indic\u00f3 Ra\u00fal Gonz\u00e1lez, Director del Campamento EXPLORA Chile Va! Regi\u00f3n Metropolitana.<\/p>\n<p>Es importante se\u00f1alar que, desde el domingo 16 hasta el viernes 21 de noviembre, m\u00e1s de 120 alumnos de la Regi\u00f3n de Valpara\u00edso, tambi\u00e9n est\u00e1n siendo parte de esta iniciativa donde conocer\u00e1n a distintos expositores como el Dr. en F\u00edsica Eugenio Vogel y el\u00a0Premio Nacional\u00a0de Ciencias Aplicadas y Tecnol\u00f3gicas 2004,\u00a0Juan Asenjo.<\/p>\n","protected":false},"excerpt":{"rendered":"<p>M\u00e1s de 130 j\u00f3venes representantes de 20 comunas de la Regi\u00f3n Metropolitana pudieron ser parte de esta experiencia \u00fanica, donde conversaron con destacados expositores, adem\u00e1s de ser parte de actividades de ciencia y tecnolog\u00eda. Con la charla de emprendimiento realizada por el m\u00e9dico veterinario Sebasti\u00e1n Jim\u00e9nez y el lanzamiento de cohetes, concluy\u00f3 el \u00faltimo d\u00eda [&hellip;]<\/p>\n","protected":false},"author":2,"featured_media":7375,"comment_status":"closed","ping_status":"open","sticky":false,"template":"","format":"standard","meta":{"_acf_changed":false,"_exactmetrics_skip_tracking":false,"_exactmetrics_sitenote_active":false,"_exactmetrics_sitenote_note":"","_exactmetrics_sitenote_category":0,"footnotes":"","_links_to":"","_links_to_target":""},"categories":[4],"tags":[],"class_list":["post-1176","post","type-post","status-publish","format-standard","has-post-thumbnail","hentry","category-noticias"],"acf":[],"yoast_head":"<!-- This site is optimized with the Yoast SEO plugin v26.9 - https:\/\/yoast.com\/product\/yoast-seo-wordpress\/ -->\n<title>Este viernes finaliz\u00f3 el campamento Explora Chile Va! Regi\u00f3n Metropolitana - RM Sur Oriente<\/title>\n<meta name=\"robots\" content=\"index, follow, max-snippet:-1, max-image-preview:large, max-video-preview:-1\" \/>\n<link rel=\"canonical\" href=\"https:\/\/explora.cl\/rmsuroriente\/este-viernes-finalizo-el-campamento-explora-chile-va-region-metropolitana\/\" class=\"yoast-seo-meta-tag\" \/>\n<meta property=\"og:locale\" content=\"es_ES\" class=\"yoast-seo-meta-tag\" \/>\n<meta property=\"og:type\" content=\"article\" class=\"yoast-seo-meta-tag\" \/>\n<meta property=\"og:title\" content=\"Este viernes finaliz\u00f3 el campamento Explora Chile Va! Regi\u00f3n Metropolitana - RM Sur Oriente\" class=\"yoast-seo-meta-tag\" \/>\n<meta property=\"og:description\" content=\"M\u00e1s de 130 j\u00f3venes representantes de 20 comunas de la Regi\u00f3n Metropolitana pudieron ser parte de esta experiencia \u00fanica, donde conversaron con destacados expositores, adem\u00e1s de ser parte de actividades de ciencia y tecnolog\u00eda. Con la charla de emprendimiento realizada por el m\u00e9dico veterinario Sebasti\u00e1n Jim\u00e9nez y el lanzamiento de cohetes, concluy\u00f3 el \u00faltimo d\u00eda [&hellip;]\" class=\"yoast-seo-meta-tag\" \/>\n<meta property=\"og:url\" content=\"https:\/\/explora.cl\/rmsuroriente\/este-viernes-finalizo-el-campamento-explora-chile-va-region-metropolitana\/\" class=\"yoast-seo-meta-tag\" \/>\n<meta property=\"og:site_name\" content=\"RM Sur Oriente\" class=\"yoast-seo-meta-tag\" \/>\n<meta property=\"article:published_time\" content=\"2014-11-18T17:36:02+00:00\" class=\"yoast-seo-meta-tag\" \/>\n<meta property=\"article:modified_time\" content=\"2019-05-20T17:38:19+00:00\" class=\"yoast-seo-meta-tag\" \/>\n<meta name=\"author\" content=\"webman\" class=\"yoast-seo-meta-tag\" \/>\n<meta name=\"twitter:card\" content=\"summary_large_image\" class=\"yoast-seo-meta-tag\" \/>\n<meta name=\"twitter:label1\" content=\"Escrito por\" class=\"yoast-seo-meta-tag\" \/>\n\t<meta name=\"twitter:data1\" content=\"webman\" class=\"yoast-seo-meta-tag\" \/>\n\t<meta name=\"twitter:label2\" content=\"Tiempo estimado de lectura\" class=\"yoast-seo-meta-tag\" \/>\n\t<meta name=\"twitter:data2\" content=\"2 minutos\" class=\"yoast-seo-meta-tag\" \/>\n<script type=\"application\/ld+json\" class=\"yoast-schema-graph\">{\"@context\":\"https:\/\/schema.org\",\"@graph\":[{\"@type\":\"Article\",\"@id\":\"https:\/\/explora.cl\/rmsuroriente\/este-viernes-finalizo-el-campamento-explora-chile-va-region-metropolitana\/#article\",\"isPartOf\":{\"@id\":\"https:\/\/explora.cl\/rmsuroriente\/este-viernes-finalizo-el-campamento-explora-chile-va-region-metropolitana\/\"},\"author\":{\"name\":\"webman\",\"@id\":\"https:\/\/explora.cl\/rmsuroriente\/#\/schema\/person\/cb8349c13ea2d324080adf8480d7ba5d\"},\"headline\":\"Este viernes finaliz\u00f3 el campamento Explora Chile Va! Regi\u00f3n Metropolitana\",\"datePublished\":\"2014-11-18T17:36:02+00:00\",\"dateModified\":\"2019-05-20T17:38:19+00:00\",\"mainEntityOfPage\":{\"@id\":\"https:\/\/explora.cl\/rmsuroriente\/este-viernes-finalizo-el-campamento-explora-chile-va-region-metropolitana\/\"},\"wordCount\":373,\"publisher\":{\"@id\":\"https:\/\/explora.cl\/rmsuroriente\/#organization\"},\"image\":{\"@id\":\"https:\/\/explora.cl\/rmsuroriente\/este-viernes-finalizo-el-campamento-explora-chile-va-region-metropolitana\/#primaryimage\"},\"thumbnailUrl\":\"\",\"articleSection\":[\"Noticias\"],\"inLanguage\":\"es-CL\"},{\"@type\":\"WebPage\",\"@id\":\"https:\/\/explora.cl\/rmsuroriente\/este-viernes-finalizo-el-campamento-explora-chile-va-region-metropolitana\/\",\"url\":\"https:\/\/explora.cl\/rmsuroriente\/este-viernes-finalizo-el-campamento-explora-chile-va-region-metropolitana\/\",\"name\":\"Este viernes finaliz\u00f3 el campamento Explora Chile Va! Regi\u00f3n Metropolitana - RM Sur Oriente\",\"isPartOf\":{\"@id\":\"https:\/\/explora.cl\/rmsuroriente\/#website\"},\"primaryImageOfPage\":{\"@id\":\"https:\/\/explora.cl\/rmsuroriente\/este-viernes-finalizo-el-campamento-explora-chile-va-region-metropolitana\/#primaryimage\"},\"image\":{\"@id\":\"https:\/\/explora.cl\/rmsuroriente\/este-viernes-finalizo-el-campamento-explora-chile-va-region-metropolitana\/#primaryimage\"},\"thumbnailUrl\":\"\",\"datePublished\":\"2014-11-18T17:36:02+00:00\",\"dateModified\":\"2019-05-20T17:38:19+00:00\",\"breadcrumb\":{\"@id\":\"https:\/\/explora.cl\/rmsuroriente\/este-viernes-finalizo-el-campamento-explora-chile-va-region-metropolitana\/#breadcrumb\"},\"inLanguage\":\"es-CL\",\"potentialAction\":[{\"@type\":\"ReadAction\",\"target\":[\"https:\/\/explora.cl\/rmsuroriente\/este-viernes-finalizo-el-campamento-explora-chile-va-region-metropolitana\/\"]}]},{\"@type\":\"ImageObject\",\"inLanguage\":\"es-CL\",\"@id\":\"https:\/\/explora.cl\/rmsuroriente\/este-viernes-finalizo-el-campamento-explora-chile-va-region-metropolitana\/#primaryimage\",\"url\":\"\",\"contentUrl\":\"\"},{\"@type\":\"BreadcrumbList\",\"@id\":\"https:\/\/explora.cl\/rmsuroriente\/este-viernes-finalizo-el-campamento-explora-chile-va-region-metropolitana\/#breadcrumb\",\"itemListElement\":[{\"@type\":\"ListItem\",\"position\":1,\"name\":\"Portada\",\"item\":\"https:\/\/explora.cl\/rmsuroriente\/\"},{\"@type\":\"ListItem\",\"position\":2,\"name\":\"Este viernes finaliz\u00f3 el campamento Explora Chile Va! Regi\u00f3n Metropolitana\"}]},{\"@type\":\"WebSite\",\"@id\":\"https:\/\/explora.cl\/rmsuroriente\/#website\",\"url\":\"https:\/\/explora.cl\/rmsuroriente\/\",\"name\":\"RM Sur Oriente\",\"description\":\"Otro sitio m\u00e1s de explora.cl\",\"publisher\":{\"@id\":\"https:\/\/explora.cl\/rmsuroriente\/#organization\"},\"potentialAction\":[{\"@type\":\"SearchAction\",\"target\":{\"@type\":\"EntryPoint\",\"urlTemplate\":\"https:\/\/explora.cl\/rmsuroriente\/?s={search_term_string}\"},\"query-input\":{\"@type\":\"PropertyValueSpecification\",\"valueRequired\":true,\"valueName\":\"search_term_string\"}}],\"inLanguage\":\"es-CL\"},{\"@type\":\"Organization\",\"@id\":\"https:\/\/explora.cl\/rmsuroriente\/#organization\",\"name\":\"RM Sur Oriente\",\"url\":\"https:\/\/explora.cl\/rmsuroriente\/\",\"logo\":{\"@type\":\"ImageObject\",\"inLanguage\":\"es-CL\",\"@id\":\"https:\/\/explora.cl\/rmsuroriente\/#\/schema\/logo\/image\/\",\"url\":\"https:\/\/explora.cl\/rmsuroriente\/wp-content\/uploads\/sites\/12\/2025\/04\/cropped-LogoPAR_RMSO-Azul-UC.png\",\"contentUrl\":\"https:\/\/explora.cl\/rmsuroriente\/wp-content\/uploads\/sites\/12\/2025\/04\/cropped-LogoPAR_RMSO-Azul-UC.png\",\"width\":411,\"height\":409,\"caption\":\"RM Sur Oriente\"},\"image\":{\"@id\":\"https:\/\/explora.cl\/rmsuroriente\/#\/schema\/logo\/image\/\"}},{\"@type\":\"Person\",\"@id\":\"https:\/\/explora.cl\/rmsuroriente\/#\/schema\/person\/cb8349c13ea2d324080adf8480d7ba5d\",\"name\":\"webman\",\"image\":{\"@type\":\"ImageObject\",\"inLanguage\":\"es-CL\",\"@id\":\"https:\/\/explora.cl\/rmsuroriente\/#\/schema\/person\/image\/\",\"url\":\"https:\/\/secure.gravatar.com\/avatar\/eeff3c82f2c02f7177d13663b7e6f890e9a6a0647ce9bb29cae02dcb094c7312?s=96&d=mm&r=g\",\"contentUrl\":\"https:\/\/secure.gravatar.com\/avatar\/eeff3c82f2c02f7177d13663b7e6f890e9a6a0647ce9bb29cae02dcb094c7312?s=96&d=mm&r=g\",\"caption\":\"webman\"},\"url\":\"https:\/\/explora.cl\/rmsuroriente\/author\/webman\/\"}]}<\/script>\n<!-- \/ Yoast SEO plugin. -->","yoast_head_json":{"title":"Este viernes finaliz\u00f3 el campamento Explora Chile Va! Regi\u00f3n Metropolitana - RM Sur Oriente","robots":{"index":"index","follow":"follow","max-snippet":"max-snippet:-1","max-image-preview":"max-image-preview:large","max-video-preview":"max-video-preview:-1"},"canonical":"https:\/\/explora.cl\/rmsuroriente\/este-viernes-finalizo-el-campamento-explora-chile-va-region-metropolitana\/","og_locale":"es_ES","og_type":"article","og_title":"Este viernes finaliz\u00f3 el campamento Explora Chile Va! Regi\u00f3n Metropolitana - RM Sur Oriente","og_description":"M\u00e1s de 130 j\u00f3venes representantes de 20 comunas de la Regi\u00f3n Metropolitana pudieron ser parte de esta experiencia \u00fanica, donde conversaron con destacados expositores, adem\u00e1s de ser parte de actividades de ciencia y tecnolog\u00eda. Con la charla de emprendimiento realizada por el m\u00e9dico veterinario Sebasti\u00e1n Jim\u00e9nez y el lanzamiento de cohetes, concluy\u00f3 el \u00faltimo d\u00eda [&hellip;]","og_url":"https:\/\/explora.cl\/rmsuroriente\/este-viernes-finalizo-el-campamento-explora-chile-va-region-metropolitana\/","og_site_name":"RM Sur Oriente","article_published_time":"2014-11-18T17:36:02+00:00","article_modified_time":"2019-05-20T17:38:19+00:00","author":"webman","twitter_card":"summary_large_image","twitter_misc":{"Escrito por":"webman","Tiempo estimado de lectura":"2 minutos"},"schema":{"@context":"https:\/\/schema.org","@graph":[{"@type":"Article","@id":"https:\/\/explora.cl\/rmsuroriente\/este-viernes-finalizo-el-campamento-explora-chile-va-region-metropolitana\/#article","isPartOf":{"@id":"https:\/\/explora.cl\/rmsuroriente\/este-viernes-finalizo-el-campamento-explora-chile-va-region-metropolitana\/"},"author":{"name":"webman","@id":"https:\/\/explora.cl\/rmsuroriente\/#\/schema\/person\/cb8349c13ea2d324080adf8480d7ba5d"},"headline":"Este viernes finaliz\u00f3 el campamento Explora Chile Va! Regi\u00f3n Metropolitana","datePublished":"2014-11-18T17:36:02+00:00","dateModified":"2019-05-20T17:38:19+00:00","mainEntityOfPage":{"@id":"https:\/\/explora.cl\/rmsuroriente\/este-viernes-finalizo-el-campamento-explora-chile-va-region-metropolitana\/"},"wordCount":373,"publisher":{"@id":"https:\/\/explora.cl\/rmsuroriente\/#organization"},"image":{"@id":"https:\/\/explora.cl\/rmsuroriente\/este-viernes-finalizo-el-campamento-explora-chile-va-region-metropolitana\/#primaryimage"},"thumbnailUrl":"","articleSection":["Noticias"],"inLanguage":"es-CL"},{"@type":"WebPage","@id":"https:\/\/explora.cl\/rmsuroriente\/este-viernes-finalizo-el-campamento-explora-chile-va-region-metropolitana\/","url":"https:\/\/explora.cl\/rmsuroriente\/este-viernes-finalizo-el-campamento-explora-chile-va-region-metropolitana\/","name":"Este viernes finaliz\u00f3 el campamento Explora Chile Va! Regi\u00f3n Metropolitana - RM Sur Oriente","isPartOf":{"@id":"https:\/\/explora.cl\/rmsuroriente\/#website"},"primaryImageOfPage":{"@id":"https:\/\/explora.cl\/rmsuroriente\/este-viernes-finalizo-el-campamento-explora-chile-va-region-metropolitana\/#primaryimage"},"image":{"@id":"https:\/\/explora.cl\/rmsuroriente\/este-viernes-finalizo-el-campamento-explora-chile-va-region-metropolitana\/#primaryimage"},"thumbnailUrl":"","datePublished":"2014-11-18T17:36:02+00:00","dateModified":"2019-05-20T17:38:19+00:00","breadcrumb":{"@id":"https:\/\/explora.cl\/rmsuroriente\/este-viernes-finalizo-el-campamento-explora-chile-va-region-metropolitana\/#breadcrumb"},"inLanguage":"es-CL","potentialAction":[{"@type":"ReadAction","target":["https:\/\/explora.cl\/rmsuroriente\/este-viernes-finalizo-el-campamento-explora-chile-va-region-metropolitana\/"]}]},{"@type":"ImageObject","inLanguage":"es-CL","@id":"https:\/\/explora.cl\/rmsuroriente\/este-viernes-finalizo-el-campamento-explora-chile-va-region-metropolitana\/#primaryimage","url":"","contentUrl":""},{"@type":"BreadcrumbList","@id":"https:\/\/explora.cl\/rmsuroriente\/este-viernes-finalizo-el-campamento-explora-chile-va-region-metropolitana\/#breadcrumb","itemListElement":[{"@type":"ListItem","position":1,"name":"Portada","item":"https:\/\/explora.cl\/rmsuroriente\/"},{"@type":"ListItem","position":2,"name":"Este viernes finaliz\u00f3 el campamento Explora Chile Va! Regi\u00f3n Metropolitana"}]},{"@type":"WebSite","@id":"https:\/\/explora.cl\/rmsuroriente\/#website","url":"https:\/\/explora.cl\/rmsuroriente\/","name":"RM Sur Oriente","description":"Otro sitio m\u00e1s de explora.cl","publisher":{"@id":"https:\/\/explora.cl\/rmsuroriente\/#organization"},"potentialAction":[{"@type":"SearchAction","target":{"@type":"EntryPoint","urlTemplate":"https:\/\/explora.cl\/rmsuroriente\/?s={search_term_string}"},"query-input":{"@type":"PropertyValueSpecification","valueRequired":true,"valueName":"search_term_string"}}],"inLanguage":"es-CL"},{"@type":"Organization","@id":"https:\/\/explora.cl\/rmsuroriente\/#organization","name":"RM Sur Oriente","url":"https:\/\/explora.cl\/rmsuroriente\/","logo":{"@type":"ImageObject","inLanguage":"es-CL","@id":"https:\/\/explora.cl\/rmsuroriente\/#\/schema\/logo\/image\/","url":"https:\/\/explora.cl\/rmsuroriente\/wp-content\/uploads\/sites\/12\/2025\/04\/cropped-LogoPAR_RMSO-Azul-UC.png","contentUrl":"https:\/\/explora.cl\/rmsuroriente\/wp-content\/uploads\/sites\/12\/2025\/04\/cropped-LogoPAR_RMSO-Azul-UC.png","width":411,"height":409,"caption":"RM Sur Oriente"},"image":{"@id":"https:\/\/explora.cl\/rmsuroriente\/#\/schema\/logo\/image\/"}},{"@type":"Person","@id":"https:\/\/explora.cl\/rmsuroriente\/#\/schema\/person\/cb8349c13ea2d324080adf8480d7ba5d","name":"webman","image":{"@type":"ImageObject","inLanguage":"es-CL","@id":"https:\/\/explora.cl\/rmsuroriente\/#\/schema\/person\/image\/","url":"https:\/\/secure.gravatar.com\/avatar\/eeff3c82f2c02f7177d13663b7e6f890e9a6a0647ce9bb29cae02dcb094c7312?s=96&d=mm&r=g","contentUrl":"https:\/\/secure.gravatar.com\/avatar\/eeff3c82f2c02f7177d13663b7e6f890e9a6a0647ce9bb29cae02dcb094c7312?s=96&d=mm&r=g","caption":"webman"},"url":"https:\/\/explora.cl\/rmsuroriente\/author\/webman\/"}]}},"_links":{"self":[{"href":"https:\/\/explora.cl\/rmsuroriente\/wp-json\/wp\/v2\/posts\/1176","targetHints":{"allow":["GET"]}}],"collection":[{"href":"https:\/\/explora.cl\/rmsuroriente\/wp-json\/wp\/v2\/posts"}],"about":[{"href":"https:\/\/explora.cl\/rmsuroriente\/wp-json\/wp\/v2\/types\/post"}],"author":[{"embeddable":true,"href":"https:\/\/explora.cl\/rmsuroriente\/wp-json\/wp\/v2\/users\/2"}],"replies":[{"embeddable":true,"href":"https:\/\/explora.cl\/rmsuroriente\/wp-json\/wp\/v2\/comments?post=1176"}],"version-history":[{"count":1,"href":"https:\/\/explora.cl\/rmsuroriente\/wp-json\/wp\/v2\/posts\/1176\/revisions"}],"predecessor-version":[{"id":38177,"href":"https:\/\/explora.cl\/rmsuroriente\/wp-json\/wp\/v2\/posts\/1176\/revisions\/38177"}],"wp:featuredmedia":[{"embeddable":true,"href":"https:\/\/explora.cl\/rmsuroriente\/wp-json\/"}],"wp:attachment":[{"href":"https:\/\/explora.cl\/rmsuroriente\/wp-json\/wp\/v2\/media?parent=1176"}],"wp:term":[{"taxonomy":"category","embeddable":true,"href":"https:\/\/explora.cl\/rmsuroriente\/wp-json\/wp\/v2\/categories?post=1176"},{"taxonomy":"post_tag","embeddable":true,"href":"https:\/\/explora.cl\/rmsuroriente\/wp-json\/wp\/v2\/tags?post=1176"}],"curies":[{"name":"wp","href":"https:\/\/api.w.org\/{rel}","templated":true}]}}