{"id":1174,"date":"2014-11-20T13:43:37","date_gmt":"2014-11-20T13:43:37","guid":{"rendered":"https:\/\/explora.cl\/rmsuroriente\/blog\/2014\/11\/20\/con-mas-de-120-alumnos-se-dio-el-vamos-al-campamento-explora-chile-va-region-de-valparaiso\/"},"modified":"2019-05-20T17:38:19","modified_gmt":"2019-05-20T17:38:19","slug":"con-mas-de-120-alumnos-se-dio-el-vamos-al-campamento-explora-chile-va-region-de-valparaiso","status":"publish","type":"post","link":"https:\/\/explora.cl\/rmsuroriente\/con-mas-de-120-alumnos-se-dio-el-vamos-al-campamento-explora-chile-va-region-de-valparaiso\/","title":{"rendered":"Con m\u00e1s de 120 alumnos se dio el vamos al campamento EXPLORA Chile Va! Regi\u00f3n de Valpara\u00edso"},"content":{"rendered":"<p><img fetchpriority=\"high\" decoding=\"async\" class=\" size-full wp-image-7412\" src=\"http:\/\/ec2-34-218-253-251.us-west-2.compute.amazonaws.com\/wp-content\/uploads\/2014\/11\/176305b02b8b14f75f2e6c696c06f6d6.jpg\" alt=\"\" width=\"960\" height=\"626\" \/><\/p>\n<p><strong>Los participantes son estudiantes de segundo y tercero medio de 23 establecimientos educacionales, que llegaron hasta la Hacienda Picarqu\u00edn en San Francisco de Mostazal, Regi\u00f3n de O\u2019Higgins, para integrar el campamento cient\u00edfico.<\/strong><\/p>\n<p>Este lunes se inaugur\u00f3 oficialmente el Campamento Explora Chile Va! Regi\u00f3n de Valpara\u00edso, una iniciativa realizada por la Fundaci\u00f3n Facultad de Ciencias Veterinarias y Pecuarias de la Universidad de Chile (FAVET) en el marco del Concurso de Campamentos de Ciencia y Tecnolog\u00eda e Innovaci\u00f3n EXPLORA Chile Va! 2014.<\/p>\n<p>Lanzamiento de cohetes, el desaf\u00edo de rob\u00f3tica de la Escuela de Verano de la Universidad de Chile, la obra de teatro Galileo y visitas a la Central Hidroel\u00e9ctrica Guayac\u00e1n, son parte de las actividades que podr\u00e1n disfrutar los participantes en esta iniciativa, que comenz\u00f3 sus actividades el domingo 16 y se extender\u00e1n hasta el viernes 21 de noviembre.<\/p>\n<p>Este campamento cient\u00edfico cuenta con destacados expositores que estar\u00e1n conversando con los participantes, como el Premio Nacional de Ciencias Aplicadas y Tecnol\u00f3gicas 2004,\u00a0Juan Asenjo, el astr\u00f3nomo Jos\u00e9 Gallardo del Observatorio ALMA y el Dr. en F\u00edsica Eugenio Vogel.<\/p>\n<p>El campamento EXPLORA Chile Va! est\u00e1 enfocado en promover el desarrollo de capital humano y mostrar a los estudiantes la nueva configuraci\u00f3n social y econ\u00f3mica del siglo XXI para que ellos, a trav\u00e9s de las pr\u00e1cticas emprendedoras, dise\u00f1en un proyecto de vida y se vinculen con la ciencia y la tecnolog\u00eda.<\/p>\n<p>\u201cPara nosotros como parte de la Facultad de Ciencias Veterinarias y Pecuarias de la Universidad de Chile, y tambi\u00e9n para el Programa EXPLORA CONICYT, es muy importante instalar una cultura cient\u00edfica en el pa\u00eds. Entonces, qu\u00e9 mejor que hacerlo en j\u00f3venes que est\u00e1n teniendo cambios en sus vidas, para que a la hora de pensar qu\u00e9 van a hacer en su futuro se interesen en las \u00e1reas de ciencia y tecnolog\u00eda, eso es lo que pretende esta instancia\u201d, indic\u00f3 Jos\u00e9 Antonio Villarroel, Director del proyecto Chile Va! Regi\u00f3n Metropolitana y Valpara\u00edso.<\/p>\n<p><span style=\"line-height: 1.3em\">Al igual que estos j\u00f3venes, m\u00e1s de 130 alumnos de la Regi\u00f3n Metropolitana, se reunieron desde el domingo 9 hasta el viernes 14 de noviembre, para ser parte de esta iniciativa donde conocieron a distintos expositores, como la Dra. en F\u00edsica Dora Altbir de la Universidad de Santiago de Chile y Andr\u00e9s Weintraub, Premio Nacional de Ciencias Aplicadas 2000.<\/span><\/p>\n<p><strong>Cabe recalcar que el <\/strong><strong>Programa EXPLORA hasta octubre de 2014 ha realizado 27 campamentos Chile Va! en nuestro pa\u00eds, beneficiando a aproximadamente 3 mil 500 j\u00f3venes, muchos de los cuales siguen participando de la iniciativa apoyando a nuevos estudiantes y contando su experiencia.<\/strong><\/p>\n","protected":false},"excerpt":{"rendered":"<p>Los participantes son estudiantes de segundo y tercero medio de 23 establecimientos educacionales, que llegaron hasta la Hacienda Picarqu\u00edn en San Francisco de Mostazal, Regi\u00f3n de O\u2019Higgins, para integrar el campamento cient\u00edfico. Este lunes se inaugur\u00f3 oficialmente el Campamento Explora Chile Va! Regi\u00f3n de Valpara\u00edso, una iniciativa realizada por la Fundaci\u00f3n Facultad de Ciencias Veterinarias [&hellip;]<\/p>\n","protected":false},"author":2,"featured_media":7412,"comment_status":"closed","ping_status":"open","sticky":false,"template":"","format":"standard","meta":{"_acf_changed":false,"_exactmetrics_skip_tracking":false,"_exactmetrics_sitenote_active":false,"_exactmetrics_sitenote_note":"","_exactmetrics_sitenote_category":0,"footnotes":"","_links_to":"","_links_to_target":""},"categories":[4],"tags":[],"class_list":["post-1174","post","type-post","status-publish","format-standard","has-post-thumbnail","hentry","category-noticias"],"acf":[],"yoast_head":"<!-- This site is optimized with the Yoast SEO plugin v26.9 - https:\/\/yoast.com\/product\/yoast-seo-wordpress\/ -->\n<title>Con m\u00e1s de 120 alumnos se dio el vamos al campamento EXPLORA Chile Va! Regi\u00f3n de Valpara\u00edso - RM Sur Oriente<\/title>\n<meta name=\"robots\" content=\"index, follow, max-snippet:-1, max-image-preview:large, max-video-preview:-1\" \/>\n<link rel=\"canonical\" href=\"https:\/\/explora.cl\/rmsuroriente\/con-mas-de-120-alumnos-se-dio-el-vamos-al-campamento-explora-chile-va-region-de-valparaiso\/\" class=\"yoast-seo-meta-tag\" \/>\n<meta property=\"og:locale\" content=\"es_ES\" class=\"yoast-seo-meta-tag\" \/>\n<meta property=\"og:type\" content=\"article\" class=\"yoast-seo-meta-tag\" \/>\n<meta property=\"og:title\" content=\"Con m\u00e1s de 120 alumnos se dio el vamos al campamento EXPLORA Chile Va! Regi\u00f3n de Valpara\u00edso - RM Sur Oriente\" class=\"yoast-seo-meta-tag\" \/>\n<meta property=\"og:description\" content=\"Los participantes son estudiantes de segundo y tercero medio de 23 establecimientos educacionales, que llegaron hasta la Hacienda Picarqu\u00edn en San Francisco de Mostazal, Regi\u00f3n de O\u2019Higgins, para integrar el campamento cient\u00edfico. Este lunes se inaugur\u00f3 oficialmente el Campamento Explora Chile Va! Regi\u00f3n de Valpara\u00edso, una iniciativa realizada por la Fundaci\u00f3n Facultad de Ciencias Veterinarias [&hellip;]\" class=\"yoast-seo-meta-tag\" \/>\n<meta property=\"og:url\" content=\"https:\/\/explora.cl\/rmsuroriente\/con-mas-de-120-alumnos-se-dio-el-vamos-al-campamento-explora-chile-va-region-de-valparaiso\/\" class=\"yoast-seo-meta-tag\" \/>\n<meta property=\"og:site_name\" content=\"RM Sur Oriente\" class=\"yoast-seo-meta-tag\" \/>\n<meta property=\"article:published_time\" content=\"2014-11-20T13:43:37+00:00\" class=\"yoast-seo-meta-tag\" \/>\n<meta property=\"article:modified_time\" content=\"2019-05-20T17:38:19+00:00\" class=\"yoast-seo-meta-tag\" \/>\n<meta name=\"author\" content=\"webman\" class=\"yoast-seo-meta-tag\" \/>\n<meta name=\"twitter:card\" content=\"summary_large_image\" class=\"yoast-seo-meta-tag\" \/>\n<meta name=\"twitter:label1\" content=\"Escrito por\" class=\"yoast-seo-meta-tag\" \/>\n\t<meta name=\"twitter:data1\" content=\"webman\" class=\"yoast-seo-meta-tag\" \/>\n\t<meta name=\"twitter:label2\" content=\"Tiempo estimado de lectura\" class=\"yoast-seo-meta-tag\" \/>\n\t<meta name=\"twitter:data2\" content=\"2 minutos\" class=\"yoast-seo-meta-tag\" \/>\n<script type=\"application\/ld+json\" class=\"yoast-schema-graph\">{\"@context\":\"https:\/\/schema.org\",\"@graph\":[{\"@type\":\"Article\",\"@id\":\"https:\/\/explora.cl\/rmsuroriente\/con-mas-de-120-alumnos-se-dio-el-vamos-al-campamento-explora-chile-va-region-de-valparaiso\/#article\",\"isPartOf\":{\"@id\":\"https:\/\/explora.cl\/rmsuroriente\/con-mas-de-120-alumnos-se-dio-el-vamos-al-campamento-explora-chile-va-region-de-valparaiso\/\"},\"author\":{\"name\":\"webman\",\"@id\":\"https:\/\/explora.cl\/rmsuroriente\/#\/schema\/person\/cb8349c13ea2d324080adf8480d7ba5d\"},\"headline\":\"Con m\u00e1s de 120 alumnos se dio el vamos al campamento EXPLORA Chile Va! Regi\u00f3n de Valpara\u00edso\",\"datePublished\":\"2014-11-20T13:43:37+00:00\",\"dateModified\":\"2019-05-20T17:38:19+00:00\",\"mainEntityOfPage\":{\"@id\":\"https:\/\/explora.cl\/rmsuroriente\/con-mas-de-120-alumnos-se-dio-el-vamos-al-campamento-explora-chile-va-region-de-valparaiso\/\"},\"wordCount\":468,\"publisher\":{\"@id\":\"https:\/\/explora.cl\/rmsuroriente\/#organization\"},\"image\":{\"@id\":\"https:\/\/explora.cl\/rmsuroriente\/con-mas-de-120-alumnos-se-dio-el-vamos-al-campamento-explora-chile-va-region-de-valparaiso\/#primaryimage\"},\"thumbnailUrl\":\"\",\"articleSection\":[\"Noticias\"],\"inLanguage\":\"es-CL\"},{\"@type\":\"WebPage\",\"@id\":\"https:\/\/explora.cl\/rmsuroriente\/con-mas-de-120-alumnos-se-dio-el-vamos-al-campamento-explora-chile-va-region-de-valparaiso\/\",\"url\":\"https:\/\/explora.cl\/rmsuroriente\/con-mas-de-120-alumnos-se-dio-el-vamos-al-campamento-explora-chile-va-region-de-valparaiso\/\",\"name\":\"Con m\u00e1s de 120 alumnos se dio el vamos al campamento EXPLORA Chile Va! Regi\u00f3n de Valpara\u00edso - RM Sur Oriente\",\"isPartOf\":{\"@id\":\"https:\/\/explora.cl\/rmsuroriente\/#website\"},\"primaryImageOfPage\":{\"@id\":\"https:\/\/explora.cl\/rmsuroriente\/con-mas-de-120-alumnos-se-dio-el-vamos-al-campamento-explora-chile-va-region-de-valparaiso\/#primaryimage\"},\"image\":{\"@id\":\"https:\/\/explora.cl\/rmsuroriente\/con-mas-de-120-alumnos-se-dio-el-vamos-al-campamento-explora-chile-va-region-de-valparaiso\/#primaryimage\"},\"thumbnailUrl\":\"\",\"datePublished\":\"2014-11-20T13:43:37+00:00\",\"dateModified\":\"2019-05-20T17:38:19+00:00\",\"breadcrumb\":{\"@id\":\"https:\/\/explora.cl\/rmsuroriente\/con-mas-de-120-alumnos-se-dio-el-vamos-al-campamento-explora-chile-va-region-de-valparaiso\/#breadcrumb\"},\"inLanguage\":\"es-CL\",\"potentialAction\":[{\"@type\":\"ReadAction\",\"target\":[\"https:\/\/explora.cl\/rmsuroriente\/con-mas-de-120-alumnos-se-dio-el-vamos-al-campamento-explora-chile-va-region-de-valparaiso\/\"]}]},{\"@type\":\"ImageObject\",\"inLanguage\":\"es-CL\",\"@id\":\"https:\/\/explora.cl\/rmsuroriente\/con-mas-de-120-alumnos-se-dio-el-vamos-al-campamento-explora-chile-va-region-de-valparaiso\/#primaryimage\",\"url\":\"\",\"contentUrl\":\"\"},{\"@type\":\"BreadcrumbList\",\"@id\":\"https:\/\/explora.cl\/rmsuroriente\/con-mas-de-120-alumnos-se-dio-el-vamos-al-campamento-explora-chile-va-region-de-valparaiso\/#breadcrumb\",\"itemListElement\":[{\"@type\":\"ListItem\",\"position\":1,\"name\":\"Portada\",\"item\":\"https:\/\/explora.cl\/rmsuroriente\/\"},{\"@type\":\"ListItem\",\"position\":2,\"name\":\"Con m\u00e1s de 120 alumnos se dio el vamos al campamento EXPLORA Chile Va! Regi\u00f3n de Valpara\u00edso\"}]},{\"@type\":\"WebSite\",\"@id\":\"https:\/\/explora.cl\/rmsuroriente\/#website\",\"url\":\"https:\/\/explora.cl\/rmsuroriente\/\",\"name\":\"RM Sur Oriente\",\"description\":\"Otro sitio m\u00e1s de explora.cl\",\"publisher\":{\"@id\":\"https:\/\/explora.cl\/rmsuroriente\/#organization\"},\"potentialAction\":[{\"@type\":\"SearchAction\",\"target\":{\"@type\":\"EntryPoint\",\"urlTemplate\":\"https:\/\/explora.cl\/rmsuroriente\/?s={search_term_string}\"},\"query-input\":{\"@type\":\"PropertyValueSpecification\",\"valueRequired\":true,\"valueName\":\"search_term_string\"}}],\"inLanguage\":\"es-CL\"},{\"@type\":\"Organization\",\"@id\":\"https:\/\/explora.cl\/rmsuroriente\/#organization\",\"name\":\"RM Sur Oriente\",\"url\":\"https:\/\/explora.cl\/rmsuroriente\/\",\"logo\":{\"@type\":\"ImageObject\",\"inLanguage\":\"es-CL\",\"@id\":\"https:\/\/explora.cl\/rmsuroriente\/#\/schema\/logo\/image\/\",\"url\":\"https:\/\/explora.cl\/rmsuroriente\/wp-content\/uploads\/sites\/12\/2025\/04\/cropped-LogoPAR_RMSO-Azul-UC.png\",\"contentUrl\":\"https:\/\/explora.cl\/rmsuroriente\/wp-content\/uploads\/sites\/12\/2025\/04\/cropped-LogoPAR_RMSO-Azul-UC.png\",\"width\":411,\"height\":409,\"caption\":\"RM Sur Oriente\"},\"image\":{\"@id\":\"https:\/\/explora.cl\/rmsuroriente\/#\/schema\/logo\/image\/\"}},{\"@type\":\"Person\",\"@id\":\"https:\/\/explora.cl\/rmsuroriente\/#\/schema\/person\/cb8349c13ea2d324080adf8480d7ba5d\",\"name\":\"webman\",\"image\":{\"@type\":\"ImageObject\",\"inLanguage\":\"es-CL\",\"@id\":\"https:\/\/explora.cl\/rmsuroriente\/#\/schema\/person\/image\/\",\"url\":\"https:\/\/secure.gravatar.com\/avatar\/eeff3c82f2c02f7177d13663b7e6f890e9a6a0647ce9bb29cae02dcb094c7312?s=96&d=mm&r=g\",\"contentUrl\":\"https:\/\/secure.gravatar.com\/avatar\/eeff3c82f2c02f7177d13663b7e6f890e9a6a0647ce9bb29cae02dcb094c7312?s=96&d=mm&r=g\",\"caption\":\"webman\"},\"url\":\"https:\/\/explora.cl\/rmsuroriente\/author\/webman\/\"}]}<\/script>\n<!-- \/ Yoast SEO plugin. -->","yoast_head_json":{"title":"Con m\u00e1s de 120 alumnos se dio el vamos al campamento EXPLORA Chile Va! Regi\u00f3n de Valpara\u00edso - RM Sur Oriente","robots":{"index":"index","follow":"follow","max-snippet":"max-snippet:-1","max-image-preview":"max-image-preview:large","max-video-preview":"max-video-preview:-1"},"canonical":"https:\/\/explora.cl\/rmsuroriente\/con-mas-de-120-alumnos-se-dio-el-vamos-al-campamento-explora-chile-va-region-de-valparaiso\/","og_locale":"es_ES","og_type":"article","og_title":"Con m\u00e1s de 120 alumnos se dio el vamos al campamento EXPLORA Chile Va! Regi\u00f3n de Valpara\u00edso - RM Sur Oriente","og_description":"Los participantes son estudiantes de segundo y tercero medio de 23 establecimientos educacionales, que llegaron hasta la Hacienda Picarqu\u00edn en San Francisco de Mostazal, Regi\u00f3n de O\u2019Higgins, para integrar el campamento cient\u00edfico. Este lunes se inaugur\u00f3 oficialmente el Campamento Explora Chile Va! Regi\u00f3n de Valpara\u00edso, una iniciativa realizada por la Fundaci\u00f3n Facultad de Ciencias Veterinarias [&hellip;]","og_url":"https:\/\/explora.cl\/rmsuroriente\/con-mas-de-120-alumnos-se-dio-el-vamos-al-campamento-explora-chile-va-region-de-valparaiso\/","og_site_name":"RM Sur Oriente","article_published_time":"2014-11-20T13:43:37+00:00","article_modified_time":"2019-05-20T17:38:19+00:00","author":"webman","twitter_card":"summary_large_image","twitter_misc":{"Escrito por":"webman","Tiempo estimado de lectura":"2 minutos"},"schema":{"@context":"https:\/\/schema.org","@graph":[{"@type":"Article","@id":"https:\/\/explora.cl\/rmsuroriente\/con-mas-de-120-alumnos-se-dio-el-vamos-al-campamento-explora-chile-va-region-de-valparaiso\/#article","isPartOf":{"@id":"https:\/\/explora.cl\/rmsuroriente\/con-mas-de-120-alumnos-se-dio-el-vamos-al-campamento-explora-chile-va-region-de-valparaiso\/"},"author":{"name":"webman","@id":"https:\/\/explora.cl\/rmsuroriente\/#\/schema\/person\/cb8349c13ea2d324080adf8480d7ba5d"},"headline":"Con m\u00e1s de 120 alumnos se dio el vamos al campamento EXPLORA Chile Va! Regi\u00f3n de Valpara\u00edso","datePublished":"2014-11-20T13:43:37+00:00","dateModified":"2019-05-20T17:38:19+00:00","mainEntityOfPage":{"@id":"https:\/\/explora.cl\/rmsuroriente\/con-mas-de-120-alumnos-se-dio-el-vamos-al-campamento-explora-chile-va-region-de-valparaiso\/"},"wordCount":468,"publisher":{"@id":"https:\/\/explora.cl\/rmsuroriente\/#organization"},"image":{"@id":"https:\/\/explora.cl\/rmsuroriente\/con-mas-de-120-alumnos-se-dio-el-vamos-al-campamento-explora-chile-va-region-de-valparaiso\/#primaryimage"},"thumbnailUrl":"","articleSection":["Noticias"],"inLanguage":"es-CL"},{"@type":"WebPage","@id":"https:\/\/explora.cl\/rmsuroriente\/con-mas-de-120-alumnos-se-dio-el-vamos-al-campamento-explora-chile-va-region-de-valparaiso\/","url":"https:\/\/explora.cl\/rmsuroriente\/con-mas-de-120-alumnos-se-dio-el-vamos-al-campamento-explora-chile-va-region-de-valparaiso\/","name":"Con m\u00e1s de 120 alumnos se dio el vamos al campamento EXPLORA Chile Va! Regi\u00f3n de Valpara\u00edso - RM Sur Oriente","isPartOf":{"@id":"https:\/\/explora.cl\/rmsuroriente\/#website"},"primaryImageOfPage":{"@id":"https:\/\/explora.cl\/rmsuroriente\/con-mas-de-120-alumnos-se-dio-el-vamos-al-campamento-explora-chile-va-region-de-valparaiso\/#primaryimage"},"image":{"@id":"https:\/\/explora.cl\/rmsuroriente\/con-mas-de-120-alumnos-se-dio-el-vamos-al-campamento-explora-chile-va-region-de-valparaiso\/#primaryimage"},"thumbnailUrl":"","datePublished":"2014-11-20T13:43:37+00:00","dateModified":"2019-05-20T17:38:19+00:00","breadcrumb":{"@id":"https:\/\/explora.cl\/rmsuroriente\/con-mas-de-120-alumnos-se-dio-el-vamos-al-campamento-explora-chile-va-region-de-valparaiso\/#breadcrumb"},"inLanguage":"es-CL","potentialAction":[{"@type":"ReadAction","target":["https:\/\/explora.cl\/rmsuroriente\/con-mas-de-120-alumnos-se-dio-el-vamos-al-campamento-explora-chile-va-region-de-valparaiso\/"]}]},{"@type":"ImageObject","inLanguage":"es-CL","@id":"https:\/\/explora.cl\/rmsuroriente\/con-mas-de-120-alumnos-se-dio-el-vamos-al-campamento-explora-chile-va-region-de-valparaiso\/#primaryimage","url":"","contentUrl":""},{"@type":"BreadcrumbList","@id":"https:\/\/explora.cl\/rmsuroriente\/con-mas-de-120-alumnos-se-dio-el-vamos-al-campamento-explora-chile-va-region-de-valparaiso\/#breadcrumb","itemListElement":[{"@type":"ListItem","position":1,"name":"Portada","item":"https:\/\/explora.cl\/rmsuroriente\/"},{"@type":"ListItem","position":2,"name":"Con m\u00e1s de 120 alumnos se dio el vamos al campamento EXPLORA Chile Va! Regi\u00f3n de Valpara\u00edso"}]},{"@type":"WebSite","@id":"https:\/\/explora.cl\/rmsuroriente\/#website","url":"https:\/\/explora.cl\/rmsuroriente\/","name":"RM Sur Oriente","description":"Otro sitio m\u00e1s de explora.cl","publisher":{"@id":"https:\/\/explora.cl\/rmsuroriente\/#organization"},"potentialAction":[{"@type":"SearchAction","target":{"@type":"EntryPoint","urlTemplate":"https:\/\/explora.cl\/rmsuroriente\/?s={search_term_string}"},"query-input":{"@type":"PropertyValueSpecification","valueRequired":true,"valueName":"search_term_string"}}],"inLanguage":"es-CL"},{"@type":"Organization","@id":"https:\/\/explora.cl\/rmsuroriente\/#organization","name":"RM Sur Oriente","url":"https:\/\/explora.cl\/rmsuroriente\/","logo":{"@type":"ImageObject","inLanguage":"es-CL","@id":"https:\/\/explora.cl\/rmsuroriente\/#\/schema\/logo\/image\/","url":"https:\/\/explora.cl\/rmsuroriente\/wp-content\/uploads\/sites\/12\/2025\/04\/cropped-LogoPAR_RMSO-Azul-UC.png","contentUrl":"https:\/\/explora.cl\/rmsuroriente\/wp-content\/uploads\/sites\/12\/2025\/04\/cropped-LogoPAR_RMSO-Azul-UC.png","width":411,"height":409,"caption":"RM Sur Oriente"},"image":{"@id":"https:\/\/explora.cl\/rmsuroriente\/#\/schema\/logo\/image\/"}},{"@type":"Person","@id":"https:\/\/explora.cl\/rmsuroriente\/#\/schema\/person\/cb8349c13ea2d324080adf8480d7ba5d","name":"webman","image":{"@type":"ImageObject","inLanguage":"es-CL","@id":"https:\/\/explora.cl\/rmsuroriente\/#\/schema\/person\/image\/","url":"https:\/\/secure.gravatar.com\/avatar\/eeff3c82f2c02f7177d13663b7e6f890e9a6a0647ce9bb29cae02dcb094c7312?s=96&d=mm&r=g","contentUrl":"https:\/\/secure.gravatar.com\/avatar\/eeff3c82f2c02f7177d13663b7e6f890e9a6a0647ce9bb29cae02dcb094c7312?s=96&d=mm&r=g","caption":"webman"},"url":"https:\/\/explora.cl\/rmsuroriente\/author\/webman\/"}]}},"_links":{"self":[{"href":"https:\/\/explora.cl\/rmsuroriente\/wp-json\/wp\/v2\/posts\/1174","targetHints":{"allow":["GET"]}}],"collection":[{"href":"https:\/\/explora.cl\/rmsuroriente\/wp-json\/wp\/v2\/posts"}],"about":[{"href":"https:\/\/explora.cl\/rmsuroriente\/wp-json\/wp\/v2\/types\/post"}],"author":[{"embeddable":true,"href":"https:\/\/explora.cl\/rmsuroriente\/wp-json\/wp\/v2\/users\/2"}],"replies":[{"embeddable":true,"href":"https:\/\/explora.cl\/rmsuroriente\/wp-json\/wp\/v2\/comments?post=1174"}],"version-history":[{"count":1,"href":"https:\/\/explora.cl\/rmsuroriente\/wp-json\/wp\/v2\/posts\/1174\/revisions"}],"predecessor-version":[{"id":38176,"href":"https:\/\/explora.cl\/rmsuroriente\/wp-json\/wp\/v2\/posts\/1174\/revisions\/38176"}],"wp:featuredmedia":[{"embeddable":true,"href":"https:\/\/explora.cl\/rmsuroriente\/wp-json\/"}],"wp:attachment":[{"href":"https:\/\/explora.cl\/rmsuroriente\/wp-json\/wp\/v2\/media?parent=1174"}],"wp:term":[{"taxonomy":"category","embeddable":true,"href":"https:\/\/explora.cl\/rmsuroriente\/wp-json\/wp\/v2\/categories?post=1174"},{"taxonomy":"post_tag","embeddable":true,"href":"https:\/\/explora.cl\/rmsuroriente\/wp-json\/wp\/v2\/tags?post=1174"}],"curies":[{"name":"wp","href":"https:\/\/api.w.org\/{rel}","templated":true}]}}