{"id":1172,"date":"2014-11-25T15:04:07","date_gmt":"2014-11-25T15:04:07","guid":{"rendered":"https:\/\/explora.cl\/rmsuroriente\/blog\/2014\/11\/25\/este-viernes-los-mas-de-120-alumnos-representantes-de-la-region-de-valparaiso-despidieron-el-campamento-explora-chile-va\/"},"modified":"2019-05-20T17:38:19","modified_gmt":"2019-05-20T17:38:19","slug":"este-viernes-los-mas-de-120-alumnos-representantes-de-la-region-de-valparaiso-despidieron-el-campamento-explora-chile-va","status":"publish","type":"post","link":"https:\/\/explora.cl\/rmsuroriente\/este-viernes-los-mas-de-120-alumnos-representantes-de-la-region-de-valparaiso-despidieron-el-campamento-explora-chile-va\/","title":{"rendered":"Este viernes los m\u00e1s de 120 alumnos representantes de  la Regi\u00f3n de Valpara\u00edso despidieron el campamento Explora Chile Va!"},"content":{"rendered":"<p><img fetchpriority=\"high\" decoding=\"async\" class=\" size-full wp-image-7535\" src=\"http:\/\/ec2-34-218-253-251.us-west-2.compute.amazonaws.com\/wp-content\/uploads\/2014\/11\/6ac2a38db7e43ccc05d2fd2a34214cc8.jpg\" alt=\"\" width=\"2048\" height=\"1536\" \/><\/p>\n<p><strong>Durante seis d\u00edas, los participantes seleccionados de segundo y tercero medio, se trasladaron hasta la Hacienda Picarqu\u00edn en San Francisco de Mostazal, Regi\u00f3n de O\u2019Higgins, para ser parte de entretenidas actividades que buscan estimular las vocaciones cient\u00edficas de los y las estudiantes<\/strong>.<\/p>\n<p>Fueron j\u00f3venes de 23 establecimientos educacionales que integraron este campamento cient\u00edfico, el cual se llev\u00f3 a cabo entre el domingo 16 y el viernes 21 de noviembre, \u00faltimo d\u00eda que cerr\u00f3 sus actividades con la charla de emprendimiento realizada por el m\u00e9dico veterinario Sebasti\u00e1n Jim\u00e9nez y el posterior lanzamiento de cohetes.<\/p>\n<p>En el campamento EXPLORA Chile Va! Regi\u00f3n de Valpara\u00edso, los alumnos pudieron ser parte de presentaciones como la de <strong>Optiko<\/strong>, una muestra art\u00edstica-tecnol\u00f3gica que busca experimentar a trav\u00e9s de la sensopercepci\u00f3n visual y auditiva, el <strong>Museo Interactivo Mirador<\/strong> (MIM) con una exposici\u00f3n de m\u00f3dulos interactivos y la muestra Impresi\u00f3nate con la Presi\u00f3n Atmosf\u00e9rica de la <strong>Pontificia Universidad Cat\u00f3lica de Valpara\u00edso<\/strong>.<\/p>\n<p>\u201cLo que me gust\u00f3 mucho, es que los j\u00f3venes lograron establecer v\u00ednculos con las instituciones que les interesaban, una vez terminada la charla se acercaban a ellos a hacer preguntas. Esos v\u00ednculos son importantes y son los que van a ir marcando m\u00e1s adelante su l\u00ednea a seguir en el \u00e1mbito de la ciencia y la tecnolog\u00eda, ir generando redes, que es lo m\u00e1s importante del campamento\u201d, indic\u00f3 Macarena Oc\u00e1riz, Encargada de Contenidos Cient\u00edficos del Campamento Chile Va! Regi\u00f3n Metropolitana y Valpara\u00edso.<\/p>\n<p>Esta es una gran experiencia educativa, donde los alumnos conocieron a destacados expositores, como el Premio Nacional de Ciencias Aplicadas y Tecnol\u00f3gicas 2004,\u00a0Juan Asenjo, el astr\u00f3nomo Jos\u00e9 Gallardo del Observatorio ALMA y el Dr. en F\u00edsica Eugenio Vogel.<\/p>\n<p><strong>Cabe recalcar que m\u00e1s de 130 alumnos de la Regi\u00f3n Metropolitana, tambi\u00e9n se reunieron entre el domingo <\/strong><strong>9 y el viernes 14 de noviembre, para ser parte de esta iniciativa, que fue realizada por la <\/strong><strong>Fundaci\u00f3n Facultad de Ciencias Veterinarias y Pecuarias de la Universidad de Chile (FAVET)<\/strong> <strong>en el marco del Concurso de Campamentos de Ciencia y Tecnolog\u00eda e Innovaci\u00f3n EXPLORA Chile Va! 2014.<\/strong><\/p>\n","protected":false},"excerpt":{"rendered":"<p>Durante seis d\u00edas, los participantes seleccionados de segundo y tercero medio, se trasladaron hasta la Hacienda Picarqu\u00edn en San Francisco de Mostazal, Regi\u00f3n de O\u2019Higgins, para ser parte de entretenidas actividades que buscan estimular las vocaciones cient\u00edficas de los y las estudiantes. Fueron j\u00f3venes de 23 establecimientos educacionales que integraron este campamento cient\u00edfico, el cual [&hellip;]<\/p>\n","protected":false},"author":2,"featured_media":7535,"comment_status":"closed","ping_status":"open","sticky":false,"template":"","format":"standard","meta":{"_acf_changed":false,"_exactmetrics_skip_tracking":false,"_exactmetrics_sitenote_active":false,"_exactmetrics_sitenote_note":"","_exactmetrics_sitenote_category":0,"footnotes":"","_links_to":"","_links_to_target":""},"categories":[4],"tags":[],"class_list":["post-1172","post","type-post","status-publish","format-standard","has-post-thumbnail","hentry","category-noticias"],"acf":[],"yoast_head":"<!-- This site is optimized with the Yoast SEO plugin v26.9 - https:\/\/yoast.com\/product\/yoast-seo-wordpress\/ -->\n<title>Este viernes los m\u00e1s de 120 alumnos representantes de la Regi\u00f3n de Valpara\u00edso despidieron el campamento Explora Chile Va! - RM Sur Oriente<\/title>\n<meta name=\"robots\" content=\"index, follow, max-snippet:-1, max-image-preview:large, max-video-preview:-1\" \/>\n<link rel=\"canonical\" href=\"https:\/\/explora.cl\/rmsuroriente\/este-viernes-los-mas-de-120-alumnos-representantes-de-la-region-de-valparaiso-despidieron-el-campamento-explora-chile-va\/\" class=\"yoast-seo-meta-tag\" \/>\n<meta property=\"og:locale\" content=\"es_ES\" class=\"yoast-seo-meta-tag\" \/>\n<meta property=\"og:type\" content=\"article\" class=\"yoast-seo-meta-tag\" \/>\n<meta property=\"og:title\" content=\"Este viernes los m\u00e1s de 120 alumnos representantes de la Regi\u00f3n de Valpara\u00edso despidieron el campamento Explora Chile Va! - RM Sur Oriente\" class=\"yoast-seo-meta-tag\" \/>\n<meta property=\"og:description\" content=\"Durante seis d\u00edas, los participantes seleccionados de segundo y tercero medio, se trasladaron hasta la Hacienda Picarqu\u00edn en San Francisco de Mostazal, Regi\u00f3n de O\u2019Higgins, para ser parte de entretenidas actividades que buscan estimular las vocaciones cient\u00edficas de los y las estudiantes. Fueron j\u00f3venes de 23 establecimientos educacionales que integraron este campamento cient\u00edfico, el cual [&hellip;]\" class=\"yoast-seo-meta-tag\" \/>\n<meta property=\"og:url\" content=\"https:\/\/explora.cl\/rmsuroriente\/este-viernes-los-mas-de-120-alumnos-representantes-de-la-region-de-valparaiso-despidieron-el-campamento-explora-chile-va\/\" class=\"yoast-seo-meta-tag\" \/>\n<meta property=\"og:site_name\" content=\"RM Sur Oriente\" class=\"yoast-seo-meta-tag\" \/>\n<meta property=\"article:published_time\" content=\"2014-11-25T15:04:07+00:00\" class=\"yoast-seo-meta-tag\" \/>\n<meta property=\"article:modified_time\" content=\"2019-05-20T17:38:19+00:00\" class=\"yoast-seo-meta-tag\" \/>\n<meta name=\"author\" content=\"webman\" class=\"yoast-seo-meta-tag\" \/>\n<meta name=\"twitter:card\" content=\"summary_large_image\" class=\"yoast-seo-meta-tag\" \/>\n<meta name=\"twitter:label1\" content=\"Escrito por\" class=\"yoast-seo-meta-tag\" \/>\n\t<meta name=\"twitter:data1\" content=\"webman\" class=\"yoast-seo-meta-tag\" \/>\n\t<meta name=\"twitter:label2\" content=\"Tiempo estimado de lectura\" class=\"yoast-seo-meta-tag\" \/>\n\t<meta name=\"twitter:data2\" content=\"2 minutos\" class=\"yoast-seo-meta-tag\" \/>\n<script type=\"application\/ld+json\" class=\"yoast-schema-graph\">{\"@context\":\"https:\/\/schema.org\",\"@graph\":[{\"@type\":\"Article\",\"@id\":\"https:\/\/explora.cl\/rmsuroriente\/este-viernes-los-mas-de-120-alumnos-representantes-de-la-region-de-valparaiso-despidieron-el-campamento-explora-chile-va\/#article\",\"isPartOf\":{\"@id\":\"https:\/\/explora.cl\/rmsuroriente\/este-viernes-los-mas-de-120-alumnos-representantes-de-la-region-de-valparaiso-despidieron-el-campamento-explora-chile-va\/\"},\"author\":{\"name\":\"webman\",\"@id\":\"https:\/\/explora.cl\/rmsuroriente\/#\/schema\/person\/cb8349c13ea2d324080adf8480d7ba5d\"},\"headline\":\"Este viernes los m\u00e1s de 120 alumnos representantes de la Regi\u00f3n de Valpara\u00edso despidieron el campamento Explora Chile Va!\",\"datePublished\":\"2014-11-25T15:04:07+00:00\",\"dateModified\":\"2019-05-20T17:38:19+00:00\",\"mainEntityOfPage\":{\"@id\":\"https:\/\/explora.cl\/rmsuroriente\/este-viernes-los-mas-de-120-alumnos-representantes-de-la-region-de-valparaiso-despidieron-el-campamento-explora-chile-va\/\"},\"wordCount\":396,\"publisher\":{\"@id\":\"https:\/\/explora.cl\/rmsuroriente\/#organization\"},\"image\":{\"@id\":\"https:\/\/explora.cl\/rmsuroriente\/este-viernes-los-mas-de-120-alumnos-representantes-de-la-region-de-valparaiso-despidieron-el-campamento-explora-chile-va\/#primaryimage\"},\"thumbnailUrl\":\"\",\"articleSection\":[\"Noticias\"],\"inLanguage\":\"es-CL\"},{\"@type\":\"WebPage\",\"@id\":\"https:\/\/explora.cl\/rmsuroriente\/este-viernes-los-mas-de-120-alumnos-representantes-de-la-region-de-valparaiso-despidieron-el-campamento-explora-chile-va\/\",\"url\":\"https:\/\/explora.cl\/rmsuroriente\/este-viernes-los-mas-de-120-alumnos-representantes-de-la-region-de-valparaiso-despidieron-el-campamento-explora-chile-va\/\",\"name\":\"Este viernes los m\u00e1s de 120 alumnos representantes de la Regi\u00f3n de Valpara\u00edso despidieron el campamento Explora Chile Va! - RM Sur Oriente\",\"isPartOf\":{\"@id\":\"https:\/\/explora.cl\/rmsuroriente\/#website\"},\"primaryImageOfPage\":{\"@id\":\"https:\/\/explora.cl\/rmsuroriente\/este-viernes-los-mas-de-120-alumnos-representantes-de-la-region-de-valparaiso-despidieron-el-campamento-explora-chile-va\/#primaryimage\"},\"image\":{\"@id\":\"https:\/\/explora.cl\/rmsuroriente\/este-viernes-los-mas-de-120-alumnos-representantes-de-la-region-de-valparaiso-despidieron-el-campamento-explora-chile-va\/#primaryimage\"},\"thumbnailUrl\":\"\",\"datePublished\":\"2014-11-25T15:04:07+00:00\",\"dateModified\":\"2019-05-20T17:38:19+00:00\",\"breadcrumb\":{\"@id\":\"https:\/\/explora.cl\/rmsuroriente\/este-viernes-los-mas-de-120-alumnos-representantes-de-la-region-de-valparaiso-despidieron-el-campamento-explora-chile-va\/#breadcrumb\"},\"inLanguage\":\"es-CL\",\"potentialAction\":[{\"@type\":\"ReadAction\",\"target\":[\"https:\/\/explora.cl\/rmsuroriente\/este-viernes-los-mas-de-120-alumnos-representantes-de-la-region-de-valparaiso-despidieron-el-campamento-explora-chile-va\/\"]}]},{\"@type\":\"ImageObject\",\"inLanguage\":\"es-CL\",\"@id\":\"https:\/\/explora.cl\/rmsuroriente\/este-viernes-los-mas-de-120-alumnos-representantes-de-la-region-de-valparaiso-despidieron-el-campamento-explora-chile-va\/#primaryimage\",\"url\":\"\",\"contentUrl\":\"\"},{\"@type\":\"BreadcrumbList\",\"@id\":\"https:\/\/explora.cl\/rmsuroriente\/este-viernes-los-mas-de-120-alumnos-representantes-de-la-region-de-valparaiso-despidieron-el-campamento-explora-chile-va\/#breadcrumb\",\"itemListElement\":[{\"@type\":\"ListItem\",\"position\":1,\"name\":\"Portada\",\"item\":\"https:\/\/explora.cl\/rmsuroriente\/\"},{\"@type\":\"ListItem\",\"position\":2,\"name\":\"Este viernes los m\u00e1s de 120 alumnos representantes de la Regi\u00f3n de Valpara\u00edso despidieron el campamento Explora Chile Va!\"}]},{\"@type\":\"WebSite\",\"@id\":\"https:\/\/explora.cl\/rmsuroriente\/#website\",\"url\":\"https:\/\/explora.cl\/rmsuroriente\/\",\"name\":\"RM Sur Oriente\",\"description\":\"Otro sitio m\u00e1s de explora.cl\",\"publisher\":{\"@id\":\"https:\/\/explora.cl\/rmsuroriente\/#organization\"},\"potentialAction\":[{\"@type\":\"SearchAction\",\"target\":{\"@type\":\"EntryPoint\",\"urlTemplate\":\"https:\/\/explora.cl\/rmsuroriente\/?s={search_term_string}\"},\"query-input\":{\"@type\":\"PropertyValueSpecification\",\"valueRequired\":true,\"valueName\":\"search_term_string\"}}],\"inLanguage\":\"es-CL\"},{\"@type\":\"Organization\",\"@id\":\"https:\/\/explora.cl\/rmsuroriente\/#organization\",\"name\":\"RM Sur Oriente\",\"url\":\"https:\/\/explora.cl\/rmsuroriente\/\",\"logo\":{\"@type\":\"ImageObject\",\"inLanguage\":\"es-CL\",\"@id\":\"https:\/\/explora.cl\/rmsuroriente\/#\/schema\/logo\/image\/\",\"url\":\"https:\/\/explora.cl\/rmsuroriente\/wp-content\/uploads\/sites\/12\/2025\/04\/cropped-LogoPAR_RMSO-Azul-UC.png\",\"contentUrl\":\"https:\/\/explora.cl\/rmsuroriente\/wp-content\/uploads\/sites\/12\/2025\/04\/cropped-LogoPAR_RMSO-Azul-UC.png\",\"width\":411,\"height\":409,\"caption\":\"RM Sur Oriente\"},\"image\":{\"@id\":\"https:\/\/explora.cl\/rmsuroriente\/#\/schema\/logo\/image\/\"}},{\"@type\":\"Person\",\"@id\":\"https:\/\/explora.cl\/rmsuroriente\/#\/schema\/person\/cb8349c13ea2d324080adf8480d7ba5d\",\"name\":\"webman\",\"image\":{\"@type\":\"ImageObject\",\"inLanguage\":\"es-CL\",\"@id\":\"https:\/\/explora.cl\/rmsuroriente\/#\/schema\/person\/image\/\",\"url\":\"https:\/\/secure.gravatar.com\/avatar\/eeff3c82f2c02f7177d13663b7e6f890e9a6a0647ce9bb29cae02dcb094c7312?s=96&d=mm&r=g\",\"contentUrl\":\"https:\/\/secure.gravatar.com\/avatar\/eeff3c82f2c02f7177d13663b7e6f890e9a6a0647ce9bb29cae02dcb094c7312?s=96&d=mm&r=g\",\"caption\":\"webman\"},\"url\":\"https:\/\/explora.cl\/rmsuroriente\/author\/webman\/\"}]}<\/script>\n<!-- \/ Yoast SEO plugin. -->","yoast_head_json":{"title":"Este viernes los m\u00e1s de 120 alumnos representantes de la Regi\u00f3n de Valpara\u00edso despidieron el campamento Explora Chile Va! - RM Sur Oriente","robots":{"index":"index","follow":"follow","max-snippet":"max-snippet:-1","max-image-preview":"max-image-preview:large","max-video-preview":"max-video-preview:-1"},"canonical":"https:\/\/explora.cl\/rmsuroriente\/este-viernes-los-mas-de-120-alumnos-representantes-de-la-region-de-valparaiso-despidieron-el-campamento-explora-chile-va\/","og_locale":"es_ES","og_type":"article","og_title":"Este viernes los m\u00e1s de 120 alumnos representantes de la Regi\u00f3n de Valpara\u00edso despidieron el campamento Explora Chile Va! - RM Sur Oriente","og_description":"Durante seis d\u00edas, los participantes seleccionados de segundo y tercero medio, se trasladaron hasta la Hacienda Picarqu\u00edn en San Francisco de Mostazal, Regi\u00f3n de O\u2019Higgins, para ser parte de entretenidas actividades que buscan estimular las vocaciones cient\u00edficas de los y las estudiantes. Fueron j\u00f3venes de 23 establecimientos educacionales que integraron este campamento cient\u00edfico, el cual [&hellip;]","og_url":"https:\/\/explora.cl\/rmsuroriente\/este-viernes-los-mas-de-120-alumnos-representantes-de-la-region-de-valparaiso-despidieron-el-campamento-explora-chile-va\/","og_site_name":"RM Sur Oriente","article_published_time":"2014-11-25T15:04:07+00:00","article_modified_time":"2019-05-20T17:38:19+00:00","author":"webman","twitter_card":"summary_large_image","twitter_misc":{"Escrito por":"webman","Tiempo estimado de lectura":"2 minutos"},"schema":{"@context":"https:\/\/schema.org","@graph":[{"@type":"Article","@id":"https:\/\/explora.cl\/rmsuroriente\/este-viernes-los-mas-de-120-alumnos-representantes-de-la-region-de-valparaiso-despidieron-el-campamento-explora-chile-va\/#article","isPartOf":{"@id":"https:\/\/explora.cl\/rmsuroriente\/este-viernes-los-mas-de-120-alumnos-representantes-de-la-region-de-valparaiso-despidieron-el-campamento-explora-chile-va\/"},"author":{"name":"webman","@id":"https:\/\/explora.cl\/rmsuroriente\/#\/schema\/person\/cb8349c13ea2d324080adf8480d7ba5d"},"headline":"Este viernes los m\u00e1s de 120 alumnos representantes de la Regi\u00f3n de Valpara\u00edso despidieron el campamento Explora Chile Va!","datePublished":"2014-11-25T15:04:07+00:00","dateModified":"2019-05-20T17:38:19+00:00","mainEntityOfPage":{"@id":"https:\/\/explora.cl\/rmsuroriente\/este-viernes-los-mas-de-120-alumnos-representantes-de-la-region-de-valparaiso-despidieron-el-campamento-explora-chile-va\/"},"wordCount":396,"publisher":{"@id":"https:\/\/explora.cl\/rmsuroriente\/#organization"},"image":{"@id":"https:\/\/explora.cl\/rmsuroriente\/este-viernes-los-mas-de-120-alumnos-representantes-de-la-region-de-valparaiso-despidieron-el-campamento-explora-chile-va\/#primaryimage"},"thumbnailUrl":"","articleSection":["Noticias"],"inLanguage":"es-CL"},{"@type":"WebPage","@id":"https:\/\/explora.cl\/rmsuroriente\/este-viernes-los-mas-de-120-alumnos-representantes-de-la-region-de-valparaiso-despidieron-el-campamento-explora-chile-va\/","url":"https:\/\/explora.cl\/rmsuroriente\/este-viernes-los-mas-de-120-alumnos-representantes-de-la-region-de-valparaiso-despidieron-el-campamento-explora-chile-va\/","name":"Este viernes los m\u00e1s de 120 alumnos representantes de la Regi\u00f3n de Valpara\u00edso despidieron el campamento Explora Chile Va! - RM Sur Oriente","isPartOf":{"@id":"https:\/\/explora.cl\/rmsuroriente\/#website"},"primaryImageOfPage":{"@id":"https:\/\/explora.cl\/rmsuroriente\/este-viernes-los-mas-de-120-alumnos-representantes-de-la-region-de-valparaiso-despidieron-el-campamento-explora-chile-va\/#primaryimage"},"image":{"@id":"https:\/\/explora.cl\/rmsuroriente\/este-viernes-los-mas-de-120-alumnos-representantes-de-la-region-de-valparaiso-despidieron-el-campamento-explora-chile-va\/#primaryimage"},"thumbnailUrl":"","datePublished":"2014-11-25T15:04:07+00:00","dateModified":"2019-05-20T17:38:19+00:00","breadcrumb":{"@id":"https:\/\/explora.cl\/rmsuroriente\/este-viernes-los-mas-de-120-alumnos-representantes-de-la-region-de-valparaiso-despidieron-el-campamento-explora-chile-va\/#breadcrumb"},"inLanguage":"es-CL","potentialAction":[{"@type":"ReadAction","target":["https:\/\/explora.cl\/rmsuroriente\/este-viernes-los-mas-de-120-alumnos-representantes-de-la-region-de-valparaiso-despidieron-el-campamento-explora-chile-va\/"]}]},{"@type":"ImageObject","inLanguage":"es-CL","@id":"https:\/\/explora.cl\/rmsuroriente\/este-viernes-los-mas-de-120-alumnos-representantes-de-la-region-de-valparaiso-despidieron-el-campamento-explora-chile-va\/#primaryimage","url":"","contentUrl":""},{"@type":"BreadcrumbList","@id":"https:\/\/explora.cl\/rmsuroriente\/este-viernes-los-mas-de-120-alumnos-representantes-de-la-region-de-valparaiso-despidieron-el-campamento-explora-chile-va\/#breadcrumb","itemListElement":[{"@type":"ListItem","position":1,"name":"Portada","item":"https:\/\/explora.cl\/rmsuroriente\/"},{"@type":"ListItem","position":2,"name":"Este viernes los m\u00e1s de 120 alumnos representantes de la Regi\u00f3n de Valpara\u00edso despidieron el campamento Explora Chile Va!"}]},{"@type":"WebSite","@id":"https:\/\/explora.cl\/rmsuroriente\/#website","url":"https:\/\/explora.cl\/rmsuroriente\/","name":"RM Sur Oriente","description":"Otro sitio m\u00e1s de explora.cl","publisher":{"@id":"https:\/\/explora.cl\/rmsuroriente\/#organization"},"potentialAction":[{"@type":"SearchAction","target":{"@type":"EntryPoint","urlTemplate":"https:\/\/explora.cl\/rmsuroriente\/?s={search_term_string}"},"query-input":{"@type":"PropertyValueSpecification","valueRequired":true,"valueName":"search_term_string"}}],"inLanguage":"es-CL"},{"@type":"Organization","@id":"https:\/\/explora.cl\/rmsuroriente\/#organization","name":"RM Sur Oriente","url":"https:\/\/explora.cl\/rmsuroriente\/","logo":{"@type":"ImageObject","inLanguage":"es-CL","@id":"https:\/\/explora.cl\/rmsuroriente\/#\/schema\/logo\/image\/","url":"https:\/\/explora.cl\/rmsuroriente\/wp-content\/uploads\/sites\/12\/2025\/04\/cropped-LogoPAR_RMSO-Azul-UC.png","contentUrl":"https:\/\/explora.cl\/rmsuroriente\/wp-content\/uploads\/sites\/12\/2025\/04\/cropped-LogoPAR_RMSO-Azul-UC.png","width":411,"height":409,"caption":"RM Sur Oriente"},"image":{"@id":"https:\/\/explora.cl\/rmsuroriente\/#\/schema\/logo\/image\/"}},{"@type":"Person","@id":"https:\/\/explora.cl\/rmsuroriente\/#\/schema\/person\/cb8349c13ea2d324080adf8480d7ba5d","name":"webman","image":{"@type":"ImageObject","inLanguage":"es-CL","@id":"https:\/\/explora.cl\/rmsuroriente\/#\/schema\/person\/image\/","url":"https:\/\/secure.gravatar.com\/avatar\/eeff3c82f2c02f7177d13663b7e6f890e9a6a0647ce9bb29cae02dcb094c7312?s=96&d=mm&r=g","contentUrl":"https:\/\/secure.gravatar.com\/avatar\/eeff3c82f2c02f7177d13663b7e6f890e9a6a0647ce9bb29cae02dcb094c7312?s=96&d=mm&r=g","caption":"webman"},"url":"https:\/\/explora.cl\/rmsuroriente\/author\/webman\/"}]}},"_links":{"self":[{"href":"https:\/\/explora.cl\/rmsuroriente\/wp-json\/wp\/v2\/posts\/1172","targetHints":{"allow":["GET"]}}],"collection":[{"href":"https:\/\/explora.cl\/rmsuroriente\/wp-json\/wp\/v2\/posts"}],"about":[{"href":"https:\/\/explora.cl\/rmsuroriente\/wp-json\/wp\/v2\/types\/post"}],"author":[{"embeddable":true,"href":"https:\/\/explora.cl\/rmsuroriente\/wp-json\/wp\/v2\/users\/2"}],"replies":[{"embeddable":true,"href":"https:\/\/explora.cl\/rmsuroriente\/wp-json\/wp\/v2\/comments?post=1172"}],"version-history":[{"count":1,"href":"https:\/\/explora.cl\/rmsuroriente\/wp-json\/wp\/v2\/posts\/1172\/revisions"}],"predecessor-version":[{"id":38175,"href":"https:\/\/explora.cl\/rmsuroriente\/wp-json\/wp\/v2\/posts\/1172\/revisions\/38175"}],"wp:featuredmedia":[{"embeddable":true,"href":"https:\/\/explora.cl\/rmsuroriente\/wp-json\/"}],"wp:attachment":[{"href":"https:\/\/explora.cl\/rmsuroriente\/wp-json\/wp\/v2\/media?parent=1172"}],"wp:term":[{"taxonomy":"category","embeddable":true,"href":"https:\/\/explora.cl\/rmsuroriente\/wp-json\/wp\/v2\/categories?post=1172"},{"taxonomy":"post_tag","embeddable":true,"href":"https:\/\/explora.cl\/rmsuroriente\/wp-json\/wp\/v2\/tags?post=1172"}],"curies":[{"name":"wp","href":"https:\/\/api.w.org\/{rel}","templated":true}]}}