{"id":1168,"date":"2014-11-25T15:21:21","date_gmt":"2014-11-25T15:21:21","guid":{"rendered":"https:\/\/explora.cl\/rmsuroriente\/blog\/2014\/11\/25\/colegio-polivalente-el-alborada-realizo-por-primera-vez-feria-cientifica-interescolar\/"},"modified":"2019-05-20T17:38:18","modified_gmt":"2019-05-20T17:38:18","slug":"colegio-polivalente-el-alborada-realizo-por-primera-vez-feria-cientifica-interescolar","status":"publish","type":"post","link":"https:\/\/explora.cl\/rmsuroriente\/colegio-polivalente-el-alborada-realizo-por-primera-vez-feria-cientifica-interescolar\/","title":{"rendered":"Colegio Polivalente El Alborada realiz\u00f3 por primera vez Feria Cient\u00edfica Interescolar"},"content":{"rendered":"<p><img fetchpriority=\"high\" decoding=\"async\" class=\" size-full wp-image-7537\" src=\"http:\/\/ec2-34-218-253-251.us-west-2.compute.amazonaws.com\/wp-content\/uploads\/2014\/11\/c69b7f6b3abe10f8eb06ff79f0fa076b.jpg\" alt=\"\" width=\"1500\" height=\"1125\" \/><\/p>\n<p>Cargador Solar, Leche de Colores, Rob\u00f3tica y Extracci\u00f3n de ADN, fueron los nombres de algunos de los llamativos proyectos presentados por 150 estudiantes, de segundo b\u00e1sico a cuarto medio, en la feria cient\u00edfica interescolar del Colegio Polivalente El Alborada ubicado en la comuna de Puente Alto.<\/p>\n<p>La actividad, que se realiz\u00f3 este viernes 7 de noviembre, \u00a0cont\u00f3 con 40 proyectos cient\u00edficos y busca principalmente fomentar la investigaci\u00f3n escolar entre los estudiantes y los docentes. Esta fue una iniciativa realizada por el mismo establecimiento con apoyo del PAR EXPLORA RM Zona Sur Oriente.<\/p>\n<p>Lorena Jabes, coordinadora de la feria cient\u00edfica, dio a conocer parte de los objetivos que busca el establecimiento al realizar esta iniciativa, \u201cque los ni\u00f1os tengan el inter\u00e9s por aprender de forma diferente, que tengan una visi\u00f3n de mundo, una manera distinta a la que est\u00e1n acostumbrados a ver, y que sean curiosos, que despierte la curiosidad en ellos\u201d, coment\u00f3.<\/p>\n<p>Cabe recalcar que esta actividad tambi\u00e9n tuvo el apoyo de otras instituciones como la Agencia Chilena de Eficiencia Energ\u00e9tica (AChEE) y la Facultad de Ciencias Agron\u00f3micas de la Universidad de Chile.<\/p>\n<p>La feria tambi\u00e9n cont\u00f3 con la participaci\u00f3n de otros establecimientos interesados en participar en la competencia, por este motivo, se present\u00f3 el Colegio Senda del Saber, representado por cuatro alumnos del establecimiento, con la muestra Rebote de Cambios.<\/p>\n<p>\u00a0<\/p>\n<p>A continuaci\u00f3n la lista de los ganadores seg\u00fan sus respectivas categor\u00edas.<\/p>\n<p>1\u00ba B\u00e1sico a 5\u00ba B\u00e1sico<\/p>\n<p><strong>Categor\u00eda Ciencias <\/strong><\/p>\n<p>1\u00ba\u00a0 lugar: La saliva en los alimentos 5\u00baB<\/p>\n<p>2\u00ba\u00a0 lugar: Pir\u00e1mide de los alimentos 3\u00baA<\/p>\n<p>3\u00ba\u00a0 lugar: Herbarios 2\u00ba A y 2\u00baB<\/p>\n<p>\u00a0<\/p>\n<p><strong>Categor\u00eda Tecnolog\u00eda <\/strong><\/p>\n<p>1\u00ba\u00a0 lugar: Las fases de la Luna 3\u00baB<\/p>\n<p>2\u00ba\u00a0 lugar: Cucarachabot\u00a0 Taller TCC<\/p>\n<p>\u00a0<\/p>\n<p>6\u00ba B\u00e1sico a 8\u00ba B\u00e1sico<\/p>\n<p><strong>\u00a0<\/strong><\/p>\n<p><strong>Categor\u00eda Ciencias<\/strong><\/p>\n<p>1\u00ba lugar: La nube embotellada 6\u00baA<\/p>\n<p>2\u00ba lugar: La Serpiente del Fara\u00f3n 6\u00baA<\/p>\n<p>3\u00ba lugar: Leche de colores 6\u00baA<\/p>\n<p><strong>\u00a0<\/strong><\/p>\n<p><strong>Categor\u00eda Tecnolog\u00eda <\/strong><\/p>\n<p>1\u00ba lugar: Reciclaje 7\u00baA<\/p>\n<p>2\u00ba lugar: Energ\u00eda Cin\u00e9tica 6\u00baB<\/p>\n<p>3\u00ba lugar: Juguetes con ciencias 7\u00aaB<\/p>\n<p>\u00a0<\/p>\n<p>1\u00ba medio a 4\u00ba medio<\/p>\n<p><strong>Categor\u00eda Ciencias<\/strong><\/p>\n<p>1\u00ba lugar: Microscopia II\u00ba B<\/p>\n<p>2\u00ba lugar: Extracci\u00f3n de ADN\u00a0 II\u00baA<\/p>\n<p>3\u00ba lugar: Jard\u00edn de Cristales II\u00baA<\/p>\n<p><strong>\u00a0<\/strong><\/p>\n<p><strong>Categor\u00eda Tecnolog\u00eda <\/strong><\/p>\n<p>1\u00ba lugar: Rob\u00f3tica I\u00ba B<\/p>\n<p>2\u00ba lugar: Cargador solar IV\u00baC<\/p>\n<p>\u00a0<\/p>\n<p><strong>Categor\u00eda Innovaci\u00f3n<\/strong><\/p>\n<p>1\u00ba lugar: Domo III\u00baA<br \/> 2\u00ba lugar: Teselaci\u00f3n I\u00ba A,B;C<br \/> 3\u00ba lugar: Pit\u00e1goras\u00a0 II\u00aaA<br \/> 3\u00ba lugar : Fractales IV\u00baA<\/p>\n<p>\u00a0<\/p>\n<p><span style=\"font-size: medium\"><strong>\u00a1Felicitaciones a todos los ganadores de la Feria Cient\u00edfica Interescolar!<\/strong><\/span><\/p>\n<p><span style=\"font-size: medium\"><strong>\u00a0<\/strong><\/span><\/p>\n<p><span style=\"font-size: medium;color: #800080\"><strong>Revisa el \u00e1lbum de fotos de la actividad en nuestra <a href=\"https:\/\/www.facebook.com\/media\/set\/?set=a.798795070179324.1073741938.301210896604413&amp;type=3\" target=\"_blank\" rel=\"noopener noreferrer\"><span style=\"color: #800080\">p\u00e1gina de Facebook!<\/span><\/a><\/strong><\/span><\/p>\n","protected":false},"excerpt":{"rendered":"<p>Cargador Solar, Leche de Colores, Rob\u00f3tica y Extracci\u00f3n de ADN, fueron los nombres de algunos de los llamativos proyectos presentados por 150 estudiantes, de segundo b\u00e1sico a cuarto medio, en la feria cient\u00edfica interescolar del Colegio Polivalente El Alborada ubicado en la comuna de Puente Alto. La actividad, que se realiz\u00f3 este viernes 7 de [&hellip;]<\/p>\n","protected":false},"author":2,"featured_media":7537,"comment_status":"closed","ping_status":"open","sticky":false,"template":"","format":"standard","meta":{"_acf_changed":false,"_exactmetrics_skip_tracking":false,"_exactmetrics_sitenote_active":false,"_exactmetrics_sitenote_note":"","_exactmetrics_sitenote_category":0,"footnotes":"","_links_to":"","_links_to_target":""},"categories":[4],"tags":[],"class_list":["post-1168","post","type-post","status-publish","format-standard","has-post-thumbnail","hentry","category-noticias"],"acf":[],"yoast_head":"<!-- This site is optimized with the Yoast SEO plugin v26.9 - https:\/\/yoast.com\/product\/yoast-seo-wordpress\/ -->\n<title>Colegio Polivalente El Alborada realiz\u00f3 por primera vez Feria Cient\u00edfica Interescolar - RM Sur Oriente<\/title>\n<meta name=\"robots\" content=\"index, follow, max-snippet:-1, max-image-preview:large, max-video-preview:-1\" \/>\n<link rel=\"canonical\" href=\"https:\/\/explora.cl\/rmsuroriente\/colegio-polivalente-el-alborada-realizo-por-primera-vez-feria-cientifica-interescolar\/\" class=\"yoast-seo-meta-tag\" \/>\n<meta property=\"og:locale\" content=\"es_ES\" class=\"yoast-seo-meta-tag\" \/>\n<meta property=\"og:type\" content=\"article\" class=\"yoast-seo-meta-tag\" \/>\n<meta property=\"og:title\" content=\"Colegio Polivalente El Alborada realiz\u00f3 por primera vez Feria Cient\u00edfica Interescolar - RM Sur Oriente\" class=\"yoast-seo-meta-tag\" \/>\n<meta property=\"og:description\" content=\"Cargador Solar, Leche de Colores, Rob\u00f3tica y Extracci\u00f3n de ADN, fueron los nombres de algunos de los llamativos proyectos presentados por 150 estudiantes, de segundo b\u00e1sico a cuarto medio, en la feria cient\u00edfica interescolar del Colegio Polivalente El Alborada ubicado en la comuna de Puente Alto. La actividad, que se realiz\u00f3 este viernes 7 de [&hellip;]\" class=\"yoast-seo-meta-tag\" \/>\n<meta property=\"og:url\" content=\"https:\/\/explora.cl\/rmsuroriente\/colegio-polivalente-el-alborada-realizo-por-primera-vez-feria-cientifica-interescolar\/\" class=\"yoast-seo-meta-tag\" \/>\n<meta property=\"og:site_name\" content=\"RM Sur Oriente\" class=\"yoast-seo-meta-tag\" \/>\n<meta property=\"article:published_time\" content=\"2014-11-25T15:21:21+00:00\" class=\"yoast-seo-meta-tag\" \/>\n<meta property=\"article:modified_time\" content=\"2019-05-20T17:38:18+00:00\" class=\"yoast-seo-meta-tag\" \/>\n<meta name=\"author\" content=\"webman\" class=\"yoast-seo-meta-tag\" \/>\n<meta name=\"twitter:card\" content=\"summary_large_image\" class=\"yoast-seo-meta-tag\" \/>\n<meta name=\"twitter:label1\" content=\"Escrito por\" class=\"yoast-seo-meta-tag\" \/>\n\t<meta name=\"twitter:data1\" content=\"webman\" class=\"yoast-seo-meta-tag\" \/>\n\t<meta name=\"twitter:label2\" content=\"Tiempo estimado de lectura\" class=\"yoast-seo-meta-tag\" \/>\n\t<meta name=\"twitter:data2\" content=\"2 minutos\" class=\"yoast-seo-meta-tag\" \/>\n<script type=\"application\/ld+json\" class=\"yoast-schema-graph\">{\"@context\":\"https:\/\/schema.org\",\"@graph\":[{\"@type\":\"Article\",\"@id\":\"https:\/\/explora.cl\/rmsuroriente\/colegio-polivalente-el-alborada-realizo-por-primera-vez-feria-cientifica-interescolar\/#article\",\"isPartOf\":{\"@id\":\"https:\/\/explora.cl\/rmsuroriente\/colegio-polivalente-el-alborada-realizo-por-primera-vez-feria-cientifica-interescolar\/\"},\"author\":{\"name\":\"webman\",\"@id\":\"https:\/\/explora.cl\/rmsuroriente\/#\/schema\/person\/cb8349c13ea2d324080adf8480d7ba5d\"},\"headline\":\"Colegio Polivalente El Alborada realiz\u00f3 por primera vez Feria Cient\u00edfica Interescolar\",\"datePublished\":\"2014-11-25T15:21:21+00:00\",\"dateModified\":\"2019-05-20T17:38:18+00:00\",\"mainEntityOfPage\":{\"@id\":\"https:\/\/explora.cl\/rmsuroriente\/colegio-polivalente-el-alborada-realizo-por-primera-vez-feria-cientifica-interescolar\/\"},\"wordCount\":432,\"publisher\":{\"@id\":\"https:\/\/explora.cl\/rmsuroriente\/#organization\"},\"image\":{\"@id\":\"https:\/\/explora.cl\/rmsuroriente\/colegio-polivalente-el-alborada-realizo-por-primera-vez-feria-cientifica-interescolar\/#primaryimage\"},\"thumbnailUrl\":\"\",\"articleSection\":[\"Noticias\"],\"inLanguage\":\"es-CL\"},{\"@type\":\"WebPage\",\"@id\":\"https:\/\/explora.cl\/rmsuroriente\/colegio-polivalente-el-alborada-realizo-por-primera-vez-feria-cientifica-interescolar\/\",\"url\":\"https:\/\/explora.cl\/rmsuroriente\/colegio-polivalente-el-alborada-realizo-por-primera-vez-feria-cientifica-interescolar\/\",\"name\":\"Colegio Polivalente El Alborada realiz\u00f3 por primera vez Feria Cient\u00edfica Interescolar - RM Sur Oriente\",\"isPartOf\":{\"@id\":\"https:\/\/explora.cl\/rmsuroriente\/#website\"},\"primaryImageOfPage\":{\"@id\":\"https:\/\/explora.cl\/rmsuroriente\/colegio-polivalente-el-alborada-realizo-por-primera-vez-feria-cientifica-interescolar\/#primaryimage\"},\"image\":{\"@id\":\"https:\/\/explora.cl\/rmsuroriente\/colegio-polivalente-el-alborada-realizo-por-primera-vez-feria-cientifica-interescolar\/#primaryimage\"},\"thumbnailUrl\":\"\",\"datePublished\":\"2014-11-25T15:21:21+00:00\",\"dateModified\":\"2019-05-20T17:38:18+00:00\",\"breadcrumb\":{\"@id\":\"https:\/\/explora.cl\/rmsuroriente\/colegio-polivalente-el-alborada-realizo-por-primera-vez-feria-cientifica-interescolar\/#breadcrumb\"},\"inLanguage\":\"es-CL\",\"potentialAction\":[{\"@type\":\"ReadAction\",\"target\":[\"https:\/\/explora.cl\/rmsuroriente\/colegio-polivalente-el-alborada-realizo-por-primera-vez-feria-cientifica-interescolar\/\"]}]},{\"@type\":\"ImageObject\",\"inLanguage\":\"es-CL\",\"@id\":\"https:\/\/explora.cl\/rmsuroriente\/colegio-polivalente-el-alborada-realizo-por-primera-vez-feria-cientifica-interescolar\/#primaryimage\",\"url\":\"\",\"contentUrl\":\"\"},{\"@type\":\"BreadcrumbList\",\"@id\":\"https:\/\/explora.cl\/rmsuroriente\/colegio-polivalente-el-alborada-realizo-por-primera-vez-feria-cientifica-interescolar\/#breadcrumb\",\"itemListElement\":[{\"@type\":\"ListItem\",\"position\":1,\"name\":\"Portada\",\"item\":\"https:\/\/explora.cl\/rmsuroriente\/\"},{\"@type\":\"ListItem\",\"position\":2,\"name\":\"Colegio Polivalente El Alborada realiz\u00f3 por primera vez Feria Cient\u00edfica Interescolar\"}]},{\"@type\":\"WebSite\",\"@id\":\"https:\/\/explora.cl\/rmsuroriente\/#website\",\"url\":\"https:\/\/explora.cl\/rmsuroriente\/\",\"name\":\"RM Sur Oriente\",\"description\":\"Otro sitio m\u00e1s de explora.cl\",\"publisher\":{\"@id\":\"https:\/\/explora.cl\/rmsuroriente\/#organization\"},\"potentialAction\":[{\"@type\":\"SearchAction\",\"target\":{\"@type\":\"EntryPoint\",\"urlTemplate\":\"https:\/\/explora.cl\/rmsuroriente\/?s={search_term_string}\"},\"query-input\":{\"@type\":\"PropertyValueSpecification\",\"valueRequired\":true,\"valueName\":\"search_term_string\"}}],\"inLanguage\":\"es-CL\"},{\"@type\":\"Organization\",\"@id\":\"https:\/\/explora.cl\/rmsuroriente\/#organization\",\"name\":\"RM Sur Oriente\",\"url\":\"https:\/\/explora.cl\/rmsuroriente\/\",\"logo\":{\"@type\":\"ImageObject\",\"inLanguage\":\"es-CL\",\"@id\":\"https:\/\/explora.cl\/rmsuroriente\/#\/schema\/logo\/image\/\",\"url\":\"https:\/\/explora.cl\/rmsuroriente\/wp-content\/uploads\/sites\/12\/2025\/04\/cropped-LogoPAR_RMSO-Azul-UC.png\",\"contentUrl\":\"https:\/\/explora.cl\/rmsuroriente\/wp-content\/uploads\/sites\/12\/2025\/04\/cropped-LogoPAR_RMSO-Azul-UC.png\",\"width\":411,\"height\":409,\"caption\":\"RM Sur Oriente\"},\"image\":{\"@id\":\"https:\/\/explora.cl\/rmsuroriente\/#\/schema\/logo\/image\/\"}},{\"@type\":\"Person\",\"@id\":\"https:\/\/explora.cl\/rmsuroriente\/#\/schema\/person\/cb8349c13ea2d324080adf8480d7ba5d\",\"name\":\"webman\",\"image\":{\"@type\":\"ImageObject\",\"inLanguage\":\"es-CL\",\"@id\":\"https:\/\/explora.cl\/rmsuroriente\/#\/schema\/person\/image\/\",\"url\":\"https:\/\/secure.gravatar.com\/avatar\/eeff3c82f2c02f7177d13663b7e6f890e9a6a0647ce9bb29cae02dcb094c7312?s=96&d=mm&r=g\",\"contentUrl\":\"https:\/\/secure.gravatar.com\/avatar\/eeff3c82f2c02f7177d13663b7e6f890e9a6a0647ce9bb29cae02dcb094c7312?s=96&d=mm&r=g\",\"caption\":\"webman\"},\"url\":\"https:\/\/explora.cl\/rmsuroriente\/author\/webman\/\"}]}<\/script>\n<!-- \/ Yoast SEO plugin. -->","yoast_head_json":{"title":"Colegio Polivalente El Alborada realiz\u00f3 por primera vez Feria Cient\u00edfica Interescolar - RM Sur Oriente","robots":{"index":"index","follow":"follow","max-snippet":"max-snippet:-1","max-image-preview":"max-image-preview:large","max-video-preview":"max-video-preview:-1"},"canonical":"https:\/\/explora.cl\/rmsuroriente\/colegio-polivalente-el-alborada-realizo-por-primera-vez-feria-cientifica-interescolar\/","og_locale":"es_ES","og_type":"article","og_title":"Colegio Polivalente El Alborada realiz\u00f3 por primera vez Feria Cient\u00edfica Interescolar - RM Sur Oriente","og_description":"Cargador Solar, Leche de Colores, Rob\u00f3tica y Extracci\u00f3n de ADN, fueron los nombres de algunos de los llamativos proyectos presentados por 150 estudiantes, de segundo b\u00e1sico a cuarto medio, en la feria cient\u00edfica interescolar del Colegio Polivalente El Alborada ubicado en la comuna de Puente Alto. La actividad, que se realiz\u00f3 este viernes 7 de [&hellip;]","og_url":"https:\/\/explora.cl\/rmsuroriente\/colegio-polivalente-el-alborada-realizo-por-primera-vez-feria-cientifica-interescolar\/","og_site_name":"RM Sur Oriente","article_published_time":"2014-11-25T15:21:21+00:00","article_modified_time":"2019-05-20T17:38:18+00:00","author":"webman","twitter_card":"summary_large_image","twitter_misc":{"Escrito por":"webman","Tiempo estimado de lectura":"2 minutos"},"schema":{"@context":"https:\/\/schema.org","@graph":[{"@type":"Article","@id":"https:\/\/explora.cl\/rmsuroriente\/colegio-polivalente-el-alborada-realizo-por-primera-vez-feria-cientifica-interescolar\/#article","isPartOf":{"@id":"https:\/\/explora.cl\/rmsuroriente\/colegio-polivalente-el-alborada-realizo-por-primera-vez-feria-cientifica-interescolar\/"},"author":{"name":"webman","@id":"https:\/\/explora.cl\/rmsuroriente\/#\/schema\/person\/cb8349c13ea2d324080adf8480d7ba5d"},"headline":"Colegio Polivalente El Alborada realiz\u00f3 por primera vez Feria Cient\u00edfica Interescolar","datePublished":"2014-11-25T15:21:21+00:00","dateModified":"2019-05-20T17:38:18+00:00","mainEntityOfPage":{"@id":"https:\/\/explora.cl\/rmsuroriente\/colegio-polivalente-el-alborada-realizo-por-primera-vez-feria-cientifica-interescolar\/"},"wordCount":432,"publisher":{"@id":"https:\/\/explora.cl\/rmsuroriente\/#organization"},"image":{"@id":"https:\/\/explora.cl\/rmsuroriente\/colegio-polivalente-el-alborada-realizo-por-primera-vez-feria-cientifica-interescolar\/#primaryimage"},"thumbnailUrl":"","articleSection":["Noticias"],"inLanguage":"es-CL"},{"@type":"WebPage","@id":"https:\/\/explora.cl\/rmsuroriente\/colegio-polivalente-el-alborada-realizo-por-primera-vez-feria-cientifica-interescolar\/","url":"https:\/\/explora.cl\/rmsuroriente\/colegio-polivalente-el-alborada-realizo-por-primera-vez-feria-cientifica-interescolar\/","name":"Colegio Polivalente El Alborada realiz\u00f3 por primera vez Feria Cient\u00edfica Interescolar - RM Sur Oriente","isPartOf":{"@id":"https:\/\/explora.cl\/rmsuroriente\/#website"},"primaryImageOfPage":{"@id":"https:\/\/explora.cl\/rmsuroriente\/colegio-polivalente-el-alborada-realizo-por-primera-vez-feria-cientifica-interescolar\/#primaryimage"},"image":{"@id":"https:\/\/explora.cl\/rmsuroriente\/colegio-polivalente-el-alborada-realizo-por-primera-vez-feria-cientifica-interescolar\/#primaryimage"},"thumbnailUrl":"","datePublished":"2014-11-25T15:21:21+00:00","dateModified":"2019-05-20T17:38:18+00:00","breadcrumb":{"@id":"https:\/\/explora.cl\/rmsuroriente\/colegio-polivalente-el-alborada-realizo-por-primera-vez-feria-cientifica-interescolar\/#breadcrumb"},"inLanguage":"es-CL","potentialAction":[{"@type":"ReadAction","target":["https:\/\/explora.cl\/rmsuroriente\/colegio-polivalente-el-alborada-realizo-por-primera-vez-feria-cientifica-interescolar\/"]}]},{"@type":"ImageObject","inLanguage":"es-CL","@id":"https:\/\/explora.cl\/rmsuroriente\/colegio-polivalente-el-alborada-realizo-por-primera-vez-feria-cientifica-interescolar\/#primaryimage","url":"","contentUrl":""},{"@type":"BreadcrumbList","@id":"https:\/\/explora.cl\/rmsuroriente\/colegio-polivalente-el-alborada-realizo-por-primera-vez-feria-cientifica-interescolar\/#breadcrumb","itemListElement":[{"@type":"ListItem","position":1,"name":"Portada","item":"https:\/\/explora.cl\/rmsuroriente\/"},{"@type":"ListItem","position":2,"name":"Colegio Polivalente El Alborada realiz\u00f3 por primera vez Feria Cient\u00edfica Interescolar"}]},{"@type":"WebSite","@id":"https:\/\/explora.cl\/rmsuroriente\/#website","url":"https:\/\/explora.cl\/rmsuroriente\/","name":"RM Sur Oriente","description":"Otro sitio m\u00e1s de explora.cl","publisher":{"@id":"https:\/\/explora.cl\/rmsuroriente\/#organization"},"potentialAction":[{"@type":"SearchAction","target":{"@type":"EntryPoint","urlTemplate":"https:\/\/explora.cl\/rmsuroriente\/?s={search_term_string}"},"query-input":{"@type":"PropertyValueSpecification","valueRequired":true,"valueName":"search_term_string"}}],"inLanguage":"es-CL"},{"@type":"Organization","@id":"https:\/\/explora.cl\/rmsuroriente\/#organization","name":"RM Sur Oriente","url":"https:\/\/explora.cl\/rmsuroriente\/","logo":{"@type":"ImageObject","inLanguage":"es-CL","@id":"https:\/\/explora.cl\/rmsuroriente\/#\/schema\/logo\/image\/","url":"https:\/\/explora.cl\/rmsuroriente\/wp-content\/uploads\/sites\/12\/2025\/04\/cropped-LogoPAR_RMSO-Azul-UC.png","contentUrl":"https:\/\/explora.cl\/rmsuroriente\/wp-content\/uploads\/sites\/12\/2025\/04\/cropped-LogoPAR_RMSO-Azul-UC.png","width":411,"height":409,"caption":"RM Sur Oriente"},"image":{"@id":"https:\/\/explora.cl\/rmsuroriente\/#\/schema\/logo\/image\/"}},{"@type":"Person","@id":"https:\/\/explora.cl\/rmsuroriente\/#\/schema\/person\/cb8349c13ea2d324080adf8480d7ba5d","name":"webman","image":{"@type":"ImageObject","inLanguage":"es-CL","@id":"https:\/\/explora.cl\/rmsuroriente\/#\/schema\/person\/image\/","url":"https:\/\/secure.gravatar.com\/avatar\/eeff3c82f2c02f7177d13663b7e6f890e9a6a0647ce9bb29cae02dcb094c7312?s=96&d=mm&r=g","contentUrl":"https:\/\/secure.gravatar.com\/avatar\/eeff3c82f2c02f7177d13663b7e6f890e9a6a0647ce9bb29cae02dcb094c7312?s=96&d=mm&r=g","caption":"webman"},"url":"https:\/\/explora.cl\/rmsuroriente\/author\/webman\/"}]}},"_links":{"self":[{"href":"https:\/\/explora.cl\/rmsuroriente\/wp-json\/wp\/v2\/posts\/1168","targetHints":{"allow":["GET"]}}],"collection":[{"href":"https:\/\/explora.cl\/rmsuroriente\/wp-json\/wp\/v2\/posts"}],"about":[{"href":"https:\/\/explora.cl\/rmsuroriente\/wp-json\/wp\/v2\/types\/post"}],"author":[{"embeddable":true,"href":"https:\/\/explora.cl\/rmsuroriente\/wp-json\/wp\/v2\/users\/2"}],"replies":[{"embeddable":true,"href":"https:\/\/explora.cl\/rmsuroriente\/wp-json\/wp\/v2\/comments?post=1168"}],"version-history":[{"count":1,"href":"https:\/\/explora.cl\/rmsuroriente\/wp-json\/wp\/v2\/posts\/1168\/revisions"}],"predecessor-version":[{"id":38174,"href":"https:\/\/explora.cl\/rmsuroriente\/wp-json\/wp\/v2\/posts\/1168\/revisions\/38174"}],"wp:featuredmedia":[{"embeddable":true,"href":"https:\/\/explora.cl\/rmsuroriente\/wp-json\/"}],"wp:attachment":[{"href":"https:\/\/explora.cl\/rmsuroriente\/wp-json\/wp\/v2\/media?parent=1168"}],"wp:term":[{"taxonomy":"category","embeddable":true,"href":"https:\/\/explora.cl\/rmsuroriente\/wp-json\/wp\/v2\/categories?post=1168"},{"taxonomy":"post_tag","embeddable":true,"href":"https:\/\/explora.cl\/rmsuroriente\/wp-json\/wp\/v2\/tags?post=1168"}],"curies":[{"name":"wp","href":"https:\/\/api.w.org\/{rel}","templated":true}]}}