{"id":1164,"date":"2014-11-27T14:02:25","date_gmt":"2014-11-27T14:02:25","guid":{"rendered":"https:\/\/explora.cl\/rmsuroriente\/blog\/2014\/11\/27\/estudiantes-de-todo-el-pais-participan-en-el-xv-congreso-nacional-escolar-de-ciencia-y-tecnologia\/"},"modified":"2019-05-20T17:38:18","modified_gmt":"2019-05-20T17:38:18","slug":"estudiantes-de-todo-el-pais-participan-en-el-xv-congreso-nacional-escolar-de-ciencia-y-tecnologia","status":"publish","type":"post","link":"https:\/\/explora.cl\/rmsuroriente\/estudiantes-de-todo-el-pais-participan-en-el-xv-congreso-nacional-escolar-de-ciencia-y-tecnologia\/","title":{"rendered":"Estudiantes de todo el pa\u00eds participan en el XV Congreso Nacional Escolar de Ciencia Y Tecnolog\u00eda"},"content":{"rendered":"<p><img fetchpriority=\"high\" decoding=\"async\" class=\" size-full wp-image-7573\" src=\"http:\/\/ec2-34-218-253-251.us-west-2.compute.amazonaws.com\/wp-content\/uploads\/2014\/11\/4dec72e80e44f16b9e5305bac9f35e6e.jpg\" alt=\"\" width=\"1500\" height=\"1125\" \/><\/p>\n<p><strong>Este martes 25 de noviembre se dio el vamos al XV Congreso Nacional Escolar de Ciencia Y Tecnolog\u00eda EXPLORA CONICYT, una iniciativa que presenta a las mejores investigaciones de alumnos provenientes desde Arica hasta Cabo de Hornos. <\/strong><\/p>\n<p>La actividad reuni\u00f3 a los 46 equipos ganadores de los Congresos Regionales Escolares de Ciencia y Tecnolog\u00eda EXPLORA, todos ellos participantes de 5\u00ba b\u00e1sico a 3\u00ba medio, quienes ya mostraron sus investigaciones en sus respectivas regiones. Es importante se\u00f1alar que a este grupo tambi\u00e9n se suman tres equipos mexicanos, que de igual modo dar\u00e1n a conocer sus proyectos.<\/p>\n<p>El XV Congreso Nacional Escolar de Ciencia Y Tecnolog\u00eda comenz\u00f3 este martes 25 y se extender\u00e1 hasta el jueves 27 de noviembre. Los y las estudiantes expusieron sus investigaciones en la Plaza de la Constituci\u00f3n, realizaron presentaciones orales en las que dieron a conocer sus trabajos a los jueces, conversaron con destacados cient\u00edficos y fueron parte de un circuito patrimonial donde recorrieron los principales puntos de Santiago.<\/p>\n<p>Es importante destacar que la inauguraci\u00f3n oficial se llev\u00f3 a cabo este mi\u00e9rcoles 26 de noviembre, en el Sal\u00f3n de Honor del ex Congreso Nacional de Santiago, instancia que cont\u00f3 con las palabras del senador Guido Girardi (PPD), Marianela Velasco Directora (s) Programa EXPLORA CONICYT, y Francisco Brieva Presidente de CONICYT.<\/p>\n<p>El Congreso es una instancia de sana competencia donde los y las estudiantes pueden compartir con otros participantes. Este es un proceso que suma m\u00e1s de 500 trabajos de investigaci\u00f3n,\u00a0 que ha movilizado a 534 docentes y a m\u00e1s de 2 mil estudiantes de todas las dependencias administrativas.<\/p>\n<p><strong>Investigaciones de la Regi\u00f3n Metropolitana Zona Sur Oriente <\/strong><\/p>\n<p>Son tres proyectos de Educaci\u00f3n Media, pertenecientes a la Regi\u00f3n Metropolitana, que participan en este Congreso, dos de los cuales contaron con el apoyo del PAR EXPLORA RM Zona Sur Oriente.<\/p>\n<ol start=\"1\">\n<li><strong>Los J\u00f3venes de La Legua y la Resistencia a la Dictadura (1983-1989)<\/strong> realizado por el Liceo Horacio Aravena Andaur, de la comuna de San Joaqu\u00edn, con V\u00edctor Venegas como profesor asesor.<\/li>\n<li><strong>Estimaci\u00f3n del Contenido de Az\u00facares Totales de Bebidas Gaseosas \u201cCola\u201d por Determinaci\u00f3n de Extracto Seco<\/strong>, del Colegio Almendral de la comuna de La Florida, con Alejandro Frutos como profesor asesor.<\/li>\n<\/ol>\n<p>\u201cCreo que para los estudiantes es una muy buena experiencia, no s\u00f3lo porque ellos logran desarrollar habilidades para exponer un tema cient\u00edfico, sino que tambi\u00e9n por el hecho de que pueden tener un roce, ver otras investigaciones, conversar con sus compa\u00f1eros y con cient\u00edficos, creo que eso para su desarrollo personal y para el futuro es muy beneficioso\u201d, indic\u00f3 V\u00edctor Venegas profesor del Liceo Horacio Aravena Andaur.<\/p>\n<p>En esta iniciativa los participantes podr\u00e1n ganar varias distinciones, como el Premio Ciencia Explora Educaci\u00f3n Media, donde viajar\u00e1n a una Feria de Ciencias en un pa\u00eds de Am\u00e9rica Latina y el Premio a la Innovaci\u00f3n Intel ISEF, en el cual viajar\u00e1n a Estados Unidos a la Feria Internacional de Ciencia e Ingenier\u00eda INTEL ISEF, entre otros.<\/p>\n<p>El Programa EXPLORA CONICYT realiza desde 1999 el Congreso Nacional Escolar de Ciencia y Tecnolog\u00eda, que busca incentivar y socializar las investigaciones realizadas por ni\u00f1os, ni\u00f1as y j\u00f3venes de todo el pa\u00eds, guiados por un docente y \u2013muchas veces- con la asesor\u00eda de un cient\u00edfico.<\/p>\n<p>\u00a0<\/p>\n<p>Revisa las im\u00e1genes de este evento en<a href=\"https:\/\/www.facebook.com\/media\/set\/?set=a.799622740096557.1073741939.301210896604413&amp;type=3&amp;uploaded=21\"> Facebook RM sur oriente<\/a><\/p>\n","protected":false},"excerpt":{"rendered":"<p>Este martes 25 de noviembre se dio el vamos al XV Congreso Nacional Escolar de Ciencia Y Tecnolog\u00eda EXPLORA CONICYT, una iniciativa que presenta a las mejores investigaciones de alumnos provenientes desde Arica hasta Cabo de Hornos. La actividad reuni\u00f3 a los 46 equipos ganadores de los Congresos Regionales Escolares de Ciencia y Tecnolog\u00eda EXPLORA, [&hellip;]<\/p>\n","protected":false},"author":2,"featured_media":7573,"comment_status":"closed","ping_status":"open","sticky":false,"template":"","format":"standard","meta":{"_acf_changed":false,"_exactmetrics_skip_tracking":false,"_exactmetrics_sitenote_active":false,"_exactmetrics_sitenote_note":"","_exactmetrics_sitenote_category":0,"footnotes":"","_links_to":"","_links_to_target":""},"categories":[4],"tags":[],"class_list":["post-1164","post","type-post","status-publish","format-standard","has-post-thumbnail","hentry","category-noticias"],"acf":[],"yoast_head":"<!-- This site is optimized with the Yoast SEO plugin v26.9 - https:\/\/yoast.com\/product\/yoast-seo-wordpress\/ -->\n<title>Estudiantes de todo el pa\u00eds participan en el XV Congreso Nacional Escolar de Ciencia Y Tecnolog\u00eda - RM Sur Oriente<\/title>\n<meta name=\"robots\" content=\"index, follow, max-snippet:-1, max-image-preview:large, max-video-preview:-1\" \/>\n<link rel=\"canonical\" href=\"https:\/\/explora.cl\/rmsuroriente\/estudiantes-de-todo-el-pais-participan-en-el-xv-congreso-nacional-escolar-de-ciencia-y-tecnologia\/\" class=\"yoast-seo-meta-tag\" \/>\n<meta property=\"og:locale\" content=\"es_ES\" class=\"yoast-seo-meta-tag\" \/>\n<meta property=\"og:type\" content=\"article\" class=\"yoast-seo-meta-tag\" \/>\n<meta property=\"og:title\" content=\"Estudiantes de todo el pa\u00eds participan en el XV Congreso Nacional Escolar de Ciencia Y Tecnolog\u00eda - RM Sur Oriente\" class=\"yoast-seo-meta-tag\" \/>\n<meta property=\"og:description\" content=\"Este martes 25 de noviembre se dio el vamos al XV Congreso Nacional Escolar de Ciencia Y Tecnolog\u00eda EXPLORA CONICYT, una iniciativa que presenta a las mejores investigaciones de alumnos provenientes desde Arica hasta Cabo de Hornos. La actividad reuni\u00f3 a los 46 equipos ganadores de los Congresos Regionales Escolares de Ciencia y Tecnolog\u00eda EXPLORA, [&hellip;]\" class=\"yoast-seo-meta-tag\" \/>\n<meta property=\"og:url\" content=\"https:\/\/explora.cl\/rmsuroriente\/estudiantes-de-todo-el-pais-participan-en-el-xv-congreso-nacional-escolar-de-ciencia-y-tecnologia\/\" class=\"yoast-seo-meta-tag\" \/>\n<meta property=\"og:site_name\" content=\"RM Sur Oriente\" class=\"yoast-seo-meta-tag\" \/>\n<meta property=\"article:published_time\" content=\"2014-11-27T14:02:25+00:00\" class=\"yoast-seo-meta-tag\" \/>\n<meta property=\"article:modified_time\" content=\"2019-05-20T17:38:18+00:00\" class=\"yoast-seo-meta-tag\" \/>\n<meta name=\"author\" content=\"webman\" class=\"yoast-seo-meta-tag\" \/>\n<meta name=\"twitter:card\" content=\"summary_large_image\" class=\"yoast-seo-meta-tag\" \/>\n<meta name=\"twitter:label1\" content=\"Escrito por\" class=\"yoast-seo-meta-tag\" \/>\n\t<meta name=\"twitter:data1\" content=\"webman\" class=\"yoast-seo-meta-tag\" \/>\n\t<meta name=\"twitter:label2\" content=\"Tiempo estimado de lectura\" class=\"yoast-seo-meta-tag\" \/>\n\t<meta name=\"twitter:data2\" content=\"3 minutos\" class=\"yoast-seo-meta-tag\" \/>\n<script type=\"application\/ld+json\" class=\"yoast-schema-graph\">{\"@context\":\"https:\/\/schema.org\",\"@graph\":[{\"@type\":\"Article\",\"@id\":\"https:\/\/explora.cl\/rmsuroriente\/estudiantes-de-todo-el-pais-participan-en-el-xv-congreso-nacional-escolar-de-ciencia-y-tecnologia\/#article\",\"isPartOf\":{\"@id\":\"https:\/\/explora.cl\/rmsuroriente\/estudiantes-de-todo-el-pais-participan-en-el-xv-congreso-nacional-escolar-de-ciencia-y-tecnologia\/\"},\"author\":{\"name\":\"webman\",\"@id\":\"https:\/\/explora.cl\/rmsuroriente\/#\/schema\/person\/cb8349c13ea2d324080adf8480d7ba5d\"},\"headline\":\"Estudiantes de todo el pa\u00eds participan en el XV Congreso Nacional Escolar de Ciencia Y Tecnolog\u00eda\",\"datePublished\":\"2014-11-27T14:02:25+00:00\",\"dateModified\":\"2019-05-20T17:38:18+00:00\",\"mainEntityOfPage\":{\"@id\":\"https:\/\/explora.cl\/rmsuroriente\/estudiantes-de-todo-el-pais-participan-en-el-xv-congreso-nacional-escolar-de-ciencia-y-tecnologia\/\"},\"wordCount\":593,\"publisher\":{\"@id\":\"https:\/\/explora.cl\/rmsuroriente\/#organization\"},\"image\":{\"@id\":\"https:\/\/explora.cl\/rmsuroriente\/estudiantes-de-todo-el-pais-participan-en-el-xv-congreso-nacional-escolar-de-ciencia-y-tecnologia\/#primaryimage\"},\"thumbnailUrl\":\"\",\"articleSection\":[\"Noticias\"],\"inLanguage\":\"es-CL\"},{\"@type\":\"WebPage\",\"@id\":\"https:\/\/explora.cl\/rmsuroriente\/estudiantes-de-todo-el-pais-participan-en-el-xv-congreso-nacional-escolar-de-ciencia-y-tecnologia\/\",\"url\":\"https:\/\/explora.cl\/rmsuroriente\/estudiantes-de-todo-el-pais-participan-en-el-xv-congreso-nacional-escolar-de-ciencia-y-tecnologia\/\",\"name\":\"Estudiantes de todo el pa\u00eds participan en el XV Congreso Nacional Escolar de Ciencia Y Tecnolog\u00eda - RM Sur Oriente\",\"isPartOf\":{\"@id\":\"https:\/\/explora.cl\/rmsuroriente\/#website\"},\"primaryImageOfPage\":{\"@id\":\"https:\/\/explora.cl\/rmsuroriente\/estudiantes-de-todo-el-pais-participan-en-el-xv-congreso-nacional-escolar-de-ciencia-y-tecnologia\/#primaryimage\"},\"image\":{\"@id\":\"https:\/\/explora.cl\/rmsuroriente\/estudiantes-de-todo-el-pais-participan-en-el-xv-congreso-nacional-escolar-de-ciencia-y-tecnologia\/#primaryimage\"},\"thumbnailUrl\":\"\",\"datePublished\":\"2014-11-27T14:02:25+00:00\",\"dateModified\":\"2019-05-20T17:38:18+00:00\",\"breadcrumb\":{\"@id\":\"https:\/\/explora.cl\/rmsuroriente\/estudiantes-de-todo-el-pais-participan-en-el-xv-congreso-nacional-escolar-de-ciencia-y-tecnologia\/#breadcrumb\"},\"inLanguage\":\"es-CL\",\"potentialAction\":[{\"@type\":\"ReadAction\",\"target\":[\"https:\/\/explora.cl\/rmsuroriente\/estudiantes-de-todo-el-pais-participan-en-el-xv-congreso-nacional-escolar-de-ciencia-y-tecnologia\/\"]}]},{\"@type\":\"ImageObject\",\"inLanguage\":\"es-CL\",\"@id\":\"https:\/\/explora.cl\/rmsuroriente\/estudiantes-de-todo-el-pais-participan-en-el-xv-congreso-nacional-escolar-de-ciencia-y-tecnologia\/#primaryimage\",\"url\":\"\",\"contentUrl\":\"\"},{\"@type\":\"BreadcrumbList\",\"@id\":\"https:\/\/explora.cl\/rmsuroriente\/estudiantes-de-todo-el-pais-participan-en-el-xv-congreso-nacional-escolar-de-ciencia-y-tecnologia\/#breadcrumb\",\"itemListElement\":[{\"@type\":\"ListItem\",\"position\":1,\"name\":\"Portada\",\"item\":\"https:\/\/explora.cl\/rmsuroriente\/\"},{\"@type\":\"ListItem\",\"position\":2,\"name\":\"Estudiantes de todo el pa\u00eds participan en el XV Congreso Nacional Escolar de Ciencia Y Tecnolog\u00eda\"}]},{\"@type\":\"WebSite\",\"@id\":\"https:\/\/explora.cl\/rmsuroriente\/#website\",\"url\":\"https:\/\/explora.cl\/rmsuroriente\/\",\"name\":\"RM Sur Oriente\",\"description\":\"Otro sitio m\u00e1s de explora.cl\",\"publisher\":{\"@id\":\"https:\/\/explora.cl\/rmsuroriente\/#organization\"},\"potentialAction\":[{\"@type\":\"SearchAction\",\"target\":{\"@type\":\"EntryPoint\",\"urlTemplate\":\"https:\/\/explora.cl\/rmsuroriente\/?s={search_term_string}\"},\"query-input\":{\"@type\":\"PropertyValueSpecification\",\"valueRequired\":true,\"valueName\":\"search_term_string\"}}],\"inLanguage\":\"es-CL\"},{\"@type\":\"Organization\",\"@id\":\"https:\/\/explora.cl\/rmsuroriente\/#organization\",\"name\":\"RM Sur Oriente\",\"url\":\"https:\/\/explora.cl\/rmsuroriente\/\",\"logo\":{\"@type\":\"ImageObject\",\"inLanguage\":\"es-CL\",\"@id\":\"https:\/\/explora.cl\/rmsuroriente\/#\/schema\/logo\/image\/\",\"url\":\"https:\/\/explora.cl\/rmsuroriente\/wp-content\/uploads\/sites\/12\/2025\/04\/cropped-LogoPAR_RMSO-Azul-UC.png\",\"contentUrl\":\"https:\/\/explora.cl\/rmsuroriente\/wp-content\/uploads\/sites\/12\/2025\/04\/cropped-LogoPAR_RMSO-Azul-UC.png\",\"width\":411,\"height\":409,\"caption\":\"RM Sur Oriente\"},\"image\":{\"@id\":\"https:\/\/explora.cl\/rmsuroriente\/#\/schema\/logo\/image\/\"}},{\"@type\":\"Person\",\"@id\":\"https:\/\/explora.cl\/rmsuroriente\/#\/schema\/person\/cb8349c13ea2d324080adf8480d7ba5d\",\"name\":\"webman\",\"image\":{\"@type\":\"ImageObject\",\"inLanguage\":\"es-CL\",\"@id\":\"https:\/\/explora.cl\/rmsuroriente\/#\/schema\/person\/image\/\",\"url\":\"https:\/\/secure.gravatar.com\/avatar\/eeff3c82f2c02f7177d13663b7e6f890e9a6a0647ce9bb29cae02dcb094c7312?s=96&d=mm&r=g\",\"contentUrl\":\"https:\/\/secure.gravatar.com\/avatar\/eeff3c82f2c02f7177d13663b7e6f890e9a6a0647ce9bb29cae02dcb094c7312?s=96&d=mm&r=g\",\"caption\":\"webman\"},\"url\":\"https:\/\/explora.cl\/rmsuroriente\/author\/webman\/\"}]}<\/script>\n<!-- \/ Yoast SEO plugin. -->","yoast_head_json":{"title":"Estudiantes de todo el pa\u00eds participan en el XV Congreso Nacional Escolar de Ciencia Y Tecnolog\u00eda - RM Sur Oriente","robots":{"index":"index","follow":"follow","max-snippet":"max-snippet:-1","max-image-preview":"max-image-preview:large","max-video-preview":"max-video-preview:-1"},"canonical":"https:\/\/explora.cl\/rmsuroriente\/estudiantes-de-todo-el-pais-participan-en-el-xv-congreso-nacional-escolar-de-ciencia-y-tecnologia\/","og_locale":"es_ES","og_type":"article","og_title":"Estudiantes de todo el pa\u00eds participan en el XV Congreso Nacional Escolar de Ciencia Y Tecnolog\u00eda - RM Sur Oriente","og_description":"Este martes 25 de noviembre se dio el vamos al XV Congreso Nacional Escolar de Ciencia Y Tecnolog\u00eda EXPLORA CONICYT, una iniciativa que presenta a las mejores investigaciones de alumnos provenientes desde Arica hasta Cabo de Hornos. La actividad reuni\u00f3 a los 46 equipos ganadores de los Congresos Regionales Escolares de Ciencia y Tecnolog\u00eda EXPLORA, [&hellip;]","og_url":"https:\/\/explora.cl\/rmsuroriente\/estudiantes-de-todo-el-pais-participan-en-el-xv-congreso-nacional-escolar-de-ciencia-y-tecnologia\/","og_site_name":"RM Sur Oriente","article_published_time":"2014-11-27T14:02:25+00:00","article_modified_time":"2019-05-20T17:38:18+00:00","author":"webman","twitter_card":"summary_large_image","twitter_misc":{"Escrito por":"webman","Tiempo estimado de lectura":"3 minutos"},"schema":{"@context":"https:\/\/schema.org","@graph":[{"@type":"Article","@id":"https:\/\/explora.cl\/rmsuroriente\/estudiantes-de-todo-el-pais-participan-en-el-xv-congreso-nacional-escolar-de-ciencia-y-tecnologia\/#article","isPartOf":{"@id":"https:\/\/explora.cl\/rmsuroriente\/estudiantes-de-todo-el-pais-participan-en-el-xv-congreso-nacional-escolar-de-ciencia-y-tecnologia\/"},"author":{"name":"webman","@id":"https:\/\/explora.cl\/rmsuroriente\/#\/schema\/person\/cb8349c13ea2d324080adf8480d7ba5d"},"headline":"Estudiantes de todo el pa\u00eds participan en el XV Congreso Nacional Escolar de Ciencia Y Tecnolog\u00eda","datePublished":"2014-11-27T14:02:25+00:00","dateModified":"2019-05-20T17:38:18+00:00","mainEntityOfPage":{"@id":"https:\/\/explora.cl\/rmsuroriente\/estudiantes-de-todo-el-pais-participan-en-el-xv-congreso-nacional-escolar-de-ciencia-y-tecnologia\/"},"wordCount":593,"publisher":{"@id":"https:\/\/explora.cl\/rmsuroriente\/#organization"},"image":{"@id":"https:\/\/explora.cl\/rmsuroriente\/estudiantes-de-todo-el-pais-participan-en-el-xv-congreso-nacional-escolar-de-ciencia-y-tecnologia\/#primaryimage"},"thumbnailUrl":"","articleSection":["Noticias"],"inLanguage":"es-CL"},{"@type":"WebPage","@id":"https:\/\/explora.cl\/rmsuroriente\/estudiantes-de-todo-el-pais-participan-en-el-xv-congreso-nacional-escolar-de-ciencia-y-tecnologia\/","url":"https:\/\/explora.cl\/rmsuroriente\/estudiantes-de-todo-el-pais-participan-en-el-xv-congreso-nacional-escolar-de-ciencia-y-tecnologia\/","name":"Estudiantes de todo el pa\u00eds participan en el XV Congreso Nacional Escolar de Ciencia Y Tecnolog\u00eda - RM Sur Oriente","isPartOf":{"@id":"https:\/\/explora.cl\/rmsuroriente\/#website"},"primaryImageOfPage":{"@id":"https:\/\/explora.cl\/rmsuroriente\/estudiantes-de-todo-el-pais-participan-en-el-xv-congreso-nacional-escolar-de-ciencia-y-tecnologia\/#primaryimage"},"image":{"@id":"https:\/\/explora.cl\/rmsuroriente\/estudiantes-de-todo-el-pais-participan-en-el-xv-congreso-nacional-escolar-de-ciencia-y-tecnologia\/#primaryimage"},"thumbnailUrl":"","datePublished":"2014-11-27T14:02:25+00:00","dateModified":"2019-05-20T17:38:18+00:00","breadcrumb":{"@id":"https:\/\/explora.cl\/rmsuroriente\/estudiantes-de-todo-el-pais-participan-en-el-xv-congreso-nacional-escolar-de-ciencia-y-tecnologia\/#breadcrumb"},"inLanguage":"es-CL","potentialAction":[{"@type":"ReadAction","target":["https:\/\/explora.cl\/rmsuroriente\/estudiantes-de-todo-el-pais-participan-en-el-xv-congreso-nacional-escolar-de-ciencia-y-tecnologia\/"]}]},{"@type":"ImageObject","inLanguage":"es-CL","@id":"https:\/\/explora.cl\/rmsuroriente\/estudiantes-de-todo-el-pais-participan-en-el-xv-congreso-nacional-escolar-de-ciencia-y-tecnologia\/#primaryimage","url":"","contentUrl":""},{"@type":"BreadcrumbList","@id":"https:\/\/explora.cl\/rmsuroriente\/estudiantes-de-todo-el-pais-participan-en-el-xv-congreso-nacional-escolar-de-ciencia-y-tecnologia\/#breadcrumb","itemListElement":[{"@type":"ListItem","position":1,"name":"Portada","item":"https:\/\/explora.cl\/rmsuroriente\/"},{"@type":"ListItem","position":2,"name":"Estudiantes de todo el pa\u00eds participan en el XV Congreso Nacional Escolar de Ciencia Y Tecnolog\u00eda"}]},{"@type":"WebSite","@id":"https:\/\/explora.cl\/rmsuroriente\/#website","url":"https:\/\/explora.cl\/rmsuroriente\/","name":"RM Sur Oriente","description":"Otro sitio m\u00e1s de explora.cl","publisher":{"@id":"https:\/\/explora.cl\/rmsuroriente\/#organization"},"potentialAction":[{"@type":"SearchAction","target":{"@type":"EntryPoint","urlTemplate":"https:\/\/explora.cl\/rmsuroriente\/?s={search_term_string}"},"query-input":{"@type":"PropertyValueSpecification","valueRequired":true,"valueName":"search_term_string"}}],"inLanguage":"es-CL"},{"@type":"Organization","@id":"https:\/\/explora.cl\/rmsuroriente\/#organization","name":"RM Sur Oriente","url":"https:\/\/explora.cl\/rmsuroriente\/","logo":{"@type":"ImageObject","inLanguage":"es-CL","@id":"https:\/\/explora.cl\/rmsuroriente\/#\/schema\/logo\/image\/","url":"https:\/\/explora.cl\/rmsuroriente\/wp-content\/uploads\/sites\/12\/2025\/04\/cropped-LogoPAR_RMSO-Azul-UC.png","contentUrl":"https:\/\/explora.cl\/rmsuroriente\/wp-content\/uploads\/sites\/12\/2025\/04\/cropped-LogoPAR_RMSO-Azul-UC.png","width":411,"height":409,"caption":"RM Sur Oriente"},"image":{"@id":"https:\/\/explora.cl\/rmsuroriente\/#\/schema\/logo\/image\/"}},{"@type":"Person","@id":"https:\/\/explora.cl\/rmsuroriente\/#\/schema\/person\/cb8349c13ea2d324080adf8480d7ba5d","name":"webman","image":{"@type":"ImageObject","inLanguage":"es-CL","@id":"https:\/\/explora.cl\/rmsuroriente\/#\/schema\/person\/image\/","url":"https:\/\/secure.gravatar.com\/avatar\/eeff3c82f2c02f7177d13663b7e6f890e9a6a0647ce9bb29cae02dcb094c7312?s=96&d=mm&r=g","contentUrl":"https:\/\/secure.gravatar.com\/avatar\/eeff3c82f2c02f7177d13663b7e6f890e9a6a0647ce9bb29cae02dcb094c7312?s=96&d=mm&r=g","caption":"webman"},"url":"https:\/\/explora.cl\/rmsuroriente\/author\/webman\/"}]}},"_links":{"self":[{"href":"https:\/\/explora.cl\/rmsuroriente\/wp-json\/wp\/v2\/posts\/1164","targetHints":{"allow":["GET"]}}],"collection":[{"href":"https:\/\/explora.cl\/rmsuroriente\/wp-json\/wp\/v2\/posts"}],"about":[{"href":"https:\/\/explora.cl\/rmsuroriente\/wp-json\/wp\/v2\/types\/post"}],"author":[{"embeddable":true,"href":"https:\/\/explora.cl\/rmsuroriente\/wp-json\/wp\/v2\/users\/2"}],"replies":[{"embeddable":true,"href":"https:\/\/explora.cl\/rmsuroriente\/wp-json\/wp\/v2\/comments?post=1164"}],"version-history":[{"count":1,"href":"https:\/\/explora.cl\/rmsuroriente\/wp-json\/wp\/v2\/posts\/1164\/revisions"}],"predecessor-version":[{"id":38172,"href":"https:\/\/explora.cl\/rmsuroriente\/wp-json\/wp\/v2\/posts\/1164\/revisions\/38172"}],"wp:featuredmedia":[{"embeddable":true,"href":"https:\/\/explora.cl\/rmsuroriente\/wp-json\/"}],"wp:attachment":[{"href":"https:\/\/explora.cl\/rmsuroriente\/wp-json\/wp\/v2\/media?parent=1164"}],"wp:term":[{"taxonomy":"category","embeddable":true,"href":"https:\/\/explora.cl\/rmsuroriente\/wp-json\/wp\/v2\/categories?post=1164"},{"taxonomy":"post_tag","embeddable":true,"href":"https:\/\/explora.cl\/rmsuroriente\/wp-json\/wp\/v2\/tags?post=1164"}],"curies":[{"name":"wp","href":"https:\/\/api.w.org\/{rel}","templated":true}]}}