{"id":1162,"date":"2014-11-28T19:46:24","date_gmt":"2014-11-28T19:46:24","guid":{"rendered":"https:\/\/explora.cl\/rmsuroriente\/blog\/2014\/11\/28\/este-jueves-20-se-realizo-la-feria-cientifica-del-centro-educacional-cardenal-antonio-samore\/"},"modified":"2019-05-20T17:38:17","modified_gmt":"2019-05-20T17:38:17","slug":"este-jueves-20-se-realizo-la-feria-cientifica-del-centro-educacional-cardenal-antonio-samore","status":"publish","type":"post","link":"https:\/\/explora.cl\/rmsuroriente\/este-jueves-20-se-realizo-la-feria-cientifica-del-centro-educacional-cardenal-antonio-samore\/","title":{"rendered":"M\u00e1s de 140 estudiantes participaron en la feria cient\u00edfica del Centro Educacional Cardenal Antonio Samor\u00e9"},"content":{"rendered":"<p><img fetchpriority=\"high\" decoding=\"async\" class=\" size-full wp-image-7646\" src=\"http:\/\/ec2-34-218-253-251.us-west-2.compute.amazonaws.com\/wp-content\/uploads\/2014\/11\/db70e9ac197b9c0806058b7ccee76048.jpg\" alt=\"\" width=\"1500\" height=\"1125\" \/><\/p>\n<p>El jueves 20 de noviembre se llev\u00f3 a cabo la primera Feria Cient\u00edfica Interescolar realizada por el Centro Educacional Municipal Cardenal Antonio Samor\u00e9, una actividad que en esta ocasi\u00f3n dio a conocer 36 proyectos cient\u00edficos, y que tiene como objetivo principal fomentar la investigaci\u00f3n escolar entre los estudiantes y los docentes.\u00a0<\/p>\n<p>\u00a0<span style=\"line-height: 1.3em\">Ventilador USB, L\u00e1mpara Ecol\u00f3gica, Energ\u00eda E\u00f3lica y La Bola de Fuego, fueron los nombres de algunas de las muestras realizadas por ni\u00f1os, ni\u00f1as y j\u00f3venes de 5\u00ba b\u00e1sico a 2\u00ba medio. Esta fue una iniciativa organizada por el propio establecimiento con apoyo del PAR EXPLORA RM Zona Sur Oriente.<\/span><\/p>\n<p>\u201cTratar de fomentar en los alumnos el esp\u00edritu cient\u00edfico, que sepan trabajar en forma secuencial, partir con un proyecto y llevarlo a t\u00e9rmino, ya que las cosas no son de forma inmediata. Fomentar tambi\u00e9n la ciencia en el establecimiento porque es un colegio t\u00e9cnico profesional\u201d coment\u00f3 M\u00f3nica Cofr\u00e9, coordinadora de la feria.<\/p>\n<p>Esta Feria estaba abierta a la participaci\u00f3n de otros colegios interesados en conocer las investigaciones cient\u00edficas que se estaban exhibiendo, por este motivo, la actividad cont\u00f3 con la visita del Colegio Bellavista.<\/p>\n<p>Es importante se\u00f1alar que esta actividad tambi\u00e9n tuvo el apoyo de otras instituciones como la <strong>Agencia Chilena de Eficiencia Energ\u00e9tica (AChEE), <\/strong>la <strong>Facultad de Ciencias Agron\u00f3micas de la Universidad de Chile<\/strong> y <strong>F\u00edsica Itinerante<\/strong>, que compartieron con los estudiantes cuatro m\u00f3dulos: termodin\u00e1mica, mec\u00e1nica, fluidos, y electromagnetismo.<\/p>\n<p>\u00a0<\/p>\n<p>A continuaci\u00f3n la lista de los ganadores seg\u00fan sus respectivas categor\u00edas.<\/p>\n<p><strong>1\u00ba Lugar<\/strong><\/p>\n<p><strong>\u00a0<\/strong><strong style=\"line-height: 1.3em\">Biolog\u00eda:<\/strong><span style=\"line-height: 1.3em\"> Virus \u00c9bola,\u00a0 8\u00b0A.<\/span><\/p>\n<p><strong>F\u00edsica:<\/strong> Energ\u00eda E\u00f3lica, 2\u00b0Medio A.<br \/> <strong>Qu\u00edmica: <\/strong>Tratamiento de Suelos Contaminados con Lluvia \u00c1cida,\u00a0 2\u00b0Medio A.<\/p>\n<p><strong><br \/> 2\u00b0Lugar<\/strong> <\/p>\n<p> <strong>Biolog\u00eda:<\/strong> La Clonaci\u00f3n Reyes,\u00a0 8\u00b0A.<br \/> <strong>F\u00edsica: <\/strong>Levitron Casero, 7\u00b0A.<br \/> <strong>Qu\u00edmica:<\/strong> Determinaci\u00f3n de Vitamina C en los Jugos en Polvo, 2\u00b0B.<\/p>\n<p><strong>Menci\u00f3n Honrosa: <\/strong>Qu\u00edmica en el Arte, 2\u00b0A \u00a0y Lweche Sicod\u00e9lica, 8\u00b0A.<\/p>\n<p>\u00a0<\/p>\n<p><span style=\"font-size: large\"><strong>Revisa las fotos de la actividad en nuestra <a href=\"https:\/\/www.facebook.com\/media\/set\/?set=a.800181060040725.1073741940.301210896604413&amp;type=1\">p\u00e1gina de Facebook!<\/a><\/strong><\/span><\/p>\n","protected":false},"excerpt":{"rendered":"<p>El jueves 20 de noviembre se llev\u00f3 a cabo la primera Feria Cient\u00edfica Interescolar realizada por el Centro Educacional Municipal Cardenal Antonio Samor\u00e9, una actividad que en esta ocasi\u00f3n dio a conocer 36 proyectos cient\u00edficos, y que tiene como objetivo principal fomentar la investigaci\u00f3n escolar entre los estudiantes y los docentes.\u00a0 \u00a0Ventilador USB, L\u00e1mpara Ecol\u00f3gica, [&hellip;]<\/p>\n","protected":false},"author":2,"featured_media":7646,"comment_status":"closed","ping_status":"open","sticky":false,"template":"","format":"standard","meta":{"_acf_changed":false,"_exactmetrics_skip_tracking":false,"_exactmetrics_sitenote_active":false,"_exactmetrics_sitenote_note":"","_exactmetrics_sitenote_category":0,"footnotes":"","_links_to":"","_links_to_target":""},"categories":[4],"tags":[],"class_list":["post-1162","post","type-post","status-publish","format-standard","has-post-thumbnail","hentry","category-noticias"],"acf":[],"yoast_head":"<!-- This site is optimized with the Yoast SEO plugin v26.9 - https:\/\/yoast.com\/product\/yoast-seo-wordpress\/ -->\n<title>M\u00e1s de 140 estudiantes participaron en la feria cient\u00edfica del Centro Educacional Cardenal Antonio Samor\u00e9 - RM Sur Oriente<\/title>\n<meta name=\"robots\" content=\"index, follow, max-snippet:-1, max-image-preview:large, max-video-preview:-1\" \/>\n<link rel=\"canonical\" href=\"https:\/\/explora.cl\/rmsuroriente\/este-jueves-20-se-realizo-la-feria-cientifica-del-centro-educacional-cardenal-antonio-samore\/\" class=\"yoast-seo-meta-tag\" \/>\n<meta property=\"og:locale\" content=\"es_ES\" class=\"yoast-seo-meta-tag\" \/>\n<meta property=\"og:type\" content=\"article\" class=\"yoast-seo-meta-tag\" \/>\n<meta property=\"og:title\" content=\"M\u00e1s de 140 estudiantes participaron en la feria cient\u00edfica del Centro Educacional Cardenal Antonio Samor\u00e9 - RM Sur Oriente\" class=\"yoast-seo-meta-tag\" \/>\n<meta property=\"og:description\" content=\"El jueves 20 de noviembre se llev\u00f3 a cabo la primera Feria Cient\u00edfica Interescolar realizada por el Centro Educacional Municipal Cardenal Antonio Samor\u00e9, una actividad que en esta ocasi\u00f3n dio a conocer 36 proyectos cient\u00edficos, y que tiene como objetivo principal fomentar la investigaci\u00f3n escolar entre los estudiantes y los docentes.\u00a0 \u00a0Ventilador USB, L\u00e1mpara Ecol\u00f3gica, [&hellip;]\" class=\"yoast-seo-meta-tag\" \/>\n<meta property=\"og:url\" content=\"https:\/\/explora.cl\/rmsuroriente\/este-jueves-20-se-realizo-la-feria-cientifica-del-centro-educacional-cardenal-antonio-samore\/\" class=\"yoast-seo-meta-tag\" \/>\n<meta property=\"og:site_name\" content=\"RM Sur Oriente\" class=\"yoast-seo-meta-tag\" \/>\n<meta property=\"article:published_time\" content=\"2014-11-28T19:46:24+00:00\" class=\"yoast-seo-meta-tag\" \/>\n<meta property=\"article:modified_time\" content=\"2019-05-20T17:38:17+00:00\" class=\"yoast-seo-meta-tag\" \/>\n<meta name=\"author\" content=\"webman\" class=\"yoast-seo-meta-tag\" \/>\n<meta name=\"twitter:card\" content=\"summary_large_image\" class=\"yoast-seo-meta-tag\" \/>\n<meta name=\"twitter:label1\" content=\"Escrito por\" class=\"yoast-seo-meta-tag\" \/>\n\t<meta name=\"twitter:data1\" content=\"webman\" class=\"yoast-seo-meta-tag\" \/>\n\t<meta name=\"twitter:label2\" content=\"Tiempo estimado de lectura\" class=\"yoast-seo-meta-tag\" \/>\n\t<meta name=\"twitter:data2\" content=\"2 minutos\" class=\"yoast-seo-meta-tag\" \/>\n<script type=\"application\/ld+json\" class=\"yoast-schema-graph\">{\"@context\":\"https:\/\/schema.org\",\"@graph\":[{\"@type\":\"Article\",\"@id\":\"https:\/\/explora.cl\/rmsuroriente\/este-jueves-20-se-realizo-la-feria-cientifica-del-centro-educacional-cardenal-antonio-samore\/#article\",\"isPartOf\":{\"@id\":\"https:\/\/explora.cl\/rmsuroriente\/este-jueves-20-se-realizo-la-feria-cientifica-del-centro-educacional-cardenal-antonio-samore\/\"},\"author\":{\"name\":\"webman\",\"@id\":\"https:\/\/explora.cl\/rmsuroriente\/#\/schema\/person\/cb8349c13ea2d324080adf8480d7ba5d\"},\"headline\":\"M\u00e1s de 140 estudiantes participaron en la feria cient\u00edfica del Centro Educacional Cardenal Antonio Samor\u00e9\",\"datePublished\":\"2014-11-28T19:46:24+00:00\",\"dateModified\":\"2019-05-20T17:38:17+00:00\",\"mainEntityOfPage\":{\"@id\":\"https:\/\/explora.cl\/rmsuroriente\/este-jueves-20-se-realizo-la-feria-cientifica-del-centro-educacional-cardenal-antonio-samore\/\"},\"wordCount\":361,\"publisher\":{\"@id\":\"https:\/\/explora.cl\/rmsuroriente\/#organization\"},\"image\":{\"@id\":\"https:\/\/explora.cl\/rmsuroriente\/este-jueves-20-se-realizo-la-feria-cientifica-del-centro-educacional-cardenal-antonio-samore\/#primaryimage\"},\"thumbnailUrl\":\"\",\"articleSection\":[\"Noticias\"],\"inLanguage\":\"es-CL\"},{\"@type\":\"WebPage\",\"@id\":\"https:\/\/explora.cl\/rmsuroriente\/este-jueves-20-se-realizo-la-feria-cientifica-del-centro-educacional-cardenal-antonio-samore\/\",\"url\":\"https:\/\/explora.cl\/rmsuroriente\/este-jueves-20-se-realizo-la-feria-cientifica-del-centro-educacional-cardenal-antonio-samore\/\",\"name\":\"M\u00e1s de 140 estudiantes participaron en la feria cient\u00edfica del Centro Educacional Cardenal Antonio Samor\u00e9 - RM Sur Oriente\",\"isPartOf\":{\"@id\":\"https:\/\/explora.cl\/rmsuroriente\/#website\"},\"primaryImageOfPage\":{\"@id\":\"https:\/\/explora.cl\/rmsuroriente\/este-jueves-20-se-realizo-la-feria-cientifica-del-centro-educacional-cardenal-antonio-samore\/#primaryimage\"},\"image\":{\"@id\":\"https:\/\/explora.cl\/rmsuroriente\/este-jueves-20-se-realizo-la-feria-cientifica-del-centro-educacional-cardenal-antonio-samore\/#primaryimage\"},\"thumbnailUrl\":\"\",\"datePublished\":\"2014-11-28T19:46:24+00:00\",\"dateModified\":\"2019-05-20T17:38:17+00:00\",\"breadcrumb\":{\"@id\":\"https:\/\/explora.cl\/rmsuroriente\/este-jueves-20-se-realizo-la-feria-cientifica-del-centro-educacional-cardenal-antonio-samore\/#breadcrumb\"},\"inLanguage\":\"es-CL\",\"potentialAction\":[{\"@type\":\"ReadAction\",\"target\":[\"https:\/\/explora.cl\/rmsuroriente\/este-jueves-20-se-realizo-la-feria-cientifica-del-centro-educacional-cardenal-antonio-samore\/\"]}]},{\"@type\":\"ImageObject\",\"inLanguage\":\"es-CL\",\"@id\":\"https:\/\/explora.cl\/rmsuroriente\/este-jueves-20-se-realizo-la-feria-cientifica-del-centro-educacional-cardenal-antonio-samore\/#primaryimage\",\"url\":\"\",\"contentUrl\":\"\"},{\"@type\":\"BreadcrumbList\",\"@id\":\"https:\/\/explora.cl\/rmsuroriente\/este-jueves-20-se-realizo-la-feria-cientifica-del-centro-educacional-cardenal-antonio-samore\/#breadcrumb\",\"itemListElement\":[{\"@type\":\"ListItem\",\"position\":1,\"name\":\"Portada\",\"item\":\"https:\/\/explora.cl\/rmsuroriente\/\"},{\"@type\":\"ListItem\",\"position\":2,\"name\":\"M\u00e1s de 140 estudiantes participaron en la feria cient\u00edfica del Centro Educacional Cardenal Antonio Samor\u00e9\"}]},{\"@type\":\"WebSite\",\"@id\":\"https:\/\/explora.cl\/rmsuroriente\/#website\",\"url\":\"https:\/\/explora.cl\/rmsuroriente\/\",\"name\":\"RM Sur Oriente\",\"description\":\"Otro sitio m\u00e1s de explora.cl\",\"publisher\":{\"@id\":\"https:\/\/explora.cl\/rmsuroriente\/#organization\"},\"potentialAction\":[{\"@type\":\"SearchAction\",\"target\":{\"@type\":\"EntryPoint\",\"urlTemplate\":\"https:\/\/explora.cl\/rmsuroriente\/?s={search_term_string}\"},\"query-input\":{\"@type\":\"PropertyValueSpecification\",\"valueRequired\":true,\"valueName\":\"search_term_string\"}}],\"inLanguage\":\"es-CL\"},{\"@type\":\"Organization\",\"@id\":\"https:\/\/explora.cl\/rmsuroriente\/#organization\",\"name\":\"RM Sur Oriente\",\"url\":\"https:\/\/explora.cl\/rmsuroriente\/\",\"logo\":{\"@type\":\"ImageObject\",\"inLanguage\":\"es-CL\",\"@id\":\"https:\/\/explora.cl\/rmsuroriente\/#\/schema\/logo\/image\/\",\"url\":\"https:\/\/explora.cl\/rmsuroriente\/wp-content\/uploads\/sites\/12\/2025\/04\/cropped-LogoPAR_RMSO-Azul-UC.png\",\"contentUrl\":\"https:\/\/explora.cl\/rmsuroriente\/wp-content\/uploads\/sites\/12\/2025\/04\/cropped-LogoPAR_RMSO-Azul-UC.png\",\"width\":411,\"height\":409,\"caption\":\"RM Sur Oriente\"},\"image\":{\"@id\":\"https:\/\/explora.cl\/rmsuroriente\/#\/schema\/logo\/image\/\"}},{\"@type\":\"Person\",\"@id\":\"https:\/\/explora.cl\/rmsuroriente\/#\/schema\/person\/cb8349c13ea2d324080adf8480d7ba5d\",\"name\":\"webman\",\"image\":{\"@type\":\"ImageObject\",\"inLanguage\":\"es-CL\",\"@id\":\"https:\/\/explora.cl\/rmsuroriente\/#\/schema\/person\/image\/\",\"url\":\"https:\/\/secure.gravatar.com\/avatar\/eeff3c82f2c02f7177d13663b7e6f890e9a6a0647ce9bb29cae02dcb094c7312?s=96&d=mm&r=g\",\"contentUrl\":\"https:\/\/secure.gravatar.com\/avatar\/eeff3c82f2c02f7177d13663b7e6f890e9a6a0647ce9bb29cae02dcb094c7312?s=96&d=mm&r=g\",\"caption\":\"webman\"},\"url\":\"https:\/\/explora.cl\/rmsuroriente\/author\/webman\/\"}]}<\/script>\n<!-- \/ Yoast SEO plugin. -->","yoast_head_json":{"title":"M\u00e1s de 140 estudiantes participaron en la feria cient\u00edfica del Centro Educacional Cardenal Antonio Samor\u00e9 - RM Sur Oriente","robots":{"index":"index","follow":"follow","max-snippet":"max-snippet:-1","max-image-preview":"max-image-preview:large","max-video-preview":"max-video-preview:-1"},"canonical":"https:\/\/explora.cl\/rmsuroriente\/este-jueves-20-se-realizo-la-feria-cientifica-del-centro-educacional-cardenal-antonio-samore\/","og_locale":"es_ES","og_type":"article","og_title":"M\u00e1s de 140 estudiantes participaron en la feria cient\u00edfica del Centro Educacional Cardenal Antonio Samor\u00e9 - RM Sur Oriente","og_description":"El jueves 20 de noviembre se llev\u00f3 a cabo la primera Feria Cient\u00edfica Interescolar realizada por el Centro Educacional Municipal Cardenal Antonio Samor\u00e9, una actividad que en esta ocasi\u00f3n dio a conocer 36 proyectos cient\u00edficos, y que tiene como objetivo principal fomentar la investigaci\u00f3n escolar entre los estudiantes y los docentes.\u00a0 \u00a0Ventilador USB, L\u00e1mpara Ecol\u00f3gica, [&hellip;]","og_url":"https:\/\/explora.cl\/rmsuroriente\/este-jueves-20-se-realizo-la-feria-cientifica-del-centro-educacional-cardenal-antonio-samore\/","og_site_name":"RM Sur Oriente","article_published_time":"2014-11-28T19:46:24+00:00","article_modified_time":"2019-05-20T17:38:17+00:00","author":"webman","twitter_card":"summary_large_image","twitter_misc":{"Escrito por":"webman","Tiempo estimado de lectura":"2 minutos"},"schema":{"@context":"https:\/\/schema.org","@graph":[{"@type":"Article","@id":"https:\/\/explora.cl\/rmsuroriente\/este-jueves-20-se-realizo-la-feria-cientifica-del-centro-educacional-cardenal-antonio-samore\/#article","isPartOf":{"@id":"https:\/\/explora.cl\/rmsuroriente\/este-jueves-20-se-realizo-la-feria-cientifica-del-centro-educacional-cardenal-antonio-samore\/"},"author":{"name":"webman","@id":"https:\/\/explora.cl\/rmsuroriente\/#\/schema\/person\/cb8349c13ea2d324080adf8480d7ba5d"},"headline":"M\u00e1s de 140 estudiantes participaron en la feria cient\u00edfica del Centro Educacional Cardenal Antonio Samor\u00e9","datePublished":"2014-11-28T19:46:24+00:00","dateModified":"2019-05-20T17:38:17+00:00","mainEntityOfPage":{"@id":"https:\/\/explora.cl\/rmsuroriente\/este-jueves-20-se-realizo-la-feria-cientifica-del-centro-educacional-cardenal-antonio-samore\/"},"wordCount":361,"publisher":{"@id":"https:\/\/explora.cl\/rmsuroriente\/#organization"},"image":{"@id":"https:\/\/explora.cl\/rmsuroriente\/este-jueves-20-se-realizo-la-feria-cientifica-del-centro-educacional-cardenal-antonio-samore\/#primaryimage"},"thumbnailUrl":"","articleSection":["Noticias"],"inLanguage":"es-CL"},{"@type":"WebPage","@id":"https:\/\/explora.cl\/rmsuroriente\/este-jueves-20-se-realizo-la-feria-cientifica-del-centro-educacional-cardenal-antonio-samore\/","url":"https:\/\/explora.cl\/rmsuroriente\/este-jueves-20-se-realizo-la-feria-cientifica-del-centro-educacional-cardenal-antonio-samore\/","name":"M\u00e1s de 140 estudiantes participaron en la feria cient\u00edfica del Centro Educacional Cardenal Antonio Samor\u00e9 - RM Sur Oriente","isPartOf":{"@id":"https:\/\/explora.cl\/rmsuroriente\/#website"},"primaryImageOfPage":{"@id":"https:\/\/explora.cl\/rmsuroriente\/este-jueves-20-se-realizo-la-feria-cientifica-del-centro-educacional-cardenal-antonio-samore\/#primaryimage"},"image":{"@id":"https:\/\/explora.cl\/rmsuroriente\/este-jueves-20-se-realizo-la-feria-cientifica-del-centro-educacional-cardenal-antonio-samore\/#primaryimage"},"thumbnailUrl":"","datePublished":"2014-11-28T19:46:24+00:00","dateModified":"2019-05-20T17:38:17+00:00","breadcrumb":{"@id":"https:\/\/explora.cl\/rmsuroriente\/este-jueves-20-se-realizo-la-feria-cientifica-del-centro-educacional-cardenal-antonio-samore\/#breadcrumb"},"inLanguage":"es-CL","potentialAction":[{"@type":"ReadAction","target":["https:\/\/explora.cl\/rmsuroriente\/este-jueves-20-se-realizo-la-feria-cientifica-del-centro-educacional-cardenal-antonio-samore\/"]}]},{"@type":"ImageObject","inLanguage":"es-CL","@id":"https:\/\/explora.cl\/rmsuroriente\/este-jueves-20-se-realizo-la-feria-cientifica-del-centro-educacional-cardenal-antonio-samore\/#primaryimage","url":"","contentUrl":""},{"@type":"BreadcrumbList","@id":"https:\/\/explora.cl\/rmsuroriente\/este-jueves-20-se-realizo-la-feria-cientifica-del-centro-educacional-cardenal-antonio-samore\/#breadcrumb","itemListElement":[{"@type":"ListItem","position":1,"name":"Portada","item":"https:\/\/explora.cl\/rmsuroriente\/"},{"@type":"ListItem","position":2,"name":"M\u00e1s de 140 estudiantes participaron en la feria cient\u00edfica del Centro Educacional Cardenal Antonio Samor\u00e9"}]},{"@type":"WebSite","@id":"https:\/\/explora.cl\/rmsuroriente\/#website","url":"https:\/\/explora.cl\/rmsuroriente\/","name":"RM Sur Oriente","description":"Otro sitio m\u00e1s de explora.cl","publisher":{"@id":"https:\/\/explora.cl\/rmsuroriente\/#organization"},"potentialAction":[{"@type":"SearchAction","target":{"@type":"EntryPoint","urlTemplate":"https:\/\/explora.cl\/rmsuroriente\/?s={search_term_string}"},"query-input":{"@type":"PropertyValueSpecification","valueRequired":true,"valueName":"search_term_string"}}],"inLanguage":"es-CL"},{"@type":"Organization","@id":"https:\/\/explora.cl\/rmsuroriente\/#organization","name":"RM Sur Oriente","url":"https:\/\/explora.cl\/rmsuroriente\/","logo":{"@type":"ImageObject","inLanguage":"es-CL","@id":"https:\/\/explora.cl\/rmsuroriente\/#\/schema\/logo\/image\/","url":"https:\/\/explora.cl\/rmsuroriente\/wp-content\/uploads\/sites\/12\/2025\/04\/cropped-LogoPAR_RMSO-Azul-UC.png","contentUrl":"https:\/\/explora.cl\/rmsuroriente\/wp-content\/uploads\/sites\/12\/2025\/04\/cropped-LogoPAR_RMSO-Azul-UC.png","width":411,"height":409,"caption":"RM Sur Oriente"},"image":{"@id":"https:\/\/explora.cl\/rmsuroriente\/#\/schema\/logo\/image\/"}},{"@type":"Person","@id":"https:\/\/explora.cl\/rmsuroriente\/#\/schema\/person\/cb8349c13ea2d324080adf8480d7ba5d","name":"webman","image":{"@type":"ImageObject","inLanguage":"es-CL","@id":"https:\/\/explora.cl\/rmsuroriente\/#\/schema\/person\/image\/","url":"https:\/\/secure.gravatar.com\/avatar\/eeff3c82f2c02f7177d13663b7e6f890e9a6a0647ce9bb29cae02dcb094c7312?s=96&d=mm&r=g","contentUrl":"https:\/\/secure.gravatar.com\/avatar\/eeff3c82f2c02f7177d13663b7e6f890e9a6a0647ce9bb29cae02dcb094c7312?s=96&d=mm&r=g","caption":"webman"},"url":"https:\/\/explora.cl\/rmsuroriente\/author\/webman\/"}]}},"_links":{"self":[{"href":"https:\/\/explora.cl\/rmsuroriente\/wp-json\/wp\/v2\/posts\/1162","targetHints":{"allow":["GET"]}}],"collection":[{"href":"https:\/\/explora.cl\/rmsuroriente\/wp-json\/wp\/v2\/posts"}],"about":[{"href":"https:\/\/explora.cl\/rmsuroriente\/wp-json\/wp\/v2\/types\/post"}],"author":[{"embeddable":true,"href":"https:\/\/explora.cl\/rmsuroriente\/wp-json\/wp\/v2\/users\/2"}],"replies":[{"embeddable":true,"href":"https:\/\/explora.cl\/rmsuroriente\/wp-json\/wp\/v2\/comments?post=1162"}],"version-history":[{"count":1,"href":"https:\/\/explora.cl\/rmsuroriente\/wp-json\/wp\/v2\/posts\/1162\/revisions"}],"predecessor-version":[{"id":38171,"href":"https:\/\/explora.cl\/rmsuroriente\/wp-json\/wp\/v2\/posts\/1162\/revisions\/38171"}],"wp:featuredmedia":[{"embeddable":true,"href":"https:\/\/explora.cl\/rmsuroriente\/wp-json\/"}],"wp:attachment":[{"href":"https:\/\/explora.cl\/rmsuroriente\/wp-json\/wp\/v2\/media?parent=1162"}],"wp:term":[{"taxonomy":"category","embeddable":true,"href":"https:\/\/explora.cl\/rmsuroriente\/wp-json\/wp\/v2\/categories?post=1162"},{"taxonomy":"post_tag","embeddable":true,"href":"https:\/\/explora.cl\/rmsuroriente\/wp-json\/wp\/v2\/tags?post=1162"}],"curies":[{"name":"wp","href":"https:\/\/api.w.org\/{rel}","templated":true}]}}