{"id":1160,"date":"2014-12-01T18:33:36","date_gmt":"2014-12-01T18:33:36","guid":{"rendered":"https:\/\/explora.cl\/rmsuroriente\/blog\/2014\/12\/01\/escolares-se-reunieron-en-el-museo-historico-de-carabineros-para-disfrutar-de-entretenida-funcion-de-titeres\/"},"modified":"2019-05-20T17:38:17","modified_gmt":"2019-05-20T17:38:17","slug":"escolares-se-reunieron-en-el-museo-historico-de-carabineros-para-disfrutar-de-entretenida-funcion-de-titeres","status":"publish","type":"post","link":"https:\/\/explora.cl\/rmsuroriente\/escolares-se-reunieron-en-el-museo-historico-de-carabineros-para-disfrutar-de-entretenida-funcion-de-titeres\/","title":{"rendered":"Escolares se reunieron en el Museo Hist\u00f3rico de Carabineros para disfrutar de entretenida funci\u00f3n de t\u00edteres"},"content":{"rendered":"<p><img fetchpriority=\"high\" decoding=\"async\" class=\" size-full wp-image-7681\" src=\"http:\/\/ec2-34-218-253-251.us-west-2.compute.amazonaws.com\/wp-content\/uploads\/2014\/12\/d820a3ca719f19cf44701fe932e22f2d.jpg\" alt=\"\" width=\"1500\" height=\"1125\" \/><\/p>\n<p>La Familia que Canta es el nombre de la funci\u00f3n de t\u00edteres que se realiz\u00f3 el mi\u00e9rcoles 19 de noviembre en el frontis del Museo Hist\u00f3rico de Carabineros, una actividad que reuni\u00f3 a m\u00e1s de 160 ni\u00f1os, ni\u00f1as y profesores de distintos establecimientos de la Regi\u00f3n Metropolitana.<\/p>\n<p>\u00a0\u00a0\u00a0\u00a0\u00a0\u00a0\u00a0\u00a0\u00a0\u00a0\u00a0 La funci\u00f3n de T\u00edteres de la DIPROFAM, fue realizada por cuatro funcionarios de la 48\u00ba Comisaria Menores y Familia, y fue una iniciativa organizada por el Museo Hist\u00f3rico de Carabineros (MHC) con apoyo del PAR EXPLORA RM Zona Sur Oriente.<\/p>\n<p>\u00a0\u00a0\u00a0\u00a0\u00a0\u00a0\u00a0\u00a0\u00a0\u00a0\u00a0 Las delegaciones que asistieron pertenec\u00edan al Colegio San Alberto Hurtado de la comuna de Pudahuel y al Colegio San Agust\u00edn de la comuna de Cerrillos. Todos ellos pudieron disfrutar de la funci\u00f3n que relata la historia de una familia, que es visitada por un personaje que llega desde sur, \u00a0quien mediante regalos y dulces intenta abusar de un menor que integra el grupo familiar.<\/p>\n<p>\u00a0\u00a0\u00a0\u00a0\u00a0\u00a0\u00a0\u00a0\u00a0\u00a0\u00a0 \u00a0\u00a0Esta es una actividad que tiene como objetivo principal educar, detectar y prevenir el abuso sexual infantil y el maltrato a menores de edad, la cual est\u00e1 dirigida espec\u00edficamente a ni\u00f1os y ni\u00f1as desde los 3 hasta los 10 a\u00f1os de edad, aproximadamente.<\/p>\n<p>Revisa las fotograf\u00edas de esta actividad es nuestra <a href=\"https:\/\/www.facebook.com\/media\/set\/?set=a.801802616545236.1073741941.301210896604413&amp;type=3\" target=\"_blank\" rel=\"noopener noreferrer\">p\u00e1gina de Facebook<\/a><\/p>\n","protected":false},"excerpt":{"rendered":"<p>La Familia que Canta es el nombre de la funci\u00f3n de t\u00edteres que se realiz\u00f3 el mi\u00e9rcoles 19 de noviembre en el frontis del Museo Hist\u00f3rico de Carabineros, una actividad que reuni\u00f3 a m\u00e1s de 160 ni\u00f1os, ni\u00f1as y profesores de distintos establecimientos de la Regi\u00f3n Metropolitana. \u00a0\u00a0\u00a0\u00a0\u00a0\u00a0\u00a0\u00a0\u00a0\u00a0\u00a0 La funci\u00f3n de T\u00edteres de la DIPROFAM, [&hellip;]<\/p>\n","protected":false},"author":2,"featured_media":7681,"comment_status":"closed","ping_status":"open","sticky":false,"template":"","format":"standard","meta":{"_acf_changed":false,"_exactmetrics_skip_tracking":false,"_exactmetrics_sitenote_active":false,"_exactmetrics_sitenote_note":"","_exactmetrics_sitenote_category":0,"footnotes":"","_links_to":"","_links_to_target":""},"categories":[4],"tags":[],"class_list":["post-1160","post","type-post","status-publish","format-standard","has-post-thumbnail","hentry","category-noticias"],"acf":[],"yoast_head":"<!-- This site is optimized with the Yoast SEO plugin v26.9 - https:\/\/yoast.com\/product\/yoast-seo-wordpress\/ -->\n<title>Escolares se reunieron en el Museo Hist\u00f3rico de Carabineros para disfrutar de entretenida funci\u00f3n de t\u00edteres - RM Sur Oriente<\/title>\n<meta name=\"robots\" content=\"index, follow, max-snippet:-1, max-image-preview:large, max-video-preview:-1\" \/>\n<link rel=\"canonical\" href=\"https:\/\/explora.cl\/rmsuroriente\/escolares-se-reunieron-en-el-museo-historico-de-carabineros-para-disfrutar-de-entretenida-funcion-de-titeres\/\" class=\"yoast-seo-meta-tag\" \/>\n<meta property=\"og:locale\" content=\"es_ES\" class=\"yoast-seo-meta-tag\" \/>\n<meta property=\"og:type\" content=\"article\" class=\"yoast-seo-meta-tag\" \/>\n<meta property=\"og:title\" content=\"Escolares se reunieron en el Museo Hist\u00f3rico de Carabineros para disfrutar de entretenida funci\u00f3n de t\u00edteres - RM Sur Oriente\" class=\"yoast-seo-meta-tag\" \/>\n<meta property=\"og:description\" content=\"La Familia que Canta es el nombre de la funci\u00f3n de t\u00edteres que se realiz\u00f3 el mi\u00e9rcoles 19 de noviembre en el frontis del Museo Hist\u00f3rico de Carabineros, una actividad que reuni\u00f3 a m\u00e1s de 160 ni\u00f1os, ni\u00f1as y profesores de distintos establecimientos de la Regi\u00f3n Metropolitana. \u00a0\u00a0\u00a0\u00a0\u00a0\u00a0\u00a0\u00a0\u00a0\u00a0\u00a0 La funci\u00f3n de T\u00edteres de la DIPROFAM, [&hellip;]\" class=\"yoast-seo-meta-tag\" \/>\n<meta property=\"og:url\" content=\"https:\/\/explora.cl\/rmsuroriente\/escolares-se-reunieron-en-el-museo-historico-de-carabineros-para-disfrutar-de-entretenida-funcion-de-titeres\/\" class=\"yoast-seo-meta-tag\" \/>\n<meta property=\"og:site_name\" content=\"RM Sur Oriente\" class=\"yoast-seo-meta-tag\" \/>\n<meta property=\"article:published_time\" content=\"2014-12-01T18:33:36+00:00\" class=\"yoast-seo-meta-tag\" \/>\n<meta property=\"article:modified_time\" content=\"2019-05-20T17:38:17+00:00\" class=\"yoast-seo-meta-tag\" \/>\n<meta name=\"author\" content=\"webman\" class=\"yoast-seo-meta-tag\" \/>\n<meta name=\"twitter:card\" content=\"summary_large_image\" class=\"yoast-seo-meta-tag\" \/>\n<meta name=\"twitter:label1\" content=\"Escrito por\" class=\"yoast-seo-meta-tag\" \/>\n\t<meta name=\"twitter:data1\" content=\"webman\" class=\"yoast-seo-meta-tag\" \/>\n\t<meta name=\"twitter:label2\" content=\"Tiempo estimado de lectura\" class=\"yoast-seo-meta-tag\" \/>\n\t<meta name=\"twitter:data2\" content=\"1 minuto\" class=\"yoast-seo-meta-tag\" \/>\n<script type=\"application\/ld+json\" class=\"yoast-schema-graph\">{\"@context\":\"https:\/\/schema.org\",\"@graph\":[{\"@type\":\"Article\",\"@id\":\"https:\/\/explora.cl\/rmsuroriente\/escolares-se-reunieron-en-el-museo-historico-de-carabineros-para-disfrutar-de-entretenida-funcion-de-titeres\/#article\",\"isPartOf\":{\"@id\":\"https:\/\/explora.cl\/rmsuroriente\/escolares-se-reunieron-en-el-museo-historico-de-carabineros-para-disfrutar-de-entretenida-funcion-de-titeres\/\"},\"author\":{\"name\":\"webman\",\"@id\":\"https:\/\/explora.cl\/rmsuroriente\/#\/schema\/person\/cb8349c13ea2d324080adf8480d7ba5d\"},\"headline\":\"Escolares se reunieron en el Museo Hist\u00f3rico de Carabineros para disfrutar de entretenida funci\u00f3n de t\u00edteres\",\"datePublished\":\"2014-12-01T18:33:36+00:00\",\"dateModified\":\"2019-05-20T17:38:17+00:00\",\"mainEntityOfPage\":{\"@id\":\"https:\/\/explora.cl\/rmsuroriente\/escolares-se-reunieron-en-el-museo-historico-de-carabineros-para-disfrutar-de-entretenida-funcion-de-titeres\/\"},\"wordCount\":239,\"publisher\":{\"@id\":\"https:\/\/explora.cl\/rmsuroriente\/#organization\"},\"image\":{\"@id\":\"https:\/\/explora.cl\/rmsuroriente\/escolares-se-reunieron-en-el-museo-historico-de-carabineros-para-disfrutar-de-entretenida-funcion-de-titeres\/#primaryimage\"},\"thumbnailUrl\":\"\",\"articleSection\":[\"Noticias\"],\"inLanguage\":\"es-CL\"},{\"@type\":\"WebPage\",\"@id\":\"https:\/\/explora.cl\/rmsuroriente\/escolares-se-reunieron-en-el-museo-historico-de-carabineros-para-disfrutar-de-entretenida-funcion-de-titeres\/\",\"url\":\"https:\/\/explora.cl\/rmsuroriente\/escolares-se-reunieron-en-el-museo-historico-de-carabineros-para-disfrutar-de-entretenida-funcion-de-titeres\/\",\"name\":\"Escolares se reunieron en el Museo Hist\u00f3rico de Carabineros para disfrutar de entretenida funci\u00f3n de t\u00edteres - RM Sur Oriente\",\"isPartOf\":{\"@id\":\"https:\/\/explora.cl\/rmsuroriente\/#website\"},\"primaryImageOfPage\":{\"@id\":\"https:\/\/explora.cl\/rmsuroriente\/escolares-se-reunieron-en-el-museo-historico-de-carabineros-para-disfrutar-de-entretenida-funcion-de-titeres\/#primaryimage\"},\"image\":{\"@id\":\"https:\/\/explora.cl\/rmsuroriente\/escolares-se-reunieron-en-el-museo-historico-de-carabineros-para-disfrutar-de-entretenida-funcion-de-titeres\/#primaryimage\"},\"thumbnailUrl\":\"\",\"datePublished\":\"2014-12-01T18:33:36+00:00\",\"dateModified\":\"2019-05-20T17:38:17+00:00\",\"breadcrumb\":{\"@id\":\"https:\/\/explora.cl\/rmsuroriente\/escolares-se-reunieron-en-el-museo-historico-de-carabineros-para-disfrutar-de-entretenida-funcion-de-titeres\/#breadcrumb\"},\"inLanguage\":\"es-CL\",\"potentialAction\":[{\"@type\":\"ReadAction\",\"target\":[\"https:\/\/explora.cl\/rmsuroriente\/escolares-se-reunieron-en-el-museo-historico-de-carabineros-para-disfrutar-de-entretenida-funcion-de-titeres\/\"]}]},{\"@type\":\"ImageObject\",\"inLanguage\":\"es-CL\",\"@id\":\"https:\/\/explora.cl\/rmsuroriente\/escolares-se-reunieron-en-el-museo-historico-de-carabineros-para-disfrutar-de-entretenida-funcion-de-titeres\/#primaryimage\",\"url\":\"\",\"contentUrl\":\"\"},{\"@type\":\"BreadcrumbList\",\"@id\":\"https:\/\/explora.cl\/rmsuroriente\/escolares-se-reunieron-en-el-museo-historico-de-carabineros-para-disfrutar-de-entretenida-funcion-de-titeres\/#breadcrumb\",\"itemListElement\":[{\"@type\":\"ListItem\",\"position\":1,\"name\":\"Portada\",\"item\":\"https:\/\/explora.cl\/rmsuroriente\/\"},{\"@type\":\"ListItem\",\"position\":2,\"name\":\"Escolares se reunieron en el Museo Hist\u00f3rico de Carabineros para disfrutar de entretenida funci\u00f3n de t\u00edteres\"}]},{\"@type\":\"WebSite\",\"@id\":\"https:\/\/explora.cl\/rmsuroriente\/#website\",\"url\":\"https:\/\/explora.cl\/rmsuroriente\/\",\"name\":\"RM Sur Oriente\",\"description\":\"Otro sitio m\u00e1s de explora.cl\",\"publisher\":{\"@id\":\"https:\/\/explora.cl\/rmsuroriente\/#organization\"},\"potentialAction\":[{\"@type\":\"SearchAction\",\"target\":{\"@type\":\"EntryPoint\",\"urlTemplate\":\"https:\/\/explora.cl\/rmsuroriente\/?s={search_term_string}\"},\"query-input\":{\"@type\":\"PropertyValueSpecification\",\"valueRequired\":true,\"valueName\":\"search_term_string\"}}],\"inLanguage\":\"es-CL\"},{\"@type\":\"Organization\",\"@id\":\"https:\/\/explora.cl\/rmsuroriente\/#organization\",\"name\":\"RM Sur Oriente\",\"url\":\"https:\/\/explora.cl\/rmsuroriente\/\",\"logo\":{\"@type\":\"ImageObject\",\"inLanguage\":\"es-CL\",\"@id\":\"https:\/\/explora.cl\/rmsuroriente\/#\/schema\/logo\/image\/\",\"url\":\"https:\/\/explora.cl\/rmsuroriente\/wp-content\/uploads\/sites\/12\/2025\/04\/cropped-LogoPAR_RMSO-Azul-UC.png\",\"contentUrl\":\"https:\/\/explora.cl\/rmsuroriente\/wp-content\/uploads\/sites\/12\/2025\/04\/cropped-LogoPAR_RMSO-Azul-UC.png\",\"width\":411,\"height\":409,\"caption\":\"RM Sur Oriente\"},\"image\":{\"@id\":\"https:\/\/explora.cl\/rmsuroriente\/#\/schema\/logo\/image\/\"}},{\"@type\":\"Person\",\"@id\":\"https:\/\/explora.cl\/rmsuroriente\/#\/schema\/person\/cb8349c13ea2d324080adf8480d7ba5d\",\"name\":\"webman\",\"image\":{\"@type\":\"ImageObject\",\"inLanguage\":\"es-CL\",\"@id\":\"https:\/\/explora.cl\/rmsuroriente\/#\/schema\/person\/image\/\",\"url\":\"https:\/\/secure.gravatar.com\/avatar\/eeff3c82f2c02f7177d13663b7e6f890e9a6a0647ce9bb29cae02dcb094c7312?s=96&d=mm&r=g\",\"contentUrl\":\"https:\/\/secure.gravatar.com\/avatar\/eeff3c82f2c02f7177d13663b7e6f890e9a6a0647ce9bb29cae02dcb094c7312?s=96&d=mm&r=g\",\"caption\":\"webman\"},\"url\":\"https:\/\/explora.cl\/rmsuroriente\/author\/webman\/\"}]}<\/script>\n<!-- \/ Yoast SEO plugin. -->","yoast_head_json":{"title":"Escolares se reunieron en el Museo Hist\u00f3rico de Carabineros para disfrutar de entretenida funci\u00f3n de t\u00edteres - RM Sur Oriente","robots":{"index":"index","follow":"follow","max-snippet":"max-snippet:-1","max-image-preview":"max-image-preview:large","max-video-preview":"max-video-preview:-1"},"canonical":"https:\/\/explora.cl\/rmsuroriente\/escolares-se-reunieron-en-el-museo-historico-de-carabineros-para-disfrutar-de-entretenida-funcion-de-titeres\/","og_locale":"es_ES","og_type":"article","og_title":"Escolares se reunieron en el Museo Hist\u00f3rico de Carabineros para disfrutar de entretenida funci\u00f3n de t\u00edteres - RM Sur Oriente","og_description":"La Familia que Canta es el nombre de la funci\u00f3n de t\u00edteres que se realiz\u00f3 el mi\u00e9rcoles 19 de noviembre en el frontis del Museo Hist\u00f3rico de Carabineros, una actividad que reuni\u00f3 a m\u00e1s de 160 ni\u00f1os, ni\u00f1as y profesores de distintos establecimientos de la Regi\u00f3n Metropolitana. \u00a0\u00a0\u00a0\u00a0\u00a0\u00a0\u00a0\u00a0\u00a0\u00a0\u00a0 La funci\u00f3n de T\u00edteres de la DIPROFAM, [&hellip;]","og_url":"https:\/\/explora.cl\/rmsuroriente\/escolares-se-reunieron-en-el-museo-historico-de-carabineros-para-disfrutar-de-entretenida-funcion-de-titeres\/","og_site_name":"RM Sur Oriente","article_published_time":"2014-12-01T18:33:36+00:00","article_modified_time":"2019-05-20T17:38:17+00:00","author":"webman","twitter_card":"summary_large_image","twitter_misc":{"Escrito por":"webman","Tiempo estimado de lectura":"1 minuto"},"schema":{"@context":"https:\/\/schema.org","@graph":[{"@type":"Article","@id":"https:\/\/explora.cl\/rmsuroriente\/escolares-se-reunieron-en-el-museo-historico-de-carabineros-para-disfrutar-de-entretenida-funcion-de-titeres\/#article","isPartOf":{"@id":"https:\/\/explora.cl\/rmsuroriente\/escolares-se-reunieron-en-el-museo-historico-de-carabineros-para-disfrutar-de-entretenida-funcion-de-titeres\/"},"author":{"name":"webman","@id":"https:\/\/explora.cl\/rmsuroriente\/#\/schema\/person\/cb8349c13ea2d324080adf8480d7ba5d"},"headline":"Escolares se reunieron en el Museo Hist\u00f3rico de Carabineros para disfrutar de entretenida funci\u00f3n de t\u00edteres","datePublished":"2014-12-01T18:33:36+00:00","dateModified":"2019-05-20T17:38:17+00:00","mainEntityOfPage":{"@id":"https:\/\/explora.cl\/rmsuroriente\/escolares-se-reunieron-en-el-museo-historico-de-carabineros-para-disfrutar-de-entretenida-funcion-de-titeres\/"},"wordCount":239,"publisher":{"@id":"https:\/\/explora.cl\/rmsuroriente\/#organization"},"image":{"@id":"https:\/\/explora.cl\/rmsuroriente\/escolares-se-reunieron-en-el-museo-historico-de-carabineros-para-disfrutar-de-entretenida-funcion-de-titeres\/#primaryimage"},"thumbnailUrl":"","articleSection":["Noticias"],"inLanguage":"es-CL"},{"@type":"WebPage","@id":"https:\/\/explora.cl\/rmsuroriente\/escolares-se-reunieron-en-el-museo-historico-de-carabineros-para-disfrutar-de-entretenida-funcion-de-titeres\/","url":"https:\/\/explora.cl\/rmsuroriente\/escolares-se-reunieron-en-el-museo-historico-de-carabineros-para-disfrutar-de-entretenida-funcion-de-titeres\/","name":"Escolares se reunieron en el Museo Hist\u00f3rico de Carabineros para disfrutar de entretenida funci\u00f3n de t\u00edteres - RM Sur Oriente","isPartOf":{"@id":"https:\/\/explora.cl\/rmsuroriente\/#website"},"primaryImageOfPage":{"@id":"https:\/\/explora.cl\/rmsuroriente\/escolares-se-reunieron-en-el-museo-historico-de-carabineros-para-disfrutar-de-entretenida-funcion-de-titeres\/#primaryimage"},"image":{"@id":"https:\/\/explora.cl\/rmsuroriente\/escolares-se-reunieron-en-el-museo-historico-de-carabineros-para-disfrutar-de-entretenida-funcion-de-titeres\/#primaryimage"},"thumbnailUrl":"","datePublished":"2014-12-01T18:33:36+00:00","dateModified":"2019-05-20T17:38:17+00:00","breadcrumb":{"@id":"https:\/\/explora.cl\/rmsuroriente\/escolares-se-reunieron-en-el-museo-historico-de-carabineros-para-disfrutar-de-entretenida-funcion-de-titeres\/#breadcrumb"},"inLanguage":"es-CL","potentialAction":[{"@type":"ReadAction","target":["https:\/\/explora.cl\/rmsuroriente\/escolares-se-reunieron-en-el-museo-historico-de-carabineros-para-disfrutar-de-entretenida-funcion-de-titeres\/"]}]},{"@type":"ImageObject","inLanguage":"es-CL","@id":"https:\/\/explora.cl\/rmsuroriente\/escolares-se-reunieron-en-el-museo-historico-de-carabineros-para-disfrutar-de-entretenida-funcion-de-titeres\/#primaryimage","url":"","contentUrl":""},{"@type":"BreadcrumbList","@id":"https:\/\/explora.cl\/rmsuroriente\/escolares-se-reunieron-en-el-museo-historico-de-carabineros-para-disfrutar-de-entretenida-funcion-de-titeres\/#breadcrumb","itemListElement":[{"@type":"ListItem","position":1,"name":"Portada","item":"https:\/\/explora.cl\/rmsuroriente\/"},{"@type":"ListItem","position":2,"name":"Escolares se reunieron en el Museo Hist\u00f3rico de Carabineros para disfrutar de entretenida funci\u00f3n de t\u00edteres"}]},{"@type":"WebSite","@id":"https:\/\/explora.cl\/rmsuroriente\/#website","url":"https:\/\/explora.cl\/rmsuroriente\/","name":"RM Sur Oriente","description":"Otro sitio m\u00e1s de explora.cl","publisher":{"@id":"https:\/\/explora.cl\/rmsuroriente\/#organization"},"potentialAction":[{"@type":"SearchAction","target":{"@type":"EntryPoint","urlTemplate":"https:\/\/explora.cl\/rmsuroriente\/?s={search_term_string}"},"query-input":{"@type":"PropertyValueSpecification","valueRequired":true,"valueName":"search_term_string"}}],"inLanguage":"es-CL"},{"@type":"Organization","@id":"https:\/\/explora.cl\/rmsuroriente\/#organization","name":"RM Sur Oriente","url":"https:\/\/explora.cl\/rmsuroriente\/","logo":{"@type":"ImageObject","inLanguage":"es-CL","@id":"https:\/\/explora.cl\/rmsuroriente\/#\/schema\/logo\/image\/","url":"https:\/\/explora.cl\/rmsuroriente\/wp-content\/uploads\/sites\/12\/2025\/04\/cropped-LogoPAR_RMSO-Azul-UC.png","contentUrl":"https:\/\/explora.cl\/rmsuroriente\/wp-content\/uploads\/sites\/12\/2025\/04\/cropped-LogoPAR_RMSO-Azul-UC.png","width":411,"height":409,"caption":"RM Sur Oriente"},"image":{"@id":"https:\/\/explora.cl\/rmsuroriente\/#\/schema\/logo\/image\/"}},{"@type":"Person","@id":"https:\/\/explora.cl\/rmsuroriente\/#\/schema\/person\/cb8349c13ea2d324080adf8480d7ba5d","name":"webman","image":{"@type":"ImageObject","inLanguage":"es-CL","@id":"https:\/\/explora.cl\/rmsuroriente\/#\/schema\/person\/image\/","url":"https:\/\/secure.gravatar.com\/avatar\/eeff3c82f2c02f7177d13663b7e6f890e9a6a0647ce9bb29cae02dcb094c7312?s=96&d=mm&r=g","contentUrl":"https:\/\/secure.gravatar.com\/avatar\/eeff3c82f2c02f7177d13663b7e6f890e9a6a0647ce9bb29cae02dcb094c7312?s=96&d=mm&r=g","caption":"webman"},"url":"https:\/\/explora.cl\/rmsuroriente\/author\/webman\/"}]}},"_links":{"self":[{"href":"https:\/\/explora.cl\/rmsuroriente\/wp-json\/wp\/v2\/posts\/1160","targetHints":{"allow":["GET"]}}],"collection":[{"href":"https:\/\/explora.cl\/rmsuroriente\/wp-json\/wp\/v2\/posts"}],"about":[{"href":"https:\/\/explora.cl\/rmsuroriente\/wp-json\/wp\/v2\/types\/post"}],"author":[{"embeddable":true,"href":"https:\/\/explora.cl\/rmsuroriente\/wp-json\/wp\/v2\/users\/2"}],"replies":[{"embeddable":true,"href":"https:\/\/explora.cl\/rmsuroriente\/wp-json\/wp\/v2\/comments?post=1160"}],"version-history":[{"count":1,"href":"https:\/\/explora.cl\/rmsuroriente\/wp-json\/wp\/v2\/posts\/1160\/revisions"}],"predecessor-version":[{"id":38170,"href":"https:\/\/explora.cl\/rmsuroriente\/wp-json\/wp\/v2\/posts\/1160\/revisions\/38170"}],"wp:featuredmedia":[{"embeddable":true,"href":"https:\/\/explora.cl\/rmsuroriente\/wp-json\/"}],"wp:attachment":[{"href":"https:\/\/explora.cl\/rmsuroriente\/wp-json\/wp\/v2\/media?parent=1160"}],"wp:term":[{"taxonomy":"category","embeddable":true,"href":"https:\/\/explora.cl\/rmsuroriente\/wp-json\/wp\/v2\/categories?post=1160"},{"taxonomy":"post_tag","embeddable":true,"href":"https:\/\/explora.cl\/rmsuroriente\/wp-json\/wp\/v2\/tags?post=1160"}],"curies":[{"name":"wp","href":"https:\/\/api.w.org\/{rel}","templated":true}]}}