{"id":1158,"date":"2014-12-03T13:27:44","date_gmt":"2014-12-03T13:27:44","guid":{"rendered":"https:\/\/explora.cl\/rmsuroriente\/blog\/2014\/12\/03\/vecinos-de-penalolen-fueron-reconocidos-por-concluir-taller-de-huertos-organicos\/"},"modified":"2019-05-20T17:38:17","modified_gmt":"2019-05-20T17:38:17","slug":"vecinos-de-penalolen-fueron-reconocidos-por-concluir-taller-de-huertos-organicos","status":"publish","type":"post","link":"https:\/\/explora.cl\/rmsuroriente\/vecinos-de-penalolen-fueron-reconocidos-por-concluir-taller-de-huertos-organicos\/","title":{"rendered":"Vecinos de Pe\u00f1alol\u00e9n fueron reconocidos por concluir Taller de Huertos Org\u00e1nicos"},"content":{"rendered":"<p><img fetchpriority=\"high\" decoding=\"async\" class=\" size-full wp-image-7726\" src=\"http:\/\/ec2-34-218-253-251.us-west-2.compute.amazonaws.com\/wp-content\/uploads\/2014\/12\/2b551ce1291b7fe32d649c652b6393d5.jpg\" alt=\"\" width=\"1500\" height=\"1125\" \/><\/p>\n<p>M\u00e1s de 60 personas asistieron a la actividad que se llev\u00f3 a cabo este mi\u00e9rcoles 19 de noviembre en el Centro C\u00edvico y Cultural San Luis, y que fue realizada por la Direcci\u00f3n de Medio Ambiente de la Municipalidad de Pe\u00f1alol\u00e9n con el apoyo del PAR EXPLORA RM Zona Sur Oriente.<\/p>\n<p>En el seminario de cierre se entregaron diplomas a todas las personas que fueron parte de los talleres de <strong>Huertos Org\u00e1nicos<\/strong> y <strong>Biopreparados<\/strong>, que se realizaron durante este a\u00f1o. Es importante se\u00f1alar que la iniciativa estaba abierta a la participaci\u00f3n de toda la comunidad y era gratuita. \u00a0<\/p>\n<p>El objetivo que se busca es \u201cpoder entregarle a los vecinos de Pe\u00f1alol\u00e9n herramientas para que ellos puedan generar huertos org\u00e1nicos en sus hogares, y adem\u00e1s introducir algunos conceptos relacionados con medio ambiente y cuidados de la naturaleza\u201d, coment\u00f3 Felipe Hern\u00e1ndez, coordinador del Departamento Educaci\u00f3n Ambiental de la Direcci\u00f3n de Medio Ambiente de la Municipalidad de Pe\u00f1alol\u00e9n.<\/p>\n<p>Durante el seminario, los participantes pudieron ser parte de charlas como la de Eduardo Mart\u00ednez, Ingeniero Forestal, relacionada con la conservaci\u00f3n de la naturaleza. Tambi\u00e9n en la ocasi\u00f3n, se dieron a conocer los proyectos en los que el municipio est\u00e1 trabajando como el Ecoparque y el centro de lombricultura.<\/p>\n<p>Esta iniciativa cont\u00f3 con la presencia de <strong>Carolina Leitao<\/strong>, alcaldesa de Pe\u00f1alol\u00e9n y con la participaci\u00f3n de otras instituciones como el Comit\u00e9 Pro Defensa de la Fauna y Flora (CODEFF) y el Centro de la Familia (CENFA).<\/p>\n","protected":false},"excerpt":{"rendered":"<p>M\u00e1s de 60 personas asistieron a la actividad que se llev\u00f3 a cabo este mi\u00e9rcoles 19 de noviembre en el Centro C\u00edvico y Cultural San Luis, y que fue realizada por la Direcci\u00f3n de Medio Ambiente de la Municipalidad de Pe\u00f1alol\u00e9n con el apoyo del PAR EXPLORA RM Zona Sur Oriente. En el seminario de [&hellip;]<\/p>\n","protected":false},"author":2,"featured_media":7726,"comment_status":"closed","ping_status":"open","sticky":false,"template":"","format":"standard","meta":{"_acf_changed":false,"_exactmetrics_skip_tracking":false,"_exactmetrics_sitenote_active":false,"_exactmetrics_sitenote_note":"","_exactmetrics_sitenote_category":0,"footnotes":"","_links_to":"","_links_to_target":""},"categories":[4],"tags":[],"class_list":["post-1158","post","type-post","status-publish","format-standard","has-post-thumbnail","hentry","category-noticias"],"acf":[],"yoast_head":"<!-- This site is optimized with the Yoast SEO plugin v26.9 - https:\/\/yoast.com\/product\/yoast-seo-wordpress\/ -->\n<title>Vecinos de Pe\u00f1alol\u00e9n fueron reconocidos por concluir Taller de Huertos Org\u00e1nicos - RM Sur Oriente<\/title>\n<meta name=\"robots\" content=\"index, follow, max-snippet:-1, max-image-preview:large, max-video-preview:-1\" \/>\n<link rel=\"canonical\" href=\"https:\/\/explora.cl\/rmsuroriente\/vecinos-de-penalolen-fueron-reconocidos-por-concluir-taller-de-huertos-organicos\/\" class=\"yoast-seo-meta-tag\" \/>\n<meta property=\"og:locale\" content=\"es_ES\" class=\"yoast-seo-meta-tag\" \/>\n<meta property=\"og:type\" content=\"article\" class=\"yoast-seo-meta-tag\" \/>\n<meta property=\"og:title\" content=\"Vecinos de Pe\u00f1alol\u00e9n fueron reconocidos por concluir Taller de Huertos Org\u00e1nicos - RM Sur Oriente\" class=\"yoast-seo-meta-tag\" \/>\n<meta property=\"og:description\" content=\"M\u00e1s de 60 personas asistieron a la actividad que se llev\u00f3 a cabo este mi\u00e9rcoles 19 de noviembre en el Centro C\u00edvico y Cultural San Luis, y que fue realizada por la Direcci\u00f3n de Medio Ambiente de la Municipalidad de Pe\u00f1alol\u00e9n con el apoyo del PAR EXPLORA RM Zona Sur Oriente. En el seminario de [&hellip;]\" class=\"yoast-seo-meta-tag\" \/>\n<meta property=\"og:url\" content=\"https:\/\/explora.cl\/rmsuroriente\/vecinos-de-penalolen-fueron-reconocidos-por-concluir-taller-de-huertos-organicos\/\" class=\"yoast-seo-meta-tag\" \/>\n<meta property=\"og:site_name\" content=\"RM Sur Oriente\" class=\"yoast-seo-meta-tag\" \/>\n<meta property=\"article:published_time\" content=\"2014-12-03T13:27:44+00:00\" class=\"yoast-seo-meta-tag\" \/>\n<meta property=\"article:modified_time\" content=\"2019-05-20T17:38:17+00:00\" class=\"yoast-seo-meta-tag\" \/>\n<meta name=\"author\" content=\"webman\" class=\"yoast-seo-meta-tag\" \/>\n<meta name=\"twitter:card\" content=\"summary_large_image\" class=\"yoast-seo-meta-tag\" \/>\n<meta name=\"twitter:label1\" content=\"Escrito por\" class=\"yoast-seo-meta-tag\" \/>\n\t<meta name=\"twitter:data1\" content=\"webman\" class=\"yoast-seo-meta-tag\" \/>\n\t<meta name=\"twitter:label2\" content=\"Tiempo estimado de lectura\" class=\"yoast-seo-meta-tag\" \/>\n\t<meta name=\"twitter:data2\" content=\"1 minuto\" class=\"yoast-seo-meta-tag\" \/>\n<script type=\"application\/ld+json\" class=\"yoast-schema-graph\">{\"@context\":\"https:\/\/schema.org\",\"@graph\":[{\"@type\":\"Article\",\"@id\":\"https:\/\/explora.cl\/rmsuroriente\/vecinos-de-penalolen-fueron-reconocidos-por-concluir-taller-de-huertos-organicos\/#article\",\"isPartOf\":{\"@id\":\"https:\/\/explora.cl\/rmsuroriente\/vecinos-de-penalolen-fueron-reconocidos-por-concluir-taller-de-huertos-organicos\/\"},\"author\":{\"name\":\"webman\",\"@id\":\"https:\/\/explora.cl\/rmsuroriente\/#\/schema\/person\/cb8349c13ea2d324080adf8480d7ba5d\"},\"headline\":\"Vecinos de Pe\u00f1alol\u00e9n fueron reconocidos por concluir Taller de Huertos Org\u00e1nicos\",\"datePublished\":\"2014-12-03T13:27:44+00:00\",\"dateModified\":\"2019-05-20T17:38:17+00:00\",\"mainEntityOfPage\":{\"@id\":\"https:\/\/explora.cl\/rmsuroriente\/vecinos-de-penalolen-fueron-reconocidos-por-concluir-taller-de-huertos-organicos\/\"},\"wordCount\":279,\"publisher\":{\"@id\":\"https:\/\/explora.cl\/rmsuroriente\/#organization\"},\"image\":{\"@id\":\"https:\/\/explora.cl\/rmsuroriente\/vecinos-de-penalolen-fueron-reconocidos-por-concluir-taller-de-huertos-organicos\/#primaryimage\"},\"thumbnailUrl\":\"\",\"articleSection\":[\"Noticias\"],\"inLanguage\":\"es-CL\"},{\"@type\":\"WebPage\",\"@id\":\"https:\/\/explora.cl\/rmsuroriente\/vecinos-de-penalolen-fueron-reconocidos-por-concluir-taller-de-huertos-organicos\/\",\"url\":\"https:\/\/explora.cl\/rmsuroriente\/vecinos-de-penalolen-fueron-reconocidos-por-concluir-taller-de-huertos-organicos\/\",\"name\":\"Vecinos de Pe\u00f1alol\u00e9n fueron reconocidos por concluir Taller de Huertos Org\u00e1nicos - RM Sur Oriente\",\"isPartOf\":{\"@id\":\"https:\/\/explora.cl\/rmsuroriente\/#website\"},\"primaryImageOfPage\":{\"@id\":\"https:\/\/explora.cl\/rmsuroriente\/vecinos-de-penalolen-fueron-reconocidos-por-concluir-taller-de-huertos-organicos\/#primaryimage\"},\"image\":{\"@id\":\"https:\/\/explora.cl\/rmsuroriente\/vecinos-de-penalolen-fueron-reconocidos-por-concluir-taller-de-huertos-organicos\/#primaryimage\"},\"thumbnailUrl\":\"\",\"datePublished\":\"2014-12-03T13:27:44+00:00\",\"dateModified\":\"2019-05-20T17:38:17+00:00\",\"breadcrumb\":{\"@id\":\"https:\/\/explora.cl\/rmsuroriente\/vecinos-de-penalolen-fueron-reconocidos-por-concluir-taller-de-huertos-organicos\/#breadcrumb\"},\"inLanguage\":\"es-CL\",\"potentialAction\":[{\"@type\":\"ReadAction\",\"target\":[\"https:\/\/explora.cl\/rmsuroriente\/vecinos-de-penalolen-fueron-reconocidos-por-concluir-taller-de-huertos-organicos\/\"]}]},{\"@type\":\"ImageObject\",\"inLanguage\":\"es-CL\",\"@id\":\"https:\/\/explora.cl\/rmsuroriente\/vecinos-de-penalolen-fueron-reconocidos-por-concluir-taller-de-huertos-organicos\/#primaryimage\",\"url\":\"\",\"contentUrl\":\"\"},{\"@type\":\"BreadcrumbList\",\"@id\":\"https:\/\/explora.cl\/rmsuroriente\/vecinos-de-penalolen-fueron-reconocidos-por-concluir-taller-de-huertos-organicos\/#breadcrumb\",\"itemListElement\":[{\"@type\":\"ListItem\",\"position\":1,\"name\":\"Portada\",\"item\":\"https:\/\/explora.cl\/rmsuroriente\/\"},{\"@type\":\"ListItem\",\"position\":2,\"name\":\"Vecinos de Pe\u00f1alol\u00e9n fueron reconocidos por concluir Taller de Huertos Org\u00e1nicos\"}]},{\"@type\":\"WebSite\",\"@id\":\"https:\/\/explora.cl\/rmsuroriente\/#website\",\"url\":\"https:\/\/explora.cl\/rmsuroriente\/\",\"name\":\"RM Sur Oriente\",\"description\":\"Otro sitio m\u00e1s de explora.cl\",\"publisher\":{\"@id\":\"https:\/\/explora.cl\/rmsuroriente\/#organization\"},\"potentialAction\":[{\"@type\":\"SearchAction\",\"target\":{\"@type\":\"EntryPoint\",\"urlTemplate\":\"https:\/\/explora.cl\/rmsuroriente\/?s={search_term_string}\"},\"query-input\":{\"@type\":\"PropertyValueSpecification\",\"valueRequired\":true,\"valueName\":\"search_term_string\"}}],\"inLanguage\":\"es-CL\"},{\"@type\":\"Organization\",\"@id\":\"https:\/\/explora.cl\/rmsuroriente\/#organization\",\"name\":\"RM Sur Oriente\",\"url\":\"https:\/\/explora.cl\/rmsuroriente\/\",\"logo\":{\"@type\":\"ImageObject\",\"inLanguage\":\"es-CL\",\"@id\":\"https:\/\/explora.cl\/rmsuroriente\/#\/schema\/logo\/image\/\",\"url\":\"https:\/\/explora.cl\/rmsuroriente\/wp-content\/uploads\/sites\/12\/2025\/04\/cropped-LogoPAR_RMSO-Azul-UC.png\",\"contentUrl\":\"https:\/\/explora.cl\/rmsuroriente\/wp-content\/uploads\/sites\/12\/2025\/04\/cropped-LogoPAR_RMSO-Azul-UC.png\",\"width\":411,\"height\":409,\"caption\":\"RM Sur Oriente\"},\"image\":{\"@id\":\"https:\/\/explora.cl\/rmsuroriente\/#\/schema\/logo\/image\/\"}},{\"@type\":\"Person\",\"@id\":\"https:\/\/explora.cl\/rmsuroriente\/#\/schema\/person\/cb8349c13ea2d324080adf8480d7ba5d\",\"name\":\"webman\",\"image\":{\"@type\":\"ImageObject\",\"inLanguage\":\"es-CL\",\"@id\":\"https:\/\/explora.cl\/rmsuroriente\/#\/schema\/person\/image\/\",\"url\":\"https:\/\/secure.gravatar.com\/avatar\/eeff3c82f2c02f7177d13663b7e6f890e9a6a0647ce9bb29cae02dcb094c7312?s=96&d=mm&r=g\",\"contentUrl\":\"https:\/\/secure.gravatar.com\/avatar\/eeff3c82f2c02f7177d13663b7e6f890e9a6a0647ce9bb29cae02dcb094c7312?s=96&d=mm&r=g\",\"caption\":\"webman\"},\"url\":\"https:\/\/explora.cl\/rmsuroriente\/author\/webman\/\"}]}<\/script>\n<!-- \/ Yoast SEO plugin. -->","yoast_head_json":{"title":"Vecinos de Pe\u00f1alol\u00e9n fueron reconocidos por concluir Taller de Huertos Org\u00e1nicos - RM Sur Oriente","robots":{"index":"index","follow":"follow","max-snippet":"max-snippet:-1","max-image-preview":"max-image-preview:large","max-video-preview":"max-video-preview:-1"},"canonical":"https:\/\/explora.cl\/rmsuroriente\/vecinos-de-penalolen-fueron-reconocidos-por-concluir-taller-de-huertos-organicos\/","og_locale":"es_ES","og_type":"article","og_title":"Vecinos de Pe\u00f1alol\u00e9n fueron reconocidos por concluir Taller de Huertos Org\u00e1nicos - RM Sur Oriente","og_description":"M\u00e1s de 60 personas asistieron a la actividad que se llev\u00f3 a cabo este mi\u00e9rcoles 19 de noviembre en el Centro C\u00edvico y Cultural San Luis, y que fue realizada por la Direcci\u00f3n de Medio Ambiente de la Municipalidad de Pe\u00f1alol\u00e9n con el apoyo del PAR EXPLORA RM Zona Sur Oriente. En el seminario de [&hellip;]","og_url":"https:\/\/explora.cl\/rmsuroriente\/vecinos-de-penalolen-fueron-reconocidos-por-concluir-taller-de-huertos-organicos\/","og_site_name":"RM Sur Oriente","article_published_time":"2014-12-03T13:27:44+00:00","article_modified_time":"2019-05-20T17:38:17+00:00","author":"webman","twitter_card":"summary_large_image","twitter_misc":{"Escrito por":"webman","Tiempo estimado de lectura":"1 minuto"},"schema":{"@context":"https:\/\/schema.org","@graph":[{"@type":"Article","@id":"https:\/\/explora.cl\/rmsuroriente\/vecinos-de-penalolen-fueron-reconocidos-por-concluir-taller-de-huertos-organicos\/#article","isPartOf":{"@id":"https:\/\/explora.cl\/rmsuroriente\/vecinos-de-penalolen-fueron-reconocidos-por-concluir-taller-de-huertos-organicos\/"},"author":{"name":"webman","@id":"https:\/\/explora.cl\/rmsuroriente\/#\/schema\/person\/cb8349c13ea2d324080adf8480d7ba5d"},"headline":"Vecinos de Pe\u00f1alol\u00e9n fueron reconocidos por concluir Taller de Huertos Org\u00e1nicos","datePublished":"2014-12-03T13:27:44+00:00","dateModified":"2019-05-20T17:38:17+00:00","mainEntityOfPage":{"@id":"https:\/\/explora.cl\/rmsuroriente\/vecinos-de-penalolen-fueron-reconocidos-por-concluir-taller-de-huertos-organicos\/"},"wordCount":279,"publisher":{"@id":"https:\/\/explora.cl\/rmsuroriente\/#organization"},"image":{"@id":"https:\/\/explora.cl\/rmsuroriente\/vecinos-de-penalolen-fueron-reconocidos-por-concluir-taller-de-huertos-organicos\/#primaryimage"},"thumbnailUrl":"","articleSection":["Noticias"],"inLanguage":"es-CL"},{"@type":"WebPage","@id":"https:\/\/explora.cl\/rmsuroriente\/vecinos-de-penalolen-fueron-reconocidos-por-concluir-taller-de-huertos-organicos\/","url":"https:\/\/explora.cl\/rmsuroriente\/vecinos-de-penalolen-fueron-reconocidos-por-concluir-taller-de-huertos-organicos\/","name":"Vecinos de Pe\u00f1alol\u00e9n fueron reconocidos por concluir Taller de Huertos Org\u00e1nicos - RM Sur Oriente","isPartOf":{"@id":"https:\/\/explora.cl\/rmsuroriente\/#website"},"primaryImageOfPage":{"@id":"https:\/\/explora.cl\/rmsuroriente\/vecinos-de-penalolen-fueron-reconocidos-por-concluir-taller-de-huertos-organicos\/#primaryimage"},"image":{"@id":"https:\/\/explora.cl\/rmsuroriente\/vecinos-de-penalolen-fueron-reconocidos-por-concluir-taller-de-huertos-organicos\/#primaryimage"},"thumbnailUrl":"","datePublished":"2014-12-03T13:27:44+00:00","dateModified":"2019-05-20T17:38:17+00:00","breadcrumb":{"@id":"https:\/\/explora.cl\/rmsuroriente\/vecinos-de-penalolen-fueron-reconocidos-por-concluir-taller-de-huertos-organicos\/#breadcrumb"},"inLanguage":"es-CL","potentialAction":[{"@type":"ReadAction","target":["https:\/\/explora.cl\/rmsuroriente\/vecinos-de-penalolen-fueron-reconocidos-por-concluir-taller-de-huertos-organicos\/"]}]},{"@type":"ImageObject","inLanguage":"es-CL","@id":"https:\/\/explora.cl\/rmsuroriente\/vecinos-de-penalolen-fueron-reconocidos-por-concluir-taller-de-huertos-organicos\/#primaryimage","url":"","contentUrl":""},{"@type":"BreadcrumbList","@id":"https:\/\/explora.cl\/rmsuroriente\/vecinos-de-penalolen-fueron-reconocidos-por-concluir-taller-de-huertos-organicos\/#breadcrumb","itemListElement":[{"@type":"ListItem","position":1,"name":"Portada","item":"https:\/\/explora.cl\/rmsuroriente\/"},{"@type":"ListItem","position":2,"name":"Vecinos de Pe\u00f1alol\u00e9n fueron reconocidos por concluir Taller de Huertos Org\u00e1nicos"}]},{"@type":"WebSite","@id":"https:\/\/explora.cl\/rmsuroriente\/#website","url":"https:\/\/explora.cl\/rmsuroriente\/","name":"RM Sur Oriente","description":"Otro sitio m\u00e1s de explora.cl","publisher":{"@id":"https:\/\/explora.cl\/rmsuroriente\/#organization"},"potentialAction":[{"@type":"SearchAction","target":{"@type":"EntryPoint","urlTemplate":"https:\/\/explora.cl\/rmsuroriente\/?s={search_term_string}"},"query-input":{"@type":"PropertyValueSpecification","valueRequired":true,"valueName":"search_term_string"}}],"inLanguage":"es-CL"},{"@type":"Organization","@id":"https:\/\/explora.cl\/rmsuroriente\/#organization","name":"RM Sur Oriente","url":"https:\/\/explora.cl\/rmsuroriente\/","logo":{"@type":"ImageObject","inLanguage":"es-CL","@id":"https:\/\/explora.cl\/rmsuroriente\/#\/schema\/logo\/image\/","url":"https:\/\/explora.cl\/rmsuroriente\/wp-content\/uploads\/sites\/12\/2025\/04\/cropped-LogoPAR_RMSO-Azul-UC.png","contentUrl":"https:\/\/explora.cl\/rmsuroriente\/wp-content\/uploads\/sites\/12\/2025\/04\/cropped-LogoPAR_RMSO-Azul-UC.png","width":411,"height":409,"caption":"RM Sur Oriente"},"image":{"@id":"https:\/\/explora.cl\/rmsuroriente\/#\/schema\/logo\/image\/"}},{"@type":"Person","@id":"https:\/\/explora.cl\/rmsuroriente\/#\/schema\/person\/cb8349c13ea2d324080adf8480d7ba5d","name":"webman","image":{"@type":"ImageObject","inLanguage":"es-CL","@id":"https:\/\/explora.cl\/rmsuroriente\/#\/schema\/person\/image\/","url":"https:\/\/secure.gravatar.com\/avatar\/eeff3c82f2c02f7177d13663b7e6f890e9a6a0647ce9bb29cae02dcb094c7312?s=96&d=mm&r=g","contentUrl":"https:\/\/secure.gravatar.com\/avatar\/eeff3c82f2c02f7177d13663b7e6f890e9a6a0647ce9bb29cae02dcb094c7312?s=96&d=mm&r=g","caption":"webman"},"url":"https:\/\/explora.cl\/rmsuroriente\/author\/webman\/"}]}},"_links":{"self":[{"href":"https:\/\/explora.cl\/rmsuroriente\/wp-json\/wp\/v2\/posts\/1158","targetHints":{"allow":["GET"]}}],"collection":[{"href":"https:\/\/explora.cl\/rmsuroriente\/wp-json\/wp\/v2\/posts"}],"about":[{"href":"https:\/\/explora.cl\/rmsuroriente\/wp-json\/wp\/v2\/types\/post"}],"author":[{"embeddable":true,"href":"https:\/\/explora.cl\/rmsuroriente\/wp-json\/wp\/v2\/users\/2"}],"replies":[{"embeddable":true,"href":"https:\/\/explora.cl\/rmsuroriente\/wp-json\/wp\/v2\/comments?post=1158"}],"version-history":[{"count":1,"href":"https:\/\/explora.cl\/rmsuroriente\/wp-json\/wp\/v2\/posts\/1158\/revisions"}],"predecessor-version":[{"id":38169,"href":"https:\/\/explora.cl\/rmsuroriente\/wp-json\/wp\/v2\/posts\/1158\/revisions\/38169"}],"wp:featuredmedia":[{"embeddable":true,"href":"https:\/\/explora.cl\/rmsuroriente\/wp-json\/"}],"wp:attachment":[{"href":"https:\/\/explora.cl\/rmsuroriente\/wp-json\/wp\/v2\/media?parent=1158"}],"wp:term":[{"taxonomy":"category","embeddable":true,"href":"https:\/\/explora.cl\/rmsuroriente\/wp-json\/wp\/v2\/categories?post=1158"},{"taxonomy":"post_tag","embeddable":true,"href":"https:\/\/explora.cl\/rmsuroriente\/wp-json\/wp\/v2\/tags?post=1158"}],"curies":[{"name":"wp","href":"https:\/\/api.w.org\/{rel}","templated":true}]}}