{"id":1156,"date":"2014-12-05T13:38:43","date_gmt":"2014-12-05T13:38:43","guid":{"rendered":"https:\/\/explora.cl\/rmsuroriente\/blog\/2014\/12\/05\/se-realizo-la-primera-feria-de-ciencia-escolar-udla-explora-rm-sur-oriente\/"},"modified":"2019-05-20T17:38:16","modified_gmt":"2019-05-20T17:38:16","slug":"se-realizo-la-primera-feria-de-ciencia-escolar-udla-explora-rm-sur-oriente","status":"publish","type":"post","link":"https:\/\/explora.cl\/rmsuroriente\/se-realizo-la-primera-feria-de-ciencia-escolar-udla-explora-rm-sur-oriente\/","title":{"rendered":"Se realiz\u00f3 la primera Feria de Ciencia Escolar  UDLA &#8211; EXPLORA RM Sur Oriente"},"content":{"rendered":"<p><img fetchpriority=\"high\" decoding=\"async\" class=\" size-full wp-image-7772\" src=\"http:\/\/ec2-34-218-253-251.us-west-2.compute.amazonaws.com\/wp-content\/uploads\/2014\/12\/0f8ac9472291c09c339ca655760c961f.jpg\" alt=\"\" width=\"1500\" height=\"1125\" \/><\/p>\n<p>El jueves 27 de noviembre se llev\u00f3 a cabo la primera Feria de Ciencia Escolar UDLA &#8211; EXPLORA RM Zona Sur Oriente, instancia en la que se presentaron en total 15 investigaciones cient\u00edficas a la comunidad, y que reuni\u00f3 a m\u00e1s de 100 j\u00f3venes pertenecientes a distintos establecimientos de la Regi\u00f3n Metropolitana.<\/p>\n<p>La contaminaci\u00f3n del suelo en el Parque Panul, Los insectos contribuyen de manera positiva al entorno que habitan y la Eficiencia de los jabones de limpieza facial,\u00a0 fueron los nombres de algunos de los proyectos realizados por alumnos desde primero hasta tercero medio, quienes junto a sus asesores trabajaron durante un semestre desarrollando sus muestras cient\u00edficas.<\/p>\n<p>Los profesores asesores de los proyectos escolares fueron alumnos que est\u00e1n cursando el \u00faltimo a\u00f1o de Pedagog\u00eda en Biolog\u00eda y Ciencias Naturales en la Universidad de las Am\u00e9ricas, \u00a0siendo esta iniciativa parte de su seminario de especialidad.<\/p>\n<p>El total fueron 21 estudiantes de la UDLA que participaron en esta feria de ciencia escolar, de los cuales 13 asesoraron investigaciones y ocho participaron como monitores de The GLOBE Program, dando a conocer distintos stands relacionados con protocolos de la temperatura del suelo y humedad gravim\u00e9trica, entre otros.\u00a0<\/p>\n<p><strong>Lista de establecimientos educaciones que participaron en la actividad: <\/strong><\/p>\n<p>1. Saint Louis School<br \/> 2. Rep\u00fablica de Argentina<br \/> 3. Liceo comercial Gabriel Gonz\u00e1lez Videla<br \/> 4. Liceo Monse\u00f1or Enrique Alvear<br \/> 5.\u00a0Colegio Graneros\u00a0<br \/> 6.\u00a0Colegio IDOP\u00a0<\/p>\n<p><strong>Menciones Honrosas de la feria:<\/strong><\/p>\n<p>1. Colegio Graneros: Efecto bactericida del prop\u00f3leo en cepas\u00a0<em>de E.coli<\/em>,\u00a0<em>Pseudomona sp.\u00a0<\/em>y<em>\u00a0S. aereus.<\/em>\u00a0<br \/> <strong>Estudiante a cargo: Roberto Castro.<\/strong><\/p>\n<p>2.\u00a0Colegio Rep\u00fablica de Argentina: Eficiencia de los jabones de limpieza facial contra la eliminaci\u00f3n de bacterias. <br \/> <strong>Estudiante a cargo: Danko D\u00edaz.<\/strong><\/p>\n<p>3. Colegio Rep\u00fablica de Argentina: Eliminaci\u00f3n efectiva del hongo de la caspa. <strong>Estudiante a cargo: Alexander Ot\u00e1rola.<\/strong><\/p>\n<p>\u00a1Felicitaciones a todos los participantes de la <strong>Primera Feria de Ciencia Escolar UDLA &#8211; EXPLORA RM Zona Sur Oriente!<\/strong><\/p>\n<p><strong>Revisa las fotos de esta actividad en <a href=\"https:\/\/www.facebook.com\/media\/set\/?set=a.803891989669632.1073741943.301210896604413&amp;type=3&amp;uploaded=26\" target=\"_blank\" rel=\"noopener noreferrer\">nuestra p\u00e1gina de Facebook!<\/a><\/strong><\/p>\n","protected":false},"excerpt":{"rendered":"<p>El jueves 27 de noviembre se llev\u00f3 a cabo la primera Feria de Ciencia Escolar UDLA &#8211; EXPLORA RM Zona Sur Oriente, instancia en la que se presentaron en total 15 investigaciones cient\u00edficas a la comunidad, y que reuni\u00f3 a m\u00e1s de 100 j\u00f3venes pertenecientes a distintos establecimientos de la Regi\u00f3n Metropolitana. La contaminaci\u00f3n del [&hellip;]<\/p>\n","protected":false},"author":2,"featured_media":7772,"comment_status":"closed","ping_status":"open","sticky":false,"template":"","format":"standard","meta":{"_acf_changed":false,"_exactmetrics_skip_tracking":false,"_exactmetrics_sitenote_active":false,"_exactmetrics_sitenote_note":"","_exactmetrics_sitenote_category":0,"footnotes":"","_links_to":"","_links_to_target":""},"categories":[4],"tags":[],"class_list":["post-1156","post","type-post","status-publish","format-standard","has-post-thumbnail","hentry","category-noticias"],"acf":[],"yoast_head":"<!-- This site is optimized with the Yoast SEO plugin v26.9 - https:\/\/yoast.com\/product\/yoast-seo-wordpress\/ -->\n<title>Se realiz\u00f3 la primera Feria de Ciencia Escolar UDLA - EXPLORA RM Sur Oriente - RM Sur Oriente<\/title>\n<meta name=\"robots\" content=\"index, follow, max-snippet:-1, max-image-preview:large, max-video-preview:-1\" \/>\n<link rel=\"canonical\" href=\"https:\/\/explora.cl\/rmsuroriente\/se-realizo-la-primera-feria-de-ciencia-escolar-udla-explora-rm-sur-oriente\/\" class=\"yoast-seo-meta-tag\" \/>\n<meta property=\"og:locale\" content=\"es_ES\" class=\"yoast-seo-meta-tag\" \/>\n<meta property=\"og:type\" content=\"article\" class=\"yoast-seo-meta-tag\" \/>\n<meta property=\"og:title\" content=\"Se realiz\u00f3 la primera Feria de Ciencia Escolar UDLA - EXPLORA RM Sur Oriente - RM Sur Oriente\" class=\"yoast-seo-meta-tag\" \/>\n<meta property=\"og:description\" content=\"El jueves 27 de noviembre se llev\u00f3 a cabo la primera Feria de Ciencia Escolar UDLA &#8211; EXPLORA RM Zona Sur Oriente, instancia en la que se presentaron en total 15 investigaciones cient\u00edficas a la comunidad, y que reuni\u00f3 a m\u00e1s de 100 j\u00f3venes pertenecientes a distintos establecimientos de la Regi\u00f3n Metropolitana. La contaminaci\u00f3n del [&hellip;]\" class=\"yoast-seo-meta-tag\" \/>\n<meta property=\"og:url\" content=\"https:\/\/explora.cl\/rmsuroriente\/se-realizo-la-primera-feria-de-ciencia-escolar-udla-explora-rm-sur-oriente\/\" class=\"yoast-seo-meta-tag\" \/>\n<meta property=\"og:site_name\" content=\"RM Sur Oriente\" class=\"yoast-seo-meta-tag\" \/>\n<meta property=\"article:published_time\" content=\"2014-12-05T13:38:43+00:00\" class=\"yoast-seo-meta-tag\" \/>\n<meta property=\"article:modified_time\" content=\"2019-05-20T17:38:16+00:00\" class=\"yoast-seo-meta-tag\" \/>\n<meta name=\"author\" content=\"webman\" class=\"yoast-seo-meta-tag\" \/>\n<meta name=\"twitter:card\" content=\"summary_large_image\" class=\"yoast-seo-meta-tag\" \/>\n<meta name=\"twitter:label1\" content=\"Escrito por\" class=\"yoast-seo-meta-tag\" \/>\n\t<meta name=\"twitter:data1\" content=\"webman\" class=\"yoast-seo-meta-tag\" \/>\n\t<meta name=\"twitter:label2\" content=\"Tiempo estimado de lectura\" class=\"yoast-seo-meta-tag\" \/>\n\t<meta name=\"twitter:data2\" content=\"2 minutos\" class=\"yoast-seo-meta-tag\" \/>\n<script type=\"application\/ld+json\" class=\"yoast-schema-graph\">{\"@context\":\"https:\/\/schema.org\",\"@graph\":[{\"@type\":\"Article\",\"@id\":\"https:\/\/explora.cl\/rmsuroriente\/se-realizo-la-primera-feria-de-ciencia-escolar-udla-explora-rm-sur-oriente\/#article\",\"isPartOf\":{\"@id\":\"https:\/\/explora.cl\/rmsuroriente\/se-realizo-la-primera-feria-de-ciencia-escolar-udla-explora-rm-sur-oriente\/\"},\"author\":{\"name\":\"webman\",\"@id\":\"https:\/\/explora.cl\/rmsuroriente\/#\/schema\/person\/cb8349c13ea2d324080adf8480d7ba5d\"},\"headline\":\"Se realiz\u00f3 la primera Feria de Ciencia Escolar UDLA &#8211; EXPLORA RM Sur Oriente\",\"datePublished\":\"2014-12-05T13:38:43+00:00\",\"dateModified\":\"2019-05-20T17:38:16+00:00\",\"mainEntityOfPage\":{\"@id\":\"https:\/\/explora.cl\/rmsuroriente\/se-realizo-la-primera-feria-de-ciencia-escolar-udla-explora-rm-sur-oriente\/\"},\"wordCount\":347,\"publisher\":{\"@id\":\"https:\/\/explora.cl\/rmsuroriente\/#organization\"},\"image\":{\"@id\":\"https:\/\/explora.cl\/rmsuroriente\/se-realizo-la-primera-feria-de-ciencia-escolar-udla-explora-rm-sur-oriente\/#primaryimage\"},\"thumbnailUrl\":\"\",\"articleSection\":[\"Noticias\"],\"inLanguage\":\"es-CL\"},{\"@type\":\"WebPage\",\"@id\":\"https:\/\/explora.cl\/rmsuroriente\/se-realizo-la-primera-feria-de-ciencia-escolar-udla-explora-rm-sur-oriente\/\",\"url\":\"https:\/\/explora.cl\/rmsuroriente\/se-realizo-la-primera-feria-de-ciencia-escolar-udla-explora-rm-sur-oriente\/\",\"name\":\"Se realiz\u00f3 la primera Feria de Ciencia Escolar UDLA - EXPLORA RM Sur Oriente - RM Sur Oriente\",\"isPartOf\":{\"@id\":\"https:\/\/explora.cl\/rmsuroriente\/#website\"},\"primaryImageOfPage\":{\"@id\":\"https:\/\/explora.cl\/rmsuroriente\/se-realizo-la-primera-feria-de-ciencia-escolar-udla-explora-rm-sur-oriente\/#primaryimage\"},\"image\":{\"@id\":\"https:\/\/explora.cl\/rmsuroriente\/se-realizo-la-primera-feria-de-ciencia-escolar-udla-explora-rm-sur-oriente\/#primaryimage\"},\"thumbnailUrl\":\"\",\"datePublished\":\"2014-12-05T13:38:43+00:00\",\"dateModified\":\"2019-05-20T17:38:16+00:00\",\"breadcrumb\":{\"@id\":\"https:\/\/explora.cl\/rmsuroriente\/se-realizo-la-primera-feria-de-ciencia-escolar-udla-explora-rm-sur-oriente\/#breadcrumb\"},\"inLanguage\":\"es-CL\",\"potentialAction\":[{\"@type\":\"ReadAction\",\"target\":[\"https:\/\/explora.cl\/rmsuroriente\/se-realizo-la-primera-feria-de-ciencia-escolar-udla-explora-rm-sur-oriente\/\"]}]},{\"@type\":\"ImageObject\",\"inLanguage\":\"es-CL\",\"@id\":\"https:\/\/explora.cl\/rmsuroriente\/se-realizo-la-primera-feria-de-ciencia-escolar-udla-explora-rm-sur-oriente\/#primaryimage\",\"url\":\"\",\"contentUrl\":\"\"},{\"@type\":\"BreadcrumbList\",\"@id\":\"https:\/\/explora.cl\/rmsuroriente\/se-realizo-la-primera-feria-de-ciencia-escolar-udla-explora-rm-sur-oriente\/#breadcrumb\",\"itemListElement\":[{\"@type\":\"ListItem\",\"position\":1,\"name\":\"Portada\",\"item\":\"https:\/\/explora.cl\/rmsuroriente\/\"},{\"@type\":\"ListItem\",\"position\":2,\"name\":\"Se realiz\u00f3 la primera Feria de Ciencia Escolar UDLA &#8211; EXPLORA RM Sur Oriente\"}]},{\"@type\":\"WebSite\",\"@id\":\"https:\/\/explora.cl\/rmsuroriente\/#website\",\"url\":\"https:\/\/explora.cl\/rmsuroriente\/\",\"name\":\"RM Sur Oriente\",\"description\":\"Otro sitio m\u00e1s de explora.cl\",\"publisher\":{\"@id\":\"https:\/\/explora.cl\/rmsuroriente\/#organization\"},\"potentialAction\":[{\"@type\":\"SearchAction\",\"target\":{\"@type\":\"EntryPoint\",\"urlTemplate\":\"https:\/\/explora.cl\/rmsuroriente\/?s={search_term_string}\"},\"query-input\":{\"@type\":\"PropertyValueSpecification\",\"valueRequired\":true,\"valueName\":\"search_term_string\"}}],\"inLanguage\":\"es-CL\"},{\"@type\":\"Organization\",\"@id\":\"https:\/\/explora.cl\/rmsuroriente\/#organization\",\"name\":\"RM Sur Oriente\",\"url\":\"https:\/\/explora.cl\/rmsuroriente\/\",\"logo\":{\"@type\":\"ImageObject\",\"inLanguage\":\"es-CL\",\"@id\":\"https:\/\/explora.cl\/rmsuroriente\/#\/schema\/logo\/image\/\",\"url\":\"https:\/\/explora.cl\/rmsuroriente\/wp-content\/uploads\/sites\/12\/2025\/04\/cropped-LogoPAR_RMSO-Azul-UC.png\",\"contentUrl\":\"https:\/\/explora.cl\/rmsuroriente\/wp-content\/uploads\/sites\/12\/2025\/04\/cropped-LogoPAR_RMSO-Azul-UC.png\",\"width\":411,\"height\":409,\"caption\":\"RM Sur Oriente\"},\"image\":{\"@id\":\"https:\/\/explora.cl\/rmsuroriente\/#\/schema\/logo\/image\/\"}},{\"@type\":\"Person\",\"@id\":\"https:\/\/explora.cl\/rmsuroriente\/#\/schema\/person\/cb8349c13ea2d324080adf8480d7ba5d\",\"name\":\"webman\",\"image\":{\"@type\":\"ImageObject\",\"inLanguage\":\"es-CL\",\"@id\":\"https:\/\/explora.cl\/rmsuroriente\/#\/schema\/person\/image\/\",\"url\":\"https:\/\/secure.gravatar.com\/avatar\/eeff3c82f2c02f7177d13663b7e6f890e9a6a0647ce9bb29cae02dcb094c7312?s=96&d=mm&r=g\",\"contentUrl\":\"https:\/\/secure.gravatar.com\/avatar\/eeff3c82f2c02f7177d13663b7e6f890e9a6a0647ce9bb29cae02dcb094c7312?s=96&d=mm&r=g\",\"caption\":\"webman\"},\"url\":\"https:\/\/explora.cl\/rmsuroriente\/author\/webman\/\"}]}<\/script>\n<!-- \/ Yoast SEO plugin. -->","yoast_head_json":{"title":"Se realiz\u00f3 la primera Feria de Ciencia Escolar UDLA - EXPLORA RM Sur Oriente - RM Sur Oriente","robots":{"index":"index","follow":"follow","max-snippet":"max-snippet:-1","max-image-preview":"max-image-preview:large","max-video-preview":"max-video-preview:-1"},"canonical":"https:\/\/explora.cl\/rmsuroriente\/se-realizo-la-primera-feria-de-ciencia-escolar-udla-explora-rm-sur-oriente\/","og_locale":"es_ES","og_type":"article","og_title":"Se realiz\u00f3 la primera Feria de Ciencia Escolar UDLA - EXPLORA RM Sur Oriente - RM Sur Oriente","og_description":"El jueves 27 de noviembre se llev\u00f3 a cabo la primera Feria de Ciencia Escolar UDLA &#8211; EXPLORA RM Zona Sur Oriente, instancia en la que se presentaron en total 15 investigaciones cient\u00edficas a la comunidad, y que reuni\u00f3 a m\u00e1s de 100 j\u00f3venes pertenecientes a distintos establecimientos de la Regi\u00f3n Metropolitana. La contaminaci\u00f3n del [&hellip;]","og_url":"https:\/\/explora.cl\/rmsuroriente\/se-realizo-la-primera-feria-de-ciencia-escolar-udla-explora-rm-sur-oriente\/","og_site_name":"RM Sur Oriente","article_published_time":"2014-12-05T13:38:43+00:00","article_modified_time":"2019-05-20T17:38:16+00:00","author":"webman","twitter_card":"summary_large_image","twitter_misc":{"Escrito por":"webman","Tiempo estimado de lectura":"2 minutos"},"schema":{"@context":"https:\/\/schema.org","@graph":[{"@type":"Article","@id":"https:\/\/explora.cl\/rmsuroriente\/se-realizo-la-primera-feria-de-ciencia-escolar-udla-explora-rm-sur-oriente\/#article","isPartOf":{"@id":"https:\/\/explora.cl\/rmsuroriente\/se-realizo-la-primera-feria-de-ciencia-escolar-udla-explora-rm-sur-oriente\/"},"author":{"name":"webman","@id":"https:\/\/explora.cl\/rmsuroriente\/#\/schema\/person\/cb8349c13ea2d324080adf8480d7ba5d"},"headline":"Se realiz\u00f3 la primera Feria de Ciencia Escolar UDLA &#8211; EXPLORA RM Sur Oriente","datePublished":"2014-12-05T13:38:43+00:00","dateModified":"2019-05-20T17:38:16+00:00","mainEntityOfPage":{"@id":"https:\/\/explora.cl\/rmsuroriente\/se-realizo-la-primera-feria-de-ciencia-escolar-udla-explora-rm-sur-oriente\/"},"wordCount":347,"publisher":{"@id":"https:\/\/explora.cl\/rmsuroriente\/#organization"},"image":{"@id":"https:\/\/explora.cl\/rmsuroriente\/se-realizo-la-primera-feria-de-ciencia-escolar-udla-explora-rm-sur-oriente\/#primaryimage"},"thumbnailUrl":"","articleSection":["Noticias"],"inLanguage":"es-CL"},{"@type":"WebPage","@id":"https:\/\/explora.cl\/rmsuroriente\/se-realizo-la-primera-feria-de-ciencia-escolar-udla-explora-rm-sur-oriente\/","url":"https:\/\/explora.cl\/rmsuroriente\/se-realizo-la-primera-feria-de-ciencia-escolar-udla-explora-rm-sur-oriente\/","name":"Se realiz\u00f3 la primera Feria de Ciencia Escolar UDLA - EXPLORA RM Sur Oriente - RM Sur Oriente","isPartOf":{"@id":"https:\/\/explora.cl\/rmsuroriente\/#website"},"primaryImageOfPage":{"@id":"https:\/\/explora.cl\/rmsuroriente\/se-realizo-la-primera-feria-de-ciencia-escolar-udla-explora-rm-sur-oriente\/#primaryimage"},"image":{"@id":"https:\/\/explora.cl\/rmsuroriente\/se-realizo-la-primera-feria-de-ciencia-escolar-udla-explora-rm-sur-oriente\/#primaryimage"},"thumbnailUrl":"","datePublished":"2014-12-05T13:38:43+00:00","dateModified":"2019-05-20T17:38:16+00:00","breadcrumb":{"@id":"https:\/\/explora.cl\/rmsuroriente\/se-realizo-la-primera-feria-de-ciencia-escolar-udla-explora-rm-sur-oriente\/#breadcrumb"},"inLanguage":"es-CL","potentialAction":[{"@type":"ReadAction","target":["https:\/\/explora.cl\/rmsuroriente\/se-realizo-la-primera-feria-de-ciencia-escolar-udla-explora-rm-sur-oriente\/"]}]},{"@type":"ImageObject","inLanguage":"es-CL","@id":"https:\/\/explora.cl\/rmsuroriente\/se-realizo-la-primera-feria-de-ciencia-escolar-udla-explora-rm-sur-oriente\/#primaryimage","url":"","contentUrl":""},{"@type":"BreadcrumbList","@id":"https:\/\/explora.cl\/rmsuroriente\/se-realizo-la-primera-feria-de-ciencia-escolar-udla-explora-rm-sur-oriente\/#breadcrumb","itemListElement":[{"@type":"ListItem","position":1,"name":"Portada","item":"https:\/\/explora.cl\/rmsuroriente\/"},{"@type":"ListItem","position":2,"name":"Se realiz\u00f3 la primera Feria de Ciencia Escolar UDLA &#8211; EXPLORA RM Sur Oriente"}]},{"@type":"WebSite","@id":"https:\/\/explora.cl\/rmsuroriente\/#website","url":"https:\/\/explora.cl\/rmsuroriente\/","name":"RM Sur Oriente","description":"Otro sitio m\u00e1s de explora.cl","publisher":{"@id":"https:\/\/explora.cl\/rmsuroriente\/#organization"},"potentialAction":[{"@type":"SearchAction","target":{"@type":"EntryPoint","urlTemplate":"https:\/\/explora.cl\/rmsuroriente\/?s={search_term_string}"},"query-input":{"@type":"PropertyValueSpecification","valueRequired":true,"valueName":"search_term_string"}}],"inLanguage":"es-CL"},{"@type":"Organization","@id":"https:\/\/explora.cl\/rmsuroriente\/#organization","name":"RM Sur Oriente","url":"https:\/\/explora.cl\/rmsuroriente\/","logo":{"@type":"ImageObject","inLanguage":"es-CL","@id":"https:\/\/explora.cl\/rmsuroriente\/#\/schema\/logo\/image\/","url":"https:\/\/explora.cl\/rmsuroriente\/wp-content\/uploads\/sites\/12\/2025\/04\/cropped-LogoPAR_RMSO-Azul-UC.png","contentUrl":"https:\/\/explora.cl\/rmsuroriente\/wp-content\/uploads\/sites\/12\/2025\/04\/cropped-LogoPAR_RMSO-Azul-UC.png","width":411,"height":409,"caption":"RM Sur Oriente"},"image":{"@id":"https:\/\/explora.cl\/rmsuroriente\/#\/schema\/logo\/image\/"}},{"@type":"Person","@id":"https:\/\/explora.cl\/rmsuroriente\/#\/schema\/person\/cb8349c13ea2d324080adf8480d7ba5d","name":"webman","image":{"@type":"ImageObject","inLanguage":"es-CL","@id":"https:\/\/explora.cl\/rmsuroriente\/#\/schema\/person\/image\/","url":"https:\/\/secure.gravatar.com\/avatar\/eeff3c82f2c02f7177d13663b7e6f890e9a6a0647ce9bb29cae02dcb094c7312?s=96&d=mm&r=g","contentUrl":"https:\/\/secure.gravatar.com\/avatar\/eeff3c82f2c02f7177d13663b7e6f890e9a6a0647ce9bb29cae02dcb094c7312?s=96&d=mm&r=g","caption":"webman"},"url":"https:\/\/explora.cl\/rmsuroriente\/author\/webman\/"}]}},"_links":{"self":[{"href":"https:\/\/explora.cl\/rmsuroriente\/wp-json\/wp\/v2\/posts\/1156","targetHints":{"allow":["GET"]}}],"collection":[{"href":"https:\/\/explora.cl\/rmsuroriente\/wp-json\/wp\/v2\/posts"}],"about":[{"href":"https:\/\/explora.cl\/rmsuroriente\/wp-json\/wp\/v2\/types\/post"}],"author":[{"embeddable":true,"href":"https:\/\/explora.cl\/rmsuroriente\/wp-json\/wp\/v2\/users\/2"}],"replies":[{"embeddable":true,"href":"https:\/\/explora.cl\/rmsuroriente\/wp-json\/wp\/v2\/comments?post=1156"}],"version-history":[{"count":1,"href":"https:\/\/explora.cl\/rmsuroriente\/wp-json\/wp\/v2\/posts\/1156\/revisions"}],"predecessor-version":[{"id":38168,"href":"https:\/\/explora.cl\/rmsuroriente\/wp-json\/wp\/v2\/posts\/1156\/revisions\/38168"}],"wp:featuredmedia":[{"embeddable":true,"href":"https:\/\/explora.cl\/rmsuroriente\/wp-json\/"}],"wp:attachment":[{"href":"https:\/\/explora.cl\/rmsuroriente\/wp-json\/wp\/v2\/media?parent=1156"}],"wp:term":[{"taxonomy":"category","embeddable":true,"href":"https:\/\/explora.cl\/rmsuroriente\/wp-json\/wp\/v2\/categories?post=1156"},{"taxonomy":"post_tag","embeddable":true,"href":"https:\/\/explora.cl\/rmsuroriente\/wp-json\/wp\/v2\/tags?post=1156"}],"curies":[{"name":"wp","href":"https:\/\/api.w.org\/{rel}","templated":true}]}}