{"id":1154,"date":"2014-12-05T20:42:51","date_gmt":"2014-12-05T20:42:51","guid":{"rendered":"https:\/\/explora.cl\/rmsuroriente\/blog\/2014\/12\/05\/mas-de-250-estudiantes-participaron-en-la-v-feria-cientifica-del-liceo-polivalente-maria-reina\/"},"modified":"2019-05-20T17:38:16","modified_gmt":"2019-05-20T17:38:16","slug":"mas-de-250-estudiantes-participaron-en-la-v-feria-cientifica-del-liceo-polivalente-maria-reina","status":"publish","type":"post","link":"https:\/\/explora.cl\/rmsuroriente\/mas-de-250-estudiantes-participaron-en-la-v-feria-cientifica-del-liceo-polivalente-maria-reina\/","title":{"rendered":"M\u00e1s de 250 estudiantes participaron en la V Feria Cient\u00edfica del Liceo Polivalente Mar\u00eda Reina"},"content":{"rendered":"<p><img fetchpriority=\"high\" decoding=\"async\" class=\" size-full wp-image-7801\" src=\"http:\/\/ec2-34-218-253-251.us-west-2.compute.amazonaws.com\/wp-content\/uploads\/2014\/12\/c167fb4dbabf7bb1e767f5e5b76ce2a2.jpg\" alt=\"\" width=\"1500\" height=\"1125\" \/><\/p>\n<p>El martes 25 de noviembre se llev\u00f3 a cabo la feria del Liceo Polivalente Mar\u00eda Reina, instancia donde se presentaron en total 77 proyectos y muestras cient\u00edficas desarrollados por alumnos de prek\u00ednder a tercero medio. Esta es una actividad que busca principalmente fomentar la investigaci\u00f3n escolar entre los estudiantes y los docentes, y que fue realizada por el propio establecimiento con apoyo del PAR EXPLORA RM Zona Sur Oriente.<\/p>\n<p>\u201cCuando nosotros hacemos este tipo de trabajos es para que los ni\u00f1os puedan desarrollar sus distintas habilidades, obviamente en los niveles que ellos est\u00e1n trabajando. Por eso es que damos la posibilidad de que todos se presenten, a pesar de que no van a competir, pero igual nosotros los premiamos con un diploma, para que ellos se sigan motivando\u201d, coment\u00f3 Silvia D\u00edaz, coordinadora de la feria.<\/p>\n<p>Ba\u00f1o Ecol\u00f3gico, Tinta M\u00e1gica, Volc\u00e1n Submarino y Serpiente del Fara\u00f3n fueron los nombres de algunas de las muestras realizadas en la iniciativa, que adem\u00e1s estuvo abierta a la participaci\u00f3n de otros establecimientos en la competencia. Es por esto, que el Colegio Familia de Nazareth, se present\u00f3 con 14 alumnos de tercero medio dando a conocer tres proyectos cient\u00edficos.<\/p>\n<p>Cabe recalcar que esta actividad tambi\u00e9n tuvo el apoyo de otras instituciones como Codelco Educa y la Facultad de Ciencias Agron\u00f3micas de la Universidad de Chile.<\/p>\n<p>En la competencia de la V Feria Cient\u00edfica del Liceo Polivalente Mar\u00eda Reina, participaron alumnos desde 5\u00ba b\u00e1sico hasta 3\u00ba medio. A continuaci\u00f3n la lista de los ganadores de la actividad.<\/p>\n<p><strong>Ense\u00f1anza B\u00e1sica<\/strong><span style=\"text-decoration: underline\"><br \/> <\/span>\u00a0&#8211; Caracter\u00edsticas de Oc\u00e9anos, Mares\u00a0 y Lagos.<br \/> &#8211; Flotabilidad.<\/p>\n<p> <strong>Ense\u00f1anza Media<br \/> <\/strong>&#8211; Ba\u00f1o Ecol\u00f3gico: 3\u00ba medio electivo.<br \/> &#8211; Erupci\u00f3n Volc\u00e1nica: 1\u00ba medio A.<br \/> &#8211; Reproducci\u00f3n de los Peces: 2\u00ba medio C.<\/p>\n<p>\u00a1Felicitaciones a los ganadores de la Feria Cient\u00edfica Interescolar!<\/p>\n<p><strong><span style=\"font-size: medium\">Revisa las fotos de la actividad en <a href=\"%202\u00ba%20medio%20C.%20\u00a1Felicitaciones%20a%20los%20ganadores%20de%20la%20Feria%20Cient\u00edfica%20Interescolar!\" target=\"_blank\" rel=\"noopener noreferrer\">nuestra p\u00e1gina de Facebook!<\/a><\/span><\/strong><\/p>\n","protected":false},"excerpt":{"rendered":"<p>El martes 25 de noviembre se llev\u00f3 a cabo la feria del Liceo Polivalente Mar\u00eda Reina, instancia donde se presentaron en total 77 proyectos y muestras cient\u00edficas desarrollados por alumnos de prek\u00ednder a tercero medio. Esta es una actividad que busca principalmente fomentar la investigaci\u00f3n escolar entre los estudiantes y los docentes, y que fue [&hellip;]<\/p>\n","protected":false},"author":2,"featured_media":7801,"comment_status":"closed","ping_status":"open","sticky":false,"template":"","format":"standard","meta":{"_acf_changed":false,"_exactmetrics_skip_tracking":false,"_exactmetrics_sitenote_active":false,"_exactmetrics_sitenote_note":"","_exactmetrics_sitenote_category":0,"footnotes":"","_links_to":"","_links_to_target":""},"categories":[4],"tags":[],"class_list":["post-1154","post","type-post","status-publish","format-standard","has-post-thumbnail","hentry","category-noticias"],"acf":[],"yoast_head":"<!-- This site is optimized with the Yoast SEO plugin v26.9 - https:\/\/yoast.com\/product\/yoast-seo-wordpress\/ -->\n<title>M\u00e1s de 250 estudiantes participaron en la V Feria Cient\u00edfica del Liceo Polivalente Mar\u00eda Reina - RM Sur Oriente<\/title>\n<meta name=\"robots\" content=\"index, follow, max-snippet:-1, max-image-preview:large, max-video-preview:-1\" \/>\n<link rel=\"canonical\" href=\"https:\/\/explora.cl\/rmsuroriente\/mas-de-250-estudiantes-participaron-en-la-v-feria-cientifica-del-liceo-polivalente-maria-reina\/\" class=\"yoast-seo-meta-tag\" \/>\n<meta property=\"og:locale\" content=\"es_ES\" class=\"yoast-seo-meta-tag\" \/>\n<meta property=\"og:type\" content=\"article\" class=\"yoast-seo-meta-tag\" \/>\n<meta property=\"og:title\" content=\"M\u00e1s de 250 estudiantes participaron en la V Feria Cient\u00edfica del Liceo Polivalente Mar\u00eda Reina - RM Sur Oriente\" class=\"yoast-seo-meta-tag\" \/>\n<meta property=\"og:description\" content=\"El martes 25 de noviembre se llev\u00f3 a cabo la feria del Liceo Polivalente Mar\u00eda Reina, instancia donde se presentaron en total 77 proyectos y muestras cient\u00edficas desarrollados por alumnos de prek\u00ednder a tercero medio. Esta es una actividad que busca principalmente fomentar la investigaci\u00f3n escolar entre los estudiantes y los docentes, y que fue [&hellip;]\" class=\"yoast-seo-meta-tag\" \/>\n<meta property=\"og:url\" content=\"https:\/\/explora.cl\/rmsuroriente\/mas-de-250-estudiantes-participaron-en-la-v-feria-cientifica-del-liceo-polivalente-maria-reina\/\" class=\"yoast-seo-meta-tag\" \/>\n<meta property=\"og:site_name\" content=\"RM Sur Oriente\" class=\"yoast-seo-meta-tag\" \/>\n<meta property=\"article:published_time\" content=\"2014-12-05T20:42:51+00:00\" class=\"yoast-seo-meta-tag\" \/>\n<meta property=\"article:modified_time\" content=\"2019-05-20T17:38:16+00:00\" class=\"yoast-seo-meta-tag\" \/>\n<meta name=\"author\" content=\"webman\" class=\"yoast-seo-meta-tag\" \/>\n<meta name=\"twitter:card\" content=\"summary_large_image\" class=\"yoast-seo-meta-tag\" \/>\n<meta name=\"twitter:label1\" content=\"Escrito por\" class=\"yoast-seo-meta-tag\" \/>\n\t<meta name=\"twitter:data1\" content=\"webman\" class=\"yoast-seo-meta-tag\" \/>\n\t<meta name=\"twitter:label2\" content=\"Tiempo estimado de lectura\" class=\"yoast-seo-meta-tag\" \/>\n\t<meta name=\"twitter:data2\" content=\"2 minutos\" class=\"yoast-seo-meta-tag\" \/>\n<script type=\"application\/ld+json\" class=\"yoast-schema-graph\">{\"@context\":\"https:\/\/schema.org\",\"@graph\":[{\"@type\":\"Article\",\"@id\":\"https:\/\/explora.cl\/rmsuroriente\/mas-de-250-estudiantes-participaron-en-la-v-feria-cientifica-del-liceo-polivalente-maria-reina\/#article\",\"isPartOf\":{\"@id\":\"https:\/\/explora.cl\/rmsuroriente\/mas-de-250-estudiantes-participaron-en-la-v-feria-cientifica-del-liceo-polivalente-maria-reina\/\"},\"author\":{\"name\":\"webman\",\"@id\":\"https:\/\/explora.cl\/rmsuroriente\/#\/schema\/person\/cb8349c13ea2d324080adf8480d7ba5d\"},\"headline\":\"M\u00e1s de 250 estudiantes participaron en la V Feria Cient\u00edfica del Liceo Polivalente Mar\u00eda Reina\",\"datePublished\":\"2014-12-05T20:42:51+00:00\",\"dateModified\":\"2019-05-20T17:38:16+00:00\",\"mainEntityOfPage\":{\"@id\":\"https:\/\/explora.cl\/rmsuroriente\/mas-de-250-estudiantes-participaron-en-la-v-feria-cientifica-del-liceo-polivalente-maria-reina\/\"},\"wordCount\":345,\"publisher\":{\"@id\":\"https:\/\/explora.cl\/rmsuroriente\/#organization\"},\"image\":{\"@id\":\"https:\/\/explora.cl\/rmsuroriente\/mas-de-250-estudiantes-participaron-en-la-v-feria-cientifica-del-liceo-polivalente-maria-reina\/#primaryimage\"},\"thumbnailUrl\":\"\",\"articleSection\":[\"Noticias\"],\"inLanguage\":\"es-CL\"},{\"@type\":\"WebPage\",\"@id\":\"https:\/\/explora.cl\/rmsuroriente\/mas-de-250-estudiantes-participaron-en-la-v-feria-cientifica-del-liceo-polivalente-maria-reina\/\",\"url\":\"https:\/\/explora.cl\/rmsuroriente\/mas-de-250-estudiantes-participaron-en-la-v-feria-cientifica-del-liceo-polivalente-maria-reina\/\",\"name\":\"M\u00e1s de 250 estudiantes participaron en la V Feria Cient\u00edfica del Liceo Polivalente Mar\u00eda Reina - RM Sur Oriente\",\"isPartOf\":{\"@id\":\"https:\/\/explora.cl\/rmsuroriente\/#website\"},\"primaryImageOfPage\":{\"@id\":\"https:\/\/explora.cl\/rmsuroriente\/mas-de-250-estudiantes-participaron-en-la-v-feria-cientifica-del-liceo-polivalente-maria-reina\/#primaryimage\"},\"image\":{\"@id\":\"https:\/\/explora.cl\/rmsuroriente\/mas-de-250-estudiantes-participaron-en-la-v-feria-cientifica-del-liceo-polivalente-maria-reina\/#primaryimage\"},\"thumbnailUrl\":\"\",\"datePublished\":\"2014-12-05T20:42:51+00:00\",\"dateModified\":\"2019-05-20T17:38:16+00:00\",\"breadcrumb\":{\"@id\":\"https:\/\/explora.cl\/rmsuroriente\/mas-de-250-estudiantes-participaron-en-la-v-feria-cientifica-del-liceo-polivalente-maria-reina\/#breadcrumb\"},\"inLanguage\":\"es-CL\",\"potentialAction\":[{\"@type\":\"ReadAction\",\"target\":[\"https:\/\/explora.cl\/rmsuroriente\/mas-de-250-estudiantes-participaron-en-la-v-feria-cientifica-del-liceo-polivalente-maria-reina\/\"]}]},{\"@type\":\"ImageObject\",\"inLanguage\":\"es-CL\",\"@id\":\"https:\/\/explora.cl\/rmsuroriente\/mas-de-250-estudiantes-participaron-en-la-v-feria-cientifica-del-liceo-polivalente-maria-reina\/#primaryimage\",\"url\":\"\",\"contentUrl\":\"\"},{\"@type\":\"BreadcrumbList\",\"@id\":\"https:\/\/explora.cl\/rmsuroriente\/mas-de-250-estudiantes-participaron-en-la-v-feria-cientifica-del-liceo-polivalente-maria-reina\/#breadcrumb\",\"itemListElement\":[{\"@type\":\"ListItem\",\"position\":1,\"name\":\"Portada\",\"item\":\"https:\/\/explora.cl\/rmsuroriente\/\"},{\"@type\":\"ListItem\",\"position\":2,\"name\":\"M\u00e1s de 250 estudiantes participaron en la V Feria Cient\u00edfica del Liceo Polivalente Mar\u00eda Reina\"}]},{\"@type\":\"WebSite\",\"@id\":\"https:\/\/explora.cl\/rmsuroriente\/#website\",\"url\":\"https:\/\/explora.cl\/rmsuroriente\/\",\"name\":\"RM Sur Oriente\",\"description\":\"Otro sitio m\u00e1s de explora.cl\",\"publisher\":{\"@id\":\"https:\/\/explora.cl\/rmsuroriente\/#organization\"},\"potentialAction\":[{\"@type\":\"SearchAction\",\"target\":{\"@type\":\"EntryPoint\",\"urlTemplate\":\"https:\/\/explora.cl\/rmsuroriente\/?s={search_term_string}\"},\"query-input\":{\"@type\":\"PropertyValueSpecification\",\"valueRequired\":true,\"valueName\":\"search_term_string\"}}],\"inLanguage\":\"es-CL\"},{\"@type\":\"Organization\",\"@id\":\"https:\/\/explora.cl\/rmsuroriente\/#organization\",\"name\":\"RM Sur Oriente\",\"url\":\"https:\/\/explora.cl\/rmsuroriente\/\",\"logo\":{\"@type\":\"ImageObject\",\"inLanguage\":\"es-CL\",\"@id\":\"https:\/\/explora.cl\/rmsuroriente\/#\/schema\/logo\/image\/\",\"url\":\"https:\/\/explora.cl\/rmsuroriente\/wp-content\/uploads\/sites\/12\/2025\/04\/cropped-LogoPAR_RMSO-Azul-UC.png\",\"contentUrl\":\"https:\/\/explora.cl\/rmsuroriente\/wp-content\/uploads\/sites\/12\/2025\/04\/cropped-LogoPAR_RMSO-Azul-UC.png\",\"width\":411,\"height\":409,\"caption\":\"RM Sur Oriente\"},\"image\":{\"@id\":\"https:\/\/explora.cl\/rmsuroriente\/#\/schema\/logo\/image\/\"}},{\"@type\":\"Person\",\"@id\":\"https:\/\/explora.cl\/rmsuroriente\/#\/schema\/person\/cb8349c13ea2d324080adf8480d7ba5d\",\"name\":\"webman\",\"image\":{\"@type\":\"ImageObject\",\"inLanguage\":\"es-CL\",\"@id\":\"https:\/\/explora.cl\/rmsuroriente\/#\/schema\/person\/image\/\",\"url\":\"https:\/\/secure.gravatar.com\/avatar\/eeff3c82f2c02f7177d13663b7e6f890e9a6a0647ce9bb29cae02dcb094c7312?s=96&d=mm&r=g\",\"contentUrl\":\"https:\/\/secure.gravatar.com\/avatar\/eeff3c82f2c02f7177d13663b7e6f890e9a6a0647ce9bb29cae02dcb094c7312?s=96&d=mm&r=g\",\"caption\":\"webman\"},\"url\":\"https:\/\/explora.cl\/rmsuroriente\/author\/webman\/\"}]}<\/script>\n<!-- \/ Yoast SEO plugin. -->","yoast_head_json":{"title":"M\u00e1s de 250 estudiantes participaron en la V Feria Cient\u00edfica del Liceo Polivalente Mar\u00eda Reina - RM Sur Oriente","robots":{"index":"index","follow":"follow","max-snippet":"max-snippet:-1","max-image-preview":"max-image-preview:large","max-video-preview":"max-video-preview:-1"},"canonical":"https:\/\/explora.cl\/rmsuroriente\/mas-de-250-estudiantes-participaron-en-la-v-feria-cientifica-del-liceo-polivalente-maria-reina\/","og_locale":"es_ES","og_type":"article","og_title":"M\u00e1s de 250 estudiantes participaron en la V Feria Cient\u00edfica del Liceo Polivalente Mar\u00eda Reina - RM Sur Oriente","og_description":"El martes 25 de noviembre se llev\u00f3 a cabo la feria del Liceo Polivalente Mar\u00eda Reina, instancia donde se presentaron en total 77 proyectos y muestras cient\u00edficas desarrollados por alumnos de prek\u00ednder a tercero medio. Esta es una actividad que busca principalmente fomentar la investigaci\u00f3n escolar entre los estudiantes y los docentes, y que fue [&hellip;]","og_url":"https:\/\/explora.cl\/rmsuroriente\/mas-de-250-estudiantes-participaron-en-la-v-feria-cientifica-del-liceo-polivalente-maria-reina\/","og_site_name":"RM Sur Oriente","article_published_time":"2014-12-05T20:42:51+00:00","article_modified_time":"2019-05-20T17:38:16+00:00","author":"webman","twitter_card":"summary_large_image","twitter_misc":{"Escrito por":"webman","Tiempo estimado de lectura":"2 minutos"},"schema":{"@context":"https:\/\/schema.org","@graph":[{"@type":"Article","@id":"https:\/\/explora.cl\/rmsuroriente\/mas-de-250-estudiantes-participaron-en-la-v-feria-cientifica-del-liceo-polivalente-maria-reina\/#article","isPartOf":{"@id":"https:\/\/explora.cl\/rmsuroriente\/mas-de-250-estudiantes-participaron-en-la-v-feria-cientifica-del-liceo-polivalente-maria-reina\/"},"author":{"name":"webman","@id":"https:\/\/explora.cl\/rmsuroriente\/#\/schema\/person\/cb8349c13ea2d324080adf8480d7ba5d"},"headline":"M\u00e1s de 250 estudiantes participaron en la V Feria Cient\u00edfica del Liceo Polivalente Mar\u00eda Reina","datePublished":"2014-12-05T20:42:51+00:00","dateModified":"2019-05-20T17:38:16+00:00","mainEntityOfPage":{"@id":"https:\/\/explora.cl\/rmsuroriente\/mas-de-250-estudiantes-participaron-en-la-v-feria-cientifica-del-liceo-polivalente-maria-reina\/"},"wordCount":345,"publisher":{"@id":"https:\/\/explora.cl\/rmsuroriente\/#organization"},"image":{"@id":"https:\/\/explora.cl\/rmsuroriente\/mas-de-250-estudiantes-participaron-en-la-v-feria-cientifica-del-liceo-polivalente-maria-reina\/#primaryimage"},"thumbnailUrl":"","articleSection":["Noticias"],"inLanguage":"es-CL"},{"@type":"WebPage","@id":"https:\/\/explora.cl\/rmsuroriente\/mas-de-250-estudiantes-participaron-en-la-v-feria-cientifica-del-liceo-polivalente-maria-reina\/","url":"https:\/\/explora.cl\/rmsuroriente\/mas-de-250-estudiantes-participaron-en-la-v-feria-cientifica-del-liceo-polivalente-maria-reina\/","name":"M\u00e1s de 250 estudiantes participaron en la V Feria Cient\u00edfica del Liceo Polivalente Mar\u00eda Reina - RM Sur Oriente","isPartOf":{"@id":"https:\/\/explora.cl\/rmsuroriente\/#website"},"primaryImageOfPage":{"@id":"https:\/\/explora.cl\/rmsuroriente\/mas-de-250-estudiantes-participaron-en-la-v-feria-cientifica-del-liceo-polivalente-maria-reina\/#primaryimage"},"image":{"@id":"https:\/\/explora.cl\/rmsuroriente\/mas-de-250-estudiantes-participaron-en-la-v-feria-cientifica-del-liceo-polivalente-maria-reina\/#primaryimage"},"thumbnailUrl":"","datePublished":"2014-12-05T20:42:51+00:00","dateModified":"2019-05-20T17:38:16+00:00","breadcrumb":{"@id":"https:\/\/explora.cl\/rmsuroriente\/mas-de-250-estudiantes-participaron-en-la-v-feria-cientifica-del-liceo-polivalente-maria-reina\/#breadcrumb"},"inLanguage":"es-CL","potentialAction":[{"@type":"ReadAction","target":["https:\/\/explora.cl\/rmsuroriente\/mas-de-250-estudiantes-participaron-en-la-v-feria-cientifica-del-liceo-polivalente-maria-reina\/"]}]},{"@type":"ImageObject","inLanguage":"es-CL","@id":"https:\/\/explora.cl\/rmsuroriente\/mas-de-250-estudiantes-participaron-en-la-v-feria-cientifica-del-liceo-polivalente-maria-reina\/#primaryimage","url":"","contentUrl":""},{"@type":"BreadcrumbList","@id":"https:\/\/explora.cl\/rmsuroriente\/mas-de-250-estudiantes-participaron-en-la-v-feria-cientifica-del-liceo-polivalente-maria-reina\/#breadcrumb","itemListElement":[{"@type":"ListItem","position":1,"name":"Portada","item":"https:\/\/explora.cl\/rmsuroriente\/"},{"@type":"ListItem","position":2,"name":"M\u00e1s de 250 estudiantes participaron en la V Feria Cient\u00edfica del Liceo Polivalente Mar\u00eda Reina"}]},{"@type":"WebSite","@id":"https:\/\/explora.cl\/rmsuroriente\/#website","url":"https:\/\/explora.cl\/rmsuroriente\/","name":"RM Sur Oriente","description":"Otro sitio m\u00e1s de explora.cl","publisher":{"@id":"https:\/\/explora.cl\/rmsuroriente\/#organization"},"potentialAction":[{"@type":"SearchAction","target":{"@type":"EntryPoint","urlTemplate":"https:\/\/explora.cl\/rmsuroriente\/?s={search_term_string}"},"query-input":{"@type":"PropertyValueSpecification","valueRequired":true,"valueName":"search_term_string"}}],"inLanguage":"es-CL"},{"@type":"Organization","@id":"https:\/\/explora.cl\/rmsuroriente\/#organization","name":"RM Sur Oriente","url":"https:\/\/explora.cl\/rmsuroriente\/","logo":{"@type":"ImageObject","inLanguage":"es-CL","@id":"https:\/\/explora.cl\/rmsuroriente\/#\/schema\/logo\/image\/","url":"https:\/\/explora.cl\/rmsuroriente\/wp-content\/uploads\/sites\/12\/2025\/04\/cropped-LogoPAR_RMSO-Azul-UC.png","contentUrl":"https:\/\/explora.cl\/rmsuroriente\/wp-content\/uploads\/sites\/12\/2025\/04\/cropped-LogoPAR_RMSO-Azul-UC.png","width":411,"height":409,"caption":"RM Sur Oriente"},"image":{"@id":"https:\/\/explora.cl\/rmsuroriente\/#\/schema\/logo\/image\/"}},{"@type":"Person","@id":"https:\/\/explora.cl\/rmsuroriente\/#\/schema\/person\/cb8349c13ea2d324080adf8480d7ba5d","name":"webman","image":{"@type":"ImageObject","inLanguage":"es-CL","@id":"https:\/\/explora.cl\/rmsuroriente\/#\/schema\/person\/image\/","url":"https:\/\/secure.gravatar.com\/avatar\/eeff3c82f2c02f7177d13663b7e6f890e9a6a0647ce9bb29cae02dcb094c7312?s=96&d=mm&r=g","contentUrl":"https:\/\/secure.gravatar.com\/avatar\/eeff3c82f2c02f7177d13663b7e6f890e9a6a0647ce9bb29cae02dcb094c7312?s=96&d=mm&r=g","caption":"webman"},"url":"https:\/\/explora.cl\/rmsuroriente\/author\/webman\/"}]}},"_links":{"self":[{"href":"https:\/\/explora.cl\/rmsuroriente\/wp-json\/wp\/v2\/posts\/1154","targetHints":{"allow":["GET"]}}],"collection":[{"href":"https:\/\/explora.cl\/rmsuroriente\/wp-json\/wp\/v2\/posts"}],"about":[{"href":"https:\/\/explora.cl\/rmsuroriente\/wp-json\/wp\/v2\/types\/post"}],"author":[{"embeddable":true,"href":"https:\/\/explora.cl\/rmsuroriente\/wp-json\/wp\/v2\/users\/2"}],"replies":[{"embeddable":true,"href":"https:\/\/explora.cl\/rmsuroriente\/wp-json\/wp\/v2\/comments?post=1154"}],"version-history":[{"count":1,"href":"https:\/\/explora.cl\/rmsuroriente\/wp-json\/wp\/v2\/posts\/1154\/revisions"}],"predecessor-version":[{"id":38167,"href":"https:\/\/explora.cl\/rmsuroriente\/wp-json\/wp\/v2\/posts\/1154\/revisions\/38167"}],"wp:featuredmedia":[{"embeddable":true,"href":"https:\/\/explora.cl\/rmsuroriente\/wp-json\/"}],"wp:attachment":[{"href":"https:\/\/explora.cl\/rmsuroriente\/wp-json\/wp\/v2\/media?parent=1154"}],"wp:term":[{"taxonomy":"category","embeddable":true,"href":"https:\/\/explora.cl\/rmsuroriente\/wp-json\/wp\/v2\/categories?post=1154"},{"taxonomy":"post_tag","embeddable":true,"href":"https:\/\/explora.cl\/rmsuroriente\/wp-json\/wp\/v2\/tags?post=1154"}],"curies":[{"name":"wp","href":"https:\/\/api.w.org\/{rel}","templated":true}]}}