{"id":1146,"date":"2014-12-17T20:04:14","date_gmt":"2014-12-17T20:04:14","guid":{"rendered":"https:\/\/explora.cl\/rmsuroriente\/blog\/2014\/12\/17\/2-feria-tus-competencias-en-ciencias-organizada-por-el-par-explora-rm-zona-sur-oriente\/"},"modified":"2019-05-20T17:38:12","modified_gmt":"2019-05-20T17:38:12","slug":"2-feria-tus-competencias-en-ciencias-organizada-por-el-par-explora-rm-zona-sur-oriente","status":"publish","type":"post","link":"https:\/\/explora.cl\/rmsuroriente\/2-feria-tus-competencias-en-ciencias-organizada-por-el-par-explora-rm-zona-sur-oriente\/","title":{"rendered":"Se realiz\u00f3 la Segunda Feria Tus Competencias en Ciencias organizada por el PAR EXPLORA RM Zona Sur Oriente"},"content":{"rendered":"<p><img fetchpriority=\"high\" decoding=\"async\" class=\" size-full wp-image-8020\" src=\"http:\/\/ec2-34-218-253-251.us-west-2.compute.amazonaws.com\/wp-content\/uploads\/2014\/12\/99b0cbdd6200d076b65ad6976a0decc6.jpg\" alt=\"\" width=\"1013\" height=\"760\" \/><\/p>\n<p style=\"text-align: justify\">El mi\u00e9rcoles 3 de diciembre en el Museo Interactivo Mirador (MIM), Tus Competencias en Ciencias (TCC) realiz\u00f3 su Feria Cient\u00edfica, iniciativa que reuni\u00f3 a ni\u00f1os, ni\u00f1as y \u00a0docentes que mostraron a la comunidad las distintas actividades que desarrollaron durante este 2014.<\/p>\n<p style=\"text-align: justify\">\u201cLa verdad es que es la primera vez que participo de una muestra, me parece s\u00faper bien, significativo para los ni\u00f1os y es lamentable que s\u00f3lo algunos disfruten de la muestra, porque en realidad es una experiencia muy novedosa. Es gratificante, para uno, que los peque\u00f1os muestren lo que aprendieron durante el a\u00f1o\u201d, coment\u00f3 Ang\u00e9lica Cruz, profesora del Colegio Raimapu Tierra Florida.<\/p>\n<p style=\"text-align: justify\">Frutosos, Magnetizados, \u00bfSube o no Sube? y Rebote de Cambios, fueron algunas de las actividades correspondientes a las unidades de indagaci\u00f3n y experimentaci\u00f3n de la iniciativa TCC, que presentaron los escolares que participaron de la feria, todos ellos parte de los niveles de educaci\u00f3n, parvularia, b\u00e1sica y media.<\/p>\n<p style=\"text-align: justify\">\u201cMe parece un \u00e9xito que los docentes est\u00e9n aqu\u00ed comprometidos con el trabajo, los estudiantes, tambi\u00e9n sus pap\u00e1s que permiten que ellos est\u00e9n ac\u00e1 en este lugar. Obviamente, se da cuenta del trabajo que los profesores realizan y se cumple el objetivo, que ellos puedan desarrollar competencias y las puedan mostrar a la comunidad\u201d, coment\u00f3 Jorge Gonz\u00e1lez, Tutor\u00a0 de Tus Competencias en Ciencias del PAR EXPLORA RM Zona Sur Oriente.<\/p>\n<p style=\"text-align: justify\">Esta es una actividad organizada por el <strong>PAR EXPLORA RM Zona Sur Oriente<\/strong>, en la cual expusieron aproximadamente 40 establecimientos educacionales, con docentes que se integraron durante el 2014 a la iniciativa y tambi\u00e9n profesores de a\u00f1os anteriores que quisieron implementar nuevamente TCC.<\/p>\n<p style=\"text-align: justify\">\u00a0<\/p>\n<p style=\"text-align: justify\"><strong><span style=\"font-size: medium\">Revisa las fotograf\u00edas de esta actividad en nuestra <a href=\"https:\/\/www.facebook.com\/media\/set\/?set=a.810772888981542.1073741947.301210896604413&amp;type=3&amp;uploaded=102\" target=\"_blank\" rel=\"noopener noreferrer\">p\u00e1gina de Facebook!<\/a><\/span><\/strong><\/p>\n","protected":false},"excerpt":{"rendered":"<p>El mi\u00e9rcoles 3 de diciembre en el Museo Interactivo Mirador (MIM), Tus Competencias en Ciencias (TCC) realiz\u00f3 su Feria Cient\u00edfica, iniciativa que reuni\u00f3 a ni\u00f1os, ni\u00f1as y \u00a0docentes que mostraron a la comunidad las distintas actividades que desarrollaron durante este 2014. \u201cLa verdad es que es la primera vez que participo de una muestra, me [&hellip;]<\/p>\n","protected":false},"author":2,"featured_media":8020,"comment_status":"closed","ping_status":"open","sticky":false,"template":"","format":"standard","meta":{"_acf_changed":false,"_exactmetrics_skip_tracking":false,"_exactmetrics_sitenote_active":false,"_exactmetrics_sitenote_note":"","_exactmetrics_sitenote_category":0,"footnotes":"","_links_to":"","_links_to_target":""},"categories":[4],"tags":[158],"class_list":["post-1146","post","type-post","status-publish","format-standard","has-post-thumbnail","hentry","category-noticias","tag-tus-competencias-en-ciencias"],"acf":[],"yoast_head":"<!-- This site is optimized with the Yoast SEO plugin v26.9 - https:\/\/yoast.com\/product\/yoast-seo-wordpress\/ -->\n<title>Se realiz\u00f3 la Segunda Feria Tus Competencias en Ciencias organizada por el PAR EXPLORA RM Zona Sur Oriente - RM Sur Oriente<\/title>\n<meta name=\"robots\" content=\"index, follow, max-snippet:-1, max-image-preview:large, max-video-preview:-1\" \/>\n<link rel=\"canonical\" href=\"https:\/\/explora.cl\/rmsuroriente\/2-feria-tus-competencias-en-ciencias-organizada-por-el-par-explora-rm-zona-sur-oriente\/\" class=\"yoast-seo-meta-tag\" \/>\n<meta property=\"og:locale\" content=\"es_ES\" class=\"yoast-seo-meta-tag\" \/>\n<meta property=\"og:type\" content=\"article\" class=\"yoast-seo-meta-tag\" \/>\n<meta property=\"og:title\" content=\"Se realiz\u00f3 la Segunda Feria Tus Competencias en Ciencias organizada por el PAR EXPLORA RM Zona Sur Oriente - RM Sur Oriente\" class=\"yoast-seo-meta-tag\" \/>\n<meta property=\"og:description\" content=\"El mi\u00e9rcoles 3 de diciembre en el Museo Interactivo Mirador (MIM), Tus Competencias en Ciencias (TCC) realiz\u00f3 su Feria Cient\u00edfica, iniciativa que reuni\u00f3 a ni\u00f1os, ni\u00f1as y \u00a0docentes que mostraron a la comunidad las distintas actividades que desarrollaron durante este 2014. \u201cLa verdad es que es la primera vez que participo de una muestra, me [&hellip;]\" class=\"yoast-seo-meta-tag\" \/>\n<meta property=\"og:url\" content=\"https:\/\/explora.cl\/rmsuroriente\/2-feria-tus-competencias-en-ciencias-organizada-por-el-par-explora-rm-zona-sur-oriente\/\" class=\"yoast-seo-meta-tag\" \/>\n<meta property=\"og:site_name\" content=\"RM Sur Oriente\" class=\"yoast-seo-meta-tag\" \/>\n<meta property=\"article:published_time\" content=\"2014-12-17T20:04:14+00:00\" class=\"yoast-seo-meta-tag\" \/>\n<meta property=\"article:modified_time\" content=\"2019-05-20T17:38:12+00:00\" class=\"yoast-seo-meta-tag\" \/>\n<meta name=\"author\" content=\"webman\" class=\"yoast-seo-meta-tag\" \/>\n<meta name=\"twitter:card\" content=\"summary_large_image\" class=\"yoast-seo-meta-tag\" \/>\n<meta name=\"twitter:label1\" content=\"Escrito por\" class=\"yoast-seo-meta-tag\" \/>\n\t<meta name=\"twitter:data1\" content=\"webman\" class=\"yoast-seo-meta-tag\" \/>\n\t<meta name=\"twitter:label2\" content=\"Tiempo estimado de lectura\" class=\"yoast-seo-meta-tag\" \/>\n\t<meta name=\"twitter:data2\" content=\"1 minuto\" class=\"yoast-seo-meta-tag\" \/>\n<script type=\"application\/ld+json\" class=\"yoast-schema-graph\">{\"@context\":\"https:\/\/schema.org\",\"@graph\":[{\"@type\":\"Article\",\"@id\":\"https:\/\/explora.cl\/rmsuroriente\/2-feria-tus-competencias-en-ciencias-organizada-por-el-par-explora-rm-zona-sur-oriente\/#article\",\"isPartOf\":{\"@id\":\"https:\/\/explora.cl\/rmsuroriente\/2-feria-tus-competencias-en-ciencias-organizada-por-el-par-explora-rm-zona-sur-oriente\/\"},\"author\":{\"name\":\"webman\",\"@id\":\"https:\/\/explora.cl\/rmsuroriente\/#\/schema\/person\/cb8349c13ea2d324080adf8480d7ba5d\"},\"headline\":\"Se realiz\u00f3 la Segunda Feria Tus Competencias en Ciencias organizada por el PAR EXPLORA RM Zona Sur Oriente\",\"datePublished\":\"2014-12-17T20:04:14+00:00\",\"dateModified\":\"2019-05-20T17:38:12+00:00\",\"mainEntityOfPage\":{\"@id\":\"https:\/\/explora.cl\/rmsuroriente\/2-feria-tus-competencias-en-ciencias-organizada-por-el-par-explora-rm-zona-sur-oriente\/\"},\"wordCount\":312,\"publisher\":{\"@id\":\"https:\/\/explora.cl\/rmsuroriente\/#organization\"},\"image\":{\"@id\":\"https:\/\/explora.cl\/rmsuroriente\/2-feria-tus-competencias-en-ciencias-organizada-por-el-par-explora-rm-zona-sur-oriente\/#primaryimage\"},\"thumbnailUrl\":\"\",\"keywords\":[\"Tus Competencias en Ciencias\"],\"articleSection\":[\"Noticias\"],\"inLanguage\":\"es-CL\"},{\"@type\":\"WebPage\",\"@id\":\"https:\/\/explora.cl\/rmsuroriente\/2-feria-tus-competencias-en-ciencias-organizada-por-el-par-explora-rm-zona-sur-oriente\/\",\"url\":\"https:\/\/explora.cl\/rmsuroriente\/2-feria-tus-competencias-en-ciencias-organizada-por-el-par-explora-rm-zona-sur-oriente\/\",\"name\":\"Se realiz\u00f3 la Segunda Feria Tus Competencias en Ciencias organizada por el PAR EXPLORA RM Zona Sur Oriente - RM Sur Oriente\",\"isPartOf\":{\"@id\":\"https:\/\/explora.cl\/rmsuroriente\/#website\"},\"primaryImageOfPage\":{\"@id\":\"https:\/\/explora.cl\/rmsuroriente\/2-feria-tus-competencias-en-ciencias-organizada-por-el-par-explora-rm-zona-sur-oriente\/#primaryimage\"},\"image\":{\"@id\":\"https:\/\/explora.cl\/rmsuroriente\/2-feria-tus-competencias-en-ciencias-organizada-por-el-par-explora-rm-zona-sur-oriente\/#primaryimage\"},\"thumbnailUrl\":\"\",\"datePublished\":\"2014-12-17T20:04:14+00:00\",\"dateModified\":\"2019-05-20T17:38:12+00:00\",\"breadcrumb\":{\"@id\":\"https:\/\/explora.cl\/rmsuroriente\/2-feria-tus-competencias-en-ciencias-organizada-por-el-par-explora-rm-zona-sur-oriente\/#breadcrumb\"},\"inLanguage\":\"es-CL\",\"potentialAction\":[{\"@type\":\"ReadAction\",\"target\":[\"https:\/\/explora.cl\/rmsuroriente\/2-feria-tus-competencias-en-ciencias-organizada-por-el-par-explora-rm-zona-sur-oriente\/\"]}]},{\"@type\":\"ImageObject\",\"inLanguage\":\"es-CL\",\"@id\":\"https:\/\/explora.cl\/rmsuroriente\/2-feria-tus-competencias-en-ciencias-organizada-por-el-par-explora-rm-zona-sur-oriente\/#primaryimage\",\"url\":\"\",\"contentUrl\":\"\"},{\"@type\":\"BreadcrumbList\",\"@id\":\"https:\/\/explora.cl\/rmsuroriente\/2-feria-tus-competencias-en-ciencias-organizada-por-el-par-explora-rm-zona-sur-oriente\/#breadcrumb\",\"itemListElement\":[{\"@type\":\"ListItem\",\"position\":1,\"name\":\"Portada\",\"item\":\"https:\/\/explora.cl\/rmsuroriente\/\"},{\"@type\":\"ListItem\",\"position\":2,\"name\":\"Se realiz\u00f3 la Segunda Feria Tus Competencias en Ciencias organizada por el PAR EXPLORA RM Zona Sur Oriente\"}]},{\"@type\":\"WebSite\",\"@id\":\"https:\/\/explora.cl\/rmsuroriente\/#website\",\"url\":\"https:\/\/explora.cl\/rmsuroriente\/\",\"name\":\"RM Sur Oriente\",\"description\":\"Otro sitio m\u00e1s de explora.cl\",\"publisher\":{\"@id\":\"https:\/\/explora.cl\/rmsuroriente\/#organization\"},\"potentialAction\":[{\"@type\":\"SearchAction\",\"target\":{\"@type\":\"EntryPoint\",\"urlTemplate\":\"https:\/\/explora.cl\/rmsuroriente\/?s={search_term_string}\"},\"query-input\":{\"@type\":\"PropertyValueSpecification\",\"valueRequired\":true,\"valueName\":\"search_term_string\"}}],\"inLanguage\":\"es-CL\"},{\"@type\":\"Organization\",\"@id\":\"https:\/\/explora.cl\/rmsuroriente\/#organization\",\"name\":\"RM Sur Oriente\",\"url\":\"https:\/\/explora.cl\/rmsuroriente\/\",\"logo\":{\"@type\":\"ImageObject\",\"inLanguage\":\"es-CL\",\"@id\":\"https:\/\/explora.cl\/rmsuroriente\/#\/schema\/logo\/image\/\",\"url\":\"https:\/\/explora.cl\/rmsuroriente\/wp-content\/uploads\/sites\/12\/2025\/04\/cropped-LogoPAR_RMSO-Azul-UC.png\",\"contentUrl\":\"https:\/\/explora.cl\/rmsuroriente\/wp-content\/uploads\/sites\/12\/2025\/04\/cropped-LogoPAR_RMSO-Azul-UC.png\",\"width\":411,\"height\":409,\"caption\":\"RM Sur Oriente\"},\"image\":{\"@id\":\"https:\/\/explora.cl\/rmsuroriente\/#\/schema\/logo\/image\/\"}},{\"@type\":\"Person\",\"@id\":\"https:\/\/explora.cl\/rmsuroriente\/#\/schema\/person\/cb8349c13ea2d324080adf8480d7ba5d\",\"name\":\"webman\",\"image\":{\"@type\":\"ImageObject\",\"inLanguage\":\"es-CL\",\"@id\":\"https:\/\/explora.cl\/rmsuroriente\/#\/schema\/person\/image\/\",\"url\":\"https:\/\/secure.gravatar.com\/avatar\/eeff3c82f2c02f7177d13663b7e6f890e9a6a0647ce9bb29cae02dcb094c7312?s=96&d=mm&r=g\",\"contentUrl\":\"https:\/\/secure.gravatar.com\/avatar\/eeff3c82f2c02f7177d13663b7e6f890e9a6a0647ce9bb29cae02dcb094c7312?s=96&d=mm&r=g\",\"caption\":\"webman\"},\"url\":\"https:\/\/explora.cl\/rmsuroriente\/author\/webman\/\"}]}<\/script>\n<!-- \/ Yoast SEO plugin. -->","yoast_head_json":{"title":"Se realiz\u00f3 la Segunda Feria Tus Competencias en Ciencias organizada por el PAR EXPLORA RM Zona Sur Oriente - RM Sur Oriente","robots":{"index":"index","follow":"follow","max-snippet":"max-snippet:-1","max-image-preview":"max-image-preview:large","max-video-preview":"max-video-preview:-1"},"canonical":"https:\/\/explora.cl\/rmsuroriente\/2-feria-tus-competencias-en-ciencias-organizada-por-el-par-explora-rm-zona-sur-oriente\/","og_locale":"es_ES","og_type":"article","og_title":"Se realiz\u00f3 la Segunda Feria Tus Competencias en Ciencias organizada por el PAR EXPLORA RM Zona Sur Oriente - RM Sur Oriente","og_description":"El mi\u00e9rcoles 3 de diciembre en el Museo Interactivo Mirador (MIM), Tus Competencias en Ciencias (TCC) realiz\u00f3 su Feria Cient\u00edfica, iniciativa que reuni\u00f3 a ni\u00f1os, ni\u00f1as y \u00a0docentes que mostraron a la comunidad las distintas actividades que desarrollaron durante este 2014. \u201cLa verdad es que es la primera vez que participo de una muestra, me [&hellip;]","og_url":"https:\/\/explora.cl\/rmsuroriente\/2-feria-tus-competencias-en-ciencias-organizada-por-el-par-explora-rm-zona-sur-oriente\/","og_site_name":"RM Sur Oriente","article_published_time":"2014-12-17T20:04:14+00:00","article_modified_time":"2019-05-20T17:38:12+00:00","author":"webman","twitter_card":"summary_large_image","twitter_misc":{"Escrito por":"webman","Tiempo estimado de lectura":"1 minuto"},"schema":{"@context":"https:\/\/schema.org","@graph":[{"@type":"Article","@id":"https:\/\/explora.cl\/rmsuroriente\/2-feria-tus-competencias-en-ciencias-organizada-por-el-par-explora-rm-zona-sur-oriente\/#article","isPartOf":{"@id":"https:\/\/explora.cl\/rmsuroriente\/2-feria-tus-competencias-en-ciencias-organizada-por-el-par-explora-rm-zona-sur-oriente\/"},"author":{"name":"webman","@id":"https:\/\/explora.cl\/rmsuroriente\/#\/schema\/person\/cb8349c13ea2d324080adf8480d7ba5d"},"headline":"Se realiz\u00f3 la Segunda Feria Tus Competencias en Ciencias organizada por el PAR EXPLORA RM Zona Sur Oriente","datePublished":"2014-12-17T20:04:14+00:00","dateModified":"2019-05-20T17:38:12+00:00","mainEntityOfPage":{"@id":"https:\/\/explora.cl\/rmsuroriente\/2-feria-tus-competencias-en-ciencias-organizada-por-el-par-explora-rm-zona-sur-oriente\/"},"wordCount":312,"publisher":{"@id":"https:\/\/explora.cl\/rmsuroriente\/#organization"},"image":{"@id":"https:\/\/explora.cl\/rmsuroriente\/2-feria-tus-competencias-en-ciencias-organizada-por-el-par-explora-rm-zona-sur-oriente\/#primaryimage"},"thumbnailUrl":"","keywords":["Tus Competencias en Ciencias"],"articleSection":["Noticias"],"inLanguage":"es-CL"},{"@type":"WebPage","@id":"https:\/\/explora.cl\/rmsuroriente\/2-feria-tus-competencias-en-ciencias-organizada-por-el-par-explora-rm-zona-sur-oriente\/","url":"https:\/\/explora.cl\/rmsuroriente\/2-feria-tus-competencias-en-ciencias-organizada-por-el-par-explora-rm-zona-sur-oriente\/","name":"Se realiz\u00f3 la Segunda Feria Tus Competencias en Ciencias organizada por el PAR EXPLORA RM Zona Sur Oriente - RM Sur Oriente","isPartOf":{"@id":"https:\/\/explora.cl\/rmsuroriente\/#website"},"primaryImageOfPage":{"@id":"https:\/\/explora.cl\/rmsuroriente\/2-feria-tus-competencias-en-ciencias-organizada-por-el-par-explora-rm-zona-sur-oriente\/#primaryimage"},"image":{"@id":"https:\/\/explora.cl\/rmsuroriente\/2-feria-tus-competencias-en-ciencias-organizada-por-el-par-explora-rm-zona-sur-oriente\/#primaryimage"},"thumbnailUrl":"","datePublished":"2014-12-17T20:04:14+00:00","dateModified":"2019-05-20T17:38:12+00:00","breadcrumb":{"@id":"https:\/\/explora.cl\/rmsuroriente\/2-feria-tus-competencias-en-ciencias-organizada-por-el-par-explora-rm-zona-sur-oriente\/#breadcrumb"},"inLanguage":"es-CL","potentialAction":[{"@type":"ReadAction","target":["https:\/\/explora.cl\/rmsuroriente\/2-feria-tus-competencias-en-ciencias-organizada-por-el-par-explora-rm-zona-sur-oriente\/"]}]},{"@type":"ImageObject","inLanguage":"es-CL","@id":"https:\/\/explora.cl\/rmsuroriente\/2-feria-tus-competencias-en-ciencias-organizada-por-el-par-explora-rm-zona-sur-oriente\/#primaryimage","url":"","contentUrl":""},{"@type":"BreadcrumbList","@id":"https:\/\/explora.cl\/rmsuroriente\/2-feria-tus-competencias-en-ciencias-organizada-por-el-par-explora-rm-zona-sur-oriente\/#breadcrumb","itemListElement":[{"@type":"ListItem","position":1,"name":"Portada","item":"https:\/\/explora.cl\/rmsuroriente\/"},{"@type":"ListItem","position":2,"name":"Se realiz\u00f3 la Segunda Feria Tus Competencias en Ciencias organizada por el PAR EXPLORA RM Zona Sur Oriente"}]},{"@type":"WebSite","@id":"https:\/\/explora.cl\/rmsuroriente\/#website","url":"https:\/\/explora.cl\/rmsuroriente\/","name":"RM Sur Oriente","description":"Otro sitio m\u00e1s de explora.cl","publisher":{"@id":"https:\/\/explora.cl\/rmsuroriente\/#organization"},"potentialAction":[{"@type":"SearchAction","target":{"@type":"EntryPoint","urlTemplate":"https:\/\/explora.cl\/rmsuroriente\/?s={search_term_string}"},"query-input":{"@type":"PropertyValueSpecification","valueRequired":true,"valueName":"search_term_string"}}],"inLanguage":"es-CL"},{"@type":"Organization","@id":"https:\/\/explora.cl\/rmsuroriente\/#organization","name":"RM Sur Oriente","url":"https:\/\/explora.cl\/rmsuroriente\/","logo":{"@type":"ImageObject","inLanguage":"es-CL","@id":"https:\/\/explora.cl\/rmsuroriente\/#\/schema\/logo\/image\/","url":"https:\/\/explora.cl\/rmsuroriente\/wp-content\/uploads\/sites\/12\/2025\/04\/cropped-LogoPAR_RMSO-Azul-UC.png","contentUrl":"https:\/\/explora.cl\/rmsuroriente\/wp-content\/uploads\/sites\/12\/2025\/04\/cropped-LogoPAR_RMSO-Azul-UC.png","width":411,"height":409,"caption":"RM Sur Oriente"},"image":{"@id":"https:\/\/explora.cl\/rmsuroriente\/#\/schema\/logo\/image\/"}},{"@type":"Person","@id":"https:\/\/explora.cl\/rmsuroriente\/#\/schema\/person\/cb8349c13ea2d324080adf8480d7ba5d","name":"webman","image":{"@type":"ImageObject","inLanguage":"es-CL","@id":"https:\/\/explora.cl\/rmsuroriente\/#\/schema\/person\/image\/","url":"https:\/\/secure.gravatar.com\/avatar\/eeff3c82f2c02f7177d13663b7e6f890e9a6a0647ce9bb29cae02dcb094c7312?s=96&d=mm&r=g","contentUrl":"https:\/\/secure.gravatar.com\/avatar\/eeff3c82f2c02f7177d13663b7e6f890e9a6a0647ce9bb29cae02dcb094c7312?s=96&d=mm&r=g","caption":"webman"},"url":"https:\/\/explora.cl\/rmsuroriente\/author\/webman\/"}]}},"_links":{"self":[{"href":"https:\/\/explora.cl\/rmsuroriente\/wp-json\/wp\/v2\/posts\/1146","targetHints":{"allow":["GET"]}}],"collection":[{"href":"https:\/\/explora.cl\/rmsuroriente\/wp-json\/wp\/v2\/posts"}],"about":[{"href":"https:\/\/explora.cl\/rmsuroriente\/wp-json\/wp\/v2\/types\/post"}],"author":[{"embeddable":true,"href":"https:\/\/explora.cl\/rmsuroriente\/wp-json\/wp\/v2\/users\/2"}],"replies":[{"embeddable":true,"href":"https:\/\/explora.cl\/rmsuroriente\/wp-json\/wp\/v2\/comments?post=1146"}],"version-history":[{"count":1,"href":"https:\/\/explora.cl\/rmsuroriente\/wp-json\/wp\/v2\/posts\/1146\/revisions"}],"predecessor-version":[{"id":38163,"href":"https:\/\/explora.cl\/rmsuroriente\/wp-json\/wp\/v2\/posts\/1146\/revisions\/38163"}],"wp:featuredmedia":[{"embeddable":true,"href":"https:\/\/explora.cl\/rmsuroriente\/wp-json\/"}],"wp:attachment":[{"href":"https:\/\/explora.cl\/rmsuroriente\/wp-json\/wp\/v2\/media?parent=1146"}],"wp:term":[{"taxonomy":"category","embeddable":true,"href":"https:\/\/explora.cl\/rmsuroriente\/wp-json\/wp\/v2\/categories?post=1146"},{"taxonomy":"post_tag","embeddable":true,"href":"https:\/\/explora.cl\/rmsuroriente\/wp-json\/wp\/v2\/tags?post=1146"}],"curies":[{"name":"wp","href":"https:\/\/api.w.org\/{rel}","templated":true}]}}