{"id":1122,"date":"2015-01-01T03:00:00","date_gmt":"2015-01-01T03:00:00","guid":{"rendered":"https:\/\/explora.cl\/rmsuroriente\/blog\/2015\/01\/01\/fiesta-de-la-ciencia-y-la-tecnologia\/"},"modified":"2019-05-20T17:38:09","modified_gmt":"2019-05-20T17:38:09","slug":"fiesta-de-la-ciencia-y-la-tecnologia","status":"publish","type":"post","link":"https:\/\/explora.cl\/rmsuroriente\/fiesta-de-la-ciencia-y-la-tecnologia\/","title":{"rendered":"Fiesta de la Ciencia y la Tecnolog\u00eda"},"content":{"rendered":"<p><img fetchpriority=\"high\" decoding=\"async\" class=\" size-full wp-image-11126\" src=\"http:\/\/ec2-34-218-253-251.us-west-2.compute.amazonaws.com\/wp-content\/uploads\/2015\/01\/194a14e6fd831ef77e5951c5830bb5f3.jpg\" alt=\"\" width=\"992\" height=\"1361\" \/><\/p>\n<p style=\"text-align: justify\">&nbsp;<\/p>\n<p style=\"text-align: justify\">El Programa EXPLORA CONICYT celebra la Semana Nacional de la Ciencia y la Tecnolog\u00eda (SNCyT) con actividades simult\u00e1neas en todas las regiones del pa\u00eds, y que en la Regi\u00f3n Metropolitana culmina con la realizaci\u00f3n de una gran Fiesta en torno al tema del a\u00f1o, el cual marca los lineamientos generales del trabajo realizado durante el a\u00f1o, permitiendo organizar y seleccionar los contenidos y productos de divulgaci\u00f3n.<\/p>\n<p style=\"text-align: justify\">La actividad, se comenz\u00f3 a desarrollar el a\u00f1o 2007 gracias al trabajo colaborativo de la Coordinaci\u00f3n Regional EXPLORA CONICYT Regi\u00f3n Metropolitana con diversos actores e instituciones educativas, culturales y cient\u00edficas tanto p\u00fablicas como privadas de la regi\u00f3n.<\/p>\n<p style=\"text-align: justify\">En la actualidad, este evento es ejecutado por el <span style=\"color: #164aa0\"><strong>Proyecto Asociativo Regional Regi\u00f3n Metropolitana zona Sur Oriente<\/strong><\/span> con el apoyo de la <strong><span style=\"color: #164aa0\">Ilustre Municipalidad de Santiago<\/span><\/strong>, quien facilita el uso del Parque Quinta Normal para la instalaci\u00f3n carpas, stands y espacios para charlas, cine y talleres orientados a estudiantes, docentes y p\u00fablico general. Tambi\u00e9n cuenta con el apoyo del <strong><span style=\"color: #164aa0\">Museo Nacional de Historia Natural<\/span><\/strong>, quien realiza de forma simult\u00e1nea su Feria Nacional Cient\u00edfica Juvenil y facilita los espacios necesarios para el desarrollo de esta actividad.<\/p>\n<p style=\"text-align: justify\">Desde el a\u00f1o 2012, el Proyecto Asociativo Regional RM zona sur oriente, cuenta el apoyo financiero del Programa EXPLORA CONICYT y de los Proyectos Asociativos Regionales RM Norte y RM Sur Oriente.<\/p>\n<p style=\"text-align: justify\">La \u00faltima versi\u00f3n de la Fiesta de la Ciencia y la Tecnolog\u00eda, reuni\u00f3 a 51 instituciones, tanto p\u00fablicas como privadas, ligadas al quehacer cient\u00edfico, tecnol\u00f3gico y educativo del pa\u00eds. En ella, por primera vez, participaron estudiantes de Doctorado becados por CONICYT, quienes con stands demostrativos e interactivos, lograron captar el inter\u00e9s de los visitantes.<\/p>\n<p style=\"text-align: justify\">Entre las instituciones emblem\u00e1ticas que participan de esta actividad, contamos con el incondicional apoyo del Instituto Sistemas Complejos de Ingenier\u00eda, la Facultad de F\u00edsica de la Pontificia Universidad Cat\u00f3lica de Chile, la Facultad de Ciencias Veterinarias y Pecuarias de la Universidad de Chile, el Instituto de Ecolog\u00eda y Biodiversidad (IEB), Escuela de Verano Universidad de Chile, Universidad de las Am\u00e9ricas, Facultad de Qu\u00edmica Pontificia Universidad Cat\u00f3lica de Chile, Museo Artequ\u00edn, Facultad de Ciencias Universidad Central, Museo Aeron\u00e1utico, Salas del Cobre, Museo Interactivo Mirador, C\u00e1bala Producciones, Facultad de Ciencias Universidad Santo Tom\u00e1s, Museo Ferroviario, Museo de Ciencia y Tecnolog\u00eda, Buin Zoo, Facultad de Ciencias Agron\u00f3micas Universidad de Chile, Astroman\u00eda, Observatorio ALMA y Observatorio Europeo Austral (ESO).<\/p>\n<p style=\"text-align: justify\"><strong style=\"margin: 0px;padding: 0px;border: 0px;color: #666666;font-family: 'Trebuchet MS', helvetica, arial, sans-serif;font-size: 15px;line-height: 21px;text-align: justify\">Participa e inscribe a tu curso en el siguiente<a href=\"http:\/\/goo.gl\/forms\/1qS6CeRHQ1\" target=\"_blank\" style=\"margin: 0px;padding: 0px;border: 0px;cursor: pointer\" rel=\"noopener noreferrer\">&nbsp;<span style=\"margin: 0px;padding: 0px;border: 0px;font-size: 14pt;color: #164aa0\"><span style=\"margin: 0px;padding: 0px;border: 0px\">formulario<\/span><\/span><\/a><\/strong><\/p>\n<p style=\"text-align: justify\"><span style=\"color: #164aa0\"><strong><strong style=\"margin: 0px;padding: 0px;border: 0px;font-family: 'Trebuchet MS', helvetica, arial, sans-serif;font-size: 15px;line-height: 21px;text-align: justify;color: #164aa0\"><span style=\"margin: 0px;padding: 0px;border: 0px;line-height: 1.3em\">Revisa el video promocional de la IX Fiesta de la Ciencia y la Tecnolog\u00eda 2015<\/span><\/strong><\/strong><\/span><\/p>\n<p style=\"text-align: center\"><span style=\"color: #000000\">{videobox}https:\/\/www.youtube.com\/watch?v=mNGZIkSLNwA{\/videobox}&nbsp;<\/span><\/p>\n<p><span style=\"line-height: 1.3em\">&nbsp;<\/span><\/p>\n","protected":false},"excerpt":{"rendered":"<p>&nbsp; El Programa EXPLORA CONICYT celebra la Semana Nacional de la Ciencia y la Tecnolog\u00eda (SNCyT) con actividades simult\u00e1neas en todas las regiones del pa\u00eds, y que en la Regi\u00f3n Metropolitana culmina con la realizaci\u00f3n de una gran Fiesta en torno al tema del a\u00f1o, el cual marca los lineamientos generales del trabajo realizado durante [&hellip;]<\/p>\n","protected":false},"author":2,"featured_media":11126,"comment_status":"closed","ping_status":"open","sticky":false,"template":"","format":"standard","meta":{"_acf_changed":false,"_exactmetrics_skip_tracking":false,"_exactmetrics_sitenote_active":false,"_exactmetrics_sitenote_note":"","_exactmetrics_sitenote_category":0,"footnotes":"","_links_to":"","_links_to_target":""},"categories":[4],"tags":[],"class_list":["post-1122","post","type-post","status-publish","format-standard","has-post-thumbnail","hentry","category-noticias"],"acf":[],"yoast_head":"<!-- This site is optimized with the Yoast SEO plugin v26.9 - https:\/\/yoast.com\/product\/yoast-seo-wordpress\/ -->\n<title>Fiesta de la Ciencia y la Tecnolog\u00eda - RM Sur Oriente<\/title>\n<meta name=\"robots\" content=\"index, follow, max-snippet:-1, max-image-preview:large, max-video-preview:-1\" \/>\n<link rel=\"canonical\" href=\"https:\/\/explora.cl\/rmsuroriente\/fiesta-de-la-ciencia-y-la-tecnologia\/\" class=\"yoast-seo-meta-tag\" \/>\n<meta property=\"og:locale\" content=\"es_ES\" class=\"yoast-seo-meta-tag\" \/>\n<meta property=\"og:type\" content=\"article\" class=\"yoast-seo-meta-tag\" \/>\n<meta property=\"og:title\" content=\"Fiesta de la Ciencia y la Tecnolog\u00eda - RM Sur Oriente\" class=\"yoast-seo-meta-tag\" \/>\n<meta property=\"og:description\" content=\"&nbsp; El Programa EXPLORA CONICYT celebra la Semana Nacional de la Ciencia y la Tecnolog\u00eda (SNCyT) con actividades simult\u00e1neas en todas las regiones del pa\u00eds, y que en la Regi\u00f3n Metropolitana culmina con la realizaci\u00f3n de una gran Fiesta en torno al tema del a\u00f1o, el cual marca los lineamientos generales del trabajo realizado durante [&hellip;]\" class=\"yoast-seo-meta-tag\" \/>\n<meta property=\"og:url\" content=\"https:\/\/explora.cl\/rmsuroriente\/fiesta-de-la-ciencia-y-la-tecnologia\/\" class=\"yoast-seo-meta-tag\" \/>\n<meta property=\"og:site_name\" content=\"RM Sur Oriente\" class=\"yoast-seo-meta-tag\" \/>\n<meta property=\"article:published_time\" content=\"2015-01-01T03:00:00+00:00\" class=\"yoast-seo-meta-tag\" \/>\n<meta property=\"article:modified_time\" content=\"2019-05-20T17:38:09+00:00\" class=\"yoast-seo-meta-tag\" \/>\n<meta name=\"author\" content=\"webman\" class=\"yoast-seo-meta-tag\" \/>\n<meta name=\"twitter:card\" content=\"summary_large_image\" class=\"yoast-seo-meta-tag\" \/>\n<meta name=\"twitter:label1\" content=\"Escrito por\" class=\"yoast-seo-meta-tag\" \/>\n\t<meta name=\"twitter:data1\" content=\"webman\" class=\"yoast-seo-meta-tag\" \/>\n\t<meta name=\"twitter:label2\" content=\"Tiempo estimado de lectura\" class=\"yoast-seo-meta-tag\" \/>\n\t<meta name=\"twitter:data2\" content=\"2 minutos\" class=\"yoast-seo-meta-tag\" \/>\n<script type=\"application\/ld+json\" class=\"yoast-schema-graph\">{\"@context\":\"https:\/\/schema.org\",\"@graph\":[{\"@type\":\"Article\",\"@id\":\"https:\/\/explora.cl\/rmsuroriente\/fiesta-de-la-ciencia-y-la-tecnologia\/#article\",\"isPartOf\":{\"@id\":\"https:\/\/explora.cl\/rmsuroriente\/fiesta-de-la-ciencia-y-la-tecnologia\/\"},\"author\":{\"name\":\"webman\",\"@id\":\"https:\/\/explora.cl\/rmsuroriente\/#\/schema\/person\/cb8349c13ea2d324080adf8480d7ba5d\"},\"headline\":\"Fiesta de la Ciencia y la Tecnolog\u00eda\",\"datePublished\":\"2015-01-01T03:00:00+00:00\",\"dateModified\":\"2019-05-20T17:38:09+00:00\",\"mainEntityOfPage\":{\"@id\":\"https:\/\/explora.cl\/rmsuroriente\/fiesta-de-la-ciencia-y-la-tecnologia\/\"},\"wordCount\":475,\"publisher\":{\"@id\":\"https:\/\/explora.cl\/rmsuroriente\/#organization\"},\"image\":{\"@id\":\"https:\/\/explora.cl\/rmsuroriente\/fiesta-de-la-ciencia-y-la-tecnologia\/#primaryimage\"},\"thumbnailUrl\":\"\",\"articleSection\":[\"Noticias\"],\"inLanguage\":\"es-CL\"},{\"@type\":\"WebPage\",\"@id\":\"https:\/\/explora.cl\/rmsuroriente\/fiesta-de-la-ciencia-y-la-tecnologia\/\",\"url\":\"https:\/\/explora.cl\/rmsuroriente\/fiesta-de-la-ciencia-y-la-tecnologia\/\",\"name\":\"Fiesta de la Ciencia y la Tecnolog\u00eda - RM Sur Oriente\",\"isPartOf\":{\"@id\":\"https:\/\/explora.cl\/rmsuroriente\/#website\"},\"primaryImageOfPage\":{\"@id\":\"https:\/\/explora.cl\/rmsuroriente\/fiesta-de-la-ciencia-y-la-tecnologia\/#primaryimage\"},\"image\":{\"@id\":\"https:\/\/explora.cl\/rmsuroriente\/fiesta-de-la-ciencia-y-la-tecnologia\/#primaryimage\"},\"thumbnailUrl\":\"\",\"datePublished\":\"2015-01-01T03:00:00+00:00\",\"dateModified\":\"2019-05-20T17:38:09+00:00\",\"breadcrumb\":{\"@id\":\"https:\/\/explora.cl\/rmsuroriente\/fiesta-de-la-ciencia-y-la-tecnologia\/#breadcrumb\"},\"inLanguage\":\"es-CL\",\"potentialAction\":[{\"@type\":\"ReadAction\",\"target\":[\"https:\/\/explora.cl\/rmsuroriente\/fiesta-de-la-ciencia-y-la-tecnologia\/\"]}]},{\"@type\":\"ImageObject\",\"inLanguage\":\"es-CL\",\"@id\":\"https:\/\/explora.cl\/rmsuroriente\/fiesta-de-la-ciencia-y-la-tecnologia\/#primaryimage\",\"url\":\"\",\"contentUrl\":\"\"},{\"@type\":\"BreadcrumbList\",\"@id\":\"https:\/\/explora.cl\/rmsuroriente\/fiesta-de-la-ciencia-y-la-tecnologia\/#breadcrumb\",\"itemListElement\":[{\"@type\":\"ListItem\",\"position\":1,\"name\":\"Portada\",\"item\":\"https:\/\/explora.cl\/rmsuroriente\/\"},{\"@type\":\"ListItem\",\"position\":2,\"name\":\"Fiesta de la Ciencia y la Tecnolog\u00eda\"}]},{\"@type\":\"WebSite\",\"@id\":\"https:\/\/explora.cl\/rmsuroriente\/#website\",\"url\":\"https:\/\/explora.cl\/rmsuroriente\/\",\"name\":\"RM Sur Oriente\",\"description\":\"Otro sitio m\u00e1s de explora.cl\",\"publisher\":{\"@id\":\"https:\/\/explora.cl\/rmsuroriente\/#organization\"},\"potentialAction\":[{\"@type\":\"SearchAction\",\"target\":{\"@type\":\"EntryPoint\",\"urlTemplate\":\"https:\/\/explora.cl\/rmsuroriente\/?s={search_term_string}\"},\"query-input\":{\"@type\":\"PropertyValueSpecification\",\"valueRequired\":true,\"valueName\":\"search_term_string\"}}],\"inLanguage\":\"es-CL\"},{\"@type\":\"Organization\",\"@id\":\"https:\/\/explora.cl\/rmsuroriente\/#organization\",\"name\":\"RM Sur Oriente\",\"url\":\"https:\/\/explora.cl\/rmsuroriente\/\",\"logo\":{\"@type\":\"ImageObject\",\"inLanguage\":\"es-CL\",\"@id\":\"https:\/\/explora.cl\/rmsuroriente\/#\/schema\/logo\/image\/\",\"url\":\"https:\/\/explora.cl\/rmsuroriente\/wp-content\/uploads\/sites\/12\/2025\/04\/cropped-LogoPAR_RMSO-Azul-UC.png\",\"contentUrl\":\"https:\/\/explora.cl\/rmsuroriente\/wp-content\/uploads\/sites\/12\/2025\/04\/cropped-LogoPAR_RMSO-Azul-UC.png\",\"width\":411,\"height\":409,\"caption\":\"RM Sur Oriente\"},\"image\":{\"@id\":\"https:\/\/explora.cl\/rmsuroriente\/#\/schema\/logo\/image\/\"}},{\"@type\":\"Person\",\"@id\":\"https:\/\/explora.cl\/rmsuroriente\/#\/schema\/person\/cb8349c13ea2d324080adf8480d7ba5d\",\"name\":\"webman\",\"image\":{\"@type\":\"ImageObject\",\"inLanguage\":\"es-CL\",\"@id\":\"https:\/\/explora.cl\/rmsuroriente\/#\/schema\/person\/image\/\",\"url\":\"https:\/\/secure.gravatar.com\/avatar\/eeff3c82f2c02f7177d13663b7e6f890e9a6a0647ce9bb29cae02dcb094c7312?s=96&d=mm&r=g\",\"contentUrl\":\"https:\/\/secure.gravatar.com\/avatar\/eeff3c82f2c02f7177d13663b7e6f890e9a6a0647ce9bb29cae02dcb094c7312?s=96&d=mm&r=g\",\"caption\":\"webman\"},\"url\":\"https:\/\/explora.cl\/rmsuroriente\/author\/webman\/\"}]}<\/script>\n<!-- \/ Yoast SEO plugin. -->","yoast_head_json":{"title":"Fiesta de la Ciencia y la Tecnolog\u00eda - RM Sur Oriente","robots":{"index":"index","follow":"follow","max-snippet":"max-snippet:-1","max-image-preview":"max-image-preview:large","max-video-preview":"max-video-preview:-1"},"canonical":"https:\/\/explora.cl\/rmsuroriente\/fiesta-de-la-ciencia-y-la-tecnologia\/","og_locale":"es_ES","og_type":"article","og_title":"Fiesta de la Ciencia y la Tecnolog\u00eda - RM Sur Oriente","og_description":"&nbsp; El Programa EXPLORA CONICYT celebra la Semana Nacional de la Ciencia y la Tecnolog\u00eda (SNCyT) con actividades simult\u00e1neas en todas las regiones del pa\u00eds, y que en la Regi\u00f3n Metropolitana culmina con la realizaci\u00f3n de una gran Fiesta en torno al tema del a\u00f1o, el cual marca los lineamientos generales del trabajo realizado durante [&hellip;]","og_url":"https:\/\/explora.cl\/rmsuroriente\/fiesta-de-la-ciencia-y-la-tecnologia\/","og_site_name":"RM Sur Oriente","article_published_time":"2015-01-01T03:00:00+00:00","article_modified_time":"2019-05-20T17:38:09+00:00","author":"webman","twitter_card":"summary_large_image","twitter_misc":{"Escrito por":"webman","Tiempo estimado de lectura":"2 minutos"},"schema":{"@context":"https:\/\/schema.org","@graph":[{"@type":"Article","@id":"https:\/\/explora.cl\/rmsuroriente\/fiesta-de-la-ciencia-y-la-tecnologia\/#article","isPartOf":{"@id":"https:\/\/explora.cl\/rmsuroriente\/fiesta-de-la-ciencia-y-la-tecnologia\/"},"author":{"name":"webman","@id":"https:\/\/explora.cl\/rmsuroriente\/#\/schema\/person\/cb8349c13ea2d324080adf8480d7ba5d"},"headline":"Fiesta de la Ciencia y la Tecnolog\u00eda","datePublished":"2015-01-01T03:00:00+00:00","dateModified":"2019-05-20T17:38:09+00:00","mainEntityOfPage":{"@id":"https:\/\/explora.cl\/rmsuroriente\/fiesta-de-la-ciencia-y-la-tecnologia\/"},"wordCount":475,"publisher":{"@id":"https:\/\/explora.cl\/rmsuroriente\/#organization"},"image":{"@id":"https:\/\/explora.cl\/rmsuroriente\/fiesta-de-la-ciencia-y-la-tecnologia\/#primaryimage"},"thumbnailUrl":"","articleSection":["Noticias"],"inLanguage":"es-CL"},{"@type":"WebPage","@id":"https:\/\/explora.cl\/rmsuroriente\/fiesta-de-la-ciencia-y-la-tecnologia\/","url":"https:\/\/explora.cl\/rmsuroriente\/fiesta-de-la-ciencia-y-la-tecnologia\/","name":"Fiesta de la Ciencia y la Tecnolog\u00eda - RM Sur Oriente","isPartOf":{"@id":"https:\/\/explora.cl\/rmsuroriente\/#website"},"primaryImageOfPage":{"@id":"https:\/\/explora.cl\/rmsuroriente\/fiesta-de-la-ciencia-y-la-tecnologia\/#primaryimage"},"image":{"@id":"https:\/\/explora.cl\/rmsuroriente\/fiesta-de-la-ciencia-y-la-tecnologia\/#primaryimage"},"thumbnailUrl":"","datePublished":"2015-01-01T03:00:00+00:00","dateModified":"2019-05-20T17:38:09+00:00","breadcrumb":{"@id":"https:\/\/explora.cl\/rmsuroriente\/fiesta-de-la-ciencia-y-la-tecnologia\/#breadcrumb"},"inLanguage":"es-CL","potentialAction":[{"@type":"ReadAction","target":["https:\/\/explora.cl\/rmsuroriente\/fiesta-de-la-ciencia-y-la-tecnologia\/"]}]},{"@type":"ImageObject","inLanguage":"es-CL","@id":"https:\/\/explora.cl\/rmsuroriente\/fiesta-de-la-ciencia-y-la-tecnologia\/#primaryimage","url":"","contentUrl":""},{"@type":"BreadcrumbList","@id":"https:\/\/explora.cl\/rmsuroriente\/fiesta-de-la-ciencia-y-la-tecnologia\/#breadcrumb","itemListElement":[{"@type":"ListItem","position":1,"name":"Portada","item":"https:\/\/explora.cl\/rmsuroriente\/"},{"@type":"ListItem","position":2,"name":"Fiesta de la Ciencia y la Tecnolog\u00eda"}]},{"@type":"WebSite","@id":"https:\/\/explora.cl\/rmsuroriente\/#website","url":"https:\/\/explora.cl\/rmsuroriente\/","name":"RM Sur Oriente","description":"Otro sitio m\u00e1s de explora.cl","publisher":{"@id":"https:\/\/explora.cl\/rmsuroriente\/#organization"},"potentialAction":[{"@type":"SearchAction","target":{"@type":"EntryPoint","urlTemplate":"https:\/\/explora.cl\/rmsuroriente\/?s={search_term_string}"},"query-input":{"@type":"PropertyValueSpecification","valueRequired":true,"valueName":"search_term_string"}}],"inLanguage":"es-CL"},{"@type":"Organization","@id":"https:\/\/explora.cl\/rmsuroriente\/#organization","name":"RM Sur Oriente","url":"https:\/\/explora.cl\/rmsuroriente\/","logo":{"@type":"ImageObject","inLanguage":"es-CL","@id":"https:\/\/explora.cl\/rmsuroriente\/#\/schema\/logo\/image\/","url":"https:\/\/explora.cl\/rmsuroriente\/wp-content\/uploads\/sites\/12\/2025\/04\/cropped-LogoPAR_RMSO-Azul-UC.png","contentUrl":"https:\/\/explora.cl\/rmsuroriente\/wp-content\/uploads\/sites\/12\/2025\/04\/cropped-LogoPAR_RMSO-Azul-UC.png","width":411,"height":409,"caption":"RM Sur Oriente"},"image":{"@id":"https:\/\/explora.cl\/rmsuroriente\/#\/schema\/logo\/image\/"}},{"@type":"Person","@id":"https:\/\/explora.cl\/rmsuroriente\/#\/schema\/person\/cb8349c13ea2d324080adf8480d7ba5d","name":"webman","image":{"@type":"ImageObject","inLanguage":"es-CL","@id":"https:\/\/explora.cl\/rmsuroriente\/#\/schema\/person\/image\/","url":"https:\/\/secure.gravatar.com\/avatar\/eeff3c82f2c02f7177d13663b7e6f890e9a6a0647ce9bb29cae02dcb094c7312?s=96&d=mm&r=g","contentUrl":"https:\/\/secure.gravatar.com\/avatar\/eeff3c82f2c02f7177d13663b7e6f890e9a6a0647ce9bb29cae02dcb094c7312?s=96&d=mm&r=g","caption":"webman"},"url":"https:\/\/explora.cl\/rmsuroriente\/author\/webman\/"}]}},"_links":{"self":[{"href":"https:\/\/explora.cl\/rmsuroriente\/wp-json\/wp\/v2\/posts\/1122","targetHints":{"allow":["GET"]}}],"collection":[{"href":"https:\/\/explora.cl\/rmsuroriente\/wp-json\/wp\/v2\/posts"}],"about":[{"href":"https:\/\/explora.cl\/rmsuroriente\/wp-json\/wp\/v2\/types\/post"}],"author":[{"embeddable":true,"href":"https:\/\/explora.cl\/rmsuroriente\/wp-json\/wp\/v2\/users\/2"}],"replies":[{"embeddable":true,"href":"https:\/\/explora.cl\/rmsuroriente\/wp-json\/wp\/v2\/comments?post=1122"}],"version-history":[{"count":1,"href":"https:\/\/explora.cl\/rmsuroriente\/wp-json\/wp\/v2\/posts\/1122\/revisions"}],"predecessor-version":[{"id":38154,"href":"https:\/\/explora.cl\/rmsuroriente\/wp-json\/wp\/v2\/posts\/1122\/revisions\/38154"}],"wp:featuredmedia":[{"embeddable":true,"href":"https:\/\/explora.cl\/rmsuroriente\/wp-json\/"}],"wp:attachment":[{"href":"https:\/\/explora.cl\/rmsuroriente\/wp-json\/wp\/v2\/media?parent=1122"}],"wp:term":[{"taxonomy":"category","embeddable":true,"href":"https:\/\/explora.cl\/rmsuroriente\/wp-json\/wp\/v2\/categories?post=1122"},{"taxonomy":"post_tag","embeddable":true,"href":"https:\/\/explora.cl\/rmsuroriente\/wp-json\/wp\/v2\/tags?post=1122"}],"curies":[{"name":"wp","href":"https:\/\/api.w.org\/{rel}","templated":true}]}}