{"id":1112,"date":"2015-01-01T03:00:00","date_gmt":"2015-01-01T03:00:00","guid":{"rendered":"https:\/\/explora.cl\/rmsuroriente\/blog\/2015\/01\/01\/realiza-una-feria-cientifica-con-nosotros\/"},"modified":"2019-05-20T17:38:07","modified_gmt":"2019-05-20T17:38:07","slug":"realiza-una-feria-cientifica-con-nosotros","status":"publish","type":"post","link":"https:\/\/explora.cl\/rmsuroriente\/realiza-una-feria-cientifica-con-nosotros\/","title":{"rendered":"Realiza una Feria Cient\u00edfica con nosotros!"},"content":{"rendered":"<p><img fetchpriority=\"high\" decoding=\"async\" class=\" size-full wp-image-10970\" src=\"http:\/\/ec2-34-218-253-251.us-west-2.compute.amazonaws.com\/wp-content\/uploads\/2015\/01\/d9726d6818bd7830b95329da84c01921.jpg\" alt=\"\" width=\"1250\" height=\"896\" \/><\/p>\n<p style=\"text-align: justify\">Las Ferias Cient\u00edficas son encuentros de estudiantes, organizados por Colegios, Instituciones o Municipios, donde alumnos y alumnas exponen sus trabajos de ciencia y\/o tecnolog\u00eda a compa\u00f1eros, profesores y p\u00fablico general, dando a conocer sus resultados y experiencias del proceso de investigaci\u00f3n. Estas instancias educativas promueven la sana competencia, la retroalimentaci\u00f3n y el intercambio de experiencias en el \u00e1mbito de la investigaci\u00f3n cient\u00edfica y tecnol\u00f3gica.<\/p>\n<p style=\"text-align: justify\">En este contexto, y con el objetivo de contribuir a la alfabetizaci\u00f3n cient\u00edfica de los estudiantes, el Proyecto Asociativo regional EXPLORA RM Zona Sur Oriente apoya y acompa\u00f1a el desarrollo de Ferias Cient\u00edficas entregando a los establecimientos educacionales o instituciones organizadoras las herramientas necesarias para que estos encuentros se conviertan en verdaderas celebraciones.<\/p>\n<p style=\"text-align: justify\"><strong><br \/><\/strong><img decoding=\"async\" src=\"images\/IMAGENES-SUR_ORIENTE\/Img-notas\/blanco.jpg\" border=\"0\" width=\"352\" height=\"160\" style=\"border: 10px solid white;float: right\" \/>Asimismo, la experiencia adquirida en cada encuentro ha permitido a\u00a0muchos establecimientos perfeccionar sus proyectos asegurando as\u00ed su participaci\u00f3n en el Congreso Regional Escolar de Ciencia y Tecnolog\u00eda EXPLORA CONICYT, evento de car\u00e1cter anual, que se celebra en el mes de Octubre en la Regi\u00f3n Metropolitana.<\/p>\n<p><span style=\"color: #164aa0\"><strong>\u00a0<\/strong><\/span><\/p>\n<p><span style=\"color: #164aa0;font-size: large\"><strong>TIPOS DE FERIAS<\/strong><\/span><\/p>\n<p><span style=\"color: #000000\"><strong>\u00a0<\/strong><\/span><\/p>\n<p><span style=\"color: #000000\"><strong>Ferias Internas:\u00a0<strong><img decoding=\"async\" src=\"images\/IMAGENES-SUR_ORIENTE\/Img-notas\/nueva-grafica.jpg\" border=\"0\" alt=\"nueva gr\u00e1fica\" width=\"336\" height=\"538\" style=\"border: 10px solid white;float: right\" \/><\/strong><br \/><\/strong><\/span><\/p>\n<p>Son Ferias Cient\u00edficas donde s\u00f3lo participan los estudiantes del colegio o instituci\u00f3n organizadora. Es por tanto un evento de car\u00e1cter cerrado.<\/p>\n<p>En general las primeras versiones de Ferias Cient\u00edficas tienen esta caracter\u00edstica, pero si es la primera instancia y te atreves a hacer una feria m\u00e1s grande \u00a1Cuenta con nuestro apoyo!<\/p>\n<p><span style=\"color: #000000\"><strong>Ferias Interescolares:<\/strong><\/span><\/p>\n<p style=\"text-align: justify\">Son ferias Cient\u00edficas de car\u00e1cter abierto, donde el establecimiento organizador extiende una invitaci\u00f3n a otros establecimientos de la Regi\u00f3n Metropolitana que est\u00e9n interesados en participar con sus proyectos.<\/p>\n<p><span style=\"color: #000000\"><strong>Ferias Comunales:<\/strong><\/span><\/p>\n<p style=\"text-align: justify\">Ferias Cient\u00edficas donde pueden exponer todos los establecimientos de la comuna. No olvides que la convocatoria es muy importante \u00a1ASEG\u00daRATE QUE AL MENOS PARTICIPEN 5 PROYECTOS EXTERNOS!<\/p>\n<p><span style=\"color: #000000\"><strong>Ferias Intercomunales:<\/strong><\/span><\/p>\n<p style=\"text-align: justify\">Ferias Cient\u00edficas que invita a participar proyectos de toda la Regi\u00f3n Metropolitana, sin importar la comuna. Si logras hacer que participen al menos 10 proyectos externos.<\/p>\n<p style=\"text-align: justify\">\u00a1FELICITACIONES, ES JUSTO LO QUE ESPERAMOS DE UN ORGANIZADOR!<\/p>\n<p style=\"text-align: justify\">\u00a0<\/p>\n<p><img decoding=\"async\" src=\"images\/IMAGENES-SUR_ORIENTE\/Img-notas\/Apoyo-ferias-cientificas-01.jpg\" border=\"0\" alt=\"\" style=\"margin-left: auto;margin-right: auto\" \/><\/p>\n<p>\u00a0<\/p>\n<p><span style=\"color: #164aa0\"><strong>CONT\u00c1CTANOS!<\/strong><\/span><\/p>\n<p><span style=\"color: #000000\"><strong>Marlins Villanueva &gt;<\/strong><\/span> Coordinadora de Ferias Interescolares, Comunales e Intercomunales. <strong><span style=\"color: #164aa0\">feriascientificas@explorarm.com<\/span><\/strong><\/p>\n<p><span style=\"color: #000000\"><strong>Luis Contreras\u00a0<\/strong><\/span><span><span style=\"color: #000000\"><strong>&gt;<\/strong><\/span> Coordinador de Ferias Internas. <strong><span style=\"color: #164aa0\">lcontreras@explorarm.com<\/span><\/strong><\/span><\/p>\n<p><a href=\"http:\/\/feriascientificas.cl\/\" target=\"_blank\" rel=\"noopener noreferrer\"><span style=\"font-size: medium;color: #164aa0\"><strong>www.feriascientificas.cl<\/strong><\/span><\/a><\/p>\n<p>\u00a0<a href=\"http:\/\/feriascientificas.cl\/wp-content\/uploads\/2013\/07\/Manual-Ferias-Cientificas-2013.pdf\" target=\"_blank\" rel=\"noopener noreferrer\"><img decoding=\"async\" src=\"images\/IMAGENES-SUR_ORIENTE\/Img-notas\/btn-ferias-cientificas-02.jpg\" border=\"0\" alt=\"\" style=\"margin-left: auto;margin-right: auto\" \/><\/a><\/p>\n<p>\u00a0<\/p>\n<p><strong style=\"font-size: 12.1599998474121px;line-height: 15.8079996109009px;text-align: justify\">\u00a0<\/strong><\/p>\n<p>\u00a0<\/p>\n","protected":false},"excerpt":{"rendered":"<p>Las Ferias Cient\u00edficas son encuentros de estudiantes, organizados por Colegios, Instituciones o Municipios, donde alumnos y alumnas exponen sus trabajos de ciencia y\/o tecnolog\u00eda a compa\u00f1eros, profesores y p\u00fablico general, dando a conocer sus resultados y experiencias del proceso de investigaci\u00f3n. Estas instancias educativas promueven la sana competencia, la retroalimentaci\u00f3n y el intercambio de experiencias [&hellip;]<\/p>\n","protected":false},"author":2,"featured_media":10970,"comment_status":"closed","ping_status":"open","sticky":false,"template":"","format":"standard","meta":{"_acf_changed":false,"_exactmetrics_skip_tracking":false,"_exactmetrics_sitenote_active":false,"_exactmetrics_sitenote_note":"","_exactmetrics_sitenote_category":0,"footnotes":"","_links_to":"","_links_to_target":""},"categories":[4],"tags":[],"class_list":["post-1112","post","type-post","status-publish","format-standard","has-post-thumbnail","hentry","category-noticias"],"acf":[],"yoast_head":"<!-- This site is optimized with the Yoast SEO plugin v26.9 - https:\/\/yoast.com\/product\/yoast-seo-wordpress\/ -->\n<title>Realiza una Feria Cient\u00edfica con nosotros! - RM Sur Oriente<\/title>\n<meta name=\"robots\" content=\"index, follow, max-snippet:-1, max-image-preview:large, max-video-preview:-1\" \/>\n<link rel=\"canonical\" href=\"https:\/\/explora.cl\/rmsuroriente\/realiza-una-feria-cientifica-con-nosotros\/\" class=\"yoast-seo-meta-tag\" \/>\n<meta property=\"og:locale\" content=\"es_ES\" class=\"yoast-seo-meta-tag\" \/>\n<meta property=\"og:type\" content=\"article\" class=\"yoast-seo-meta-tag\" \/>\n<meta property=\"og:title\" content=\"Realiza una Feria Cient\u00edfica con nosotros! - RM Sur Oriente\" class=\"yoast-seo-meta-tag\" \/>\n<meta property=\"og:description\" content=\"Las Ferias Cient\u00edficas son encuentros de estudiantes, organizados por Colegios, Instituciones o Municipios, donde alumnos y alumnas exponen sus trabajos de ciencia y\/o tecnolog\u00eda a compa\u00f1eros, profesores y p\u00fablico general, dando a conocer sus resultados y experiencias del proceso de investigaci\u00f3n. Estas instancias educativas promueven la sana competencia, la retroalimentaci\u00f3n y el intercambio de experiencias [&hellip;]\" class=\"yoast-seo-meta-tag\" \/>\n<meta property=\"og:url\" content=\"https:\/\/explora.cl\/rmsuroriente\/realiza-una-feria-cientifica-con-nosotros\/\" class=\"yoast-seo-meta-tag\" \/>\n<meta property=\"og:site_name\" content=\"RM Sur Oriente\" class=\"yoast-seo-meta-tag\" \/>\n<meta property=\"article:published_time\" content=\"2015-01-01T03:00:00+00:00\" class=\"yoast-seo-meta-tag\" \/>\n<meta property=\"article:modified_time\" content=\"2019-05-20T17:38:07+00:00\" class=\"yoast-seo-meta-tag\" \/>\n<meta name=\"author\" content=\"webman\" class=\"yoast-seo-meta-tag\" \/>\n<meta name=\"twitter:card\" content=\"summary_large_image\" class=\"yoast-seo-meta-tag\" \/>\n<meta name=\"twitter:label1\" content=\"Escrito por\" class=\"yoast-seo-meta-tag\" \/>\n\t<meta name=\"twitter:data1\" content=\"webman\" class=\"yoast-seo-meta-tag\" \/>\n\t<meta name=\"twitter:label2\" content=\"Tiempo estimado de lectura\" class=\"yoast-seo-meta-tag\" \/>\n\t<meta name=\"twitter:data2\" content=\"2 minutos\" class=\"yoast-seo-meta-tag\" \/>\n<script type=\"application\/ld+json\" class=\"yoast-schema-graph\">{\"@context\":\"https:\/\/schema.org\",\"@graph\":[{\"@type\":\"Article\",\"@id\":\"https:\/\/explora.cl\/rmsuroriente\/realiza-una-feria-cientifica-con-nosotros\/#article\",\"isPartOf\":{\"@id\":\"https:\/\/explora.cl\/rmsuroriente\/realiza-una-feria-cientifica-con-nosotros\/\"},\"author\":{\"name\":\"webman\",\"@id\":\"https:\/\/explora.cl\/rmsuroriente\/#\/schema\/person\/cb8349c13ea2d324080adf8480d7ba5d\"},\"headline\":\"Realiza una Feria Cient\u00edfica con nosotros!\",\"datePublished\":\"2015-01-01T03:00:00+00:00\",\"dateModified\":\"2019-05-20T17:38:07+00:00\",\"mainEntityOfPage\":{\"@id\":\"https:\/\/explora.cl\/rmsuroriente\/realiza-una-feria-cientifica-con-nosotros\/\"},\"wordCount\":382,\"publisher\":{\"@id\":\"https:\/\/explora.cl\/rmsuroriente\/#organization\"},\"image\":{\"@id\":\"https:\/\/explora.cl\/rmsuroriente\/realiza-una-feria-cientifica-con-nosotros\/#primaryimage\"},\"thumbnailUrl\":\"\",\"articleSection\":[\"Noticias\"],\"inLanguage\":\"es-CL\"},{\"@type\":\"WebPage\",\"@id\":\"https:\/\/explora.cl\/rmsuroriente\/realiza-una-feria-cientifica-con-nosotros\/\",\"url\":\"https:\/\/explora.cl\/rmsuroriente\/realiza-una-feria-cientifica-con-nosotros\/\",\"name\":\"Realiza una Feria Cient\u00edfica con nosotros! - RM Sur Oriente\",\"isPartOf\":{\"@id\":\"https:\/\/explora.cl\/rmsuroriente\/#website\"},\"primaryImageOfPage\":{\"@id\":\"https:\/\/explora.cl\/rmsuroriente\/realiza-una-feria-cientifica-con-nosotros\/#primaryimage\"},\"image\":{\"@id\":\"https:\/\/explora.cl\/rmsuroriente\/realiza-una-feria-cientifica-con-nosotros\/#primaryimage\"},\"thumbnailUrl\":\"\",\"datePublished\":\"2015-01-01T03:00:00+00:00\",\"dateModified\":\"2019-05-20T17:38:07+00:00\",\"breadcrumb\":{\"@id\":\"https:\/\/explora.cl\/rmsuroriente\/realiza-una-feria-cientifica-con-nosotros\/#breadcrumb\"},\"inLanguage\":\"es-CL\",\"potentialAction\":[{\"@type\":\"ReadAction\",\"target\":[\"https:\/\/explora.cl\/rmsuroriente\/realiza-una-feria-cientifica-con-nosotros\/\"]}]},{\"@type\":\"ImageObject\",\"inLanguage\":\"es-CL\",\"@id\":\"https:\/\/explora.cl\/rmsuroriente\/realiza-una-feria-cientifica-con-nosotros\/#primaryimage\",\"url\":\"\",\"contentUrl\":\"\"},{\"@type\":\"BreadcrumbList\",\"@id\":\"https:\/\/explora.cl\/rmsuroriente\/realiza-una-feria-cientifica-con-nosotros\/#breadcrumb\",\"itemListElement\":[{\"@type\":\"ListItem\",\"position\":1,\"name\":\"Portada\",\"item\":\"https:\/\/explora.cl\/rmsuroriente\/\"},{\"@type\":\"ListItem\",\"position\":2,\"name\":\"Realiza una Feria Cient\u00edfica con nosotros!\"}]},{\"@type\":\"WebSite\",\"@id\":\"https:\/\/explora.cl\/rmsuroriente\/#website\",\"url\":\"https:\/\/explora.cl\/rmsuroriente\/\",\"name\":\"RM Sur Oriente\",\"description\":\"Otro sitio m\u00e1s de explora.cl\",\"publisher\":{\"@id\":\"https:\/\/explora.cl\/rmsuroriente\/#organization\"},\"potentialAction\":[{\"@type\":\"SearchAction\",\"target\":{\"@type\":\"EntryPoint\",\"urlTemplate\":\"https:\/\/explora.cl\/rmsuroriente\/?s={search_term_string}\"},\"query-input\":{\"@type\":\"PropertyValueSpecification\",\"valueRequired\":true,\"valueName\":\"search_term_string\"}}],\"inLanguage\":\"es-CL\"},{\"@type\":\"Organization\",\"@id\":\"https:\/\/explora.cl\/rmsuroriente\/#organization\",\"name\":\"RM Sur Oriente\",\"url\":\"https:\/\/explora.cl\/rmsuroriente\/\",\"logo\":{\"@type\":\"ImageObject\",\"inLanguage\":\"es-CL\",\"@id\":\"https:\/\/explora.cl\/rmsuroriente\/#\/schema\/logo\/image\/\",\"url\":\"https:\/\/explora.cl\/rmsuroriente\/wp-content\/uploads\/sites\/12\/2025\/04\/cropped-LogoPAR_RMSO-Azul-UC.png\",\"contentUrl\":\"https:\/\/explora.cl\/rmsuroriente\/wp-content\/uploads\/sites\/12\/2025\/04\/cropped-LogoPAR_RMSO-Azul-UC.png\",\"width\":411,\"height\":409,\"caption\":\"RM Sur Oriente\"},\"image\":{\"@id\":\"https:\/\/explora.cl\/rmsuroriente\/#\/schema\/logo\/image\/\"}},{\"@type\":\"Person\",\"@id\":\"https:\/\/explora.cl\/rmsuroriente\/#\/schema\/person\/cb8349c13ea2d324080adf8480d7ba5d\",\"name\":\"webman\",\"image\":{\"@type\":\"ImageObject\",\"inLanguage\":\"es-CL\",\"@id\":\"https:\/\/explora.cl\/rmsuroriente\/#\/schema\/person\/image\/\",\"url\":\"https:\/\/secure.gravatar.com\/avatar\/eeff3c82f2c02f7177d13663b7e6f890e9a6a0647ce9bb29cae02dcb094c7312?s=96&d=mm&r=g\",\"contentUrl\":\"https:\/\/secure.gravatar.com\/avatar\/eeff3c82f2c02f7177d13663b7e6f890e9a6a0647ce9bb29cae02dcb094c7312?s=96&d=mm&r=g\",\"caption\":\"webman\"},\"url\":\"https:\/\/explora.cl\/rmsuroriente\/author\/webman\/\"}]}<\/script>\n<!-- \/ Yoast SEO plugin. -->","yoast_head_json":{"title":"Realiza una Feria Cient\u00edfica con nosotros! - RM Sur Oriente","robots":{"index":"index","follow":"follow","max-snippet":"max-snippet:-1","max-image-preview":"max-image-preview:large","max-video-preview":"max-video-preview:-1"},"canonical":"https:\/\/explora.cl\/rmsuroriente\/realiza-una-feria-cientifica-con-nosotros\/","og_locale":"es_ES","og_type":"article","og_title":"Realiza una Feria Cient\u00edfica con nosotros! - RM Sur Oriente","og_description":"Las Ferias Cient\u00edficas son encuentros de estudiantes, organizados por Colegios, Instituciones o Municipios, donde alumnos y alumnas exponen sus trabajos de ciencia y\/o tecnolog\u00eda a compa\u00f1eros, profesores y p\u00fablico general, dando a conocer sus resultados y experiencias del proceso de investigaci\u00f3n. Estas instancias educativas promueven la sana competencia, la retroalimentaci\u00f3n y el intercambio de experiencias [&hellip;]","og_url":"https:\/\/explora.cl\/rmsuroriente\/realiza-una-feria-cientifica-con-nosotros\/","og_site_name":"RM Sur Oriente","article_published_time":"2015-01-01T03:00:00+00:00","article_modified_time":"2019-05-20T17:38:07+00:00","author":"webman","twitter_card":"summary_large_image","twitter_misc":{"Escrito por":"webman","Tiempo estimado de lectura":"2 minutos"},"schema":{"@context":"https:\/\/schema.org","@graph":[{"@type":"Article","@id":"https:\/\/explora.cl\/rmsuroriente\/realiza-una-feria-cientifica-con-nosotros\/#article","isPartOf":{"@id":"https:\/\/explora.cl\/rmsuroriente\/realiza-una-feria-cientifica-con-nosotros\/"},"author":{"name":"webman","@id":"https:\/\/explora.cl\/rmsuroriente\/#\/schema\/person\/cb8349c13ea2d324080adf8480d7ba5d"},"headline":"Realiza una Feria Cient\u00edfica con nosotros!","datePublished":"2015-01-01T03:00:00+00:00","dateModified":"2019-05-20T17:38:07+00:00","mainEntityOfPage":{"@id":"https:\/\/explora.cl\/rmsuroriente\/realiza-una-feria-cientifica-con-nosotros\/"},"wordCount":382,"publisher":{"@id":"https:\/\/explora.cl\/rmsuroriente\/#organization"},"image":{"@id":"https:\/\/explora.cl\/rmsuroriente\/realiza-una-feria-cientifica-con-nosotros\/#primaryimage"},"thumbnailUrl":"","articleSection":["Noticias"],"inLanguage":"es-CL"},{"@type":"WebPage","@id":"https:\/\/explora.cl\/rmsuroriente\/realiza-una-feria-cientifica-con-nosotros\/","url":"https:\/\/explora.cl\/rmsuroriente\/realiza-una-feria-cientifica-con-nosotros\/","name":"Realiza una Feria Cient\u00edfica con nosotros! - RM Sur Oriente","isPartOf":{"@id":"https:\/\/explora.cl\/rmsuroriente\/#website"},"primaryImageOfPage":{"@id":"https:\/\/explora.cl\/rmsuroriente\/realiza-una-feria-cientifica-con-nosotros\/#primaryimage"},"image":{"@id":"https:\/\/explora.cl\/rmsuroriente\/realiza-una-feria-cientifica-con-nosotros\/#primaryimage"},"thumbnailUrl":"","datePublished":"2015-01-01T03:00:00+00:00","dateModified":"2019-05-20T17:38:07+00:00","breadcrumb":{"@id":"https:\/\/explora.cl\/rmsuroriente\/realiza-una-feria-cientifica-con-nosotros\/#breadcrumb"},"inLanguage":"es-CL","potentialAction":[{"@type":"ReadAction","target":["https:\/\/explora.cl\/rmsuroriente\/realiza-una-feria-cientifica-con-nosotros\/"]}]},{"@type":"ImageObject","inLanguage":"es-CL","@id":"https:\/\/explora.cl\/rmsuroriente\/realiza-una-feria-cientifica-con-nosotros\/#primaryimage","url":"","contentUrl":""},{"@type":"BreadcrumbList","@id":"https:\/\/explora.cl\/rmsuroriente\/realiza-una-feria-cientifica-con-nosotros\/#breadcrumb","itemListElement":[{"@type":"ListItem","position":1,"name":"Portada","item":"https:\/\/explora.cl\/rmsuroriente\/"},{"@type":"ListItem","position":2,"name":"Realiza una Feria Cient\u00edfica con nosotros!"}]},{"@type":"WebSite","@id":"https:\/\/explora.cl\/rmsuroriente\/#website","url":"https:\/\/explora.cl\/rmsuroriente\/","name":"RM Sur Oriente","description":"Otro sitio m\u00e1s de explora.cl","publisher":{"@id":"https:\/\/explora.cl\/rmsuroriente\/#organization"},"potentialAction":[{"@type":"SearchAction","target":{"@type":"EntryPoint","urlTemplate":"https:\/\/explora.cl\/rmsuroriente\/?s={search_term_string}"},"query-input":{"@type":"PropertyValueSpecification","valueRequired":true,"valueName":"search_term_string"}}],"inLanguage":"es-CL"},{"@type":"Organization","@id":"https:\/\/explora.cl\/rmsuroriente\/#organization","name":"RM Sur Oriente","url":"https:\/\/explora.cl\/rmsuroriente\/","logo":{"@type":"ImageObject","inLanguage":"es-CL","@id":"https:\/\/explora.cl\/rmsuroriente\/#\/schema\/logo\/image\/","url":"https:\/\/explora.cl\/rmsuroriente\/wp-content\/uploads\/sites\/12\/2025\/04\/cropped-LogoPAR_RMSO-Azul-UC.png","contentUrl":"https:\/\/explora.cl\/rmsuroriente\/wp-content\/uploads\/sites\/12\/2025\/04\/cropped-LogoPAR_RMSO-Azul-UC.png","width":411,"height":409,"caption":"RM Sur Oriente"},"image":{"@id":"https:\/\/explora.cl\/rmsuroriente\/#\/schema\/logo\/image\/"}},{"@type":"Person","@id":"https:\/\/explora.cl\/rmsuroriente\/#\/schema\/person\/cb8349c13ea2d324080adf8480d7ba5d","name":"webman","image":{"@type":"ImageObject","inLanguage":"es-CL","@id":"https:\/\/explora.cl\/rmsuroriente\/#\/schema\/person\/image\/","url":"https:\/\/secure.gravatar.com\/avatar\/eeff3c82f2c02f7177d13663b7e6f890e9a6a0647ce9bb29cae02dcb094c7312?s=96&d=mm&r=g","contentUrl":"https:\/\/secure.gravatar.com\/avatar\/eeff3c82f2c02f7177d13663b7e6f890e9a6a0647ce9bb29cae02dcb094c7312?s=96&d=mm&r=g","caption":"webman"},"url":"https:\/\/explora.cl\/rmsuroriente\/author\/webman\/"}]}},"_links":{"self":[{"href":"https:\/\/explora.cl\/rmsuroriente\/wp-json\/wp\/v2\/posts\/1112","targetHints":{"allow":["GET"]}}],"collection":[{"href":"https:\/\/explora.cl\/rmsuroriente\/wp-json\/wp\/v2\/posts"}],"about":[{"href":"https:\/\/explora.cl\/rmsuroriente\/wp-json\/wp\/v2\/types\/post"}],"author":[{"embeddable":true,"href":"https:\/\/explora.cl\/rmsuroriente\/wp-json\/wp\/v2\/users\/2"}],"replies":[{"embeddable":true,"href":"https:\/\/explora.cl\/rmsuroriente\/wp-json\/wp\/v2\/comments?post=1112"}],"version-history":[{"count":1,"href":"https:\/\/explora.cl\/rmsuroriente\/wp-json\/wp\/v2\/posts\/1112\/revisions"}],"predecessor-version":[{"id":38149,"href":"https:\/\/explora.cl\/rmsuroriente\/wp-json\/wp\/v2\/posts\/1112\/revisions\/38149"}],"wp:featuredmedia":[{"embeddable":true,"href":"https:\/\/explora.cl\/rmsuroriente\/wp-json\/"}],"wp:attachment":[{"href":"https:\/\/explora.cl\/rmsuroriente\/wp-json\/wp\/v2\/media?parent=1112"}],"wp:term":[{"taxonomy":"category","embeddable":true,"href":"https:\/\/explora.cl\/rmsuroriente\/wp-json\/wp\/v2\/categories?post=1112"},{"taxonomy":"post_tag","embeddable":true,"href":"https:\/\/explora.cl\/rmsuroriente\/wp-json\/wp\/v2\/tags?post=1112"}],"curies":[{"name":"wp","href":"https:\/\/api.w.org\/{rel}","templated":true}]}}