{"id":44015,"date":"2026-04-28T11:29:34","date_gmt":"2026-04-28T15:29:34","guid":{"rendered":"https:\/\/explora.cl\/rmnorte\/?p=44015"},"modified":"2026-04-28T11:31:22","modified_gmt":"2026-04-28T15:31:22","slug":"mujeres-en-orbita-ciencia-riesgos-y-preguntas-abiertas","status":"publish","type":"post","link":"https:\/\/explora.cl\/rmnorte\/mujeres-en-orbita-ciencia-riesgos-y-preguntas-abiertas\/","title":{"rendered":"Mujeres en \u00f3rbita: ciencia, riesgos y  preguntas abiertas"},"content":{"rendered":"<p>En el marco de la reciente misi\u00f3n Artemis II, que marca un hito con la participaci\u00f3n de Christina Koch como la primera mujer en adentrarse en el espacio profundo, surgen nuevas preguntas: \u00bfqu\u00e9 sabemos realmente sobre c\u00f3mo responde el cuerpo femenino fuera de la Tierra?<\/p>\n<p>A pesar de los avances en exploraci\u00f3n espacial, el estudio para las mujeres sigue qued\u00e1ndose atr\u00e1s, hasta el momento solo un 12%-13% del total de personas que han viajado al espacio son mujeres. Hist\u00f3ricamente, por d\u00e9cadas las mujeres fueron excluidas de los programas de astronautas bas\u00e1ndose en suposiciones sesgadas sobre la capacidad f\u00edsica y los roles de g\u00e9nero. Sin embargo, esto ha sido refutado ampliamente y pudimos as\u00ed observar a la astronauta Christina Koch.<\/p>\n<p>&nbsp;<\/p>\n<p><img fetchpriority=\"high\" decoding=\"async\" class=\"alignnone wp-image-44017 size-full\" src=\"https:\/\/explora.cl\/rmnorte\/wp-content\/uploads\/sites\/11\/2026\/04\/Dra.-Zully-Pedrozo.jpg\" alt=\"\" width=\"900\" height=\"497\" srcset=\"https:\/\/explora.cl\/rmnorte\/wp-content\/uploads\/sites\/11\/2026\/04\/Dra.-Zully-Pedrozo.jpg 900w, https:\/\/explora.cl\/rmnorte\/wp-content\/uploads\/sites\/11\/2026\/04\/Dra.-Zully-Pedrozo-300x166.jpg 300w, https:\/\/explora.cl\/rmnorte\/wp-content\/uploads\/sites\/11\/2026\/04\/Dra.-Zully-Pedrozo-768x424.jpg 768w\" sizes=\"(max-width: 900px) 100vw, 900px\" \/><\/p>\n<p>En este \u00e1mbito, la Dra. Zully Pedrozo Cibils, Profesora Asociada del ICBM de la Facultad de Medicina de la Universidad de Chile y del Departamento de Cardiolog\u00eda del HCUCH e investigadora ACCDiS (Centro Avanzado de Enfermedades Cr\u00f3nicas), estudia los efectos del reposo prolongado y el envejecimiento cardiovascular acelerado, procesos que se relacionan con el impacto de la microgravedad en astronautas.<\/p>\n<p>&nbsp;<\/p>\n<ul>\n<li><strong>\u00bfC\u00f3mo afecta la radiaci\u00f3n espacial a la salud de las mujeres astronautas?<\/strong><\/li>\n<\/ul>\n<p>Se debe hacer notar que en el 2021 la NASA comenz\u00f3 a reconsiderar los l\u00edmites de exposici\u00f3n para adoptar un l\u00edmite universal de carrera basado en un riesgo m\u00e1ximo de mortalidad por c\u00e1ncer del 3%, independiente del sexo y la edad. En el caso de las mujeres, existen algunos estudios que indican que las mismas pueden presentar una mayor incidencia de c\u00e1nceres inducidos por radiaci\u00f3n, especialmente de pulm\u00f3n, tiroides, mama y ovario, a\u00fan lo anterior, hasta ahora no se ha evidenciado un aumento de c\u00e1ncer ginecol\u00f3gico.\u00a0 Por otro lado, hasta ahora no se ha identificado ninguna predisposici\u00f3n basada en el sexo a los d\u00e9ficits neurocognitivos relacionados con la radiaci\u00f3n. Debido a todo lo anterior, la preocupaci\u00f3n persiste de cara a misiones de mayor duraci\u00f3n fuera de la \u00f3rbita terrestre baja.<\/p>\n<p>&nbsp;<\/p>\n<ul>\n<li><strong>\u00bfHay diferencias en la adaptaci\u00f3n cardiovascular entre mujeres y hombres astronautas? <\/strong><\/li>\n<\/ul>\n<p>Esta es una de las \u00e1reas con diferencias sexuales mejor estudiadas en la medicina bioespacial. Durante la permanencia en el espacio y bajo condiciones de disminuci\u00f3n de la gravedad, el coraz\u00f3n no requiere bombear contra la fuerza de la gravedad, por lo cual se ha documentado que los corazones pierden masa y se atrofian, pero no existen estudios de diferencias por sexo biol\u00f3gico. Sin embargo, existen diferencias en la respuesta al estr\u00e9s cardiovascular: las mujeres responden generalmente con un aumento de la frecuencia card\u00edaca, mientras que los hombres lo hacen con un incremento de la resistencia vascular. A\u00fan lo anterior, el porcentaje de mujeres que han viajado al espacio es muy bajo respecto al de los varones y por tanto se requieren m\u00e1s datos para confirmar estas diferencias.<\/p>\n<p>&nbsp;<\/p>\n<p><img decoding=\"async\" class=\"alignnone wp-image-44022 size-large\" src=\"https:\/\/explora.cl\/rmnorte\/wp-content\/uploads\/sites\/11\/2026\/04\/Espacio-3-1024x576.jpg\" alt=\"\" width=\"1024\" height=\"576\" srcset=\"https:\/\/explora.cl\/rmnorte\/wp-content\/uploads\/sites\/11\/2026\/04\/Espacio-3-1024x576.jpg 1024w, https:\/\/explora.cl\/rmnorte\/wp-content\/uploads\/sites\/11\/2026\/04\/Espacio-3-300x169.jpg 300w, https:\/\/explora.cl\/rmnorte\/wp-content\/uploads\/sites\/11\/2026\/04\/Espacio-3-768x432.jpg 768w, https:\/\/explora.cl\/rmnorte\/wp-content\/uploads\/sites\/11\/2026\/04\/Espacio-3.jpg 1280w\" sizes=\"(max-width: 1024px) 100vw, 1024px\" \/><\/p>\n<p>&nbsp;<\/p>\n<ul>\n<li><strong>\u00bfQu\u00e9 diferencias hay entre mujeres y hombres en microgravedad y c\u00f3mo afecta esto al sistema nervioso central de cada uno? <\/strong><\/li>\n<\/ul>\n<p>Durante la microgravedad ocurre un desplazamiento de la volemia (volumen total de sangre de un individuo) hacia la cabeza, lo que se relaciona con el desarrollo del S\u00edndrome Neuro-Ocular asociado a vuelos espaciales. Los cambios oculares se han observado de forma m\u00e1s consistente en los varones que las mujeres, al igual que el aplanamiento del globo ocular. Tambi\u00e9n existen estudios en neurocognici\u00f3n, donde se se\u00f1ala que posterior a los vuelos espaciales existe una disminuci\u00f3n de la misma, pero que es recuperada luego del regreso a la tierra.<\/p>\n<p>&nbsp;<\/p>\n<ul>\n<li><strong>\u00bfSe ha estudiado espec\u00edficamente c\u00f3mo responde el sistema hormonal femenino en el espacio? <\/strong><\/li>\n<\/ul>\n<p>Se sabe poco sobre c\u00f3mo responde el sistema hormonal femenino en el espacio, la microgravedad puede alterar las hormonas, incluyendo la insulina y los estr\u00f3genos. Sin embargo, casi no hay estudios en astronautas sobre el ciclo menstrual o la reproducci\u00f3n, la mayor\u00eda de la evidencia proviene de experimentos en animales o c\u00e9lulas, no en mujeres en misiones reales.<\/p>\n<p>&nbsp;<\/p>\n<ul>\n<li><strong>\u00bfQu\u00e9 importancia tiene incluir m\u00e1s mujeres en misiones como Artemis II para la ciencia y qu\u00e9 estereotipos sobre la capacidad f\u00edsica de las mujeres en el espacio todav\u00eda persisten? <\/strong><\/li>\n<\/ul>\n<p>Incluir m\u00e1s mujeres en misiones tripuladas es una necesidad cient\u00edfica b\u00e1sica para cubrir las brechas de conocimiento cr\u00edticas en casi todos los sistemas fisiol\u00f3gicos, ya que no es posible extrapolar los hallazgos fisiol\u00f3gicos en astronautas varones respecto a las mujeres. Por tanto, el problema realmente no es la capacidad de las mujeres para hacer frente al entorno espacial, sino la hist\u00f3rica falta de investigaci\u00f3n que ha impedido el desarrollo de protocolos y contramedidas adaptados a su fisiolog\u00eda, pensar incluso en la gestaci\u00f3n en el espacio, es algo imprescindible a la luz de las misiones espaciales y la colonizaci\u00f3n de nuevos territorios.<\/p>\n<p>En un escenario donde la exploraci\u00f3n espacial avanza hacia misiones cada vez m\u00e1s largas y ambiciosas, incluir la investigaci\u00f3n equitativa de las diferencias entre el cuerpo de un hombre y una mujer, se vuelve una prioridad cient\u00edfica.<\/p>\n<p>Para finalizar, la Dra. Pedrozo deja un mensaje para ni\u00f1as y mujeres que se interesan por el \u00e1rea STEM, <em>\u201cser parte de la ciencia es abrir caminos donde antes no los hab\u00eda, y tambi\u00e9n es avanzar hacia una mayor equidad y una mirada m\u00e1s completa del conocimiento, iniciativas como Explora RM Norte, ejecutado por el Centro ACCDiS, son fundamentales para acercar la ciencia a ni\u00f1as y j\u00f3venes, mostr\u00e1ndoles que tambi\u00e9n pueden ser protagonistas en estos espacios<\/em>\u201d.<\/p>\n<p>&nbsp;<\/p>\n<p>&nbsp;<\/p>\n<p>&nbsp;<\/p>\n","protected":false},"excerpt":{"rendered":"<p>En el marco de la reciente misi\u00f3n Artemis II, que marca un hito con la participaci\u00f3n de Christina Koch como la primera mujer en adentrarse en el espacio profundo.<\/p>\n","protected":false},"author":26,"featured_media":44016,"comment_status":"open","ping_status":"open","sticky":false,"template":"","format":"standard","meta":{"_acf_changed":false,"_exactmetrics_skip_tracking":false,"_exactmetrics_sitenote_active":false,"_exactmetrics_sitenote_note":"","_exactmetrics_sitenote_category":0,"footnotes":"","_links_to":"","_links_to_target":""},"categories":[151,4],"tags":[264,23,336,268,259],"class_list":["post-44015","post","type-post","status-publish","format-standard","has-post-thumbnail","hentry","category-banner","category-noticias","tag-accdis","tag-explora","tag-explora-30-anos","tag-ministerio-de-ciencia-tecnologia-conocimiento-e-innovacion","tag-u-de-chile"],"acf":[],"yoast_head":"<!-- This site is optimized with the Yoast SEO plugin v26.9 - https:\/\/yoast.com\/product\/yoast-seo-wordpress\/ -->\n<title>Mujeres en \u00f3rbita: ciencia, riesgos y preguntas abiertas - RM Norte<\/title>\n<meta name=\"description\" content=\"En el marco de la reciente misi\u00f3n Artemis II, que marca un hito con la participaci\u00f3n de Christina Koch como la primera mujer en adentrarse en el espacio profundo.\" class=\"yoast-seo-meta-tag\" \/>\n<meta name=\"robots\" content=\"index, follow, max-snippet:-1, max-image-preview:large, max-video-preview:-1\" \/>\n<link rel=\"canonical\" href=\"https:\/\/explora.cl\/rmnorte\/mujeres-en-orbita-ciencia-riesgos-y-preguntas-abiertas\/\" class=\"yoast-seo-meta-tag\" \/>\n<meta property=\"og:locale\" content=\"es_ES\" class=\"yoast-seo-meta-tag\" \/>\n<meta property=\"og:type\" content=\"article\" class=\"yoast-seo-meta-tag\" \/>\n<meta property=\"og:title\" content=\"Mujeres en \u00f3rbita: ciencia, riesgos y preguntas abiertas - RM Norte\" class=\"yoast-seo-meta-tag\" \/>\n<meta property=\"og:description\" content=\"En el marco de la reciente misi\u00f3n Artemis II, que marca un hito con la participaci\u00f3n de Christina Koch como la primera mujer en adentrarse en el espacio profundo.\" class=\"yoast-seo-meta-tag\" \/>\n<meta property=\"og:url\" content=\"https:\/\/explora.cl\/rmnorte\/mujeres-en-orbita-ciencia-riesgos-y-preguntas-abiertas\/\" class=\"yoast-seo-meta-tag\" \/>\n<meta property=\"og:site_name\" content=\"RM Norte\" class=\"yoast-seo-meta-tag\" \/>\n<meta property=\"article:published_time\" content=\"2026-04-28T15:29:34+00:00\" class=\"yoast-seo-meta-tag\" \/>\n<meta property=\"article:modified_time\" content=\"2026-04-28T15:31:22+00:00\" class=\"yoast-seo-meta-tag\" \/>\n<meta property=\"og:image\" content=\"https:\/\/explora.cl\/rmnorte\/wp-content\/uploads\/sites\/11\/2026\/04\/Koch-Artemis-II-2.png\" class=\"yoast-seo-meta-tag\" \/>\n\t<meta property=\"og:image:width\" content=\"1280\" class=\"yoast-seo-meta-tag\" \/>\n\t<meta property=\"og:image:height\" content=\"720\" class=\"yoast-seo-meta-tag\" \/>\n\t<meta property=\"og:image:type\" content=\"image\/png\" class=\"yoast-seo-meta-tag\" \/>\n<meta name=\"author\" content=\"dgarcia\" class=\"yoast-seo-meta-tag\" \/>\n<meta name=\"twitter:card\" content=\"summary_large_image\" class=\"yoast-seo-meta-tag\" \/>\n<meta name=\"twitter:label1\" content=\"Escrito por\" class=\"yoast-seo-meta-tag\" \/>\n\t<meta name=\"twitter:data1\" content=\"dgarcia\" class=\"yoast-seo-meta-tag\" \/>\n\t<meta name=\"twitter:label2\" content=\"Tiempo estimado de lectura\" class=\"yoast-seo-meta-tag\" \/>\n\t<meta name=\"twitter:data2\" content=\"5 minutos\" class=\"yoast-seo-meta-tag\" \/>\n<script type=\"application\/ld+json\" class=\"yoast-schema-graph\">{\"@context\":\"https:\/\/schema.org\",\"@graph\":[{\"@type\":\"Article\",\"@id\":\"https:\/\/explora.cl\/rmnorte\/mujeres-en-orbita-ciencia-riesgos-y-preguntas-abiertas\/#article\",\"isPartOf\":{\"@id\":\"https:\/\/explora.cl\/rmnorte\/mujeres-en-orbita-ciencia-riesgos-y-preguntas-abiertas\/\"},\"author\":{\"name\":\"dgarcia\",\"@id\":\"https:\/\/explora.cl\/rmnorte\/#\/schema\/person\/4ad985b29a183eab4170892260e133a5\"},\"headline\":\"Mujeres en \u00f3rbita: ciencia, riesgos y preguntas abiertas\",\"datePublished\":\"2026-04-28T15:29:34+00:00\",\"dateModified\":\"2026-04-28T15:31:22+00:00\",\"mainEntityOfPage\":{\"@id\":\"https:\/\/explora.cl\/rmnorte\/mujeres-en-orbita-ciencia-riesgos-y-preguntas-abiertas\/\"},\"wordCount\":976,\"commentCount\":0,\"image\":{\"@id\":\"https:\/\/explora.cl\/rmnorte\/mujeres-en-orbita-ciencia-riesgos-y-preguntas-abiertas\/#primaryimage\"},\"thumbnailUrl\":\"https:\/\/explora.cl\/rmnorte\/wp-content\/uploads\/sites\/11\/2026\/04\/Koch-Artemis-II-2.png\",\"keywords\":[\"ACCDIS\",\"EXPLORA\",\"Explora 30 a\u00f1os\",\"Ministerio de ciencia tecnologia conocimiento e innovaci\u00f3n\",\"U de Chile\"],\"articleSection\":[\"Banner\",\"Noticias\"],\"inLanguage\":\"es-CL\",\"potentialAction\":[{\"@type\":\"CommentAction\",\"name\":\"Comment\",\"target\":[\"https:\/\/explora.cl\/rmnorte\/mujeres-en-orbita-ciencia-riesgos-y-preguntas-abiertas\/#respond\"]}]},{\"@type\":\"WebPage\",\"@id\":\"https:\/\/explora.cl\/rmnorte\/mujeres-en-orbita-ciencia-riesgos-y-preguntas-abiertas\/\",\"url\":\"https:\/\/explora.cl\/rmnorte\/mujeres-en-orbita-ciencia-riesgos-y-preguntas-abiertas\/\",\"name\":\"Mujeres en \u00f3rbita: ciencia, riesgos y preguntas abiertas - RM Norte\",\"isPartOf\":{\"@id\":\"https:\/\/explora.cl\/rmnorte\/#website\"},\"primaryImageOfPage\":{\"@id\":\"https:\/\/explora.cl\/rmnorte\/mujeres-en-orbita-ciencia-riesgos-y-preguntas-abiertas\/#primaryimage\"},\"image\":{\"@id\":\"https:\/\/explora.cl\/rmnorte\/mujeres-en-orbita-ciencia-riesgos-y-preguntas-abiertas\/#primaryimage\"},\"thumbnailUrl\":\"https:\/\/explora.cl\/rmnorte\/wp-content\/uploads\/sites\/11\/2026\/04\/Koch-Artemis-II-2.png\",\"datePublished\":\"2026-04-28T15:29:34+00:00\",\"dateModified\":\"2026-04-28T15:31:22+00:00\",\"author\":{\"@id\":\"https:\/\/explora.cl\/rmnorte\/#\/schema\/person\/4ad985b29a183eab4170892260e133a5\"},\"description\":\"En el marco de la reciente misi\u00f3n Artemis II, que marca un hito con la participaci\u00f3n de Christina Koch como la primera mujer en adentrarse en el espacio profundo.\",\"breadcrumb\":{\"@id\":\"https:\/\/explora.cl\/rmnorte\/mujeres-en-orbita-ciencia-riesgos-y-preguntas-abiertas\/#breadcrumb\"},\"inLanguage\":\"es-CL\",\"potentialAction\":[{\"@type\":\"ReadAction\",\"target\":[\"https:\/\/explora.cl\/rmnorte\/mujeres-en-orbita-ciencia-riesgos-y-preguntas-abiertas\/\"]}]},{\"@type\":\"ImageObject\",\"inLanguage\":\"es-CL\",\"@id\":\"https:\/\/explora.cl\/rmnorte\/mujeres-en-orbita-ciencia-riesgos-y-preguntas-abiertas\/#primaryimage\",\"url\":\"https:\/\/explora.cl\/rmnorte\/wp-content\/uploads\/sites\/11\/2026\/04\/Koch-Artemis-II-2.png\",\"contentUrl\":\"https:\/\/explora.cl\/rmnorte\/wp-content\/uploads\/sites\/11\/2026\/04\/Koch-Artemis-II-2.png\",\"width\":1280,\"height\":720},{\"@type\":\"BreadcrumbList\",\"@id\":\"https:\/\/explora.cl\/rmnorte\/mujeres-en-orbita-ciencia-riesgos-y-preguntas-abiertas\/#breadcrumb\",\"itemListElement\":[{\"@type\":\"ListItem\",\"position\":1,\"name\":\"Portada\",\"item\":\"https:\/\/explora.cl\/rmnorte\/\"},{\"@type\":\"ListItem\",\"position\":2,\"name\":\"Mujeres en \u00f3rbita: ciencia, riesgos y preguntas abiertas\"}]},{\"@type\":\"WebSite\",\"@id\":\"https:\/\/explora.cl\/rmnorte\/#website\",\"url\":\"https:\/\/explora.cl\/rmnorte\/\",\"name\":\"RM Norte\",\"description\":\"RM Norte explora.cl\",\"potentialAction\":[{\"@type\":\"SearchAction\",\"target\":{\"@type\":\"EntryPoint\",\"urlTemplate\":\"https:\/\/explora.cl\/rmnorte\/?s={search_term_string}\"},\"query-input\":{\"@type\":\"PropertyValueSpecification\",\"valueRequired\":true,\"valueName\":\"search_term_string\"}}],\"inLanguage\":\"es-CL\"},{\"@type\":\"Person\",\"@id\":\"https:\/\/explora.cl\/rmnorte\/#\/schema\/person\/4ad985b29a183eab4170892260e133a5\",\"name\":\"dgarcia\",\"image\":{\"@type\":\"ImageObject\",\"inLanguage\":\"es-CL\",\"@id\":\"https:\/\/explora.cl\/rmnorte\/#\/schema\/person\/image\/\",\"url\":\"https:\/\/secure.gravatar.com\/avatar\/06e2fd9f68a0c19cd669ddc183de83489acab601aa57958e0f60175e5013e6b7?s=96&d=mm&r=g\",\"contentUrl\":\"https:\/\/secure.gravatar.com\/avatar\/06e2fd9f68a0c19cd669ddc183de83489acab601aa57958e0f60175e5013e6b7?s=96&d=mm&r=g\",\"caption\":\"dgarcia\"},\"url\":\"https:\/\/explora.cl\/rmnorte\/author\/dgarcia\/\"}]}<\/script>\n<!-- \/ Yoast SEO plugin. -->","yoast_head_json":{"title":"Mujeres en \u00f3rbita: ciencia, riesgos y preguntas abiertas - RM Norte","description":"En el marco de la reciente misi\u00f3n Artemis II, que marca un hito con la participaci\u00f3n de Christina Koch como la primera mujer en adentrarse en el espacio profundo.","robots":{"index":"index","follow":"follow","max-snippet":"max-snippet:-1","max-image-preview":"max-image-preview:large","max-video-preview":"max-video-preview:-1"},"canonical":"https:\/\/explora.cl\/rmnorte\/mujeres-en-orbita-ciencia-riesgos-y-preguntas-abiertas\/","og_locale":"es_ES","og_type":"article","og_title":"Mujeres en \u00f3rbita: ciencia, riesgos y preguntas abiertas - RM Norte","og_description":"En el marco de la reciente misi\u00f3n Artemis II, que marca un hito con la participaci\u00f3n de Christina Koch como la primera mujer en adentrarse en el espacio profundo.","og_url":"https:\/\/explora.cl\/rmnorte\/mujeres-en-orbita-ciencia-riesgos-y-preguntas-abiertas\/","og_site_name":"RM Norte","article_published_time":"2026-04-28T15:29:34+00:00","article_modified_time":"2026-04-28T15:31:22+00:00","og_image":[{"width":1280,"height":720,"url":"https:\/\/explora.cl\/rmnorte\/wp-content\/uploads\/sites\/11\/2026\/04\/Koch-Artemis-II-2.png","type":"image\/png"}],"author":"dgarcia","twitter_card":"summary_large_image","twitter_misc":{"Escrito por":"dgarcia","Tiempo estimado de lectura":"5 minutos"},"schema":{"@context":"https:\/\/schema.org","@graph":[{"@type":"Article","@id":"https:\/\/explora.cl\/rmnorte\/mujeres-en-orbita-ciencia-riesgos-y-preguntas-abiertas\/#article","isPartOf":{"@id":"https:\/\/explora.cl\/rmnorte\/mujeres-en-orbita-ciencia-riesgos-y-preguntas-abiertas\/"},"author":{"name":"dgarcia","@id":"https:\/\/explora.cl\/rmnorte\/#\/schema\/person\/4ad985b29a183eab4170892260e133a5"},"headline":"Mujeres en \u00f3rbita: ciencia, riesgos y preguntas abiertas","datePublished":"2026-04-28T15:29:34+00:00","dateModified":"2026-04-28T15:31:22+00:00","mainEntityOfPage":{"@id":"https:\/\/explora.cl\/rmnorte\/mujeres-en-orbita-ciencia-riesgos-y-preguntas-abiertas\/"},"wordCount":976,"commentCount":0,"image":{"@id":"https:\/\/explora.cl\/rmnorte\/mujeres-en-orbita-ciencia-riesgos-y-preguntas-abiertas\/#primaryimage"},"thumbnailUrl":"https:\/\/explora.cl\/rmnorte\/wp-content\/uploads\/sites\/11\/2026\/04\/Koch-Artemis-II-2.png","keywords":["ACCDIS","EXPLORA","Explora 30 a\u00f1os","Ministerio de ciencia tecnologia conocimiento e innovaci\u00f3n","U de Chile"],"articleSection":["Banner","Noticias"],"inLanguage":"es-CL","potentialAction":[{"@type":"CommentAction","name":"Comment","target":["https:\/\/explora.cl\/rmnorte\/mujeres-en-orbita-ciencia-riesgos-y-preguntas-abiertas\/#respond"]}]},{"@type":"WebPage","@id":"https:\/\/explora.cl\/rmnorte\/mujeres-en-orbita-ciencia-riesgos-y-preguntas-abiertas\/","url":"https:\/\/explora.cl\/rmnorte\/mujeres-en-orbita-ciencia-riesgos-y-preguntas-abiertas\/","name":"Mujeres en \u00f3rbita: ciencia, riesgos y preguntas abiertas - RM Norte","isPartOf":{"@id":"https:\/\/explora.cl\/rmnorte\/#website"},"primaryImageOfPage":{"@id":"https:\/\/explora.cl\/rmnorte\/mujeres-en-orbita-ciencia-riesgos-y-preguntas-abiertas\/#primaryimage"},"image":{"@id":"https:\/\/explora.cl\/rmnorte\/mujeres-en-orbita-ciencia-riesgos-y-preguntas-abiertas\/#primaryimage"},"thumbnailUrl":"https:\/\/explora.cl\/rmnorte\/wp-content\/uploads\/sites\/11\/2026\/04\/Koch-Artemis-II-2.png","datePublished":"2026-04-28T15:29:34+00:00","dateModified":"2026-04-28T15:31:22+00:00","author":{"@id":"https:\/\/explora.cl\/rmnorte\/#\/schema\/person\/4ad985b29a183eab4170892260e133a5"},"description":"En el marco de la reciente misi\u00f3n Artemis II, que marca un hito con la participaci\u00f3n de Christina Koch como la primera mujer en adentrarse en el espacio profundo.","breadcrumb":{"@id":"https:\/\/explora.cl\/rmnorte\/mujeres-en-orbita-ciencia-riesgos-y-preguntas-abiertas\/#breadcrumb"},"inLanguage":"es-CL","potentialAction":[{"@type":"ReadAction","target":["https:\/\/explora.cl\/rmnorte\/mujeres-en-orbita-ciencia-riesgos-y-preguntas-abiertas\/"]}]},{"@type":"ImageObject","inLanguage":"es-CL","@id":"https:\/\/explora.cl\/rmnorte\/mujeres-en-orbita-ciencia-riesgos-y-preguntas-abiertas\/#primaryimage","url":"https:\/\/explora.cl\/rmnorte\/wp-content\/uploads\/sites\/11\/2026\/04\/Koch-Artemis-II-2.png","contentUrl":"https:\/\/explora.cl\/rmnorte\/wp-content\/uploads\/sites\/11\/2026\/04\/Koch-Artemis-II-2.png","width":1280,"height":720},{"@type":"BreadcrumbList","@id":"https:\/\/explora.cl\/rmnorte\/mujeres-en-orbita-ciencia-riesgos-y-preguntas-abiertas\/#breadcrumb","itemListElement":[{"@type":"ListItem","position":1,"name":"Portada","item":"https:\/\/explora.cl\/rmnorte\/"},{"@type":"ListItem","position":2,"name":"Mujeres en \u00f3rbita: ciencia, riesgos y preguntas abiertas"}]},{"@type":"WebSite","@id":"https:\/\/explora.cl\/rmnorte\/#website","url":"https:\/\/explora.cl\/rmnorte\/","name":"RM Norte","description":"RM Norte explora.cl","potentialAction":[{"@type":"SearchAction","target":{"@type":"EntryPoint","urlTemplate":"https:\/\/explora.cl\/rmnorte\/?s={search_term_string}"},"query-input":{"@type":"PropertyValueSpecification","valueRequired":true,"valueName":"search_term_string"}}],"inLanguage":"es-CL"},{"@type":"Person","@id":"https:\/\/explora.cl\/rmnorte\/#\/schema\/person\/4ad985b29a183eab4170892260e133a5","name":"dgarcia","image":{"@type":"ImageObject","inLanguage":"es-CL","@id":"https:\/\/explora.cl\/rmnorte\/#\/schema\/person\/image\/","url":"https:\/\/secure.gravatar.com\/avatar\/06e2fd9f68a0c19cd669ddc183de83489acab601aa57958e0f60175e5013e6b7?s=96&d=mm&r=g","contentUrl":"https:\/\/secure.gravatar.com\/avatar\/06e2fd9f68a0c19cd669ddc183de83489acab601aa57958e0f60175e5013e6b7?s=96&d=mm&r=g","caption":"dgarcia"},"url":"https:\/\/explora.cl\/rmnorte\/author\/dgarcia\/"}]}},"_links":{"self":[{"href":"https:\/\/explora.cl\/rmnorte\/wp-json\/wp\/v2\/posts\/44015","targetHints":{"allow":["GET"]}}],"collection":[{"href":"https:\/\/explora.cl\/rmnorte\/wp-json\/wp\/v2\/posts"}],"about":[{"href":"https:\/\/explora.cl\/rmnorte\/wp-json\/wp\/v2\/types\/post"}],"author":[{"embeddable":true,"href":"https:\/\/explora.cl\/rmnorte\/wp-json\/wp\/v2\/users\/26"}],"replies":[{"embeddable":true,"href":"https:\/\/explora.cl\/rmnorte\/wp-json\/wp\/v2\/comments?post=44015"}],"version-history":[{"count":3,"href":"https:\/\/explora.cl\/rmnorte\/wp-json\/wp\/v2\/posts\/44015\/revisions"}],"predecessor-version":[{"id":44025,"href":"https:\/\/explora.cl\/rmnorte\/wp-json\/wp\/v2\/posts\/44015\/revisions\/44025"}],"wp:featuredmedia":[{"embeddable":true,"href":"https:\/\/explora.cl\/rmnorte\/wp-json\/wp\/v2\/media\/44016"}],"wp:attachment":[{"href":"https:\/\/explora.cl\/rmnorte\/wp-json\/wp\/v2\/media?parent=44015"}],"wp:term":[{"taxonomy":"category","embeddable":true,"href":"https:\/\/explora.cl\/rmnorte\/wp-json\/wp\/v2\/categories?post=44015"},{"taxonomy":"post_tag","embeddable":true,"href":"https:\/\/explora.cl\/rmnorte\/wp-json\/wp\/v2\/tags?post=44015"}],"curies":[{"name":"wp","href":"https:\/\/api.w.org\/{rel}","templated":true}]}}