{"id":43918,"date":"2026-03-20T16:08:21","date_gmt":"2026-03-20T19:08:21","guid":{"rendered":"https:\/\/explora.cl\/rmnorte\/?p=43918"},"modified":"2026-03-20T16:31:39","modified_gmt":"2026-03-20T19:31:39","slug":"mas-de-100-estudiantes-participaron-en-el-lanzamiento-2026-del-par-explora-rm-norte","status":"publish","type":"post","link":"https:\/\/explora.cl\/rmnorte\/mas-de-100-estudiantes-participaron-en-el-lanzamiento-2026-del-par-explora-rm-norte\/","title":{"rendered":"M\u00e1s de 100 estudiantes participaron en el lanzamiento 2026 del PAR Explora RM Norte"},"content":{"rendered":"<p><em>Con la participaci\u00f3n de m\u00e1s de 100 estudiantes de primer ciclo b\u00e1sico, pertenecientes a <strong>dos delegaciones escolares de la comuna de Recoleta<\/strong>, se dio inicio oficial al ciclo 2026 del PAR Explora RM Norte, ejecutado por el <strong>Centro Avanzado de Enfermedades Cr\u00f3nicas ACCDiS<\/strong>, a trav\u00e9s de la <strong>Facultad de Ciencias Qu\u00edmicas y Farmac\u00e9uticas de la Universidad de Chile<\/strong>.<\/em><\/p>\n<p>&nbsp;<\/p>\n<p>La jornada se realiz\u00f3 el pasado lunes 16 de marzo en la <strong>Facultad de Ciencias Qu\u00edmicas y Farmac\u00e9uticas de la Universidad de Chile<\/strong>, dando el puntapi\u00e9 inicial de las acciones 2026, presentando en primera mano, la actividad regional <strong>PichinCO: Un viaje hacia la vida sana<\/strong>, iniciativa que promueve h\u00e1bitos saludables en estudiantes de primero a cuarto b\u00e1sico a trav\u00e9s de un \u00e1lbum ilustrado con l\u00e1minas, acercando la ciencia y la salud de una forma m\u00e1s din\u00e1mica.<\/p>\n<p>&nbsp;<\/p>\n<p>En el marco del lanzamiento, el <strong>Dr. Mario Chiong<\/strong> invit\u00f3 a las comunidades educativas y a los ni\u00f1os y ni\u00f1as a mantener viva la motivaci\u00f3n por aprender, \u201c<em>no pierdan nunca la curiosidad, porque <strong>ah\u00ed comienza la b\u00fasqueda de respuestas para un mundo mejor<\/strong>\u201d<\/em>.<\/p>\n<p>&nbsp;<\/p>\n<p><strong>\u00bfC\u00f3mo se vivi\u00f3 la jornada?<\/strong><\/p>\n<p><img fetchpriority=\"high\" decoding=\"async\" class=\"wp-image-43920 alignnone\" src=\"https:\/\/explora.cl\/rmnorte\/wp-content\/uploads\/sites\/11\/2026\/03\/Fto_Cuenta-cuento-300x199.png\" alt=\"\" width=\"701\" height=\"465\" srcset=\"https:\/\/explora.cl\/rmnorte\/wp-content\/uploads\/sites\/11\/2026\/03\/Fto_Cuenta-cuento-300x200.png 300w, https:\/\/explora.cl\/rmnorte\/wp-content\/uploads\/sites\/11\/2026\/03\/Fto_Cuenta-cuento-1024x680.png 1024w, https:\/\/explora.cl\/rmnorte\/wp-content\/uploads\/sites\/11\/2026\/03\/Fto_Cuenta-cuento-768x510.png 768w, https:\/\/explora.cl\/rmnorte\/wp-content\/uploads\/sites\/11\/2026\/03\/Fto_Cuenta-cuento-1536x1019.png 1536w, https:\/\/explora.cl\/rmnorte\/wp-content\/uploads\/sites\/11\/2026\/03\/Fto_Cuenta-cuento-2048x1359.png 2048w\" sizes=\"(max-width: 701px) 100vw, 701px\" \/><\/p>\n<p>Durante la actividad, se invit\u00f3 a las y los estudiantes, junto a sus docentes, a un <strong>recorrido educativo enfocado en la vida saludable, abordando tem\u00e1ticas como alimentaci\u00f3n consciente, autocuidado, descanso y la actividad f\u00edsica<\/strong>. La experiencia incluy\u00f3 una narraci\u00f3n a cargo de Catalina Moya<br \/>\nMarchant, cuenta cuentos \u201cEncantos Cuenter\u00eda\u201d, quien dio vida a los personajes y su historia.<\/p>\n<p>&nbsp;<\/p>\n<p><img decoding=\"async\" class=\"size-medium wp-image-43922 alignleft\" src=\"https:\/\/explora.cl\/rmnorte\/wp-content\/uploads\/sites\/11\/2026\/03\/Fto_Educadora-257x300.png\" alt=\"\" width=\"257\" height=\"300\" srcset=\"https:\/\/explora.cl\/rmnorte\/wp-content\/uploads\/sites\/11\/2026\/03\/Fto_Educadora-257x300.png 257w, https:\/\/explora.cl\/rmnorte\/wp-content\/uploads\/sites\/11\/2026\/03\/Fto_Educadora-877x1024.png 877w, https:\/\/explora.cl\/rmnorte\/wp-content\/uploads\/sites\/11\/2026\/03\/Fto_Educadora-768x897.png 768w, https:\/\/explora.cl\/rmnorte\/wp-content\/uploads\/sites\/11\/2026\/03\/Fto_Educadora.png 1302w\" sizes=\"(max-width: 257px) 100vw, 257px\" \/><\/p>\n<p>\u201cEste a\u00f1o queremos implementar con otras clases la iniciativa de PichinCO, el a\u00f1o pasado logr\u00f3 encantar a todos los ni\u00f1os y ni\u00f1as. El formato \u00e1lbum hace m\u00e1s entretenida la experiencia de aprendizaje, <strong>continuar con esta iniciativa es significativo para nuestra escuela, que luchamos con el incentivo a los estilos de vida saludable<\/strong>\u201d, destac\u00f3 Vanessa Carrasco, docente de educaci\u00f3n b\u00e1sica de la Escuela Espa\u00f1a.<\/p>\n<p>&nbsp;<\/p>\n<p>&nbsp;<\/p>\n<p>&nbsp;<\/p>\n<p>&nbsp;<\/p>\n<p style=\"text-align: left\">\nLos protagonistas de este d\u00eda, tambi\u00e9n compartieron su opini\u00f3n sobre el evento \u201cMe gust\u00f3 mucho poder saltar y jugar\u201d, \u201cMe gust\u00f3 ver el cuento\u201d \u201cCuidar nuestra salud es importante\u201d son algunos de los comentarios que nos entregaron los ni\u00f1os y ni\u00f1as participantes de la Escuela Escritores de Chile y Escuela Espa\u00f1a.<\/p>\n<p><img decoding=\"async\" class=\"wp-image-43923 aligncenter\" src=\"https:\/\/explora.cl\/rmnorte\/wp-content\/uploads\/sites\/11\/2026\/03\/Fto_Nin\u0303os-300x199.png\" alt=\"\" width=\"702\" height=\"465\" srcset=\"https:\/\/explora.cl\/rmnorte\/wp-content\/uploads\/sites\/11\/2026\/03\/Fto_Nin\u0303os-300x200.png 300w, https:\/\/explora.cl\/rmnorte\/wp-content\/uploads\/sites\/11\/2026\/03\/Fto_Nin\u0303os-1024x678.png 1024w, https:\/\/explora.cl\/rmnorte\/wp-content\/uploads\/sites\/11\/2026\/03\/Fto_Nin\u0303os-768x509.png 768w, https:\/\/explora.cl\/rmnorte\/wp-content\/uploads\/sites\/11\/2026\/03\/Fto_Nin\u0303os-1536x1017.png 1536w, https:\/\/explora.cl\/rmnorte\/wp-content\/uploads\/sites\/11\/2026\/03\/Fto_Nin\u0303os-2048x1356.png 2048w\" sizes=\"(max-width: 702px) 100vw, 702px\" \/><\/p>\n<p>&nbsp;<\/p>\n<p>Para finalizar, se realiz\u00f3 una actividad interactiva liderada por ACCDiS, donde la Dra. Mayarling Troncoso, acad\u00e9mica de la Facultad de Medicina de la Universidad de Chile e investigadora ACCDiS, gui\u00f3 a los estudiantes en la identificaci\u00f3n de h\u00e1bitos saludables y realizaci\u00f3n de una pausa activa, activando los conocimientos en los m\u00e1s peque\u00f1os de una manera l\u00fadica.<\/p>\n<p>Asimismo, asistieron autoridades e invitados especiales del mundo acad\u00e9mico y cient\u00edfico, como el <strong>Dr. Sergio Lavandero<\/strong>, presidente del Instituto de Chile, Academia Chilena de Ciencias y\u00a0 director del ACCDiS; el <strong>Dr. Miguel Luis Berr<\/strong>; fundador de la Fundaci\u00f3n Hospital Cl\u00ednico de la Universidad de Chile,\u00a0 <strong>Javier Insunza<\/strong>, jefe del Departamento de Educaci\u00f3n de Recoleta, Ana Escalante, Coordinadora de Educaci\u00f3n Parvulario de la Corporaci\u00f3n Municipal de Mar\u00eda Pinto,\u00a0 junto a representantes de diversas instituciones colaboradoras como <strong>la Universidad Central de Chile , Universidad Santo T\u00f3mas<\/strong>, <strong>Ideo Maker<\/strong> y<strong> Centro de investigaci\u00f3n cient\u00edfica educativa<\/strong> (CICE).<\/p>\n<p>&nbsp;<\/p>\n<p><img loading=\"lazy\" decoding=\"async\" class=\"size-medium wp-image-43925 alignleft\" src=\"https:\/\/explora.cl\/rmnorte\/wp-content\/uploads\/sites\/11\/2026\/03\/Foto_Persona1-300x199.png\" alt=\"\" width=\"300\" height=\"199\" srcset=\"https:\/\/explora.cl\/rmnorte\/wp-content\/uploads\/sites\/11\/2026\/03\/Foto_Persona1-300x200.png 300w, https:\/\/explora.cl\/rmnorte\/wp-content\/uploads\/sites\/11\/2026\/03\/Foto_Persona1-1024x680.png 1024w, https:\/\/explora.cl\/rmnorte\/wp-content\/uploads\/sites\/11\/2026\/03\/Foto_Persona1-768x510.png 768w, https:\/\/explora.cl\/rmnorte\/wp-content\/uploads\/sites\/11\/2026\/03\/Foto_Persona1-1536x1019.png 1536w, https:\/\/explora.cl\/rmnorte\/wp-content\/uploads\/sites\/11\/2026\/03\/Foto_Persona1-2048x1359.png 2048w\" sizes=\"(max-width: 300px) 100vw, 300px\" \/><\/p>\n<p>&nbsp;<\/p>\n<p><em>Desde su <strong>compromiso con el fortalecimiento de la educaci\u00f3n p\u00fablica<\/strong> Javier Insunza, nos comenta c\u00f3mo se reflejan estas iniciativas en la comuna. \u201c<strong>Explora RM Norte nos permite desde las primeras edades desarrollar habilidades cient\u00edficas en nuestros estudiantes<\/strong>, agregando en este encuentro la vida saludable con PichinCO: un viaje hacia la vida sana, el cual nos permitir\u00e1 reforzar en nuestra comunidad el sello de vida sana\u201d<\/em>.<\/p>\n<p>&nbsp;<\/p>\n<p>&nbsp;<\/p>\n<p>Durante la actividad, tambi\u00e9n se destac\u00f3 el rol del<strong> Comit\u00e9 Tem\u00e1tico Transdisciplinar<\/strong>, encargado de asesorar el desarrollo del proyecto en materias educativas y de ciencia, tecnolog\u00eda, conocimiento e innovaci\u00f3n (CTCI).<\/p>\n<p>Con esta actividad, el Proyecto Explora RM Norte reafirma su compromiso con la promoci\u00f3n de la cultura cient\u00edfica y el bienestar integral de las comunidades educativas, fortaleciendo el v\u00ednculo entre ciencia y sociedad.<\/p>\n","protected":false},"excerpt":{"rendered":"<p>Con la participaci\u00f3n de m\u00e1s de 100 estudiantes de primer ciclo b\u00e1sico, pertenecientes a dos delegaciones escolares de la comuna de Recoleta, se dio inicio oficial al ciclo 2026 del PAR Explora RM Norte, ejecutado por el Centro Avanzado de Enfermedades Cr\u00f3nicas ACCDiS, a trav\u00e9s de la Facultad de Ciencias Qu\u00edmicas y Farmac\u00e9uticas de la [&hellip;]<\/p>\n","protected":false},"author":26,"featured_media":43919,"comment_status":"open","ping_status":"open","sticky":false,"template":"","format":"standard","meta":{"_acf_changed":false,"_exactmetrics_skip_tracking":false,"_exactmetrics_sitenote_active":false,"_exactmetrics_sitenote_note":"","_exactmetrics_sitenote_category":0,"footnotes":"","_links_to":"","_links_to_target":""},"categories":[151,4],"tags":[264,23,336,268,259],"class_list":["post-43918","post","type-post","status-publish","format-standard","has-post-thumbnail","hentry","category-banner","category-noticias","tag-accdis","tag-explora","tag-explora-30-anos","tag-ministerio-de-ciencia-tecnologia-conocimiento-e-innovacion","tag-u-de-chile"],"acf":[],"yoast_head":"<!-- This site is optimized with the Yoast SEO plugin v26.9 - https:\/\/yoast.com\/product\/yoast-seo-wordpress\/ -->\n<title>M\u00e1s de 100 estudiantes participaron en el lanzamiento 2026 del PAR Explora RM Norte - RM Norte<\/title>\n<meta name=\"robots\" content=\"index, follow, max-snippet:-1, max-image-preview:large, max-video-preview:-1\" \/>\n<link rel=\"canonical\" href=\"https:\/\/explora.cl\/rmnorte\/mas-de-100-estudiantes-participaron-en-el-lanzamiento-2026-del-par-explora-rm-norte\/\" class=\"yoast-seo-meta-tag\" \/>\n<meta property=\"og:locale\" content=\"es_ES\" class=\"yoast-seo-meta-tag\" \/>\n<meta property=\"og:type\" content=\"article\" class=\"yoast-seo-meta-tag\" \/>\n<meta property=\"og:title\" content=\"M\u00e1s de 100 estudiantes participaron en el lanzamiento 2026 del PAR Explora RM Norte - RM Norte\" class=\"yoast-seo-meta-tag\" \/>\n<meta property=\"og:description\" content=\"Con la participaci\u00f3n de m\u00e1s de 100 estudiantes de primer ciclo b\u00e1sico, pertenecientes a dos delegaciones escolares de la comuna de Recoleta, se dio inicio oficial al ciclo 2026 del PAR Explora RM Norte, ejecutado por el Centro Avanzado de Enfermedades Cr\u00f3nicas ACCDiS, a trav\u00e9s de la Facultad de Ciencias Qu\u00edmicas y Farmac\u00e9uticas de la [&hellip;]\" class=\"yoast-seo-meta-tag\" \/>\n<meta property=\"og:url\" content=\"https:\/\/explora.cl\/rmnorte\/mas-de-100-estudiantes-participaron-en-el-lanzamiento-2026-del-par-explora-rm-norte\/\" class=\"yoast-seo-meta-tag\" \/>\n<meta property=\"og:site_name\" content=\"RM Norte\" class=\"yoast-seo-meta-tag\" \/>\n<meta property=\"article:published_time\" content=\"2026-03-20T19:08:21+00:00\" class=\"yoast-seo-meta-tag\" \/>\n<meta property=\"article:modified_time\" content=\"2026-03-20T19:31:39+00:00\" class=\"yoast-seo-meta-tag\" \/>\n<meta property=\"og:image\" content=\"https:\/\/explora.cl\/rmnorte\/wp-content\/uploads\/sites\/11\/2026\/03\/Fto_Portada-1024x574.png\" class=\"yoast-seo-meta-tag\" \/>\n\t<meta property=\"og:image:width\" content=\"1024\" class=\"yoast-seo-meta-tag\" \/>\n\t<meta property=\"og:image:height\" content=\"574\" class=\"yoast-seo-meta-tag\" \/>\n\t<meta property=\"og:image:type\" content=\"image\/png\" class=\"yoast-seo-meta-tag\" \/>\n<meta name=\"author\" content=\"dgarcia\" class=\"yoast-seo-meta-tag\" \/>\n<meta name=\"twitter:card\" content=\"summary_large_image\" class=\"yoast-seo-meta-tag\" \/>\n<meta name=\"twitter:label1\" content=\"Escrito por\" class=\"yoast-seo-meta-tag\" \/>\n\t<meta name=\"twitter:data1\" content=\"dgarcia\" class=\"yoast-seo-meta-tag\" \/>\n\t<meta name=\"twitter:label2\" content=\"Tiempo estimado de lectura\" class=\"yoast-seo-meta-tag\" \/>\n\t<meta name=\"twitter:data2\" content=\"4 minutos\" class=\"yoast-seo-meta-tag\" \/>\n<script type=\"application\/ld+json\" class=\"yoast-schema-graph\">{\"@context\":\"https:\/\/schema.org\",\"@graph\":[{\"@type\":\"Article\",\"@id\":\"https:\/\/explora.cl\/rmnorte\/mas-de-100-estudiantes-participaron-en-el-lanzamiento-2026-del-par-explora-rm-norte\/#article\",\"isPartOf\":{\"@id\":\"https:\/\/explora.cl\/rmnorte\/mas-de-100-estudiantes-participaron-en-el-lanzamiento-2026-del-par-explora-rm-norte\/\"},\"author\":{\"name\":\"dgarcia\",\"@id\":\"https:\/\/explora.cl\/rmnorte\/#\/schema\/person\/4ad985b29a183eab4170892260e133a5\"},\"headline\":\"M\u00e1s de 100 estudiantes participaron en el lanzamiento 2026 del PAR Explora RM Norte\",\"datePublished\":\"2026-03-20T19:08:21+00:00\",\"dateModified\":\"2026-03-20T19:31:39+00:00\",\"mainEntityOfPage\":{\"@id\":\"https:\/\/explora.cl\/rmnorte\/mas-de-100-estudiantes-participaron-en-el-lanzamiento-2026-del-par-explora-rm-norte\/\"},\"wordCount\":720,\"commentCount\":0,\"image\":{\"@id\":\"https:\/\/explora.cl\/rmnorte\/mas-de-100-estudiantes-participaron-en-el-lanzamiento-2026-del-par-explora-rm-norte\/#primaryimage\"},\"thumbnailUrl\":\"https:\/\/explora.cl\/rmnorte\/wp-content\/uploads\/sites\/11\/2026\/03\/Fto_Portada-scaled.png\",\"keywords\":[\"ACCDIS\",\"EXPLORA\",\"Explora 30 a\u00f1os\",\"Ministerio de ciencia tecnologia conocimiento e innovaci\u00f3n\",\"U de Chile\"],\"articleSection\":[\"Banner\",\"Noticias\"],\"inLanguage\":\"es-CL\",\"potentialAction\":[{\"@type\":\"CommentAction\",\"name\":\"Comment\",\"target\":[\"https:\/\/explora.cl\/rmnorte\/mas-de-100-estudiantes-participaron-en-el-lanzamiento-2026-del-par-explora-rm-norte\/#respond\"]}]},{\"@type\":\"WebPage\",\"@id\":\"https:\/\/explora.cl\/rmnorte\/mas-de-100-estudiantes-participaron-en-el-lanzamiento-2026-del-par-explora-rm-norte\/\",\"url\":\"https:\/\/explora.cl\/rmnorte\/mas-de-100-estudiantes-participaron-en-el-lanzamiento-2026-del-par-explora-rm-norte\/\",\"name\":\"M\u00e1s de 100 estudiantes participaron en el lanzamiento 2026 del PAR Explora RM Norte - RM Norte\",\"isPartOf\":{\"@id\":\"https:\/\/explora.cl\/rmnorte\/#website\"},\"primaryImageOfPage\":{\"@id\":\"https:\/\/explora.cl\/rmnorte\/mas-de-100-estudiantes-participaron-en-el-lanzamiento-2026-del-par-explora-rm-norte\/#primaryimage\"},\"image\":{\"@id\":\"https:\/\/explora.cl\/rmnorte\/mas-de-100-estudiantes-participaron-en-el-lanzamiento-2026-del-par-explora-rm-norte\/#primaryimage\"},\"thumbnailUrl\":\"https:\/\/explora.cl\/rmnorte\/wp-content\/uploads\/sites\/11\/2026\/03\/Fto_Portada-scaled.png\",\"datePublished\":\"2026-03-20T19:08:21+00:00\",\"dateModified\":\"2026-03-20T19:31:39+00:00\",\"author\":{\"@id\":\"https:\/\/explora.cl\/rmnorte\/#\/schema\/person\/4ad985b29a183eab4170892260e133a5\"},\"breadcrumb\":{\"@id\":\"https:\/\/explora.cl\/rmnorte\/mas-de-100-estudiantes-participaron-en-el-lanzamiento-2026-del-par-explora-rm-norte\/#breadcrumb\"},\"inLanguage\":\"es-CL\",\"potentialAction\":[{\"@type\":\"ReadAction\",\"target\":[\"https:\/\/explora.cl\/rmnorte\/mas-de-100-estudiantes-participaron-en-el-lanzamiento-2026-del-par-explora-rm-norte\/\"]}]},{\"@type\":\"ImageObject\",\"inLanguage\":\"es-CL\",\"@id\":\"https:\/\/explora.cl\/rmnorte\/mas-de-100-estudiantes-participaron-en-el-lanzamiento-2026-del-par-explora-rm-norte\/#primaryimage\",\"url\":\"https:\/\/explora.cl\/rmnorte\/wp-content\/uploads\/sites\/11\/2026\/03\/Fto_Portada-scaled.png\",\"contentUrl\":\"https:\/\/explora.cl\/rmnorte\/wp-content\/uploads\/sites\/11\/2026\/03\/Fto_Portada-scaled.png\",\"width\":2560,\"height\":1434},{\"@type\":\"BreadcrumbList\",\"@id\":\"https:\/\/explora.cl\/rmnorte\/mas-de-100-estudiantes-participaron-en-el-lanzamiento-2026-del-par-explora-rm-norte\/#breadcrumb\",\"itemListElement\":[{\"@type\":\"ListItem\",\"position\":1,\"name\":\"Portada\",\"item\":\"https:\/\/explora.cl\/rmnorte\/\"},{\"@type\":\"ListItem\",\"position\":2,\"name\":\"M\u00e1s de 100 estudiantes participaron en el lanzamiento 2026 del PAR Explora RM Norte\"}]},{\"@type\":\"WebSite\",\"@id\":\"https:\/\/explora.cl\/rmnorte\/#website\",\"url\":\"https:\/\/explora.cl\/rmnorte\/\",\"name\":\"RM Norte\",\"description\":\"RM Norte explora.cl\",\"potentialAction\":[{\"@type\":\"SearchAction\",\"target\":{\"@type\":\"EntryPoint\",\"urlTemplate\":\"https:\/\/explora.cl\/rmnorte\/?s={search_term_string}\"},\"query-input\":{\"@type\":\"PropertyValueSpecification\",\"valueRequired\":true,\"valueName\":\"search_term_string\"}}],\"inLanguage\":\"es-CL\"},{\"@type\":\"Person\",\"@id\":\"https:\/\/explora.cl\/rmnorte\/#\/schema\/person\/4ad985b29a183eab4170892260e133a5\",\"name\":\"dgarcia\",\"image\":{\"@type\":\"ImageObject\",\"inLanguage\":\"es-CL\",\"@id\":\"https:\/\/explora.cl\/rmnorte\/#\/schema\/person\/image\/\",\"url\":\"https:\/\/secure.gravatar.com\/avatar\/06e2fd9f68a0c19cd669ddc183de83489acab601aa57958e0f60175e5013e6b7?s=96&d=mm&r=g\",\"contentUrl\":\"https:\/\/secure.gravatar.com\/avatar\/06e2fd9f68a0c19cd669ddc183de83489acab601aa57958e0f60175e5013e6b7?s=96&d=mm&r=g\",\"caption\":\"dgarcia\"},\"url\":\"https:\/\/explora.cl\/rmnorte\/author\/dgarcia\/\"}]}<\/script>\n<!-- \/ Yoast SEO plugin. -->","yoast_head_json":{"title":"M\u00e1s de 100 estudiantes participaron en el lanzamiento 2026 del PAR Explora RM Norte - RM Norte","robots":{"index":"index","follow":"follow","max-snippet":"max-snippet:-1","max-image-preview":"max-image-preview:large","max-video-preview":"max-video-preview:-1"},"canonical":"https:\/\/explora.cl\/rmnorte\/mas-de-100-estudiantes-participaron-en-el-lanzamiento-2026-del-par-explora-rm-norte\/","og_locale":"es_ES","og_type":"article","og_title":"M\u00e1s de 100 estudiantes participaron en el lanzamiento 2026 del PAR Explora RM Norte - RM Norte","og_description":"Con la participaci\u00f3n de m\u00e1s de 100 estudiantes de primer ciclo b\u00e1sico, pertenecientes a dos delegaciones escolares de la comuna de Recoleta, se dio inicio oficial al ciclo 2026 del PAR Explora RM Norte, ejecutado por el Centro Avanzado de Enfermedades Cr\u00f3nicas ACCDiS, a trav\u00e9s de la Facultad de Ciencias Qu\u00edmicas y Farmac\u00e9uticas de la [&hellip;]","og_url":"https:\/\/explora.cl\/rmnorte\/mas-de-100-estudiantes-participaron-en-el-lanzamiento-2026-del-par-explora-rm-norte\/","og_site_name":"RM Norte","article_published_time":"2026-03-20T19:08:21+00:00","article_modified_time":"2026-03-20T19:31:39+00:00","og_image":[{"width":1024,"height":574,"url":"https:\/\/explora.cl\/rmnorte\/wp-content\/uploads\/sites\/11\/2026\/03\/Fto_Portada-1024x574.png","type":"image\/png"}],"author":"dgarcia","twitter_card":"summary_large_image","twitter_misc":{"Escrito por":"dgarcia","Tiempo estimado de lectura":"4 minutos"},"schema":{"@context":"https:\/\/schema.org","@graph":[{"@type":"Article","@id":"https:\/\/explora.cl\/rmnorte\/mas-de-100-estudiantes-participaron-en-el-lanzamiento-2026-del-par-explora-rm-norte\/#article","isPartOf":{"@id":"https:\/\/explora.cl\/rmnorte\/mas-de-100-estudiantes-participaron-en-el-lanzamiento-2026-del-par-explora-rm-norte\/"},"author":{"name":"dgarcia","@id":"https:\/\/explora.cl\/rmnorte\/#\/schema\/person\/4ad985b29a183eab4170892260e133a5"},"headline":"M\u00e1s de 100 estudiantes participaron en el lanzamiento 2026 del PAR Explora RM Norte","datePublished":"2026-03-20T19:08:21+00:00","dateModified":"2026-03-20T19:31:39+00:00","mainEntityOfPage":{"@id":"https:\/\/explora.cl\/rmnorte\/mas-de-100-estudiantes-participaron-en-el-lanzamiento-2026-del-par-explora-rm-norte\/"},"wordCount":720,"commentCount":0,"image":{"@id":"https:\/\/explora.cl\/rmnorte\/mas-de-100-estudiantes-participaron-en-el-lanzamiento-2026-del-par-explora-rm-norte\/#primaryimage"},"thumbnailUrl":"https:\/\/explora.cl\/rmnorte\/wp-content\/uploads\/sites\/11\/2026\/03\/Fto_Portada-scaled.png","keywords":["ACCDIS","EXPLORA","Explora 30 a\u00f1os","Ministerio de ciencia tecnologia conocimiento e innovaci\u00f3n","U de Chile"],"articleSection":["Banner","Noticias"],"inLanguage":"es-CL","potentialAction":[{"@type":"CommentAction","name":"Comment","target":["https:\/\/explora.cl\/rmnorte\/mas-de-100-estudiantes-participaron-en-el-lanzamiento-2026-del-par-explora-rm-norte\/#respond"]}]},{"@type":"WebPage","@id":"https:\/\/explora.cl\/rmnorte\/mas-de-100-estudiantes-participaron-en-el-lanzamiento-2026-del-par-explora-rm-norte\/","url":"https:\/\/explora.cl\/rmnorte\/mas-de-100-estudiantes-participaron-en-el-lanzamiento-2026-del-par-explora-rm-norte\/","name":"M\u00e1s de 100 estudiantes participaron en el lanzamiento 2026 del PAR Explora RM Norte - RM Norte","isPartOf":{"@id":"https:\/\/explora.cl\/rmnorte\/#website"},"primaryImageOfPage":{"@id":"https:\/\/explora.cl\/rmnorte\/mas-de-100-estudiantes-participaron-en-el-lanzamiento-2026-del-par-explora-rm-norte\/#primaryimage"},"image":{"@id":"https:\/\/explora.cl\/rmnorte\/mas-de-100-estudiantes-participaron-en-el-lanzamiento-2026-del-par-explora-rm-norte\/#primaryimage"},"thumbnailUrl":"https:\/\/explora.cl\/rmnorte\/wp-content\/uploads\/sites\/11\/2026\/03\/Fto_Portada-scaled.png","datePublished":"2026-03-20T19:08:21+00:00","dateModified":"2026-03-20T19:31:39+00:00","author":{"@id":"https:\/\/explora.cl\/rmnorte\/#\/schema\/person\/4ad985b29a183eab4170892260e133a5"},"breadcrumb":{"@id":"https:\/\/explora.cl\/rmnorte\/mas-de-100-estudiantes-participaron-en-el-lanzamiento-2026-del-par-explora-rm-norte\/#breadcrumb"},"inLanguage":"es-CL","potentialAction":[{"@type":"ReadAction","target":["https:\/\/explora.cl\/rmnorte\/mas-de-100-estudiantes-participaron-en-el-lanzamiento-2026-del-par-explora-rm-norte\/"]}]},{"@type":"ImageObject","inLanguage":"es-CL","@id":"https:\/\/explora.cl\/rmnorte\/mas-de-100-estudiantes-participaron-en-el-lanzamiento-2026-del-par-explora-rm-norte\/#primaryimage","url":"https:\/\/explora.cl\/rmnorte\/wp-content\/uploads\/sites\/11\/2026\/03\/Fto_Portada-scaled.png","contentUrl":"https:\/\/explora.cl\/rmnorte\/wp-content\/uploads\/sites\/11\/2026\/03\/Fto_Portada-scaled.png","width":2560,"height":1434},{"@type":"BreadcrumbList","@id":"https:\/\/explora.cl\/rmnorte\/mas-de-100-estudiantes-participaron-en-el-lanzamiento-2026-del-par-explora-rm-norte\/#breadcrumb","itemListElement":[{"@type":"ListItem","position":1,"name":"Portada","item":"https:\/\/explora.cl\/rmnorte\/"},{"@type":"ListItem","position":2,"name":"M\u00e1s de 100 estudiantes participaron en el lanzamiento 2026 del PAR Explora RM Norte"}]},{"@type":"WebSite","@id":"https:\/\/explora.cl\/rmnorte\/#website","url":"https:\/\/explora.cl\/rmnorte\/","name":"RM Norte","description":"RM Norte explora.cl","potentialAction":[{"@type":"SearchAction","target":{"@type":"EntryPoint","urlTemplate":"https:\/\/explora.cl\/rmnorte\/?s={search_term_string}"},"query-input":{"@type":"PropertyValueSpecification","valueRequired":true,"valueName":"search_term_string"}}],"inLanguage":"es-CL"},{"@type":"Person","@id":"https:\/\/explora.cl\/rmnorte\/#\/schema\/person\/4ad985b29a183eab4170892260e133a5","name":"dgarcia","image":{"@type":"ImageObject","inLanguage":"es-CL","@id":"https:\/\/explora.cl\/rmnorte\/#\/schema\/person\/image\/","url":"https:\/\/secure.gravatar.com\/avatar\/06e2fd9f68a0c19cd669ddc183de83489acab601aa57958e0f60175e5013e6b7?s=96&d=mm&r=g","contentUrl":"https:\/\/secure.gravatar.com\/avatar\/06e2fd9f68a0c19cd669ddc183de83489acab601aa57958e0f60175e5013e6b7?s=96&d=mm&r=g","caption":"dgarcia"},"url":"https:\/\/explora.cl\/rmnorte\/author\/dgarcia\/"}]}},"_links":{"self":[{"href":"https:\/\/explora.cl\/rmnorte\/wp-json\/wp\/v2\/posts\/43918","targetHints":{"allow":["GET"]}}],"collection":[{"href":"https:\/\/explora.cl\/rmnorte\/wp-json\/wp\/v2\/posts"}],"about":[{"href":"https:\/\/explora.cl\/rmnorte\/wp-json\/wp\/v2\/types\/post"}],"author":[{"embeddable":true,"href":"https:\/\/explora.cl\/rmnorte\/wp-json\/wp\/v2\/users\/26"}],"replies":[{"embeddable":true,"href":"https:\/\/explora.cl\/rmnorte\/wp-json\/wp\/v2\/comments?post=43918"}],"version-history":[{"count":14,"href":"https:\/\/explora.cl\/rmnorte\/wp-json\/wp\/v2\/posts\/43918\/revisions"}],"predecessor-version":[{"id":43940,"href":"https:\/\/explora.cl\/rmnorte\/wp-json\/wp\/v2\/posts\/43918\/revisions\/43940"}],"wp:featuredmedia":[{"embeddable":true,"href":"https:\/\/explora.cl\/rmnorte\/wp-json\/wp\/v2\/media\/43919"}],"wp:attachment":[{"href":"https:\/\/explora.cl\/rmnorte\/wp-json\/wp\/v2\/media?parent=43918"}],"wp:term":[{"taxonomy":"category","embeddable":true,"href":"https:\/\/explora.cl\/rmnorte\/wp-json\/wp\/v2\/categories?post=43918"},{"taxonomy":"post_tag","embeddable":true,"href":"https:\/\/explora.cl\/rmnorte\/wp-json\/wp\/v2\/tags?post=43918"}],"curies":[{"name":"wp","href":"https:\/\/api.w.org\/{rel}","templated":true}]}}