{"id":43646,"date":"2025-09-16T08:55:21","date_gmt":"2025-09-16T11:55:21","guid":{"rendered":"https:\/\/explora.cl\/rmnorte\/?p=43646"},"modified":"2025-09-16T09:04:07","modified_gmt":"2025-09-16T12:04:07","slug":"en-lo-personal-diria-que-explora-va-no-solo-me-dio-herramientas-me-devolvio-las-alas","status":"publish","type":"post","link":"https:\/\/explora.cl\/rmnorte\/en-lo-personal-diria-que-explora-va-no-solo-me-dio-herramientas-me-devolvio-las-alas\/","title":{"rendered":"\u201cEn lo personal, dir\u00eda que Explora VA! no solo me dio herramientas, me devolvi\u00f3 las alas\u201d"},"content":{"rendered":"<p><b>\u201cEn lo personal, dir\u00eda que Explora VA! no solo me dio herramientas, me devolvi\u00f3 las alas\u201d <\/b><\/p>\n<p><i><span style=\"font-weight: 400\">Coment\u00f3 Corina Rosario, docente del Liceo Rigoberto Fontt de la comuna de Colina y participante del Campamento Explora VA!, quien describi\u00f3 esta experiencia como transformadora y \u00fanica. <\/span><\/i><\/p>\n<p><span style=\"font-weight: 400\">Su historia comenz\u00f3 en 2023 con una simple convocatoria que lleg\u00f3 a su colegio, la que acept\u00f3 sin imaginar el impacto que tendr\u00eda. Durante cinco d\u00edas comparti\u00f3 aprendizajes con otros docentes, se reencontr\u00f3 con la pasi\u00f3n por innovar en el aula, explor\u00f3 la flora y fauna local, observ\u00f3 aves y vivi\u00f3 experiencias enriquecedoras junto a colegas de distintos rincones de la Regi\u00f3n Metropolitana.<\/span><\/p>\n<p><img fetchpriority=\"high\" decoding=\"async\" class=\"alignnone size-medium wp-image-43648\" src=\"https:\/\/explora.cl\/rmnorte\/wp-content\/uploads\/sites\/11\/2025\/09\/Profe-Cori-e1758022540370-300x196.jpeg\" alt=\"\" width=\"300\" height=\"196\" srcset=\"https:\/\/explora.cl\/rmnorte\/wp-content\/uploads\/sites\/11\/2025\/09\/Profe-Cori-e1758022540370-300x196.jpeg 300w, https:\/\/explora.cl\/rmnorte\/wp-content\/uploads\/sites\/11\/2025\/09\/Profe-Cori-e1758022540370-768x503.jpeg 768w, https:\/\/explora.cl\/rmnorte\/wp-content\/uploads\/sites\/11\/2025\/09\/Profe-Cori-e1758022540370.jpeg 892w\" sizes=\"(max-width: 300px) 100vw, 300px\" \/><\/p>\n<p><i><span style=\"font-weight: 400\">\u201cYo siempre he buscado innovar en mi sala de clases, pero la rutina a veces nos encierra, nos apaga un poquito. Al llegar al campamento sent\u00ed que algo se encend\u00eda en m\u00ed: record\u00e9 a esa profe que romp\u00eda esquemas, que disfrutaba salirse de lo com\u00fan y que se estaba perdiendo en la monoton\u00eda.\u201d cont\u00f3 la Profesora Corina. <\/span><\/i><\/p>\n<p><b><i>M\u00e1s all\u00e1 de campamento<\/i><\/b><\/p>\n<p><span style=\"font-weight: 400\">La docente destaca el acompa\u00f1amiento contin\u00fao, la formaci\u00f3n metodol\u00f3gica y las redes creadas, que la impulsaron a llevar nuevas experiencias a sus estudiantes y potenciar su ense\u00f1anza de la ciencia.\u00a0<\/span><\/p>\n<p><span style=\"font-weight: 400\">Durante este a\u00f1o lleg\u00f3 a ser semifinalista del Global Teacher Prize Chile 2025 y tambi\u00e9n, fue invitada al Ministerio del Medio Ambiente para presentar su proyecto de investigaci\u00f3n en la Plaza de la Constituci\u00f3n.<\/span><\/p>\n<p><span style=\"font-weight: 400\">Al d\u00eda de hoy, nos asegura que esta experiencia no fue solo una m\u00e1s en su carrera, sino un punto de inflexi\u00f3n en su vida profesional, \u201cen lo personal, dir\u00eda que Explora Va! no solo me dio herramientas, me devolvi\u00f3 las alas.\u201d<\/span><\/p>\n<p><b><i>Convocatoria abierta<\/i><\/b><\/p>\n<p><span style=\"font-weight: 400\">Este a\u00f1o el Proyecto Asociativo Explora RM Norte, vuelve a\u00a0 invitar a profesionales de la educaci\u00f3n a ser parte de una jornada de capacitaci\u00f3n \u00fanica que los ayudar\u00e1 a elevar sus pr\u00e1cticas pedag\u00f3gicas. <\/span><\/p>\n<p><img decoding=\"async\" class=\"alignnone size-medium wp-image-43649\" src=\"https:\/\/explora.cl\/rmnorte\/wp-content\/uploads\/sites\/11\/2025\/09\/Banner_Campamento-Explora-Va-1-300x161.png\" alt=\"\" width=\"300\" height=\"161\" srcset=\"https:\/\/explora.cl\/rmnorte\/wp-content\/uploads\/sites\/11\/2025\/09\/Banner_Campamento-Explora-Va-1-300x161.png 300w, https:\/\/explora.cl\/rmnorte\/wp-content\/uploads\/sites\/11\/2025\/09\/Banner_Campamento-Explora-Va-1-1024x551.png 1024w, https:\/\/explora.cl\/rmnorte\/wp-content\/uploads\/sites\/11\/2025\/09\/Banner_Campamento-Explora-Va-1-768x413.png 768w, https:\/\/explora.cl\/rmnorte\/wp-content\/uploads\/sites\/11\/2025\/09\/Banner_Campamento-Explora-Va-1-1536x826.png 1536w, https:\/\/explora.cl\/rmnorte\/wp-content\/uploads\/sites\/11\/2025\/09\/Banner_Campamento-Explora-Va-1-2048x1102.png 2048w\" sizes=\"(max-width: 300px) 100vw, 300px\" \/><\/p>\n<p><span style=\"font-weight: 400\">Con una proyecci\u00f3n que va m\u00e1s all\u00e1 de la instancia de socializaci\u00f3n, la iniciativa \u201cCampamento Explora VA!<\/span><b> Laboratorios Naturales: Reconociendo nuestro entorno 2025-2026\u201d<\/b><span style=\"font-weight: 400\"> busca acercar la ciencia y entregar herramientas que fortalezcan la ense\u00f1anza de la <\/span><b>Ciencia, Tecnolog\u00eda e Innovaci\u00f3n (CTCI)<\/b><span style=\"font-weight: 400\"> en sus comunidades educativas, potenciando su rol como agentes de cambio.<\/span><\/p>\n<p><span style=\"font-weight: 400\">Durante el campamento, los participantes explorar\u00e1n metodolog\u00edas de investigaci\u00f3n centradas en el reconocimiento del entorno mediante laboratorios naturales, desarrollando as\u00ed competencias cient\u00edficas. Recibir\u00e1n herramientas para replicar estas experiencias con sus estudiantes, incluyendo la creaci\u00f3n de herbarios, la observaci\u00f3n de aves y el an\u00e1lisis de datos, fomentando la construcci\u00f3n de conocimientos de manera significativa dentro de comunidades de aprendizaje.<\/span><\/p>\n<p><span style=\"font-weight: 400\">Las postulaciones se abrieron el pasado 31 de agosto y estar\u00e1 <\/span><b>disponible hasta el 15 de octubre<\/b><span style=\"font-weight: 400\"> de este a\u00f1o, esta actividad es completamente gratuita para los asistentes, considerando: considera transporte, alojamiento y pensi\u00f3n completa\u00a0<\/span><\/p>\n<p><span style=\"font-weight: 400\">Esta iniciativa es impulsada a trav\u00e9s del Ministerio de Ciencia, Tecnolog\u00eda e Innovaci\u00f3n y ejecutada por el Centro Avanzado de Enfermedades Cr\u00f3nicas (ACCDiS) a trav\u00e9s de la Facultad de Ciencias Qu\u00edmicas y Farmac\u00e9uticas de la Universidad de Chile.\u00a0<\/span><\/p>\n<p><span style=\"font-weight: 400\">Conoce m\u00e1s de la iniciativa aqui: <a href=\"https:\/\/explora.cl\/rmnorte\/atencion-ya-puedes-ser-parte-del-campamento-explora-va-2025\/\"><em>https:\/\/explora.cl\/rmnorte\/atencion-ya-puedes-ser-parte-del-campamento-explora-va-2025\/<\/em><\/a><\/span><\/p>\n","protected":false},"excerpt":{"rendered":"<p>\u201cEn lo personal, dir\u00eda que Explora VA! no solo me dio herramientas, me devolvi\u00f3 las alas\u201d Coment\u00f3 Corina Rosario, docente del Liceo Rigoberto Fontt de la comuna de Colina y participante del Campamento Explora VA!, quien describi\u00f3 esta experiencia como transformadora y \u00fanica. Su historia comenz\u00f3 en 2023 con una simple convocatoria que lleg\u00f3 a [&hellip;]<\/p>\n","protected":false},"author":26,"featured_media":43647,"comment_status":"open","ping_status":"open","sticky":false,"template":"","format":"standard","meta":{"_acf_changed":false,"_exactmetrics_skip_tracking":false,"_exactmetrics_sitenote_active":false,"_exactmetrics_sitenote_note":"","_exactmetrics_sitenote_category":0,"footnotes":"","_links_to":"","_links_to_target":""},"categories":[4],"tags":[],"class_list":["post-43646","post","type-post","status-publish","format-standard","has-post-thumbnail","hentry","category-noticias"],"acf":[],"yoast_head":"<!-- This site is optimized with the Yoast SEO plugin v26.9 - https:\/\/yoast.com\/product\/yoast-seo-wordpress\/ -->\n<title>\u201cEn lo personal, dir\u00eda que Explora VA! no solo me dio herramientas, me devolvi\u00f3 las alas\u201d - RM Norte<\/title>\n<meta name=\"robots\" content=\"index, follow, max-snippet:-1, max-image-preview:large, max-video-preview:-1\" \/>\n<link rel=\"canonical\" href=\"https:\/\/explora.cl\/rmnorte\/en-lo-personal-diria-que-explora-va-no-solo-me-dio-herramientas-me-devolvio-las-alas\/\" class=\"yoast-seo-meta-tag\" \/>\n<meta property=\"og:locale\" content=\"es_ES\" class=\"yoast-seo-meta-tag\" \/>\n<meta property=\"og:type\" content=\"article\" class=\"yoast-seo-meta-tag\" \/>\n<meta property=\"og:title\" content=\"\u201cEn lo personal, dir\u00eda que Explora VA! no solo me dio herramientas, me devolvi\u00f3 las alas\u201d - RM Norte\" class=\"yoast-seo-meta-tag\" \/>\n<meta property=\"og:description\" content=\"\u201cEn lo personal, dir\u00eda que Explora VA! no solo me dio herramientas, me devolvi\u00f3 las alas\u201d Coment\u00f3 Corina Rosario, docente del Liceo Rigoberto Fontt de la comuna de Colina y participante del Campamento Explora VA!, quien describi\u00f3 esta experiencia como transformadora y \u00fanica. Su historia comenz\u00f3 en 2023 con una simple convocatoria que lleg\u00f3 a [&hellip;]\" class=\"yoast-seo-meta-tag\" \/>\n<meta property=\"og:url\" content=\"https:\/\/explora.cl\/rmnorte\/en-lo-personal-diria-que-explora-va-no-solo-me-dio-herramientas-me-devolvio-las-alas\/\" class=\"yoast-seo-meta-tag\" \/>\n<meta property=\"og:site_name\" content=\"RM Norte\" class=\"yoast-seo-meta-tag\" \/>\n<meta property=\"article:published_time\" content=\"2025-09-16T11:55:21+00:00\" class=\"yoast-seo-meta-tag\" \/>\n<meta property=\"article:modified_time\" content=\"2025-09-16T12:04:07+00:00\" class=\"yoast-seo-meta-tag\" \/>\n<meta property=\"og:image\" content=\"https:\/\/explora.cl\/rmnorte\/wp-content\/uploads\/sites\/11\/2025\/09\/img02.png\" class=\"yoast-seo-meta-tag\" \/>\n\t<meta property=\"og:image:width\" content=\"1814\" class=\"yoast-seo-meta-tag\" \/>\n\t<meta property=\"og:image:height\" content=\"1209\" class=\"yoast-seo-meta-tag\" \/>\n\t<meta property=\"og:image:type\" content=\"image\/png\" class=\"yoast-seo-meta-tag\" \/>\n<meta name=\"author\" content=\"dgarcia\" class=\"yoast-seo-meta-tag\" \/>\n<meta name=\"twitter:card\" content=\"summary_large_image\" class=\"yoast-seo-meta-tag\" \/>\n<meta name=\"twitter:label1\" content=\"Escrito por\" class=\"yoast-seo-meta-tag\" \/>\n\t<meta name=\"twitter:data1\" content=\"dgarcia\" class=\"yoast-seo-meta-tag\" \/>\n\t<meta name=\"twitter:label2\" content=\"Tiempo estimado de lectura\" class=\"yoast-seo-meta-tag\" \/>\n\t<meta name=\"twitter:data2\" content=\"3 minutos\" class=\"yoast-seo-meta-tag\" \/>\n<script type=\"application\/ld+json\" class=\"yoast-schema-graph\">{\"@context\":\"https:\/\/schema.org\",\"@graph\":[{\"@type\":\"Article\",\"@id\":\"https:\/\/explora.cl\/rmnorte\/en-lo-personal-diria-que-explora-va-no-solo-me-dio-herramientas-me-devolvio-las-alas\/#article\",\"isPartOf\":{\"@id\":\"https:\/\/explora.cl\/rmnorte\/en-lo-personal-diria-que-explora-va-no-solo-me-dio-herramientas-me-devolvio-las-alas\/\"},\"author\":{\"name\":\"dgarcia\",\"@id\":\"https:\/\/explora.cl\/rmnorte\/#\/schema\/person\/4ad985b29a183eab4170892260e133a5\"},\"headline\":\"\u201cEn lo personal, dir\u00eda que Explora VA! no solo me dio herramientas, me devolvi\u00f3 las alas\u201d\",\"datePublished\":\"2025-09-16T11:55:21+00:00\",\"dateModified\":\"2025-09-16T12:04:07+00:00\",\"mainEntityOfPage\":{\"@id\":\"https:\/\/explora.cl\/rmnorte\/en-lo-personal-diria-que-explora-va-no-solo-me-dio-herramientas-me-devolvio-las-alas\/\"},\"wordCount\":568,\"commentCount\":0,\"image\":{\"@id\":\"https:\/\/explora.cl\/rmnorte\/en-lo-personal-diria-que-explora-va-no-solo-me-dio-herramientas-me-devolvio-las-alas\/#primaryimage\"},\"thumbnailUrl\":\"https:\/\/explora.cl\/rmnorte\/wp-content\/uploads\/sites\/11\/2025\/09\/img02.png\",\"articleSection\":[\"Noticias\"],\"inLanguage\":\"es-CL\",\"potentialAction\":[{\"@type\":\"CommentAction\",\"name\":\"Comment\",\"target\":[\"https:\/\/explora.cl\/rmnorte\/en-lo-personal-diria-que-explora-va-no-solo-me-dio-herramientas-me-devolvio-las-alas\/#respond\"]}]},{\"@type\":\"WebPage\",\"@id\":\"https:\/\/explora.cl\/rmnorte\/en-lo-personal-diria-que-explora-va-no-solo-me-dio-herramientas-me-devolvio-las-alas\/\",\"url\":\"https:\/\/explora.cl\/rmnorte\/en-lo-personal-diria-que-explora-va-no-solo-me-dio-herramientas-me-devolvio-las-alas\/\",\"name\":\"\u201cEn lo personal, dir\u00eda que Explora VA! no solo me dio herramientas, me devolvi\u00f3 las alas\u201d - RM Norte\",\"isPartOf\":{\"@id\":\"https:\/\/explora.cl\/rmnorte\/#website\"},\"primaryImageOfPage\":{\"@id\":\"https:\/\/explora.cl\/rmnorte\/en-lo-personal-diria-que-explora-va-no-solo-me-dio-herramientas-me-devolvio-las-alas\/#primaryimage\"},\"image\":{\"@id\":\"https:\/\/explora.cl\/rmnorte\/en-lo-personal-diria-que-explora-va-no-solo-me-dio-herramientas-me-devolvio-las-alas\/#primaryimage\"},\"thumbnailUrl\":\"https:\/\/explora.cl\/rmnorte\/wp-content\/uploads\/sites\/11\/2025\/09\/img02.png\",\"datePublished\":\"2025-09-16T11:55:21+00:00\",\"dateModified\":\"2025-09-16T12:04:07+00:00\",\"author\":{\"@id\":\"https:\/\/explora.cl\/rmnorte\/#\/schema\/person\/4ad985b29a183eab4170892260e133a5\"},\"breadcrumb\":{\"@id\":\"https:\/\/explora.cl\/rmnorte\/en-lo-personal-diria-que-explora-va-no-solo-me-dio-herramientas-me-devolvio-las-alas\/#breadcrumb\"},\"inLanguage\":\"es-CL\",\"potentialAction\":[{\"@type\":\"ReadAction\",\"target\":[\"https:\/\/explora.cl\/rmnorte\/en-lo-personal-diria-que-explora-va-no-solo-me-dio-herramientas-me-devolvio-las-alas\/\"]}]},{\"@type\":\"ImageObject\",\"inLanguage\":\"es-CL\",\"@id\":\"https:\/\/explora.cl\/rmnorte\/en-lo-personal-diria-que-explora-va-no-solo-me-dio-herramientas-me-devolvio-las-alas\/#primaryimage\",\"url\":\"https:\/\/explora.cl\/rmnorte\/wp-content\/uploads\/sites\/11\/2025\/09\/img02.png\",\"contentUrl\":\"https:\/\/explora.cl\/rmnorte\/wp-content\/uploads\/sites\/11\/2025\/09\/img02.png\",\"width\":1814,\"height\":1209},{\"@type\":\"BreadcrumbList\",\"@id\":\"https:\/\/explora.cl\/rmnorte\/en-lo-personal-diria-que-explora-va-no-solo-me-dio-herramientas-me-devolvio-las-alas\/#breadcrumb\",\"itemListElement\":[{\"@type\":\"ListItem\",\"position\":1,\"name\":\"Portada\",\"item\":\"https:\/\/explora.cl\/rmnorte\/\"},{\"@type\":\"ListItem\",\"position\":2,\"name\":\"\u201cEn lo personal, dir\u00eda que Explora VA! no solo me dio herramientas, me devolvi\u00f3 las alas\u201d\"}]},{\"@type\":\"WebSite\",\"@id\":\"https:\/\/explora.cl\/rmnorte\/#website\",\"url\":\"https:\/\/explora.cl\/rmnorte\/\",\"name\":\"RM Norte\",\"description\":\"RM Norte explora.cl\",\"potentialAction\":[{\"@type\":\"SearchAction\",\"target\":{\"@type\":\"EntryPoint\",\"urlTemplate\":\"https:\/\/explora.cl\/rmnorte\/?s={search_term_string}\"},\"query-input\":{\"@type\":\"PropertyValueSpecification\",\"valueRequired\":true,\"valueName\":\"search_term_string\"}}],\"inLanguage\":\"es-CL\"},{\"@type\":\"Person\",\"@id\":\"https:\/\/explora.cl\/rmnorte\/#\/schema\/person\/4ad985b29a183eab4170892260e133a5\",\"name\":\"dgarcia\",\"image\":{\"@type\":\"ImageObject\",\"inLanguage\":\"es-CL\",\"@id\":\"https:\/\/explora.cl\/rmnorte\/#\/schema\/person\/image\/\",\"url\":\"https:\/\/secure.gravatar.com\/avatar\/06e2fd9f68a0c19cd669ddc183de83489acab601aa57958e0f60175e5013e6b7?s=96&d=mm&r=g\",\"contentUrl\":\"https:\/\/secure.gravatar.com\/avatar\/06e2fd9f68a0c19cd669ddc183de83489acab601aa57958e0f60175e5013e6b7?s=96&d=mm&r=g\",\"caption\":\"dgarcia\"},\"url\":\"https:\/\/explora.cl\/rmnorte\/author\/dgarcia\/\"}]}<\/script>\n<!-- \/ Yoast SEO plugin. -->","yoast_head_json":{"title":"\u201cEn lo personal, dir\u00eda que Explora VA! no solo me dio herramientas, me devolvi\u00f3 las alas\u201d - RM Norte","robots":{"index":"index","follow":"follow","max-snippet":"max-snippet:-1","max-image-preview":"max-image-preview:large","max-video-preview":"max-video-preview:-1"},"canonical":"https:\/\/explora.cl\/rmnorte\/en-lo-personal-diria-que-explora-va-no-solo-me-dio-herramientas-me-devolvio-las-alas\/","og_locale":"es_ES","og_type":"article","og_title":"\u201cEn lo personal, dir\u00eda que Explora VA! no solo me dio herramientas, me devolvi\u00f3 las alas\u201d - RM Norte","og_description":"\u201cEn lo personal, dir\u00eda que Explora VA! no solo me dio herramientas, me devolvi\u00f3 las alas\u201d Coment\u00f3 Corina Rosario, docente del Liceo Rigoberto Fontt de la comuna de Colina y participante del Campamento Explora VA!, quien describi\u00f3 esta experiencia como transformadora y \u00fanica. Su historia comenz\u00f3 en 2023 con una simple convocatoria que lleg\u00f3 a [&hellip;]","og_url":"https:\/\/explora.cl\/rmnorte\/en-lo-personal-diria-que-explora-va-no-solo-me-dio-herramientas-me-devolvio-las-alas\/","og_site_name":"RM Norte","article_published_time":"2025-09-16T11:55:21+00:00","article_modified_time":"2025-09-16T12:04:07+00:00","og_image":[{"width":1814,"height":1209,"url":"https:\/\/explora.cl\/rmnorte\/wp-content\/uploads\/sites\/11\/2025\/09\/img02.png","type":"image\/png"}],"author":"dgarcia","twitter_card":"summary_large_image","twitter_misc":{"Escrito por":"dgarcia","Tiempo estimado de lectura":"3 minutos"},"schema":{"@context":"https:\/\/schema.org","@graph":[{"@type":"Article","@id":"https:\/\/explora.cl\/rmnorte\/en-lo-personal-diria-que-explora-va-no-solo-me-dio-herramientas-me-devolvio-las-alas\/#article","isPartOf":{"@id":"https:\/\/explora.cl\/rmnorte\/en-lo-personal-diria-que-explora-va-no-solo-me-dio-herramientas-me-devolvio-las-alas\/"},"author":{"name":"dgarcia","@id":"https:\/\/explora.cl\/rmnorte\/#\/schema\/person\/4ad985b29a183eab4170892260e133a5"},"headline":"\u201cEn lo personal, dir\u00eda que Explora VA! no solo me dio herramientas, me devolvi\u00f3 las alas\u201d","datePublished":"2025-09-16T11:55:21+00:00","dateModified":"2025-09-16T12:04:07+00:00","mainEntityOfPage":{"@id":"https:\/\/explora.cl\/rmnorte\/en-lo-personal-diria-que-explora-va-no-solo-me-dio-herramientas-me-devolvio-las-alas\/"},"wordCount":568,"commentCount":0,"image":{"@id":"https:\/\/explora.cl\/rmnorte\/en-lo-personal-diria-que-explora-va-no-solo-me-dio-herramientas-me-devolvio-las-alas\/#primaryimage"},"thumbnailUrl":"https:\/\/explora.cl\/rmnorte\/wp-content\/uploads\/sites\/11\/2025\/09\/img02.png","articleSection":["Noticias"],"inLanguage":"es-CL","potentialAction":[{"@type":"CommentAction","name":"Comment","target":["https:\/\/explora.cl\/rmnorte\/en-lo-personal-diria-que-explora-va-no-solo-me-dio-herramientas-me-devolvio-las-alas\/#respond"]}]},{"@type":"WebPage","@id":"https:\/\/explora.cl\/rmnorte\/en-lo-personal-diria-que-explora-va-no-solo-me-dio-herramientas-me-devolvio-las-alas\/","url":"https:\/\/explora.cl\/rmnorte\/en-lo-personal-diria-que-explora-va-no-solo-me-dio-herramientas-me-devolvio-las-alas\/","name":"\u201cEn lo personal, dir\u00eda que Explora VA! no solo me dio herramientas, me devolvi\u00f3 las alas\u201d - RM Norte","isPartOf":{"@id":"https:\/\/explora.cl\/rmnorte\/#website"},"primaryImageOfPage":{"@id":"https:\/\/explora.cl\/rmnorte\/en-lo-personal-diria-que-explora-va-no-solo-me-dio-herramientas-me-devolvio-las-alas\/#primaryimage"},"image":{"@id":"https:\/\/explora.cl\/rmnorte\/en-lo-personal-diria-que-explora-va-no-solo-me-dio-herramientas-me-devolvio-las-alas\/#primaryimage"},"thumbnailUrl":"https:\/\/explora.cl\/rmnorte\/wp-content\/uploads\/sites\/11\/2025\/09\/img02.png","datePublished":"2025-09-16T11:55:21+00:00","dateModified":"2025-09-16T12:04:07+00:00","author":{"@id":"https:\/\/explora.cl\/rmnorte\/#\/schema\/person\/4ad985b29a183eab4170892260e133a5"},"breadcrumb":{"@id":"https:\/\/explora.cl\/rmnorte\/en-lo-personal-diria-que-explora-va-no-solo-me-dio-herramientas-me-devolvio-las-alas\/#breadcrumb"},"inLanguage":"es-CL","potentialAction":[{"@type":"ReadAction","target":["https:\/\/explora.cl\/rmnorte\/en-lo-personal-diria-que-explora-va-no-solo-me-dio-herramientas-me-devolvio-las-alas\/"]}]},{"@type":"ImageObject","inLanguage":"es-CL","@id":"https:\/\/explora.cl\/rmnorte\/en-lo-personal-diria-que-explora-va-no-solo-me-dio-herramientas-me-devolvio-las-alas\/#primaryimage","url":"https:\/\/explora.cl\/rmnorte\/wp-content\/uploads\/sites\/11\/2025\/09\/img02.png","contentUrl":"https:\/\/explora.cl\/rmnorte\/wp-content\/uploads\/sites\/11\/2025\/09\/img02.png","width":1814,"height":1209},{"@type":"BreadcrumbList","@id":"https:\/\/explora.cl\/rmnorte\/en-lo-personal-diria-que-explora-va-no-solo-me-dio-herramientas-me-devolvio-las-alas\/#breadcrumb","itemListElement":[{"@type":"ListItem","position":1,"name":"Portada","item":"https:\/\/explora.cl\/rmnorte\/"},{"@type":"ListItem","position":2,"name":"\u201cEn lo personal, dir\u00eda que Explora VA! no solo me dio herramientas, me devolvi\u00f3 las alas\u201d"}]},{"@type":"WebSite","@id":"https:\/\/explora.cl\/rmnorte\/#website","url":"https:\/\/explora.cl\/rmnorte\/","name":"RM Norte","description":"RM Norte explora.cl","potentialAction":[{"@type":"SearchAction","target":{"@type":"EntryPoint","urlTemplate":"https:\/\/explora.cl\/rmnorte\/?s={search_term_string}"},"query-input":{"@type":"PropertyValueSpecification","valueRequired":true,"valueName":"search_term_string"}}],"inLanguage":"es-CL"},{"@type":"Person","@id":"https:\/\/explora.cl\/rmnorte\/#\/schema\/person\/4ad985b29a183eab4170892260e133a5","name":"dgarcia","image":{"@type":"ImageObject","inLanguage":"es-CL","@id":"https:\/\/explora.cl\/rmnorte\/#\/schema\/person\/image\/","url":"https:\/\/secure.gravatar.com\/avatar\/06e2fd9f68a0c19cd669ddc183de83489acab601aa57958e0f60175e5013e6b7?s=96&d=mm&r=g","contentUrl":"https:\/\/secure.gravatar.com\/avatar\/06e2fd9f68a0c19cd669ddc183de83489acab601aa57958e0f60175e5013e6b7?s=96&d=mm&r=g","caption":"dgarcia"},"url":"https:\/\/explora.cl\/rmnorte\/author\/dgarcia\/"}]}},"_links":{"self":[{"href":"https:\/\/explora.cl\/rmnorte\/wp-json\/wp\/v2\/posts\/43646","targetHints":{"allow":["GET"]}}],"collection":[{"href":"https:\/\/explora.cl\/rmnorte\/wp-json\/wp\/v2\/posts"}],"about":[{"href":"https:\/\/explora.cl\/rmnorte\/wp-json\/wp\/v2\/types\/post"}],"author":[{"embeddable":true,"href":"https:\/\/explora.cl\/rmnorte\/wp-json\/wp\/v2\/users\/26"}],"replies":[{"embeddable":true,"href":"https:\/\/explora.cl\/rmnorte\/wp-json\/wp\/v2\/comments?post=43646"}],"version-history":[{"count":5,"href":"https:\/\/explora.cl\/rmnorte\/wp-json\/wp\/v2\/posts\/43646\/revisions"}],"predecessor-version":[{"id":43655,"href":"https:\/\/explora.cl\/rmnorte\/wp-json\/wp\/v2\/posts\/43646\/revisions\/43655"}],"wp:featuredmedia":[{"embeddable":true,"href":"https:\/\/explora.cl\/rmnorte\/wp-json\/wp\/v2\/media\/43647"}],"wp:attachment":[{"href":"https:\/\/explora.cl\/rmnorte\/wp-json\/wp\/v2\/media?parent=43646"}],"wp:term":[{"taxonomy":"category","embeddable":true,"href":"https:\/\/explora.cl\/rmnorte\/wp-json\/wp\/v2\/categories?post=43646"},{"taxonomy":"post_tag","embeddable":true,"href":"https:\/\/explora.cl\/rmnorte\/wp-json\/wp\/v2\/tags?post=43646"}],"curies":[{"name":"wp","href":"https:\/\/api.w.org\/{rel}","templated":true}]}}