{"id":43626,"date":"2025-09-15T13:32:46","date_gmt":"2025-09-15T16:32:46","guid":{"rendered":"https:\/\/explora.cl\/rmnorte\/?p=43626"},"modified":"2025-09-16T09:07:57","modified_gmt":"2025-09-16T12:07:57","slug":"pichinco-inicio-sus-actividades-con-docentes-de-la-rm-norte","status":"publish","type":"post","link":"https:\/\/explora.cl\/rmnorte\/pichinco-inicio-sus-actividades-con-docentes-de-la-rm-norte\/","title":{"rendered":"PichinCO inici\u00f3 sus actividades con docentes de la  RM Norte"},"content":{"rendered":"<p style=\"text-align: center\"><strong>A finales de agosto se dio inicio a PichinCO<\/strong>: en busca del agua, con la realizaci\u00f3n de su primera jornada de transferencia metodol\u00f3gica. La actividad reuni\u00f3 a <strong>46 docentes <\/strong>seleccionados, quienes participaron en una instancia de socializaci\u00f3n y capacitaci\u00f3n sobre la implementaci\u00f3n del \u00e1lbum pedag\u00f3gico.<\/p>\n<p style=\"text-align: center\">La jornada se desarroll\u00f3 en el campus <strong>Occidente de la Facultad de Medicina de la <\/strong><strong>Universidad de Chile<\/strong>, donde las y los asistentes vivieron una experiencia de aprendizaje y colaboraci\u00f3n en torno a la ciencia, la educaci\u00f3n y la naturaleza. Durante la ma\u00f1ana, se realizaron diversas actividades te\u00f3rico-pr\u00e1cticas, se mostr\u00f3 el \u00e1lbum <strong>PichinCO<\/strong> a los docentes, se realiz\u00f3 una charla sobre <strong>\u201cCiclo de Indagaci\u00f3n&#8221;<\/strong> y posteriormente se present\u00f3 el Modelo de Competencias Explora.<\/p>\n<p><img fetchpriority=\"high\" decoding=\"async\" class=\"size-medium wp-image-43630 alignright\" src=\"https:\/\/explora.cl\/rmnorte\/wp-content\/uploads\/sites\/11\/2025\/09\/Rolando-Pavez-300x260.jpeg\" alt=\"\" width=\"300\" height=\"260\" srcset=\"https:\/\/explora.cl\/rmnorte\/wp-content\/uploads\/sites\/11\/2025\/09\/Rolando-Pavez-300x260.jpeg 300w, https:\/\/explora.cl\/rmnorte\/wp-content\/uploads\/sites\/11\/2025\/09\/Rolando-Pavez-1024x886.jpeg 1024w, https:\/\/explora.cl\/rmnorte\/wp-content\/uploads\/sites\/11\/2025\/09\/Rolando-Pavez-768x664.jpeg 768w, https:\/\/explora.cl\/rmnorte\/wp-content\/uploads\/sites\/11\/2025\/09\/Rolando-Pavez-1536x1329.jpeg 1536w, https:\/\/explora.cl\/rmnorte\/wp-content\/uploads\/sites\/11\/2025\/09\/Rolando-Pavez.jpeg 1600w\" sizes=\"(max-width: 300px) 100vw, 300px\" \/><\/p>\n<p>&nbsp;<\/p>\n<p style=\"text-align: left\"><strong>\u201cEl \u00e1lbum y los personajes es una propuesta atractiva y did\u00e1ctica para los estudiantes, siendo la segunda vez que trabajamos esta iniciativa, estamos muy entusiasmados de poder continuar este y el pr\u00f3ximo a\u00f1o\u201d,<\/strong> coment\u00f3 Rolando Pav\u00e9z, profesor de Ciencias Naturales de la Escuela Santa Teresita, comuna de Independencia.<\/p>\n<p>&nbsp;<\/p>\n<p>&nbsp;<\/p>\n<p>&nbsp;<\/p>\n<p>En el mismo contexto, Mar\u00eda Jos\u00e9 Araya, asistente de aula de la comuna de Mar\u00eda Pinto cont\u00f3 su experiencia \u201cla jornada del d\u00eda de hoy fue muy entretenida, nos entregaron diferentes herramientas para el aula, las actividades nos ayudar\u00e1n mucho con nuestros estudiantes\u201d.<\/p>\n<p><img decoding=\"async\" class=\"wp-image-43629 size-medium alignleft\" src=\"https:\/\/explora.cl\/rmnorte\/wp-content\/uploads\/sites\/11\/2025\/09\/Carmen-Espoz-scaled-e1757951640250-295x300.jpg\" alt=\"\" width=\"295\" height=\"300\" srcset=\"https:\/\/explora.cl\/rmnorte\/wp-content\/uploads\/sites\/11\/2025\/09\/Carmen-Espoz-scaled-e1757951640250-295x300.jpg 295w, https:\/\/explora.cl\/rmnorte\/wp-content\/uploads\/sites\/11\/2025\/09\/Carmen-Espoz-scaled-e1757951640250-1008x1024.jpg 1008w, https:\/\/explora.cl\/rmnorte\/wp-content\/uploads\/sites\/11\/2025\/09\/Carmen-Espoz-scaled-e1757951640250-768x780.jpg 768w, https:\/\/explora.cl\/rmnorte\/wp-content\/uploads\/sites\/11\/2025\/09\/Carmen-Espoz-scaled-e1757951640250-1512x1536.jpg 1512w, https:\/\/explora.cl\/rmnorte\/wp-content\/uploads\/sites\/11\/2025\/09\/Carmen-Espoz-scaled-e1757951640250-60x60.jpg 60w, https:\/\/explora.cl\/rmnorte\/wp-content\/uploads\/sites\/11\/2025\/09\/Carmen-Espoz-scaled-e1757951640250.jpg 1664w\" sizes=\"(max-width: 295px) 100vw, 295px\" \/>En la tarde, las y los docentes participaron en dos charlas, la primera, \u201cEl agua como recurso pedag\u00f3gico\u201d, dictada por Carmen Espoz, decana de la Facultad de Ciencias y directora del Centro Bah\u00eda Lomas de la Universidad Santo Tom\u00e1s, quien reflexion\u00f3 sobre c\u00f3mo trabajar esta tem\u00e1tica con estudiantes y c\u00f3mo PichinCO integra la problem\u00e1tica h\u00eddrica. \u201cAqu\u00ed hay un tesoro que hay que cuidar, que es el trabajo con docentes, es un gran aliado tener socios impulsores del cuidado del agua\u201d, destac\u00f3 la Dra. Espoz.<\/p>\n<p>&nbsp;<\/p>\n<p>&nbsp;<\/p>\n<p>&nbsp;<\/p>\n<p>&nbsp;<\/p>\n<p>&nbsp;<\/p>\n<p><span style=\"font-weight: 400\">Luego, la Red de Observadores de Aves y Vida Silvestre de Chile (ROC) desarroll\u00f3 un taller <\/span><b>\u201cVamos a pajarear: observando y reconociendo a nuestras aves\u201d<\/b><span style=\"font-weight: 400\">, donde las y los participantes identificaron a los personajes de PichinCO y realizaron una salida al Parque Quinta Normal para reconocer distintas aves urbanas.<\/span><\/p>\n<p><img decoding=\"async\" class=\"alignnone size-medium wp-image-43627\" src=\"https:\/\/explora.cl\/rmnorte\/wp-content\/uploads\/sites\/11\/2025\/09\/IMG_2822-300x200.jpg\" alt=\"\" width=\"300\" height=\"200\" srcset=\"https:\/\/explora.cl\/rmnorte\/wp-content\/uploads\/sites\/11\/2025\/09\/IMG_2822-300x200.jpg 300w, https:\/\/explora.cl\/rmnorte\/wp-content\/uploads\/sites\/11\/2025\/09\/IMG_2822-1024x683.jpg 1024w, https:\/\/explora.cl\/rmnorte\/wp-content\/uploads\/sites\/11\/2025\/09\/IMG_2822-768x512.jpg 768w, https:\/\/explora.cl\/rmnorte\/wp-content\/uploads\/sites\/11\/2025\/09\/IMG_2822-1536x1024.jpg 1536w, https:\/\/explora.cl\/rmnorte\/wp-content\/uploads\/sites\/11\/2025\/09\/IMG_2822-2048x1365.jpg 2048w\" sizes=\"(max-width: 300px) 100vw, 300px\" \/><\/p>\n<p data-wp-editing=\"1\"><img loading=\"lazy\" decoding=\"async\" class=\"alignleft wp-image-43628 size-medium\" src=\"https:\/\/explora.cl\/rmnorte\/wp-content\/uploads\/sites\/11\/2025\/09\/Carolina-Delgado-scaled-e1757953707859-300x200.jpg\" alt=\"\" width=\"300\" height=\"200\" srcset=\"https:\/\/explora.cl\/rmnorte\/wp-content\/uploads\/sites\/11\/2025\/09\/Carolina-Delgado-scaled-e1757953707859-300x200.jpg 300w, https:\/\/explora.cl\/rmnorte\/wp-content\/uploads\/sites\/11\/2025\/09\/Carolina-Delgado-scaled-e1757953707859-1024x684.jpg 1024w, https:\/\/explora.cl\/rmnorte\/wp-content\/uploads\/sites\/11\/2025\/09\/Carolina-Delgado-scaled-e1757953707859-768x513.jpg 768w, https:\/\/explora.cl\/rmnorte\/wp-content\/uploads\/sites\/11\/2025\/09\/Carolina-Delgado-scaled-e1757953707859-1536x1026.jpg 1536w, https:\/\/explora.cl\/rmnorte\/wp-content\/uploads\/sites\/11\/2025\/09\/Carolina-Delgado-scaled-e1757953707859.jpg 1707w\" sizes=\"(max-width: 300px) 100vw, 300px\" \/><span style=\"font-weight: 400\">\u201cMe siento s\u00faper contenta con la actividad, es la primera vez que participo y me entregaron un aprendizaje muy significativo, con herramientas para implementar el \u00e1lbum con mis estudiantes\u201d, se\u00f1al\u00f3 <\/span><b>Carolina Delgado<\/b><span style=\"font-weight: 400\">, profesora de Ciencias Naturales de la Escuela Espa\u00f1a, comuna de Recoleta.<\/span><\/p>\n<p>&nbsp;<\/p>\n<p>&nbsp;<\/p>\n<p>&nbsp;<\/p>\n<p>&nbsp;<\/p>\n<p><span style=\"font-weight: 400\">La jornada finaliz\u00f3 con la entrega del \u00e1lbum PichinCO: en busca del agua a cada docente y sus estudiantes, quienes ser\u00e1n agentes clave en la implementaci\u00f3n de esta metodolog\u00eda que se desarrollar\u00e1 durante 2025 &#8211; 2026.<\/span><\/p>\n<p><img loading=\"lazy\" decoding=\"async\" class=\"alignnone size-medium wp-image-43641\" src=\"https:\/\/explora.cl\/rmnorte\/wp-content\/uploads\/sites\/11\/2025\/09\/img1-300x200.png\" alt=\"\" width=\"300\" height=\"200\" srcset=\"https:\/\/explora.cl\/rmnorte\/wp-content\/uploads\/sites\/11\/2025\/09\/img1-300x200.png 300w, https:\/\/explora.cl\/rmnorte\/wp-content\/uploads\/sites\/11\/2025\/09\/img1-1024x683.png 1024w, https:\/\/explora.cl\/rmnorte\/wp-content\/uploads\/sites\/11\/2025\/09\/img1-768x512.png 768w, https:\/\/explora.cl\/rmnorte\/wp-content\/uploads\/sites\/11\/2025\/09\/img1-1536x1025.png 1536w, https:\/\/explora.cl\/rmnorte\/wp-content\/uploads\/sites\/11\/2025\/09\/img1.png 1736w\" sizes=\"(max-width: 300px) 100vw, 300px\" \/><\/p>\n<p>&nbsp;<\/p>\n","protected":false},"excerpt":{"rendered":"<p>A finales de agosto se dio inicio a PichinCO: en busca del agua, con la realizaci\u00f3n de su primera jornada de transferencia metodol\u00f3gica. La actividad reuni\u00f3 a 46 docentes seleccionados, quienes participaron en una instancia de socializaci\u00f3n y capacitaci\u00f3n sobre la implementaci\u00f3n del \u00e1lbum pedag\u00f3gico. La jornada se desarroll\u00f3 en el campus Occidente de la [&hellip;]<\/p>\n","protected":false},"author":26,"featured_media":43633,"comment_status":"open","ping_status":"open","sticky":false,"template":"","format":"standard","meta":{"_acf_changed":false,"_exactmetrics_skip_tracking":false,"_exactmetrics_sitenote_active":false,"_exactmetrics_sitenote_note":"","_exactmetrics_sitenote_category":0,"footnotes":"","_links_to":"","_links_to_target":""},"categories":[4],"tags":[],"class_list":["post-43626","post","type-post","status-publish","format-standard","has-post-thumbnail","hentry","category-noticias"],"acf":[],"yoast_head":"<!-- This site is optimized with the Yoast SEO plugin v26.9 - https:\/\/yoast.com\/product\/yoast-seo-wordpress\/ -->\n<title>PichinCO inici\u00f3 sus actividades con docentes de la RM Norte - RM Norte<\/title>\n<meta name=\"robots\" content=\"index, follow, max-snippet:-1, max-image-preview:large, max-video-preview:-1\" \/>\n<link rel=\"canonical\" href=\"https:\/\/explora.cl\/rmnorte\/pichinco-inicio-sus-actividades-con-docentes-de-la-rm-norte\/\" class=\"yoast-seo-meta-tag\" \/>\n<meta property=\"og:locale\" content=\"es_ES\" class=\"yoast-seo-meta-tag\" \/>\n<meta property=\"og:type\" content=\"article\" class=\"yoast-seo-meta-tag\" \/>\n<meta property=\"og:title\" content=\"PichinCO inici\u00f3 sus actividades con docentes de la RM Norte - RM Norte\" class=\"yoast-seo-meta-tag\" \/>\n<meta property=\"og:description\" content=\"A finales de agosto se dio inicio a PichinCO: en busca del agua, con la realizaci\u00f3n de su primera jornada de transferencia metodol\u00f3gica. La actividad reuni\u00f3 a 46 docentes seleccionados, quienes participaron en una instancia de socializaci\u00f3n y capacitaci\u00f3n sobre la implementaci\u00f3n del \u00e1lbum pedag\u00f3gico. La jornada se desarroll\u00f3 en el campus Occidente de la [&hellip;]\" class=\"yoast-seo-meta-tag\" \/>\n<meta property=\"og:url\" content=\"https:\/\/explora.cl\/rmnorte\/pichinco-inicio-sus-actividades-con-docentes-de-la-rm-norte\/\" class=\"yoast-seo-meta-tag\" \/>\n<meta property=\"og:site_name\" content=\"RM Norte\" class=\"yoast-seo-meta-tag\" \/>\n<meta property=\"article:published_time\" content=\"2025-09-15T16:32:46+00:00\" class=\"yoast-seo-meta-tag\" \/>\n<meta property=\"article:modified_time\" content=\"2025-09-16T12:07:57+00:00\" class=\"yoast-seo-meta-tag\" \/>\n<meta property=\"og:image\" content=\"https:\/\/explora.cl\/rmnorte\/wp-content\/uploads\/sites\/11\/2025\/09\/IMG_2791.png\" class=\"yoast-seo-meta-tag\" \/>\n\t<meta property=\"og:image:width\" content=\"1800\" class=\"yoast-seo-meta-tag\" \/>\n\t<meta property=\"og:image:height\" content=\"974\" class=\"yoast-seo-meta-tag\" \/>\n\t<meta property=\"og:image:type\" content=\"image\/png\" class=\"yoast-seo-meta-tag\" \/>\n<meta name=\"author\" content=\"dgarcia\" class=\"yoast-seo-meta-tag\" \/>\n<meta name=\"twitter:card\" content=\"summary_large_image\" class=\"yoast-seo-meta-tag\" \/>\n<meta name=\"twitter:label1\" content=\"Escrito por\" class=\"yoast-seo-meta-tag\" \/>\n\t<meta name=\"twitter:data1\" content=\"dgarcia\" class=\"yoast-seo-meta-tag\" \/>\n\t<meta name=\"twitter:label2\" content=\"Tiempo estimado de lectura\" class=\"yoast-seo-meta-tag\" \/>\n\t<meta name=\"twitter:data2\" content=\"4 minutos\" class=\"yoast-seo-meta-tag\" \/>\n<script type=\"application\/ld+json\" class=\"yoast-schema-graph\">{\"@context\":\"https:\/\/schema.org\",\"@graph\":[{\"@type\":\"Article\",\"@id\":\"https:\/\/explora.cl\/rmnorte\/pichinco-inicio-sus-actividades-con-docentes-de-la-rm-norte\/#article\",\"isPartOf\":{\"@id\":\"https:\/\/explora.cl\/rmnorte\/pichinco-inicio-sus-actividades-con-docentes-de-la-rm-norte\/\"},\"author\":{\"name\":\"dgarcia\",\"@id\":\"https:\/\/explora.cl\/rmnorte\/#\/schema\/person\/4ad985b29a183eab4170892260e133a5\"},\"headline\":\"PichinCO inici\u00f3 sus actividades con docentes de la RM Norte\",\"datePublished\":\"2025-09-15T16:32:46+00:00\",\"dateModified\":\"2025-09-16T12:07:57+00:00\",\"mainEntityOfPage\":{\"@id\":\"https:\/\/explora.cl\/rmnorte\/pichinco-inicio-sus-actividades-con-docentes-de-la-rm-norte\/\"},\"wordCount\":476,\"commentCount\":0,\"image\":{\"@id\":\"https:\/\/explora.cl\/rmnorte\/pichinco-inicio-sus-actividades-con-docentes-de-la-rm-norte\/#primaryimage\"},\"thumbnailUrl\":\"https:\/\/explora.cl\/rmnorte\/wp-content\/uploads\/sites\/11\/2025\/09\/IMG_2791.png\",\"articleSection\":[\"Noticias\"],\"inLanguage\":\"es-CL\",\"potentialAction\":[{\"@type\":\"CommentAction\",\"name\":\"Comment\",\"target\":[\"https:\/\/explora.cl\/rmnorte\/pichinco-inicio-sus-actividades-con-docentes-de-la-rm-norte\/#respond\"]}]},{\"@type\":\"WebPage\",\"@id\":\"https:\/\/explora.cl\/rmnorte\/pichinco-inicio-sus-actividades-con-docentes-de-la-rm-norte\/\",\"url\":\"https:\/\/explora.cl\/rmnorte\/pichinco-inicio-sus-actividades-con-docentes-de-la-rm-norte\/\",\"name\":\"PichinCO inici\u00f3 sus actividades con docentes de la RM Norte - RM Norte\",\"isPartOf\":{\"@id\":\"https:\/\/explora.cl\/rmnorte\/#website\"},\"primaryImageOfPage\":{\"@id\":\"https:\/\/explora.cl\/rmnorte\/pichinco-inicio-sus-actividades-con-docentes-de-la-rm-norte\/#primaryimage\"},\"image\":{\"@id\":\"https:\/\/explora.cl\/rmnorte\/pichinco-inicio-sus-actividades-con-docentes-de-la-rm-norte\/#primaryimage\"},\"thumbnailUrl\":\"https:\/\/explora.cl\/rmnorte\/wp-content\/uploads\/sites\/11\/2025\/09\/IMG_2791.png\",\"datePublished\":\"2025-09-15T16:32:46+00:00\",\"dateModified\":\"2025-09-16T12:07:57+00:00\",\"author\":{\"@id\":\"https:\/\/explora.cl\/rmnorte\/#\/schema\/person\/4ad985b29a183eab4170892260e133a5\"},\"breadcrumb\":{\"@id\":\"https:\/\/explora.cl\/rmnorte\/pichinco-inicio-sus-actividades-con-docentes-de-la-rm-norte\/#breadcrumb\"},\"inLanguage\":\"es-CL\",\"potentialAction\":[{\"@type\":\"ReadAction\",\"target\":[\"https:\/\/explora.cl\/rmnorte\/pichinco-inicio-sus-actividades-con-docentes-de-la-rm-norte\/\"]}]},{\"@type\":\"ImageObject\",\"inLanguage\":\"es-CL\",\"@id\":\"https:\/\/explora.cl\/rmnorte\/pichinco-inicio-sus-actividades-con-docentes-de-la-rm-norte\/#primaryimage\",\"url\":\"https:\/\/explora.cl\/rmnorte\/wp-content\/uploads\/sites\/11\/2025\/09\/IMG_2791.png\",\"contentUrl\":\"https:\/\/explora.cl\/rmnorte\/wp-content\/uploads\/sites\/11\/2025\/09\/IMG_2791.png\",\"width\":1800,\"height\":974},{\"@type\":\"BreadcrumbList\",\"@id\":\"https:\/\/explora.cl\/rmnorte\/pichinco-inicio-sus-actividades-con-docentes-de-la-rm-norte\/#breadcrumb\",\"itemListElement\":[{\"@type\":\"ListItem\",\"position\":1,\"name\":\"Portada\",\"item\":\"https:\/\/explora.cl\/rmnorte\/\"},{\"@type\":\"ListItem\",\"position\":2,\"name\":\"PichinCO inici\u00f3 sus actividades con docentes de la RM Norte\"}]},{\"@type\":\"WebSite\",\"@id\":\"https:\/\/explora.cl\/rmnorte\/#website\",\"url\":\"https:\/\/explora.cl\/rmnorte\/\",\"name\":\"RM Norte\",\"description\":\"RM Norte explora.cl\",\"potentialAction\":[{\"@type\":\"SearchAction\",\"target\":{\"@type\":\"EntryPoint\",\"urlTemplate\":\"https:\/\/explora.cl\/rmnorte\/?s={search_term_string}\"},\"query-input\":{\"@type\":\"PropertyValueSpecification\",\"valueRequired\":true,\"valueName\":\"search_term_string\"}}],\"inLanguage\":\"es-CL\"},{\"@type\":\"Person\",\"@id\":\"https:\/\/explora.cl\/rmnorte\/#\/schema\/person\/4ad985b29a183eab4170892260e133a5\",\"name\":\"dgarcia\",\"image\":{\"@type\":\"ImageObject\",\"inLanguage\":\"es-CL\",\"@id\":\"https:\/\/explora.cl\/rmnorte\/#\/schema\/person\/image\/\",\"url\":\"https:\/\/secure.gravatar.com\/avatar\/06e2fd9f68a0c19cd669ddc183de83489acab601aa57958e0f60175e5013e6b7?s=96&d=mm&r=g\",\"contentUrl\":\"https:\/\/secure.gravatar.com\/avatar\/06e2fd9f68a0c19cd669ddc183de83489acab601aa57958e0f60175e5013e6b7?s=96&d=mm&r=g\",\"caption\":\"dgarcia\"},\"url\":\"https:\/\/explora.cl\/rmnorte\/author\/dgarcia\/\"}]}<\/script>\n<!-- \/ Yoast SEO plugin. -->","yoast_head_json":{"title":"PichinCO inici\u00f3 sus actividades con docentes de la RM Norte - RM Norte","robots":{"index":"index","follow":"follow","max-snippet":"max-snippet:-1","max-image-preview":"max-image-preview:large","max-video-preview":"max-video-preview:-1"},"canonical":"https:\/\/explora.cl\/rmnorte\/pichinco-inicio-sus-actividades-con-docentes-de-la-rm-norte\/","og_locale":"es_ES","og_type":"article","og_title":"PichinCO inici\u00f3 sus actividades con docentes de la RM Norte - RM Norte","og_description":"A finales de agosto se dio inicio a PichinCO: en busca del agua, con la realizaci\u00f3n de su primera jornada de transferencia metodol\u00f3gica. La actividad reuni\u00f3 a 46 docentes seleccionados, quienes participaron en una instancia de socializaci\u00f3n y capacitaci\u00f3n sobre la implementaci\u00f3n del \u00e1lbum pedag\u00f3gico. La jornada se desarroll\u00f3 en el campus Occidente de la [&hellip;]","og_url":"https:\/\/explora.cl\/rmnorte\/pichinco-inicio-sus-actividades-con-docentes-de-la-rm-norte\/","og_site_name":"RM Norte","article_published_time":"2025-09-15T16:32:46+00:00","article_modified_time":"2025-09-16T12:07:57+00:00","og_image":[{"width":1800,"height":974,"url":"https:\/\/explora.cl\/rmnorte\/wp-content\/uploads\/sites\/11\/2025\/09\/IMG_2791.png","type":"image\/png"}],"author":"dgarcia","twitter_card":"summary_large_image","twitter_misc":{"Escrito por":"dgarcia","Tiempo estimado de lectura":"4 minutos"},"schema":{"@context":"https:\/\/schema.org","@graph":[{"@type":"Article","@id":"https:\/\/explora.cl\/rmnorte\/pichinco-inicio-sus-actividades-con-docentes-de-la-rm-norte\/#article","isPartOf":{"@id":"https:\/\/explora.cl\/rmnorte\/pichinco-inicio-sus-actividades-con-docentes-de-la-rm-norte\/"},"author":{"name":"dgarcia","@id":"https:\/\/explora.cl\/rmnorte\/#\/schema\/person\/4ad985b29a183eab4170892260e133a5"},"headline":"PichinCO inici\u00f3 sus actividades con docentes de la RM Norte","datePublished":"2025-09-15T16:32:46+00:00","dateModified":"2025-09-16T12:07:57+00:00","mainEntityOfPage":{"@id":"https:\/\/explora.cl\/rmnorte\/pichinco-inicio-sus-actividades-con-docentes-de-la-rm-norte\/"},"wordCount":476,"commentCount":0,"image":{"@id":"https:\/\/explora.cl\/rmnorte\/pichinco-inicio-sus-actividades-con-docentes-de-la-rm-norte\/#primaryimage"},"thumbnailUrl":"https:\/\/explora.cl\/rmnorte\/wp-content\/uploads\/sites\/11\/2025\/09\/IMG_2791.png","articleSection":["Noticias"],"inLanguage":"es-CL","potentialAction":[{"@type":"CommentAction","name":"Comment","target":["https:\/\/explora.cl\/rmnorte\/pichinco-inicio-sus-actividades-con-docentes-de-la-rm-norte\/#respond"]}]},{"@type":"WebPage","@id":"https:\/\/explora.cl\/rmnorte\/pichinco-inicio-sus-actividades-con-docentes-de-la-rm-norte\/","url":"https:\/\/explora.cl\/rmnorte\/pichinco-inicio-sus-actividades-con-docentes-de-la-rm-norte\/","name":"PichinCO inici\u00f3 sus actividades con docentes de la RM Norte - RM Norte","isPartOf":{"@id":"https:\/\/explora.cl\/rmnorte\/#website"},"primaryImageOfPage":{"@id":"https:\/\/explora.cl\/rmnorte\/pichinco-inicio-sus-actividades-con-docentes-de-la-rm-norte\/#primaryimage"},"image":{"@id":"https:\/\/explora.cl\/rmnorte\/pichinco-inicio-sus-actividades-con-docentes-de-la-rm-norte\/#primaryimage"},"thumbnailUrl":"https:\/\/explora.cl\/rmnorte\/wp-content\/uploads\/sites\/11\/2025\/09\/IMG_2791.png","datePublished":"2025-09-15T16:32:46+00:00","dateModified":"2025-09-16T12:07:57+00:00","author":{"@id":"https:\/\/explora.cl\/rmnorte\/#\/schema\/person\/4ad985b29a183eab4170892260e133a5"},"breadcrumb":{"@id":"https:\/\/explora.cl\/rmnorte\/pichinco-inicio-sus-actividades-con-docentes-de-la-rm-norte\/#breadcrumb"},"inLanguage":"es-CL","potentialAction":[{"@type":"ReadAction","target":["https:\/\/explora.cl\/rmnorte\/pichinco-inicio-sus-actividades-con-docentes-de-la-rm-norte\/"]}]},{"@type":"ImageObject","inLanguage":"es-CL","@id":"https:\/\/explora.cl\/rmnorte\/pichinco-inicio-sus-actividades-con-docentes-de-la-rm-norte\/#primaryimage","url":"https:\/\/explora.cl\/rmnorte\/wp-content\/uploads\/sites\/11\/2025\/09\/IMG_2791.png","contentUrl":"https:\/\/explora.cl\/rmnorte\/wp-content\/uploads\/sites\/11\/2025\/09\/IMG_2791.png","width":1800,"height":974},{"@type":"BreadcrumbList","@id":"https:\/\/explora.cl\/rmnorte\/pichinco-inicio-sus-actividades-con-docentes-de-la-rm-norte\/#breadcrumb","itemListElement":[{"@type":"ListItem","position":1,"name":"Portada","item":"https:\/\/explora.cl\/rmnorte\/"},{"@type":"ListItem","position":2,"name":"PichinCO inici\u00f3 sus actividades con docentes de la RM Norte"}]},{"@type":"WebSite","@id":"https:\/\/explora.cl\/rmnorte\/#website","url":"https:\/\/explora.cl\/rmnorte\/","name":"RM Norte","description":"RM Norte explora.cl","potentialAction":[{"@type":"SearchAction","target":{"@type":"EntryPoint","urlTemplate":"https:\/\/explora.cl\/rmnorte\/?s={search_term_string}"},"query-input":{"@type":"PropertyValueSpecification","valueRequired":true,"valueName":"search_term_string"}}],"inLanguage":"es-CL"},{"@type":"Person","@id":"https:\/\/explora.cl\/rmnorte\/#\/schema\/person\/4ad985b29a183eab4170892260e133a5","name":"dgarcia","image":{"@type":"ImageObject","inLanguage":"es-CL","@id":"https:\/\/explora.cl\/rmnorte\/#\/schema\/person\/image\/","url":"https:\/\/secure.gravatar.com\/avatar\/06e2fd9f68a0c19cd669ddc183de83489acab601aa57958e0f60175e5013e6b7?s=96&d=mm&r=g","contentUrl":"https:\/\/secure.gravatar.com\/avatar\/06e2fd9f68a0c19cd669ddc183de83489acab601aa57958e0f60175e5013e6b7?s=96&d=mm&r=g","caption":"dgarcia"},"url":"https:\/\/explora.cl\/rmnorte\/author\/dgarcia\/"}]}},"_links":{"self":[{"href":"https:\/\/explora.cl\/rmnorte\/wp-json\/wp\/v2\/posts\/43626","targetHints":{"allow":["GET"]}}],"collection":[{"href":"https:\/\/explora.cl\/rmnorte\/wp-json\/wp\/v2\/posts"}],"about":[{"href":"https:\/\/explora.cl\/rmnorte\/wp-json\/wp\/v2\/types\/post"}],"author":[{"embeddable":true,"href":"https:\/\/explora.cl\/rmnorte\/wp-json\/wp\/v2\/users\/26"}],"replies":[{"embeddable":true,"href":"https:\/\/explora.cl\/rmnorte\/wp-json\/wp\/v2\/comments?post=43626"}],"version-history":[{"count":10,"href":"https:\/\/explora.cl\/rmnorte\/wp-json\/wp\/v2\/posts\/43626\/revisions"}],"predecessor-version":[{"id":43645,"href":"https:\/\/explora.cl\/rmnorte\/wp-json\/wp\/v2\/posts\/43626\/revisions\/43645"}],"wp:featuredmedia":[{"embeddable":true,"href":"https:\/\/explora.cl\/rmnorte\/wp-json\/wp\/v2\/media\/43633"}],"wp:attachment":[{"href":"https:\/\/explora.cl\/rmnorte\/wp-json\/wp\/v2\/media?parent=43626"}],"wp:term":[{"taxonomy":"category","embeddable":true,"href":"https:\/\/explora.cl\/rmnorte\/wp-json\/wp\/v2\/categories?post=43626"},{"taxonomy":"post_tag","embeddable":true,"href":"https:\/\/explora.cl\/rmnorte\/wp-json\/wp\/v2\/tags?post=43626"}],"curies":[{"name":"wp","href":"https:\/\/api.w.org\/{rel}","templated":true}]}}