{"id":43586,"date":"2025-09-01T13:45:30","date_gmt":"2025-09-01T17:45:30","guid":{"rendered":"https:\/\/explora.cl\/rmnorte\/?p=43586"},"modified":"2025-09-01T13:46:56","modified_gmt":"2025-09-01T17:46:56","slug":"congreso-explora-reunio-a-estudiantes-de-investigacion-e-innovacion-escolar-de-la-rm-en-una-jornada-de-socializacion","status":"publish","type":"post","link":"https:\/\/explora.cl\/rmnorte\/congreso-explora-reunio-a-estudiantes-de-investigacion-e-innovacion-escolar-de-la-rm-en-una-jornada-de-socializacion\/","title":{"rendered":"Congreso explora reuni\u00f3 a estudiantes de investigaci\u00f3n e innovaci\u00f3n escolar de la rm en una jornada de socializaci\u00f3n"},"content":{"rendered":"<p><em>La instancia de socializaci\u00f3n y retroalimentaci\u00f3n se realiz\u00f3 en el Museo Nacional de Historia Natural e incluy\u00f3 el lanzamiento del sello conmemorativo de los 30 a\u00f1os del programa Explora encabezada por el ministro de Ciencia, Tecnolog\u00eda, Conocimiento e Innovaci\u00f3n.<\/em><\/p>\n<p>Treinta equipos de estudiantes de educaci\u00f3n b\u00e1sica y media de la Regi\u00f3n Metropolitana participaron en el Congreso Regional Explora de Investigaci\u00f3n e Innovaci\u00f3n Escolar, que se desarroll\u00f3 en el Museo Nacional de Historia Natural. Este encuentro fue organizado por los Proyectos Asociativos Regionales (PAR) Explora RM Norte, RM Sur Oriente y RM Sur Poniente y responde a una invitaci\u00f3n del programa Explora de la Divisi\u00f3n Ciencia y Sociedad del Ministerio de Ciencia, Tecnolog\u00eda, Conocimiento e Innovaci\u00f3n.<\/p>\n<p>Durante el Congreso Regional Explora, los estudiantes y docentes participantes de la iniciativa de Investigaci\u00f3n e Innovaci\u00f3n Escolar participaron en jornadas de socializaci\u00f3n y exposici\u00f3n de sus proyectos en desarrollo.<\/p>\n<p><img fetchpriority=\"high\" decoding=\"async\" class=\"alignnone size-medium wp-image-43588\" src=\"https:\/\/explora.cl\/rmnorte\/wp-content\/uploads\/sites\/11\/2025\/09\/Congreso-Regional-RM-2025-Laboratorios-300x200.jpg\" alt=\"\" width=\"300\" height=\"200\" srcset=\"https:\/\/explora.cl\/rmnorte\/wp-content\/uploads\/sites\/11\/2025\/09\/Congreso-Regional-RM-2025-Laboratorios-300x200.jpg 300w, https:\/\/explora.cl\/rmnorte\/wp-content\/uploads\/sites\/11\/2025\/09\/Congreso-Regional-RM-2025-Laboratorios.jpg 768w\" sizes=\"(max-width: 300px) 100vw, 300px\" \/><\/p>\n<p>La jornada de la ma\u00f1ana estuvo destinada al conocimiento entre los participantes, con instancias orientadas a que ni\u00f1as, ni\u00f1os y j\u00f3venes de los distintos pares pudieran interactuar y conocer sus proyectos, enfocados, en una oportunidad de investigaci\u00f3n u innovaci\u00f3n. Adem\u00e1s, visitaron distintos laboratorios y colecciones del Museo Nacional de Historia Natural como bot\u00e1nica, antropolog\u00eda, paleontolog\u00eda, zoolog\u00eda de vertebrados e invertebrados, entomolog\u00eda y taller de taxidermia.<\/p>\n<p>Durante las actividades el Dr. Mario Chiong, Director del Explora RM Norte, destac\u00f3 \u201ceste Congreso representa una oportunidad \u00fanica para seguir incentivando la cultura CTCI a ni\u00f1os, ni\u00f1as y adolescentes en donde pueden descubrir y compartir, celebrar 30 a\u00f1os de este proyecto es reconocer el compromiso en la formaci\u00f3n de las futuras generaciones que construir\u00e1n un pa\u00eds m\u00e1s innovador y sostenible.\u201d<\/p>\n<p>Por la tarde, los estudiantes realizaron la socializaci\u00f3n de los proyectos que est\u00e1n desarrollando en el marco de Investigaci\u00f3n e Innovaci\u00f3n Escolar. Divididos en dos momentos de presentaci\u00f3n, la primera parte de los equipos cont\u00f3 los avances de sus trabajos, la etapa metodol\u00f3gica en la que se encuentran, y los desaf\u00edos y obst\u00e1culos encontrados en el proceso. La otra parte de los estudiantes escuch\u00f3 a los grupos expositores y retroaliment\u00f3 sobre fortalezas encontradas en los proyectos y sugerencias para incorporar. Esta instancia cont\u00f3, adem\u00e1s, con la presencia de especialistas de distintas \u00e1reas del conocimiento convocados por la Universidad de Chile, Universidad Cat\u00f3lica y Universidad Diego Portales, qui\u00e9nes retroalimentaron los proyectos para celebrar aspectos y presentarles oportunidades de mejora.<\/p>\n<p><img decoding=\"async\" class=\"size-medium wp-image-43589 alignleft\" src=\"https:\/\/explora.cl\/rmnorte\/wp-content\/uploads\/sites\/11\/2025\/09\/Congreso-Regional-RM-2025-Estudiante-300x200.jpg\" alt=\"\" width=\"300\" height=\"200\" srcset=\"https:\/\/explora.cl\/rmnorte\/wp-content\/uploads\/sites\/11\/2025\/09\/Congreso-Regional-RM-2025-Estudiante-300x200.jpg 300w, https:\/\/explora.cl\/rmnorte\/wp-content\/uploads\/sites\/11\/2025\/09\/Congreso-Regional-RM-2025-Estudiante.jpg 768w\" sizes=\"(max-width: 300px) 100vw, 300px\" \/>Pilar Valenzuela, del Colegio North Cross School, de Curacav\u00ed, se\u00f1al\u00f3 que Explora \u201cha significado para m\u00ed una combinaci\u00f3n de entretenci\u00f3n y compromiso. A trav\u00e9s de este programa, he descubierto una pasi\u00f3n por la rob\u00f3tica que antes desconoc\u00eda. La jornada de hoy fue especialmente gratificante, ya que nos abri\u00f3 las puertas para socializar con estudiantes de otros pares y compartir nuestras experiencias y pasi\u00f3n por nuestros proyectos\u201d.<\/p>\n<p>Amaranta Moya, del Liceo de Puente Alto, considera que participar del Congreso \u201cnos permiti\u00f3 compartir con otras personas que est\u00e1n en nuestro mismo proceso y pudimos hacer intercambio de experiencias. Estas actividades nos invitan a promover el pensamiento y estimular la investigaci\u00f3n. Esto es importante para nuestra generaci\u00f3n, porque todo lo tenemos al alcance de un tel\u00e9fono, donde podemos googlear informaci\u00f3n o buscarla en inteligencia artificial. Esto nos obliga ir m\u00e1s all\u00e1, a preguntar, a conocer, a ver y a tener que hacer algo m\u00e1s\u201d.<\/p>\n<p>&nbsp;<\/p>\n<p>Para Franco San Mart\u00edn, del Liceo Nacional de Maip\u00fa, \u201cesta fue una experiencia s\u00faper motivante y hermosa. Soy un apasionado por la ciencia, por el \u00e1rea de STEM, pertenezco a una Asociaci\u00f3n Juvenil de Ciencias y Tecnolog\u00eda, donde buscamos conectar a los j\u00f3venes a las ciencias y este tipo de instancias son muy lindas para conocer gente y compartir nuestras experiencias e investigaciones. Destaco tambi\u00e9n la oportunidad de conocer otros espacios del museo, fue realmente grandioso\u201d.<\/p>\n<p>El Congreso Regional Explora de Investigaci\u00f3n e Innovaci\u00f3n Escolar cont\u00f3 con la presencia de 30 equipos compuestos por dos estudiantes y un docente. Los diez representantes del PAR Explora RM Norte provinieron de las comunas de Colina, Conchal\u00ed, Curacav\u00ed, Santiago Centro y El Monte. Los diez establecimientos del PAR Exploras RM Sur Oriente fueron de La Pintana, Las Condes, Providencia y Puente Alto. Por \u00faltimo, desde el PAR Explora RM Sur Poniente llegaron comunidades de La Cisterna, Lo Espejo, Lo Prado, Maip\u00fa, Paine, Pudahuel y Renca.<\/p>\n<p><strong>Lanzamiento Sello 30 A\u00f1os Explora<\/strong><\/p>\n<p>Durante la ceremonia de inauguraci\u00f3n del Congreso Regional Explora de Investigaci\u00f3n e Innovaci\u00f3n Escolar, se realiz\u00f3 el lanzamiento del sello de los 30 a\u00f1os del Explora, con motivo de la celebraci\u00f3n de las tres d\u00e9cadas del programa. Esta presentaci\u00f3n estuvo encabezada por el ministro de Ciencia, Tecnolog\u00eda, Conocimiento e Innovaci\u00f3n, Aldo Valle. Este sello, adem\u00e1s de ser un elemento visual que estar\u00e1 presente en el las comunicaciones y gr\u00e1ficas del proyecto, marca el inicio de una serie de hitos corporativos que encabezar\u00e1 el MinCiencia durante el a\u00f1o.<\/p>\n<p><img decoding=\"async\" class=\"size-medium wp-image-43590 alignleft\" src=\"https:\/\/explora.cl\/rmnorte\/wp-content\/uploads\/sites\/11\/2025\/09\/Ministro-Valle-300x200.jpg\" alt=\"\" width=\"300\" height=\"200\" srcset=\"https:\/\/explora.cl\/rmnorte\/wp-content\/uploads\/sites\/11\/2025\/09\/Ministro-Valle-300x200.jpg 300w, https:\/\/explora.cl\/rmnorte\/wp-content\/uploads\/sites\/11\/2025\/09\/Ministro-Valle.jpg 768w\" sizes=\"(max-width: 300px) 100vw, 300px\" \/><\/p>\n<p>\u201cEstamos motivados en contribuir a la educaci\u00f3n a la formaci\u00f3n de ni\u00f1as, ni\u00f1os y adolescentes, que requieren de un impulso adicional a la educaci\u00f3n formal para acercarlos a la ciencia, a la tecnolog\u00eda y la innovaci\u00f3n. Treinta a\u00f1os representan la fidelidad de la pol\u00edtica p\u00fablica para contribuir a mayores niveles de igualdad, inclusividad y de desarrollo del pensamiento cr\u00edtico y de la cultura en nuestro pa\u00eds\u201d, coment\u00f3 el ministro Valle.<\/p>\n<p><img loading=\"lazy\" decoding=\"async\" class=\"size-medium wp-image-43591 alignleft\" src=\"https:\/\/explora.cl\/rmnorte\/wp-content\/uploads\/sites\/11\/2025\/09\/Autorirades-RM--300x200.jpg\" alt=\"\" width=\"300\" height=\"200\" srcset=\"https:\/\/explora.cl\/rmnorte\/wp-content\/uploads\/sites\/11\/2025\/09\/Autorirades-RM--300x200.jpg 300w, https:\/\/explora.cl\/rmnorte\/wp-content\/uploads\/sites\/11\/2025\/09\/Autorirades-RM-.jpg 768w\" sizes=\"(max-width: 300px) 100vw, 300px\" \/>Entre las autoridades que participaron junto a Explora, estuvo presente el Decano de la Facultad de Ciencias Qu\u00edmicas y Farmac\u00e9uticas de la Universidad de Chile, Pablo Richter, quien coment\u00f3:\u201cCreemos en un ambiente de respeto y di\u00e1logo donde se aprecia la valoraci\u00f3n de las ciencias desde diferentes puntos de vista. Para nosotros, como facultad, es un honor acoger al PAR Explora RM Norte, que realiza una labor excepcional conectando la ciencia con nuestra comunidad.\u201d<\/p>\n<p>El Programa Explora naci\u00f3 en 1995 al alero de la Comisi\u00f3n Nacional de Investigaci\u00f3n Cient\u00edfica y Tecnol\u00f3gica (CONICYT, actual ANID), con el fin de fomentar el conocimiento y la valoraci\u00f3n de la ciencia y la tecnolog\u00eda con el prop\u00f3sito de fortalecer el pensamiento cr\u00edtico, creativo y reflexivo en las personas.<\/p>\n<p>Con la creaci\u00f3n del Ministerio de Ciencia, Tecnolog\u00eda, Conocimiento e Innovaci\u00f3n, el 1 de enero del 2020, el programa Explora fue traspasado a la Subsecretar\u00eda de CTCI, como parte de la Divisi\u00f3n de Ciencia y Sociedad. A partir de este cambio se reformul\u00f3 su objetivo para promover la socializaci\u00f3n del conocimiento dentro de la comunidad educativa y contribuir al desarrollo de competencias en las distintas \u00e1reas del conocimiento, la tecnolog\u00eda y la innovaci\u00f3n.<\/p>\n<p>Para contar con una cobertura en todo el territorio nacional, se desarrollaron los Proyectos Asociativos Regionales (PAR), adjudicados a trav\u00e9s de concursos p\u00fablicos para promover la implementaci\u00f3n la implementaci\u00f3n del Programa en los establecimientos educacionales a nivel de educaci\u00f3n parvularia, b\u00e1sica y media, y fortalecer las competencias CTCI considerando los principios de inclusi\u00f3n, diversidad cultural y equidad de g\u00e9nero, descentralizaci\u00f3n, comunicaci\u00f3n efectiva y sustentabilidad. En total son 18 PAR Explora en el pa\u00eds (uno por cada regi\u00f3n y tres en la regi\u00f3n Metropolitana).<\/p>\n<p>&nbsp;<\/p>\n","protected":false},"excerpt":{"rendered":"<p>La instancia de socializaci\u00f3n y retroalimentaci\u00f3n se realiz\u00f3 en el Museo Nacional de Historia Natural e incluy\u00f3 el lanzamiento del sello conmemorativo de los 30 a\u00f1os del programa Explora encabezada por el ministro de Ciencia, Tecnolog\u00eda, Conocimiento e Innovaci\u00f3n.<\/p>\n","protected":false},"author":26,"featured_media":43587,"comment_status":"open","ping_status":"open","sticky":false,"template":"","format":"standard","meta":{"_acf_changed":false,"_exactmetrics_skip_tracking":false,"_exactmetrics_sitenote_active":false,"_exactmetrics_sitenote_note":"","_exactmetrics_sitenote_category":0,"footnotes":"","_links_to":"","_links_to_target":""},"categories":[4],"tags":[101,340,303,23,241,301,266,279,268,284,291,259],"class_list":["post-43586","post","type-post","status-publish","format-standard","has-post-thumbnail","hentry","category-noticias","tag-congreso-regional","tag-congreso-regional-explora-de-investigacion-e-innovacion-escolar","tag-ctci","tag-explora","tag-explora-rmnorte","tag-facultad-de-ciencias-quimicas-y-farmaceuticas","tag-iie","tag-investigacion-e-innovacion-escolar","tag-ministerio-de-ciencia-tecnologia-conocimiento-e-innovacion","tag-region-metropolitana-norte","tag-rmnorte","tag-u-de-chile"],"acf":[],"yoast_head":"<!-- This site is optimized with the Yoast SEO plugin v26.9 - https:\/\/yoast.com\/product\/yoast-seo-wordpress\/ -->\n<title>Congreso explora reuni\u00f3 a estudiantes de investigaci\u00f3n e innovaci\u00f3n escolar de la rm en una jornada de socializaci\u00f3n - RM Norte<\/title>\n<meta name=\"description\" content=\"La instancia de socializaci\u00f3n y retroalimentaci\u00f3n se realiz\u00f3 en el Museo Nacional de Historia Natural e incluy\u00f3 el lanzamiento del sello conmemorativo de los 30 a\u00f1os del programa Explora encabezada por el ministro de Ciencia, Tecnolog\u00eda, Conocimiento e Innovaci\u00f3n.\" class=\"yoast-seo-meta-tag\" \/>\n<meta name=\"robots\" content=\"index, follow, max-snippet:-1, max-image-preview:large, max-video-preview:-1\" \/>\n<link rel=\"canonical\" href=\"https:\/\/explora.cl\/rmnorte\/congreso-explora-reunio-a-estudiantes-de-investigacion-e-innovacion-escolar-de-la-rm-en-una-jornada-de-socializacion\/\" class=\"yoast-seo-meta-tag\" \/>\n<meta property=\"og:locale\" content=\"es_ES\" class=\"yoast-seo-meta-tag\" \/>\n<meta property=\"og:type\" content=\"article\" class=\"yoast-seo-meta-tag\" \/>\n<meta property=\"og:title\" content=\"Congreso explora reuni\u00f3 a estudiantes de investigaci\u00f3n e innovaci\u00f3n escolar de la rm en una jornada de socializaci\u00f3n - RM Norte\" class=\"yoast-seo-meta-tag\" \/>\n<meta property=\"og:description\" content=\"La instancia de socializaci\u00f3n y retroalimentaci\u00f3n se realiz\u00f3 en el Museo Nacional de Historia Natural e incluy\u00f3 el lanzamiento del sello conmemorativo de los 30 a\u00f1os del programa Explora encabezada por el ministro de Ciencia, Tecnolog\u00eda, Conocimiento e Innovaci\u00f3n.\" class=\"yoast-seo-meta-tag\" \/>\n<meta property=\"og:url\" content=\"https:\/\/explora.cl\/rmnorte\/congreso-explora-reunio-a-estudiantes-de-investigacion-e-innovacion-escolar-de-la-rm-en-una-jornada-de-socializacion\/\" class=\"yoast-seo-meta-tag\" \/>\n<meta property=\"og:site_name\" content=\"RM Norte\" class=\"yoast-seo-meta-tag\" \/>\n<meta property=\"article:published_time\" content=\"2025-09-01T17:45:30+00:00\" class=\"yoast-seo-meta-tag\" \/>\n<meta property=\"article:modified_time\" content=\"2025-09-01T17:46:56+00:00\" class=\"yoast-seo-meta-tag\" \/>\n<meta property=\"og:image\" content=\"https:\/\/explora.cl\/rmnorte\/wp-content\/uploads\/sites\/11\/2025\/09\/Congreso-Regional-RM-2025.jpg\" class=\"yoast-seo-meta-tag\" \/>\n\t<meta property=\"og:image:width\" content=\"2560\" class=\"yoast-seo-meta-tag\" \/>\n\t<meta property=\"og:image:height\" content=\"1707\" class=\"yoast-seo-meta-tag\" \/>\n\t<meta property=\"og:image:type\" content=\"image\/jpeg\" class=\"yoast-seo-meta-tag\" \/>\n<meta name=\"author\" content=\"dgarcia\" class=\"yoast-seo-meta-tag\" \/>\n<meta name=\"twitter:card\" content=\"summary_large_image\" class=\"yoast-seo-meta-tag\" \/>\n<meta name=\"twitter:label1\" content=\"Escrito por\" class=\"yoast-seo-meta-tag\" \/>\n\t<meta name=\"twitter:data1\" content=\"dgarcia\" class=\"yoast-seo-meta-tag\" \/>\n\t<meta name=\"twitter:label2\" content=\"Tiempo estimado de lectura\" class=\"yoast-seo-meta-tag\" \/>\n\t<meta name=\"twitter:data2\" content=\"7 minutos\" class=\"yoast-seo-meta-tag\" \/>\n<script type=\"application\/ld+json\" class=\"yoast-schema-graph\">{\"@context\":\"https:\/\/schema.org\",\"@graph\":[{\"@type\":\"Article\",\"@id\":\"https:\/\/explora.cl\/rmnorte\/congreso-explora-reunio-a-estudiantes-de-investigacion-e-innovacion-escolar-de-la-rm-en-una-jornada-de-socializacion\/#article\",\"isPartOf\":{\"@id\":\"https:\/\/explora.cl\/rmnorte\/congreso-explora-reunio-a-estudiantes-de-investigacion-e-innovacion-escolar-de-la-rm-en-una-jornada-de-socializacion\/\"},\"author\":{\"name\":\"dgarcia\",\"@id\":\"https:\/\/explora.cl\/rmnorte\/#\/schema\/person\/4ad985b29a183eab4170892260e133a5\"},\"headline\":\"Congreso explora reuni\u00f3 a estudiantes de investigaci\u00f3n e innovaci\u00f3n escolar de la rm en una jornada de socializaci\u00f3n\",\"datePublished\":\"2025-09-01T17:45:30+00:00\",\"dateModified\":\"2025-09-01T17:46:56+00:00\",\"mainEntityOfPage\":{\"@id\":\"https:\/\/explora.cl\/rmnorte\/congreso-explora-reunio-a-estudiantes-de-investigacion-e-innovacion-escolar-de-la-rm-en-una-jornada-de-socializacion\/\"},\"wordCount\":1287,\"commentCount\":0,\"image\":{\"@id\":\"https:\/\/explora.cl\/rmnorte\/congreso-explora-reunio-a-estudiantes-de-investigacion-e-innovacion-escolar-de-la-rm-en-una-jornada-de-socializacion\/#primaryimage\"},\"thumbnailUrl\":\"https:\/\/explora.cl\/rmnorte\/wp-content\/uploads\/sites\/11\/2025\/09\/Congreso-Regional-RM-2025.jpg\",\"keywords\":[\"Congreso Regional\",\"Congreso regional explora de investigaci\u00f3n e innovaci\u00f3n escolar\",\"CTCI\",\"EXPLORA\",\"Explora Rmnorte\",\"facultad de ciencias quimicas y farmaceuticas\",\"IIE\",\"Investigaci\u00f3n e Innovaci\u00f3n Escolar\",\"Ministerio de ciencia tecnologia conocimiento e innovaci\u00f3n\",\"Regi\u00f3n metropolitana norte\",\"Rmnorte\",\"U de Chile\"],\"articleSection\":[\"Noticias\"],\"inLanguage\":\"es-CL\",\"potentialAction\":[{\"@type\":\"CommentAction\",\"name\":\"Comment\",\"target\":[\"https:\/\/explora.cl\/rmnorte\/congreso-explora-reunio-a-estudiantes-de-investigacion-e-innovacion-escolar-de-la-rm-en-una-jornada-de-socializacion\/#respond\"]}]},{\"@type\":\"WebPage\",\"@id\":\"https:\/\/explora.cl\/rmnorte\/congreso-explora-reunio-a-estudiantes-de-investigacion-e-innovacion-escolar-de-la-rm-en-una-jornada-de-socializacion\/\",\"url\":\"https:\/\/explora.cl\/rmnorte\/congreso-explora-reunio-a-estudiantes-de-investigacion-e-innovacion-escolar-de-la-rm-en-una-jornada-de-socializacion\/\",\"name\":\"Congreso explora reuni\u00f3 a estudiantes de investigaci\u00f3n e innovaci\u00f3n escolar de la rm en una jornada de socializaci\u00f3n - RM Norte\",\"isPartOf\":{\"@id\":\"https:\/\/explora.cl\/rmnorte\/#website\"},\"primaryImageOfPage\":{\"@id\":\"https:\/\/explora.cl\/rmnorte\/congreso-explora-reunio-a-estudiantes-de-investigacion-e-innovacion-escolar-de-la-rm-en-una-jornada-de-socializacion\/#primaryimage\"},\"image\":{\"@id\":\"https:\/\/explora.cl\/rmnorte\/congreso-explora-reunio-a-estudiantes-de-investigacion-e-innovacion-escolar-de-la-rm-en-una-jornada-de-socializacion\/#primaryimage\"},\"thumbnailUrl\":\"https:\/\/explora.cl\/rmnorte\/wp-content\/uploads\/sites\/11\/2025\/09\/Congreso-Regional-RM-2025.jpg\",\"datePublished\":\"2025-09-01T17:45:30+00:00\",\"dateModified\":\"2025-09-01T17:46:56+00:00\",\"author\":{\"@id\":\"https:\/\/explora.cl\/rmnorte\/#\/schema\/person\/4ad985b29a183eab4170892260e133a5\"},\"description\":\"La instancia de socializaci\u00f3n y retroalimentaci\u00f3n se realiz\u00f3 en el Museo Nacional de Historia Natural e incluy\u00f3 el lanzamiento del sello conmemorativo de los 30 a\u00f1os del programa Explora encabezada por el ministro de Ciencia, Tecnolog\u00eda, Conocimiento e Innovaci\u00f3n.\",\"breadcrumb\":{\"@id\":\"https:\/\/explora.cl\/rmnorte\/congreso-explora-reunio-a-estudiantes-de-investigacion-e-innovacion-escolar-de-la-rm-en-una-jornada-de-socializacion\/#breadcrumb\"},\"inLanguage\":\"es-CL\",\"potentialAction\":[{\"@type\":\"ReadAction\",\"target\":[\"https:\/\/explora.cl\/rmnorte\/congreso-explora-reunio-a-estudiantes-de-investigacion-e-innovacion-escolar-de-la-rm-en-una-jornada-de-socializacion\/\"]}]},{\"@type\":\"ImageObject\",\"inLanguage\":\"es-CL\",\"@id\":\"https:\/\/explora.cl\/rmnorte\/congreso-explora-reunio-a-estudiantes-de-investigacion-e-innovacion-escolar-de-la-rm-en-una-jornada-de-socializacion\/#primaryimage\",\"url\":\"https:\/\/explora.cl\/rmnorte\/wp-content\/uploads\/sites\/11\/2025\/09\/Congreso-Regional-RM-2025.jpg\",\"contentUrl\":\"https:\/\/explora.cl\/rmnorte\/wp-content\/uploads\/sites\/11\/2025\/09\/Congreso-Regional-RM-2025.jpg\",\"width\":2560,\"height\":1707},{\"@type\":\"BreadcrumbList\",\"@id\":\"https:\/\/explora.cl\/rmnorte\/congreso-explora-reunio-a-estudiantes-de-investigacion-e-innovacion-escolar-de-la-rm-en-una-jornada-de-socializacion\/#breadcrumb\",\"itemListElement\":[{\"@type\":\"ListItem\",\"position\":1,\"name\":\"Portada\",\"item\":\"https:\/\/explora.cl\/rmnorte\/\"},{\"@type\":\"ListItem\",\"position\":2,\"name\":\"Congreso explora reuni\u00f3 a estudiantes de investigaci\u00f3n e innovaci\u00f3n escolar de la rm en una jornada de socializaci\u00f3n\"}]},{\"@type\":\"WebSite\",\"@id\":\"https:\/\/explora.cl\/rmnorte\/#website\",\"url\":\"https:\/\/explora.cl\/rmnorte\/\",\"name\":\"RM Norte\",\"description\":\"RM Norte explora.cl\",\"potentialAction\":[{\"@type\":\"SearchAction\",\"target\":{\"@type\":\"EntryPoint\",\"urlTemplate\":\"https:\/\/explora.cl\/rmnorte\/?s={search_term_string}\"},\"query-input\":{\"@type\":\"PropertyValueSpecification\",\"valueRequired\":true,\"valueName\":\"search_term_string\"}}],\"inLanguage\":\"es-CL\"},{\"@type\":\"Person\",\"@id\":\"https:\/\/explora.cl\/rmnorte\/#\/schema\/person\/4ad985b29a183eab4170892260e133a5\",\"name\":\"dgarcia\",\"image\":{\"@type\":\"ImageObject\",\"inLanguage\":\"es-CL\",\"@id\":\"https:\/\/explora.cl\/rmnorte\/#\/schema\/person\/image\/\",\"url\":\"https:\/\/secure.gravatar.com\/avatar\/06e2fd9f68a0c19cd669ddc183de83489acab601aa57958e0f60175e5013e6b7?s=96&d=mm&r=g\",\"contentUrl\":\"https:\/\/secure.gravatar.com\/avatar\/06e2fd9f68a0c19cd669ddc183de83489acab601aa57958e0f60175e5013e6b7?s=96&d=mm&r=g\",\"caption\":\"dgarcia\"},\"url\":\"https:\/\/explora.cl\/rmnorte\/author\/dgarcia\/\"}]}<\/script>\n<!-- \/ Yoast SEO plugin. -->","yoast_head_json":{"title":"Congreso explora reuni\u00f3 a estudiantes de investigaci\u00f3n e innovaci\u00f3n escolar de la rm en una jornada de socializaci\u00f3n - RM Norte","description":"La instancia de socializaci\u00f3n y retroalimentaci\u00f3n se realiz\u00f3 en el Museo Nacional de Historia Natural e incluy\u00f3 el lanzamiento del sello conmemorativo de los 30 a\u00f1os del programa Explora encabezada por el ministro de Ciencia, Tecnolog\u00eda, Conocimiento e Innovaci\u00f3n.","robots":{"index":"index","follow":"follow","max-snippet":"max-snippet:-1","max-image-preview":"max-image-preview:large","max-video-preview":"max-video-preview:-1"},"canonical":"https:\/\/explora.cl\/rmnorte\/congreso-explora-reunio-a-estudiantes-de-investigacion-e-innovacion-escolar-de-la-rm-en-una-jornada-de-socializacion\/","og_locale":"es_ES","og_type":"article","og_title":"Congreso explora reuni\u00f3 a estudiantes de investigaci\u00f3n e innovaci\u00f3n escolar de la rm en una jornada de socializaci\u00f3n - RM Norte","og_description":"La instancia de socializaci\u00f3n y retroalimentaci\u00f3n se realiz\u00f3 en el Museo Nacional de Historia Natural e incluy\u00f3 el lanzamiento del sello conmemorativo de los 30 a\u00f1os del programa Explora encabezada por el ministro de Ciencia, Tecnolog\u00eda, Conocimiento e Innovaci\u00f3n.","og_url":"https:\/\/explora.cl\/rmnorte\/congreso-explora-reunio-a-estudiantes-de-investigacion-e-innovacion-escolar-de-la-rm-en-una-jornada-de-socializacion\/","og_site_name":"RM Norte","article_published_time":"2025-09-01T17:45:30+00:00","article_modified_time":"2025-09-01T17:46:56+00:00","og_image":[{"width":2560,"height":1707,"url":"https:\/\/explora.cl\/rmnorte\/wp-content\/uploads\/sites\/11\/2025\/09\/Congreso-Regional-RM-2025.jpg","type":"image\/jpeg"}],"author":"dgarcia","twitter_card":"summary_large_image","twitter_misc":{"Escrito por":"dgarcia","Tiempo estimado de lectura":"7 minutos"},"schema":{"@context":"https:\/\/schema.org","@graph":[{"@type":"Article","@id":"https:\/\/explora.cl\/rmnorte\/congreso-explora-reunio-a-estudiantes-de-investigacion-e-innovacion-escolar-de-la-rm-en-una-jornada-de-socializacion\/#article","isPartOf":{"@id":"https:\/\/explora.cl\/rmnorte\/congreso-explora-reunio-a-estudiantes-de-investigacion-e-innovacion-escolar-de-la-rm-en-una-jornada-de-socializacion\/"},"author":{"name":"dgarcia","@id":"https:\/\/explora.cl\/rmnorte\/#\/schema\/person\/4ad985b29a183eab4170892260e133a5"},"headline":"Congreso explora reuni\u00f3 a estudiantes de investigaci\u00f3n e innovaci\u00f3n escolar de la rm en una jornada de socializaci\u00f3n","datePublished":"2025-09-01T17:45:30+00:00","dateModified":"2025-09-01T17:46:56+00:00","mainEntityOfPage":{"@id":"https:\/\/explora.cl\/rmnorte\/congreso-explora-reunio-a-estudiantes-de-investigacion-e-innovacion-escolar-de-la-rm-en-una-jornada-de-socializacion\/"},"wordCount":1287,"commentCount":0,"image":{"@id":"https:\/\/explora.cl\/rmnorte\/congreso-explora-reunio-a-estudiantes-de-investigacion-e-innovacion-escolar-de-la-rm-en-una-jornada-de-socializacion\/#primaryimage"},"thumbnailUrl":"https:\/\/explora.cl\/rmnorte\/wp-content\/uploads\/sites\/11\/2025\/09\/Congreso-Regional-RM-2025.jpg","keywords":["Congreso Regional","Congreso regional explora de investigaci\u00f3n e innovaci\u00f3n escolar","CTCI","EXPLORA","Explora Rmnorte","facultad de ciencias quimicas y farmaceuticas","IIE","Investigaci\u00f3n e Innovaci\u00f3n Escolar","Ministerio de ciencia tecnologia conocimiento e innovaci\u00f3n","Regi\u00f3n metropolitana norte","Rmnorte","U de Chile"],"articleSection":["Noticias"],"inLanguage":"es-CL","potentialAction":[{"@type":"CommentAction","name":"Comment","target":["https:\/\/explora.cl\/rmnorte\/congreso-explora-reunio-a-estudiantes-de-investigacion-e-innovacion-escolar-de-la-rm-en-una-jornada-de-socializacion\/#respond"]}]},{"@type":"WebPage","@id":"https:\/\/explora.cl\/rmnorte\/congreso-explora-reunio-a-estudiantes-de-investigacion-e-innovacion-escolar-de-la-rm-en-una-jornada-de-socializacion\/","url":"https:\/\/explora.cl\/rmnorte\/congreso-explora-reunio-a-estudiantes-de-investigacion-e-innovacion-escolar-de-la-rm-en-una-jornada-de-socializacion\/","name":"Congreso explora reuni\u00f3 a estudiantes de investigaci\u00f3n e innovaci\u00f3n escolar de la rm en una jornada de socializaci\u00f3n - RM Norte","isPartOf":{"@id":"https:\/\/explora.cl\/rmnorte\/#website"},"primaryImageOfPage":{"@id":"https:\/\/explora.cl\/rmnorte\/congreso-explora-reunio-a-estudiantes-de-investigacion-e-innovacion-escolar-de-la-rm-en-una-jornada-de-socializacion\/#primaryimage"},"image":{"@id":"https:\/\/explora.cl\/rmnorte\/congreso-explora-reunio-a-estudiantes-de-investigacion-e-innovacion-escolar-de-la-rm-en-una-jornada-de-socializacion\/#primaryimage"},"thumbnailUrl":"https:\/\/explora.cl\/rmnorte\/wp-content\/uploads\/sites\/11\/2025\/09\/Congreso-Regional-RM-2025.jpg","datePublished":"2025-09-01T17:45:30+00:00","dateModified":"2025-09-01T17:46:56+00:00","author":{"@id":"https:\/\/explora.cl\/rmnorte\/#\/schema\/person\/4ad985b29a183eab4170892260e133a5"},"description":"La instancia de socializaci\u00f3n y retroalimentaci\u00f3n se realiz\u00f3 en el Museo Nacional de Historia Natural e incluy\u00f3 el lanzamiento del sello conmemorativo de los 30 a\u00f1os del programa Explora encabezada por el ministro de Ciencia, Tecnolog\u00eda, Conocimiento e Innovaci\u00f3n.","breadcrumb":{"@id":"https:\/\/explora.cl\/rmnorte\/congreso-explora-reunio-a-estudiantes-de-investigacion-e-innovacion-escolar-de-la-rm-en-una-jornada-de-socializacion\/#breadcrumb"},"inLanguage":"es-CL","potentialAction":[{"@type":"ReadAction","target":["https:\/\/explora.cl\/rmnorte\/congreso-explora-reunio-a-estudiantes-de-investigacion-e-innovacion-escolar-de-la-rm-en-una-jornada-de-socializacion\/"]}]},{"@type":"ImageObject","inLanguage":"es-CL","@id":"https:\/\/explora.cl\/rmnorte\/congreso-explora-reunio-a-estudiantes-de-investigacion-e-innovacion-escolar-de-la-rm-en-una-jornada-de-socializacion\/#primaryimage","url":"https:\/\/explora.cl\/rmnorte\/wp-content\/uploads\/sites\/11\/2025\/09\/Congreso-Regional-RM-2025.jpg","contentUrl":"https:\/\/explora.cl\/rmnorte\/wp-content\/uploads\/sites\/11\/2025\/09\/Congreso-Regional-RM-2025.jpg","width":2560,"height":1707},{"@type":"BreadcrumbList","@id":"https:\/\/explora.cl\/rmnorte\/congreso-explora-reunio-a-estudiantes-de-investigacion-e-innovacion-escolar-de-la-rm-en-una-jornada-de-socializacion\/#breadcrumb","itemListElement":[{"@type":"ListItem","position":1,"name":"Portada","item":"https:\/\/explora.cl\/rmnorte\/"},{"@type":"ListItem","position":2,"name":"Congreso explora reuni\u00f3 a estudiantes de investigaci\u00f3n e innovaci\u00f3n escolar de la rm en una jornada de socializaci\u00f3n"}]},{"@type":"WebSite","@id":"https:\/\/explora.cl\/rmnorte\/#website","url":"https:\/\/explora.cl\/rmnorte\/","name":"RM Norte","description":"RM Norte explora.cl","potentialAction":[{"@type":"SearchAction","target":{"@type":"EntryPoint","urlTemplate":"https:\/\/explora.cl\/rmnorte\/?s={search_term_string}"},"query-input":{"@type":"PropertyValueSpecification","valueRequired":true,"valueName":"search_term_string"}}],"inLanguage":"es-CL"},{"@type":"Person","@id":"https:\/\/explora.cl\/rmnorte\/#\/schema\/person\/4ad985b29a183eab4170892260e133a5","name":"dgarcia","image":{"@type":"ImageObject","inLanguage":"es-CL","@id":"https:\/\/explora.cl\/rmnorte\/#\/schema\/person\/image\/","url":"https:\/\/secure.gravatar.com\/avatar\/06e2fd9f68a0c19cd669ddc183de83489acab601aa57958e0f60175e5013e6b7?s=96&d=mm&r=g","contentUrl":"https:\/\/secure.gravatar.com\/avatar\/06e2fd9f68a0c19cd669ddc183de83489acab601aa57958e0f60175e5013e6b7?s=96&d=mm&r=g","caption":"dgarcia"},"url":"https:\/\/explora.cl\/rmnorte\/author\/dgarcia\/"}]}},"_links":{"self":[{"href":"https:\/\/explora.cl\/rmnorte\/wp-json\/wp\/v2\/posts\/43586","targetHints":{"allow":["GET"]}}],"collection":[{"href":"https:\/\/explora.cl\/rmnorte\/wp-json\/wp\/v2\/posts"}],"about":[{"href":"https:\/\/explora.cl\/rmnorte\/wp-json\/wp\/v2\/types\/post"}],"author":[{"embeddable":true,"href":"https:\/\/explora.cl\/rmnorte\/wp-json\/wp\/v2\/users\/26"}],"replies":[{"embeddable":true,"href":"https:\/\/explora.cl\/rmnorte\/wp-json\/wp\/v2\/comments?post=43586"}],"version-history":[{"count":3,"href":"https:\/\/explora.cl\/rmnorte\/wp-json\/wp\/v2\/posts\/43586\/revisions"}],"predecessor-version":[{"id":43594,"href":"https:\/\/explora.cl\/rmnorte\/wp-json\/wp\/v2\/posts\/43586\/revisions\/43594"}],"wp:featuredmedia":[{"embeddable":true,"href":"https:\/\/explora.cl\/rmnorte\/wp-json\/wp\/v2\/media\/43587"}],"wp:attachment":[{"href":"https:\/\/explora.cl\/rmnorte\/wp-json\/wp\/v2\/media?parent=43586"}],"wp:term":[{"taxonomy":"category","embeddable":true,"href":"https:\/\/explora.cl\/rmnorte\/wp-json\/wp\/v2\/categories?post=43586"},{"taxonomy":"post_tag","embeddable":true,"href":"https:\/\/explora.cl\/rmnorte\/wp-json\/wp\/v2\/tags?post=43586"}],"curies":[{"name":"wp","href":"https:\/\/api.w.org\/{rel}","templated":true}]}}