{"id":43572,"date":"2025-08-29T15:04:51","date_gmt":"2025-08-29T19:04:51","guid":{"rendered":"https:\/\/explora.cl\/rmnorte\/?p=43572"},"modified":"2025-08-29T15:04:51","modified_gmt":"2025-08-29T19:04:51","slug":"el-mundo-necesita-ciencia-y-la-ciencia-necesita-mujeres","status":"publish","type":"post","link":"https:\/\/explora.cl\/rmnorte\/el-mundo-necesita-ciencia-y-la-ciencia-necesita-mujeres\/","title":{"rendered":"El mundo necesita ciencia, y la ciencia necesita mujeres"},"content":{"rendered":"<p><em>Destac\u00f3 Carla Hermann, f\u00edsica chilena, investigadora del Instituto MIRO, quien recientemente fue galardonada con una beca UNESCO que beneficia la inclusi\u00f3n y auspicio para que profesionales de la academia puedan asistir a eventos cient\u00edficos internacionales.<\/em><\/p>\n<p>Bajo su rol de mujer y madre, la acad\u00e9mica se present\u00f3 con un grupo de ni\u00f1as pertenecientes a la iniciativa del Proyecto Asociativo Explora Regi\u00f3n Metropolitana Norte, Investigaci\u00f3n e Innovaci\u00f3n Escolar (IIE), en donde cont\u00f3 de forma experiencial todas las etapas de su vida, su desarrollo acad\u00e9mico como mujer en la ciencia y luego como madre en la ciencia.<\/p>\n<p>\u201cEstas charlas son fundamentales para empoderar a las ni\u00f1as que quieren seguir caminos en la ciencia. El mundo necesita ciencia, y la ciencia necesita mujeres. Tenemos algo que decir, vemos el mundo distinto y ah\u00ed est\u00e1 la riqueza de la diversidad\u201d, afirm\u00f3 durante la charla\u201d Carla Hermann, <strong>F\u00edsica chilena, acad\u00e9mica del Departamento de F\u00edsica de la Universidad de Chile e investigadora MIRO. <\/strong><\/p>\n<p>Sus palabras llegaron a m\u00e1s de 70 ni\u00f1as que participaron en el <strong>1er <\/strong><strong>Seminario de Ni\u00f1as y Mujeres en STEM, realizado en el Museo Interactivo Mirador (MIM)<\/strong>, organizado por la iniciativa IIE a trav\u00e9s de sus Clubes Explorador@s del Conocimiento del PAR Explora RM Norte, adem\u00e1s del Instituto Milenio de Investigaci\u00f3n en \u00d3ptica (MIRO), el Museo Interactivo Mirador (MIM) y el Centro de Investigaci\u00f3n Cient\u00edfica Escolar (CICE).<\/p>\n<p>Desde el<strong> Ministerio de Ciencia tambi\u00e9n se hizo presente Gustavo Astudillo Sotelo<\/strong>, <strong>Encargado del Departamento de Comunidades Educativas de la Divisi\u00f3n Ciencia y Sociedad,<\/strong> quien valor\u00f3 este encuentro: \u201cMe pone muy contento ver a tantas ni\u00f1as interesadas en las \u00e1reas <strong>CTCI<\/strong>. La brecha de g\u00e9nero existe en nuestro pa\u00eds y no tiene justificaci\u00f3n. Necesitamos una sociedad m\u00e1s equitativa, porque eso nos hace mejores\u201d.Este encuentro reuni\u00f3 a ni\u00f1as de los Clubes Explorador@es del Conocimiento en torno a talleres pr\u00e1cticos y conversatorios con enfoque de g\u00e9nero, donde el entusiasmo y la curiosidad fueron protagonistas.<\/p>\n<p><img fetchpriority=\"high\" decoding=\"async\" class=\"alignnone size-medium wp-image-43574\" src=\"https:\/\/explora.cl\/rmnorte\/wp-content\/uploads\/sites\/11\/2025\/08\/Nin\u0303as-Stem-300x200.png\" alt=\"\" width=\"300\" height=\"200\" srcset=\"https:\/\/explora.cl\/rmnorte\/wp-content\/uploads\/sites\/11\/2025\/08\/Nin\u0303as-Stem-300x200.png 300w, https:\/\/explora.cl\/rmnorte\/wp-content\/uploads\/sites\/11\/2025\/08\/Nin\u0303as-Stem-1024x683.png 1024w, https:\/\/explora.cl\/rmnorte\/wp-content\/uploads\/sites\/11\/2025\/08\/Nin\u0303as-Stem-768x512.png 768w, https:\/\/explora.cl\/rmnorte\/wp-content\/uploads\/sites\/11\/2025\/08\/Nin\u0303as-Stem-1536x1024.png 1536w, https:\/\/explora.cl\/rmnorte\/wp-content\/uploads\/sites\/11\/2025\/08\/Nin\u0303as-Stem-2048x1366.png 2048w\" sizes=\"(max-width: 300px) 100vw, 300px\" \/><\/p>\n<p>\u201cAgradezco este tipo de instancias, nos encant\u00f3 la din\u00e1mica. Mis ni\u00f1as quedaron a\u00fan m\u00e1s enamoradas de la ciencia\u201d, expres\u00f3 <strong>Carol Miranda, docente del Colegio Tegualda, de la comuna de Talagante,<\/strong> quien particip\u00f3 junto a sus estudiantes.<\/p>\n<p>Durante la jornada particip\u00f3 el<strong> Centro de Investigaci\u00f3n Cient\u00edfica Escolar (CICE)<\/strong>, quienes ofrecieron una charla sobre el rol de la mujer en la historia.<em> \u201cBuscamos fortalecer el inter\u00e9s, la motivaci\u00f3n y la autoconfianza de las ni\u00f1as en \u00e1reas de la ciencia, ofreciendo referentes reales y experiencias significativas para inspirarse. Tambi\u00e9n queremos que conozcan distintos perfiles de conocimiento cient\u00edfico que las empoderen, combinando las comunicaciones con las ciencias\u201d<\/em>, coment\u00f3 <strong>Carlos Zurita, Director de CICE<\/strong>.<\/p>\n<p><img decoding=\"async\" class=\"alignnone size-medium wp-image-43575\" src=\"https:\/\/explora.cl\/rmnorte\/wp-content\/uploads\/sites\/11\/2025\/08\/Estudiantes-STEM-300x200.png\" alt=\"\" width=\"300\" height=\"200\" srcset=\"https:\/\/explora.cl\/rmnorte\/wp-content\/uploads\/sites\/11\/2025\/08\/Estudiantes-STEM-300x200.png 300w, https:\/\/explora.cl\/rmnorte\/wp-content\/uploads\/sites\/11\/2025\/08\/Estudiantes-STEM-1024x683.png 1024w, https:\/\/explora.cl\/rmnorte\/wp-content\/uploads\/sites\/11\/2025\/08\/Estudiantes-STEM-768x512.png 768w, https:\/\/explora.cl\/rmnorte\/wp-content\/uploads\/sites\/11\/2025\/08\/Estudiantes-STEM-1536x1024.png 1536w, https:\/\/explora.cl\/rmnorte\/wp-content\/uploads\/sites\/11\/2025\/08\/Estudiantes-STEM-2048x1366.png 2048w\" sizes=\"(max-width: 300px) 100vw, 300px\" \/><\/p>\n<p>Las estudiantes durante el encuentro estuvieron muy motivadas y curiosas, durante la experiencia. <strong>Amanda N\u00fa\u00f1ez, de la Escuela El Pino Viejo de Lonqu\u00e9n, de la comuna de Talagante<\/strong> coment\u00f3,<em> \u201cesta actividad es un momento en el que nos podemos sentar y escuchar la experiencia de otras mujeres y como la ciencia nos ayuda para comprender nuestro entorno.\u201d<\/em><\/p>\n<p>Este a\u00f1o, algunos de los proyectos IIE est\u00e1n trabajando proyectos dirigidos a las tem\u00e1ticas de g\u00e9nero en nuestro pa\u00eds. As\u00ed es el caso del grupo de<strong> Javiera Lambeni 5to b\u00e1sico de la Escuela Rep\u00fablica del Ecuador<\/strong> de la comuna de Santiago. Una de sus integrantes nos habl\u00f3 sobre la jornada, <em>\u201cnuestro proyecto tiene tem\u00e1tica de g\u00e9nero. Nos pareci\u00f3 muy interesante. Nos ayuda mucho a nosotras para seguir trabajando y algo que le puede servir a todas las personas.\u201d<\/em><\/p>\n<p><img decoding=\"async\" class=\"alignnone size-medium wp-image-43576\" src=\"https:\/\/explora.cl\/rmnorte\/wp-content\/uploads\/sites\/11\/2025\/08\/Estudiantes-STEM-1-300x200.png\" alt=\"\" width=\"300\" height=\"200\" srcset=\"https:\/\/explora.cl\/rmnorte\/wp-content\/uploads\/sites\/11\/2025\/08\/Estudiantes-STEM-1-300x200.png 300w, https:\/\/explora.cl\/rmnorte\/wp-content\/uploads\/sites\/11\/2025\/08\/Estudiantes-STEM-1-1024x683.png 1024w, https:\/\/explora.cl\/rmnorte\/wp-content\/uploads\/sites\/11\/2025\/08\/Estudiantes-STEM-1-768x512.png 768w, https:\/\/explora.cl\/rmnorte\/wp-content\/uploads\/sites\/11\/2025\/08\/Estudiantes-STEM-1-1536x1024.png 1536w, https:\/\/explora.cl\/rmnorte\/wp-content\/uploads\/sites\/11\/2025\/08\/Estudiantes-STEM-1-2048x1366.png 2048w\" sizes=\"(max-width: 300px) 100vw, 300px\" \/><\/p>\n<p><strong>Patricio Ram\u00edrez, Profesor de Ciencias Naturales de la Escuela Piloto Pardo <\/strong>de la comuna de Santiago, <em>\u201cel d\u00eda de hoy fue muy potente para mis estudiantes, las charlas fueron enriquecedoras para ellas, ya que, en la escuela, los proyectos Explora est\u00e1n siendo representados por el g\u00e9nero femenino. Estas instancias las motivan y espero que repita para todos.\u201d <\/em><\/p>\n<p><strong>\u00a0<\/strong>Explora RM Norte trabaja para impulsar la participaci\u00f3n de ni\u00f1as y mujeres en todas las \u00e1reas STEM (Ciencia, Tecnolog\u00eda, Ingenier\u00eda y Matem\u00e1ticas). \u201cLa diversidad de perspectivas fortalece tanto el avance cient\u00edfico como el desarrollo social. Reconocemos que la presencia y los aportes de las mujeres en ciencia son esenciales para forjar una sociedad m\u00e1s justa, creativa e innovadora\u201d concluy\u00f3 el <strong>Dr. Mario Chiong, Director del Explora RM Norte e investigador del Centro Avanzado de Enfermedades Cr\u00f3nicas (ACCDiS)<\/strong>, unidad ejecutora del Proyecto.<\/p>\n<p><img loading=\"lazy\" decoding=\"async\" class=\"alignnone size-medium wp-image-43577\" src=\"https:\/\/explora.cl\/rmnorte\/wp-content\/uploads\/sites\/11\/2025\/08\/Stem-Explora-RMNORTE-300x200.png\" alt=\"\" width=\"300\" height=\"200\" srcset=\"https:\/\/explora.cl\/rmnorte\/wp-content\/uploads\/sites\/11\/2025\/08\/Stem-Explora-RMNORTE-300x200.png 300w, https:\/\/explora.cl\/rmnorte\/wp-content\/uploads\/sites\/11\/2025\/08\/Stem-Explora-RMNORTE-1024x683.png 1024w, https:\/\/explora.cl\/rmnorte\/wp-content\/uploads\/sites\/11\/2025\/08\/Stem-Explora-RMNORTE-768x512.png 768w, https:\/\/explora.cl\/rmnorte\/wp-content\/uploads\/sites\/11\/2025\/08\/Stem-Explora-RMNORTE-1536x1024.png 1536w, https:\/\/explora.cl\/rmnorte\/wp-content\/uploads\/sites\/11\/2025\/08\/Stem-Explora-RMNORTE-2048x1366.png 2048w\" sizes=\"(max-width: 300px) 100vw, 300px\" \/><\/p>\n","protected":false},"excerpt":{"rendered":"<p>Acompa\u00f1ados por PichinCO y sus amigos, estudiantes de cuatro establecimientos educativos de Tiltil y Curacav\u00ed, participaron en las jornadas de lanzamiento de \u201cPichinCO en busca del agua\u201d, iniciativa impulsada por el Proyecto Asociativo Explora Regi\u00f3n Metropolitana Norte del Ministerio de Ciencia, Tecnolog\u00eda, Conocimiento e Innovaci\u00f3n, a trav\u00e9s de la Facultad de Ciencias Qu\u00edmicas y Farmac\u00e9uticas de la Universidad de Chile.<\/p>\n","protected":false},"author":26,"featured_media":43573,"comment_status":"open","ping_status":"open","sticky":false,"template":"","format":"standard","meta":{"_acf_changed":false,"_exactmetrics_skip_tracking":false,"_exactmetrics_sitenote_active":false,"_exactmetrics_sitenote_note":"","_exactmetrics_sitenote_category":0,"footnotes":"","_links_to":"","_links_to_target":""},"categories":[4],"tags":[303,23,241,301,268,338,284,291,259],"class_list":["post-43572","post","type-post","status-publish","format-standard","has-post-thumbnail","hentry","category-noticias","tag-ctci","tag-explora","tag-explora-rmnorte","tag-facultad-de-ciencias-quimicas-y-farmaceuticas","tag-ministerio-de-ciencia-tecnologia-conocimiento-e-innovacion","tag-pichinco-en-busca-del-agua","tag-region-metropolitana-norte","tag-rmnorte","tag-u-de-chile"],"acf":[],"yoast_head":"<!-- This site is optimized with the Yoast SEO plugin v26.9 - https:\/\/yoast.com\/product\/yoast-seo-wordpress\/ -->\n<title>El mundo necesita ciencia, y la ciencia necesita mujeres - RM Norte<\/title>\n<meta name=\"description\" content=\"Acompa\u00f1ados por PichinCO y sus amigos, estudiantes de cuatro establecimientos educativos de Tiltil y Curacav\u00ed, participaron en las jornadas de lanzamiento de \u201cPichinCO en busca del agua\u201d, iniciativa impulsada por el Proyecto Asociativo Explora Regi\u00f3n Metropolitana Norte del Ministerio de Ciencia, Tecnolog\u00eda, Conocimiento e Innovaci\u00f3n, a trav\u00e9s de la Facultad de Ciencias Qu\u00edmicas y Farmac\u00e9uticas de la Universidad de Chile.\" class=\"yoast-seo-meta-tag\" \/>\n<meta name=\"robots\" content=\"index, follow, max-snippet:-1, max-image-preview:large, max-video-preview:-1\" \/>\n<link rel=\"canonical\" href=\"https:\/\/explora.cl\/rmnorte\/el-mundo-necesita-ciencia-y-la-ciencia-necesita-mujeres\/\" class=\"yoast-seo-meta-tag\" \/>\n<meta property=\"og:locale\" content=\"es_ES\" class=\"yoast-seo-meta-tag\" \/>\n<meta property=\"og:type\" content=\"article\" class=\"yoast-seo-meta-tag\" \/>\n<meta property=\"og:title\" content=\"El mundo necesita ciencia, y la ciencia necesita mujeres - RM Norte\" class=\"yoast-seo-meta-tag\" \/>\n<meta property=\"og:description\" content=\"Acompa\u00f1ados por PichinCO y sus amigos, estudiantes de cuatro establecimientos educativos de Tiltil y Curacav\u00ed, participaron en las jornadas de lanzamiento de \u201cPichinCO en busca del agua\u201d, iniciativa impulsada por el Proyecto Asociativo Explora Regi\u00f3n Metropolitana Norte del Ministerio de Ciencia, Tecnolog\u00eda, Conocimiento e Innovaci\u00f3n, a trav\u00e9s de la Facultad de Ciencias Qu\u00edmicas y Farmac\u00e9uticas de la Universidad de Chile.\" class=\"yoast-seo-meta-tag\" \/>\n<meta property=\"og:url\" content=\"https:\/\/explora.cl\/rmnorte\/el-mundo-necesita-ciencia-y-la-ciencia-necesita-mujeres\/\" class=\"yoast-seo-meta-tag\" \/>\n<meta property=\"og:site_name\" content=\"RM Norte\" class=\"yoast-seo-meta-tag\" \/>\n<meta property=\"article:published_time\" content=\"2025-08-29T19:04:51+00:00\" class=\"yoast-seo-meta-tag\" \/>\n<meta property=\"og:image\" content=\"https:\/\/explora.cl\/rmnorte\/wp-content\/uploads\/sites\/11\/2025\/08\/Mujeres-en-la-ciencia-1024x683.png\" class=\"yoast-seo-meta-tag\" \/>\n\t<meta property=\"og:image:width\" content=\"1024\" class=\"yoast-seo-meta-tag\" \/>\n\t<meta property=\"og:image:height\" content=\"683\" class=\"yoast-seo-meta-tag\" \/>\n\t<meta property=\"og:image:type\" content=\"image\/png\" class=\"yoast-seo-meta-tag\" \/>\n<meta name=\"author\" content=\"dgarcia\" class=\"yoast-seo-meta-tag\" \/>\n<meta name=\"twitter:card\" content=\"summary_large_image\" class=\"yoast-seo-meta-tag\" \/>\n<meta name=\"twitter:label1\" content=\"Escrito por\" class=\"yoast-seo-meta-tag\" \/>\n\t<meta name=\"twitter:data1\" content=\"dgarcia\" class=\"yoast-seo-meta-tag\" \/>\n\t<meta name=\"twitter:label2\" content=\"Tiempo estimado de lectura\" class=\"yoast-seo-meta-tag\" \/>\n\t<meta name=\"twitter:data2\" content=\"5 minutos\" class=\"yoast-seo-meta-tag\" \/>\n<script type=\"application\/ld+json\" class=\"yoast-schema-graph\">{\"@context\":\"https:\/\/schema.org\",\"@graph\":[{\"@type\":\"Article\",\"@id\":\"https:\/\/explora.cl\/rmnorte\/el-mundo-necesita-ciencia-y-la-ciencia-necesita-mujeres\/#article\",\"isPartOf\":{\"@id\":\"https:\/\/explora.cl\/rmnorte\/el-mundo-necesita-ciencia-y-la-ciencia-necesita-mujeres\/\"},\"author\":{\"name\":\"dgarcia\",\"@id\":\"https:\/\/explora.cl\/rmnorte\/#\/schema\/person\/4ad985b29a183eab4170892260e133a5\"},\"headline\":\"El mundo necesita ciencia, y la ciencia necesita mujeres\",\"datePublished\":\"2025-08-29T19:04:51+00:00\",\"mainEntityOfPage\":{\"@id\":\"https:\/\/explora.cl\/rmnorte\/el-mundo-necesita-ciencia-y-la-ciencia-necesita-mujeres\/\"},\"wordCount\":773,\"commentCount\":0,\"image\":{\"@id\":\"https:\/\/explora.cl\/rmnorte\/el-mundo-necesita-ciencia-y-la-ciencia-necesita-mujeres\/#primaryimage\"},\"thumbnailUrl\":\"https:\/\/explora.cl\/rmnorte\/wp-content\/uploads\/sites\/11\/2025\/08\/Mujeres-en-la-ciencia.png\",\"keywords\":[\"CTCI\",\"EXPLORA\",\"Explora Rmnorte\",\"facultad de ciencias quimicas y farmaceuticas\",\"Ministerio de ciencia tecnologia conocimiento e innovaci\u00f3n\",\"PichinCO en busca del agua\",\"Regi\u00f3n metropolitana norte\",\"Rmnorte\",\"U de Chile\"],\"articleSection\":[\"Noticias\"],\"inLanguage\":\"es-CL\",\"potentialAction\":[{\"@type\":\"CommentAction\",\"name\":\"Comment\",\"target\":[\"https:\/\/explora.cl\/rmnorte\/el-mundo-necesita-ciencia-y-la-ciencia-necesita-mujeres\/#respond\"]}]},{\"@type\":\"WebPage\",\"@id\":\"https:\/\/explora.cl\/rmnorte\/el-mundo-necesita-ciencia-y-la-ciencia-necesita-mujeres\/\",\"url\":\"https:\/\/explora.cl\/rmnorte\/el-mundo-necesita-ciencia-y-la-ciencia-necesita-mujeres\/\",\"name\":\"El mundo necesita ciencia, y la ciencia necesita mujeres - RM Norte\",\"isPartOf\":{\"@id\":\"https:\/\/explora.cl\/rmnorte\/#website\"},\"primaryImageOfPage\":{\"@id\":\"https:\/\/explora.cl\/rmnorte\/el-mundo-necesita-ciencia-y-la-ciencia-necesita-mujeres\/#primaryimage\"},\"image\":{\"@id\":\"https:\/\/explora.cl\/rmnorte\/el-mundo-necesita-ciencia-y-la-ciencia-necesita-mujeres\/#primaryimage\"},\"thumbnailUrl\":\"https:\/\/explora.cl\/rmnorte\/wp-content\/uploads\/sites\/11\/2025\/08\/Mujeres-en-la-ciencia.png\",\"datePublished\":\"2025-08-29T19:04:51+00:00\",\"author\":{\"@id\":\"https:\/\/explora.cl\/rmnorte\/#\/schema\/person\/4ad985b29a183eab4170892260e133a5\"},\"description\":\"Acompa\u00f1ados por PichinCO y sus amigos, estudiantes de cuatro establecimientos educativos de Tiltil y Curacav\u00ed, participaron en las jornadas de lanzamiento de \u201cPichinCO en busca del agua\u201d, iniciativa impulsada por el Proyecto Asociativo Explora Regi\u00f3n Metropolitana Norte del Ministerio de Ciencia, Tecnolog\u00eda, Conocimiento e Innovaci\u00f3n, a trav\u00e9s de la Facultad de Ciencias Qu\u00edmicas y Farmac\u00e9uticas de la Universidad de Chile.\",\"breadcrumb\":{\"@id\":\"https:\/\/explora.cl\/rmnorte\/el-mundo-necesita-ciencia-y-la-ciencia-necesita-mujeres\/#breadcrumb\"},\"inLanguage\":\"es-CL\",\"potentialAction\":[{\"@type\":\"ReadAction\",\"target\":[\"https:\/\/explora.cl\/rmnorte\/el-mundo-necesita-ciencia-y-la-ciencia-necesita-mujeres\/\"]}]},{\"@type\":\"ImageObject\",\"inLanguage\":\"es-CL\",\"@id\":\"https:\/\/explora.cl\/rmnorte\/el-mundo-necesita-ciencia-y-la-ciencia-necesita-mujeres\/#primaryimage\",\"url\":\"https:\/\/explora.cl\/rmnorte\/wp-content\/uploads\/sites\/11\/2025\/08\/Mujeres-en-la-ciencia.png\",\"contentUrl\":\"https:\/\/explora.cl\/rmnorte\/wp-content\/uploads\/sites\/11\/2025\/08\/Mujeres-en-la-ciencia.png\",\"width\":2560,\"height\":1707},{\"@type\":\"BreadcrumbList\",\"@id\":\"https:\/\/explora.cl\/rmnorte\/el-mundo-necesita-ciencia-y-la-ciencia-necesita-mujeres\/#breadcrumb\",\"itemListElement\":[{\"@type\":\"ListItem\",\"position\":1,\"name\":\"Portada\",\"item\":\"https:\/\/explora.cl\/rmnorte\/\"},{\"@type\":\"ListItem\",\"position\":2,\"name\":\"El mundo necesita ciencia, y la ciencia necesita mujeres\"}]},{\"@type\":\"WebSite\",\"@id\":\"https:\/\/explora.cl\/rmnorte\/#website\",\"url\":\"https:\/\/explora.cl\/rmnorte\/\",\"name\":\"RM Norte\",\"description\":\"RM Norte explora.cl\",\"potentialAction\":[{\"@type\":\"SearchAction\",\"target\":{\"@type\":\"EntryPoint\",\"urlTemplate\":\"https:\/\/explora.cl\/rmnorte\/?s={search_term_string}\"},\"query-input\":{\"@type\":\"PropertyValueSpecification\",\"valueRequired\":true,\"valueName\":\"search_term_string\"}}],\"inLanguage\":\"es-CL\"},{\"@type\":\"Person\",\"@id\":\"https:\/\/explora.cl\/rmnorte\/#\/schema\/person\/4ad985b29a183eab4170892260e133a5\",\"name\":\"dgarcia\",\"image\":{\"@type\":\"ImageObject\",\"inLanguage\":\"es-CL\",\"@id\":\"https:\/\/explora.cl\/rmnorte\/#\/schema\/person\/image\/\",\"url\":\"https:\/\/secure.gravatar.com\/avatar\/06e2fd9f68a0c19cd669ddc183de83489acab601aa57958e0f60175e5013e6b7?s=96&d=mm&r=g\",\"contentUrl\":\"https:\/\/secure.gravatar.com\/avatar\/06e2fd9f68a0c19cd669ddc183de83489acab601aa57958e0f60175e5013e6b7?s=96&d=mm&r=g\",\"caption\":\"dgarcia\"},\"url\":\"https:\/\/explora.cl\/rmnorte\/author\/dgarcia\/\"}]}<\/script>\n<!-- \/ Yoast SEO plugin. -->","yoast_head_json":{"title":"El mundo necesita ciencia, y la ciencia necesita mujeres - RM Norte","description":"Acompa\u00f1ados por PichinCO y sus amigos, estudiantes de cuatro establecimientos educativos de Tiltil y Curacav\u00ed, participaron en las jornadas de lanzamiento de \u201cPichinCO en busca del agua\u201d, iniciativa impulsada por el Proyecto Asociativo Explora Regi\u00f3n Metropolitana Norte del Ministerio de Ciencia, Tecnolog\u00eda, Conocimiento e Innovaci\u00f3n, a trav\u00e9s de la Facultad de Ciencias Qu\u00edmicas y Farmac\u00e9uticas de la Universidad de Chile.","robots":{"index":"index","follow":"follow","max-snippet":"max-snippet:-1","max-image-preview":"max-image-preview:large","max-video-preview":"max-video-preview:-1"},"canonical":"https:\/\/explora.cl\/rmnorte\/el-mundo-necesita-ciencia-y-la-ciencia-necesita-mujeres\/","og_locale":"es_ES","og_type":"article","og_title":"El mundo necesita ciencia, y la ciencia necesita mujeres - RM Norte","og_description":"Acompa\u00f1ados por PichinCO y sus amigos, estudiantes de cuatro establecimientos educativos de Tiltil y Curacav\u00ed, participaron en las jornadas de lanzamiento de \u201cPichinCO en busca del agua\u201d, iniciativa impulsada por el Proyecto Asociativo Explora Regi\u00f3n Metropolitana Norte del Ministerio de Ciencia, Tecnolog\u00eda, Conocimiento e Innovaci\u00f3n, a trav\u00e9s de la Facultad de Ciencias Qu\u00edmicas y Farmac\u00e9uticas de la Universidad de Chile.","og_url":"https:\/\/explora.cl\/rmnorte\/el-mundo-necesita-ciencia-y-la-ciencia-necesita-mujeres\/","og_site_name":"RM Norte","article_published_time":"2025-08-29T19:04:51+00:00","og_image":[{"width":1024,"height":683,"url":"https:\/\/explora.cl\/rmnorte\/wp-content\/uploads\/sites\/11\/2025\/08\/Mujeres-en-la-ciencia-1024x683.png","type":"image\/png"}],"author":"dgarcia","twitter_card":"summary_large_image","twitter_misc":{"Escrito por":"dgarcia","Tiempo estimado de lectura":"5 minutos"},"schema":{"@context":"https:\/\/schema.org","@graph":[{"@type":"Article","@id":"https:\/\/explora.cl\/rmnorte\/el-mundo-necesita-ciencia-y-la-ciencia-necesita-mujeres\/#article","isPartOf":{"@id":"https:\/\/explora.cl\/rmnorte\/el-mundo-necesita-ciencia-y-la-ciencia-necesita-mujeres\/"},"author":{"name":"dgarcia","@id":"https:\/\/explora.cl\/rmnorte\/#\/schema\/person\/4ad985b29a183eab4170892260e133a5"},"headline":"El mundo necesita ciencia, y la ciencia necesita mujeres","datePublished":"2025-08-29T19:04:51+00:00","mainEntityOfPage":{"@id":"https:\/\/explora.cl\/rmnorte\/el-mundo-necesita-ciencia-y-la-ciencia-necesita-mujeres\/"},"wordCount":773,"commentCount":0,"image":{"@id":"https:\/\/explora.cl\/rmnorte\/el-mundo-necesita-ciencia-y-la-ciencia-necesita-mujeres\/#primaryimage"},"thumbnailUrl":"https:\/\/explora.cl\/rmnorte\/wp-content\/uploads\/sites\/11\/2025\/08\/Mujeres-en-la-ciencia.png","keywords":["CTCI","EXPLORA","Explora Rmnorte","facultad de ciencias quimicas y farmaceuticas","Ministerio de ciencia tecnologia conocimiento e innovaci\u00f3n","PichinCO en busca del agua","Regi\u00f3n metropolitana norte","Rmnorte","U de Chile"],"articleSection":["Noticias"],"inLanguage":"es-CL","potentialAction":[{"@type":"CommentAction","name":"Comment","target":["https:\/\/explora.cl\/rmnorte\/el-mundo-necesita-ciencia-y-la-ciencia-necesita-mujeres\/#respond"]}]},{"@type":"WebPage","@id":"https:\/\/explora.cl\/rmnorte\/el-mundo-necesita-ciencia-y-la-ciencia-necesita-mujeres\/","url":"https:\/\/explora.cl\/rmnorte\/el-mundo-necesita-ciencia-y-la-ciencia-necesita-mujeres\/","name":"El mundo necesita ciencia, y la ciencia necesita mujeres - RM Norte","isPartOf":{"@id":"https:\/\/explora.cl\/rmnorte\/#website"},"primaryImageOfPage":{"@id":"https:\/\/explora.cl\/rmnorte\/el-mundo-necesita-ciencia-y-la-ciencia-necesita-mujeres\/#primaryimage"},"image":{"@id":"https:\/\/explora.cl\/rmnorte\/el-mundo-necesita-ciencia-y-la-ciencia-necesita-mujeres\/#primaryimage"},"thumbnailUrl":"https:\/\/explora.cl\/rmnorte\/wp-content\/uploads\/sites\/11\/2025\/08\/Mujeres-en-la-ciencia.png","datePublished":"2025-08-29T19:04:51+00:00","author":{"@id":"https:\/\/explora.cl\/rmnorte\/#\/schema\/person\/4ad985b29a183eab4170892260e133a5"},"description":"Acompa\u00f1ados por PichinCO y sus amigos, estudiantes de cuatro establecimientos educativos de Tiltil y Curacav\u00ed, participaron en las jornadas de lanzamiento de \u201cPichinCO en busca del agua\u201d, iniciativa impulsada por el Proyecto Asociativo Explora Regi\u00f3n Metropolitana Norte del Ministerio de Ciencia, Tecnolog\u00eda, Conocimiento e Innovaci\u00f3n, a trav\u00e9s de la Facultad de Ciencias Qu\u00edmicas y Farmac\u00e9uticas de la Universidad de Chile.","breadcrumb":{"@id":"https:\/\/explora.cl\/rmnorte\/el-mundo-necesita-ciencia-y-la-ciencia-necesita-mujeres\/#breadcrumb"},"inLanguage":"es-CL","potentialAction":[{"@type":"ReadAction","target":["https:\/\/explora.cl\/rmnorte\/el-mundo-necesita-ciencia-y-la-ciencia-necesita-mujeres\/"]}]},{"@type":"ImageObject","inLanguage":"es-CL","@id":"https:\/\/explora.cl\/rmnorte\/el-mundo-necesita-ciencia-y-la-ciencia-necesita-mujeres\/#primaryimage","url":"https:\/\/explora.cl\/rmnorte\/wp-content\/uploads\/sites\/11\/2025\/08\/Mujeres-en-la-ciencia.png","contentUrl":"https:\/\/explora.cl\/rmnorte\/wp-content\/uploads\/sites\/11\/2025\/08\/Mujeres-en-la-ciencia.png","width":2560,"height":1707},{"@type":"BreadcrumbList","@id":"https:\/\/explora.cl\/rmnorte\/el-mundo-necesita-ciencia-y-la-ciencia-necesita-mujeres\/#breadcrumb","itemListElement":[{"@type":"ListItem","position":1,"name":"Portada","item":"https:\/\/explora.cl\/rmnorte\/"},{"@type":"ListItem","position":2,"name":"El mundo necesita ciencia, y la ciencia necesita mujeres"}]},{"@type":"WebSite","@id":"https:\/\/explora.cl\/rmnorte\/#website","url":"https:\/\/explora.cl\/rmnorte\/","name":"RM Norte","description":"RM Norte explora.cl","potentialAction":[{"@type":"SearchAction","target":{"@type":"EntryPoint","urlTemplate":"https:\/\/explora.cl\/rmnorte\/?s={search_term_string}"},"query-input":{"@type":"PropertyValueSpecification","valueRequired":true,"valueName":"search_term_string"}}],"inLanguage":"es-CL"},{"@type":"Person","@id":"https:\/\/explora.cl\/rmnorte\/#\/schema\/person\/4ad985b29a183eab4170892260e133a5","name":"dgarcia","image":{"@type":"ImageObject","inLanguage":"es-CL","@id":"https:\/\/explora.cl\/rmnorte\/#\/schema\/person\/image\/","url":"https:\/\/secure.gravatar.com\/avatar\/06e2fd9f68a0c19cd669ddc183de83489acab601aa57958e0f60175e5013e6b7?s=96&d=mm&r=g","contentUrl":"https:\/\/secure.gravatar.com\/avatar\/06e2fd9f68a0c19cd669ddc183de83489acab601aa57958e0f60175e5013e6b7?s=96&d=mm&r=g","caption":"dgarcia"},"url":"https:\/\/explora.cl\/rmnorte\/author\/dgarcia\/"}]}},"_links":{"self":[{"href":"https:\/\/explora.cl\/rmnorte\/wp-json\/wp\/v2\/posts\/43572","targetHints":{"allow":["GET"]}}],"collection":[{"href":"https:\/\/explora.cl\/rmnorte\/wp-json\/wp\/v2\/posts"}],"about":[{"href":"https:\/\/explora.cl\/rmnorte\/wp-json\/wp\/v2\/types\/post"}],"author":[{"embeddable":true,"href":"https:\/\/explora.cl\/rmnorte\/wp-json\/wp\/v2\/users\/26"}],"replies":[{"embeddable":true,"href":"https:\/\/explora.cl\/rmnorte\/wp-json\/wp\/v2\/comments?post=43572"}],"version-history":[{"count":1,"href":"https:\/\/explora.cl\/rmnorte\/wp-json\/wp\/v2\/posts\/43572\/revisions"}],"predecessor-version":[{"id":43578,"href":"https:\/\/explora.cl\/rmnorte\/wp-json\/wp\/v2\/posts\/43572\/revisions\/43578"}],"wp:featuredmedia":[{"embeddable":true,"href":"https:\/\/explora.cl\/rmnorte\/wp-json\/wp\/v2\/media\/43573"}],"wp:attachment":[{"href":"https:\/\/explora.cl\/rmnorte\/wp-json\/wp\/v2\/media?parent=43572"}],"wp:term":[{"taxonomy":"category","embeddable":true,"href":"https:\/\/explora.cl\/rmnorte\/wp-json\/wp\/v2\/categories?post=43572"},{"taxonomy":"post_tag","embeddable":true,"href":"https:\/\/explora.cl\/rmnorte\/wp-json\/wp\/v2\/tags?post=43572"}],"curies":[{"name":"wp","href":"https:\/\/api.w.org\/{rel}","templated":true}]}}