{"id":43331,"date":"2025-04-21T11:03:41","date_gmt":"2025-04-21T15:03:41","guid":{"rendered":"https:\/\/explora.cl\/rmnorte\/?p=43331"},"modified":"2025-05-19T14:31:06","modified_gmt":"2025-05-19T18:31:06","slug":"proyecto-explora-rm-norte-inicio-un-nuevo-ciclo-de-ciencia-y-aprendizaje","status":"publish","type":"post","link":"https:\/\/explora.cl\/rmnorte\/proyecto-explora-rm-norte-inicio-un-nuevo-ciclo-de-ciencia-y-aprendizaje\/","title":{"rendered":"Proyecto Explora RM Norte inici\u00f3 un nuevo ciclo de ciencia y aprendizaje"},"content":{"rendered":"<p>Con la participaci\u00f3n de la comunidad educativa y cient\u00edfica, el 2 de abril el <strong>Proyecto Asociativo Regional (PAR) Explora Regi\u00f3n Metropolitana Norte<\/strong> del Ministerio de Ciencia, Tecnolog\u00eda, Conocimiento e Innovaci\u00f3n, dio inicio a su per\u00edodo de ejecuci\u00f3n 2025-2026. En esta jornada, se presentaron las iniciativas que impulsar\u00e1n el proyecto y contribuir\u00e1n al fortalecimiento de las competencias en Ciencia, Tecnolog\u00eda, Conocimiento e Innovaci\u00f3n (CTCI) en la regi\u00f3n.<\/p>\n<p>El evento de apertura tuvo lugar en el Planetario de la Universidad Santiago de Chile (USACH), donde participaron m\u00e1s de 100 asistentes, contando con la presencia de autoridades, miembros de la comunidad educativa y representantes del ecosistema CTCI, quienes disfrutando de una proyecci\u00f3n espacial. Durante la jornada, tambi\u00e9n se dieron a conocer las iniciativas que ser\u00e1n desarrolladas por el PAR Explora RM Norte en este nuevo ciclo, reafirmando el compromiso con la educaci\u00f3n cient\u00edfica.<\/p>\n<p>A la actividad asistieron estudiantes y docentes que han participado previamente en el programa, y destacadas figuras del \u00e1mbito acad\u00e9mico y cient\u00edfico, entre ellos: Gustavo Astudillo, Encargado del departamento de Comunidades Educativas de la Divisi\u00f3n Ciencia y Sociedad del MinCiencia; profesor Pablo Richter decano de la Facultad de Ciencias Qu\u00edmicas y Farmac\u00e9uticas de la Universidad de Chile, entre otras instituciones asociadas al proyecto: La Universidad Central, Universidad Tecnol\u00f3gica Metropolitana, Universidad Santo Tom\u00e1s, Pontificia Universidad Cat\u00f3lica de Chile y Academia Chilena de Ciencias.<\/p>\n<p>En este sentido, el profesor Pablo Richter decano de la Facultad de Ciencias Qu\u00edmicas y Farmac\u00e9uticas de la Universidad de Chile dijo, \u201cestamos en el a\u00f1o de nuestro 80\u00ba aniversario, y en ese marco, la participaci\u00f3n activa de nuestra Facultad es de gran importancia para la difusi\u00f3n de las ciencias entre los escolares. Para nuestra Facultad, es un honor alojar el Proyecto Explora RM Norte, ya que a trav\u00e9s de \u00e9l impulsamos la extensi\u00f3n universitaria y promovemos las ciencias en estrecha vinculaci\u00f3n con la sociedad. Somos conscientes de la responsabilidad institucional que conlleva esta labor y, por ello, apostamos por el \u00e9xito de este proyecto. Es fundamental destacar que el futuro se construye a trav\u00e9s de la educaci\u00f3n en todos sus niveles. Como universidad nacional y p\u00fablica, asumimos este compromiso de manera institucional\u201d.<\/p>\n<p>Fabi\u00e1n Retamal, director de Extensi\u00f3n de la Universidad de Chile, tambi\u00e9n fue una de las autoridades acad\u00e9micas que participaron, quien resalt\u00f3 la relevancia de este tipo de iniciativas en la formaci\u00f3n de nuevas generaciones: &#8220;Esperamos que esta sea una oportunidad grandiosa, que los maraville, los entusiasme y los motive a aprender de la ciencia&#8221;.<\/p>\n<p><img fetchpriority=\"high\" decoding=\"async\" class=\"size-medium wp-image-43332 alignleft\" src=\"https:\/\/explora.cl\/rmnorte\/wp-content\/uploads\/sites\/11\/2025\/04\/Director-Mario-Chiong-259x300.png\" alt=\"\" width=\"259\" height=\"300\" srcset=\"https:\/\/explora.cl\/rmnorte\/wp-content\/uploads\/sites\/11\/2025\/04\/Director-Mario-Chiong-259x300.png 259w, https:\/\/explora.cl\/rmnorte\/wp-content\/uploads\/sites\/11\/2025\/04\/Director-Mario-Chiong.png 664w\" sizes=\"(max-width: 259px) 100vw, 259px\" \/><\/p>\n<p>Por su parte, el <strong>Dr. Mario Chiong, director del PAR Explora RM Norte e investigador del Centro Avanzado de Enfermedades Cr\u00f3nicas (ACCDiS)<\/strong> destac\u00f3 el impacto de estas iniciativas en el desarrollo de las competencias cient\u00edficas en ni\u00f1os, ni\u00f1as y adolescentes y resalt\u00f3: &#8220;hoy comenzamos un nuevo cap\u00edtulo, en el que nos comprometemos con las comunidades educativas y el ecosistema CTCI, para entregar herramientas que generen cambios significativos, promoviendo futuros agentes de cambio en las ciencias&#8221;.<\/p>\n<p>Adem\u00e1s, hizo un llamado a la comunidad a involucrarse activamente en las actividades del programa, &#8220;las y los invitamos a sumergirse en el oc\u00e9ano del conocimiento, a explorar sin l\u00edmites y, junto a la comunidad educativa, construir una sociedad donde todos nos beneficiemos.&#8221;<\/p>\n<p><img decoding=\"async\" src=\"https:\/\/explora.cl\/wp-content\/uploads\/2019\/06\/AutoraLaMujer.jpg\" alt=\"DiarioLaMujer\" class=\"vc-single-image\" \/><img decoding=\"async\" class=\"size-medium wp-image-43334 alignleft\" src=\"https:\/\/explora.cl\/rmnorte\/wp-content\/uploads\/sites\/11\/2025\/04\/profe-alicia-246x300.jpg\" alt=\"\" width=\"246\" height=\"300\" srcset=\"https:\/\/explora.cl\/rmnorte\/wp-content\/uploads\/sites\/11\/2025\/04\/profe-alicia-246x300.jpg 246w, https:\/\/explora.cl\/rmnorte\/wp-content\/uploads\/sites\/11\/2025\/04\/profe-alicia-838x1024.jpg 838w, https:\/\/explora.cl\/rmnorte\/wp-content\/uploads\/sites\/11\/2025\/04\/profe-alicia-768x938.jpg 768w, https:\/\/explora.cl\/rmnorte\/wp-content\/uploads\/sites\/11\/2025\/04\/profe-alicia.jpg 1048w\" sizes=\"(max-width: 246px) 100vw, 246px\" \/>Entre los docentes que estuvieron presentes se encontraba la profesora <strong>Alicia Godoy de la Escuela Ciudad Santiago<\/strong>, quien coment\u00f3 que estaba muy feliz de volver a trabajar con el equipo Norte, \u201cestas experiencias para mis ni\u00f1os han sido muy buenas, han tenido la posibilidad de interactuar con otros estudiantes, han hecho investigaci\u00f3n cient\u00edfica y desde las primeras edades con PIPE, hemos logrado que los ni\u00f1os y ni\u00f1as tengan experiencias vinculadas con la ciencia y otras asignaturas\u201d.<img decoding=\"async\" class=\"size-medium wp-image-43335 alignleft\" src=\"https:\/\/explora.cl\/rmnorte\/wp-content\/uploads\/sites\/11\/2025\/04\/profe-corina-300x292.jpg\" alt=\"\" width=\"300\" height=\"292\" srcset=\"https:\/\/explora.cl\/rmnorte\/wp-content\/uploads\/sites\/11\/2025\/04\/profe-corina-300x292.jpg 300w, https:\/\/explora.cl\/rmnorte\/wp-content\/uploads\/sites\/11\/2025\/04\/profe-corina-1024x996.jpg 1024w, https:\/\/explora.cl\/rmnorte\/wp-content\/uploads\/sites\/11\/2025\/04\/profe-corina-768x747.jpg 768w, https:\/\/explora.cl\/rmnorte\/wp-content\/uploads\/sites\/11\/2025\/04\/profe-corina.jpg 1107w\" sizes=\"(max-width: 300px) 100vw, 300px\" \/>En esta misma l\u00ednea, la profesora <strong>Corina Rosario del Liceo Rigoberto Font de Colina<\/strong> aprovecho la instancia para invitar a todos los\/as profesores a ser parte de estas iniciativas \u201c\u00a1No se van arrepentir! Todas las iniciativas del Proyecto, permiten que los estudiantes desarrollen habilidades para desarrollarse en el futuro\u201d.Durante este periodo, el Proyecto trabajar\u00e1 con 22 comunidades educativas pertenecientes a 22 comunas de la RM:\u00a0Santiago, San Joaqu\u00edn, San Miguel, Pedro Aguirre Cerda, Curacav\u00ed, Talagante, Isla de Maipo, El Monte, Pe\u00f1aflor, Padre Hurtado, Melipilla, Mar\u00eda Pinto, San Pedro,Alhu\u00e9, Recoleta, Independencia, Quilicura, Conchal\u00ed, Lampa, Huechuraba, Colina, Tiltil.<\/p>\n<p>El PAR Explora RM Norte, liderado por el ACCDiS a trav\u00e9s de la Universidad de Chile y su Facultad de Ciencias Qu\u00edmicas y Farmac\u00e9uticas, inicia as\u00ed un nuevo per\u00edodo de trabajo enfocado en fortalecer la educaci\u00f3n cient\u00edfica en la regi\u00f3n. Las iniciativas buscan fomentar la curiosidad, el pensamiento cr\u00edtico y la participaci\u00f3n activa de estudiantes y docentes en el mundo de la investigaci\u00f3n, consolidando un espacio de aprendizaje y descubrimiento para las futuras generaciones.<\/p>\n<p>[vc_facebook]<\/p>\n","protected":false},"excerpt":{"rendered":"<p>Con la participaci\u00f3n de la comunidad educativa y cient\u00edfica, el 2 de abril el Proyecto Asociativo Regional (PAR) Explora Regi\u00f3n Metropolitana Norte del Ministerio de Ciencia, Tecnolog\u00eda, Conocimiento e Innovaci\u00f3n, dio inicio a su per\u00edodo de ejecuci\u00f3n 2025-2026. En esta jornada, se presentaron las iniciativas que impulsar\u00e1n el proyecto y contribuir\u00e1n al fortalecimiento de las competencias en Ciencia, Tecnolog\u00eda, Conocimiento e Innovaci\u00f3n (CTCI) en la regi\u00f3n.<\/p>\n","protected":false},"author":26,"featured_media":43336,"comment_status":"open","ping_status":"open","sticky":false,"template":"","format":"standard","meta":{"_acf_changed":false,"_exactmetrics_skip_tracking":false,"_exactmetrics_sitenote_active":false,"_exactmetrics_sitenote_note":"","_exactmetrics_sitenote_category":0,"footnotes":"","_links_to":"","_links_to_target":""},"categories":[142,4],"tags":[264,303,23,241,301,268,258,284,291,259,260],"class_list":["post-43331","post","type-post","status-publish","format-standard","has-post-thumbnail","hentry","category-lugar-7","category-noticias","tag-accdis","tag-ctci","tag-explora","tag-explora-rmnorte","tag-facultad-de-ciencias-quimicas-y-farmaceuticas","tag-ministerio-de-ciencia-tecnologia-conocimiento-e-innovacion","tag-planetario","tag-region-metropolitana-norte","tag-rmnorte","tag-u-de-chile","tag-usach"],"acf":[],"yoast_head":"<!-- This site is optimized with the Yoast SEO plugin v26.9 - https:\/\/yoast.com\/product\/yoast-seo-wordpress\/ -->\n<title>Proyecto Explora RM Norte inici\u00f3 un nuevo ciclo de ciencia y aprendizaje - RM Norte<\/title>\n<meta name=\"description\" content=\"Con la participaci\u00f3n de la comunidad educativa y cient\u00edfica, el 2 de abril el Proyecto Asociativo Regional (PAR) Explora Regi\u00f3n Metropolitana Norte del Ministerio de Ciencia, Tecnolog\u00eda, Conocimiento e Innovaci\u00f3n, dio inicio a su per\u00edodo de ejecuci\u00f3n 2025-2026. En esta jornada, se presentaron las iniciativas que impulsar\u00e1n el proyecto y contribuir\u00e1n al fortalecimiento de las competencias en Ciencia, Tecnolog\u00eda, Conocimiento e Innovaci\u00f3n (CTCI) en la regi\u00f3n.\" class=\"yoast-seo-meta-tag\" \/>\n<meta name=\"robots\" content=\"index, follow, max-snippet:-1, max-image-preview:large, max-video-preview:-1\" \/>\n<link rel=\"canonical\" href=\"https:\/\/explora.cl\/rmnorte\/proyecto-explora-rm-norte-inicio-un-nuevo-ciclo-de-ciencia-y-aprendizaje\/\" class=\"yoast-seo-meta-tag\" \/>\n<meta property=\"og:locale\" content=\"es_ES\" class=\"yoast-seo-meta-tag\" \/>\n<meta property=\"og:type\" content=\"article\" class=\"yoast-seo-meta-tag\" \/>\n<meta property=\"og:title\" content=\"Proyecto Explora RM Norte inici\u00f3 un nuevo ciclo de ciencia y aprendizaje - RM Norte\" class=\"yoast-seo-meta-tag\" \/>\n<meta property=\"og:description\" content=\"Con la participaci\u00f3n de la comunidad educativa y cient\u00edfica, el 2 de abril el Proyecto Asociativo Regional (PAR) Explora Regi\u00f3n Metropolitana Norte del Ministerio de Ciencia, Tecnolog\u00eda, Conocimiento e Innovaci\u00f3n, dio inicio a su per\u00edodo de ejecuci\u00f3n 2025-2026. En esta jornada, se presentaron las iniciativas que impulsar\u00e1n el proyecto y contribuir\u00e1n al fortalecimiento de las competencias en Ciencia, Tecnolog\u00eda, Conocimiento e Innovaci\u00f3n (CTCI) en la regi\u00f3n.\" class=\"yoast-seo-meta-tag\" \/>\n<meta property=\"og:url\" content=\"https:\/\/explora.cl\/rmnorte\/proyecto-explora-rm-norte-inicio-un-nuevo-ciclo-de-ciencia-y-aprendizaje\/\" class=\"yoast-seo-meta-tag\" \/>\n<meta property=\"og:site_name\" content=\"RM Norte\" class=\"yoast-seo-meta-tag\" \/>\n<meta property=\"article:published_time\" content=\"2025-04-21T15:03:41+00:00\" class=\"yoast-seo-meta-tag\" \/>\n<meta property=\"article:modified_time\" content=\"2025-05-19T18:31:06+00:00\" class=\"yoast-seo-meta-tag\" \/>\n<meta property=\"og:image\" content=\"https:\/\/explora.cl\/rmnorte\/wp-content\/uploads\/sites\/11\/2025\/04\/Estudiantes-Explora-RMNORTE-Planetario.png\" class=\"yoast-seo-meta-tag\" \/>\n\t<meta property=\"og:image:width\" content=\"1366\" class=\"yoast-seo-meta-tag\" \/>\n\t<meta property=\"og:image:height\" content=\"768\" class=\"yoast-seo-meta-tag\" \/>\n\t<meta property=\"og:image:type\" content=\"image\/png\" class=\"yoast-seo-meta-tag\" \/>\n<meta name=\"author\" content=\"dgarcia\" class=\"yoast-seo-meta-tag\" \/>\n<meta name=\"twitter:card\" content=\"summary_large_image\" class=\"yoast-seo-meta-tag\" \/>\n<meta name=\"twitter:label1\" content=\"Escrito por\" class=\"yoast-seo-meta-tag\" \/>\n\t<meta name=\"twitter:data1\" content=\"dgarcia\" class=\"yoast-seo-meta-tag\" \/>\n\t<meta name=\"twitter:label2\" content=\"Tiempo estimado de lectura\" class=\"yoast-seo-meta-tag\" \/>\n\t<meta name=\"twitter:data2\" content=\"5 minutos\" class=\"yoast-seo-meta-tag\" \/>\n<script type=\"application\/ld+json\" class=\"yoast-schema-graph\">{\"@context\":\"https:\/\/schema.org\",\"@graph\":[{\"@type\":\"Article\",\"@id\":\"https:\/\/explora.cl\/rmnorte\/proyecto-explora-rm-norte-inicio-un-nuevo-ciclo-de-ciencia-y-aprendizaje\/#article\",\"isPartOf\":{\"@id\":\"https:\/\/explora.cl\/rmnorte\/proyecto-explora-rm-norte-inicio-un-nuevo-ciclo-de-ciencia-y-aprendizaje\/\"},\"author\":{\"name\":\"dgarcia\",\"@id\":\"https:\/\/explora.cl\/rmnorte\/#\/schema\/person\/4ad985b29a183eab4170892260e133a5\"},\"headline\":\"Proyecto Explora RM Norte inici\u00f3 un nuevo ciclo de ciencia y aprendizaje\",\"datePublished\":\"2025-04-21T15:03:41+00:00\",\"dateModified\":\"2025-05-19T18:31:06+00:00\",\"mainEntityOfPage\":{\"@id\":\"https:\/\/explora.cl\/rmnorte\/proyecto-explora-rm-norte-inicio-un-nuevo-ciclo-de-ciencia-y-aprendizaje\/\"},\"wordCount\":854,\"commentCount\":0,\"image\":{\"@id\":\"https:\/\/explora.cl\/rmnorte\/proyecto-explora-rm-norte-inicio-un-nuevo-ciclo-de-ciencia-y-aprendizaje\/#primaryimage\"},\"thumbnailUrl\":\"https:\/\/explora.cl\/rmnorte\/wp-content\/uploads\/sites\/11\/2025\/04\/Estudiantes-Explora-RMNORTE-Planetario.png\",\"keywords\":[\"ACCDIS\",\"CTCI\",\"EXPLORA\",\"Explora Rmnorte\",\"facultad de ciencias quimicas y farmaceuticas\",\"Ministerio de ciencia tecnologia conocimiento e innovaci\u00f3n\",\"Planetario\",\"Regi\u00f3n metropolitana norte\",\"Rmnorte\",\"U de Chile\",\"USACH\"],\"articleSection\":[\"Lugar 7\",\"Noticias\"],\"inLanguage\":\"es-CL\",\"potentialAction\":[{\"@type\":\"CommentAction\",\"name\":\"Comment\",\"target\":[\"https:\/\/explora.cl\/rmnorte\/proyecto-explora-rm-norte-inicio-un-nuevo-ciclo-de-ciencia-y-aprendizaje\/#respond\"]}]},{\"@type\":\"WebPage\",\"@id\":\"https:\/\/explora.cl\/rmnorte\/proyecto-explora-rm-norte-inicio-un-nuevo-ciclo-de-ciencia-y-aprendizaje\/\",\"url\":\"https:\/\/explora.cl\/rmnorte\/proyecto-explora-rm-norte-inicio-un-nuevo-ciclo-de-ciencia-y-aprendizaje\/\",\"name\":\"Proyecto Explora RM Norte inici\u00f3 un nuevo ciclo de ciencia y aprendizaje - RM Norte\",\"isPartOf\":{\"@id\":\"https:\/\/explora.cl\/rmnorte\/#website\"},\"primaryImageOfPage\":{\"@id\":\"https:\/\/explora.cl\/rmnorte\/proyecto-explora-rm-norte-inicio-un-nuevo-ciclo-de-ciencia-y-aprendizaje\/#primaryimage\"},\"image\":{\"@id\":\"https:\/\/explora.cl\/rmnorte\/proyecto-explora-rm-norte-inicio-un-nuevo-ciclo-de-ciencia-y-aprendizaje\/#primaryimage\"},\"thumbnailUrl\":\"https:\/\/explora.cl\/rmnorte\/wp-content\/uploads\/sites\/11\/2025\/04\/Estudiantes-Explora-RMNORTE-Planetario.png\",\"datePublished\":\"2025-04-21T15:03:41+00:00\",\"dateModified\":\"2025-05-19T18:31:06+00:00\",\"author\":{\"@id\":\"https:\/\/explora.cl\/rmnorte\/#\/schema\/person\/4ad985b29a183eab4170892260e133a5\"},\"description\":\"Con la participaci\u00f3n de la comunidad educativa y cient\u00edfica, el 2 de abril el Proyecto Asociativo Regional (PAR) Explora Regi\u00f3n Metropolitana Norte del Ministerio de Ciencia, Tecnolog\u00eda, Conocimiento e Innovaci\u00f3n, dio inicio a su per\u00edodo de ejecuci\u00f3n 2025-2026. En esta jornada, se presentaron las iniciativas que impulsar\u00e1n el proyecto y contribuir\u00e1n al fortalecimiento de las competencias en Ciencia, Tecnolog\u00eda, Conocimiento e Innovaci\u00f3n (CTCI) en la regi\u00f3n.\",\"breadcrumb\":{\"@id\":\"https:\/\/explora.cl\/rmnorte\/proyecto-explora-rm-norte-inicio-un-nuevo-ciclo-de-ciencia-y-aprendizaje\/#breadcrumb\"},\"inLanguage\":\"es-CL\",\"potentialAction\":[{\"@type\":\"ReadAction\",\"target\":[\"https:\/\/explora.cl\/rmnorte\/proyecto-explora-rm-norte-inicio-un-nuevo-ciclo-de-ciencia-y-aprendizaje\/\"]}]},{\"@type\":\"ImageObject\",\"inLanguage\":\"es-CL\",\"@id\":\"https:\/\/explora.cl\/rmnorte\/proyecto-explora-rm-norte-inicio-un-nuevo-ciclo-de-ciencia-y-aprendizaje\/#primaryimage\",\"url\":\"https:\/\/explora.cl\/rmnorte\/wp-content\/uploads\/sites\/11\/2025\/04\/Estudiantes-Explora-RMNORTE-Planetario.png\",\"contentUrl\":\"https:\/\/explora.cl\/rmnorte\/wp-content\/uploads\/sites\/11\/2025\/04\/Estudiantes-Explora-RMNORTE-Planetario.png\",\"width\":1366,\"height\":768},{\"@type\":\"BreadcrumbList\",\"@id\":\"https:\/\/explora.cl\/rmnorte\/proyecto-explora-rm-norte-inicio-un-nuevo-ciclo-de-ciencia-y-aprendizaje\/#breadcrumb\",\"itemListElement\":[{\"@type\":\"ListItem\",\"position\":1,\"name\":\"Portada\",\"item\":\"https:\/\/explora.cl\/rmnorte\/\"},{\"@type\":\"ListItem\",\"position\":2,\"name\":\"Proyecto Explora RM Norte inici\u00f3 un nuevo ciclo de ciencia y aprendizaje\"}]},{\"@type\":\"WebSite\",\"@id\":\"https:\/\/explora.cl\/rmnorte\/#website\",\"url\":\"https:\/\/explora.cl\/rmnorte\/\",\"name\":\"RM Norte\",\"description\":\"RM Norte explora.cl\",\"potentialAction\":[{\"@type\":\"SearchAction\",\"target\":{\"@type\":\"EntryPoint\",\"urlTemplate\":\"https:\/\/explora.cl\/rmnorte\/?s={search_term_string}\"},\"query-input\":{\"@type\":\"PropertyValueSpecification\",\"valueRequired\":true,\"valueName\":\"search_term_string\"}}],\"inLanguage\":\"es-CL\"},{\"@type\":\"Person\",\"@id\":\"https:\/\/explora.cl\/rmnorte\/#\/schema\/person\/4ad985b29a183eab4170892260e133a5\",\"name\":\"dgarcia\",\"image\":{\"@type\":\"ImageObject\",\"inLanguage\":\"es-CL\",\"@id\":\"https:\/\/explora.cl\/rmnorte\/#\/schema\/person\/image\/\",\"url\":\"https:\/\/secure.gravatar.com\/avatar\/06e2fd9f68a0c19cd669ddc183de83489acab601aa57958e0f60175e5013e6b7?s=96&d=mm&r=g\",\"contentUrl\":\"https:\/\/secure.gravatar.com\/avatar\/06e2fd9f68a0c19cd669ddc183de83489acab601aa57958e0f60175e5013e6b7?s=96&d=mm&r=g\",\"caption\":\"dgarcia\"},\"url\":\"https:\/\/explora.cl\/rmnorte\/author\/dgarcia\/\"}]}<\/script>\n<!-- \/ Yoast SEO plugin. -->","yoast_head_json":{"title":"Proyecto Explora RM Norte inici\u00f3 un nuevo ciclo de ciencia y aprendizaje - RM Norte","description":"Con la participaci\u00f3n de la comunidad educativa y cient\u00edfica, el 2 de abril el Proyecto Asociativo Regional (PAR) Explora Regi\u00f3n Metropolitana Norte del Ministerio de Ciencia, Tecnolog\u00eda, Conocimiento e Innovaci\u00f3n, dio inicio a su per\u00edodo de ejecuci\u00f3n 2025-2026. En esta jornada, se presentaron las iniciativas que impulsar\u00e1n el proyecto y contribuir\u00e1n al fortalecimiento de las competencias en Ciencia, Tecnolog\u00eda, Conocimiento e Innovaci\u00f3n (CTCI) en la regi\u00f3n.","robots":{"index":"index","follow":"follow","max-snippet":"max-snippet:-1","max-image-preview":"max-image-preview:large","max-video-preview":"max-video-preview:-1"},"canonical":"https:\/\/explora.cl\/rmnorte\/proyecto-explora-rm-norte-inicio-un-nuevo-ciclo-de-ciencia-y-aprendizaje\/","og_locale":"es_ES","og_type":"article","og_title":"Proyecto Explora RM Norte inici\u00f3 un nuevo ciclo de ciencia y aprendizaje - RM Norte","og_description":"Con la participaci\u00f3n de la comunidad educativa y cient\u00edfica, el 2 de abril el Proyecto Asociativo Regional (PAR) Explora Regi\u00f3n Metropolitana Norte del Ministerio de Ciencia, Tecnolog\u00eda, Conocimiento e Innovaci\u00f3n, dio inicio a su per\u00edodo de ejecuci\u00f3n 2025-2026. En esta jornada, se presentaron las iniciativas que impulsar\u00e1n el proyecto y contribuir\u00e1n al fortalecimiento de las competencias en Ciencia, Tecnolog\u00eda, Conocimiento e Innovaci\u00f3n (CTCI) en la regi\u00f3n.","og_url":"https:\/\/explora.cl\/rmnorte\/proyecto-explora-rm-norte-inicio-un-nuevo-ciclo-de-ciencia-y-aprendizaje\/","og_site_name":"RM Norte","article_published_time":"2025-04-21T15:03:41+00:00","article_modified_time":"2025-05-19T18:31:06+00:00","og_image":[{"width":1366,"height":768,"url":"https:\/\/explora.cl\/rmnorte\/wp-content\/uploads\/sites\/11\/2025\/04\/Estudiantes-Explora-RMNORTE-Planetario.png","type":"image\/png"}],"author":"dgarcia","twitter_card":"summary_large_image","twitter_misc":{"Escrito por":"dgarcia","Tiempo estimado de lectura":"5 minutos"},"schema":{"@context":"https:\/\/schema.org","@graph":[{"@type":"Article","@id":"https:\/\/explora.cl\/rmnorte\/proyecto-explora-rm-norte-inicio-un-nuevo-ciclo-de-ciencia-y-aprendizaje\/#article","isPartOf":{"@id":"https:\/\/explora.cl\/rmnorte\/proyecto-explora-rm-norte-inicio-un-nuevo-ciclo-de-ciencia-y-aprendizaje\/"},"author":{"name":"dgarcia","@id":"https:\/\/explora.cl\/rmnorte\/#\/schema\/person\/4ad985b29a183eab4170892260e133a5"},"headline":"Proyecto Explora RM Norte inici\u00f3 un nuevo ciclo de ciencia y aprendizaje","datePublished":"2025-04-21T15:03:41+00:00","dateModified":"2025-05-19T18:31:06+00:00","mainEntityOfPage":{"@id":"https:\/\/explora.cl\/rmnorte\/proyecto-explora-rm-norte-inicio-un-nuevo-ciclo-de-ciencia-y-aprendizaje\/"},"wordCount":854,"commentCount":0,"image":{"@id":"https:\/\/explora.cl\/rmnorte\/proyecto-explora-rm-norte-inicio-un-nuevo-ciclo-de-ciencia-y-aprendizaje\/#primaryimage"},"thumbnailUrl":"https:\/\/explora.cl\/rmnorte\/wp-content\/uploads\/sites\/11\/2025\/04\/Estudiantes-Explora-RMNORTE-Planetario.png","keywords":["ACCDIS","CTCI","EXPLORA","Explora Rmnorte","facultad de ciencias quimicas y farmaceuticas","Ministerio de ciencia tecnologia conocimiento e innovaci\u00f3n","Planetario","Regi\u00f3n metropolitana norte","Rmnorte","U de Chile","USACH"],"articleSection":["Lugar 7","Noticias"],"inLanguage":"es-CL","potentialAction":[{"@type":"CommentAction","name":"Comment","target":["https:\/\/explora.cl\/rmnorte\/proyecto-explora-rm-norte-inicio-un-nuevo-ciclo-de-ciencia-y-aprendizaje\/#respond"]}]},{"@type":"WebPage","@id":"https:\/\/explora.cl\/rmnorte\/proyecto-explora-rm-norte-inicio-un-nuevo-ciclo-de-ciencia-y-aprendizaje\/","url":"https:\/\/explora.cl\/rmnorte\/proyecto-explora-rm-norte-inicio-un-nuevo-ciclo-de-ciencia-y-aprendizaje\/","name":"Proyecto Explora RM Norte inici\u00f3 un nuevo ciclo de ciencia y aprendizaje - RM Norte","isPartOf":{"@id":"https:\/\/explora.cl\/rmnorte\/#website"},"primaryImageOfPage":{"@id":"https:\/\/explora.cl\/rmnorte\/proyecto-explora-rm-norte-inicio-un-nuevo-ciclo-de-ciencia-y-aprendizaje\/#primaryimage"},"image":{"@id":"https:\/\/explora.cl\/rmnorte\/proyecto-explora-rm-norte-inicio-un-nuevo-ciclo-de-ciencia-y-aprendizaje\/#primaryimage"},"thumbnailUrl":"https:\/\/explora.cl\/rmnorte\/wp-content\/uploads\/sites\/11\/2025\/04\/Estudiantes-Explora-RMNORTE-Planetario.png","datePublished":"2025-04-21T15:03:41+00:00","dateModified":"2025-05-19T18:31:06+00:00","author":{"@id":"https:\/\/explora.cl\/rmnorte\/#\/schema\/person\/4ad985b29a183eab4170892260e133a5"},"description":"Con la participaci\u00f3n de la comunidad educativa y cient\u00edfica, el 2 de abril el Proyecto Asociativo Regional (PAR) Explora Regi\u00f3n Metropolitana Norte del Ministerio de Ciencia, Tecnolog\u00eda, Conocimiento e Innovaci\u00f3n, dio inicio a su per\u00edodo de ejecuci\u00f3n 2025-2026. En esta jornada, se presentaron las iniciativas que impulsar\u00e1n el proyecto y contribuir\u00e1n al fortalecimiento de las competencias en Ciencia, Tecnolog\u00eda, Conocimiento e Innovaci\u00f3n (CTCI) en la regi\u00f3n.","breadcrumb":{"@id":"https:\/\/explora.cl\/rmnorte\/proyecto-explora-rm-norte-inicio-un-nuevo-ciclo-de-ciencia-y-aprendizaje\/#breadcrumb"},"inLanguage":"es-CL","potentialAction":[{"@type":"ReadAction","target":["https:\/\/explora.cl\/rmnorte\/proyecto-explora-rm-norte-inicio-un-nuevo-ciclo-de-ciencia-y-aprendizaje\/"]}]},{"@type":"ImageObject","inLanguage":"es-CL","@id":"https:\/\/explora.cl\/rmnorte\/proyecto-explora-rm-norte-inicio-un-nuevo-ciclo-de-ciencia-y-aprendizaje\/#primaryimage","url":"https:\/\/explora.cl\/rmnorte\/wp-content\/uploads\/sites\/11\/2025\/04\/Estudiantes-Explora-RMNORTE-Planetario.png","contentUrl":"https:\/\/explora.cl\/rmnorte\/wp-content\/uploads\/sites\/11\/2025\/04\/Estudiantes-Explora-RMNORTE-Planetario.png","width":1366,"height":768},{"@type":"BreadcrumbList","@id":"https:\/\/explora.cl\/rmnorte\/proyecto-explora-rm-norte-inicio-un-nuevo-ciclo-de-ciencia-y-aprendizaje\/#breadcrumb","itemListElement":[{"@type":"ListItem","position":1,"name":"Portada","item":"https:\/\/explora.cl\/rmnorte\/"},{"@type":"ListItem","position":2,"name":"Proyecto Explora RM Norte inici\u00f3 un nuevo ciclo de ciencia y aprendizaje"}]},{"@type":"WebSite","@id":"https:\/\/explora.cl\/rmnorte\/#website","url":"https:\/\/explora.cl\/rmnorte\/","name":"RM Norte","description":"RM Norte explora.cl","potentialAction":[{"@type":"SearchAction","target":{"@type":"EntryPoint","urlTemplate":"https:\/\/explora.cl\/rmnorte\/?s={search_term_string}"},"query-input":{"@type":"PropertyValueSpecification","valueRequired":true,"valueName":"search_term_string"}}],"inLanguage":"es-CL"},{"@type":"Person","@id":"https:\/\/explora.cl\/rmnorte\/#\/schema\/person\/4ad985b29a183eab4170892260e133a5","name":"dgarcia","image":{"@type":"ImageObject","inLanguage":"es-CL","@id":"https:\/\/explora.cl\/rmnorte\/#\/schema\/person\/image\/","url":"https:\/\/secure.gravatar.com\/avatar\/06e2fd9f68a0c19cd669ddc183de83489acab601aa57958e0f60175e5013e6b7?s=96&d=mm&r=g","contentUrl":"https:\/\/secure.gravatar.com\/avatar\/06e2fd9f68a0c19cd669ddc183de83489acab601aa57958e0f60175e5013e6b7?s=96&d=mm&r=g","caption":"dgarcia"},"url":"https:\/\/explora.cl\/rmnorte\/author\/dgarcia\/"}]}},"_links":{"self":[{"href":"https:\/\/explora.cl\/rmnorte\/wp-json\/wp\/v2\/posts\/43331","targetHints":{"allow":["GET"]}}],"collection":[{"href":"https:\/\/explora.cl\/rmnorte\/wp-json\/wp\/v2\/posts"}],"about":[{"href":"https:\/\/explora.cl\/rmnorte\/wp-json\/wp\/v2\/types\/post"}],"author":[{"embeddable":true,"href":"https:\/\/explora.cl\/rmnorte\/wp-json\/wp\/v2\/users\/26"}],"replies":[{"embeddable":true,"href":"https:\/\/explora.cl\/rmnorte\/wp-json\/wp\/v2\/comments?post=43331"}],"version-history":[{"count":4,"href":"https:\/\/explora.cl\/rmnorte\/wp-json\/wp\/v2\/posts\/43331\/revisions"}],"predecessor-version":[{"id":43340,"href":"https:\/\/explora.cl\/rmnorte\/wp-json\/wp\/v2\/posts\/43331\/revisions\/43340"}],"wp:featuredmedia":[{"embeddable":true,"href":"https:\/\/explora.cl\/rmnorte\/wp-json\/wp\/v2\/media\/43336"}],"wp:attachment":[{"href":"https:\/\/explora.cl\/rmnorte\/wp-json\/wp\/v2\/media?parent=43331"}],"wp:term":[{"taxonomy":"category","embeddable":true,"href":"https:\/\/explora.cl\/rmnorte\/wp-json\/wp\/v2\/categories?post=43331"},{"taxonomy":"post_tag","embeddable":true,"href":"https:\/\/explora.cl\/rmnorte\/wp-json\/wp\/v2\/tags?post=43331"}],"curies":[{"name":"wp","href":"https:\/\/api.w.org\/{rel}","templated":true}]}}