{"id":42879,"date":"2024-05-29T14:08:31","date_gmt":"2024-05-29T18:08:31","guid":{"rendered":"https:\/\/explora.cl\/rmnorte\/?p=42879"},"modified":"2024-07-22T15:06:11","modified_gmt":"2024-07-22T19:06:11","slug":"profesores-y-profesoras-conocieron-nuevas-herramientas-para-incorporar-la-naturaleza-en-la-educacion","status":"publish","type":"post","link":"https:\/\/explora.cl\/rmnorte\/profesores-y-profesoras-conocieron-nuevas-herramientas-para-incorporar-la-naturaleza-en-la-educacion\/","title":{"rendered":"Profesores y profesoras conocieron nuevas herramientas para incorporar la naturaleza en la educaci\u00f3n"},"content":{"rendered":"<p>El pasado lunes 6 de mayo se realiz\u00f3 el 1\u00b0 Encuentro de seguimiento del Campamento Explora VA! \u201cLaboratorios Naturales y Ciencia Ciudadana para la investigaci\u00f3n e innovaci\u00f3n Escolar\u201d, instancia donde participaron 29 profesores\/as, educadores\/as y t\u00e9cnicos\/as de educaci\u00f3n parvularia de diversas disciplinas.<\/p>\n<p>El Campamento Explora VA! forma parte de las iniciativas desarrolladas por el Proyecto Explora Regi\u00f3n Metropolitana Norte, el cual es liberado por el Centro Avanzado de Enfermedades Cr\u00f3nicas (ACCDiS), a trav\u00e9s de la Universidad de Chile y su Facultad de Ciencias Qu\u00edmicas y Farmac\u00e9uticas.<\/p>\n<p>Con el objetivo de trabajar las competencias cient\u00edficas impartidas por el Programa Explora y reflexionar sobre c\u00f3mo aplicarlas durante el pr\u00f3ximo semestre, durante la jornada, los\/as profesores conocieron sobre el movimiento <em>Sharing Nature y su metodolog\u00eda Flow Learning, <\/em>aprendieron a usar la aplicaci\u00f3n digital \u201ciNaturalist\u201d la cual promueve la ciencia ciudadana e invita a la comunidad a descubrir los laboratorios naturales que existen alrededor y se realiz\u00f3 un taller sobre las competencias cient\u00edficas, dirigido por Macarena Ocariz.<\/p>\n<p><strong>Tener una conexi\u00f3n directa con la naturaleza, a trav\u00e9s de todos los sentidos, hace m\u00e1s significativo el aprendizaje <\/strong><\/p>\n<p>Explic\u00f3 Camila Ahumada, Educadora Ambiental y al Aire Libre, certificada de la North Wales Outdoor Learning de Reino Unido y fundadora de la Escuela\u00a0Chaski, proyecto que promueve el v\u00ednculo entre todos\/as los\/as ni\u00f1os\/as y la naturaleza.<\/p>\n<p>\u201cEl movimiento <em>Sharing Nature<\/em> es un movimiento mundial que nace en USA en los a\u00f1os 70 a partir del trabajo de <em>Joseph Cornell<\/em>, un educador ambiental que sent\u00eda que los programas de educaci\u00f3n ambiental no lograban conectar realmente a las personas con la naturaleza. Para ello dise\u00f1\u00f3 la metodolog\u00eda <em>Flow Learning<\/em>, actualmente utilizada en pa\u00edses como Jap\u00f3n, Estados Unidos y Brasil. Esta metodolog\u00eda es completamente experiencial y consiste en un ciclo de juegos y actividades al aire libre que buscan la conexi\u00f3n directa de las personas con elementos de la naturaleza a trav\u00e9s de los diferentes sentidos del cuerpo\u201d explic\u00f3 Camila.<\/p>\n<p>En esta oportunidad, se realizaron cuatro actividades que permitieron a los profesores y profesoras conocer representantes de la fauna presente en territorio chileno y aprender a identificar las semillas, frutos y \u00e1rboles del lugar como la Grevilea, el Belloto, Magnolio, Araucarias y pinos.<strong>\u201ciNaturalist\u201d una aplicaci\u00f3n de ciencia ciudadana<\/strong><\/p>\n<p><img fetchpriority=\"high\" decoding=\"async\" class=\"alignleft size-medium wp-image-42881\" src=\"https:\/\/explora.cl\/rmnorte\/wp-content\/uploads\/sites\/11\/2024\/05\/iNaturalist-Primer-encuentro-del-Campamento-Explora-va-300x169.jpg\" alt=\"\" width=\"300\" height=\"169\" srcset=\"https:\/\/explora.cl\/rmnorte\/wp-content\/uploads\/sites\/11\/2024\/05\/iNaturalist-Primer-encuentro-del-Campamento-Explora-va-300x169.jpg 300w, https:\/\/explora.cl\/rmnorte\/wp-content\/uploads\/sites\/11\/2024\/05\/iNaturalist-Primer-encuentro-del-Campamento-Explora-va-768x432.jpg 768w, https:\/\/explora.cl\/rmnorte\/wp-content\/uploads\/sites\/11\/2024\/05\/iNaturalist-Primer-encuentro-del-Campamento-Explora-va-1024x576.jpg 1024w, https:\/\/explora.cl\/rmnorte\/wp-content\/uploads\/sites\/11\/2024\/05\/iNaturalist-Primer-encuentro-del-Campamento-Explora-va.jpg 1920w\" sizes=\"(max-width: 300px) 100vw, 300px\" \/>\u201cEsta aplicaci\u00f3n permite recopilar informaci\u00f3n y observaciones sobre la naturaleza, especialmente sobre especies, lo que contribuye al aprendizaje acerca de ellas. La idea es que las personas compartan sus observaciones y que otros usuarios las ayuden a identificar y validar. El potencial de uso de iNaturalist es muy amplio, ya sea para fines literarios, art\u00edsticos, cient\u00edficos o educativos. Adem\u00e1s, ofrece la posibilidad de explorar y conocer la naturaleza a trav\u00e9s de las fotograf\u00edas. Esta aplicaci\u00f3n es totalmente gratuita y est\u00e1 disponible tanto en versi\u00f3n m\u00f3vil como en web. Los usuarios pueden acceder a observaciones validadas, consultar su ficha de informaci\u00f3n, ver fotos de todas las observaciones e incluso explorar observaciones de otras partes del mundo. En resumen, iNaturalist ofrece m\u00faltiples funciones que permiten interactuar con la naturaleza y aprender de ella\u201d, coment\u00f3 Jorge Herreros\u00a0administrador de la aplicaci\u00f3n y bi\u00f3logo marino, profesional de la Divisi\u00f3n de Recursos Naturales y Biodiversidad del Ministerio del Medio Ambiente.<strong>Reflexiones de reconexi\u00f3n y aprendizaje <\/strong><\/p>\n<p>\u201cEl reencuentro me pareci\u00f3 una instancia muy enriquecedora y necesaria, ya que me permiti\u00f3 volver a ver a los\/as docentes con los que se generaron v\u00ednculos de amistad y profesional, adem\u00e1s permiti\u00f3 comentar algunas pr\u00e1cticas aprendidas durante el campamento, las cuales ya hemos aplicado durante este a\u00f1o con nuestros estudiantes\u201d, dijo el profesor Elso Inostroza del Colegio Leonardo Da Vinci, de Las Condes.<\/p>\n<p>Por otro lado, Paola Lorca, profesora del Colegio Bicentenario Ant\u00e1rtica Chilena de Vitacura, expres\u00f3 \u201cestos encuentros nos sirven para tener nuevas ideas y para reencontrarnos con la naturaleza. Por ejemplo, en mi escuela tenemos mucho cemento, pero igual es posible hacer algo, hay que generar los espacios nosotros mismos. Este tipo de actividades me motivan a plantarme nuevos desaf\u00edos y nuevas planificaciones\u201d.<\/p>\n<p><img decoding=\"async\" class=\"alignleft size-medium wp-image-42882\" src=\"https:\/\/explora.cl\/rmnorte\/wp-content\/uploads\/sites\/11\/2024\/05\/Profesor-encuentro-del-Campamento-Explora-va-300x202.jpg\" alt=\"\" width=\"300\" height=\"202\" srcset=\"https:\/\/explora.cl\/rmnorte\/wp-content\/uploads\/sites\/11\/2024\/05\/Profesor-encuentro-del-Campamento-Explora-va-300x202.jpg 300w, https:\/\/explora.cl\/rmnorte\/wp-content\/uploads\/sites\/11\/2024\/05\/Profesor-encuentro-del-Campamento-Explora-va-768x517.jpg 768w, https:\/\/explora.cl\/rmnorte\/wp-content\/uploads\/sites\/11\/2024\/05\/Profesor-encuentro-del-Campamento-Explora-va-1024x689.jpg 1024w, https:\/\/explora.cl\/rmnorte\/wp-content\/uploads\/sites\/11\/2024\/05\/Profesor-encuentro-del-Campamento-Explora-va.jpg 1605w\" sizes=\"(max-width: 300px) 100vw, 300px\" \/>Para finalizar el profesor Carlos Hern\u00e1ndez del Liceo Paulina von Mallinkrodt de Providencia \u201cestoy muy felices de participar en esta actividad, reencontrarnos con los colegas que participamos en el campamento, nos sirve para poder hacer retroalimentaci\u00f3n de las cosas que estamos haciendo en nuestras salas y adem\u00e1s estamos armando una linda comunidad a partir de la ciencia\u201d.<\/p>\n<p>&nbsp;<\/p>\n<p>Este encuentro no solo proporcion\u00f3 a los\/as participantes nuevas herramientas y metodolog\u00edas para integrar la naturaleza en la educaci\u00f3n, sino que tambi\u00e9n reforz\u00f3 las competencias cient\u00edficas fundamentales impartidas por el Programa Explora.[vc_facebook]<\/p>\n","protected":false},"excerpt":{"rendered":"<p>Primer Encuentro del Campamento Explora VA!<\/p>\n","protected":false},"author":26,"featured_media":42883,"comment_status":"open","ping_status":"open","sticky":false,"template":"","format":"standard","meta":{"_acf_changed":false,"_exactmetrics_skip_tracking":false,"_exactmetrics_sitenote_active":false,"_exactmetrics_sitenote_note":"","_exactmetrics_sitenote_category":0,"footnotes":"","_links_to":"","_links_to_target":""},"categories":[143,4],"tags":[264,263,23,241,268,291,259],"class_list":["post-42879","post","type-post","status-publish","format-standard","has-post-thumbnail","hentry","category-lugar-8","category-noticias","tag-accdis","tag-campamento-explora-va","tag-explora","tag-explora-rmnorte","tag-ministerio-de-ciencia-tecnologia-conocimiento-e-innovacion","tag-rmnorte","tag-u-de-chile"],"acf":[],"yoast_head":"<!-- This site is optimized with the Yoast SEO plugin v26.9 - https:\/\/yoast.com\/product\/yoast-seo-wordpress\/ -->\n<title>Profesores y profesoras conocieron nuevas herramientas para incorporar la naturaleza en la educaci\u00f3n - RM Norte<\/title>\n<meta name=\"robots\" content=\"index, follow, max-snippet:-1, max-image-preview:large, max-video-preview:-1\" \/>\n<link rel=\"canonical\" href=\"https:\/\/explora.cl\/rmnorte\/profesores-y-profesoras-conocieron-nuevas-herramientas-para-incorporar-la-naturaleza-en-la-educacion\/\" class=\"yoast-seo-meta-tag\" \/>\n<meta property=\"og:locale\" content=\"es_ES\" class=\"yoast-seo-meta-tag\" \/>\n<meta property=\"og:type\" content=\"article\" class=\"yoast-seo-meta-tag\" \/>\n<meta property=\"og:title\" content=\"Profesores y profesoras conocieron nuevas herramientas para incorporar la naturaleza en la educaci\u00f3n - RM Norte\" class=\"yoast-seo-meta-tag\" \/>\n<meta property=\"og:description\" content=\"Primer Encuentro del Campamento Explora VA!\" class=\"yoast-seo-meta-tag\" \/>\n<meta property=\"og:url\" content=\"https:\/\/explora.cl\/rmnorte\/profesores-y-profesoras-conocieron-nuevas-herramientas-para-incorporar-la-naturaleza-en-la-educacion\/\" class=\"yoast-seo-meta-tag\" \/>\n<meta property=\"og:site_name\" content=\"RM Norte\" class=\"yoast-seo-meta-tag\" \/>\n<meta property=\"article:published_time\" content=\"2024-05-29T18:08:31+00:00\" class=\"yoast-seo-meta-tag\" \/>\n<meta property=\"article:modified_time\" content=\"2024-07-22T19:06:11+00:00\" class=\"yoast-seo-meta-tag\" \/>\n<meta property=\"og:image\" content=\"https:\/\/explora.cl\/rmnorte\/wp-content\/uploads\/sites\/11\/2024\/05\/Profesora-encuentro-del-Campamento-Explora-va.jpg\" class=\"yoast-seo-meta-tag\" \/>\n\t<meta property=\"og:image:width\" content=\"1605\" class=\"yoast-seo-meta-tag\" \/>\n\t<meta property=\"og:image:height\" content=\"1080\" class=\"yoast-seo-meta-tag\" \/>\n\t<meta property=\"og:image:type\" content=\"image\/jpeg\" class=\"yoast-seo-meta-tag\" \/>\n<meta name=\"author\" content=\"dgarcia\" class=\"yoast-seo-meta-tag\" \/>\n<meta name=\"twitter:card\" content=\"summary_large_image\" class=\"yoast-seo-meta-tag\" \/>\n<meta name=\"twitter:label1\" content=\"Escrito por\" class=\"yoast-seo-meta-tag\" \/>\n\t<meta name=\"twitter:data1\" content=\"dgarcia\" class=\"yoast-seo-meta-tag\" \/>\n\t<meta name=\"twitter:label2\" content=\"Tiempo estimado de lectura\" class=\"yoast-seo-meta-tag\" \/>\n\t<meta name=\"twitter:data2\" content=\"4 minutos\" class=\"yoast-seo-meta-tag\" \/>\n<script type=\"application\/ld+json\" class=\"yoast-schema-graph\">{\"@context\":\"https:\/\/schema.org\",\"@graph\":[{\"@type\":\"Article\",\"@id\":\"https:\/\/explora.cl\/rmnorte\/profesores-y-profesoras-conocieron-nuevas-herramientas-para-incorporar-la-naturaleza-en-la-educacion\/#article\",\"isPartOf\":{\"@id\":\"https:\/\/explora.cl\/rmnorte\/profesores-y-profesoras-conocieron-nuevas-herramientas-para-incorporar-la-naturaleza-en-la-educacion\/\"},\"author\":{\"name\":\"dgarcia\",\"@id\":\"https:\/\/explora.cl\/rmnorte\/#\/schema\/person\/4ad985b29a183eab4170892260e133a5\"},\"headline\":\"Profesores y profesoras conocieron nuevas herramientas para incorporar la naturaleza en la educaci\u00f3n\",\"datePublished\":\"2024-05-29T18:08:31+00:00\",\"dateModified\":\"2024-07-22T19:06:11+00:00\",\"mainEntityOfPage\":{\"@id\":\"https:\/\/explora.cl\/rmnorte\/profesores-y-profesoras-conocieron-nuevas-herramientas-para-incorporar-la-naturaleza-en-la-educacion\/\"},\"wordCount\":823,\"commentCount\":0,\"image\":{\"@id\":\"https:\/\/explora.cl\/rmnorte\/profesores-y-profesoras-conocieron-nuevas-herramientas-para-incorporar-la-naturaleza-en-la-educacion\/#primaryimage\"},\"thumbnailUrl\":\"https:\/\/explora.cl\/rmnorte\/wp-content\/uploads\/sites\/11\/2024\/05\/Profesora-encuentro-del-Campamento-Explora-va.jpg\",\"keywords\":[\"ACCDIS\",\"Campamento Explora Va!\",\"EXPLORA\",\"Explora Rmnorte\",\"Ministerio de ciencia tecnologia conocimiento e innovaci\u00f3n\",\"Rmnorte\",\"U de Chile\"],\"articleSection\":[\"Lugar 8\",\"Noticias\"],\"inLanguage\":\"es-CL\",\"potentialAction\":[{\"@type\":\"CommentAction\",\"name\":\"Comment\",\"target\":[\"https:\/\/explora.cl\/rmnorte\/profesores-y-profesoras-conocieron-nuevas-herramientas-para-incorporar-la-naturaleza-en-la-educacion\/#respond\"]}]},{\"@type\":\"WebPage\",\"@id\":\"https:\/\/explora.cl\/rmnorte\/profesores-y-profesoras-conocieron-nuevas-herramientas-para-incorporar-la-naturaleza-en-la-educacion\/\",\"url\":\"https:\/\/explora.cl\/rmnorte\/profesores-y-profesoras-conocieron-nuevas-herramientas-para-incorporar-la-naturaleza-en-la-educacion\/\",\"name\":\"Profesores y profesoras conocieron nuevas herramientas para incorporar la naturaleza en la educaci\u00f3n - RM Norte\",\"isPartOf\":{\"@id\":\"https:\/\/explora.cl\/rmnorte\/#website\"},\"primaryImageOfPage\":{\"@id\":\"https:\/\/explora.cl\/rmnorte\/profesores-y-profesoras-conocieron-nuevas-herramientas-para-incorporar-la-naturaleza-en-la-educacion\/#primaryimage\"},\"image\":{\"@id\":\"https:\/\/explora.cl\/rmnorte\/profesores-y-profesoras-conocieron-nuevas-herramientas-para-incorporar-la-naturaleza-en-la-educacion\/#primaryimage\"},\"thumbnailUrl\":\"https:\/\/explora.cl\/rmnorte\/wp-content\/uploads\/sites\/11\/2024\/05\/Profesora-encuentro-del-Campamento-Explora-va.jpg\",\"datePublished\":\"2024-05-29T18:08:31+00:00\",\"dateModified\":\"2024-07-22T19:06:11+00:00\",\"author\":{\"@id\":\"https:\/\/explora.cl\/rmnorte\/#\/schema\/person\/4ad985b29a183eab4170892260e133a5\"},\"breadcrumb\":{\"@id\":\"https:\/\/explora.cl\/rmnorte\/profesores-y-profesoras-conocieron-nuevas-herramientas-para-incorporar-la-naturaleza-en-la-educacion\/#breadcrumb\"},\"inLanguage\":\"es-CL\",\"potentialAction\":[{\"@type\":\"ReadAction\",\"target\":[\"https:\/\/explora.cl\/rmnorte\/profesores-y-profesoras-conocieron-nuevas-herramientas-para-incorporar-la-naturaleza-en-la-educacion\/\"]}]},{\"@type\":\"ImageObject\",\"inLanguage\":\"es-CL\",\"@id\":\"https:\/\/explora.cl\/rmnorte\/profesores-y-profesoras-conocieron-nuevas-herramientas-para-incorporar-la-naturaleza-en-la-educacion\/#primaryimage\",\"url\":\"https:\/\/explora.cl\/rmnorte\/wp-content\/uploads\/sites\/11\/2024\/05\/Profesora-encuentro-del-Campamento-Explora-va.jpg\",\"contentUrl\":\"https:\/\/explora.cl\/rmnorte\/wp-content\/uploads\/sites\/11\/2024\/05\/Profesora-encuentro-del-Campamento-Explora-va.jpg\",\"width\":1605,\"height\":1080},{\"@type\":\"BreadcrumbList\",\"@id\":\"https:\/\/explora.cl\/rmnorte\/profesores-y-profesoras-conocieron-nuevas-herramientas-para-incorporar-la-naturaleza-en-la-educacion\/#breadcrumb\",\"itemListElement\":[{\"@type\":\"ListItem\",\"position\":1,\"name\":\"Portada\",\"item\":\"https:\/\/explora.cl\/rmnorte\/\"},{\"@type\":\"ListItem\",\"position\":2,\"name\":\"Profesores y profesoras conocieron nuevas herramientas para incorporar la naturaleza en la educaci\u00f3n\"}]},{\"@type\":\"WebSite\",\"@id\":\"https:\/\/explora.cl\/rmnorte\/#website\",\"url\":\"https:\/\/explora.cl\/rmnorte\/\",\"name\":\"RM Norte\",\"description\":\"RM Norte explora.cl\",\"potentialAction\":[{\"@type\":\"SearchAction\",\"target\":{\"@type\":\"EntryPoint\",\"urlTemplate\":\"https:\/\/explora.cl\/rmnorte\/?s={search_term_string}\"},\"query-input\":{\"@type\":\"PropertyValueSpecification\",\"valueRequired\":true,\"valueName\":\"search_term_string\"}}],\"inLanguage\":\"es-CL\"},{\"@type\":\"Person\",\"@id\":\"https:\/\/explora.cl\/rmnorte\/#\/schema\/person\/4ad985b29a183eab4170892260e133a5\",\"name\":\"dgarcia\",\"image\":{\"@type\":\"ImageObject\",\"inLanguage\":\"es-CL\",\"@id\":\"https:\/\/explora.cl\/rmnorte\/#\/schema\/person\/image\/\",\"url\":\"https:\/\/secure.gravatar.com\/avatar\/06e2fd9f68a0c19cd669ddc183de83489acab601aa57958e0f60175e5013e6b7?s=96&d=mm&r=g\",\"contentUrl\":\"https:\/\/secure.gravatar.com\/avatar\/06e2fd9f68a0c19cd669ddc183de83489acab601aa57958e0f60175e5013e6b7?s=96&d=mm&r=g\",\"caption\":\"dgarcia\"},\"url\":\"https:\/\/explora.cl\/rmnorte\/author\/dgarcia\/\"}]}<\/script>\n<!-- \/ Yoast SEO plugin. -->","yoast_head_json":{"title":"Profesores y profesoras conocieron nuevas herramientas para incorporar la naturaleza en la educaci\u00f3n - RM Norte","robots":{"index":"index","follow":"follow","max-snippet":"max-snippet:-1","max-image-preview":"max-image-preview:large","max-video-preview":"max-video-preview:-1"},"canonical":"https:\/\/explora.cl\/rmnorte\/profesores-y-profesoras-conocieron-nuevas-herramientas-para-incorporar-la-naturaleza-en-la-educacion\/","og_locale":"es_ES","og_type":"article","og_title":"Profesores y profesoras conocieron nuevas herramientas para incorporar la naturaleza en la educaci\u00f3n - RM Norte","og_description":"Primer Encuentro del Campamento Explora VA!","og_url":"https:\/\/explora.cl\/rmnorte\/profesores-y-profesoras-conocieron-nuevas-herramientas-para-incorporar-la-naturaleza-en-la-educacion\/","og_site_name":"RM Norte","article_published_time":"2024-05-29T18:08:31+00:00","article_modified_time":"2024-07-22T19:06:11+00:00","og_image":[{"width":1605,"height":1080,"url":"https:\/\/explora.cl\/rmnorte\/wp-content\/uploads\/sites\/11\/2024\/05\/Profesora-encuentro-del-Campamento-Explora-va.jpg","type":"image\/jpeg"}],"author":"dgarcia","twitter_card":"summary_large_image","twitter_misc":{"Escrito por":"dgarcia","Tiempo estimado de lectura":"4 minutos"},"schema":{"@context":"https:\/\/schema.org","@graph":[{"@type":"Article","@id":"https:\/\/explora.cl\/rmnorte\/profesores-y-profesoras-conocieron-nuevas-herramientas-para-incorporar-la-naturaleza-en-la-educacion\/#article","isPartOf":{"@id":"https:\/\/explora.cl\/rmnorte\/profesores-y-profesoras-conocieron-nuevas-herramientas-para-incorporar-la-naturaleza-en-la-educacion\/"},"author":{"name":"dgarcia","@id":"https:\/\/explora.cl\/rmnorte\/#\/schema\/person\/4ad985b29a183eab4170892260e133a5"},"headline":"Profesores y profesoras conocieron nuevas herramientas para incorporar la naturaleza en la educaci\u00f3n","datePublished":"2024-05-29T18:08:31+00:00","dateModified":"2024-07-22T19:06:11+00:00","mainEntityOfPage":{"@id":"https:\/\/explora.cl\/rmnorte\/profesores-y-profesoras-conocieron-nuevas-herramientas-para-incorporar-la-naturaleza-en-la-educacion\/"},"wordCount":823,"commentCount":0,"image":{"@id":"https:\/\/explora.cl\/rmnorte\/profesores-y-profesoras-conocieron-nuevas-herramientas-para-incorporar-la-naturaleza-en-la-educacion\/#primaryimage"},"thumbnailUrl":"https:\/\/explora.cl\/rmnorte\/wp-content\/uploads\/sites\/11\/2024\/05\/Profesora-encuentro-del-Campamento-Explora-va.jpg","keywords":["ACCDIS","Campamento Explora Va!","EXPLORA","Explora Rmnorte","Ministerio de ciencia tecnologia conocimiento e innovaci\u00f3n","Rmnorte","U de Chile"],"articleSection":["Lugar 8","Noticias"],"inLanguage":"es-CL","potentialAction":[{"@type":"CommentAction","name":"Comment","target":["https:\/\/explora.cl\/rmnorte\/profesores-y-profesoras-conocieron-nuevas-herramientas-para-incorporar-la-naturaleza-en-la-educacion\/#respond"]}]},{"@type":"WebPage","@id":"https:\/\/explora.cl\/rmnorte\/profesores-y-profesoras-conocieron-nuevas-herramientas-para-incorporar-la-naturaleza-en-la-educacion\/","url":"https:\/\/explora.cl\/rmnorte\/profesores-y-profesoras-conocieron-nuevas-herramientas-para-incorporar-la-naturaleza-en-la-educacion\/","name":"Profesores y profesoras conocieron nuevas herramientas para incorporar la naturaleza en la educaci\u00f3n - RM Norte","isPartOf":{"@id":"https:\/\/explora.cl\/rmnorte\/#website"},"primaryImageOfPage":{"@id":"https:\/\/explora.cl\/rmnorte\/profesores-y-profesoras-conocieron-nuevas-herramientas-para-incorporar-la-naturaleza-en-la-educacion\/#primaryimage"},"image":{"@id":"https:\/\/explora.cl\/rmnorte\/profesores-y-profesoras-conocieron-nuevas-herramientas-para-incorporar-la-naturaleza-en-la-educacion\/#primaryimage"},"thumbnailUrl":"https:\/\/explora.cl\/rmnorte\/wp-content\/uploads\/sites\/11\/2024\/05\/Profesora-encuentro-del-Campamento-Explora-va.jpg","datePublished":"2024-05-29T18:08:31+00:00","dateModified":"2024-07-22T19:06:11+00:00","author":{"@id":"https:\/\/explora.cl\/rmnorte\/#\/schema\/person\/4ad985b29a183eab4170892260e133a5"},"breadcrumb":{"@id":"https:\/\/explora.cl\/rmnorte\/profesores-y-profesoras-conocieron-nuevas-herramientas-para-incorporar-la-naturaleza-en-la-educacion\/#breadcrumb"},"inLanguage":"es-CL","potentialAction":[{"@type":"ReadAction","target":["https:\/\/explora.cl\/rmnorte\/profesores-y-profesoras-conocieron-nuevas-herramientas-para-incorporar-la-naturaleza-en-la-educacion\/"]}]},{"@type":"ImageObject","inLanguage":"es-CL","@id":"https:\/\/explora.cl\/rmnorte\/profesores-y-profesoras-conocieron-nuevas-herramientas-para-incorporar-la-naturaleza-en-la-educacion\/#primaryimage","url":"https:\/\/explora.cl\/rmnorte\/wp-content\/uploads\/sites\/11\/2024\/05\/Profesora-encuentro-del-Campamento-Explora-va.jpg","contentUrl":"https:\/\/explora.cl\/rmnorte\/wp-content\/uploads\/sites\/11\/2024\/05\/Profesora-encuentro-del-Campamento-Explora-va.jpg","width":1605,"height":1080},{"@type":"BreadcrumbList","@id":"https:\/\/explora.cl\/rmnorte\/profesores-y-profesoras-conocieron-nuevas-herramientas-para-incorporar-la-naturaleza-en-la-educacion\/#breadcrumb","itemListElement":[{"@type":"ListItem","position":1,"name":"Portada","item":"https:\/\/explora.cl\/rmnorte\/"},{"@type":"ListItem","position":2,"name":"Profesores y profesoras conocieron nuevas herramientas para incorporar la naturaleza en la educaci\u00f3n"}]},{"@type":"WebSite","@id":"https:\/\/explora.cl\/rmnorte\/#website","url":"https:\/\/explora.cl\/rmnorte\/","name":"RM Norte","description":"RM Norte explora.cl","potentialAction":[{"@type":"SearchAction","target":{"@type":"EntryPoint","urlTemplate":"https:\/\/explora.cl\/rmnorte\/?s={search_term_string}"},"query-input":{"@type":"PropertyValueSpecification","valueRequired":true,"valueName":"search_term_string"}}],"inLanguage":"es-CL"},{"@type":"Person","@id":"https:\/\/explora.cl\/rmnorte\/#\/schema\/person\/4ad985b29a183eab4170892260e133a5","name":"dgarcia","image":{"@type":"ImageObject","inLanguage":"es-CL","@id":"https:\/\/explora.cl\/rmnorte\/#\/schema\/person\/image\/","url":"https:\/\/secure.gravatar.com\/avatar\/06e2fd9f68a0c19cd669ddc183de83489acab601aa57958e0f60175e5013e6b7?s=96&d=mm&r=g","contentUrl":"https:\/\/secure.gravatar.com\/avatar\/06e2fd9f68a0c19cd669ddc183de83489acab601aa57958e0f60175e5013e6b7?s=96&d=mm&r=g","caption":"dgarcia"},"url":"https:\/\/explora.cl\/rmnorte\/author\/dgarcia\/"}]}},"_links":{"self":[{"href":"https:\/\/explora.cl\/rmnorte\/wp-json\/wp\/v2\/posts\/42879","targetHints":{"allow":["GET"]}}],"collection":[{"href":"https:\/\/explora.cl\/rmnorte\/wp-json\/wp\/v2\/posts"}],"about":[{"href":"https:\/\/explora.cl\/rmnorte\/wp-json\/wp\/v2\/types\/post"}],"author":[{"embeddable":true,"href":"https:\/\/explora.cl\/rmnorte\/wp-json\/wp\/v2\/users\/26"}],"replies":[{"embeddable":true,"href":"https:\/\/explora.cl\/rmnorte\/wp-json\/wp\/v2\/comments?post=42879"}],"version-history":[{"count":2,"href":"https:\/\/explora.cl\/rmnorte\/wp-json\/wp\/v2\/posts\/42879\/revisions"}],"predecessor-version":[{"id":42885,"href":"https:\/\/explora.cl\/rmnorte\/wp-json\/wp\/v2\/posts\/42879\/revisions\/42885"}],"wp:featuredmedia":[{"embeddable":true,"href":"https:\/\/explora.cl\/rmnorte\/wp-json\/wp\/v2\/media\/42883"}],"wp:attachment":[{"href":"https:\/\/explora.cl\/rmnorte\/wp-json\/wp\/v2\/media?parent=42879"}],"wp:term":[{"taxonomy":"category","embeddable":true,"href":"https:\/\/explora.cl\/rmnorte\/wp-json\/wp\/v2\/categories?post=42879"},{"taxonomy":"post_tag","embeddable":true,"href":"https:\/\/explora.cl\/rmnorte\/wp-json\/wp\/v2\/tags?post=42879"}],"curies":[{"name":"wp","href":"https:\/\/api.w.org\/{rel}","templated":true}]}}