{"id":42375,"date":"2023-10-30T12:26:31","date_gmt":"2023-10-30T15:26:31","guid":{"rendered":"https:\/\/explora.cl\/rmnorte\/?p=42375"},"modified":"2023-12-18T17:27:47","modified_gmt":"2023-12-18T20:27:47","slug":"pichinco-en-busca-del-agua-visito-curacavi-y-cautivo-a-mas-de-120-ninos-y-ninas-de-la-zona","status":"publish","type":"post","link":"https:\/\/explora.cl\/rmnorte\/pichinco-en-busca-del-agua-visito-curacavi-y-cautivo-a-mas-de-120-ninos-y-ninas-de-la-zona\/","title":{"rendered":"\u201cPichinCO en busca del agua\u201d visit\u00f3 Curacav\u00ed y cautiv\u00f3 a m\u00e1s de 120 ni\u00f1os y ni\u00f1as de la zona"},"content":{"rendered":"<p><em>El Centro de Eventos Joaqu\u00edn Blaya en Curacav\u00ed se llen\u00f3 de risas y asombro, el d\u00eda 26 de septiembre del presente a\u00f1o, donde m\u00e1s de 120 ni\u00f1os y ni\u00f1as de pre k\u00ednder a segundo b\u00e1sico de diversas instituciones educativas de la comuna se reunieron para el emocionante lanzamiento del libro de actividades &#8220;PichinCO en busca del agua&#8221;.<\/em><\/p>\n<p>Este evento, organizado por el Proyecto Asociativo Regional Explora Regi\u00f3n Metropolitana Norte, del Ministerio de Ciencia, Tecnolog\u00eda, Conocimiento e Innovaci\u00f3n, liderado por el Centro Avanzado de Enfermedades Cr\u00f3nicas (ACCDiS) y ejecutado por la Universidad de Chile a trav\u00e9s de la Facultad de Ciencias Qu\u00edmicas y Farmac\u00e9uticas, tuvo como objetivo presentar el nuevo producto del Proyecto: \u201cPichinCO en busca del agua&#8221; un libro de actividades dise\u00f1ado para ni\u00f1os y ni\u00f1as de niveles transici\u00f3n de Educaci\u00f3n Parvularia, primero y segundo b\u00e1sico, que promueve una aproximaci\u00f3n y apropiaci\u00f3n temprana a la problem\u00e1tica medioambiental asociada a la crisis h\u00eddrica que afecta a la Regi\u00f3n Metropolitana Norte.<\/p>\n<p>Durante la jornada, los ni\u00f1os y las ni\u00f1as se embarcaron en una emocionante aventura de la mano de PichinCO, un pato cuchara (<em>Spatula clypeata<\/em><em>\u0336<\/em>) que habitaba en la laguna de Aculeo, acu\u00edfero que se declar\u00f3 totalmente seco en el a\u00f1o 2018 producto de la crisis h\u00eddrica que afect\u00f3 la localidad. Es por este motivo que el protagonista comienza un viaje en busca del agua que lo lleva a diversos lugares, como por ejemplo el Estero Puangue que se encuentra en la comuna de Curacav\u00ed, otorgando significancia y pertinencia a la jornada. Adem\u00e1s, esta actividad cont\u00f3 con la participaci\u00f3n de la narradora oral, Catalina Moya Marchant, quien estuvo a cargo del cuentacuentos de la narraci\u00f3n.<\/p>\n<p style=\"text-align: left\"><img fetchpriority=\"high\" decoding=\"async\" class=\"alignleft size-medium wp-image-42377\" src=\"https:\/\/explora.cl\/rmnorte\/wp-content\/uploads\/sites\/11\/2023\/10\/PichinCO-Victori-Rivera-240x300.png\" alt=\"\" width=\"240\" height=\"300\" srcset=\"https:\/\/explora.cl\/rmnorte\/wp-content\/uploads\/sites\/11\/2023\/10\/PichinCO-Victori-Rivera-240x300.png 240w, https:\/\/explora.cl\/rmnorte\/wp-content\/uploads\/sites\/11\/2023\/10\/PichinCO-Victori-Rivera-768x960.png 768w, https:\/\/explora.cl\/rmnorte\/wp-content\/uploads\/sites\/11\/2023\/10\/PichinCO-Victori-Rivera-819x1024.png 819w, https:\/\/explora.cl\/rmnorte\/wp-content\/uploads\/sites\/11\/2023\/10\/PichinCO-Victori-Rivera.png 952w\" sizes=\"(max-width: 240px) 100vw, 240px\" \/><strong>V\u00edctor Rivera<\/strong>, director del Departamento de Administraci\u00f3n de Educaci\u00f3n Municipal (DAEM) de Curacav\u00ed, destac\u00f3 la importancia de realizar actividades como esta en la formaci\u00f3n de la conciencia h\u00eddrica desde una edad temprana: <em>&#8220;Nuestras escuelas est\u00e1n haciendo un esfuerzo sobresaliente en la educaci\u00f3n sobre el agua, y este tipo de actividades con enfoque l\u00fadico y atractivo entregado por el Proyecto Explora, nos ayuda a fortalecer significativamente nuestra concienciaci\u00f3n sobre el uso responsable del agua desde los m\u00e1s peque\u00f1os&#8221;<\/em><\/p>\n<p>&nbsp;<\/p>\n<p>&nbsp;<\/p>\n<p>&nbsp;<\/p>\n<p><strong>Entrega de los libros y kit de implementaci\u00f3n \u201cPichinCO: En busca del agua\u201d<\/strong><\/p>\n<p>D\u00edas despu\u00e9s de esta actividad, 100 docentes, seleccionados\/as previamente para ser parte de esta actividad, recibieron ejemplares del cuento para cada uno\/a de sus estudiantes, una gu\u00eda did\u00e1ctica docente y un kit de materiales para la implementaci\u00f3n de las experiencias asociadas a la narraci\u00f3n. Todo esto, posterior a una capacitaci\u00f3n realizada en las instalaciones de la Facultad de Ciencias Qu\u00edmicas y Farmac\u00e9uticas de la Universidad de Chile, donde se llevaron a cabo experiencias de aprendizaje, abordando las competencias cient\u00edficas propuestas en la gu\u00eda docente.<\/p>\n<p>A la capacitaci\u00f3n asisti\u00f3 el Dr. Rodrigo Moreno Morales, acad\u00e9mico de la Universidad Santo Tom\u00e1s y la Dra. Carmen Espoz Larra\u00edn, Decana de la Facultad de Ciencias de la Universidad Santo Tom\u00e1s y Directora del Centro de Investigaci\u00f3n Bah\u00eda Lomas, qui\u00e9n adem\u00e1s valid\u00f3 los contenidos cient\u00edficos abordados en el cuento. La acad\u00e9mica destac\u00f3 que \u201cChile y el mundo necesita manos que trabajen por el cuidado del agua y si no tomamos acci\u00f3n desde todas partes, edades y cursos estamos perdidos en el futuro\u201d y adem\u00e1s agreg\u00f3 \u201ceste material es s\u00faper local y tiene una pertinencia inmediata que contribuye a que los ni\u00f1os y las ni\u00f1as se apropien del problema y lo comprendan r\u00e1pidamente\u201d<\/p>\n<p><strong>\u00bfQu\u00e9 dijeron algunas y algunos educadores sobre PichinCO?<\/strong><\/p>\n<p><strong>Marcia Ar\u00e9valo Maul\u00e9n,<\/strong> profesora de matem\u00e1ticas del Colegio Emprender de Lampa se\u00f1al\u00f3 que<em> \u201cComo colegio creemos firmemente en la urgencia de concientizar a la comunidad educativa sobre el uso y cuidado del agua y no solo a nivel curricular sino que tambi\u00e9n a nivel pr\u00e1ctico, y es all\u00ed donde PichinCO nos ayuda un mucho, a trav\u00e9s de su cinco actividades entretenidas y muy f\u00e1ciles de hacer\u201d.<\/em><\/p>\n<p><strong>Ram\u00f3n Campos Campos,<\/strong> profesor de la Escuela Estrella de Chile del Servicio Local de Educaci\u00f3n P\u00fablica de Barrancas en Pudahuel menciona que<em> \u201cme pareci\u00f3 una buena iniciativa. Participar en este tipo de actividades, nos brinda la oportunidad de hacer conciencia social, sobre todo en los ni\u00f1os y ni\u00f1as que es el mundo para el cual est\u00e1bamos trabajando\u201d.<\/em><\/p>\n<p><strong>Leslie Cristi Olavarr\u00eda,<\/strong> t\u00e9cnico en Educaci\u00f3n Parvularia del Colegio Nueva Zelandia de Independencia, comenta que <em>\u201cencontr\u00e9 que todo el material entregado es bastante did\u00e1ctico y muy diverso, es una actividad que logra mantener la atenci\u00f3n y concentraci\u00f3n de los ni\u00f1os y ni\u00f1as. Me gust\u00f3 pensar como mis estudiantes y estoy muy ansiosa de conocer las ocurrencias que este lindo libro les va a generar\u201d.<\/em><\/p>\n<p>Por su parte, <strong>Monserrat Arias Mart\u00ednez<\/strong>, educadora de p\u00e1rvulos del Colegio Hospital F\u00e9lix Bulnes agreg\u00f3 <em>\u201cnosotros trabajamos con multigrado, desde pre k\u00ednder a cuarto medio, as\u00ed que este tipo de actividades nos contribuye mucho porque creo que es posible implementarlo de forma transversal, en esta ocasi\u00f3n es para ni\u00f1os m\u00e1s peque\u00f1os, pero creo que igual se podr\u00eda adaptar agregando otra complejidad dependiendo de los niveles de los ni\u00f1os. Otro aspecto que me gust\u00f3, fue la oportunidad que los ni\u00f1os y ni\u00f1as se ubiquen espacialmente y cercanamente a la regi\u00f3n donde pertenecen, esto les permite indagar e interactuar con mayor inter\u00e9s\u201d.<\/em><\/p>\n<p>Pr\u00f3ximamente el material de \u201cPichinCO: En busca del agua\u201d, estar\u00e1 disponible en la web del Proyecto, ver <a href=\"https:\/\/explora.cl\/rmnorte\/\">aqu\u00ed<\/a>.<\/p>\n<div class=\"vc-video-container\" style=\"margin: 20px 0;\">\n<div class=\"vc-video-wrapper\" style=\"position: relative; padding-bottom: 56.25%; height: 0; overflow: hidden; max-width: 100%;\"><iframe src=\"https:\/\/www.youtube.com\/embed\/umEXCTpy6pM\" style=\"position: absolute; top: 0; left: 0; width: 100%; height: 100%;\" frameborder=\"0\" allow=\"accelerometer; autoplay; clipboard-write; encrypted-media; gyroscope; picture-in-picture\" allowfullscreen><\/iframe><\/div>\n<\/div>\n","protected":false},"excerpt":{"rendered":"<p>El Centro de Eventos Joaqu\u00edn Blaya en Curacav\u00ed se llen\u00f3 de risas y asombro, el d\u00eda 26 de septiembre del presente a\u00f1o, donde m\u00e1s de 120 ni\u00f1os y ni\u00f1as de pre k\u00ednder a segundo b\u00e1sico de diversas instituciones educativas de la comuna se reunieron para el emocionante lanzamiento del libro de actividades &#8220;PichinCO en busca del agua&#8221;.<\/p>\n","protected":false},"author":26,"featured_media":42376,"comment_status":"open","ping_status":"open","sticky":false,"template":"","format":"standard","meta":{"_acf_changed":false,"_exactmetrics_skip_tracking":false,"_exactmetrics_sitenote_active":false,"_exactmetrics_sitenote_note":"","_exactmetrics_sitenote_category":0,"footnotes":"","_links_to":"","_links_to_target":""},"categories":[238,4],"tags":[250,157,251],"class_list":["post-42375","post","type-post","status-publish","format-standard","has-post-thumbnail","hentry","category-lugar-9","category-noticias","tag-clubes-cientificos-escolares","tag-explora-rm-norte","tag-pudahuel"],"acf":[],"yoast_head":"<!-- This site is optimized with the Yoast SEO plugin v26.9 - https:\/\/yoast.com\/product\/yoast-seo-wordpress\/ -->\n<title>\u201cPichinCO en busca del agua\u201d visit\u00f3 Curacav\u00ed y cautiv\u00f3 a m\u00e1s de 120 ni\u00f1os y ni\u00f1as de la zona - RM Norte<\/title>\n<meta name=\"robots\" content=\"index, follow, max-snippet:-1, max-image-preview:large, max-video-preview:-1\" \/>\n<link rel=\"canonical\" href=\"https:\/\/explora.cl\/rmnorte\/pichinco-en-busca-del-agua-visito-curacavi-y-cautivo-a-mas-de-120-ninos-y-ninas-de-la-zona\/\" class=\"yoast-seo-meta-tag\" \/>\n<meta property=\"og:locale\" content=\"es_ES\" class=\"yoast-seo-meta-tag\" \/>\n<meta property=\"og:type\" content=\"article\" class=\"yoast-seo-meta-tag\" \/>\n<meta property=\"og:title\" content=\"\u201cPichinCO en busca del agua\u201d visit\u00f3 Curacav\u00ed y cautiv\u00f3 a m\u00e1s de 120 ni\u00f1os y ni\u00f1as de la zona - RM Norte\" class=\"yoast-seo-meta-tag\" \/>\n<meta property=\"og:description\" content=\"El Centro de Eventos Joaqu\u00edn Blaya en Curacav\u00ed se llen\u00f3 de risas y asombro, el d\u00eda 26 de septiembre del presente a\u00f1o, donde m\u00e1s de 120 ni\u00f1os y ni\u00f1as de pre k\u00ednder a segundo b\u00e1sico de diversas instituciones educativas de la comuna se reunieron para el emocionante lanzamiento del libro de actividades &quot;PichinCO en busca del agua&quot;.\" class=\"yoast-seo-meta-tag\" \/>\n<meta property=\"og:url\" content=\"https:\/\/explora.cl\/rmnorte\/pichinco-en-busca-del-agua-visito-curacavi-y-cautivo-a-mas-de-120-ninos-y-ninas-de-la-zona\/\" class=\"yoast-seo-meta-tag\" \/>\n<meta property=\"og:site_name\" content=\"RM Norte\" class=\"yoast-seo-meta-tag\" \/>\n<meta property=\"article:published_time\" content=\"2023-10-30T15:26:31+00:00\" class=\"yoast-seo-meta-tag\" \/>\n<meta property=\"article:modified_time\" content=\"2023-12-18T20:27:47+00:00\" class=\"yoast-seo-meta-tag\" \/>\n<meta property=\"og:image\" content=\"https:\/\/explora.cl\/rmnorte\/wp-content\/uploads\/sites\/11\/2023\/10\/PichinCO-Curacavi-1-1024x576.png\" class=\"yoast-seo-meta-tag\" \/>\n\t<meta property=\"og:image:width\" content=\"1024\" class=\"yoast-seo-meta-tag\" \/>\n\t<meta property=\"og:image:height\" content=\"576\" class=\"yoast-seo-meta-tag\" \/>\n\t<meta property=\"og:image:type\" content=\"image\/png\" class=\"yoast-seo-meta-tag\" \/>\n<meta name=\"author\" content=\"dgarcia\" class=\"yoast-seo-meta-tag\" \/>\n<meta name=\"twitter:card\" content=\"summary_large_image\" class=\"yoast-seo-meta-tag\" \/>\n<meta name=\"twitter:label1\" content=\"Escrito por\" class=\"yoast-seo-meta-tag\" \/>\n\t<meta name=\"twitter:data1\" content=\"dgarcia\" class=\"yoast-seo-meta-tag\" \/>\n\t<meta name=\"twitter:label2\" content=\"Tiempo estimado de lectura\" class=\"yoast-seo-meta-tag\" \/>\n\t<meta name=\"twitter:data2\" content=\"5 minutos\" class=\"yoast-seo-meta-tag\" \/>\n<script type=\"application\/ld+json\" class=\"yoast-schema-graph\">{\"@context\":\"https:\/\/schema.org\",\"@graph\":[{\"@type\":\"Article\",\"@id\":\"https:\/\/explora.cl\/rmnorte\/pichinco-en-busca-del-agua-visito-curacavi-y-cautivo-a-mas-de-120-ninos-y-ninas-de-la-zona\/#article\",\"isPartOf\":{\"@id\":\"https:\/\/explora.cl\/rmnorte\/pichinco-en-busca-del-agua-visito-curacavi-y-cautivo-a-mas-de-120-ninos-y-ninas-de-la-zona\/\"},\"author\":{\"name\":\"dgarcia\",\"@id\":\"https:\/\/explora.cl\/rmnorte\/#\/schema\/person\/4ad985b29a183eab4170892260e133a5\"},\"headline\":\"\u201cPichinCO en busca del agua\u201d visit\u00f3 Curacav\u00ed y cautiv\u00f3 a m\u00e1s de 120 ni\u00f1os y ni\u00f1as de la zona\",\"datePublished\":\"2023-10-30T15:26:31+00:00\",\"dateModified\":\"2023-12-18T20:27:47+00:00\",\"mainEntityOfPage\":{\"@id\":\"https:\/\/explora.cl\/rmnorte\/pichinco-en-busca-del-agua-visito-curacavi-y-cautivo-a-mas-de-120-ninos-y-ninas-de-la-zona\/\"},\"wordCount\":1006,\"commentCount\":0,\"image\":{\"@id\":\"https:\/\/explora.cl\/rmnorte\/pichinco-en-busca-del-agua-visito-curacavi-y-cautivo-a-mas-de-120-ninos-y-ninas-de-la-zona\/#primaryimage\"},\"thumbnailUrl\":\"https:\/\/explora.cl\/rmnorte\/wp-content\/uploads\/sites\/11\/2023\/10\/PichinCO-Curacavi-1.png\",\"keywords\":[\"Clubes cientificos escolares\",\"Explora RM Norte\",\"Pudahuel\"],\"articleSection\":[\"Lugar 9\",\"Noticias\"],\"inLanguage\":\"es-CL\",\"potentialAction\":[{\"@type\":\"CommentAction\",\"name\":\"Comment\",\"target\":[\"https:\/\/explora.cl\/rmnorte\/pichinco-en-busca-del-agua-visito-curacavi-y-cautivo-a-mas-de-120-ninos-y-ninas-de-la-zona\/#respond\"]}]},{\"@type\":\"WebPage\",\"@id\":\"https:\/\/explora.cl\/rmnorte\/pichinco-en-busca-del-agua-visito-curacavi-y-cautivo-a-mas-de-120-ninos-y-ninas-de-la-zona\/\",\"url\":\"https:\/\/explora.cl\/rmnorte\/pichinco-en-busca-del-agua-visito-curacavi-y-cautivo-a-mas-de-120-ninos-y-ninas-de-la-zona\/\",\"name\":\"\u201cPichinCO en busca del agua\u201d visit\u00f3 Curacav\u00ed y cautiv\u00f3 a m\u00e1s de 120 ni\u00f1os y ni\u00f1as de la zona - RM Norte\",\"isPartOf\":{\"@id\":\"https:\/\/explora.cl\/rmnorte\/#website\"},\"primaryImageOfPage\":{\"@id\":\"https:\/\/explora.cl\/rmnorte\/pichinco-en-busca-del-agua-visito-curacavi-y-cautivo-a-mas-de-120-ninos-y-ninas-de-la-zona\/#primaryimage\"},\"image\":{\"@id\":\"https:\/\/explora.cl\/rmnorte\/pichinco-en-busca-del-agua-visito-curacavi-y-cautivo-a-mas-de-120-ninos-y-ninas-de-la-zona\/#primaryimage\"},\"thumbnailUrl\":\"https:\/\/explora.cl\/rmnorte\/wp-content\/uploads\/sites\/11\/2023\/10\/PichinCO-Curacavi-1.png\",\"datePublished\":\"2023-10-30T15:26:31+00:00\",\"dateModified\":\"2023-12-18T20:27:47+00:00\",\"author\":{\"@id\":\"https:\/\/explora.cl\/rmnorte\/#\/schema\/person\/4ad985b29a183eab4170892260e133a5\"},\"breadcrumb\":{\"@id\":\"https:\/\/explora.cl\/rmnorte\/pichinco-en-busca-del-agua-visito-curacavi-y-cautivo-a-mas-de-120-ninos-y-ninas-de-la-zona\/#breadcrumb\"},\"inLanguage\":\"es-CL\",\"potentialAction\":[{\"@type\":\"ReadAction\",\"target\":[\"https:\/\/explora.cl\/rmnorte\/pichinco-en-busca-del-agua-visito-curacavi-y-cautivo-a-mas-de-120-ninos-y-ninas-de-la-zona\/\"]}]},{\"@type\":\"ImageObject\",\"inLanguage\":\"es-CL\",\"@id\":\"https:\/\/explora.cl\/rmnorte\/pichinco-en-busca-del-agua-visito-curacavi-y-cautivo-a-mas-de-120-ninos-y-ninas-de-la-zona\/#primaryimage\",\"url\":\"https:\/\/explora.cl\/rmnorte\/wp-content\/uploads\/sites\/11\/2023\/10\/PichinCO-Curacavi-1.png\",\"contentUrl\":\"https:\/\/explora.cl\/rmnorte\/wp-content\/uploads\/sites\/11\/2023\/10\/PichinCO-Curacavi-1.png\",\"width\":1920,\"height\":1080},{\"@type\":\"BreadcrumbList\",\"@id\":\"https:\/\/explora.cl\/rmnorte\/pichinco-en-busca-del-agua-visito-curacavi-y-cautivo-a-mas-de-120-ninos-y-ninas-de-la-zona\/#breadcrumb\",\"itemListElement\":[{\"@type\":\"ListItem\",\"position\":1,\"name\":\"Portada\",\"item\":\"https:\/\/explora.cl\/rmnorte\/\"},{\"@type\":\"ListItem\",\"position\":2,\"name\":\"\u201cPichinCO en busca del agua\u201d visit\u00f3 Curacav\u00ed y cautiv\u00f3 a m\u00e1s de 120 ni\u00f1os y ni\u00f1as de la zona\"}]},{\"@type\":\"WebSite\",\"@id\":\"https:\/\/explora.cl\/rmnorte\/#website\",\"url\":\"https:\/\/explora.cl\/rmnorte\/\",\"name\":\"RM Norte\",\"description\":\"RM Norte explora.cl\",\"potentialAction\":[{\"@type\":\"SearchAction\",\"target\":{\"@type\":\"EntryPoint\",\"urlTemplate\":\"https:\/\/explora.cl\/rmnorte\/?s={search_term_string}\"},\"query-input\":{\"@type\":\"PropertyValueSpecification\",\"valueRequired\":true,\"valueName\":\"search_term_string\"}}],\"inLanguage\":\"es-CL\"},{\"@type\":\"Person\",\"@id\":\"https:\/\/explora.cl\/rmnorte\/#\/schema\/person\/4ad985b29a183eab4170892260e133a5\",\"name\":\"dgarcia\",\"image\":{\"@type\":\"ImageObject\",\"inLanguage\":\"es-CL\",\"@id\":\"https:\/\/explora.cl\/rmnorte\/#\/schema\/person\/image\/\",\"url\":\"https:\/\/secure.gravatar.com\/avatar\/06e2fd9f68a0c19cd669ddc183de83489acab601aa57958e0f60175e5013e6b7?s=96&d=mm&r=g\",\"contentUrl\":\"https:\/\/secure.gravatar.com\/avatar\/06e2fd9f68a0c19cd669ddc183de83489acab601aa57958e0f60175e5013e6b7?s=96&d=mm&r=g\",\"caption\":\"dgarcia\"},\"url\":\"https:\/\/explora.cl\/rmnorte\/author\/dgarcia\/\"}]}<\/script>\n<!-- \/ Yoast SEO plugin. -->","yoast_head_json":{"title":"\u201cPichinCO en busca del agua\u201d visit\u00f3 Curacav\u00ed y cautiv\u00f3 a m\u00e1s de 120 ni\u00f1os y ni\u00f1as de la zona - RM Norte","robots":{"index":"index","follow":"follow","max-snippet":"max-snippet:-1","max-image-preview":"max-image-preview:large","max-video-preview":"max-video-preview:-1"},"canonical":"https:\/\/explora.cl\/rmnorte\/pichinco-en-busca-del-agua-visito-curacavi-y-cautivo-a-mas-de-120-ninos-y-ninas-de-la-zona\/","og_locale":"es_ES","og_type":"article","og_title":"\u201cPichinCO en busca del agua\u201d visit\u00f3 Curacav\u00ed y cautiv\u00f3 a m\u00e1s de 120 ni\u00f1os y ni\u00f1as de la zona - RM Norte","og_description":"El Centro de Eventos Joaqu\u00edn Blaya en Curacav\u00ed se llen\u00f3 de risas y asombro, el d\u00eda 26 de septiembre del presente a\u00f1o, donde m\u00e1s de 120 ni\u00f1os y ni\u00f1as de pre k\u00ednder a segundo b\u00e1sico de diversas instituciones educativas de la comuna se reunieron para el emocionante lanzamiento del libro de actividades \"PichinCO en busca del agua\".","og_url":"https:\/\/explora.cl\/rmnorte\/pichinco-en-busca-del-agua-visito-curacavi-y-cautivo-a-mas-de-120-ninos-y-ninas-de-la-zona\/","og_site_name":"RM Norte","article_published_time":"2023-10-30T15:26:31+00:00","article_modified_time":"2023-12-18T20:27:47+00:00","og_image":[{"width":1024,"height":576,"url":"https:\/\/explora.cl\/rmnorte\/wp-content\/uploads\/sites\/11\/2023\/10\/PichinCO-Curacavi-1-1024x576.png","type":"image\/png"}],"author":"dgarcia","twitter_card":"summary_large_image","twitter_misc":{"Escrito por":"dgarcia","Tiempo estimado de lectura":"5 minutos"},"schema":{"@context":"https:\/\/schema.org","@graph":[{"@type":"Article","@id":"https:\/\/explora.cl\/rmnorte\/pichinco-en-busca-del-agua-visito-curacavi-y-cautivo-a-mas-de-120-ninos-y-ninas-de-la-zona\/#article","isPartOf":{"@id":"https:\/\/explora.cl\/rmnorte\/pichinco-en-busca-del-agua-visito-curacavi-y-cautivo-a-mas-de-120-ninos-y-ninas-de-la-zona\/"},"author":{"name":"dgarcia","@id":"https:\/\/explora.cl\/rmnorte\/#\/schema\/person\/4ad985b29a183eab4170892260e133a5"},"headline":"\u201cPichinCO en busca del agua\u201d visit\u00f3 Curacav\u00ed y cautiv\u00f3 a m\u00e1s de 120 ni\u00f1os y ni\u00f1as de la zona","datePublished":"2023-10-30T15:26:31+00:00","dateModified":"2023-12-18T20:27:47+00:00","mainEntityOfPage":{"@id":"https:\/\/explora.cl\/rmnorte\/pichinco-en-busca-del-agua-visito-curacavi-y-cautivo-a-mas-de-120-ninos-y-ninas-de-la-zona\/"},"wordCount":1006,"commentCount":0,"image":{"@id":"https:\/\/explora.cl\/rmnorte\/pichinco-en-busca-del-agua-visito-curacavi-y-cautivo-a-mas-de-120-ninos-y-ninas-de-la-zona\/#primaryimage"},"thumbnailUrl":"https:\/\/explora.cl\/rmnorte\/wp-content\/uploads\/sites\/11\/2023\/10\/PichinCO-Curacavi-1.png","keywords":["Clubes cientificos escolares","Explora RM Norte","Pudahuel"],"articleSection":["Lugar 9","Noticias"],"inLanguage":"es-CL","potentialAction":[{"@type":"CommentAction","name":"Comment","target":["https:\/\/explora.cl\/rmnorte\/pichinco-en-busca-del-agua-visito-curacavi-y-cautivo-a-mas-de-120-ninos-y-ninas-de-la-zona\/#respond"]}]},{"@type":"WebPage","@id":"https:\/\/explora.cl\/rmnorte\/pichinco-en-busca-del-agua-visito-curacavi-y-cautivo-a-mas-de-120-ninos-y-ninas-de-la-zona\/","url":"https:\/\/explora.cl\/rmnorte\/pichinco-en-busca-del-agua-visito-curacavi-y-cautivo-a-mas-de-120-ninos-y-ninas-de-la-zona\/","name":"\u201cPichinCO en busca del agua\u201d visit\u00f3 Curacav\u00ed y cautiv\u00f3 a m\u00e1s de 120 ni\u00f1os y ni\u00f1as de la zona - RM Norte","isPartOf":{"@id":"https:\/\/explora.cl\/rmnorte\/#website"},"primaryImageOfPage":{"@id":"https:\/\/explora.cl\/rmnorte\/pichinco-en-busca-del-agua-visito-curacavi-y-cautivo-a-mas-de-120-ninos-y-ninas-de-la-zona\/#primaryimage"},"image":{"@id":"https:\/\/explora.cl\/rmnorte\/pichinco-en-busca-del-agua-visito-curacavi-y-cautivo-a-mas-de-120-ninos-y-ninas-de-la-zona\/#primaryimage"},"thumbnailUrl":"https:\/\/explora.cl\/rmnorte\/wp-content\/uploads\/sites\/11\/2023\/10\/PichinCO-Curacavi-1.png","datePublished":"2023-10-30T15:26:31+00:00","dateModified":"2023-12-18T20:27:47+00:00","author":{"@id":"https:\/\/explora.cl\/rmnorte\/#\/schema\/person\/4ad985b29a183eab4170892260e133a5"},"breadcrumb":{"@id":"https:\/\/explora.cl\/rmnorte\/pichinco-en-busca-del-agua-visito-curacavi-y-cautivo-a-mas-de-120-ninos-y-ninas-de-la-zona\/#breadcrumb"},"inLanguage":"es-CL","potentialAction":[{"@type":"ReadAction","target":["https:\/\/explora.cl\/rmnorte\/pichinco-en-busca-del-agua-visito-curacavi-y-cautivo-a-mas-de-120-ninos-y-ninas-de-la-zona\/"]}]},{"@type":"ImageObject","inLanguage":"es-CL","@id":"https:\/\/explora.cl\/rmnorte\/pichinco-en-busca-del-agua-visito-curacavi-y-cautivo-a-mas-de-120-ninos-y-ninas-de-la-zona\/#primaryimage","url":"https:\/\/explora.cl\/rmnorte\/wp-content\/uploads\/sites\/11\/2023\/10\/PichinCO-Curacavi-1.png","contentUrl":"https:\/\/explora.cl\/rmnorte\/wp-content\/uploads\/sites\/11\/2023\/10\/PichinCO-Curacavi-1.png","width":1920,"height":1080},{"@type":"BreadcrumbList","@id":"https:\/\/explora.cl\/rmnorte\/pichinco-en-busca-del-agua-visito-curacavi-y-cautivo-a-mas-de-120-ninos-y-ninas-de-la-zona\/#breadcrumb","itemListElement":[{"@type":"ListItem","position":1,"name":"Portada","item":"https:\/\/explora.cl\/rmnorte\/"},{"@type":"ListItem","position":2,"name":"\u201cPichinCO en busca del agua\u201d visit\u00f3 Curacav\u00ed y cautiv\u00f3 a m\u00e1s de 120 ni\u00f1os y ni\u00f1as de la zona"}]},{"@type":"WebSite","@id":"https:\/\/explora.cl\/rmnorte\/#website","url":"https:\/\/explora.cl\/rmnorte\/","name":"RM Norte","description":"RM Norte explora.cl","potentialAction":[{"@type":"SearchAction","target":{"@type":"EntryPoint","urlTemplate":"https:\/\/explora.cl\/rmnorte\/?s={search_term_string}"},"query-input":{"@type":"PropertyValueSpecification","valueRequired":true,"valueName":"search_term_string"}}],"inLanguage":"es-CL"},{"@type":"Person","@id":"https:\/\/explora.cl\/rmnorte\/#\/schema\/person\/4ad985b29a183eab4170892260e133a5","name":"dgarcia","image":{"@type":"ImageObject","inLanguage":"es-CL","@id":"https:\/\/explora.cl\/rmnorte\/#\/schema\/person\/image\/","url":"https:\/\/secure.gravatar.com\/avatar\/06e2fd9f68a0c19cd669ddc183de83489acab601aa57958e0f60175e5013e6b7?s=96&d=mm&r=g","contentUrl":"https:\/\/secure.gravatar.com\/avatar\/06e2fd9f68a0c19cd669ddc183de83489acab601aa57958e0f60175e5013e6b7?s=96&d=mm&r=g","caption":"dgarcia"},"url":"https:\/\/explora.cl\/rmnorte\/author\/dgarcia\/"}]}},"_links":{"self":[{"href":"https:\/\/explora.cl\/rmnorte\/wp-json\/wp\/v2\/posts\/42375","targetHints":{"allow":["GET"]}}],"collection":[{"href":"https:\/\/explora.cl\/rmnorte\/wp-json\/wp\/v2\/posts"}],"about":[{"href":"https:\/\/explora.cl\/rmnorte\/wp-json\/wp\/v2\/types\/post"}],"author":[{"embeddable":true,"href":"https:\/\/explora.cl\/rmnorte\/wp-json\/wp\/v2\/users\/26"}],"replies":[{"embeddable":true,"href":"https:\/\/explora.cl\/rmnorte\/wp-json\/wp\/v2\/comments?post=42375"}],"version-history":[{"count":5,"href":"https:\/\/explora.cl\/rmnorte\/wp-json\/wp\/v2\/posts\/42375\/revisions"}],"predecessor-version":[{"id":42383,"href":"https:\/\/explora.cl\/rmnorte\/wp-json\/wp\/v2\/posts\/42375\/revisions\/42383"}],"wp:featuredmedia":[{"embeddable":true,"href":"https:\/\/explora.cl\/rmnorte\/wp-json\/wp\/v2\/media\/42376"}],"wp:attachment":[{"href":"https:\/\/explora.cl\/rmnorte\/wp-json\/wp\/v2\/media?parent=42375"}],"wp:term":[{"taxonomy":"category","embeddable":true,"href":"https:\/\/explora.cl\/rmnorte\/wp-json\/wp\/v2\/categories?post=42375"},{"taxonomy":"post_tag","embeddable":true,"href":"https:\/\/explora.cl\/rmnorte\/wp-json\/wp\/v2\/tags?post=42375"}],"curies":[{"name":"wp","href":"https:\/\/api.w.org\/{rel}","templated":true}]}}