{"id":41987,"date":"2023-06-12T16:29:31","date_gmt":"2023-06-12T20:29:31","guid":{"rendered":"https:\/\/explora.cl\/rmnorte\/?p=41987"},"modified":"2023-07-12T16:09:38","modified_gmt":"2023-07-12T20:09:38","slug":"atencion-comunidad-ctci-ya-pueden-ser-parte-de-curiosasmentes","status":"publish","type":"post","link":"https:\/\/explora.cl\/rmnorte\/atencion-comunidad-ctci-ya-pueden-ser-parte-de-curiosasmentes\/","title":{"rendered":"\u00a1Atenci\u00f3n Comunidad CTCI! Ya pueden ser parte de CuriosasMentes"},"content":{"rendered":"<p style=\"font-weight: 400\"><strong>CuriosasMentes<\/strong><strong>\u00a0<\/strong>es una iniciativa organizada por el PAR Explora RM Norte, la cual busca generar encuentros interactivos entre la comunidad cient\u00edfica y las comunidades educativas. Su prop\u00f3sito es despertar la\u00a0<strong>curiosidad, inter\u00e9s y valoraci\u00f3n<\/strong>\u00a0por temas cient\u00edficos en la comunidad escolar, mediante el desarrollo de diversas experiencias, tales como:\u00a0<strong>charlas, laboratorios itinerantes y museos, observatorios y laboratorios abiertos.<\/strong><\/p>\n<p style=\"font-weight: 400\">Esta actividad es organizada por el PAR Explora RM Norte, del Ministerio de Ciencia, Tecnolog\u00eda, Conocimiento e Innovaci\u00f3n, ejecutado por el Centro Avanzado de Enfermedades Cr\u00f3nicas (ACCDiS) y liderado por la Universidad de Chile a trav\u00e9s de la Facultad de Ciencias Qu\u00edmicas y Farmac\u00e9uticas.<\/p>\n<p style=\"font-weight: 400\">El objetivo de la actividad es generar \u00a0espacios de encuentro para que estudiantes, docentes, directivos, familias puedan conocer de primera fuente el trabajo de los\/as investigadores(as), contribuyendo a despertar la curiosidad y el inter\u00e9s por temas cient\u00edficos.<\/p>\n<p style=\"font-weight: 400\">Podr\u00e1n postular investigadores\/as y profesionales de las ciencias sociales, naturales, innovaci\u00f3n e investigaci\u00f3n en artes y humanidades desde 12 de junio \u00a0hasta el 7 de julio.<\/p>\n<p><img fetchpriority=\"high\" decoding=\"async\" class=\"alignleft wp-image-42012\" src=\"https:\/\/explora.cl\/rmnorte\/wp-content\/uploads\/sites\/11\/2023\/06\/Curiosasmentes-2023-banner-laboratorios-itinerantes-300x273.png\" alt=\"\" width=\"460\" height=\"419\" srcset=\"https:\/\/explora.cl\/rmnorte\/wp-content\/uploads\/sites\/11\/2023\/06\/Curiosasmentes-2023-banner-laboratorios-itinerantes-300x273.png 300w, https:\/\/explora.cl\/rmnorte\/wp-content\/uploads\/sites\/11\/2023\/06\/Curiosasmentes-2023-banner-laboratorios-itinerantes-768x699.png 768w, https:\/\/explora.cl\/rmnorte\/wp-content\/uploads\/sites\/11\/2023\/06\/Curiosasmentes-2023-banner-laboratorios-itinerantes-1024x932.png 1024w, https:\/\/explora.cl\/rmnorte\/wp-content\/uploads\/sites\/11\/2023\/06\/Curiosasmentes-2023-banner-laboratorios-itinerantes.png 1080w\" sizes=\"(max-width: 460px) 100vw, 460px\" \/><\/p>\n<p>&nbsp;<\/p>\n<p>&nbsp;<\/p>\n<p>&nbsp;<\/p>\n<p>&nbsp;<\/p>\n<p>&nbsp;<\/p>\n<p>&nbsp;<\/p>\n<p>&nbsp;<\/p>\n<p>&nbsp;<\/p>\n<p>&nbsp;<\/p>\n<p>&nbsp;<\/p>\n<p>&nbsp;<\/p>\n<p style=\"font-weight: 400\">Los \u201cLaboratorios Itinerantes CuriosasMentes\u201d buscan llevar de manera presencial y gratuita, durante el periodo del martes 5 hasta el jueves 14 de septiembre, experiencias pr\u00e1cticas relacionadas con CTCI a establecimientos educacionales y jardines infantiles. Para ello, invitamos a instituciones, investigadores\/as y profesionales de las Ciencias Sociales, Naturales, Innovaci\u00f3n e investigaci\u00f3n en Artes y Humanidades a elaborar sus propuestas.<\/p>\n<p style=\"font-weight: 400\">Proceso inscripci\u00f3n:<\/p>\n<ol>\n<li style=\"font-weight: 400\">Completar el formulario de inscripci\u00f3n y enviar a Paula Meri\u00f1o al correo <a href=\"mailto:paulamerino@accdis.cl\">paulamerino@accdis.cl<\/a><\/li>\n<li style=\"font-weight: 400\">Posteriormente se iniciar\u00e1 el proceso de convocatoria y selecci\u00f3n de los establecimientos educacionales y jardines infantiles que deseen participar de la iniciativa.<\/li>\n<li style=\"font-weight: 400\">Se coordinar\u00e1 un encuentro entre ambas partes durante el periodo que comprende los d\u00edas martes 5 hasta el jueves 14 de septiembre del 2023.<\/li>\n<\/ol>\n<p><a href=\"https:\/\/explora.cl\/rmnorte\/wp-content\/uploads\/sites\/11\/2023\/06\/1.-Convocatoria-Laboratorios-Itinerantes-CuriosasMentes-.pdf\" target=\"_blank\" rel=\"noopener noreferrer\"><img decoding=\"async\" class=\"size-medium wp-image-41998 alignnone\" src=\"https:\/\/explora.cl\/rmnorte\/wp-content\/uploads\/sites\/11\/2023\/06\/convocatoria-laboratorios-boton-23-300x105.png\" alt=\"\" width=\"300\" height=\"105\" srcset=\"https:\/\/explora.cl\/rmnorte\/wp-content\/uploads\/sites\/11\/2023\/06\/convocatoria-laboratorios-boton-23-300x105.png 300w, https:\/\/explora.cl\/rmnorte\/wp-content\/uploads\/sites\/11\/2023\/06\/convocatoria-laboratorios-boton-23-768x269.png 768w, https:\/\/explora.cl\/rmnorte\/wp-content\/uploads\/sites\/11\/2023\/06\/convocatoria-laboratorios-boton-23-1024x359.png 1024w, https:\/\/explora.cl\/rmnorte\/wp-content\/uploads\/sites\/11\/2023\/06\/convocatoria-laboratorios-boton-23.png 1170w\" sizes=\"(max-width: 300px) 100vw, 300px\" \/><\/a><a href=\"https:\/\/explora.cl\/rmnorte\/wp-content\/uploads\/sites\/11\/2023\/06\/1.-Ficha-de-inscripci\u00f3nLaboratorios-Itinerantes-CuriosasMentes.docx\"><img decoding=\"async\" class=\"alignleft size-medium wp-image-41999\" src=\"https:\/\/explora.cl\/rmnorte\/wp-content\/uploads\/sites\/11\/2023\/06\/convocatoria-laboratorios-formulario-boton-300x105.png\" alt=\"\" width=\"300\" height=\"105\" srcset=\"https:\/\/explora.cl\/rmnorte\/wp-content\/uploads\/sites\/11\/2023\/06\/convocatoria-laboratorios-formulario-boton-300x105.png 300w, https:\/\/explora.cl\/rmnorte\/wp-content\/uploads\/sites\/11\/2023\/06\/convocatoria-laboratorios-formulario-boton-768x269.png 768w, https:\/\/explora.cl\/rmnorte\/wp-content\/uploads\/sites\/11\/2023\/06\/convocatoria-laboratorios-formulario-boton-1024x359.png 1024w, https:\/\/explora.cl\/rmnorte\/wp-content\/uploads\/sites\/11\/2023\/06\/convocatoria-laboratorios-formulario-boton.png 1170w\" sizes=\"(max-width: 300px) 100vw, 300px\" \/><\/a><\/p>\n<p style=\"font-weight: 400\"><img loading=\"lazy\" decoding=\"async\" class=\"alignleft wp-image-42013\" src=\"https:\/\/explora.cl\/rmnorte\/wp-content\/uploads\/sites\/11\/2023\/06\/Curiosasmentes-2023-charlas-banner-300x273.png\" alt=\"\" width=\"460\" height=\"419\" srcset=\"https:\/\/explora.cl\/rmnorte\/wp-content\/uploads\/sites\/11\/2023\/06\/Curiosasmentes-2023-charlas-banner-300x273.png 300w, https:\/\/explora.cl\/rmnorte\/wp-content\/uploads\/sites\/11\/2023\/06\/Curiosasmentes-2023-charlas-banner-768x699.png 768w, https:\/\/explora.cl\/rmnorte\/wp-content\/uploads\/sites\/11\/2023\/06\/Curiosasmentes-2023-charlas-banner-1024x932.png 1024w, https:\/\/explora.cl\/rmnorte\/wp-content\/uploads\/sites\/11\/2023\/06\/Curiosasmentes-2023-charlas-banner.png 1080w\" sizes=\"(max-width: 460px) 100vw, 460px\" \/><\/p>\n<p>&nbsp;<\/p>\n<p>&nbsp;<\/p>\n<p>&nbsp;<\/p>\n<p>&nbsp;<\/p>\n<p>&nbsp;<\/p>\n<p>&nbsp;<\/p>\n<p>&nbsp;<\/p>\n<p>&nbsp;<\/p>\n<p>&nbsp;<\/p>\n<p>&nbsp;<\/p>\n<p>&nbsp;<\/p>\n<p>&nbsp;<\/p>\n<p style=\"font-weight: 400\">Las \u201cCharlas CuriosasMentes\u201d invitan a profesionales del mundo de la investigaci\u00f3n y\/o innovaci\u00f3n, a dejar el campo de acci\u00f3n propio de su vida laboral, para ir de manera presencial a los establecimientos educacionales y jardines infantiles de la zona norte de la Regi\u00f3n Metropolitana. Esto, con el fin de compartir experiencias por medio de una conversaci\u00f3n entre ellos\/as y las comunidades educativas. A trav\u00e9s de esta instancia, los\/las profesionales pueden compartir experiencias tanto personales como profesionales (por ejemplo: pueden argumentar las razones que les llevaron a ser cient\u00edficos y cient\u00edficas y\/o presentar sus investigaciones en un lenguaje apropiado a la comunidad educativa), contribuyendo con ello a despertar la curiosidad y el inter\u00e9s por tem\u00e1ticas vinculadas a la CTCI.<\/p>\n<p style=\"font-weight: 400\">Para ello, se deber\u00e1:<\/p>\n<ul>\n<li style=\"font-weight: 400\">Completar el formulario de inscripci\u00f3n, en el que deber\u00e1 dar cuenta de la tem\u00e1tica de su charla: <a href=\"https:\/\/n9.cl\/charlascuriosasmentes\" data-saferedirecturl=\"https:\/\/www.google.com\/url?q=https:\/\/n9.cl\/charlascuriosasmentes&amp;source=gmail&amp;ust=1686672795020000&amp;usg=AOvVaw0CMRCZe7qAsLtFCAS0-mA6\">https:\/\/n9.cl\/charlascuriosasmentes<\/a><\/li>\n<li style=\"font-weight: 400\">Posteriormente, v\u00eda correo electr\u00f3nico se informar\u00e1 cuando la charla sea aceptada y puesta a disposici\u00f3n de las comunidades educativas.<\/li>\n<li style=\"font-weight: 400\">Posteriormente se iniciar\u00e1 el proceso de convocatoria y selecci\u00f3n de los establecimientos educacionales y jardines infantiles, para su posterior coordinaci\u00f3n.<\/li>\n<\/ul>\n<p><a href=\"https:\/\/docs.google.com\/forms\/d\/e\/1FAIpQLScuaKJVoDdZgnlrXnahhVOY-sXYybfWRjEUe5CuI_nPwkIc2w\/viewform?pli=1\" target=\"_blank\" rel=\"noopener noreferrer\"><img loading=\"lazy\" decoding=\"async\" class=\"alignleft size-medium wp-image-42050\" src=\"https:\/\/explora.cl\/rmnorte\/wp-content\/uploads\/sites\/11\/2023\/06\/convocatoria-charlas-formulario-300x105.png\" alt=\"\" width=\"300\" height=\"105\" srcset=\"https:\/\/explora.cl\/rmnorte\/wp-content\/uploads\/sites\/11\/2023\/06\/convocatoria-charlas-formulario-300x105.png 300w, https:\/\/explora.cl\/rmnorte\/wp-content\/uploads\/sites\/11\/2023\/06\/convocatoria-charlas-formulario-768x269.png 768w, https:\/\/explora.cl\/rmnorte\/wp-content\/uploads\/sites\/11\/2023\/06\/convocatoria-charlas-formulario-1024x359.png 1024w, https:\/\/explora.cl\/rmnorte\/wp-content\/uploads\/sites\/11\/2023\/06\/convocatoria-charlas-formulario.png 1170w\" sizes=\"(max-width: 300px) 100vw, 300px\" \/><\/a><\/p>\n<p><a href=\"https:\/\/explora.cl\/rmnorte\/wp-content\/uploads\/sites\/11\/2023\/06\/2.-Convocatoria-Charlas-CuriosasMentes.pdf\" target=\"_blank\" rel=\"noopener noreferrer\"><img loading=\"lazy\" decoding=\"async\" class=\"size-medium wp-image-42002 alignnone\" src=\"https:\/\/explora.cl\/rmnorte\/wp-content\/uploads\/sites\/11\/2023\/06\/convocatoria-charlas-boton-23-300x105.png\" alt=\"\" width=\"300\" height=\"105\" srcset=\"https:\/\/explora.cl\/rmnorte\/wp-content\/uploads\/sites\/11\/2023\/06\/convocatoria-charlas-boton-23-300x105.png 300w, https:\/\/explora.cl\/rmnorte\/wp-content\/uploads\/sites\/11\/2023\/06\/convocatoria-charlas-boton-23-768x269.png 768w, https:\/\/explora.cl\/rmnorte\/wp-content\/uploads\/sites\/11\/2023\/06\/convocatoria-charlas-boton-23-1024x359.png 1024w, https:\/\/explora.cl\/rmnorte\/wp-content\/uploads\/sites\/11\/2023\/06\/convocatoria-charlas-boton-23.png 1170w\" sizes=\"(max-width: 300px) 100vw, 300px\" \/><\/a><\/p>\n<p>&nbsp;<\/p>\n<p><img loading=\"lazy\" decoding=\"async\" class=\"alignleft wp-image-42016\" src=\"https:\/\/explora.cl\/rmnorte\/wp-content\/uploads\/sites\/11\/2023\/06\/Curiosasmentes-2023-banner-mola-300x273.png\" alt=\"\" width=\"460\" height=\"419\" srcset=\"https:\/\/explora.cl\/rmnorte\/wp-content\/uploads\/sites\/11\/2023\/06\/Curiosasmentes-2023-banner-mola-300x273.png 300w, https:\/\/explora.cl\/rmnorte\/wp-content\/uploads\/sites\/11\/2023\/06\/Curiosasmentes-2023-banner-mola-768x699.png 768w, https:\/\/explora.cl\/rmnorte\/wp-content\/uploads\/sites\/11\/2023\/06\/Curiosasmentes-2023-banner-mola-1024x932.png 1024w, https:\/\/explora.cl\/rmnorte\/wp-content\/uploads\/sites\/11\/2023\/06\/Curiosasmentes-2023-banner-mola.png 1080w\" sizes=\"(max-width: 460px) 100vw, 460px\" \/><\/p>\n<p>&nbsp;<\/p>\n<p>&nbsp;<\/p>\n<p>&nbsp;<\/p>\n<p>&nbsp;<\/p>\n<p>&nbsp;<\/p>\n<p>&nbsp;<\/p>\n<p>&nbsp;<\/p>\n<p>&nbsp;<\/p>\n<p>&nbsp;<\/p>\n<p>&nbsp;<\/p>\n<p>&nbsp;<\/p>\n<p>&nbsp;<\/p>\n<p style=\"font-weight: 400\"><strong>Museos, Observatorios y Laboratorios abiertos (MOLA): CuriosasMentes\u00a0<\/strong>es una actividad que busca que las instituciones vinculadas al desarrollo de Ciencia, Tecnolog\u00eda, Innovaci\u00f3n, Educaci\u00f3n y Cultura abran sus puertas de forma gratuita a la comunidad escolar, a fin de acercar la CTCI a ni\u00f1os, ni\u00f1as y adolescentes de diversos establecimientos educacionales y jardines infantiles. Estas visitas ser\u00e1n planificadas para realizarse entre el 20 y el 26 de octubre.<\/p>\n<ol>\n<li style=\"font-weight: 400\">Completar el formulario de inscripci\u00f3n y enviar a Paula Meri\u00f1o al correo <a href=\"mailto:paulamerino@accdis.cl\">paulamerino@accdis.cl<\/a><\/li>\n<li style=\"font-weight: 400\">Posteriormente se iniciar\u00e1 el proceso de convocatoria y selecci\u00f3n de los establecimientos educacionales y jardines infantiles que deseen participar de la iniciativa.<\/li>\n<li style=\"font-weight: 400\">Coordinaci\u00f3n de las visitas desde el 20 al 26 de octubre del 2023.<\/li>\n<\/ol>\n<p><a href=\"https:\/\/explora.cl\/rmnorte\/wp-content\/uploads\/sites\/11\/2023\/06\/3.-Convocatoria-MOLA-CuriosasMentes.pdf\" target=\"_blank\" rel=\"noopener noreferrer\"><img loading=\"lazy\" decoding=\"async\" class=\"alignleft size-medium wp-image-42003\" src=\"https:\/\/explora.cl\/rmnorte\/wp-content\/uploads\/sites\/11\/2023\/06\/convocatoria-mola-boton-300x105.png\" alt=\"\" width=\"300\" height=\"105\" srcset=\"https:\/\/explora.cl\/rmnorte\/wp-content\/uploads\/sites\/11\/2023\/06\/convocatoria-mola-boton-300x105.png 300w, https:\/\/explora.cl\/rmnorte\/wp-content\/uploads\/sites\/11\/2023\/06\/convocatoria-mola-boton-768x269.png 768w, https:\/\/explora.cl\/rmnorte\/wp-content\/uploads\/sites\/11\/2023\/06\/convocatoria-mola-boton-1024x359.png 1024w, https:\/\/explora.cl\/rmnorte\/wp-content\/uploads\/sites\/11\/2023\/06\/convocatoria-mola-boton.png 1170w\" sizes=\"(max-width: 300px) 100vw, 300px\" \/><\/a><\/p>\n<p><a href=\"https:\/\/explora.cl\/rmnorte\/wp-content\/uploads\/sites\/11\/2023\/06\/3.-Ficha-de-Inscripci\u00f3n-MOLA-CuriosasMentes.docx\"><img loading=\"lazy\" decoding=\"async\" class=\"alignleft size-medium wp-image-42005\" src=\"https:\/\/explora.cl\/rmnorte\/wp-content\/uploads\/sites\/11\/2023\/06\/convocatoria-mola-formulario-boton-1-300x105.png\" alt=\"\" width=\"300\" height=\"105\" srcset=\"https:\/\/explora.cl\/rmnorte\/wp-content\/uploads\/sites\/11\/2023\/06\/convocatoria-mola-formulario-boton-1-300x105.png 300w, https:\/\/explora.cl\/rmnorte\/wp-content\/uploads\/sites\/11\/2023\/06\/convocatoria-mola-formulario-boton-1-768x269.png 768w, https:\/\/explora.cl\/rmnorte\/wp-content\/uploads\/sites\/11\/2023\/06\/convocatoria-mola-formulario-boton-1-1024x359.png 1024w, https:\/\/explora.cl\/rmnorte\/wp-content\/uploads\/sites\/11\/2023\/06\/convocatoria-mola-formulario-boton-1.png 1170w\" sizes=\"(max-width: 300px) 100vw, 300px\" \/><\/a><\/p>\n<p>&nbsp;<\/p>\n<p>&nbsp;<\/p>\n<p>&nbsp;<\/p>\n<p>&nbsp;<\/p>\n<p style=\"font-weight: 400\"><strong>PLAZOS<\/strong><\/p>\n<ul>\n<li style=\"font-weight: 400\">Convocatoria: El plazo de las presentes convocatorias es hasta el 7 de julio del 2023.<\/li>\n<\/ul>\n<p style=\"font-weight: 400\">CONSULTAS<\/p>\n<ul>\n<li style=\"font-weight: 400\">Las consultas que surjan respecto a la postulaci\u00f3n deben ser realizadas v\u00eda correo electr\u00f3nico a Paula Meri\u00f1o, al correo electr\u00f3nico <a href=\"mailto:paulamerino@accdis.cl\">paulamerino@accdis.cl<\/a><\/li>\n<\/ul>\n<p style=\"font-weight: 400\">Los establecimientos educacionales, comunidades educativas y jardines infantiles, podr\u00e1n inscribirse en las actividades que forman parte de CuriosasMentes desde el 17 julio hasta el 3 de agosto. Convocatoria dirigida a las 20 comunas que conforman el PAR Explora RM Norte: \u00a0Cerro Navia, Colina, Conchal\u00ed, Curacav\u00ed, Huechuraba, Independencia, Lampa, Las Condes, Lo Barnechea, Lo Prado, Mar\u00eda Pinto, Padre Hurtado, Providencia, Pudahuel, Quilicura, Quinta Normal, Recoleta, Renca, Tiltil, Vitacura.<\/p>\n<p>&nbsp;<\/p>\n<p><img loading=\"lazy\" decoding=\"async\" class=\"alignleft wp-image-42031 size-large\" src=\"https:\/\/explora.cl\/rmnorte\/wp-content\/uploads\/sites\/11\/2023\/06\/Curiosasmentes-2023-1-819x1024.jpg\" alt=\"\" width=\"819\" height=\"1024\" srcset=\"https:\/\/explora.cl\/rmnorte\/wp-content\/uploads\/sites\/11\/2023\/06\/Curiosasmentes-2023-1-819x1024.jpg 819w, https:\/\/explora.cl\/rmnorte\/wp-content\/uploads\/sites\/11\/2023\/06\/Curiosasmentes-2023-1-240x300.jpg 240w, https:\/\/explora.cl\/rmnorte\/wp-content\/uploads\/sites\/11\/2023\/06\/Curiosasmentes-2023-1-768x960.jpg 768w, https:\/\/explora.cl\/rmnorte\/wp-content\/uploads\/sites\/11\/2023\/06\/Curiosasmentes-2023-1.jpg 1080w\" sizes=\"(max-width: 819px) 100vw, 819px\" \/><\/p>\n","protected":false},"excerpt":{"rendered":"<p>Invitamos a los\/as investigadores\/as y profesionales de las ciencias sociales, naturales, innovaci\u00f3n e investigaci\u00f3n en artes y humanidades, a presentar sus propuestas y participar en las diversas experiencias de CuriosasMentes: charlas, laboratorios itinerantes y museos, observatorios y laboratorios abiertos.<\/p>\n","protected":false},"author":26,"featured_media":41988,"comment_status":"open","ping_status":"open","sticky":false,"template":"","format":"standard","meta":{"_acf_changed":false,"_exactmetrics_skip_tracking":false,"_exactmetrics_sitenote_active":false,"_exactmetrics_sitenote_note":"","_exactmetrics_sitenote_category":0,"footnotes":"","_links_to":"","_links_to_target":""},"categories":[151],"tags":[],"class_list":["post-41987","post","type-post","status-publish","format-standard","has-post-thumbnail","hentry","category-banner"],"acf":[],"yoast_head":"<!-- This site is optimized with the Yoast SEO plugin v26.9 - https:\/\/yoast.com\/product\/yoast-seo-wordpress\/ -->\n<title>\u00a1Atenci\u00f3n Comunidad CTCI! Ya pueden ser parte de CuriosasMentes - RM Norte<\/title>\n<meta name=\"robots\" content=\"index, follow, max-snippet:-1, max-image-preview:large, max-video-preview:-1\" \/>\n<link rel=\"canonical\" href=\"https:\/\/explora.cl\/rmnorte\/atencion-comunidad-ctci-ya-pueden-ser-parte-de-curiosasmentes\/\" class=\"yoast-seo-meta-tag\" \/>\n<meta property=\"og:locale\" content=\"es_ES\" class=\"yoast-seo-meta-tag\" \/>\n<meta property=\"og:type\" content=\"article\" class=\"yoast-seo-meta-tag\" \/>\n<meta property=\"og:title\" content=\"\u00a1Atenci\u00f3n Comunidad CTCI! Ya pueden ser parte de CuriosasMentes - RM Norte\" class=\"yoast-seo-meta-tag\" \/>\n<meta property=\"og:description\" content=\"Invitamos a los\/as investigadores\/as y profesionales de las ciencias sociales, naturales, innovaci\u00f3n e investigaci\u00f3n en artes y humanidades, a presentar sus propuestas y participar en las diversas experiencias de CuriosasMentes: charlas, laboratorios itinerantes y museos, observatorios y laboratorios abiertos.\" class=\"yoast-seo-meta-tag\" \/>\n<meta property=\"og:url\" content=\"https:\/\/explora.cl\/rmnorte\/atencion-comunidad-ctci-ya-pueden-ser-parte-de-curiosasmentes\/\" class=\"yoast-seo-meta-tag\" \/>\n<meta property=\"og:site_name\" content=\"RM Norte\" class=\"yoast-seo-meta-tag\" \/>\n<meta property=\"article:published_time\" content=\"2023-06-12T20:29:31+00:00\" class=\"yoast-seo-meta-tag\" \/>\n<meta property=\"article:modified_time\" content=\"2023-07-12T20:09:38+00:00\" class=\"yoast-seo-meta-tag\" \/>\n<meta property=\"og:image\" content=\"https:\/\/explora.cl\/rmnorte\/wp-content\/uploads\/sites\/11\/2023\/06\/Curiosasmentes-2023-banner-web.png\" class=\"yoast-seo-meta-tag\" \/>\n\t<meta property=\"og:image:width\" content=\"1024\" class=\"yoast-seo-meta-tag\" \/>\n\t<meta property=\"og:image:height\" content=\"682\" class=\"yoast-seo-meta-tag\" \/>\n\t<meta property=\"og:image:type\" content=\"image\/png\" class=\"yoast-seo-meta-tag\" \/>\n<meta name=\"author\" content=\"dgarcia\" class=\"yoast-seo-meta-tag\" \/>\n<meta name=\"twitter:card\" content=\"summary_large_image\" class=\"yoast-seo-meta-tag\" \/>\n<meta name=\"twitter:label1\" content=\"Escrito por\" class=\"yoast-seo-meta-tag\" \/>\n\t<meta name=\"twitter:data1\" content=\"dgarcia\" class=\"yoast-seo-meta-tag\" \/>\n\t<meta name=\"twitter:label2\" content=\"Tiempo estimado de lectura\" class=\"yoast-seo-meta-tag\" \/>\n\t<meta name=\"twitter:data2\" content=\"4 minutos\" class=\"yoast-seo-meta-tag\" \/>\n<script type=\"application\/ld+json\" class=\"yoast-schema-graph\">{\"@context\":\"https:\/\/schema.org\",\"@graph\":[{\"@type\":\"Article\",\"@id\":\"https:\/\/explora.cl\/rmnorte\/atencion-comunidad-ctci-ya-pueden-ser-parte-de-curiosasmentes\/#article\",\"isPartOf\":{\"@id\":\"https:\/\/explora.cl\/rmnorte\/atencion-comunidad-ctci-ya-pueden-ser-parte-de-curiosasmentes\/\"},\"author\":{\"name\":\"dgarcia\",\"@id\":\"https:\/\/explora.cl\/rmnorte\/#\/schema\/person\/4ad985b29a183eab4170892260e133a5\"},\"headline\":\"\u00a1Atenci\u00f3n Comunidad CTCI! Ya pueden ser parte de CuriosasMentes\",\"datePublished\":\"2023-06-12T20:29:31+00:00\",\"dateModified\":\"2023-07-12T20:09:38+00:00\",\"mainEntityOfPage\":{\"@id\":\"https:\/\/explora.cl\/rmnorte\/atencion-comunidad-ctci-ya-pueden-ser-parte-de-curiosasmentes\/\"},\"wordCount\":792,\"commentCount\":0,\"image\":{\"@id\":\"https:\/\/explora.cl\/rmnorte\/atencion-comunidad-ctci-ya-pueden-ser-parte-de-curiosasmentes\/#primaryimage\"},\"thumbnailUrl\":\"https:\/\/explora.cl\/rmnorte\/wp-content\/uploads\/sites\/11\/2023\/06\/Curiosasmentes-2023-banner-web.png\",\"articleSection\":[\"Banner\"],\"inLanguage\":\"es-CL\",\"potentialAction\":[{\"@type\":\"CommentAction\",\"name\":\"Comment\",\"target\":[\"https:\/\/explora.cl\/rmnorte\/atencion-comunidad-ctci-ya-pueden-ser-parte-de-curiosasmentes\/#respond\"]}]},{\"@type\":\"WebPage\",\"@id\":\"https:\/\/explora.cl\/rmnorte\/atencion-comunidad-ctci-ya-pueden-ser-parte-de-curiosasmentes\/\",\"url\":\"https:\/\/explora.cl\/rmnorte\/atencion-comunidad-ctci-ya-pueden-ser-parte-de-curiosasmentes\/\",\"name\":\"\u00a1Atenci\u00f3n Comunidad CTCI! Ya pueden ser parte de CuriosasMentes - RM Norte\",\"isPartOf\":{\"@id\":\"https:\/\/explora.cl\/rmnorte\/#website\"},\"primaryImageOfPage\":{\"@id\":\"https:\/\/explora.cl\/rmnorte\/atencion-comunidad-ctci-ya-pueden-ser-parte-de-curiosasmentes\/#primaryimage\"},\"image\":{\"@id\":\"https:\/\/explora.cl\/rmnorte\/atencion-comunidad-ctci-ya-pueden-ser-parte-de-curiosasmentes\/#primaryimage\"},\"thumbnailUrl\":\"https:\/\/explora.cl\/rmnorte\/wp-content\/uploads\/sites\/11\/2023\/06\/Curiosasmentes-2023-banner-web.png\",\"datePublished\":\"2023-06-12T20:29:31+00:00\",\"dateModified\":\"2023-07-12T20:09:38+00:00\",\"author\":{\"@id\":\"https:\/\/explora.cl\/rmnorte\/#\/schema\/person\/4ad985b29a183eab4170892260e133a5\"},\"breadcrumb\":{\"@id\":\"https:\/\/explora.cl\/rmnorte\/atencion-comunidad-ctci-ya-pueden-ser-parte-de-curiosasmentes\/#breadcrumb\"},\"inLanguage\":\"es-CL\",\"potentialAction\":[{\"@type\":\"ReadAction\",\"target\":[\"https:\/\/explora.cl\/rmnorte\/atencion-comunidad-ctci-ya-pueden-ser-parte-de-curiosasmentes\/\"]}]},{\"@type\":\"ImageObject\",\"inLanguage\":\"es-CL\",\"@id\":\"https:\/\/explora.cl\/rmnorte\/atencion-comunidad-ctci-ya-pueden-ser-parte-de-curiosasmentes\/#primaryimage\",\"url\":\"https:\/\/explora.cl\/rmnorte\/wp-content\/uploads\/sites\/11\/2023\/06\/Curiosasmentes-2023-banner-web.png\",\"contentUrl\":\"https:\/\/explora.cl\/rmnorte\/wp-content\/uploads\/sites\/11\/2023\/06\/Curiosasmentes-2023-banner-web.png\",\"width\":1024,\"height\":682},{\"@type\":\"BreadcrumbList\",\"@id\":\"https:\/\/explora.cl\/rmnorte\/atencion-comunidad-ctci-ya-pueden-ser-parte-de-curiosasmentes\/#breadcrumb\",\"itemListElement\":[{\"@type\":\"ListItem\",\"position\":1,\"name\":\"Portada\",\"item\":\"https:\/\/explora.cl\/rmnorte\/\"},{\"@type\":\"ListItem\",\"position\":2,\"name\":\"\u00a1Atenci\u00f3n Comunidad CTCI! Ya pueden ser parte de CuriosasMentes\"}]},{\"@type\":\"WebSite\",\"@id\":\"https:\/\/explora.cl\/rmnorte\/#website\",\"url\":\"https:\/\/explora.cl\/rmnorte\/\",\"name\":\"RM Norte\",\"description\":\"RM Norte explora.cl\",\"potentialAction\":[{\"@type\":\"SearchAction\",\"target\":{\"@type\":\"EntryPoint\",\"urlTemplate\":\"https:\/\/explora.cl\/rmnorte\/?s={search_term_string}\"},\"query-input\":{\"@type\":\"PropertyValueSpecification\",\"valueRequired\":true,\"valueName\":\"search_term_string\"}}],\"inLanguage\":\"es-CL\"},{\"@type\":\"Person\",\"@id\":\"https:\/\/explora.cl\/rmnorte\/#\/schema\/person\/4ad985b29a183eab4170892260e133a5\",\"name\":\"dgarcia\",\"image\":{\"@type\":\"ImageObject\",\"inLanguage\":\"es-CL\",\"@id\":\"https:\/\/explora.cl\/rmnorte\/#\/schema\/person\/image\/\",\"url\":\"https:\/\/secure.gravatar.com\/avatar\/06e2fd9f68a0c19cd669ddc183de83489acab601aa57958e0f60175e5013e6b7?s=96&d=mm&r=g\",\"contentUrl\":\"https:\/\/secure.gravatar.com\/avatar\/06e2fd9f68a0c19cd669ddc183de83489acab601aa57958e0f60175e5013e6b7?s=96&d=mm&r=g\",\"caption\":\"dgarcia\"},\"url\":\"https:\/\/explora.cl\/rmnorte\/author\/dgarcia\/\"}]}<\/script>\n<!-- \/ Yoast SEO plugin. -->","yoast_head_json":{"title":"\u00a1Atenci\u00f3n Comunidad CTCI! Ya pueden ser parte de CuriosasMentes - RM Norte","robots":{"index":"index","follow":"follow","max-snippet":"max-snippet:-1","max-image-preview":"max-image-preview:large","max-video-preview":"max-video-preview:-1"},"canonical":"https:\/\/explora.cl\/rmnorte\/atencion-comunidad-ctci-ya-pueden-ser-parte-de-curiosasmentes\/","og_locale":"es_ES","og_type":"article","og_title":"\u00a1Atenci\u00f3n Comunidad CTCI! Ya pueden ser parte de CuriosasMentes - RM Norte","og_description":"Invitamos a los\/as investigadores\/as y profesionales de las ciencias sociales, naturales, innovaci\u00f3n e investigaci\u00f3n en artes y humanidades, a presentar sus propuestas y participar en las diversas experiencias de CuriosasMentes: charlas, laboratorios itinerantes y museos, observatorios y laboratorios abiertos.","og_url":"https:\/\/explora.cl\/rmnorte\/atencion-comunidad-ctci-ya-pueden-ser-parte-de-curiosasmentes\/","og_site_name":"RM Norte","article_published_time":"2023-06-12T20:29:31+00:00","article_modified_time":"2023-07-12T20:09:38+00:00","og_image":[{"width":1024,"height":682,"url":"https:\/\/explora.cl\/rmnorte\/wp-content\/uploads\/sites\/11\/2023\/06\/Curiosasmentes-2023-banner-web.png","type":"image\/png"}],"author":"dgarcia","twitter_card":"summary_large_image","twitter_misc":{"Escrito por":"dgarcia","Tiempo estimado de lectura":"4 minutos"},"schema":{"@context":"https:\/\/schema.org","@graph":[{"@type":"Article","@id":"https:\/\/explora.cl\/rmnorte\/atencion-comunidad-ctci-ya-pueden-ser-parte-de-curiosasmentes\/#article","isPartOf":{"@id":"https:\/\/explora.cl\/rmnorte\/atencion-comunidad-ctci-ya-pueden-ser-parte-de-curiosasmentes\/"},"author":{"name":"dgarcia","@id":"https:\/\/explora.cl\/rmnorte\/#\/schema\/person\/4ad985b29a183eab4170892260e133a5"},"headline":"\u00a1Atenci\u00f3n Comunidad CTCI! Ya pueden ser parte de CuriosasMentes","datePublished":"2023-06-12T20:29:31+00:00","dateModified":"2023-07-12T20:09:38+00:00","mainEntityOfPage":{"@id":"https:\/\/explora.cl\/rmnorte\/atencion-comunidad-ctci-ya-pueden-ser-parte-de-curiosasmentes\/"},"wordCount":792,"commentCount":0,"image":{"@id":"https:\/\/explora.cl\/rmnorte\/atencion-comunidad-ctci-ya-pueden-ser-parte-de-curiosasmentes\/#primaryimage"},"thumbnailUrl":"https:\/\/explora.cl\/rmnorte\/wp-content\/uploads\/sites\/11\/2023\/06\/Curiosasmentes-2023-banner-web.png","articleSection":["Banner"],"inLanguage":"es-CL","potentialAction":[{"@type":"CommentAction","name":"Comment","target":["https:\/\/explora.cl\/rmnorte\/atencion-comunidad-ctci-ya-pueden-ser-parte-de-curiosasmentes\/#respond"]}]},{"@type":"WebPage","@id":"https:\/\/explora.cl\/rmnorte\/atencion-comunidad-ctci-ya-pueden-ser-parte-de-curiosasmentes\/","url":"https:\/\/explora.cl\/rmnorte\/atencion-comunidad-ctci-ya-pueden-ser-parte-de-curiosasmentes\/","name":"\u00a1Atenci\u00f3n Comunidad CTCI! Ya pueden ser parte de CuriosasMentes - RM Norte","isPartOf":{"@id":"https:\/\/explora.cl\/rmnorte\/#website"},"primaryImageOfPage":{"@id":"https:\/\/explora.cl\/rmnorte\/atencion-comunidad-ctci-ya-pueden-ser-parte-de-curiosasmentes\/#primaryimage"},"image":{"@id":"https:\/\/explora.cl\/rmnorte\/atencion-comunidad-ctci-ya-pueden-ser-parte-de-curiosasmentes\/#primaryimage"},"thumbnailUrl":"https:\/\/explora.cl\/rmnorte\/wp-content\/uploads\/sites\/11\/2023\/06\/Curiosasmentes-2023-banner-web.png","datePublished":"2023-06-12T20:29:31+00:00","dateModified":"2023-07-12T20:09:38+00:00","author":{"@id":"https:\/\/explora.cl\/rmnorte\/#\/schema\/person\/4ad985b29a183eab4170892260e133a5"},"breadcrumb":{"@id":"https:\/\/explora.cl\/rmnorte\/atencion-comunidad-ctci-ya-pueden-ser-parte-de-curiosasmentes\/#breadcrumb"},"inLanguage":"es-CL","potentialAction":[{"@type":"ReadAction","target":["https:\/\/explora.cl\/rmnorte\/atencion-comunidad-ctci-ya-pueden-ser-parte-de-curiosasmentes\/"]}]},{"@type":"ImageObject","inLanguage":"es-CL","@id":"https:\/\/explora.cl\/rmnorte\/atencion-comunidad-ctci-ya-pueden-ser-parte-de-curiosasmentes\/#primaryimage","url":"https:\/\/explora.cl\/rmnorte\/wp-content\/uploads\/sites\/11\/2023\/06\/Curiosasmentes-2023-banner-web.png","contentUrl":"https:\/\/explora.cl\/rmnorte\/wp-content\/uploads\/sites\/11\/2023\/06\/Curiosasmentes-2023-banner-web.png","width":1024,"height":682},{"@type":"BreadcrumbList","@id":"https:\/\/explora.cl\/rmnorte\/atencion-comunidad-ctci-ya-pueden-ser-parte-de-curiosasmentes\/#breadcrumb","itemListElement":[{"@type":"ListItem","position":1,"name":"Portada","item":"https:\/\/explora.cl\/rmnorte\/"},{"@type":"ListItem","position":2,"name":"\u00a1Atenci\u00f3n Comunidad CTCI! Ya pueden ser parte de CuriosasMentes"}]},{"@type":"WebSite","@id":"https:\/\/explora.cl\/rmnorte\/#website","url":"https:\/\/explora.cl\/rmnorte\/","name":"RM Norte","description":"RM Norte explora.cl","potentialAction":[{"@type":"SearchAction","target":{"@type":"EntryPoint","urlTemplate":"https:\/\/explora.cl\/rmnorte\/?s={search_term_string}"},"query-input":{"@type":"PropertyValueSpecification","valueRequired":true,"valueName":"search_term_string"}}],"inLanguage":"es-CL"},{"@type":"Person","@id":"https:\/\/explora.cl\/rmnorte\/#\/schema\/person\/4ad985b29a183eab4170892260e133a5","name":"dgarcia","image":{"@type":"ImageObject","inLanguage":"es-CL","@id":"https:\/\/explora.cl\/rmnorte\/#\/schema\/person\/image\/","url":"https:\/\/secure.gravatar.com\/avatar\/06e2fd9f68a0c19cd669ddc183de83489acab601aa57958e0f60175e5013e6b7?s=96&d=mm&r=g","contentUrl":"https:\/\/secure.gravatar.com\/avatar\/06e2fd9f68a0c19cd669ddc183de83489acab601aa57958e0f60175e5013e6b7?s=96&d=mm&r=g","caption":"dgarcia"},"url":"https:\/\/explora.cl\/rmnorte\/author\/dgarcia\/"}]}},"_links":{"self":[{"href":"https:\/\/explora.cl\/rmnorte\/wp-json\/wp\/v2\/posts\/41987","targetHints":{"allow":["GET"]}}],"collection":[{"href":"https:\/\/explora.cl\/rmnorte\/wp-json\/wp\/v2\/posts"}],"about":[{"href":"https:\/\/explora.cl\/rmnorte\/wp-json\/wp\/v2\/types\/post"}],"author":[{"embeddable":true,"href":"https:\/\/explora.cl\/rmnorte\/wp-json\/wp\/v2\/users\/26"}],"replies":[{"embeddable":true,"href":"https:\/\/explora.cl\/rmnorte\/wp-json\/wp\/v2\/comments?post=41987"}],"version-history":[{"count":17,"href":"https:\/\/explora.cl\/rmnorte\/wp-json\/wp\/v2\/posts\/41987\/revisions"}],"predecessor-version":[{"id":42053,"href":"https:\/\/explora.cl\/rmnorte\/wp-json\/wp\/v2\/posts\/41987\/revisions\/42053"}],"wp:featuredmedia":[{"embeddable":true,"href":"https:\/\/explora.cl\/rmnorte\/wp-json\/wp\/v2\/media\/41988"}],"wp:attachment":[{"href":"https:\/\/explora.cl\/rmnorte\/wp-json\/wp\/v2\/media?parent=41987"}],"wp:term":[{"taxonomy":"category","embeddable":true,"href":"https:\/\/explora.cl\/rmnorte\/wp-json\/wp\/v2\/categories?post=41987"},{"taxonomy":"post_tag","embeddable":true,"href":"https:\/\/explora.cl\/rmnorte\/wp-json\/wp\/v2\/tags?post=41987"}],"curies":[{"name":"wp","href":"https:\/\/api.w.org\/{rel}","templated":true}]}}