{"id":41962,"date":"2023-06-08T17:25:52","date_gmt":"2023-06-08T21:25:52","guid":{"rendered":"https:\/\/explora.cl\/rmnorte\/?p=41962"},"modified":"2023-07-19T17:41:18","modified_gmt":"2023-07-19T21:41:18","slug":"convocatoria-abierta-para-participar-en-mini-clubes-exploradors-2023","status":"publish","type":"post","link":"https:\/\/explora.cl\/rmnorte\/convocatoria-abierta-para-participar-en-mini-clubes-exploradors-2023\/","title":{"rendered":"\u00a1Convocatoria abierta para participar en Mini clubes Explorador@s 2023!"},"content":{"rendered":"<p><span style=\"font-family: georgia, serif;font-size: large\"><b>Si eres docente de un establecimiento educacional perteneciente a las 20 comunas de Explora Regi\u00f3n Metropolitana Norte<\/b>: Colina, Huechuraba, Padre Hurtado, Las Condes, Curacav\u00ed, Pudahuel, Quilicura, Recoleta, Renca, Mar\u00eda Pinto, Lo Barnechea, Providencia, Quinta Normal, Cerro Navia, Lo Prado,\u00a0 Tiltil, Vitacura, Conchal\u00ed, Independencia\u00a0 y\u00a0 Lampa, y\u00a0\u00a0<b>tienes estudiantes de 1ero a 4to b\u00e1sico\u00a0<\/b>interesados en participar de experiencias cient\u00edficas que les permitir\u00e1n en un futuro hacer proyectos escolares,\u00a0<b>postula a los Mini Explorador@s 2023, hasta el 20 de julio.<\/b><\/span><\/p>\n<p><span style=\"font-family: georgia, serif;font-size: large\">Esta es una iniciativa de Explora, dependiente del Ministerio de Ciencias, Tecnolog\u00eda, Conocimiento e Innovaci\u00f3n, que busca apoyar a docentes y estudiantes mediante capacitaciones, acompa\u00f1amiento y asignaci\u00f3n de asesores\/as cient\u00edficos\/as que les permitan, a trav\u00e9s de un ciclo indagatorio, desarrollar algunas competencias cient\u00edficas necesarias para llegar al comienzo de un proyecto de innovaci\u00f3n escolar: plantearse por s\u00ed mismos\/as una soluci\u00f3n a un problema detectado en sus comunidades escolares y que pueda llegar a desarrollarse m\u00e1s adelante. El contenido que se trabajar\u00e1 es\u00a0\u201cPatrimonio y Multiculturalidad\u201d\u00a0del \u00e1rea de Ciencias Sociales.<\/span><\/p>\n<p><span style=\"font-family: georgia, serif;font-size: large\">Objetivos Espec\u00edficos:<\/span><\/p>\n<p>&nbsp;<\/p>\n<ul>\n<li><span style=\"font-family: georgia, serif;font-size: large\">Capacitar a docentes en t\u00f3picos de indagaci\u00f3n, competencias cient\u00edficas, tem\u00e1ticas de patrimonio y multiculturalidad.<\/span><\/li>\n<li><span style=\"font-family: georgia, serif;font-size: large\">Co-dise\u00f1ar junto con los docentes experiencias cient\u00edficas indagatorias adecuadas para los distintos cursos de primer ciclo b\u00e1sico.<\/span><\/li>\n<li><span style=\"font-family: georgia, serif;font-size: large\">Fomentar el desarrollo de competencias cient\u00edficas y transversales en estudiantes.<\/span><\/li>\n<li><span style=\"font-family: georgia, serif;font-size: large\">Promover que los\/las estudiantes detecten problem\u00e1ticas sociales\/patrimoniales en sus comunidades y que realicen propuestas de soluci\u00f3n innovadoras.<\/span><\/li>\n<\/ul>\n<p>&nbsp;<\/p>\n<p><b><span style=\"font-family: georgia, serif;font-size: large\">\u00bfC\u00f3mo participar?<\/span><\/b><\/p>\n<p><span style=\"font-family: georgia, serif;font-size: large\">Para ser parte de la iniciativa, los equipos o clubes escolares deber\u00e1n\u00a0contar obligatoriamente con uno o m\u00e1s docente(s) a cargo que guiar\u00e1(n) al equipo en el desarrollo del proyecto.\u00a0 Los\/as estudiantes de los clubes deben pertenecer al mismo establecimiento del docente a cargo y deben estar cursando primer ciclo b\u00e1sico (1ero a 4to b\u00e1sico). Un Mini Club podr\u00e1 estar compuesto por estudiantes de distintos establecimientos y\/o instituciones educacionales siempre y cuando al menos una de estas instituciones resguarde el proceso (ejemplo: carta de respaldo institucional, registro de certificados de inhabilidades, protocolo con NNA, aspectos bio\u00e9ticos, entre otros). El n\u00famero m\u00ednimo de integrantes del equipo es de dos estudiantes (sin un m\u00e1ximo). En el caso de los establecimientos educacionales que sean mixtos, se solicita en medida de lo posible que exista paridad de g\u00e9nero en la constituci\u00f3n de los clubes.<\/span><\/p>\n<p><a href=\"https:\/\/explora.cl\/rmnorte\/wp-content\/uploads\/sites\/11\/2023\/06\/Bases-Mini-Explorador@s-2023-Explora-RMN.pdf\" target=\"_blank\" rel=\"noopener noreferrer\"><img decoding=\"async\" class=\"alignnone size-medium wp-image-41965\" src=\"https:\/\/explora.cl\/rmnorte\/wp-content\/uploads\/sites\/11\/2023\/06\/bases-boton-300x105.png\" alt=\"\" width=\"300\" height=\"105\" srcset=\"https:\/\/explora.cl\/rmnorte\/wp-content\/uploads\/sites\/11\/2023\/06\/bases-boton-300x105.png 300w, https:\/\/explora.cl\/rmnorte\/wp-content\/uploads\/sites\/11\/2023\/06\/bases-boton-768x269.png 768w, https:\/\/explora.cl\/rmnorte\/wp-content\/uploads\/sites\/11\/2023\/06\/bases-boton-1024x359.png 1024w, https:\/\/explora.cl\/rmnorte\/wp-content\/uploads\/sites\/11\/2023\/06\/bases-boton.png 1170w\" sizes=\"(max-width: 300px) 100vw, 300px\" \/><\/a><a href=\"https:\/\/forms.gle\/qDK1ugR7pU6hZVp69\" target=\"_blank\" rel=\"noopener noreferrer\"><img decoding=\"async\" class=\"alignnone size-medium wp-image-41966\" src=\"https:\/\/explora.cl\/rmnorte\/wp-content\/uploads\/sites\/11\/2023\/06\/formulario-inscripcion-boton-300x105.png\" alt=\"\" width=\"300\" height=\"105\" srcset=\"https:\/\/explora.cl\/rmnorte\/wp-content\/uploads\/sites\/11\/2023\/06\/formulario-inscripcion-boton-300x105.png 300w, https:\/\/explora.cl\/rmnorte\/wp-content\/uploads\/sites\/11\/2023\/06\/formulario-inscripcion-boton-768x269.png 768w, https:\/\/explora.cl\/rmnorte\/wp-content\/uploads\/sites\/11\/2023\/06\/formulario-inscripcion-boton-1024x359.png 1024w, https:\/\/explora.cl\/rmnorte\/wp-content\/uploads\/sites\/11\/2023\/06\/formulario-inscripcion-boton.png 1170w\" sizes=\"(max-width: 300px) 100vw, 300px\" \/><\/a><\/p>\n<p><a href=\"https:\/\/inhabilidades.srcei.cl\/ConsInhab\/consultaInhabilidad.do\" target=\"_blank\" rel=\"noopener noreferrer\"><img decoding=\"async\" class=\"alignnone size-medium wp-image-41967\" src=\"https:\/\/explora.cl\/rmnorte\/wp-content\/uploads\/sites\/11\/2023\/06\/certificado-boton-300x105.png\" alt=\"\" width=\"300\" height=\"105\" srcset=\"https:\/\/explora.cl\/rmnorte\/wp-content\/uploads\/sites\/11\/2023\/06\/certificado-boton-300x105.png 300w, https:\/\/explora.cl\/rmnorte\/wp-content\/uploads\/sites\/11\/2023\/06\/certificado-boton-768x269.png 768w, https:\/\/explora.cl\/rmnorte\/wp-content\/uploads\/sites\/11\/2023\/06\/certificado-boton-1024x359.png 1024w, https:\/\/explora.cl\/rmnorte\/wp-content\/uploads\/sites\/11\/2023\/06\/certificado-boton.png 1170w\" sizes=\"(max-width: 300px) 100vw, 300px\" \/><\/a><a href=\"https:\/\/explora.cl\/rmnorte\/wp-content\/uploads\/sites\/11\/2023\/06\/ANEXO-2-Datos-equipo-de-estudiantes-1.xlsx\"><img loading=\"lazy\" decoding=\"async\" class=\"alignnone size-medium wp-image-41968\" src=\"https:\/\/explora.cl\/rmnorte\/wp-content\/uploads\/sites\/11\/2023\/06\/datos-equipo-boton-300x105.png\" alt=\"\" width=\"300\" height=\"105\" srcset=\"https:\/\/explora.cl\/rmnorte\/wp-content\/uploads\/sites\/11\/2023\/06\/datos-equipo-boton-300x105.png 300w, https:\/\/explora.cl\/rmnorte\/wp-content\/uploads\/sites\/11\/2023\/06\/datos-equipo-boton-768x269.png 768w, https:\/\/explora.cl\/rmnorte\/wp-content\/uploads\/sites\/11\/2023\/06\/datos-equipo-boton-1024x359.png 1024w, https:\/\/explora.cl\/rmnorte\/wp-content\/uploads\/sites\/11\/2023\/06\/datos-equipo-boton.png 1170w\" sizes=\"(max-width: 300px) 100vw, 300px\" \/><\/a><\/p>\n<p><a href=\"https:\/\/explora.cl\/rmnorte\/wp-content\/uploads\/sites\/11\/2023\/06\/ANEXO-3-Carta-compromiso-docente-Mini-Explorador@s.docx\"><img loading=\"lazy\" decoding=\"async\" class=\"alignnone size-medium wp-image-41969\" src=\"https:\/\/explora.cl\/rmnorte\/wp-content\/uploads\/sites\/11\/2023\/06\/carta-compromiso-docente-boton-300x105.png\" alt=\"\" width=\"300\" height=\"105\" srcset=\"https:\/\/explora.cl\/rmnorte\/wp-content\/uploads\/sites\/11\/2023\/06\/carta-compromiso-docente-boton-300x105.png 300w, https:\/\/explora.cl\/rmnorte\/wp-content\/uploads\/sites\/11\/2023\/06\/carta-compromiso-docente-boton-768x269.png 768w, https:\/\/explora.cl\/rmnorte\/wp-content\/uploads\/sites\/11\/2023\/06\/carta-compromiso-docente-boton-1024x359.png 1024w, https:\/\/explora.cl\/rmnorte\/wp-content\/uploads\/sites\/11\/2023\/06\/carta-compromiso-docente-boton.png 1170w\" sizes=\"(max-width: 300px) 100vw, 300px\" \/><\/a><a href=\"https:\/\/explora.cl\/rmnorte\/wp-content\/uploads\/sites\/11\/2023\/06\/ANEXO-4-Carta-compromiso-establecimiento-ed-Mini-Explorador@s.docx\"><img loading=\"lazy\" decoding=\"async\" class=\"alignnone size-medium wp-image-41970\" src=\"https:\/\/explora.cl\/rmnorte\/wp-content\/uploads\/sites\/11\/2023\/06\/carta-compromiso-director-boton-300x105.png\" alt=\"\" width=\"300\" height=\"105\" srcset=\"https:\/\/explora.cl\/rmnorte\/wp-content\/uploads\/sites\/11\/2023\/06\/carta-compromiso-director-boton-300x105.png 300w, https:\/\/explora.cl\/rmnorte\/wp-content\/uploads\/sites\/11\/2023\/06\/carta-compromiso-director-boton-768x269.png 768w, https:\/\/explora.cl\/rmnorte\/wp-content\/uploads\/sites\/11\/2023\/06\/carta-compromiso-director-boton-1024x359.png 1024w, https:\/\/explora.cl\/rmnorte\/wp-content\/uploads\/sites\/11\/2023\/06\/carta-compromiso-director-boton.png 1170w\" sizes=\"(max-width: 300px) 100vw, 300px\" \/><\/a><\/p>\n","protected":false},"excerpt":{"rendered":"<p>Si eres docente de un establecimiento educacional perteneciente a las 20 comunas de Explora Regi\u00f3n Metropolitana Norte: Colina, Huechuraba, Padre Hurtado, Las Condes, Curacav\u00ed, Pudahuel, Quilicura, Recoleta, Renca, Mar\u00eda Pinto, Lo Barnechea, Providencia, Quinta Normal, Cerro Navia, Lo Prado,\u00a0 Tiltil, Vitacura, Conchal\u00ed, Independencia\u00a0 y\u00a0 Lampa, y\u00a0\u00a0tienes estudiantes de 1ero a 4to b\u00e1sico\u00a0interesados en participar de experiencias cient\u00edficas que les permitir\u00e1n en un futuro hacer proyectos escolares,\u00a0postula a los Mini Explorador@s 2023, hasta el 20 de julio.<\/p>\n","protected":false},"author":26,"featured_media":41983,"comment_status":"open","ping_status":"open","sticky":false,"template":"","format":"standard","meta":{"_acf_changed":false,"_exactmetrics_skip_tracking":false,"_exactmetrics_sitenote_active":false,"_exactmetrics_sitenote_note":"","_exactmetrics_sitenote_category":0,"footnotes":"","_links_to":"","_links_to_target":""},"categories":[151,139],"tags":[],"class_list":["post-41962","post","type-post","status-publish","format-standard","has-post-thumbnail","hentry","category-banner","category-lugar-4"],"acf":[],"yoast_head":"<!-- This site is optimized with the Yoast SEO plugin v26.9 - https:\/\/yoast.com\/product\/yoast-seo-wordpress\/ -->\n<title>\u00a1Convocatoria abierta para participar en Mini clubes Explorador@s 2023! - RM Norte<\/title>\n<meta name=\"robots\" content=\"index, follow, max-snippet:-1, max-image-preview:large, max-video-preview:-1\" \/>\n<link rel=\"canonical\" href=\"https:\/\/explora.cl\/rmnorte\/convocatoria-abierta-para-participar-en-mini-clubes-exploradors-2023\/\" class=\"yoast-seo-meta-tag\" \/>\n<meta property=\"og:locale\" content=\"es_ES\" class=\"yoast-seo-meta-tag\" \/>\n<meta property=\"og:type\" content=\"article\" class=\"yoast-seo-meta-tag\" \/>\n<meta property=\"og:title\" content=\"\u00a1Convocatoria abierta para participar en Mini clubes Explorador@s 2023! - RM Norte\" class=\"yoast-seo-meta-tag\" \/>\n<meta property=\"og:description\" content=\"Si eres docente de un establecimiento educacional perteneciente a las 20 comunas de Explora Regi\u00f3n Metropolitana Norte: Colina, Huechuraba, Padre Hurtado, Las Condes, Curacav\u00ed, Pudahuel, Quilicura, Recoleta, Renca, Mar\u00eda Pinto, Lo Barnechea, Providencia, Quinta Normal, Cerro Navia, Lo Prado,\u00a0 Tiltil, Vitacura, Conchal\u00ed, Independencia\u00a0 y\u00a0 Lampa, y\u00a0\u00a0tienes estudiantes de 1ero a 4to b\u00e1sico\u00a0interesados en participar de experiencias cient\u00edficas que les permitir\u00e1n en un futuro hacer proyectos escolares,\u00a0postula a los Mini Explorador@s 2023, hasta el 20 de julio.\" class=\"yoast-seo-meta-tag\" \/>\n<meta property=\"og:url\" content=\"https:\/\/explora.cl\/rmnorte\/convocatoria-abierta-para-participar-en-mini-clubes-exploradors-2023\/\" class=\"yoast-seo-meta-tag\" \/>\n<meta property=\"og:site_name\" content=\"RM Norte\" class=\"yoast-seo-meta-tag\" \/>\n<meta property=\"article:published_time\" content=\"2023-06-08T21:25:52+00:00\" class=\"yoast-seo-meta-tag\" \/>\n<meta property=\"article:modified_time\" content=\"2023-07-19T21:41:18+00:00\" class=\"yoast-seo-meta-tag\" \/>\n<meta property=\"og:image\" content=\"https:\/\/explora.cl\/rmnorte\/wp-content\/uploads\/sites\/11\/2023\/06\/Miniexplorador@s-Banner-convocatoria-abierta-2023.png\" class=\"yoast-seo-meta-tag\" \/>\n\t<meta property=\"og:image:width\" content=\"1024\" class=\"yoast-seo-meta-tag\" \/>\n\t<meta property=\"og:image:height\" content=\"682\" class=\"yoast-seo-meta-tag\" \/>\n\t<meta property=\"og:image:type\" content=\"image\/png\" class=\"yoast-seo-meta-tag\" \/>\n<meta name=\"author\" content=\"dgarcia\" class=\"yoast-seo-meta-tag\" \/>\n<meta name=\"twitter:card\" content=\"summary_large_image\" class=\"yoast-seo-meta-tag\" \/>\n<meta name=\"twitter:label1\" content=\"Escrito por\" class=\"yoast-seo-meta-tag\" \/>\n\t<meta name=\"twitter:data1\" content=\"dgarcia\" class=\"yoast-seo-meta-tag\" \/>\n\t<meta name=\"twitter:label2\" content=\"Tiempo estimado de lectura\" class=\"yoast-seo-meta-tag\" \/>\n\t<meta name=\"twitter:data2\" content=\"2 minutos\" class=\"yoast-seo-meta-tag\" \/>\n<script type=\"application\/ld+json\" class=\"yoast-schema-graph\">{\"@context\":\"https:\/\/schema.org\",\"@graph\":[{\"@type\":\"Article\",\"@id\":\"https:\/\/explora.cl\/rmnorte\/convocatoria-abierta-para-participar-en-mini-clubes-exploradors-2023\/#article\",\"isPartOf\":{\"@id\":\"https:\/\/explora.cl\/rmnorte\/convocatoria-abierta-para-participar-en-mini-clubes-exploradors-2023\/\"},\"author\":{\"name\":\"dgarcia\",\"@id\":\"https:\/\/explora.cl\/rmnorte\/#\/schema\/person\/4ad985b29a183eab4170892260e133a5\"},\"headline\":\"\u00a1Convocatoria abierta para participar en Mini clubes Explorador@s 2023!\",\"datePublished\":\"2023-06-08T21:25:52+00:00\",\"dateModified\":\"2023-07-19T21:41:18+00:00\",\"mainEntityOfPage\":{\"@id\":\"https:\/\/explora.cl\/rmnorte\/convocatoria-abierta-para-participar-en-mini-clubes-exploradors-2023\/\"},\"wordCount\":426,\"commentCount\":0,\"image\":{\"@id\":\"https:\/\/explora.cl\/rmnorte\/convocatoria-abierta-para-participar-en-mini-clubes-exploradors-2023\/#primaryimage\"},\"thumbnailUrl\":\"https:\/\/explora.cl\/rmnorte\/wp-content\/uploads\/sites\/11\/2023\/06\/Miniexplorador@s-Banner-convocatoria-abierta-2023.png\",\"articleSection\":[\"Banner\",\"Lugar 4\"],\"inLanguage\":\"es-CL\",\"potentialAction\":[{\"@type\":\"CommentAction\",\"name\":\"Comment\",\"target\":[\"https:\/\/explora.cl\/rmnorte\/convocatoria-abierta-para-participar-en-mini-clubes-exploradors-2023\/#respond\"]}]},{\"@type\":\"WebPage\",\"@id\":\"https:\/\/explora.cl\/rmnorte\/convocatoria-abierta-para-participar-en-mini-clubes-exploradors-2023\/\",\"url\":\"https:\/\/explora.cl\/rmnorte\/convocatoria-abierta-para-participar-en-mini-clubes-exploradors-2023\/\",\"name\":\"\u00a1Convocatoria abierta para participar en Mini clubes Explorador@s 2023! - RM Norte\",\"isPartOf\":{\"@id\":\"https:\/\/explora.cl\/rmnorte\/#website\"},\"primaryImageOfPage\":{\"@id\":\"https:\/\/explora.cl\/rmnorte\/convocatoria-abierta-para-participar-en-mini-clubes-exploradors-2023\/#primaryimage\"},\"image\":{\"@id\":\"https:\/\/explora.cl\/rmnorte\/convocatoria-abierta-para-participar-en-mini-clubes-exploradors-2023\/#primaryimage\"},\"thumbnailUrl\":\"https:\/\/explora.cl\/rmnorte\/wp-content\/uploads\/sites\/11\/2023\/06\/Miniexplorador@s-Banner-convocatoria-abierta-2023.png\",\"datePublished\":\"2023-06-08T21:25:52+00:00\",\"dateModified\":\"2023-07-19T21:41:18+00:00\",\"author\":{\"@id\":\"https:\/\/explora.cl\/rmnorte\/#\/schema\/person\/4ad985b29a183eab4170892260e133a5\"},\"breadcrumb\":{\"@id\":\"https:\/\/explora.cl\/rmnorte\/convocatoria-abierta-para-participar-en-mini-clubes-exploradors-2023\/#breadcrumb\"},\"inLanguage\":\"es-CL\",\"potentialAction\":[{\"@type\":\"ReadAction\",\"target\":[\"https:\/\/explora.cl\/rmnorte\/convocatoria-abierta-para-participar-en-mini-clubes-exploradors-2023\/\"]}]},{\"@type\":\"ImageObject\",\"inLanguage\":\"es-CL\",\"@id\":\"https:\/\/explora.cl\/rmnorte\/convocatoria-abierta-para-participar-en-mini-clubes-exploradors-2023\/#primaryimage\",\"url\":\"https:\/\/explora.cl\/rmnorte\/wp-content\/uploads\/sites\/11\/2023\/06\/Miniexplorador@s-Banner-convocatoria-abierta-2023.png\",\"contentUrl\":\"https:\/\/explora.cl\/rmnorte\/wp-content\/uploads\/sites\/11\/2023\/06\/Miniexplorador@s-Banner-convocatoria-abierta-2023.png\",\"width\":1024,\"height\":682},{\"@type\":\"BreadcrumbList\",\"@id\":\"https:\/\/explora.cl\/rmnorte\/convocatoria-abierta-para-participar-en-mini-clubes-exploradors-2023\/#breadcrumb\",\"itemListElement\":[{\"@type\":\"ListItem\",\"position\":1,\"name\":\"Portada\",\"item\":\"https:\/\/explora.cl\/rmnorte\/\"},{\"@type\":\"ListItem\",\"position\":2,\"name\":\"\u00a1Convocatoria abierta para participar en Mini clubes Explorador@s 2023!\"}]},{\"@type\":\"WebSite\",\"@id\":\"https:\/\/explora.cl\/rmnorte\/#website\",\"url\":\"https:\/\/explora.cl\/rmnorte\/\",\"name\":\"RM Norte\",\"description\":\"RM Norte explora.cl\",\"potentialAction\":[{\"@type\":\"SearchAction\",\"target\":{\"@type\":\"EntryPoint\",\"urlTemplate\":\"https:\/\/explora.cl\/rmnorte\/?s={search_term_string}\"},\"query-input\":{\"@type\":\"PropertyValueSpecification\",\"valueRequired\":true,\"valueName\":\"search_term_string\"}}],\"inLanguage\":\"es-CL\"},{\"@type\":\"Person\",\"@id\":\"https:\/\/explora.cl\/rmnorte\/#\/schema\/person\/4ad985b29a183eab4170892260e133a5\",\"name\":\"dgarcia\",\"image\":{\"@type\":\"ImageObject\",\"inLanguage\":\"es-CL\",\"@id\":\"https:\/\/explora.cl\/rmnorte\/#\/schema\/person\/image\/\",\"url\":\"https:\/\/secure.gravatar.com\/avatar\/06e2fd9f68a0c19cd669ddc183de83489acab601aa57958e0f60175e5013e6b7?s=96&d=mm&r=g\",\"contentUrl\":\"https:\/\/secure.gravatar.com\/avatar\/06e2fd9f68a0c19cd669ddc183de83489acab601aa57958e0f60175e5013e6b7?s=96&d=mm&r=g\",\"caption\":\"dgarcia\"},\"url\":\"https:\/\/explora.cl\/rmnorte\/author\/dgarcia\/\"}]}<\/script>\n<!-- \/ Yoast SEO plugin. -->","yoast_head_json":{"title":"\u00a1Convocatoria abierta para participar en Mini clubes Explorador@s 2023! - RM Norte","robots":{"index":"index","follow":"follow","max-snippet":"max-snippet:-1","max-image-preview":"max-image-preview:large","max-video-preview":"max-video-preview:-1"},"canonical":"https:\/\/explora.cl\/rmnorte\/convocatoria-abierta-para-participar-en-mini-clubes-exploradors-2023\/","og_locale":"es_ES","og_type":"article","og_title":"\u00a1Convocatoria abierta para participar en Mini clubes Explorador@s 2023! - RM Norte","og_description":"Si eres docente de un establecimiento educacional perteneciente a las 20 comunas de Explora Regi\u00f3n Metropolitana Norte: Colina, Huechuraba, Padre Hurtado, Las Condes, Curacav\u00ed, Pudahuel, Quilicura, Recoleta, Renca, Mar\u00eda Pinto, Lo Barnechea, Providencia, Quinta Normal, Cerro Navia, Lo Prado,\u00a0 Tiltil, Vitacura, Conchal\u00ed, Independencia\u00a0 y\u00a0 Lampa, y\u00a0\u00a0tienes estudiantes de 1ero a 4to b\u00e1sico\u00a0interesados en participar de experiencias cient\u00edficas que les permitir\u00e1n en un futuro hacer proyectos escolares,\u00a0postula a los Mini Explorador@s 2023, hasta el 20 de julio.","og_url":"https:\/\/explora.cl\/rmnorte\/convocatoria-abierta-para-participar-en-mini-clubes-exploradors-2023\/","og_site_name":"RM Norte","article_published_time":"2023-06-08T21:25:52+00:00","article_modified_time":"2023-07-19T21:41:18+00:00","og_image":[{"width":1024,"height":682,"url":"https:\/\/explora.cl\/rmnorte\/wp-content\/uploads\/sites\/11\/2023\/06\/Miniexplorador@s-Banner-convocatoria-abierta-2023.png","type":"image\/png"}],"author":"dgarcia","twitter_card":"summary_large_image","twitter_misc":{"Escrito por":"dgarcia","Tiempo estimado de lectura":"2 minutos"},"schema":{"@context":"https:\/\/schema.org","@graph":[{"@type":"Article","@id":"https:\/\/explora.cl\/rmnorte\/convocatoria-abierta-para-participar-en-mini-clubes-exploradors-2023\/#article","isPartOf":{"@id":"https:\/\/explora.cl\/rmnorte\/convocatoria-abierta-para-participar-en-mini-clubes-exploradors-2023\/"},"author":{"name":"dgarcia","@id":"https:\/\/explora.cl\/rmnorte\/#\/schema\/person\/4ad985b29a183eab4170892260e133a5"},"headline":"\u00a1Convocatoria abierta para participar en Mini clubes Explorador@s 2023!","datePublished":"2023-06-08T21:25:52+00:00","dateModified":"2023-07-19T21:41:18+00:00","mainEntityOfPage":{"@id":"https:\/\/explora.cl\/rmnorte\/convocatoria-abierta-para-participar-en-mini-clubes-exploradors-2023\/"},"wordCount":426,"commentCount":0,"image":{"@id":"https:\/\/explora.cl\/rmnorte\/convocatoria-abierta-para-participar-en-mini-clubes-exploradors-2023\/#primaryimage"},"thumbnailUrl":"https:\/\/explora.cl\/rmnorte\/wp-content\/uploads\/sites\/11\/2023\/06\/Miniexplorador@s-Banner-convocatoria-abierta-2023.png","articleSection":["Banner","Lugar 4"],"inLanguage":"es-CL","potentialAction":[{"@type":"CommentAction","name":"Comment","target":["https:\/\/explora.cl\/rmnorte\/convocatoria-abierta-para-participar-en-mini-clubes-exploradors-2023\/#respond"]}]},{"@type":"WebPage","@id":"https:\/\/explora.cl\/rmnorte\/convocatoria-abierta-para-participar-en-mini-clubes-exploradors-2023\/","url":"https:\/\/explora.cl\/rmnorte\/convocatoria-abierta-para-participar-en-mini-clubes-exploradors-2023\/","name":"\u00a1Convocatoria abierta para participar en Mini clubes Explorador@s 2023! - RM Norte","isPartOf":{"@id":"https:\/\/explora.cl\/rmnorte\/#website"},"primaryImageOfPage":{"@id":"https:\/\/explora.cl\/rmnorte\/convocatoria-abierta-para-participar-en-mini-clubes-exploradors-2023\/#primaryimage"},"image":{"@id":"https:\/\/explora.cl\/rmnorte\/convocatoria-abierta-para-participar-en-mini-clubes-exploradors-2023\/#primaryimage"},"thumbnailUrl":"https:\/\/explora.cl\/rmnorte\/wp-content\/uploads\/sites\/11\/2023\/06\/Miniexplorador@s-Banner-convocatoria-abierta-2023.png","datePublished":"2023-06-08T21:25:52+00:00","dateModified":"2023-07-19T21:41:18+00:00","author":{"@id":"https:\/\/explora.cl\/rmnorte\/#\/schema\/person\/4ad985b29a183eab4170892260e133a5"},"breadcrumb":{"@id":"https:\/\/explora.cl\/rmnorte\/convocatoria-abierta-para-participar-en-mini-clubes-exploradors-2023\/#breadcrumb"},"inLanguage":"es-CL","potentialAction":[{"@type":"ReadAction","target":["https:\/\/explora.cl\/rmnorte\/convocatoria-abierta-para-participar-en-mini-clubes-exploradors-2023\/"]}]},{"@type":"ImageObject","inLanguage":"es-CL","@id":"https:\/\/explora.cl\/rmnorte\/convocatoria-abierta-para-participar-en-mini-clubes-exploradors-2023\/#primaryimage","url":"https:\/\/explora.cl\/rmnorte\/wp-content\/uploads\/sites\/11\/2023\/06\/Miniexplorador@s-Banner-convocatoria-abierta-2023.png","contentUrl":"https:\/\/explora.cl\/rmnorte\/wp-content\/uploads\/sites\/11\/2023\/06\/Miniexplorador@s-Banner-convocatoria-abierta-2023.png","width":1024,"height":682},{"@type":"BreadcrumbList","@id":"https:\/\/explora.cl\/rmnorte\/convocatoria-abierta-para-participar-en-mini-clubes-exploradors-2023\/#breadcrumb","itemListElement":[{"@type":"ListItem","position":1,"name":"Portada","item":"https:\/\/explora.cl\/rmnorte\/"},{"@type":"ListItem","position":2,"name":"\u00a1Convocatoria abierta para participar en Mini clubes Explorador@s 2023!"}]},{"@type":"WebSite","@id":"https:\/\/explora.cl\/rmnorte\/#website","url":"https:\/\/explora.cl\/rmnorte\/","name":"RM Norte","description":"RM Norte explora.cl","potentialAction":[{"@type":"SearchAction","target":{"@type":"EntryPoint","urlTemplate":"https:\/\/explora.cl\/rmnorte\/?s={search_term_string}"},"query-input":{"@type":"PropertyValueSpecification","valueRequired":true,"valueName":"search_term_string"}}],"inLanguage":"es-CL"},{"@type":"Person","@id":"https:\/\/explora.cl\/rmnorte\/#\/schema\/person\/4ad985b29a183eab4170892260e133a5","name":"dgarcia","image":{"@type":"ImageObject","inLanguage":"es-CL","@id":"https:\/\/explora.cl\/rmnorte\/#\/schema\/person\/image\/","url":"https:\/\/secure.gravatar.com\/avatar\/06e2fd9f68a0c19cd669ddc183de83489acab601aa57958e0f60175e5013e6b7?s=96&d=mm&r=g","contentUrl":"https:\/\/secure.gravatar.com\/avatar\/06e2fd9f68a0c19cd669ddc183de83489acab601aa57958e0f60175e5013e6b7?s=96&d=mm&r=g","caption":"dgarcia"},"url":"https:\/\/explora.cl\/rmnorte\/author\/dgarcia\/"}]}},"_links":{"self":[{"href":"https:\/\/explora.cl\/rmnorte\/wp-json\/wp\/v2\/posts\/41962","targetHints":{"allow":["GET"]}}],"collection":[{"href":"https:\/\/explora.cl\/rmnorte\/wp-json\/wp\/v2\/posts"}],"about":[{"href":"https:\/\/explora.cl\/rmnorte\/wp-json\/wp\/v2\/types\/post"}],"author":[{"embeddable":true,"href":"https:\/\/explora.cl\/rmnorte\/wp-json\/wp\/v2\/users\/26"}],"replies":[{"embeddable":true,"href":"https:\/\/explora.cl\/rmnorte\/wp-json\/wp\/v2\/comments?post=41962"}],"version-history":[{"count":6,"href":"https:\/\/explora.cl\/rmnorte\/wp-json\/wp\/v2\/posts\/41962\/revisions"}],"predecessor-version":[{"id":41977,"href":"https:\/\/explora.cl\/rmnorte\/wp-json\/wp\/v2\/posts\/41962\/revisions\/41977"}],"wp:featuredmedia":[{"embeddable":true,"href":"https:\/\/explora.cl\/rmnorte\/wp-json\/wp\/v2\/media\/41983"}],"wp:attachment":[{"href":"https:\/\/explora.cl\/rmnorte\/wp-json\/wp\/v2\/media?parent=41962"}],"wp:term":[{"taxonomy":"category","embeddable":true,"href":"https:\/\/explora.cl\/rmnorte\/wp-json\/wp\/v2\/categories?post=41962"},{"taxonomy":"post_tag","embeddable":true,"href":"https:\/\/explora.cl\/rmnorte\/wp-json\/wp\/v2\/tags?post=41962"}],"curies":[{"name":"wp","href":"https:\/\/api.w.org\/{rel}","templated":true}]}}