{"id":41835,"date":"2023-05-02T16:52:31","date_gmt":"2023-05-02T20:52:31","guid":{"rendered":"https:\/\/explora.cl\/rmnorte\/?p=41835"},"modified":"2023-06-20T12:47:55","modified_gmt":"2023-06-20T16:47:55","slug":"el-centro-avanzado-de-enfermedades-cronicas-se-adjudico-el-proyecto-explora-region-metropolitana-norte-2023-2024","status":"publish","type":"post","link":"https:\/\/explora.cl\/rmnorte\/el-centro-avanzado-de-enfermedades-cronicas-se-adjudico-el-proyecto-explora-region-metropolitana-norte-2023-2024\/","title":{"rendered":"El Centro Avanzado de Enfermedades Cr\u00f3nicas, se adjudic\u00f3 el Proyecto Explora Regi\u00f3n Metropolitana Norte 2023-2024"},"content":{"rendered":"<p><em>Por segundo per\u00edodo consecutivo, el Centro Avanzado de Enfermedades Cr\u00f3nicas (ACCDiS), junto a la\u00a0Facultad de Ciencias Qu\u00edmicas y Farmac\u00e9uticas de la Universidad de Chile, se adjudicaron el Proyecto Asociativo Regional Regi\u00f3n Metropolitana Norte del Ministerio de Ciencia, Tecnolog\u00eda, Conocimiento e Innovaci\u00f3n. Explora es una instancia nacional que promueve la socializaci\u00f3n del conocimiento cient\u00edfico a trav\u00e9s del fortalecimiento de competencias CTCI en comunidades educativas.<\/em><\/p>\n<p>Durante dos a\u00f1os, el Proyecto Explora Regi\u00f3n Metropolitana Norte continuar\u00e1 generando, estimulando y contribuyendo con el desarrollo de una cultura cient\u00edfico-tecnol\u00f3gica en la comunidad escolar. A trav\u00e9s de una red de colaboradores multidisciplinarios pertenecientes a organizaciones p\u00fablicas y privadas, se trabajar\u00e1 con las comunidades escolares de Cerro Navia, Colina, Conchal\u00ed, Curacavi, Huechuraba, Independencia, Lampa, Las Condes, Lo Barnechea, Lo Prado, Mar\u00eda Pinto, Padre Hurtado, Providencia, Pudahuel, Quilicura, Quinta Normal, Recoleta, Renca, Tiltil y Vitacura.<\/p>\n<p>Dentro de las iniciativas que desarrollar\u00e1 el proyecto se encuentran:<\/p>\n<ul>\n<li><strong>Programa de Indagaci\u00f3n para Primeras Edades (PIPE):<\/strong> Iniciativa de ense\u00f1anza de las ciencias en los niveles medio y transici\u00f3n de Educaci\u00f3n Parvularia. Durante este a\u00f1o, se trabajar\u00e1 en Ciencias Naturales, ejecut\u00e1ndose el m\u00f3dulo \u201cRefugio animal, el cuidado de los animales\u201d para niveles medios y \u201cSomos peque ping\u00fcinos\u201d para niveles transici\u00f3n.<\/li>\n<li><strong>PichinCO<\/strong> <strong>\u201cEn Busca del Agua\u201d:<\/strong> A trav\u00e9s de un libro de actividades, se desarrollar\u00e1n competencias cient\u00edficas para identificar causas y consecuencias de la problem\u00e1tica medioambiental vinculada con la escasez h\u00eddrica que afecta al pa\u00eds.<\/li>\n<li><strong>Investigaci\u00f3n e Innovaci\u00f3n Escolar (IIE): <\/strong>Esta iniciativa busca fomentar el desarrollo de competencias para la investigaci\u00f3n e innovaci\u00f3n en la comunidad educativa, mediante la iniciativa Mini explorador@s y Clubes cient\u00edficos escolares.<\/li>\n<li><strong>Campamento Explora VA!<\/strong>: Con esta iniciativa se buscar\u00e1 fortalecer las competencias de los\/as educadoras\/es de p\u00e1rvulos y docentes en ejercicio para apoyar la educaci\u00f3n en CTCI y promover la formaci\u00f3n de comunidades de aprendizaje y redes de colaboraci\u00f3n entre los\/as docentes<\/li>\n<li><strong>Actividades CuriosasMentes: <\/strong>Mediante encuentros interactivos con la comunidad cient\u00edfica y las comunidades educativas, se espera desarrollar espacios de encuentro y despertar la curiosidad, inter\u00e9s y valoraci\u00f3n por temas cient\u00edficos en la comunidad escolar.<\/li>\n<\/ul>\n<p>\u201cLas iniciativas propuestas fueron resultados de las buenas pr\u00e1cticas y ejecuci\u00f3n que durante cuatro a\u00f1os implementamos en las 17 comunas de la Regi\u00f3n Metropolitana Norte con la que trabaj\u00e1bamos. Sin embargo, en esta postulaci\u00f3n consideramos nuevos elementos que nos hicieron reformular los objetivos, como lo son: la diversidad sociocultural, diversidad territorial, brechas socioecon\u00f3micas y educaci\u00f3n, problem\u00e1ticas medio ambientales, salud y bienestar escolar y desarrollo de la cultura CTCI\u201d explic\u00f3 el director del Proyecto Explora RM Norte, Mario Chiong, tambi\u00e9n acad\u00e9mico de la Universidad de Chile e investigador ACCDiS.<\/p>\n<p><img fetchpriority=\"high\" decoding=\"async\" class=\"alignnone wp-image-41837\" src=\"https:\/\/explora.cl\/rmnorte\/wp-content\/uploads\/sites\/11\/2023\/05\/321664077_488222073209694_8675642182996320155_n-1024x682.jpg\" alt=\"\" width=\"700\" height=\"466\" srcset=\"https:\/\/explora.cl\/rmnorte\/wp-content\/uploads\/sites\/11\/2023\/05\/321664077_488222073209694_8675642182996320155_n-1024x682.jpg 1024w, https:\/\/explora.cl\/rmnorte\/wp-content\/uploads\/sites\/11\/2023\/05\/321664077_488222073209694_8675642182996320155_n-300x200.jpg 300w, https:\/\/explora.cl\/rmnorte\/wp-content\/uploads\/sites\/11\/2023\/05\/321664077_488222073209694_8675642182996320155_n-768x511.jpg 768w, https:\/\/explora.cl\/rmnorte\/wp-content\/uploads\/sites\/11\/2023\/05\/321664077_488222073209694_8675642182996320155_n.jpg 2048w\" sizes=\"(max-width: 700px) 100vw, 700px\" \/><\/p>\n<p>En este mismo sentido, el director del Centro ACCDiS, tambi\u00e9n Premio Nacional de Ciencias Naturales 2023 y asesor institucional del proyecto, Sergio Lavandero, destac\u00f3 la importancia que radica la adjudicaci\u00f3n de este tipo de concursos para el Centro \u201cA trav\u00e9s del proyecto podemos seguir aportando a la prevenci\u00f3n temprana de las enfermedades cr\u00f3nicas no transmisibles desde los niveles preescolares y escolares. Los \u00edndices de obesidad y las conductas de riesgo en el pa\u00eds son preocupantes, por eso es importante crear conciencia social sobre las conductas saludables en las comunidades escolares\u201d.<\/p>\n<p>El equipo del Proyecto Explora Regi\u00f3n Metropolitana Norte estar\u00e1 conformado por su Director General Dr. Mario Chiong; Asesor Institucional Dr. Sergio Lavandero, Premio Nacional de Ciencias Naturales 2022; Coordinadora ejecutiva M\u00f3nica Villa; Coordinadora Pedag\u00f3gica y de Primeras Edades Camila Su\u00e1rez; Encargada de Redes CTCI e iniciativa CuriosasMentes Paula Meri\u00f1o Iglesias; Encargada Investigaci\u00f3n e Innovaci\u00f3n Escolar Emma Figari; Encargada de cuantificaciones y evaluaciones Bernarda Ihnen; Dise\u00f1ador e ilustrador Bryan Arredondo; Encargada de comunicaciones Maria Jose Olivares, Community Manager Adriana Mujica y Encargada de Finanzas Andrea Barra, \u00a0adem\u00e1s de los\/as asesores cient\u00edficos y \u00e1rea de educaci\u00f3n.<\/p>\n<p><img decoding=\"async\" class=\"alignnone wp-image-41836\" src=\"https:\/\/explora.cl\/rmnorte\/wp-content\/uploads\/sites\/11\/2023\/05\/IMG_1599-1024x683.jpg\" alt=\"\" width=\"700\" height=\"467\" srcset=\"https:\/\/explora.cl\/rmnorte\/wp-content\/uploads\/sites\/11\/2023\/05\/IMG_1599-1024x683.jpg 1024w, https:\/\/explora.cl\/rmnorte\/wp-content\/uploads\/sites\/11\/2023\/05\/IMG_1599-300x200.jpg 300w, https:\/\/explora.cl\/rmnorte\/wp-content\/uploads\/sites\/11\/2023\/05\/IMG_1599-768x512.jpg 768w\" sizes=\"(max-width: 700px) 100vw, 700px\" \/><\/p>\n<p><strong>Para participar en las iniciativas, el proyecto Explora Regi\u00f3n Metropolitana Norte, invita a la comunidad a mantenerse atentos\/as a su <a href=\"https:\/\/explora.cl\/rmnorte\/\">p\u00e1gina web<\/a> y redes sociales: <a href=\"https:\/\/www.instagram.com\/explorarmnorte\/\">Instagram<\/a>, <a href=\"https:\/\/www.facebook.com\/parexplorarmnorte?locale=es_LA\">Facebook<\/a> y <a href=\"https:\/\/twitter.com\/parexploranorte\">Twitter<\/a>.\u00a0<\/strong><\/p>\n","protected":false},"excerpt":{"rendered":"<p>Por segundo per\u00edodo consecutivo, el Centro Avanzado de Enfermedades Cr\u00f3nicas (ACCDiS), junto a la\u00a0Facultad de Ciencias Qu\u00edmicas y Farmac\u00e9uticas de la Universidad de Chile, se adjudicaron el Proyecto Asociativo Regional Regi\u00f3n Metropolitana Norte del Ministerio de Ciencia, Tecnolog\u00eda, Conocimiento e Innovaci\u00f3n.<\/p>\n","protected":false},"author":26,"featured_media":41838,"comment_status":"open","ping_status":"open","sticky":false,"template":"","format":"standard","meta":{"_acf_changed":false,"_exactmetrics_skip_tracking":false,"_exactmetrics_sitenote_active":false,"_exactmetrics_sitenote_note":"","_exactmetrics_sitenote_category":0,"footnotes":"","_links_to":"","_links_to_target":""},"categories":[142,4],"tags":[],"class_list":["post-41835","post","type-post","status-publish","format-standard","has-post-thumbnail","hentry","category-lugar-7","category-noticias"],"acf":[],"yoast_head":"<!-- This site is optimized with the Yoast SEO plugin v26.9 - https:\/\/yoast.com\/product\/yoast-seo-wordpress\/ -->\n<title>El Centro Avanzado de Enfermedades Cr\u00f3nicas, se adjudic\u00f3 el Proyecto Explora Regi\u00f3n Metropolitana Norte 2023-2024 - RM Norte<\/title>\n<meta name=\"robots\" content=\"index, follow, max-snippet:-1, max-image-preview:large, max-video-preview:-1\" \/>\n<link rel=\"canonical\" href=\"https:\/\/explora.cl\/rmnorte\/el-centro-avanzado-de-enfermedades-cronicas-se-adjudico-el-proyecto-explora-region-metropolitana-norte-2023-2024\/\" class=\"yoast-seo-meta-tag\" \/>\n<meta property=\"og:locale\" content=\"es_ES\" class=\"yoast-seo-meta-tag\" \/>\n<meta property=\"og:type\" content=\"article\" class=\"yoast-seo-meta-tag\" \/>\n<meta property=\"og:title\" content=\"El Centro Avanzado de Enfermedades Cr\u00f3nicas, se adjudic\u00f3 el Proyecto Explora Regi\u00f3n Metropolitana Norte 2023-2024 - RM Norte\" class=\"yoast-seo-meta-tag\" \/>\n<meta property=\"og:description\" content=\"Por segundo per\u00edodo consecutivo, el Centro Avanzado de Enfermedades Cr\u00f3nicas (ACCDiS), junto a la\u00a0Facultad de Ciencias Qu\u00edmicas y Farmac\u00e9uticas de la Universidad de Chile, se adjudicaron el Proyecto Asociativo Regional Regi\u00f3n Metropolitana Norte del Ministerio de Ciencia, Tecnolog\u00eda, Conocimiento e Innovaci\u00f3n.\" class=\"yoast-seo-meta-tag\" \/>\n<meta property=\"og:url\" content=\"https:\/\/explora.cl\/rmnorte\/el-centro-avanzado-de-enfermedades-cronicas-se-adjudico-el-proyecto-explora-region-metropolitana-norte-2023-2024\/\" class=\"yoast-seo-meta-tag\" \/>\n<meta property=\"og:site_name\" content=\"RM Norte\" class=\"yoast-seo-meta-tag\" \/>\n<meta property=\"article:published_time\" content=\"2023-05-02T20:52:31+00:00\" class=\"yoast-seo-meta-tag\" \/>\n<meta property=\"article:modified_time\" content=\"2023-06-20T16:47:55+00:00\" class=\"yoast-seo-meta-tag\" \/>\n<meta property=\"og:image\" content=\"https:\/\/explora.cl\/rmnorte\/wp-content\/uploads\/sites\/11\/2023\/05\/portada.jpg\" class=\"yoast-seo-meta-tag\" \/>\n\t<meta property=\"og:image:width\" content=\"1920\" class=\"yoast-seo-meta-tag\" \/>\n\t<meta property=\"og:image:height\" content=\"1080\" class=\"yoast-seo-meta-tag\" \/>\n\t<meta property=\"og:image:type\" content=\"image\/jpeg\" class=\"yoast-seo-meta-tag\" \/>\n<meta name=\"author\" content=\"dgarcia\" class=\"yoast-seo-meta-tag\" \/>\n<meta name=\"twitter:card\" content=\"summary_large_image\" class=\"yoast-seo-meta-tag\" \/>\n<meta name=\"twitter:label1\" content=\"Escrito por\" class=\"yoast-seo-meta-tag\" \/>\n\t<meta name=\"twitter:data1\" content=\"dgarcia\" class=\"yoast-seo-meta-tag\" \/>\n\t<meta name=\"twitter:label2\" content=\"Tiempo estimado de lectura\" class=\"yoast-seo-meta-tag\" \/>\n\t<meta name=\"twitter:data2\" content=\"4 minutos\" class=\"yoast-seo-meta-tag\" \/>\n<script type=\"application\/ld+json\" class=\"yoast-schema-graph\">{\"@context\":\"https:\/\/schema.org\",\"@graph\":[{\"@type\":\"Article\",\"@id\":\"https:\/\/explora.cl\/rmnorte\/el-centro-avanzado-de-enfermedades-cronicas-se-adjudico-el-proyecto-explora-region-metropolitana-norte-2023-2024\/#article\",\"isPartOf\":{\"@id\":\"https:\/\/explora.cl\/rmnorte\/el-centro-avanzado-de-enfermedades-cronicas-se-adjudico-el-proyecto-explora-region-metropolitana-norte-2023-2024\/\"},\"author\":{\"name\":\"dgarcia\",\"@id\":\"https:\/\/explora.cl\/rmnorte\/#\/schema\/person\/4ad985b29a183eab4170892260e133a5\"},\"headline\":\"El Centro Avanzado de Enfermedades Cr\u00f3nicas, se adjudic\u00f3 el Proyecto Explora Regi\u00f3n Metropolitana Norte 2023-2024\",\"datePublished\":\"2023-05-02T20:52:31+00:00\",\"dateModified\":\"2023-06-20T16:47:55+00:00\",\"mainEntityOfPage\":{\"@id\":\"https:\/\/explora.cl\/rmnorte\/el-centro-avanzado-de-enfermedades-cronicas-se-adjudico-el-proyecto-explora-region-metropolitana-norte-2023-2024\/\"},\"wordCount\":733,\"commentCount\":0,\"image\":{\"@id\":\"https:\/\/explora.cl\/rmnorte\/el-centro-avanzado-de-enfermedades-cronicas-se-adjudico-el-proyecto-explora-region-metropolitana-norte-2023-2024\/#primaryimage\"},\"thumbnailUrl\":\"https:\/\/explora.cl\/rmnorte\/wp-content\/uploads\/sites\/11\/2023\/05\/portada.jpg\",\"articleSection\":[\"Lugar 7\",\"Noticias\"],\"inLanguage\":\"es-CL\",\"potentialAction\":[{\"@type\":\"CommentAction\",\"name\":\"Comment\",\"target\":[\"https:\/\/explora.cl\/rmnorte\/el-centro-avanzado-de-enfermedades-cronicas-se-adjudico-el-proyecto-explora-region-metropolitana-norte-2023-2024\/#respond\"]}]},{\"@type\":\"WebPage\",\"@id\":\"https:\/\/explora.cl\/rmnorte\/el-centro-avanzado-de-enfermedades-cronicas-se-adjudico-el-proyecto-explora-region-metropolitana-norte-2023-2024\/\",\"url\":\"https:\/\/explora.cl\/rmnorte\/el-centro-avanzado-de-enfermedades-cronicas-se-adjudico-el-proyecto-explora-region-metropolitana-norte-2023-2024\/\",\"name\":\"El Centro Avanzado de Enfermedades Cr\u00f3nicas, se adjudic\u00f3 el Proyecto Explora Regi\u00f3n Metropolitana Norte 2023-2024 - RM Norte\",\"isPartOf\":{\"@id\":\"https:\/\/explora.cl\/rmnorte\/#website\"},\"primaryImageOfPage\":{\"@id\":\"https:\/\/explora.cl\/rmnorte\/el-centro-avanzado-de-enfermedades-cronicas-se-adjudico-el-proyecto-explora-region-metropolitana-norte-2023-2024\/#primaryimage\"},\"image\":{\"@id\":\"https:\/\/explora.cl\/rmnorte\/el-centro-avanzado-de-enfermedades-cronicas-se-adjudico-el-proyecto-explora-region-metropolitana-norte-2023-2024\/#primaryimage\"},\"thumbnailUrl\":\"https:\/\/explora.cl\/rmnorte\/wp-content\/uploads\/sites\/11\/2023\/05\/portada.jpg\",\"datePublished\":\"2023-05-02T20:52:31+00:00\",\"dateModified\":\"2023-06-20T16:47:55+00:00\",\"author\":{\"@id\":\"https:\/\/explora.cl\/rmnorte\/#\/schema\/person\/4ad985b29a183eab4170892260e133a5\"},\"breadcrumb\":{\"@id\":\"https:\/\/explora.cl\/rmnorte\/el-centro-avanzado-de-enfermedades-cronicas-se-adjudico-el-proyecto-explora-region-metropolitana-norte-2023-2024\/#breadcrumb\"},\"inLanguage\":\"es-CL\",\"potentialAction\":[{\"@type\":\"ReadAction\",\"target\":[\"https:\/\/explora.cl\/rmnorte\/el-centro-avanzado-de-enfermedades-cronicas-se-adjudico-el-proyecto-explora-region-metropolitana-norte-2023-2024\/\"]}]},{\"@type\":\"ImageObject\",\"inLanguage\":\"es-CL\",\"@id\":\"https:\/\/explora.cl\/rmnorte\/el-centro-avanzado-de-enfermedades-cronicas-se-adjudico-el-proyecto-explora-region-metropolitana-norte-2023-2024\/#primaryimage\",\"url\":\"https:\/\/explora.cl\/rmnorte\/wp-content\/uploads\/sites\/11\/2023\/05\/portada.jpg\",\"contentUrl\":\"https:\/\/explora.cl\/rmnorte\/wp-content\/uploads\/sites\/11\/2023\/05\/portada.jpg\",\"width\":1920,\"height\":1080},{\"@type\":\"BreadcrumbList\",\"@id\":\"https:\/\/explora.cl\/rmnorte\/el-centro-avanzado-de-enfermedades-cronicas-se-adjudico-el-proyecto-explora-region-metropolitana-norte-2023-2024\/#breadcrumb\",\"itemListElement\":[{\"@type\":\"ListItem\",\"position\":1,\"name\":\"Portada\",\"item\":\"https:\/\/explora.cl\/rmnorte\/\"},{\"@type\":\"ListItem\",\"position\":2,\"name\":\"El Centro Avanzado de Enfermedades Cr\u00f3nicas, se adjudic\u00f3 el Proyecto Explora Regi\u00f3n Metropolitana Norte 2023-2024\"}]},{\"@type\":\"WebSite\",\"@id\":\"https:\/\/explora.cl\/rmnorte\/#website\",\"url\":\"https:\/\/explora.cl\/rmnorte\/\",\"name\":\"RM Norte\",\"description\":\"RM Norte explora.cl\",\"potentialAction\":[{\"@type\":\"SearchAction\",\"target\":{\"@type\":\"EntryPoint\",\"urlTemplate\":\"https:\/\/explora.cl\/rmnorte\/?s={search_term_string}\"},\"query-input\":{\"@type\":\"PropertyValueSpecification\",\"valueRequired\":true,\"valueName\":\"search_term_string\"}}],\"inLanguage\":\"es-CL\"},{\"@type\":\"Person\",\"@id\":\"https:\/\/explora.cl\/rmnorte\/#\/schema\/person\/4ad985b29a183eab4170892260e133a5\",\"name\":\"dgarcia\",\"image\":{\"@type\":\"ImageObject\",\"inLanguage\":\"es-CL\",\"@id\":\"https:\/\/explora.cl\/rmnorte\/#\/schema\/person\/image\/\",\"url\":\"https:\/\/secure.gravatar.com\/avatar\/06e2fd9f68a0c19cd669ddc183de83489acab601aa57958e0f60175e5013e6b7?s=96&d=mm&r=g\",\"contentUrl\":\"https:\/\/secure.gravatar.com\/avatar\/06e2fd9f68a0c19cd669ddc183de83489acab601aa57958e0f60175e5013e6b7?s=96&d=mm&r=g\",\"caption\":\"dgarcia\"},\"url\":\"https:\/\/explora.cl\/rmnorte\/author\/dgarcia\/\"}]}<\/script>\n<!-- \/ Yoast SEO plugin. -->","yoast_head_json":{"title":"El Centro Avanzado de Enfermedades Cr\u00f3nicas, se adjudic\u00f3 el Proyecto Explora Regi\u00f3n Metropolitana Norte 2023-2024 - RM Norte","robots":{"index":"index","follow":"follow","max-snippet":"max-snippet:-1","max-image-preview":"max-image-preview:large","max-video-preview":"max-video-preview:-1"},"canonical":"https:\/\/explora.cl\/rmnorte\/el-centro-avanzado-de-enfermedades-cronicas-se-adjudico-el-proyecto-explora-region-metropolitana-norte-2023-2024\/","og_locale":"es_ES","og_type":"article","og_title":"El Centro Avanzado de Enfermedades Cr\u00f3nicas, se adjudic\u00f3 el Proyecto Explora Regi\u00f3n Metropolitana Norte 2023-2024 - RM Norte","og_description":"Por segundo per\u00edodo consecutivo, el Centro Avanzado de Enfermedades Cr\u00f3nicas (ACCDiS), junto a la\u00a0Facultad de Ciencias Qu\u00edmicas y Farmac\u00e9uticas de la Universidad de Chile, se adjudicaron el Proyecto Asociativo Regional Regi\u00f3n Metropolitana Norte del Ministerio de Ciencia, Tecnolog\u00eda, Conocimiento e Innovaci\u00f3n.","og_url":"https:\/\/explora.cl\/rmnorte\/el-centro-avanzado-de-enfermedades-cronicas-se-adjudico-el-proyecto-explora-region-metropolitana-norte-2023-2024\/","og_site_name":"RM Norte","article_published_time":"2023-05-02T20:52:31+00:00","article_modified_time":"2023-06-20T16:47:55+00:00","og_image":[{"width":1920,"height":1080,"url":"https:\/\/explora.cl\/rmnorte\/wp-content\/uploads\/sites\/11\/2023\/05\/portada.jpg","type":"image\/jpeg"}],"author":"dgarcia","twitter_card":"summary_large_image","twitter_misc":{"Escrito por":"dgarcia","Tiempo estimado de lectura":"4 minutos"},"schema":{"@context":"https:\/\/schema.org","@graph":[{"@type":"Article","@id":"https:\/\/explora.cl\/rmnorte\/el-centro-avanzado-de-enfermedades-cronicas-se-adjudico-el-proyecto-explora-region-metropolitana-norte-2023-2024\/#article","isPartOf":{"@id":"https:\/\/explora.cl\/rmnorte\/el-centro-avanzado-de-enfermedades-cronicas-se-adjudico-el-proyecto-explora-region-metropolitana-norte-2023-2024\/"},"author":{"name":"dgarcia","@id":"https:\/\/explora.cl\/rmnorte\/#\/schema\/person\/4ad985b29a183eab4170892260e133a5"},"headline":"El Centro Avanzado de Enfermedades Cr\u00f3nicas, se adjudic\u00f3 el Proyecto Explora Regi\u00f3n Metropolitana Norte 2023-2024","datePublished":"2023-05-02T20:52:31+00:00","dateModified":"2023-06-20T16:47:55+00:00","mainEntityOfPage":{"@id":"https:\/\/explora.cl\/rmnorte\/el-centro-avanzado-de-enfermedades-cronicas-se-adjudico-el-proyecto-explora-region-metropolitana-norte-2023-2024\/"},"wordCount":733,"commentCount":0,"image":{"@id":"https:\/\/explora.cl\/rmnorte\/el-centro-avanzado-de-enfermedades-cronicas-se-adjudico-el-proyecto-explora-region-metropolitana-norte-2023-2024\/#primaryimage"},"thumbnailUrl":"https:\/\/explora.cl\/rmnorte\/wp-content\/uploads\/sites\/11\/2023\/05\/portada.jpg","articleSection":["Lugar 7","Noticias"],"inLanguage":"es-CL","potentialAction":[{"@type":"CommentAction","name":"Comment","target":["https:\/\/explora.cl\/rmnorte\/el-centro-avanzado-de-enfermedades-cronicas-se-adjudico-el-proyecto-explora-region-metropolitana-norte-2023-2024\/#respond"]}]},{"@type":"WebPage","@id":"https:\/\/explora.cl\/rmnorte\/el-centro-avanzado-de-enfermedades-cronicas-se-adjudico-el-proyecto-explora-region-metropolitana-norte-2023-2024\/","url":"https:\/\/explora.cl\/rmnorte\/el-centro-avanzado-de-enfermedades-cronicas-se-adjudico-el-proyecto-explora-region-metropolitana-norte-2023-2024\/","name":"El Centro Avanzado de Enfermedades Cr\u00f3nicas, se adjudic\u00f3 el Proyecto Explora Regi\u00f3n Metropolitana Norte 2023-2024 - RM Norte","isPartOf":{"@id":"https:\/\/explora.cl\/rmnorte\/#website"},"primaryImageOfPage":{"@id":"https:\/\/explora.cl\/rmnorte\/el-centro-avanzado-de-enfermedades-cronicas-se-adjudico-el-proyecto-explora-region-metropolitana-norte-2023-2024\/#primaryimage"},"image":{"@id":"https:\/\/explora.cl\/rmnorte\/el-centro-avanzado-de-enfermedades-cronicas-se-adjudico-el-proyecto-explora-region-metropolitana-norte-2023-2024\/#primaryimage"},"thumbnailUrl":"https:\/\/explora.cl\/rmnorte\/wp-content\/uploads\/sites\/11\/2023\/05\/portada.jpg","datePublished":"2023-05-02T20:52:31+00:00","dateModified":"2023-06-20T16:47:55+00:00","author":{"@id":"https:\/\/explora.cl\/rmnorte\/#\/schema\/person\/4ad985b29a183eab4170892260e133a5"},"breadcrumb":{"@id":"https:\/\/explora.cl\/rmnorte\/el-centro-avanzado-de-enfermedades-cronicas-se-adjudico-el-proyecto-explora-region-metropolitana-norte-2023-2024\/#breadcrumb"},"inLanguage":"es-CL","potentialAction":[{"@type":"ReadAction","target":["https:\/\/explora.cl\/rmnorte\/el-centro-avanzado-de-enfermedades-cronicas-se-adjudico-el-proyecto-explora-region-metropolitana-norte-2023-2024\/"]}]},{"@type":"ImageObject","inLanguage":"es-CL","@id":"https:\/\/explora.cl\/rmnorte\/el-centro-avanzado-de-enfermedades-cronicas-se-adjudico-el-proyecto-explora-region-metropolitana-norte-2023-2024\/#primaryimage","url":"https:\/\/explora.cl\/rmnorte\/wp-content\/uploads\/sites\/11\/2023\/05\/portada.jpg","contentUrl":"https:\/\/explora.cl\/rmnorte\/wp-content\/uploads\/sites\/11\/2023\/05\/portada.jpg","width":1920,"height":1080},{"@type":"BreadcrumbList","@id":"https:\/\/explora.cl\/rmnorte\/el-centro-avanzado-de-enfermedades-cronicas-se-adjudico-el-proyecto-explora-region-metropolitana-norte-2023-2024\/#breadcrumb","itemListElement":[{"@type":"ListItem","position":1,"name":"Portada","item":"https:\/\/explora.cl\/rmnorte\/"},{"@type":"ListItem","position":2,"name":"El Centro Avanzado de Enfermedades Cr\u00f3nicas, se adjudic\u00f3 el Proyecto Explora Regi\u00f3n Metropolitana Norte 2023-2024"}]},{"@type":"WebSite","@id":"https:\/\/explora.cl\/rmnorte\/#website","url":"https:\/\/explora.cl\/rmnorte\/","name":"RM Norte","description":"RM Norte explora.cl","potentialAction":[{"@type":"SearchAction","target":{"@type":"EntryPoint","urlTemplate":"https:\/\/explora.cl\/rmnorte\/?s={search_term_string}"},"query-input":{"@type":"PropertyValueSpecification","valueRequired":true,"valueName":"search_term_string"}}],"inLanguage":"es-CL"},{"@type":"Person","@id":"https:\/\/explora.cl\/rmnorte\/#\/schema\/person\/4ad985b29a183eab4170892260e133a5","name":"dgarcia","image":{"@type":"ImageObject","inLanguage":"es-CL","@id":"https:\/\/explora.cl\/rmnorte\/#\/schema\/person\/image\/","url":"https:\/\/secure.gravatar.com\/avatar\/06e2fd9f68a0c19cd669ddc183de83489acab601aa57958e0f60175e5013e6b7?s=96&d=mm&r=g","contentUrl":"https:\/\/secure.gravatar.com\/avatar\/06e2fd9f68a0c19cd669ddc183de83489acab601aa57958e0f60175e5013e6b7?s=96&d=mm&r=g","caption":"dgarcia"},"url":"https:\/\/explora.cl\/rmnorte\/author\/dgarcia\/"}]}},"_links":{"self":[{"href":"https:\/\/explora.cl\/rmnorte\/wp-json\/wp\/v2\/posts\/41835","targetHints":{"allow":["GET"]}}],"collection":[{"href":"https:\/\/explora.cl\/rmnorte\/wp-json\/wp\/v2\/posts"}],"about":[{"href":"https:\/\/explora.cl\/rmnorte\/wp-json\/wp\/v2\/types\/post"}],"author":[{"embeddable":true,"href":"https:\/\/explora.cl\/rmnorte\/wp-json\/wp\/v2\/users\/26"}],"replies":[{"embeddable":true,"href":"https:\/\/explora.cl\/rmnorte\/wp-json\/wp\/v2\/comments?post=41835"}],"version-history":[{"count":2,"href":"https:\/\/explora.cl\/rmnorte\/wp-json\/wp\/v2\/posts\/41835\/revisions"}],"predecessor-version":[{"id":41840,"href":"https:\/\/explora.cl\/rmnorte\/wp-json\/wp\/v2\/posts\/41835\/revisions\/41840"}],"wp:featuredmedia":[{"embeddable":true,"href":"https:\/\/explora.cl\/rmnorte\/wp-json\/wp\/v2\/media\/41838"}],"wp:attachment":[{"href":"https:\/\/explora.cl\/rmnorte\/wp-json\/wp\/v2\/media?parent=41835"}],"wp:term":[{"taxonomy":"category","embeddable":true,"href":"https:\/\/explora.cl\/rmnorte\/wp-json\/wp\/v2\/categories?post=41835"},{"taxonomy":"post_tag","embeddable":true,"href":"https:\/\/explora.cl\/rmnorte\/wp-json\/wp\/v2\/tags?post=41835"}],"curies":[{"name":"wp","href":"https:\/\/api.w.org\/{rel}","templated":true}]}}