{"id":41815,"date":"2023-03-09T18:02:07","date_gmt":"2023-03-09T21:02:07","guid":{"rendered":"https:\/\/explora.cl\/rmnorte\/?p=41815"},"modified":"2023-06-20T12:48:51","modified_gmt":"2023-06-20T16:48:51","slug":"estudiantes-de-tiltil-y-santa-matilde-participaron-en-la-charla-inaugural-y-exposicion-igualmente-sabias-en-el-centro-cultural-de-tiltil","status":"publish","type":"post","link":"https:\/\/explora.cl\/rmnorte\/estudiantes-de-tiltil-y-santa-matilde-participaron-en-la-charla-inaugural-y-exposicion-igualmente-sabias-en-el-centro-cultural-de-tiltil\/","title":{"rendered":"Estudiantes de Tiltil y Santa Matilde participaron en la Charla Inaugural y Exposici\u00f3n \u201cIgualmente Sabias\u201d en el Centro Cultural de Tiltil"},"content":{"rendered":"<p><em>La exposici\u00f3n a cargo del Proyecto Regional Explora Norte Regi\u00f3n Metropolitana Norte, se encontrar\u00e1 disponible del 7 al 23 de marzo en la sala de Exposiciones del Centro Cultural.<\/em><\/p>\n<p>Con una amplia convocatoria, estudiantes de Tiltil y Santa Matilde asistieron el d\u00eda martes 7 de marzo, a la exposici\u00f3n <strong>\u201cIgualmente Sabias: Creadoras de Conciencia\u201d <\/strong>que destaca el trabajo de doce mujeres que realizan investigaciones, desarrollos tecnol\u00f3gicos, innovaciones o actividades de divulgaci\u00f3n en \u00e1reas vinculadas con el cuidado y protecci\u00f3n del medio ambiental.<\/p>\n<p>La jornada dio inicio con la Charla Inaugural <strong>\u201cCiencias de la Sustentabilidad para la conservaci\u00f3n de la naturaleza\u201d<\/strong>, a cargo de la Bi\u00f3loga y Doctora en Biolog\u00eda de la Conservaci\u00f3n y actual Jefa del Centro de investigaci\u00f3n en recursos naturales y sustentabilidad (CIRENYS) de la Universidad Bernardo O\u00b4Higgins, Carolina Le\u00f3n Valdebenito, quien convers\u00f3 sobre su \u00e1rea de estudio y c\u00f3mo contribuye con la conservaci\u00f3n de la naturaleza.<\/p>\n<p>\u201cPara conservar todos los elementos de la naturaleza no solo hay que tener como base el componente ambiental, sino que tambi\u00e9n se debe involucrar a las comunidades, a las personas y al comportamiento econ\u00f3mico de esas comunidades, y eso intentamos aplicar en mi l\u00ednea de investigaci\u00f3n, junto a mi equipo trabajamos con unos humedales llamados turberas, desde donde crece una planta, la cual es de inter\u00e9s comercial (musgo\u00a0<em>Sphagnum magellanicum<\/em>)\u00a0conocido como pomp\u00f3n\u201d\u00a0explic\u00f3 Carolina.<\/p>\n<p>&nbsp;<\/p>\n<p><strong><img fetchpriority=\"high\" decoding=\"async\" class=\"alignnone wp-image-41823\" src=\"https:\/\/explora.cl\/rmnorte\/wp-content\/uploads\/sites\/11\/2023\/03\/carolina-1024x576.png\" alt=\"\" width=\"700\" height=\"394\" srcset=\"https:\/\/explora.cl\/rmnorte\/wp-content\/uploads\/sites\/11\/2023\/03\/carolina-1024x576.png 1024w, https:\/\/explora.cl\/rmnorte\/wp-content\/uploads\/sites\/11\/2023\/03\/carolina-300x169.png 300w, https:\/\/explora.cl\/rmnorte\/wp-content\/uploads\/sites\/11\/2023\/03\/carolina-768x432.png 768w, https:\/\/explora.cl\/rmnorte\/wp-content\/uploads\/sites\/11\/2023\/03\/carolina.png 1920w\" sizes=\"(max-width: 700px) 100vw, 700px\" \/><\/strong><\/p>\n<p><strong>Luis Valenzuela, alcalde de Tiltil, se\u00f1al\u00f3: <\/strong>\u201cEn el marco de la conmemoraci\u00f3n del D\u00eda Internacional de la Mujer, estas actividades fomentan y producen un inter\u00e9s en nuestras ni\u00f1as y adolescentes y promueven el desarrollar al pensamiento cient\u00edfico, que tanta falta nos hace en la comuna de Tiltil. Por ello, queremos motivar a nuestra comuna a la investigaci\u00f3n cient\u00edfica, abriendo las puertas a las universidades y al desarrollo del pensamiento, y que mejor manera de hacerlo que a trav\u00e9s de mujeres inspiradoras que motiven a nuestras ni\u00f1as, adolescentes y mujeres a seguir estudiando carreras universitarias cient\u00edficas, un espacio que ha sido muchas veces privado para las mujeres y que esperemos que hoy en d\u00eda con los nuevos contextos y nuevas formas de construir sociedad se vayan abriendo la equidad de g\u00e9nero y las puertas a las mujeres en toda la sociedad\u201d.<\/p>\n<p><strong>Javiera Desmartis, directora del Centro Cultural, indic\u00f3:<\/strong> \u201cComo Corporaci\u00f3n Cultural, acogimos esta exposici\u00f3n con el objetivo de impulsar a las ni\u00f1as, j\u00f3venes y mujeres de Tiltil a interesarse y vincularse con la investigaci\u00f3n y divulgaci\u00f3n en \u00e1reas de ciencias, tecnolog\u00eda y medioambiente. Estas 12 cient\u00edficas, son la inspiraci\u00f3n para derribar prejuicios y acortar la brecha de g\u00e9nero en nuestra comuna.<\/p>\n<p><img decoding=\"async\" class=\"alignnone size-medium wp-image-41820\" src=\"https:\/\/explora.cl\/rmnorte\/wp-content\/uploads\/sites\/11\/2023\/03\/WhatsApp-Image-2023-03-07-at-12.24.16-300x284.jpeg\" alt=\"\" width=\"300\" height=\"284\" srcset=\"https:\/\/explora.cl\/rmnorte\/wp-content\/uploads\/sites\/11\/2023\/03\/WhatsApp-Image-2023-03-07-at-12.24.16-300x284.jpeg 300w, https:\/\/explora.cl\/rmnorte\/wp-content\/uploads\/sites\/11\/2023\/03\/WhatsApp-Image-2023-03-07-at-12.24.16-768x728.jpeg 768w, https:\/\/explora.cl\/rmnorte\/wp-content\/uploads\/sites\/11\/2023\/03\/WhatsApp-Image-2023-03-07-at-12.24.16.jpeg 843w\" sizes=\"(max-width: 300px) 100vw, 300px\" \/><\/p>\n<p><strong>Graciela Salinas Monsalve, docente del Liceo Manuel Rodr\u00edguez, <\/strong>\u201cMe pareci\u00f3 una buena iniciativa porque logra que nuestras estudiantes mujeres se empoderen de que las ciencias no es un campo solo para los varones y aunque se ha disminuido la brecha de g\u00e9nero en estas \u00e1reas, a\u00fan falta mucho. Estas instancias son muy valiosas para que nuestras estudiantes conozcan el valor que tiene la ciencia en nuestro pa\u00eds, sobre todo en temas tan importante como el calentamiento global y zonas de sacrificio\u201d<\/p>\n<p>\u201cIgualmente Sabias: Creadoras de Conciencia\u201d, es una actividad organizada por el Proyecto Asociativo Explora Regi\u00f3n Metropolitana Norte, del Ministerio de Ciencia Ministerio de Ciencia, Tecnolog\u00eda, Conocimiento e Innovaci\u00f3n, liderado por la Facultad de Ciencias Qu\u00edmicas y Farmac\u00e9uticas de la Universidad de Chile y ejecutado por el Centro Avanzado de Enfermedades Cr\u00f3nicas (ACCDiS), en conjunto con la Corporaci\u00f3n Cultural de Tiltil.<\/p>\n<p><img decoding=\"async\" class=\"alignnone wp-image-41821\" src=\"https:\/\/explora.cl\/rmnorte\/wp-content\/uploads\/sites\/11\/2023\/03\/13-1024x576.png\" alt=\"\" width=\"700\" height=\"394\" srcset=\"https:\/\/explora.cl\/rmnorte\/wp-content\/uploads\/sites\/11\/2023\/03\/13-1024x576.png 1024w, https:\/\/explora.cl\/rmnorte\/wp-content\/uploads\/sites\/11\/2023\/03\/13-300x169.png 300w, https:\/\/explora.cl\/rmnorte\/wp-content\/uploads\/sites\/11\/2023\/03\/13-768x432.png 768w, https:\/\/explora.cl\/rmnorte\/wp-content\/uploads\/sites\/11\/2023\/03\/13.png 2048w\" sizes=\"(max-width: 700px) 100vw, 700px\" \/><\/p>\n<p><em>La Doctora Carolina Le\u00f3n Valdebenito, el Doctor Mario Chiong del equipo de Explora RM Norte, el Alcalde Luis Valenzuela, las Concejalas Nelda Gil y Mar\u00eda Delgadillo, y Javiera Desmartis, Directora Ejecutiva del Centro Cultural.<\/em><\/p>\n","protected":false},"excerpt":{"rendered":"<p>La exposici\u00f3n a cargo del Proyecto Regional Explora Norte Regi\u00f3n Metropolitana Norte, se encontrar\u00e1 disponible del 7 al 23 de marzo en la sala de Exposiciones del Centro Cultural. <\/p>\n","protected":false},"author":26,"featured_media":41816,"comment_status":"open","ping_status":"open","sticky":false,"template":"","format":"standard","meta":{"_acf_changed":false,"_exactmetrics_skip_tracking":false,"_exactmetrics_sitenote_active":false,"_exactmetrics_sitenote_note":"","_exactmetrics_sitenote_category":0,"footnotes":"","_links_to":"","_links_to_target":""},"categories":[4],"tags":[],"class_list":["post-41815","post","type-post","status-publish","format-standard","has-post-thumbnail","hentry","category-noticias"],"acf":[],"yoast_head":"<!-- This site is optimized with the Yoast SEO plugin v26.9 - https:\/\/yoast.com\/product\/yoast-seo-wordpress\/ -->\n<title>Estudiantes de Tiltil y Santa Matilde participaron en la Charla Inaugural y Exposici\u00f3n \u201cIgualmente Sabias\u201d en el Centro Cultural de Tiltil - RM Norte<\/title>\n<meta name=\"robots\" content=\"index, follow, max-snippet:-1, max-image-preview:large, max-video-preview:-1\" \/>\n<link rel=\"canonical\" href=\"https:\/\/explora.cl\/rmnorte\/estudiantes-de-tiltil-y-santa-matilde-participaron-en-la-charla-inaugural-y-exposicion-igualmente-sabias-en-el-centro-cultural-de-tiltil\/\" class=\"yoast-seo-meta-tag\" \/>\n<meta property=\"og:locale\" content=\"es_ES\" class=\"yoast-seo-meta-tag\" \/>\n<meta property=\"og:type\" content=\"article\" class=\"yoast-seo-meta-tag\" \/>\n<meta property=\"og:title\" content=\"Estudiantes de Tiltil y Santa Matilde participaron en la Charla Inaugural y Exposici\u00f3n \u201cIgualmente Sabias\u201d en el Centro Cultural de Tiltil - RM Norte\" class=\"yoast-seo-meta-tag\" \/>\n<meta property=\"og:description\" content=\"La exposici\u00f3n a cargo del Proyecto Regional Explora Norte Regi\u00f3n Metropolitana Norte, se encontrar\u00e1 disponible del 7 al 23 de marzo en la sala de Exposiciones del Centro Cultural.\" class=\"yoast-seo-meta-tag\" \/>\n<meta property=\"og:url\" content=\"https:\/\/explora.cl\/rmnorte\/estudiantes-de-tiltil-y-santa-matilde-participaron-en-la-charla-inaugural-y-exposicion-igualmente-sabias-en-el-centro-cultural-de-tiltil\/\" class=\"yoast-seo-meta-tag\" \/>\n<meta property=\"og:site_name\" content=\"RM Norte\" class=\"yoast-seo-meta-tag\" \/>\n<meta property=\"article:published_time\" content=\"2023-03-09T21:02:07+00:00\" class=\"yoast-seo-meta-tag\" \/>\n<meta property=\"article:modified_time\" content=\"2023-06-20T16:48:51+00:00\" class=\"yoast-seo-meta-tag\" \/>\n<meta property=\"og:image\" content=\"https:\/\/explora.cl\/rmnorte\/wp-content\/uploads\/sites\/11\/2023\/03\/2-1024x576.png\" class=\"yoast-seo-meta-tag\" \/>\n\t<meta property=\"og:image:width\" content=\"1024\" class=\"yoast-seo-meta-tag\" \/>\n\t<meta property=\"og:image:height\" content=\"576\" class=\"yoast-seo-meta-tag\" \/>\n\t<meta property=\"og:image:type\" content=\"image\/png\" class=\"yoast-seo-meta-tag\" \/>\n<meta name=\"author\" content=\"dgarcia\" class=\"yoast-seo-meta-tag\" \/>\n<meta name=\"twitter:card\" content=\"summary_large_image\" class=\"yoast-seo-meta-tag\" \/>\n<meta name=\"twitter:label1\" content=\"Escrito por\" class=\"yoast-seo-meta-tag\" \/>\n\t<meta name=\"twitter:data1\" content=\"dgarcia\" class=\"yoast-seo-meta-tag\" \/>\n\t<meta name=\"twitter:label2\" content=\"Tiempo estimado de lectura\" class=\"yoast-seo-meta-tag\" \/>\n\t<meta name=\"twitter:data2\" content=\"3 minutos\" class=\"yoast-seo-meta-tag\" \/>\n<script type=\"application\/ld+json\" class=\"yoast-schema-graph\">{\"@context\":\"https:\/\/schema.org\",\"@graph\":[{\"@type\":\"Article\",\"@id\":\"https:\/\/explora.cl\/rmnorte\/estudiantes-de-tiltil-y-santa-matilde-participaron-en-la-charla-inaugural-y-exposicion-igualmente-sabias-en-el-centro-cultural-de-tiltil\/#article\",\"isPartOf\":{\"@id\":\"https:\/\/explora.cl\/rmnorte\/estudiantes-de-tiltil-y-santa-matilde-participaron-en-la-charla-inaugural-y-exposicion-igualmente-sabias-en-el-centro-cultural-de-tiltil\/\"},\"author\":{\"name\":\"dgarcia\",\"@id\":\"https:\/\/explora.cl\/rmnorte\/#\/schema\/person\/4ad985b29a183eab4170892260e133a5\"},\"headline\":\"Estudiantes de Tiltil y Santa Matilde participaron en la Charla Inaugural y Exposici\u00f3n \u201cIgualmente Sabias\u201d en el Centro Cultural de Tiltil\",\"datePublished\":\"2023-03-09T21:02:07+00:00\",\"dateModified\":\"2023-06-20T16:48:51+00:00\",\"mainEntityOfPage\":{\"@id\":\"https:\/\/explora.cl\/rmnorte\/estudiantes-de-tiltil-y-santa-matilde-participaron-en-la-charla-inaugural-y-exposicion-igualmente-sabias-en-el-centro-cultural-de-tiltil\/\"},\"wordCount\":676,\"commentCount\":0,\"image\":{\"@id\":\"https:\/\/explora.cl\/rmnorte\/estudiantes-de-tiltil-y-santa-matilde-participaron-en-la-charla-inaugural-y-exposicion-igualmente-sabias-en-el-centro-cultural-de-tiltil\/#primaryimage\"},\"thumbnailUrl\":\"https:\/\/explora.cl\/rmnorte\/wp-content\/uploads\/sites\/11\/2023\/03\/2.png\",\"articleSection\":[\"Noticias\"],\"inLanguage\":\"es-CL\",\"potentialAction\":[{\"@type\":\"CommentAction\",\"name\":\"Comment\",\"target\":[\"https:\/\/explora.cl\/rmnorte\/estudiantes-de-tiltil-y-santa-matilde-participaron-en-la-charla-inaugural-y-exposicion-igualmente-sabias-en-el-centro-cultural-de-tiltil\/#respond\"]}]},{\"@type\":\"WebPage\",\"@id\":\"https:\/\/explora.cl\/rmnorte\/estudiantes-de-tiltil-y-santa-matilde-participaron-en-la-charla-inaugural-y-exposicion-igualmente-sabias-en-el-centro-cultural-de-tiltil\/\",\"url\":\"https:\/\/explora.cl\/rmnorte\/estudiantes-de-tiltil-y-santa-matilde-participaron-en-la-charla-inaugural-y-exposicion-igualmente-sabias-en-el-centro-cultural-de-tiltil\/\",\"name\":\"Estudiantes de Tiltil y Santa Matilde participaron en la Charla Inaugural y Exposici\u00f3n \u201cIgualmente Sabias\u201d en el Centro Cultural de Tiltil - RM Norte\",\"isPartOf\":{\"@id\":\"https:\/\/explora.cl\/rmnorte\/#website\"},\"primaryImageOfPage\":{\"@id\":\"https:\/\/explora.cl\/rmnorte\/estudiantes-de-tiltil-y-santa-matilde-participaron-en-la-charla-inaugural-y-exposicion-igualmente-sabias-en-el-centro-cultural-de-tiltil\/#primaryimage\"},\"image\":{\"@id\":\"https:\/\/explora.cl\/rmnorte\/estudiantes-de-tiltil-y-santa-matilde-participaron-en-la-charla-inaugural-y-exposicion-igualmente-sabias-en-el-centro-cultural-de-tiltil\/#primaryimage\"},\"thumbnailUrl\":\"https:\/\/explora.cl\/rmnorte\/wp-content\/uploads\/sites\/11\/2023\/03\/2.png\",\"datePublished\":\"2023-03-09T21:02:07+00:00\",\"dateModified\":\"2023-06-20T16:48:51+00:00\",\"author\":{\"@id\":\"https:\/\/explora.cl\/rmnorte\/#\/schema\/person\/4ad985b29a183eab4170892260e133a5\"},\"breadcrumb\":{\"@id\":\"https:\/\/explora.cl\/rmnorte\/estudiantes-de-tiltil-y-santa-matilde-participaron-en-la-charla-inaugural-y-exposicion-igualmente-sabias-en-el-centro-cultural-de-tiltil\/#breadcrumb\"},\"inLanguage\":\"es-CL\",\"potentialAction\":[{\"@type\":\"ReadAction\",\"target\":[\"https:\/\/explora.cl\/rmnorte\/estudiantes-de-tiltil-y-santa-matilde-participaron-en-la-charla-inaugural-y-exposicion-igualmente-sabias-en-el-centro-cultural-de-tiltil\/\"]}]},{\"@type\":\"ImageObject\",\"inLanguage\":\"es-CL\",\"@id\":\"https:\/\/explora.cl\/rmnorte\/estudiantes-de-tiltil-y-santa-matilde-participaron-en-la-charla-inaugural-y-exposicion-igualmente-sabias-en-el-centro-cultural-de-tiltil\/#primaryimage\",\"url\":\"https:\/\/explora.cl\/rmnorte\/wp-content\/uploads\/sites\/11\/2023\/03\/2.png\",\"contentUrl\":\"https:\/\/explora.cl\/rmnorte\/wp-content\/uploads\/sites\/11\/2023\/03\/2.png\",\"width\":2048,\"height\":1152},{\"@type\":\"BreadcrumbList\",\"@id\":\"https:\/\/explora.cl\/rmnorte\/estudiantes-de-tiltil-y-santa-matilde-participaron-en-la-charla-inaugural-y-exposicion-igualmente-sabias-en-el-centro-cultural-de-tiltil\/#breadcrumb\",\"itemListElement\":[{\"@type\":\"ListItem\",\"position\":1,\"name\":\"Portada\",\"item\":\"https:\/\/explora.cl\/rmnorte\/\"},{\"@type\":\"ListItem\",\"position\":2,\"name\":\"Estudiantes de Tiltil y Santa Matilde participaron en la Charla Inaugural y Exposici\u00f3n \u201cIgualmente Sabias\u201d en el Centro Cultural de Tiltil\"}]},{\"@type\":\"WebSite\",\"@id\":\"https:\/\/explora.cl\/rmnorte\/#website\",\"url\":\"https:\/\/explora.cl\/rmnorte\/\",\"name\":\"RM Norte\",\"description\":\"RM Norte explora.cl\",\"potentialAction\":[{\"@type\":\"SearchAction\",\"target\":{\"@type\":\"EntryPoint\",\"urlTemplate\":\"https:\/\/explora.cl\/rmnorte\/?s={search_term_string}\"},\"query-input\":{\"@type\":\"PropertyValueSpecification\",\"valueRequired\":true,\"valueName\":\"search_term_string\"}}],\"inLanguage\":\"es-CL\"},{\"@type\":\"Person\",\"@id\":\"https:\/\/explora.cl\/rmnorte\/#\/schema\/person\/4ad985b29a183eab4170892260e133a5\",\"name\":\"dgarcia\",\"image\":{\"@type\":\"ImageObject\",\"inLanguage\":\"es-CL\",\"@id\":\"https:\/\/explora.cl\/rmnorte\/#\/schema\/person\/image\/\",\"url\":\"https:\/\/secure.gravatar.com\/avatar\/06e2fd9f68a0c19cd669ddc183de83489acab601aa57958e0f60175e5013e6b7?s=96&d=mm&r=g\",\"contentUrl\":\"https:\/\/secure.gravatar.com\/avatar\/06e2fd9f68a0c19cd669ddc183de83489acab601aa57958e0f60175e5013e6b7?s=96&d=mm&r=g\",\"caption\":\"dgarcia\"},\"url\":\"https:\/\/explora.cl\/rmnorte\/author\/dgarcia\/\"}]}<\/script>\n<!-- \/ Yoast SEO plugin. -->","yoast_head_json":{"title":"Estudiantes de Tiltil y Santa Matilde participaron en la Charla Inaugural y Exposici\u00f3n \u201cIgualmente Sabias\u201d en el Centro Cultural de Tiltil - RM Norte","robots":{"index":"index","follow":"follow","max-snippet":"max-snippet:-1","max-image-preview":"max-image-preview:large","max-video-preview":"max-video-preview:-1"},"canonical":"https:\/\/explora.cl\/rmnorte\/estudiantes-de-tiltil-y-santa-matilde-participaron-en-la-charla-inaugural-y-exposicion-igualmente-sabias-en-el-centro-cultural-de-tiltil\/","og_locale":"es_ES","og_type":"article","og_title":"Estudiantes de Tiltil y Santa Matilde participaron en la Charla Inaugural y Exposici\u00f3n \u201cIgualmente Sabias\u201d en el Centro Cultural de Tiltil - RM Norte","og_description":"La exposici\u00f3n a cargo del Proyecto Regional Explora Norte Regi\u00f3n Metropolitana Norte, se encontrar\u00e1 disponible del 7 al 23 de marzo en la sala de Exposiciones del Centro Cultural.","og_url":"https:\/\/explora.cl\/rmnorte\/estudiantes-de-tiltil-y-santa-matilde-participaron-en-la-charla-inaugural-y-exposicion-igualmente-sabias-en-el-centro-cultural-de-tiltil\/","og_site_name":"RM Norte","article_published_time":"2023-03-09T21:02:07+00:00","article_modified_time":"2023-06-20T16:48:51+00:00","og_image":[{"width":1024,"height":576,"url":"https:\/\/explora.cl\/rmnorte\/wp-content\/uploads\/sites\/11\/2023\/03\/2-1024x576.png","type":"image\/png"}],"author":"dgarcia","twitter_card":"summary_large_image","twitter_misc":{"Escrito por":"dgarcia","Tiempo estimado de lectura":"3 minutos"},"schema":{"@context":"https:\/\/schema.org","@graph":[{"@type":"Article","@id":"https:\/\/explora.cl\/rmnorte\/estudiantes-de-tiltil-y-santa-matilde-participaron-en-la-charla-inaugural-y-exposicion-igualmente-sabias-en-el-centro-cultural-de-tiltil\/#article","isPartOf":{"@id":"https:\/\/explora.cl\/rmnorte\/estudiantes-de-tiltil-y-santa-matilde-participaron-en-la-charla-inaugural-y-exposicion-igualmente-sabias-en-el-centro-cultural-de-tiltil\/"},"author":{"name":"dgarcia","@id":"https:\/\/explora.cl\/rmnorte\/#\/schema\/person\/4ad985b29a183eab4170892260e133a5"},"headline":"Estudiantes de Tiltil y Santa Matilde participaron en la Charla Inaugural y Exposici\u00f3n \u201cIgualmente Sabias\u201d en el Centro Cultural de Tiltil","datePublished":"2023-03-09T21:02:07+00:00","dateModified":"2023-06-20T16:48:51+00:00","mainEntityOfPage":{"@id":"https:\/\/explora.cl\/rmnorte\/estudiantes-de-tiltil-y-santa-matilde-participaron-en-la-charla-inaugural-y-exposicion-igualmente-sabias-en-el-centro-cultural-de-tiltil\/"},"wordCount":676,"commentCount":0,"image":{"@id":"https:\/\/explora.cl\/rmnorte\/estudiantes-de-tiltil-y-santa-matilde-participaron-en-la-charla-inaugural-y-exposicion-igualmente-sabias-en-el-centro-cultural-de-tiltil\/#primaryimage"},"thumbnailUrl":"https:\/\/explora.cl\/rmnorte\/wp-content\/uploads\/sites\/11\/2023\/03\/2.png","articleSection":["Noticias"],"inLanguage":"es-CL","potentialAction":[{"@type":"CommentAction","name":"Comment","target":["https:\/\/explora.cl\/rmnorte\/estudiantes-de-tiltil-y-santa-matilde-participaron-en-la-charla-inaugural-y-exposicion-igualmente-sabias-en-el-centro-cultural-de-tiltil\/#respond"]}]},{"@type":"WebPage","@id":"https:\/\/explora.cl\/rmnorte\/estudiantes-de-tiltil-y-santa-matilde-participaron-en-la-charla-inaugural-y-exposicion-igualmente-sabias-en-el-centro-cultural-de-tiltil\/","url":"https:\/\/explora.cl\/rmnorte\/estudiantes-de-tiltil-y-santa-matilde-participaron-en-la-charla-inaugural-y-exposicion-igualmente-sabias-en-el-centro-cultural-de-tiltil\/","name":"Estudiantes de Tiltil y Santa Matilde participaron en la Charla Inaugural y Exposici\u00f3n \u201cIgualmente Sabias\u201d en el Centro Cultural de Tiltil - RM Norte","isPartOf":{"@id":"https:\/\/explora.cl\/rmnorte\/#website"},"primaryImageOfPage":{"@id":"https:\/\/explora.cl\/rmnorte\/estudiantes-de-tiltil-y-santa-matilde-participaron-en-la-charla-inaugural-y-exposicion-igualmente-sabias-en-el-centro-cultural-de-tiltil\/#primaryimage"},"image":{"@id":"https:\/\/explora.cl\/rmnorte\/estudiantes-de-tiltil-y-santa-matilde-participaron-en-la-charla-inaugural-y-exposicion-igualmente-sabias-en-el-centro-cultural-de-tiltil\/#primaryimage"},"thumbnailUrl":"https:\/\/explora.cl\/rmnorte\/wp-content\/uploads\/sites\/11\/2023\/03\/2.png","datePublished":"2023-03-09T21:02:07+00:00","dateModified":"2023-06-20T16:48:51+00:00","author":{"@id":"https:\/\/explora.cl\/rmnorte\/#\/schema\/person\/4ad985b29a183eab4170892260e133a5"},"breadcrumb":{"@id":"https:\/\/explora.cl\/rmnorte\/estudiantes-de-tiltil-y-santa-matilde-participaron-en-la-charla-inaugural-y-exposicion-igualmente-sabias-en-el-centro-cultural-de-tiltil\/#breadcrumb"},"inLanguage":"es-CL","potentialAction":[{"@type":"ReadAction","target":["https:\/\/explora.cl\/rmnorte\/estudiantes-de-tiltil-y-santa-matilde-participaron-en-la-charla-inaugural-y-exposicion-igualmente-sabias-en-el-centro-cultural-de-tiltil\/"]}]},{"@type":"ImageObject","inLanguage":"es-CL","@id":"https:\/\/explora.cl\/rmnorte\/estudiantes-de-tiltil-y-santa-matilde-participaron-en-la-charla-inaugural-y-exposicion-igualmente-sabias-en-el-centro-cultural-de-tiltil\/#primaryimage","url":"https:\/\/explora.cl\/rmnorte\/wp-content\/uploads\/sites\/11\/2023\/03\/2.png","contentUrl":"https:\/\/explora.cl\/rmnorte\/wp-content\/uploads\/sites\/11\/2023\/03\/2.png","width":2048,"height":1152},{"@type":"BreadcrumbList","@id":"https:\/\/explora.cl\/rmnorte\/estudiantes-de-tiltil-y-santa-matilde-participaron-en-la-charla-inaugural-y-exposicion-igualmente-sabias-en-el-centro-cultural-de-tiltil\/#breadcrumb","itemListElement":[{"@type":"ListItem","position":1,"name":"Portada","item":"https:\/\/explora.cl\/rmnorte\/"},{"@type":"ListItem","position":2,"name":"Estudiantes de Tiltil y Santa Matilde participaron en la Charla Inaugural y Exposici\u00f3n \u201cIgualmente Sabias\u201d en el Centro Cultural de Tiltil"}]},{"@type":"WebSite","@id":"https:\/\/explora.cl\/rmnorte\/#website","url":"https:\/\/explora.cl\/rmnorte\/","name":"RM Norte","description":"RM Norte explora.cl","potentialAction":[{"@type":"SearchAction","target":{"@type":"EntryPoint","urlTemplate":"https:\/\/explora.cl\/rmnorte\/?s={search_term_string}"},"query-input":{"@type":"PropertyValueSpecification","valueRequired":true,"valueName":"search_term_string"}}],"inLanguage":"es-CL"},{"@type":"Person","@id":"https:\/\/explora.cl\/rmnorte\/#\/schema\/person\/4ad985b29a183eab4170892260e133a5","name":"dgarcia","image":{"@type":"ImageObject","inLanguage":"es-CL","@id":"https:\/\/explora.cl\/rmnorte\/#\/schema\/person\/image\/","url":"https:\/\/secure.gravatar.com\/avatar\/06e2fd9f68a0c19cd669ddc183de83489acab601aa57958e0f60175e5013e6b7?s=96&d=mm&r=g","contentUrl":"https:\/\/secure.gravatar.com\/avatar\/06e2fd9f68a0c19cd669ddc183de83489acab601aa57958e0f60175e5013e6b7?s=96&d=mm&r=g","caption":"dgarcia"},"url":"https:\/\/explora.cl\/rmnorte\/author\/dgarcia\/"}]}},"_links":{"self":[{"href":"https:\/\/explora.cl\/rmnorte\/wp-json\/wp\/v2\/posts\/41815","targetHints":{"allow":["GET"]}}],"collection":[{"href":"https:\/\/explora.cl\/rmnorte\/wp-json\/wp\/v2\/posts"}],"about":[{"href":"https:\/\/explora.cl\/rmnorte\/wp-json\/wp\/v2\/types\/post"}],"author":[{"embeddable":true,"href":"https:\/\/explora.cl\/rmnorte\/wp-json\/wp\/v2\/users\/26"}],"replies":[{"embeddable":true,"href":"https:\/\/explora.cl\/rmnorte\/wp-json\/wp\/v2\/comments?post=41815"}],"version-history":[{"count":1,"href":"https:\/\/explora.cl\/rmnorte\/wp-json\/wp\/v2\/posts\/41815\/revisions"}],"predecessor-version":[{"id":41824,"href":"https:\/\/explora.cl\/rmnorte\/wp-json\/wp\/v2\/posts\/41815\/revisions\/41824"}],"wp:featuredmedia":[{"embeddable":true,"href":"https:\/\/explora.cl\/rmnorte\/wp-json\/wp\/v2\/media\/41816"}],"wp:attachment":[{"href":"https:\/\/explora.cl\/rmnorte\/wp-json\/wp\/v2\/media?parent=41815"}],"wp:term":[{"taxonomy":"category","embeddable":true,"href":"https:\/\/explora.cl\/rmnorte\/wp-json\/wp\/v2\/categories?post=41815"},{"taxonomy":"post_tag","embeddable":true,"href":"https:\/\/explora.cl\/rmnorte\/wp-json\/wp\/v2\/tags?post=41815"}],"curies":[{"name":"wp","href":"https:\/\/api.w.org\/{rel}","templated":true}]}}