{"id":41807,"date":"2023-03-06T12:15:37","date_gmt":"2023-03-06T15:15:37","guid":{"rendered":"https:\/\/explora.cl\/rmnorte\/?p=41807"},"modified":"2023-06-20T13:16:47","modified_gmt":"2023-06-20T17:16:47","slug":"exposicion-igualmente-sabias-destaca-la-contribucion-cientifica-de-diversas-generaciones","status":"publish","type":"post","link":"https:\/\/explora.cl\/rmnorte\/exposicion-igualmente-sabias-destaca-la-contribucion-cientifica-de-diversas-generaciones\/","title":{"rendered":"Exposici\u00f3n Igualmente Sabias destaca la contribuci\u00f3n cient\u00edfica de diversas generaciones"},"content":{"rendered":"<p><strong>Mujeres cient\u00edficas: conoce c\u00f3mo contribuyen con el medio ambiente<\/strong><\/p>\n<p><em>Con tan solo 29 a\u00f1os de edad, Constanza Levic\u00e1n Torres es fundadora de Suncast start-up chilena que une la Inteligencia Artificial a las energ\u00edas renovables, con el fin de trabajar por un futuro m\u00e1s sustentable y crear tecnolog\u00eda chilena exportable. Fabiola Sep\u00falveda, tambi\u00e9n es una de las investigadoras destacas en la exposici\u00f3n, dentro de sus l\u00edneas de acci\u00f3n se encuentra la b\u00fasqueda de alternativas a las quemas agr\u00edcolas y fomentar la agroecolog\u00eda. <\/em><\/p>\n<p><strong>Igualmente Sabias \u201cCreadoras de conciencia\u201d<\/strong> es la exposici\u00f3n itinerante que destaca el trabajo de doce mujeres que realizan investigaciones, desarrollos tecnol\u00f3gicos, innovaciones o actividades de divulgaci\u00f3n en \u00e1reas vinculadas con el cuidado y protecci\u00f3n del medio ambiental, organizada por Proyecto Asociativo Explora Regi\u00f3n Metropolitana Norte, del Ministerio de Ciencia Ministerio de Ciencia, Tecnolog\u00eda, Conocimiento e Innovaci\u00f3n.<\/p>\n<p>Desde noviembre hasta marzo, la exposici\u00f3n ha visitado diversos lugares de Santiago, entre ellos la Biblioteca P\u00fablica Pedro Lemebel de Recoleta, Biblioparque Pablo Neruda de Recoleta, Centro de Atenci\u00f3n Primaria Ambiental (CAPA) de Pudahuel, Centro Cultura de Til Til, Museo de la Educaci\u00f3n Gabriela Mistral, Biblioteca de Santiago y tambi\u00e9n est\u00e1 disponible en su formato virtual en la web del proyecto (Ver <a href=\"https:\/\/peopleartfactory.com\/g\/QuadMRxvRa0eU5xZRJOz-copy-e063e510\">aqu\u00ed<\/a>).<\/p>\n<p>Conoce c\u00f3mo algunas de las cient\u00edficas contribuyen con el medio ambiente:<\/p>\n<p><strong><em>Aplicaci\u00f3n de la inteligencia artificial a las energ\u00edas renovables<\/em><\/strong><\/p>\n<p><strong>Constanza Levic\u00e1n Torres <\/strong>es fundadora de Suncast, start-up chilena que naci\u00f3 en el 2017 con el objetivo de acelerar la transici\u00f3n hacia las energ\u00edas limpias.<\/p>\n<p>Dentro de los alcances de Suncast se encuentra la predicci\u00f3n de energ\u00eda solar y e\u00f3lica, es decir predecir la generaci\u00f3n de energ\u00eda de plantas fotovoltaicas y e\u00f3licas con modelos de alta precisi\u00f3n para cumplir con la normativa vigente, \u201ctambi\u00e9n trabajamos con la predicci\u00f3n de Soiling, podemos predecir cu\u00e1ndo y cu\u00e1ntas veces se debe realizar las limpiezas de los paneles fotovoltaicos de los grandes parques, esto representa reducci\u00f3n de costos y automatizaci\u00f3n de procesos tradicionales\u201d explic\u00f3 Constanza.<\/p>\n<p><img fetchpriority=\"high\" decoding=\"async\" class=\"alignnone wp-image-41810\" src=\"https:\/\/explora.cl\/rmnorte\/wp-content\/uploads\/sites\/11\/2023\/03\/18082022-_MG_4302-1024x683.jpg\" alt=\"\" width=\"700\" height=\"467\" srcset=\"https:\/\/explora.cl\/rmnorte\/wp-content\/uploads\/sites\/11\/2023\/03\/18082022-_MG_4302-1024x683.jpg 1024w, https:\/\/explora.cl\/rmnorte\/wp-content\/uploads\/sites\/11\/2023\/03\/18082022-_MG_4302-300x200.jpg 300w, https:\/\/explora.cl\/rmnorte\/wp-content\/uploads\/sites\/11\/2023\/03\/18082022-_MG_4302-768x512.jpg 768w\" sizes=\"(max-width: 700px) 100vw, 700px\" \/><\/p>\n<p><strong><em>Agroecolog\u00eda e intercambio de saberes con la comunidad agr\u00edcola <\/em><\/strong><\/p>\n<p>En su compromiso de promover una agricultura sustentable, INIA La Platina trabaja de manera comprometida con los agricultores y agricultoras de la Regi\u00f3n, Metropolitana, promoviendo pr\u00e1cticas sustentables y viables en el manejo de sus residuos agr\u00edcolas.<\/p>\n<p><strong>Fabiola Sep\u00falveda<\/strong> trabaja en INIA La Platina desde hace 10 a\u00f1os y a trav\u00e9s del financiamiento del Gobierno Regional Metropolitano de Santiago y su Consejo, se desarroll\u00f3 un proyecto llamado \u201cAdaptaci\u00f3n al cambio clim\u00e1tico: pr\u00e1cticas alternativas al uso del fuego en el sector agropecuario de la RMS\u201d el cual re\u00fane a m\u00e1s de 45 agricultores y agricultoras, los cuales fueron incorporados a la cadena productiva, se realizaron capacitaciones a m\u00e1s de 800 personas en pr\u00e1cticas alternativas al uso del fuego, y se entregaron tres m\u00e1quinas chipeadoras a disposici\u00f3n de la comunidad, en las comunas de San Pedro, Melipilla y Curacav\u00ed.<\/p>\n<p>\u201cTodo lo anterior, con el fin de facilitar y promover el correcto uso de sus residuos, d\u00e1ndoles un valor agregado y mejorando sus suelos, producci\u00f3n, biodiversidad y retenci\u00f3n de humedad\u201d coment\u00f3 Fabiola.<\/p>\n<p><img decoding=\"async\" class=\"alignnone wp-image-41811\" src=\"https:\/\/explora.cl\/rmnorte\/wp-content\/uploads\/sites\/11\/2023\/03\/wY1ojEE4-1024x683.jpeg\" alt=\"\" width=\"700\" height=\"467\" srcset=\"https:\/\/explora.cl\/rmnorte\/wp-content\/uploads\/sites\/11\/2023\/03\/wY1ojEE4-1024x683.jpeg 1024w, https:\/\/explora.cl\/rmnorte\/wp-content\/uploads\/sites\/11\/2023\/03\/wY1ojEE4-300x200.jpeg 300w, https:\/\/explora.cl\/rmnorte\/wp-content\/uploads\/sites\/11\/2023\/03\/wY1ojEE4-768x512.jpeg 768w\" sizes=\"(max-width: 700px) 100vw, 700px\" \/><\/p>\n<p><strong>Estudios gen\u00f3mica de los \u00e1rboles frutales para enfrentar los desaf\u00edos del cambio clim\u00e1tico <\/strong><\/p>\n<p><strong>Lee Ann Meisel<\/strong> cuenta con m\u00e1s de 20 a\u00f1os de experiencia acad\u00e9mica y es una de las pioneras en la investigaci\u00f3n gen\u00f3mica de Chile. Estos estudios permiten entender al nivel gen\u00e9tico (genotipo) que gen o genes juegan un rol en un car\u00e1cter de inter\u00e9s (fenotipo), y adem\u00e1s entender la interacci\u00f3n de los genes entre s\u00ed y con su entorno, explic\u00f3 Lee.<\/p>\n<p>\u201cPor ejemplo, los estudios gen\u00f3micos de \u00e1rboles frutales, como el cerezo (<em>Prunus avium<\/em>), est\u00e1n ayudando en la identificaci\u00f3n de factores moleculares asociados con floraci\u00f3n, polinizaci\u00f3n, maduraci\u00f3n y acumulaci\u00f3n de compuestos antioxidantes, entre otros. Esta informaci\u00f3n sirve como herramienta para entender mejor el proceso de desarrollo y crecimiento de los frutos, y como se relacionan con su entorno\u201d agreg\u00f3.<\/p>\n<p>Este conocimiento puede ser utilizado tecnol\u00f3gicamente para optimizar la aplicaci\u00f3n de reguladores de crecimiento en el campo, implementaci\u00f3n de programas de mejoramiento gen\u00e9tico para producir frutas de mejor calidad de postcosecha lo cual ayudar\u00e1 a minimizar la p\u00e9rdida de alimentos, entre otros. Con estas nuevas herramientas se espera ayudar en transformar la cadena alimentaria frut\u00edcola a un sistema alimentario sostenible, finaliz\u00f3 la investigadora.<\/p>\n<p><img decoding=\"async\" class=\"alignnone wp-image-41812\" src=\"https:\/\/explora.cl\/rmnorte\/wp-content\/uploads\/sites\/11\/2023\/03\/2yjDbcSM-1024x683.jpeg\" alt=\"\" width=\"700\" height=\"467\" srcset=\"https:\/\/explora.cl\/rmnorte\/wp-content\/uploads\/sites\/11\/2023\/03\/2yjDbcSM-1024x683.jpeg 1024w, https:\/\/explora.cl\/rmnorte\/wp-content\/uploads\/sites\/11\/2023\/03\/2yjDbcSM-300x200.jpeg 300w, https:\/\/explora.cl\/rmnorte\/wp-content\/uploads\/sites\/11\/2023\/03\/2yjDbcSM-768x512.jpeg 768w\" sizes=\"(max-width: 700px) 100vw, 700px\" \/><\/p>\n<p><strong>Nuevas direcciones para visitar la exposici\u00f3n durante marzo<\/strong><\/p>\n<p>El pr\u00f3ximo martes 7 de marzo, desde las 11 horas se inaugurar\u00e1 la exposici\u00f3n en el Centro Cultural Tiltil ubicado en Arturo Prat 215. La charla inaugural estar\u00e1 a cargo de la Dra. Carolina Valdebenito, bi\u00f3loga y jefa del Centro de Investigaci\u00f3n en Recursos Naturales y Sustentabilidad de la Universidad Bernardo O\u2019Higgins quien conversar\u00e1 sobre \u201cCiencia de la sustentabilidad para la conservaci\u00f3n de la naturaleza\u201d. Entrada gratuita.<\/p>\n<p>Tambi\u00e9n se podr\u00e1 visitar la exposici\u00f3n en la Biblioteca de Santiago \u2013 Sala Juvenil \u2013 de martes a viernes desde las 11 hasta las 19 horas y los s\u00e1bados y domingos desde las 11:30 hasta 17 horas.<\/p>\n","protected":false},"excerpt":{"rendered":"<p>Mujeres cient\u00edficas: conoce c\u00f3mo contribuyen con el medio ambiente<\/p>\n","protected":false},"author":26,"featured_media":41809,"comment_status":"open","ping_status":"open","sticky":false,"template":"","format":"standard","meta":{"_acf_changed":false,"_exactmetrics_skip_tracking":false,"_exactmetrics_sitenote_active":false,"_exactmetrics_sitenote_note":"","_exactmetrics_sitenote_category":0,"footnotes":"","_links_to":"","_links_to_target":""},"categories":[4],"tags":[],"class_list":["post-41807","post","type-post","status-publish","format-standard","has-post-thumbnail","hentry","category-noticias"],"acf":[],"yoast_head":"<!-- This site is optimized with the Yoast SEO plugin v26.9 - https:\/\/yoast.com\/product\/yoast-seo-wordpress\/ -->\n<title>Exposici\u00f3n Igualmente Sabias destaca la contribuci\u00f3n cient\u00edfica de diversas generaciones - RM Norte<\/title>\n<meta name=\"robots\" content=\"index, follow, max-snippet:-1, max-image-preview:large, max-video-preview:-1\" \/>\n<link rel=\"canonical\" href=\"https:\/\/explora.cl\/rmnorte\/exposicion-igualmente-sabias-destaca-la-contribucion-cientifica-de-diversas-generaciones\/\" class=\"yoast-seo-meta-tag\" \/>\n<meta property=\"og:locale\" content=\"es_ES\" class=\"yoast-seo-meta-tag\" \/>\n<meta property=\"og:type\" content=\"article\" class=\"yoast-seo-meta-tag\" \/>\n<meta property=\"og:title\" content=\"Exposici\u00f3n Igualmente Sabias destaca la contribuci\u00f3n cient\u00edfica de diversas generaciones - RM Norte\" class=\"yoast-seo-meta-tag\" \/>\n<meta property=\"og:description\" content=\"Mujeres cient\u00edficas: conoce c\u00f3mo contribuyen con el medio ambiente\" class=\"yoast-seo-meta-tag\" \/>\n<meta property=\"og:url\" content=\"https:\/\/explora.cl\/rmnorte\/exposicion-igualmente-sabias-destaca-la-contribucion-cientifica-de-diversas-generaciones\/\" class=\"yoast-seo-meta-tag\" \/>\n<meta property=\"og:site_name\" content=\"RM Norte\" class=\"yoast-seo-meta-tag\" \/>\n<meta property=\"article:published_time\" content=\"2023-03-06T15:15:37+00:00\" class=\"yoast-seo-meta-tag\" \/>\n<meta property=\"article:modified_time\" content=\"2023-06-20T17:16:47+00:00\" class=\"yoast-seo-meta-tag\" \/>\n<meta property=\"og:image\" content=\"https:\/\/explora.cl\/rmnorte\/wp-content\/uploads\/sites\/11\/2023\/03\/Dise\u00f1o-sin-t\u00edtulo-5-1-1024x682.png\" class=\"yoast-seo-meta-tag\" \/>\n\t<meta property=\"og:image:width\" content=\"1024\" class=\"yoast-seo-meta-tag\" \/>\n\t<meta property=\"og:image:height\" content=\"682\" class=\"yoast-seo-meta-tag\" \/>\n\t<meta property=\"og:image:type\" content=\"image\/png\" class=\"yoast-seo-meta-tag\" \/>\n<meta name=\"author\" content=\"dgarcia\" class=\"yoast-seo-meta-tag\" \/>\n<meta name=\"twitter:card\" content=\"summary_large_image\" class=\"yoast-seo-meta-tag\" \/>\n<meta name=\"twitter:label1\" content=\"Escrito por\" class=\"yoast-seo-meta-tag\" \/>\n\t<meta name=\"twitter:data1\" content=\"dgarcia\" class=\"yoast-seo-meta-tag\" \/>\n\t<meta name=\"twitter:label2\" content=\"Tiempo estimado de lectura\" class=\"yoast-seo-meta-tag\" \/>\n\t<meta name=\"twitter:data2\" content=\"4 minutos\" class=\"yoast-seo-meta-tag\" \/>\n<script type=\"application\/ld+json\" class=\"yoast-schema-graph\">{\"@context\":\"https:\/\/schema.org\",\"@graph\":[{\"@type\":\"Article\",\"@id\":\"https:\/\/explora.cl\/rmnorte\/exposicion-igualmente-sabias-destaca-la-contribucion-cientifica-de-diversas-generaciones\/#article\",\"isPartOf\":{\"@id\":\"https:\/\/explora.cl\/rmnorte\/exposicion-igualmente-sabias-destaca-la-contribucion-cientifica-de-diversas-generaciones\/\"},\"author\":{\"name\":\"dgarcia\",\"@id\":\"https:\/\/explora.cl\/rmnorte\/#\/schema\/person\/4ad985b29a183eab4170892260e133a5\"},\"headline\":\"Exposici\u00f3n Igualmente Sabias destaca la contribuci\u00f3n cient\u00edfica de diversas generaciones\",\"datePublished\":\"2023-03-06T15:15:37+00:00\",\"dateModified\":\"2023-06-20T17:16:47+00:00\",\"mainEntityOfPage\":{\"@id\":\"https:\/\/explora.cl\/rmnorte\/exposicion-igualmente-sabias-destaca-la-contribucion-cientifica-de-diversas-generaciones\/\"},\"wordCount\":907,\"commentCount\":0,\"image\":{\"@id\":\"https:\/\/explora.cl\/rmnorte\/exposicion-igualmente-sabias-destaca-la-contribucion-cientifica-de-diversas-generaciones\/#primaryimage\"},\"thumbnailUrl\":\"https:\/\/explora.cl\/rmnorte\/wp-content\/uploads\/sites\/11\/2023\/03\/Dise\u00f1o-sin-t\u00edtulo-5-1.png\",\"articleSection\":[\"Noticias\"],\"inLanguage\":\"es-CL\",\"potentialAction\":[{\"@type\":\"CommentAction\",\"name\":\"Comment\",\"target\":[\"https:\/\/explora.cl\/rmnorte\/exposicion-igualmente-sabias-destaca-la-contribucion-cientifica-de-diversas-generaciones\/#respond\"]}]},{\"@type\":\"WebPage\",\"@id\":\"https:\/\/explora.cl\/rmnorte\/exposicion-igualmente-sabias-destaca-la-contribucion-cientifica-de-diversas-generaciones\/\",\"url\":\"https:\/\/explora.cl\/rmnorte\/exposicion-igualmente-sabias-destaca-la-contribucion-cientifica-de-diversas-generaciones\/\",\"name\":\"Exposici\u00f3n Igualmente Sabias destaca la contribuci\u00f3n cient\u00edfica de diversas generaciones - RM Norte\",\"isPartOf\":{\"@id\":\"https:\/\/explora.cl\/rmnorte\/#website\"},\"primaryImageOfPage\":{\"@id\":\"https:\/\/explora.cl\/rmnorte\/exposicion-igualmente-sabias-destaca-la-contribucion-cientifica-de-diversas-generaciones\/#primaryimage\"},\"image\":{\"@id\":\"https:\/\/explora.cl\/rmnorte\/exposicion-igualmente-sabias-destaca-la-contribucion-cientifica-de-diversas-generaciones\/#primaryimage\"},\"thumbnailUrl\":\"https:\/\/explora.cl\/rmnorte\/wp-content\/uploads\/sites\/11\/2023\/03\/Dise\u00f1o-sin-t\u00edtulo-5-1.png\",\"datePublished\":\"2023-03-06T15:15:37+00:00\",\"dateModified\":\"2023-06-20T17:16:47+00:00\",\"author\":{\"@id\":\"https:\/\/explora.cl\/rmnorte\/#\/schema\/person\/4ad985b29a183eab4170892260e133a5\"},\"breadcrumb\":{\"@id\":\"https:\/\/explora.cl\/rmnorte\/exposicion-igualmente-sabias-destaca-la-contribucion-cientifica-de-diversas-generaciones\/#breadcrumb\"},\"inLanguage\":\"es-CL\",\"potentialAction\":[{\"@type\":\"ReadAction\",\"target\":[\"https:\/\/explora.cl\/rmnorte\/exposicion-igualmente-sabias-destaca-la-contribucion-cientifica-de-diversas-generaciones\/\"]}]},{\"@type\":\"ImageObject\",\"inLanguage\":\"es-CL\",\"@id\":\"https:\/\/explora.cl\/rmnorte\/exposicion-igualmente-sabias-destaca-la-contribucion-cientifica-de-diversas-generaciones\/#primaryimage\",\"url\":\"https:\/\/explora.cl\/rmnorte\/wp-content\/uploads\/sites\/11\/2023\/03\/Dise\u00f1o-sin-t\u00edtulo-5-1.png\",\"contentUrl\":\"https:\/\/explora.cl\/rmnorte\/wp-content\/uploads\/sites\/11\/2023\/03\/Dise\u00f1o-sin-t\u00edtulo-5-1.png\",\"width\":2048,\"height\":1363},{\"@type\":\"BreadcrumbList\",\"@id\":\"https:\/\/explora.cl\/rmnorte\/exposicion-igualmente-sabias-destaca-la-contribucion-cientifica-de-diversas-generaciones\/#breadcrumb\",\"itemListElement\":[{\"@type\":\"ListItem\",\"position\":1,\"name\":\"Portada\",\"item\":\"https:\/\/explora.cl\/rmnorte\/\"},{\"@type\":\"ListItem\",\"position\":2,\"name\":\"Exposici\u00f3n Igualmente Sabias destaca la contribuci\u00f3n cient\u00edfica de diversas generaciones\"}]},{\"@type\":\"WebSite\",\"@id\":\"https:\/\/explora.cl\/rmnorte\/#website\",\"url\":\"https:\/\/explora.cl\/rmnorte\/\",\"name\":\"RM Norte\",\"description\":\"RM Norte explora.cl\",\"potentialAction\":[{\"@type\":\"SearchAction\",\"target\":{\"@type\":\"EntryPoint\",\"urlTemplate\":\"https:\/\/explora.cl\/rmnorte\/?s={search_term_string}\"},\"query-input\":{\"@type\":\"PropertyValueSpecification\",\"valueRequired\":true,\"valueName\":\"search_term_string\"}}],\"inLanguage\":\"es-CL\"},{\"@type\":\"Person\",\"@id\":\"https:\/\/explora.cl\/rmnorte\/#\/schema\/person\/4ad985b29a183eab4170892260e133a5\",\"name\":\"dgarcia\",\"image\":{\"@type\":\"ImageObject\",\"inLanguage\":\"es-CL\",\"@id\":\"https:\/\/explora.cl\/rmnorte\/#\/schema\/person\/image\/\",\"url\":\"https:\/\/secure.gravatar.com\/avatar\/06e2fd9f68a0c19cd669ddc183de83489acab601aa57958e0f60175e5013e6b7?s=96&d=mm&r=g\",\"contentUrl\":\"https:\/\/secure.gravatar.com\/avatar\/06e2fd9f68a0c19cd669ddc183de83489acab601aa57958e0f60175e5013e6b7?s=96&d=mm&r=g\",\"caption\":\"dgarcia\"},\"url\":\"https:\/\/explora.cl\/rmnorte\/author\/dgarcia\/\"}]}<\/script>\n<!-- \/ Yoast SEO plugin. -->","yoast_head_json":{"title":"Exposici\u00f3n Igualmente Sabias destaca la contribuci\u00f3n cient\u00edfica de diversas generaciones - RM Norte","robots":{"index":"index","follow":"follow","max-snippet":"max-snippet:-1","max-image-preview":"max-image-preview:large","max-video-preview":"max-video-preview:-1"},"canonical":"https:\/\/explora.cl\/rmnorte\/exposicion-igualmente-sabias-destaca-la-contribucion-cientifica-de-diversas-generaciones\/","og_locale":"es_ES","og_type":"article","og_title":"Exposici\u00f3n Igualmente Sabias destaca la contribuci\u00f3n cient\u00edfica de diversas generaciones - RM Norte","og_description":"Mujeres cient\u00edficas: conoce c\u00f3mo contribuyen con el medio ambiente","og_url":"https:\/\/explora.cl\/rmnorte\/exposicion-igualmente-sabias-destaca-la-contribucion-cientifica-de-diversas-generaciones\/","og_site_name":"RM Norte","article_published_time":"2023-03-06T15:15:37+00:00","article_modified_time":"2023-06-20T17:16:47+00:00","og_image":[{"width":1024,"height":682,"url":"https:\/\/explora.cl\/rmnorte\/wp-content\/uploads\/sites\/11\/2023\/03\/Dise\u00f1o-sin-t\u00edtulo-5-1-1024x682.png","type":"image\/png"}],"author":"dgarcia","twitter_card":"summary_large_image","twitter_misc":{"Escrito por":"dgarcia","Tiempo estimado de lectura":"4 minutos"},"schema":{"@context":"https:\/\/schema.org","@graph":[{"@type":"Article","@id":"https:\/\/explora.cl\/rmnorte\/exposicion-igualmente-sabias-destaca-la-contribucion-cientifica-de-diversas-generaciones\/#article","isPartOf":{"@id":"https:\/\/explora.cl\/rmnorte\/exposicion-igualmente-sabias-destaca-la-contribucion-cientifica-de-diversas-generaciones\/"},"author":{"name":"dgarcia","@id":"https:\/\/explora.cl\/rmnorte\/#\/schema\/person\/4ad985b29a183eab4170892260e133a5"},"headline":"Exposici\u00f3n Igualmente Sabias destaca la contribuci\u00f3n cient\u00edfica de diversas generaciones","datePublished":"2023-03-06T15:15:37+00:00","dateModified":"2023-06-20T17:16:47+00:00","mainEntityOfPage":{"@id":"https:\/\/explora.cl\/rmnorte\/exposicion-igualmente-sabias-destaca-la-contribucion-cientifica-de-diversas-generaciones\/"},"wordCount":907,"commentCount":0,"image":{"@id":"https:\/\/explora.cl\/rmnorte\/exposicion-igualmente-sabias-destaca-la-contribucion-cientifica-de-diversas-generaciones\/#primaryimage"},"thumbnailUrl":"https:\/\/explora.cl\/rmnorte\/wp-content\/uploads\/sites\/11\/2023\/03\/Dise\u00f1o-sin-t\u00edtulo-5-1.png","articleSection":["Noticias"],"inLanguage":"es-CL","potentialAction":[{"@type":"CommentAction","name":"Comment","target":["https:\/\/explora.cl\/rmnorte\/exposicion-igualmente-sabias-destaca-la-contribucion-cientifica-de-diversas-generaciones\/#respond"]}]},{"@type":"WebPage","@id":"https:\/\/explora.cl\/rmnorte\/exposicion-igualmente-sabias-destaca-la-contribucion-cientifica-de-diversas-generaciones\/","url":"https:\/\/explora.cl\/rmnorte\/exposicion-igualmente-sabias-destaca-la-contribucion-cientifica-de-diversas-generaciones\/","name":"Exposici\u00f3n Igualmente Sabias destaca la contribuci\u00f3n cient\u00edfica de diversas generaciones - RM Norte","isPartOf":{"@id":"https:\/\/explora.cl\/rmnorte\/#website"},"primaryImageOfPage":{"@id":"https:\/\/explora.cl\/rmnorte\/exposicion-igualmente-sabias-destaca-la-contribucion-cientifica-de-diversas-generaciones\/#primaryimage"},"image":{"@id":"https:\/\/explora.cl\/rmnorte\/exposicion-igualmente-sabias-destaca-la-contribucion-cientifica-de-diversas-generaciones\/#primaryimage"},"thumbnailUrl":"https:\/\/explora.cl\/rmnorte\/wp-content\/uploads\/sites\/11\/2023\/03\/Dise\u00f1o-sin-t\u00edtulo-5-1.png","datePublished":"2023-03-06T15:15:37+00:00","dateModified":"2023-06-20T17:16:47+00:00","author":{"@id":"https:\/\/explora.cl\/rmnorte\/#\/schema\/person\/4ad985b29a183eab4170892260e133a5"},"breadcrumb":{"@id":"https:\/\/explora.cl\/rmnorte\/exposicion-igualmente-sabias-destaca-la-contribucion-cientifica-de-diversas-generaciones\/#breadcrumb"},"inLanguage":"es-CL","potentialAction":[{"@type":"ReadAction","target":["https:\/\/explora.cl\/rmnorte\/exposicion-igualmente-sabias-destaca-la-contribucion-cientifica-de-diversas-generaciones\/"]}]},{"@type":"ImageObject","inLanguage":"es-CL","@id":"https:\/\/explora.cl\/rmnorte\/exposicion-igualmente-sabias-destaca-la-contribucion-cientifica-de-diversas-generaciones\/#primaryimage","url":"https:\/\/explora.cl\/rmnorte\/wp-content\/uploads\/sites\/11\/2023\/03\/Dise\u00f1o-sin-t\u00edtulo-5-1.png","contentUrl":"https:\/\/explora.cl\/rmnorte\/wp-content\/uploads\/sites\/11\/2023\/03\/Dise\u00f1o-sin-t\u00edtulo-5-1.png","width":2048,"height":1363},{"@type":"BreadcrumbList","@id":"https:\/\/explora.cl\/rmnorte\/exposicion-igualmente-sabias-destaca-la-contribucion-cientifica-de-diversas-generaciones\/#breadcrumb","itemListElement":[{"@type":"ListItem","position":1,"name":"Portada","item":"https:\/\/explora.cl\/rmnorte\/"},{"@type":"ListItem","position":2,"name":"Exposici\u00f3n Igualmente Sabias destaca la contribuci\u00f3n cient\u00edfica de diversas generaciones"}]},{"@type":"WebSite","@id":"https:\/\/explora.cl\/rmnorte\/#website","url":"https:\/\/explora.cl\/rmnorte\/","name":"RM Norte","description":"RM Norte explora.cl","potentialAction":[{"@type":"SearchAction","target":{"@type":"EntryPoint","urlTemplate":"https:\/\/explora.cl\/rmnorte\/?s={search_term_string}"},"query-input":{"@type":"PropertyValueSpecification","valueRequired":true,"valueName":"search_term_string"}}],"inLanguage":"es-CL"},{"@type":"Person","@id":"https:\/\/explora.cl\/rmnorte\/#\/schema\/person\/4ad985b29a183eab4170892260e133a5","name":"dgarcia","image":{"@type":"ImageObject","inLanguage":"es-CL","@id":"https:\/\/explora.cl\/rmnorte\/#\/schema\/person\/image\/","url":"https:\/\/secure.gravatar.com\/avatar\/06e2fd9f68a0c19cd669ddc183de83489acab601aa57958e0f60175e5013e6b7?s=96&d=mm&r=g","contentUrl":"https:\/\/secure.gravatar.com\/avatar\/06e2fd9f68a0c19cd669ddc183de83489acab601aa57958e0f60175e5013e6b7?s=96&d=mm&r=g","caption":"dgarcia"},"url":"https:\/\/explora.cl\/rmnorte\/author\/dgarcia\/"}]}},"_links":{"self":[{"href":"https:\/\/explora.cl\/rmnorte\/wp-json\/wp\/v2\/posts\/41807","targetHints":{"allow":["GET"]}}],"collection":[{"href":"https:\/\/explora.cl\/rmnorte\/wp-json\/wp\/v2\/posts"}],"about":[{"href":"https:\/\/explora.cl\/rmnorte\/wp-json\/wp\/v2\/types\/post"}],"author":[{"embeddable":true,"href":"https:\/\/explora.cl\/rmnorte\/wp-json\/wp\/v2\/users\/26"}],"replies":[{"embeddable":true,"href":"https:\/\/explora.cl\/rmnorte\/wp-json\/wp\/v2\/comments?post=41807"}],"version-history":[{"count":1,"href":"https:\/\/explora.cl\/rmnorte\/wp-json\/wp\/v2\/posts\/41807\/revisions"}],"predecessor-version":[{"id":41813,"href":"https:\/\/explora.cl\/rmnorte\/wp-json\/wp\/v2\/posts\/41807\/revisions\/41813"}],"wp:featuredmedia":[{"embeddable":true,"href":"https:\/\/explora.cl\/rmnorte\/wp-json\/wp\/v2\/media\/41809"}],"wp:attachment":[{"href":"https:\/\/explora.cl\/rmnorte\/wp-json\/wp\/v2\/media?parent=41807"}],"wp:term":[{"taxonomy":"category","embeddable":true,"href":"https:\/\/explora.cl\/rmnorte\/wp-json\/wp\/v2\/categories?post=41807"},{"taxonomy":"post_tag","embeddable":true,"href":"https:\/\/explora.cl\/rmnorte\/wp-json\/wp\/v2\/tags?post=41807"}],"curies":[{"name":"wp","href":"https:\/\/api.w.org\/{rel}","templated":true}]}}