{"id":41753,"date":"2022-12-15T10:30:47","date_gmt":"2022-12-15T13:30:47","guid":{"rendered":"https:\/\/explora.cl\/rmnorte\/?p=41753"},"modified":"2023-01-23T17:51:51","modified_gmt":"2023-01-23T20:51:51","slug":"actividad-gratuita-el-campamento-explora-va-2022-se-realizara-en-formato-presencial","status":"publish","type":"post","link":"https:\/\/explora.cl\/rmnorte\/actividad-gratuita-el-campamento-explora-va-2022-se-realizara-en-formato-presencial\/","title":{"rendered":"Actividad gratuita &#8211; El Campamento Explora VA! 2022 se realizar\u00e1 en formato presencial"},"content":{"rendered":"<h3><strong>\u201cEl campamento les va a cambiar su visi\u00f3n como profesor sobre la educaci\u00f3n y el rol que tenemos para la sociedad\u201d <\/strong><\/h3>\n<p><em>Hasta el 15 de diciembre, se encuentra disponible la convocatoria para participar en el <strong>Campamento para profes Explora VA! \u201cDid\u00e1cticas de las ciencias para el desarrollo sostenible\u201d<\/strong>. Podr\u00e1n postular educadoras de p\u00e1rvulos, asistentes de la educaci\u00f3n, docentes de educaci\u00f3n b\u00e1sica y media pertenecientes a establecimientos educacionales de las 17 comunas que conforman el Proyecto Asociativo Regional Explora RM Norte.<\/em><\/p>\n<p>M\u00e1s de 70 profesores de diversas disciplinas de la Regi\u00f3n Metropolitana, han participado en las versiones anteriores del Campamento Explora VA! Organizado por el Proyecto Explora Regi\u00f3n Metropolitana Norte del Ministerio de Ciencia, Tecnolog\u00eda, Conocimiento e Innovaci\u00f3n. Esta actividad tiene como finalidades el fortalecer las competencias de los\/as profesionales de la educaci\u00f3n, apoyar la educaci\u00f3n en ciencias, conocimiento e innovaci\u00f3n en las comunidades educativas y promover la formaci\u00f3n de redes de colaboraci\u00f3n y aprendizaje entre los docentes.<\/p>\n<p>\u201cTodas las actividades que se realizar\u00e1n en el Campamento buscan promover e incentivar el trabajo en equipo, y que los y las participantes puedan aprender para la innovaci\u00f3n. Esperamos generar espacios de aprendizaje y reflexi\u00f3n junto a los\/las especialistas, que les permita a los\/las campistas dise\u00f1ar y desarrollar actividades did\u00e1cticas de las ciencias en sus aulas que enriquezcan sus pr\u00e1cticas docentes. En esta oportunidad el enfoque principal ser\u00e1 el desarrollo sostenible\u201d inform\u00f3 el Dr. Mario Chiong, Director de Explora RM Norte.<\/p>\n<p>Tambi\u00e9n agreg\u00f3 que, a trav\u00e9s de las charlas, talleres y din\u00e1micas grupales dirigidas por instituciones colaboradoras se buscar\u00e1 generar la capacidad de problematizar desde el contexto de cada comunidad educativa y co-dise\u00f1ar a partir de este an\u00e1lisis, actividades o proyectos de innovaci\u00f3n\/investigaci\u00f3n significativos para sus estudiantes que incorporen estrategias de las did\u00e1cticas de las ciencias en su desarrollo.<\/p>\n<p><strong>En su tercera versi\u00f3n, el campamento Explora VA! Se realizar\u00e1 en formato presencial entre los d\u00edas lunes 16 de enero y viernes 20 de enero del 2023, en la Facultad de Ciencias Qu\u00edmicas y Farmac\u00e9uticas de la Universidad de Chile (16-18 enero) y en el Hotel Colinas de Cuncum\u00e9n (19-20 enero).<\/strong><\/p>\n<p>Podr\u00e1n postular docentes de b\u00e1sica o media, educadoras\/res de p\u00e1rvulos y asistentes de la educaci\u00f3n de cualquier disciplina que trabajen en aula, que est\u00e9n vinculados a establecimientos educacionales pertenecientes a las 17 comunas del proyecto, tambi\u00e9n podr\u00e1n participar aquellos\/as que no se encuentren vinculados formalmente a un establecimiento educacional por un periodo de tiempo que no exceda los 6 meses.<\/p>\n<p>Dentro de los beneficios entregados por la instancia, se encuentra la gratuidad 100% para todos los participantes, incluyendo servicio de alimentaci\u00f3n (16-20 enero) y transporte-hospedaje (19-20 enero); la entrega de herramientas did\u00e1cticas para la educaci\u00f3n cient\u00edfica con enfoque sostenible; un kit de materiales para las din\u00e1micas de la actividad, y la entrega de certificado emitido por el proyecto.<\/p>\n<p>El anuncio de los profesores seleccionados, para participar en el Campamento se publicar\u00e1 el d\u00eda jueves 15 de diciembre del 2022 en el sitio web del Explora RM Norte.<\/p>\n<p><strong>Los profes cuentan su experiencia<\/strong><\/p>\n<p><strong>\u201cEl campamento les va a cambiar su visi\u00f3n como profesor, sobre la educaci\u00f3n y el rol que tenemos para la sociedad\u201d<\/strong> coment\u00f3 el profesor Oscar Garrido, participante del Campamento realizado en el 2020.<\/p>\n<p><img fetchpriority=\"high\" decoding=\"async\" class=\" wp-image-41755 alignleft\" src=\"https:\/\/explora.cl\/rmnorte\/wp-content\/uploads\/sites\/11\/2022\/12\/PROFE-OSCAR.jpg\" alt=\"\" width=\"249\" height=\"408\" srcset=\"https:\/\/explora.cl\/rmnorte\/wp-content\/uploads\/sites\/11\/2022\/12\/PROFE-OSCAR.jpg 399w, https:\/\/explora.cl\/rmnorte\/wp-content\/uploads\/sites\/11\/2022\/12\/PROFE-OSCAR-183x300.jpg 183w\" sizes=\"(max-width: 249px) 100vw, 249px\" \/><\/p>\n<p>Camilo Soto de Liceo Amanda Labarca de Vitacura, particip\u00f3 en Campamento del 2021 en un formato virtual: \u201cEl Campamento para profes fue una gran experiencia, a pesar de estar en formato online. A trav\u00e9s de las actividades y ponencias se lograron espacios de reflexi\u00f3n, debate y mucho aprendizaje, e incluso se gan\u00f3 algo muy importante, que es comunidad\u201d.<\/p>\n<p>&nbsp;<\/p>\n<p>&nbsp;<\/p>\n<p>&nbsp;<\/p>\n<p>&nbsp;<\/p>\n<p>&nbsp;<\/p>\n<p>&nbsp;<\/p>\n<p>&nbsp;<\/p>\n<p>&nbsp;<\/p>\n<p><img decoding=\"async\" class=\"wp-image-41756 alignleft\" src=\"https:\/\/explora.cl\/rmnorte\/wp-content\/uploads\/sites\/11\/2022\/12\/RPOFE-CAMILO.jpg\" alt=\"\" width=\"294\" height=\"392\" srcset=\"https:\/\/explora.cl\/rmnorte\/wp-content\/uploads\/sites\/11\/2022\/12\/RPOFE-CAMILO.jpg 490w, https:\/\/explora.cl\/rmnorte\/wp-content\/uploads\/sites\/11\/2022\/12\/RPOFE-CAMILO-225x300.jpg 225w\" sizes=\"(max-width: 294px) 100vw, 294px\" \/><\/p>\n<p>El profesor tambi\u00e9n destac\u00f3 que todas las herramientas pedag\u00f3gicas trabajadas en el campamento fueron muy apropiadas. En su caso personal le sirvieron para recordar muchas cosas olvidadas, permiti\u00e9ndole actualizar los conocimientos y metodolog\u00edas que despu\u00e9s de tantos a\u00f1os ejerciendo docencia se van olvidando.<\/p>\n<p>&nbsp;<\/p>\n<p>&nbsp;<\/p>\n<p>&nbsp;<\/p>\n<p>&nbsp;<\/p>\n<p>&nbsp;<\/p>\n<p>&nbsp;<\/p>\n<p>&nbsp;<\/p>\n<p>&nbsp;<\/p>\n<p>&nbsp;<\/p>\n<p><img decoding=\"async\" class=\"size-full wp-image-41757 alignleft\" src=\"https:\/\/explora.cl\/rmnorte\/wp-content\/uploads\/sites\/11\/2022\/12\/PROFE-HORTENCIA.jpg\" alt=\"\" width=\"494\" height=\"407\" srcset=\"https:\/\/explora.cl\/rmnorte\/wp-content\/uploads\/sites\/11\/2022\/12\/PROFE-HORTENCIA.jpg 494w, https:\/\/explora.cl\/rmnorte\/wp-content\/uploads\/sites\/11\/2022\/12\/PROFE-HORTENCIA-300x247.jpg 300w\" sizes=\"(max-width: 494px) 100vw, 494px\" \/>Para finalizar, la profesora Mar\u00eda Hortensia de la Escuela Primitiva Echeverr\u00eda, tambi\u00e9n participante del Campamento versi\u00f3n presencial dijo que \u201cEsta actividad fue una experiencia muy significativa. Durante una semana tuvimos la oportunidad de compartir con diferentes colegas de diversas disciplinas y esto nos permiti\u00f3 intercambiar ideas y formas de ense\u00f1ar. Sin duda fue una semana donde nos recargamos de energ\u00eda\u201d.<\/p>\n<p>&nbsp;<\/p>\n<p>&nbsp;<\/p>\n","protected":false},"excerpt":{"rendered":"<p>\u201cEl campamento les va a cambiar su visi\u00f3n como profesor sobre la educaci\u00f3n y el rol que tenemos para la sociedad\u201d<\/p>\n","protected":false},"author":26,"featured_media":41754,"comment_status":"open","ping_status":"open","sticky":false,"template":"","format":"standard","meta":{"_acf_changed":false,"_exactmetrics_skip_tracking":false,"_exactmetrics_sitenote_active":false,"_exactmetrics_sitenote_note":"","_exactmetrics_sitenote_category":0,"footnotes":"","_links_to":"","_links_to_target":""},"categories":[4],"tags":[],"class_list":["post-41753","post","type-post","status-publish","format-standard","has-post-thumbnail","hentry","category-noticias"],"acf":[],"yoast_head":"<!-- This site is optimized with the Yoast SEO plugin v26.9 - https:\/\/yoast.com\/product\/yoast-seo-wordpress\/ -->\n<title>Actividad gratuita - El Campamento Explora VA! 2022 se realizar\u00e1 en formato presencial - RM Norte<\/title>\n<meta name=\"robots\" content=\"index, follow, max-snippet:-1, max-image-preview:large, max-video-preview:-1\" \/>\n<link rel=\"canonical\" href=\"https:\/\/explora.cl\/rmnorte\/actividad-gratuita-el-campamento-explora-va-2022-se-realizara-en-formato-presencial\/\" class=\"yoast-seo-meta-tag\" \/>\n<meta property=\"og:locale\" content=\"es_ES\" class=\"yoast-seo-meta-tag\" \/>\n<meta property=\"og:type\" content=\"article\" class=\"yoast-seo-meta-tag\" \/>\n<meta property=\"og:title\" content=\"Actividad gratuita - El Campamento Explora VA! 2022 se realizar\u00e1 en formato presencial - RM Norte\" class=\"yoast-seo-meta-tag\" \/>\n<meta property=\"og:description\" content=\"\u201cEl campamento les va a cambiar su visi\u00f3n como profesor sobre la educaci\u00f3n y el rol que tenemos para la sociedad\u201d\" class=\"yoast-seo-meta-tag\" \/>\n<meta property=\"og:url\" content=\"https:\/\/explora.cl\/rmnorte\/actividad-gratuita-el-campamento-explora-va-2022-se-realizara-en-formato-presencial\/\" class=\"yoast-seo-meta-tag\" \/>\n<meta property=\"og:site_name\" content=\"RM Norte\" class=\"yoast-seo-meta-tag\" \/>\n<meta property=\"article:published_time\" content=\"2022-12-15T13:30:47+00:00\" class=\"yoast-seo-meta-tag\" \/>\n<meta property=\"article:modified_time\" content=\"2023-01-23T20:51:51+00:00\" class=\"yoast-seo-meta-tag\" \/>\n<meta property=\"og:image\" content=\"https:\/\/explora.cl\/rmnorte\/wp-content\/uploads\/sites\/11\/2022\/12\/82734568_511345789490135_9014485761247936512_n.jpg\" class=\"yoast-seo-meta-tag\" \/>\n\t<meta property=\"og:image:width\" content=\"1944\" class=\"yoast-seo-meta-tag\" \/>\n\t<meta property=\"og:image:height\" content=\"1296\" class=\"yoast-seo-meta-tag\" \/>\n\t<meta property=\"og:image:type\" content=\"image\/jpeg\" class=\"yoast-seo-meta-tag\" \/>\n<meta name=\"author\" content=\"dgarcia\" class=\"yoast-seo-meta-tag\" \/>\n<meta name=\"twitter:card\" content=\"summary_large_image\" class=\"yoast-seo-meta-tag\" \/>\n<meta name=\"twitter:label1\" content=\"Escrito por\" class=\"yoast-seo-meta-tag\" \/>\n\t<meta name=\"twitter:data1\" content=\"dgarcia\" class=\"yoast-seo-meta-tag\" \/>\n\t<meta name=\"twitter:label2\" content=\"Tiempo estimado de lectura\" class=\"yoast-seo-meta-tag\" \/>\n\t<meta name=\"twitter:data2\" content=\"4 minutos\" class=\"yoast-seo-meta-tag\" \/>\n<script type=\"application\/ld+json\" class=\"yoast-schema-graph\">{\"@context\":\"https:\/\/schema.org\",\"@graph\":[{\"@type\":\"Article\",\"@id\":\"https:\/\/explora.cl\/rmnorte\/actividad-gratuita-el-campamento-explora-va-2022-se-realizara-en-formato-presencial\/#article\",\"isPartOf\":{\"@id\":\"https:\/\/explora.cl\/rmnorte\/actividad-gratuita-el-campamento-explora-va-2022-se-realizara-en-formato-presencial\/\"},\"author\":{\"name\":\"dgarcia\",\"@id\":\"https:\/\/explora.cl\/rmnorte\/#\/schema\/person\/4ad985b29a183eab4170892260e133a5\"},\"headline\":\"Actividad gratuita &#8211; El Campamento Explora VA! 2022 se realizar\u00e1 en formato presencial\",\"datePublished\":\"2022-12-15T13:30:47+00:00\",\"dateModified\":\"2023-01-23T20:51:51+00:00\",\"mainEntityOfPage\":{\"@id\":\"https:\/\/explora.cl\/rmnorte\/actividad-gratuita-el-campamento-explora-va-2022-se-realizara-en-formato-presencial\/\"},\"wordCount\":783,\"commentCount\":0,\"image\":{\"@id\":\"https:\/\/explora.cl\/rmnorte\/actividad-gratuita-el-campamento-explora-va-2022-se-realizara-en-formato-presencial\/#primaryimage\"},\"thumbnailUrl\":\"https:\/\/explora.cl\/rmnorte\/wp-content\/uploads\/sites\/11\/2022\/12\/82734568_511345789490135_9014485761247936512_n.jpg\",\"articleSection\":[\"Noticias\"],\"inLanguage\":\"es-CL\",\"potentialAction\":[{\"@type\":\"CommentAction\",\"name\":\"Comment\",\"target\":[\"https:\/\/explora.cl\/rmnorte\/actividad-gratuita-el-campamento-explora-va-2022-se-realizara-en-formato-presencial\/#respond\"]}]},{\"@type\":\"WebPage\",\"@id\":\"https:\/\/explora.cl\/rmnorte\/actividad-gratuita-el-campamento-explora-va-2022-se-realizara-en-formato-presencial\/\",\"url\":\"https:\/\/explora.cl\/rmnorte\/actividad-gratuita-el-campamento-explora-va-2022-se-realizara-en-formato-presencial\/\",\"name\":\"Actividad gratuita - El Campamento Explora VA! 2022 se realizar\u00e1 en formato presencial - RM Norte\",\"isPartOf\":{\"@id\":\"https:\/\/explora.cl\/rmnorte\/#website\"},\"primaryImageOfPage\":{\"@id\":\"https:\/\/explora.cl\/rmnorte\/actividad-gratuita-el-campamento-explora-va-2022-se-realizara-en-formato-presencial\/#primaryimage\"},\"image\":{\"@id\":\"https:\/\/explora.cl\/rmnorte\/actividad-gratuita-el-campamento-explora-va-2022-se-realizara-en-formato-presencial\/#primaryimage\"},\"thumbnailUrl\":\"https:\/\/explora.cl\/rmnorte\/wp-content\/uploads\/sites\/11\/2022\/12\/82734568_511345789490135_9014485761247936512_n.jpg\",\"datePublished\":\"2022-12-15T13:30:47+00:00\",\"dateModified\":\"2023-01-23T20:51:51+00:00\",\"author\":{\"@id\":\"https:\/\/explora.cl\/rmnorte\/#\/schema\/person\/4ad985b29a183eab4170892260e133a5\"},\"breadcrumb\":{\"@id\":\"https:\/\/explora.cl\/rmnorte\/actividad-gratuita-el-campamento-explora-va-2022-se-realizara-en-formato-presencial\/#breadcrumb\"},\"inLanguage\":\"es-CL\",\"potentialAction\":[{\"@type\":\"ReadAction\",\"target\":[\"https:\/\/explora.cl\/rmnorte\/actividad-gratuita-el-campamento-explora-va-2022-se-realizara-en-formato-presencial\/\"]}]},{\"@type\":\"ImageObject\",\"inLanguage\":\"es-CL\",\"@id\":\"https:\/\/explora.cl\/rmnorte\/actividad-gratuita-el-campamento-explora-va-2022-se-realizara-en-formato-presencial\/#primaryimage\",\"url\":\"https:\/\/explora.cl\/rmnorte\/wp-content\/uploads\/sites\/11\/2022\/12\/82734568_511345789490135_9014485761247936512_n.jpg\",\"contentUrl\":\"https:\/\/explora.cl\/rmnorte\/wp-content\/uploads\/sites\/11\/2022\/12\/82734568_511345789490135_9014485761247936512_n.jpg\",\"width\":1944,\"height\":1296},{\"@type\":\"BreadcrumbList\",\"@id\":\"https:\/\/explora.cl\/rmnorte\/actividad-gratuita-el-campamento-explora-va-2022-se-realizara-en-formato-presencial\/#breadcrumb\",\"itemListElement\":[{\"@type\":\"ListItem\",\"position\":1,\"name\":\"Portada\",\"item\":\"https:\/\/explora.cl\/rmnorte\/\"},{\"@type\":\"ListItem\",\"position\":2,\"name\":\"Actividad gratuita &#8211; El Campamento Explora VA! 2022 se realizar\u00e1 en formato presencial\"}]},{\"@type\":\"WebSite\",\"@id\":\"https:\/\/explora.cl\/rmnorte\/#website\",\"url\":\"https:\/\/explora.cl\/rmnorte\/\",\"name\":\"RM Norte\",\"description\":\"RM Norte explora.cl\",\"potentialAction\":[{\"@type\":\"SearchAction\",\"target\":{\"@type\":\"EntryPoint\",\"urlTemplate\":\"https:\/\/explora.cl\/rmnorte\/?s={search_term_string}\"},\"query-input\":{\"@type\":\"PropertyValueSpecification\",\"valueRequired\":true,\"valueName\":\"search_term_string\"}}],\"inLanguage\":\"es-CL\"},{\"@type\":\"Person\",\"@id\":\"https:\/\/explora.cl\/rmnorte\/#\/schema\/person\/4ad985b29a183eab4170892260e133a5\",\"name\":\"dgarcia\",\"image\":{\"@type\":\"ImageObject\",\"inLanguage\":\"es-CL\",\"@id\":\"https:\/\/explora.cl\/rmnorte\/#\/schema\/person\/image\/\",\"url\":\"https:\/\/secure.gravatar.com\/avatar\/06e2fd9f68a0c19cd669ddc183de83489acab601aa57958e0f60175e5013e6b7?s=96&d=mm&r=g\",\"contentUrl\":\"https:\/\/secure.gravatar.com\/avatar\/06e2fd9f68a0c19cd669ddc183de83489acab601aa57958e0f60175e5013e6b7?s=96&d=mm&r=g\",\"caption\":\"dgarcia\"},\"url\":\"https:\/\/explora.cl\/rmnorte\/author\/dgarcia\/\"}]}<\/script>\n<!-- \/ Yoast SEO plugin. -->","yoast_head_json":{"title":"Actividad gratuita - El Campamento Explora VA! 2022 se realizar\u00e1 en formato presencial - RM Norte","robots":{"index":"index","follow":"follow","max-snippet":"max-snippet:-1","max-image-preview":"max-image-preview:large","max-video-preview":"max-video-preview:-1"},"canonical":"https:\/\/explora.cl\/rmnorte\/actividad-gratuita-el-campamento-explora-va-2022-se-realizara-en-formato-presencial\/","og_locale":"es_ES","og_type":"article","og_title":"Actividad gratuita - El Campamento Explora VA! 2022 se realizar\u00e1 en formato presencial - RM Norte","og_description":"\u201cEl campamento les va a cambiar su visi\u00f3n como profesor sobre la educaci\u00f3n y el rol que tenemos para la sociedad\u201d","og_url":"https:\/\/explora.cl\/rmnorte\/actividad-gratuita-el-campamento-explora-va-2022-se-realizara-en-formato-presencial\/","og_site_name":"RM Norte","article_published_time":"2022-12-15T13:30:47+00:00","article_modified_time":"2023-01-23T20:51:51+00:00","og_image":[{"width":1944,"height":1296,"url":"https:\/\/explora.cl\/rmnorte\/wp-content\/uploads\/sites\/11\/2022\/12\/82734568_511345789490135_9014485761247936512_n.jpg","type":"image\/jpeg"}],"author":"dgarcia","twitter_card":"summary_large_image","twitter_misc":{"Escrito por":"dgarcia","Tiempo estimado de lectura":"4 minutos"},"schema":{"@context":"https:\/\/schema.org","@graph":[{"@type":"Article","@id":"https:\/\/explora.cl\/rmnorte\/actividad-gratuita-el-campamento-explora-va-2022-se-realizara-en-formato-presencial\/#article","isPartOf":{"@id":"https:\/\/explora.cl\/rmnorte\/actividad-gratuita-el-campamento-explora-va-2022-se-realizara-en-formato-presencial\/"},"author":{"name":"dgarcia","@id":"https:\/\/explora.cl\/rmnorte\/#\/schema\/person\/4ad985b29a183eab4170892260e133a5"},"headline":"Actividad gratuita &#8211; El Campamento Explora VA! 2022 se realizar\u00e1 en formato presencial","datePublished":"2022-12-15T13:30:47+00:00","dateModified":"2023-01-23T20:51:51+00:00","mainEntityOfPage":{"@id":"https:\/\/explora.cl\/rmnorte\/actividad-gratuita-el-campamento-explora-va-2022-se-realizara-en-formato-presencial\/"},"wordCount":783,"commentCount":0,"image":{"@id":"https:\/\/explora.cl\/rmnorte\/actividad-gratuita-el-campamento-explora-va-2022-se-realizara-en-formato-presencial\/#primaryimage"},"thumbnailUrl":"https:\/\/explora.cl\/rmnorte\/wp-content\/uploads\/sites\/11\/2022\/12\/82734568_511345789490135_9014485761247936512_n.jpg","articleSection":["Noticias"],"inLanguage":"es-CL","potentialAction":[{"@type":"CommentAction","name":"Comment","target":["https:\/\/explora.cl\/rmnorte\/actividad-gratuita-el-campamento-explora-va-2022-se-realizara-en-formato-presencial\/#respond"]}]},{"@type":"WebPage","@id":"https:\/\/explora.cl\/rmnorte\/actividad-gratuita-el-campamento-explora-va-2022-se-realizara-en-formato-presencial\/","url":"https:\/\/explora.cl\/rmnorte\/actividad-gratuita-el-campamento-explora-va-2022-se-realizara-en-formato-presencial\/","name":"Actividad gratuita - El Campamento Explora VA! 2022 se realizar\u00e1 en formato presencial - RM Norte","isPartOf":{"@id":"https:\/\/explora.cl\/rmnorte\/#website"},"primaryImageOfPage":{"@id":"https:\/\/explora.cl\/rmnorte\/actividad-gratuita-el-campamento-explora-va-2022-se-realizara-en-formato-presencial\/#primaryimage"},"image":{"@id":"https:\/\/explora.cl\/rmnorte\/actividad-gratuita-el-campamento-explora-va-2022-se-realizara-en-formato-presencial\/#primaryimage"},"thumbnailUrl":"https:\/\/explora.cl\/rmnorte\/wp-content\/uploads\/sites\/11\/2022\/12\/82734568_511345789490135_9014485761247936512_n.jpg","datePublished":"2022-12-15T13:30:47+00:00","dateModified":"2023-01-23T20:51:51+00:00","author":{"@id":"https:\/\/explora.cl\/rmnorte\/#\/schema\/person\/4ad985b29a183eab4170892260e133a5"},"breadcrumb":{"@id":"https:\/\/explora.cl\/rmnorte\/actividad-gratuita-el-campamento-explora-va-2022-se-realizara-en-formato-presencial\/#breadcrumb"},"inLanguage":"es-CL","potentialAction":[{"@type":"ReadAction","target":["https:\/\/explora.cl\/rmnorte\/actividad-gratuita-el-campamento-explora-va-2022-se-realizara-en-formato-presencial\/"]}]},{"@type":"ImageObject","inLanguage":"es-CL","@id":"https:\/\/explora.cl\/rmnorte\/actividad-gratuita-el-campamento-explora-va-2022-se-realizara-en-formato-presencial\/#primaryimage","url":"https:\/\/explora.cl\/rmnorte\/wp-content\/uploads\/sites\/11\/2022\/12\/82734568_511345789490135_9014485761247936512_n.jpg","contentUrl":"https:\/\/explora.cl\/rmnorte\/wp-content\/uploads\/sites\/11\/2022\/12\/82734568_511345789490135_9014485761247936512_n.jpg","width":1944,"height":1296},{"@type":"BreadcrumbList","@id":"https:\/\/explora.cl\/rmnorte\/actividad-gratuita-el-campamento-explora-va-2022-se-realizara-en-formato-presencial\/#breadcrumb","itemListElement":[{"@type":"ListItem","position":1,"name":"Portada","item":"https:\/\/explora.cl\/rmnorte\/"},{"@type":"ListItem","position":2,"name":"Actividad gratuita &#8211; El Campamento Explora VA! 2022 se realizar\u00e1 en formato presencial"}]},{"@type":"WebSite","@id":"https:\/\/explora.cl\/rmnorte\/#website","url":"https:\/\/explora.cl\/rmnorte\/","name":"RM Norte","description":"RM Norte explora.cl","potentialAction":[{"@type":"SearchAction","target":{"@type":"EntryPoint","urlTemplate":"https:\/\/explora.cl\/rmnorte\/?s={search_term_string}"},"query-input":{"@type":"PropertyValueSpecification","valueRequired":true,"valueName":"search_term_string"}}],"inLanguage":"es-CL"},{"@type":"Person","@id":"https:\/\/explora.cl\/rmnorte\/#\/schema\/person\/4ad985b29a183eab4170892260e133a5","name":"dgarcia","image":{"@type":"ImageObject","inLanguage":"es-CL","@id":"https:\/\/explora.cl\/rmnorte\/#\/schema\/person\/image\/","url":"https:\/\/secure.gravatar.com\/avatar\/06e2fd9f68a0c19cd669ddc183de83489acab601aa57958e0f60175e5013e6b7?s=96&d=mm&r=g","contentUrl":"https:\/\/secure.gravatar.com\/avatar\/06e2fd9f68a0c19cd669ddc183de83489acab601aa57958e0f60175e5013e6b7?s=96&d=mm&r=g","caption":"dgarcia"},"url":"https:\/\/explora.cl\/rmnorte\/author\/dgarcia\/"}]}},"_links":{"self":[{"href":"https:\/\/explora.cl\/rmnorte\/wp-json\/wp\/v2\/posts\/41753","targetHints":{"allow":["GET"]}}],"collection":[{"href":"https:\/\/explora.cl\/rmnorte\/wp-json\/wp\/v2\/posts"}],"about":[{"href":"https:\/\/explora.cl\/rmnorte\/wp-json\/wp\/v2\/types\/post"}],"author":[{"embeddable":true,"href":"https:\/\/explora.cl\/rmnorte\/wp-json\/wp\/v2\/users\/26"}],"replies":[{"embeddable":true,"href":"https:\/\/explora.cl\/rmnorte\/wp-json\/wp\/v2\/comments?post=41753"}],"version-history":[{"count":3,"href":"https:\/\/explora.cl\/rmnorte\/wp-json\/wp\/v2\/posts\/41753\/revisions"}],"predecessor-version":[{"id":41760,"href":"https:\/\/explora.cl\/rmnorte\/wp-json\/wp\/v2\/posts\/41753\/revisions\/41760"}],"wp:featuredmedia":[{"embeddable":true,"href":"https:\/\/explora.cl\/rmnorte\/wp-json\/wp\/v2\/media\/41754"}],"wp:attachment":[{"href":"https:\/\/explora.cl\/rmnorte\/wp-json\/wp\/v2\/media?parent=41753"}],"wp:term":[{"taxonomy":"category","embeddable":true,"href":"https:\/\/explora.cl\/rmnorte\/wp-json\/wp\/v2\/categories?post=41753"},{"taxonomy":"post_tag","embeddable":true,"href":"https:\/\/explora.cl\/rmnorte\/wp-json\/wp\/v2\/tags?post=41753"}],"curies":[{"name":"wp","href":"https:\/\/api.w.org\/{rel}","templated":true}]}}