{"id":41564,"date":"2022-10-07T20:51:19","date_gmt":"2022-10-07T23:51:19","guid":{"rendered":"https:\/\/explora.cl\/rmnorte\/?p=41564"},"modified":"2022-10-25T11:21:32","modified_gmt":"2022-10-25T14:21:32","slug":"el-festival-de-las-ciencias-me-ensena-de-manera-facil-y-divertida-sobre-los-planetas-el-medio-ambiente-el-cuerpo-humano-y-muchas-cosas-mas","status":"publish","type":"post","link":"https:\/\/explora.cl\/rmnorte\/el-festival-de-las-ciencias-me-ensena-de-manera-facil-y-divertida-sobre-los-planetas-el-medio-ambiente-el-cuerpo-humano-y-muchas-cosas-mas\/","title":{"rendered":"El Festival de las Ciencias me ense\u00f1a de manera f\u00e1cil y divertida sobre los planetas, el medio ambiente, el cuerpo humano y muchas cosas m\u00e1s"},"content":{"rendered":"<p>Sebasti\u00e1n Viloria, es uno de los ni\u00f1os que asisti\u00f3 a la intervenci\u00f3n urbana <strong>\u201cExplorador@s Micro y Macro Mundo\u201d<\/strong>, realizada por el Proyecto Asociativo Regional Explora de la Regi\u00f3n Metropolitana Norte del Ministerio de Ciencia, Tecnolog\u00eda, Conocimiento e Innovaci\u00f3n el Festival de la Ciencias 2021.<\/p>\n<p><img fetchpriority=\"high\" decoding=\"async\" class=\"alignnone wp-image-41569\" src=\"https:\/\/explora.cl\/rmnorte\/wp-content\/uploads\/sites\/11\/2022\/10\/27-1024x683.jpg\" alt=\"\" width=\"600\" height=\"400\" srcset=\"https:\/\/explora.cl\/rmnorte\/wp-content\/uploads\/sites\/11\/2022\/10\/27-1024x683.jpg 1024w, https:\/\/explora.cl\/rmnorte\/wp-content\/uploads\/sites\/11\/2022\/10\/27-300x200.jpg 300w, https:\/\/explora.cl\/rmnorte\/wp-content\/uploads\/sites\/11\/2022\/10\/27-768x512.jpg 768w\" sizes=\"(max-width: 600px) 100vw, 600px\" \/><\/p>\n<p>En su cuarta edici\u00f3n, este a\u00f1o el Festival de las Ciencias (FECI) vuelve completamente presencial para continuar concientizando a la comunidad sobre la importancia de la investigaci\u00f3n, en especial sobre los fen\u00f3menos relacionados a la ciencia y vinculados a las acciones que contribuyan a enfrentar la actual crisis clim\u00e1tica.<\/p>\n<p><strong>Lo bueno se repite<\/strong><\/p>\n<p>&nbsp;<\/p>\n<p><img decoding=\"async\" class=\"alignnone wp-image-41566\" src=\"https:\/\/explora.cl\/rmnorte\/wp-content\/uploads\/sites\/11\/2022\/10\/34.1-1024x683.jpg\" alt=\"\" width=\"600\" height=\"400\" srcset=\"https:\/\/explora.cl\/rmnorte\/wp-content\/uploads\/sites\/11\/2022\/10\/34.1-1024x683.jpg 1024w, https:\/\/explora.cl\/rmnorte\/wp-content\/uploads\/sites\/11\/2022\/10\/34.1-300x200.jpg 300w, https:\/\/explora.cl\/rmnorte\/wp-content\/uploads\/sites\/11\/2022\/10\/34.1-768x512.jpg 768w\" sizes=\"(max-width: 600px) 100vw, 600px\" \/><\/p>\n<p>El a\u00f1o pasado, Camila C\u00e1rdenas directora de operaciones de Yaku, nos cont\u00f3 sobre su emprendimiento el cual surgi\u00f3 por su preocupaci\u00f3n y necesidad de disminuir el desperdicio de agua potable, \u201cComenzamos plante\u00e1ndonos el problema y cu\u00e1l podr\u00eda ser la soluci\u00f3n, investigamos e hicimos pruebas pilotos en nuestras casas hasta que conseguimos el financiamiento y hoy en un sue\u00f1o hecho realidad tener el producto comercializ\u00e1ndose en Chile\u201d. Este a\u00f1o, Yaku participar\u00e1 durante toda la jornada y realizar\u00e1n actividades y experiencias vinculadas a la crisis clim\u00e1tica y el agua.<\/p>\n<p>Por otro lado, tambi\u00e9n se contar\u00e1 con la participaci\u00f3n de Marcelo Lagos, ge\u00f3grafo y especialista en procesos naturales extremos quien el a\u00f1o pasado ofreci\u00f3 una charla, llamada \u201cMi ciencia\u201d donde cont\u00f3 resumidamente c\u00f3mo naci\u00f3 su amor por la ciencia \u201cLa vida dedicada a la ciencia es una vida linda, un camino incre\u00edble para recorrer. Es una forma de visibilizar que la ciencia es un tema relevante, urgente y necesario. Si no tenemos una masa cr\u00edtica no tendremos mejor sociedad\u201d, coment\u00f3 el Doctor Lagos, durante su intervenci\u00f3n en el FECI 2021<\/p>\n<p><strong>Actividades gratuitas y para todas las edades <\/strong><\/p>\n<p>FECI es una celebraci\u00f3n nacional, p\u00fablica y gratuita que invita a todas las personas a acercarse y disfrutar de los temas y fen\u00f3menos relacionados a la Ciencia, Tecnolog\u00eda, Conocimiento e Innovaci\u00f3n. Este a\u00f1o las actividades se realizar\u00e1n en formato presencial y tambi\u00e9n tendr\u00e1n una versi\u00f3n digital.<\/p>\n<p><strong>Festival de las Ciencias &#8220;Crisis Clim\u00e1tica: \u00a1Tod@s somos esenciales! \u2013 modalidad presencial<\/strong><\/p>\n<p><strong>Lugar:<\/strong> Centro Cultural la Moneda &#8211; Plaza de la Ciudadan\u00eda 26 Santiago<\/p>\n<p><strong>Fecha: <\/strong>8 de octubre<\/p>\n<p><strong>Precio:<\/strong> Gratuito<\/p>\n<p><strong>Horario<\/strong>: Desde las 10 AM hasta las 18:30 horas<\/p>\n<p>Durante la actividad se realizar\u00e1n talleres, charlas, conversatorios y otras din\u00e1micas que abordar\u00e1n temas relacionados a los recursos naturales, contaminaci\u00f3n, alimentos sustentables con el medio ambiente, entre otros temas.<\/p>\n<p>Conoce la parrilla de contenido <a href=\"https:\/\/explora.cl\/rmnorte\/\">aqu\u00ed<\/a><\/p>\n<h2><strong>Intervenci\u00f3n urbana:<\/strong> <strong>Cuidar el planeta, es cuidar tu salud \u2013 modalidad h\u00edbrida (presencial y virtual)<\/strong><\/h2>\n<p><img decoding=\"async\" class=\"alignnone size-large wp-image-41568\" src=\"https:\/\/explora.cl\/rmnorte\/wp-content\/uploads\/sites\/11\/2022\/10\/IMG_9156-768x1024.jpg\" alt=\"\" width=\"768\" height=\"1024\" srcset=\"https:\/\/explora.cl\/rmnorte\/wp-content\/uploads\/sites\/11\/2022\/10\/IMG_9156-768x1024.jpg 768w, https:\/\/explora.cl\/rmnorte\/wp-content\/uploads\/sites\/11\/2022\/10\/IMG_9156-225x300.jpg 225w\" sizes=\"(max-width: 768px) 100vw, 768px\" \/><\/p>\n<p>La intervenci\u00f3n urbana se encuentra instalada en la Estaci\u00f3n Intermodal Los Libertadores (Metro Los Libertadores L\u00ednea 3) y tambi\u00e9n se puede visitar a trav\u00e9s del siguiente enlace: <a href=\"https:\/\/peopleartfactory.com\/g\/QuadMRxvRa0eU5xZRJOz-copy-d17ccf2b\">Ver aqu\u00ed<\/a><\/p>\n<p>Esta intervenci\u00f3n tiene objetivo, presentar algunos de los efectos del cambio clim\u00e1tico en la salud de las personas, con el fin de comprometer y aunar esfuerzos para cuidar nuestro planeta.<\/p>\n<p>M\u00e1s informaci\u00f3n en <a href=\"https:\/\/explora.cl\/rmnorte\/\">https:\/\/explora.cl\/rmnorte\/<\/a><\/p>\n","protected":false},"excerpt":{"rendered":"<p>Celebra en familia: actividades gratuitas para todas las edades <\/p>\n","protected":false},"author":26,"featured_media":41570,"comment_status":"open","ping_status":"open","sticky":false,"template":"","format":"standard","meta":{"_acf_changed":false,"_exactmetrics_skip_tracking":false,"_exactmetrics_sitenote_active":false,"_exactmetrics_sitenote_note":"","_exactmetrics_sitenote_category":0,"footnotes":"","_links_to":"","_links_to_target":""},"categories":[4],"tags":[],"class_list":["post-41564","post","type-post","status-publish","format-standard","has-post-thumbnail","hentry","category-noticias"],"acf":[],"yoast_head":"<!-- This site is optimized with the Yoast SEO plugin v26.9 - https:\/\/yoast.com\/product\/yoast-seo-wordpress\/ -->\n<title>El Festival de las Ciencias me ense\u00f1a de manera f\u00e1cil y divertida sobre los planetas, el medio ambiente, el cuerpo humano y muchas cosas m\u00e1s - RM Norte<\/title>\n<meta name=\"robots\" content=\"index, follow, max-snippet:-1, max-image-preview:large, max-video-preview:-1\" \/>\n<link rel=\"canonical\" href=\"https:\/\/explora.cl\/rmnorte\/el-festival-de-las-ciencias-me-ensena-de-manera-facil-y-divertida-sobre-los-planetas-el-medio-ambiente-el-cuerpo-humano-y-muchas-cosas-mas\/\" class=\"yoast-seo-meta-tag\" \/>\n<meta property=\"og:locale\" content=\"es_ES\" class=\"yoast-seo-meta-tag\" \/>\n<meta property=\"og:type\" content=\"article\" class=\"yoast-seo-meta-tag\" \/>\n<meta property=\"og:title\" content=\"El Festival de las Ciencias me ense\u00f1a de manera f\u00e1cil y divertida sobre los planetas, el medio ambiente, el cuerpo humano y muchas cosas m\u00e1s - RM Norte\" class=\"yoast-seo-meta-tag\" \/>\n<meta property=\"og:description\" content=\"Celebra en familia: actividades gratuitas para todas las edades\" class=\"yoast-seo-meta-tag\" \/>\n<meta property=\"og:url\" content=\"https:\/\/explora.cl\/rmnorte\/el-festival-de-las-ciencias-me-ensena-de-manera-facil-y-divertida-sobre-los-planetas-el-medio-ambiente-el-cuerpo-humano-y-muchas-cosas-mas\/\" class=\"yoast-seo-meta-tag\" \/>\n<meta property=\"og:site_name\" content=\"RM Norte\" class=\"yoast-seo-meta-tag\" \/>\n<meta property=\"article:published_time\" content=\"2022-10-07T23:51:19+00:00\" class=\"yoast-seo-meta-tag\" \/>\n<meta property=\"article:modified_time\" content=\"2022-10-25T14:21:32+00:00\" class=\"yoast-seo-meta-tag\" \/>\n<meta property=\"og:image\" content=\"https:\/\/explora.cl\/rmnorte\/wp-content\/uploads\/sites\/11\/2022\/10\/IMG_4343-1-1024x683.jpg\" class=\"yoast-seo-meta-tag\" \/>\n\t<meta property=\"og:image:width\" content=\"1024\" class=\"yoast-seo-meta-tag\" \/>\n\t<meta property=\"og:image:height\" content=\"683\" class=\"yoast-seo-meta-tag\" \/>\n\t<meta property=\"og:image:type\" content=\"image\/jpeg\" class=\"yoast-seo-meta-tag\" \/>\n<meta name=\"author\" content=\"dgarcia\" class=\"yoast-seo-meta-tag\" \/>\n<meta name=\"twitter:card\" content=\"summary_large_image\" class=\"yoast-seo-meta-tag\" \/>\n<meta name=\"twitter:label1\" content=\"Escrito por\" class=\"yoast-seo-meta-tag\" \/>\n\t<meta name=\"twitter:data1\" content=\"dgarcia\" class=\"yoast-seo-meta-tag\" \/>\n\t<meta name=\"twitter:label2\" content=\"Tiempo estimado de lectura\" class=\"yoast-seo-meta-tag\" \/>\n\t<meta name=\"twitter:data2\" content=\"3 minutos\" class=\"yoast-seo-meta-tag\" \/>\n<script type=\"application\/ld+json\" class=\"yoast-schema-graph\">{\"@context\":\"https:\/\/schema.org\",\"@graph\":[{\"@type\":\"Article\",\"@id\":\"https:\/\/explora.cl\/rmnorte\/el-festival-de-las-ciencias-me-ensena-de-manera-facil-y-divertida-sobre-los-planetas-el-medio-ambiente-el-cuerpo-humano-y-muchas-cosas-mas\/#article\",\"isPartOf\":{\"@id\":\"https:\/\/explora.cl\/rmnorte\/el-festival-de-las-ciencias-me-ensena-de-manera-facil-y-divertida-sobre-los-planetas-el-medio-ambiente-el-cuerpo-humano-y-muchas-cosas-mas\/\"},\"author\":{\"name\":\"dgarcia\",\"@id\":\"https:\/\/explora.cl\/rmnorte\/#\/schema\/person\/4ad985b29a183eab4170892260e133a5\"},\"headline\":\"El Festival de las Ciencias me ense\u00f1a de manera f\u00e1cil y divertida sobre los planetas, el medio ambiente, el cuerpo humano y muchas cosas m\u00e1s\",\"datePublished\":\"2022-10-07T23:51:19+00:00\",\"dateModified\":\"2022-10-25T14:21:32+00:00\",\"mainEntityOfPage\":{\"@id\":\"https:\/\/explora.cl\/rmnorte\/el-festival-de-las-ciencias-me-ensena-de-manera-facil-y-divertida-sobre-los-planetas-el-medio-ambiente-el-cuerpo-humano-y-muchas-cosas-mas\/\"},\"wordCount\":562,\"commentCount\":0,\"image\":{\"@id\":\"https:\/\/explora.cl\/rmnorte\/el-festival-de-las-ciencias-me-ensena-de-manera-facil-y-divertida-sobre-los-planetas-el-medio-ambiente-el-cuerpo-humano-y-muchas-cosas-mas\/#primaryimage\"},\"thumbnailUrl\":\"https:\/\/explora.cl\/rmnorte\/wp-content\/uploads\/sites\/11\/2022\/10\/IMG_4343-1.jpg\",\"articleSection\":[\"Noticias\"],\"inLanguage\":\"es-CL\",\"potentialAction\":[{\"@type\":\"CommentAction\",\"name\":\"Comment\",\"target\":[\"https:\/\/explora.cl\/rmnorte\/el-festival-de-las-ciencias-me-ensena-de-manera-facil-y-divertida-sobre-los-planetas-el-medio-ambiente-el-cuerpo-humano-y-muchas-cosas-mas\/#respond\"]}]},{\"@type\":\"WebPage\",\"@id\":\"https:\/\/explora.cl\/rmnorte\/el-festival-de-las-ciencias-me-ensena-de-manera-facil-y-divertida-sobre-los-planetas-el-medio-ambiente-el-cuerpo-humano-y-muchas-cosas-mas\/\",\"url\":\"https:\/\/explora.cl\/rmnorte\/el-festival-de-las-ciencias-me-ensena-de-manera-facil-y-divertida-sobre-los-planetas-el-medio-ambiente-el-cuerpo-humano-y-muchas-cosas-mas\/\",\"name\":\"El Festival de las Ciencias me ense\u00f1a de manera f\u00e1cil y divertida sobre los planetas, el medio ambiente, el cuerpo humano y muchas cosas m\u00e1s - RM Norte\",\"isPartOf\":{\"@id\":\"https:\/\/explora.cl\/rmnorte\/#website\"},\"primaryImageOfPage\":{\"@id\":\"https:\/\/explora.cl\/rmnorte\/el-festival-de-las-ciencias-me-ensena-de-manera-facil-y-divertida-sobre-los-planetas-el-medio-ambiente-el-cuerpo-humano-y-muchas-cosas-mas\/#primaryimage\"},\"image\":{\"@id\":\"https:\/\/explora.cl\/rmnorte\/el-festival-de-las-ciencias-me-ensena-de-manera-facil-y-divertida-sobre-los-planetas-el-medio-ambiente-el-cuerpo-humano-y-muchas-cosas-mas\/#primaryimage\"},\"thumbnailUrl\":\"https:\/\/explora.cl\/rmnorte\/wp-content\/uploads\/sites\/11\/2022\/10\/IMG_4343-1.jpg\",\"datePublished\":\"2022-10-07T23:51:19+00:00\",\"dateModified\":\"2022-10-25T14:21:32+00:00\",\"author\":{\"@id\":\"https:\/\/explora.cl\/rmnorte\/#\/schema\/person\/4ad985b29a183eab4170892260e133a5\"},\"breadcrumb\":{\"@id\":\"https:\/\/explora.cl\/rmnorte\/el-festival-de-las-ciencias-me-ensena-de-manera-facil-y-divertida-sobre-los-planetas-el-medio-ambiente-el-cuerpo-humano-y-muchas-cosas-mas\/#breadcrumb\"},\"inLanguage\":\"es-CL\",\"potentialAction\":[{\"@type\":\"ReadAction\",\"target\":[\"https:\/\/explora.cl\/rmnorte\/el-festival-de-las-ciencias-me-ensena-de-manera-facil-y-divertida-sobre-los-planetas-el-medio-ambiente-el-cuerpo-humano-y-muchas-cosas-mas\/\"]}]},{\"@type\":\"ImageObject\",\"inLanguage\":\"es-CL\",\"@id\":\"https:\/\/explora.cl\/rmnorte\/el-festival-de-las-ciencias-me-ensena-de-manera-facil-y-divertida-sobre-los-planetas-el-medio-ambiente-el-cuerpo-humano-y-muchas-cosas-mas\/#primaryimage\",\"url\":\"https:\/\/explora.cl\/rmnorte\/wp-content\/uploads\/sites\/11\/2022\/10\/IMG_4343-1.jpg\",\"contentUrl\":\"https:\/\/explora.cl\/rmnorte\/wp-content\/uploads\/sites\/11\/2022\/10\/IMG_4343-1.jpg\",\"width\":5184,\"height\":3456},{\"@type\":\"BreadcrumbList\",\"@id\":\"https:\/\/explora.cl\/rmnorte\/el-festival-de-las-ciencias-me-ensena-de-manera-facil-y-divertida-sobre-los-planetas-el-medio-ambiente-el-cuerpo-humano-y-muchas-cosas-mas\/#breadcrumb\",\"itemListElement\":[{\"@type\":\"ListItem\",\"position\":1,\"name\":\"Portada\",\"item\":\"https:\/\/explora.cl\/rmnorte\/\"},{\"@type\":\"ListItem\",\"position\":2,\"name\":\"El Festival de las Ciencias me ense\u00f1a de manera f\u00e1cil y divertida sobre los planetas, el medio ambiente, el cuerpo humano y muchas cosas m\u00e1s\"}]},{\"@type\":\"WebSite\",\"@id\":\"https:\/\/explora.cl\/rmnorte\/#website\",\"url\":\"https:\/\/explora.cl\/rmnorte\/\",\"name\":\"RM Norte\",\"description\":\"RM Norte explora.cl\",\"potentialAction\":[{\"@type\":\"SearchAction\",\"target\":{\"@type\":\"EntryPoint\",\"urlTemplate\":\"https:\/\/explora.cl\/rmnorte\/?s={search_term_string}\"},\"query-input\":{\"@type\":\"PropertyValueSpecification\",\"valueRequired\":true,\"valueName\":\"search_term_string\"}}],\"inLanguage\":\"es-CL\"},{\"@type\":\"Person\",\"@id\":\"https:\/\/explora.cl\/rmnorte\/#\/schema\/person\/4ad985b29a183eab4170892260e133a5\",\"name\":\"dgarcia\",\"image\":{\"@type\":\"ImageObject\",\"inLanguage\":\"es-CL\",\"@id\":\"https:\/\/explora.cl\/rmnorte\/#\/schema\/person\/image\/\",\"url\":\"https:\/\/secure.gravatar.com\/avatar\/06e2fd9f68a0c19cd669ddc183de83489acab601aa57958e0f60175e5013e6b7?s=96&d=mm&r=g\",\"contentUrl\":\"https:\/\/secure.gravatar.com\/avatar\/06e2fd9f68a0c19cd669ddc183de83489acab601aa57958e0f60175e5013e6b7?s=96&d=mm&r=g\",\"caption\":\"dgarcia\"},\"url\":\"https:\/\/explora.cl\/rmnorte\/author\/dgarcia\/\"}]}<\/script>\n<!-- \/ Yoast SEO plugin. -->","yoast_head_json":{"title":"El Festival de las Ciencias me ense\u00f1a de manera f\u00e1cil y divertida sobre los planetas, el medio ambiente, el cuerpo humano y muchas cosas m\u00e1s - RM Norte","robots":{"index":"index","follow":"follow","max-snippet":"max-snippet:-1","max-image-preview":"max-image-preview:large","max-video-preview":"max-video-preview:-1"},"canonical":"https:\/\/explora.cl\/rmnorte\/el-festival-de-las-ciencias-me-ensena-de-manera-facil-y-divertida-sobre-los-planetas-el-medio-ambiente-el-cuerpo-humano-y-muchas-cosas-mas\/","og_locale":"es_ES","og_type":"article","og_title":"El Festival de las Ciencias me ense\u00f1a de manera f\u00e1cil y divertida sobre los planetas, el medio ambiente, el cuerpo humano y muchas cosas m\u00e1s - RM Norte","og_description":"Celebra en familia: actividades gratuitas para todas las edades","og_url":"https:\/\/explora.cl\/rmnorte\/el-festival-de-las-ciencias-me-ensena-de-manera-facil-y-divertida-sobre-los-planetas-el-medio-ambiente-el-cuerpo-humano-y-muchas-cosas-mas\/","og_site_name":"RM Norte","article_published_time":"2022-10-07T23:51:19+00:00","article_modified_time":"2022-10-25T14:21:32+00:00","og_image":[{"width":1024,"height":683,"url":"https:\/\/explora.cl\/rmnorte\/wp-content\/uploads\/sites\/11\/2022\/10\/IMG_4343-1-1024x683.jpg","type":"image\/jpeg"}],"author":"dgarcia","twitter_card":"summary_large_image","twitter_misc":{"Escrito por":"dgarcia","Tiempo estimado de lectura":"3 minutos"},"schema":{"@context":"https:\/\/schema.org","@graph":[{"@type":"Article","@id":"https:\/\/explora.cl\/rmnorte\/el-festival-de-las-ciencias-me-ensena-de-manera-facil-y-divertida-sobre-los-planetas-el-medio-ambiente-el-cuerpo-humano-y-muchas-cosas-mas\/#article","isPartOf":{"@id":"https:\/\/explora.cl\/rmnorte\/el-festival-de-las-ciencias-me-ensena-de-manera-facil-y-divertida-sobre-los-planetas-el-medio-ambiente-el-cuerpo-humano-y-muchas-cosas-mas\/"},"author":{"name":"dgarcia","@id":"https:\/\/explora.cl\/rmnorte\/#\/schema\/person\/4ad985b29a183eab4170892260e133a5"},"headline":"El Festival de las Ciencias me ense\u00f1a de manera f\u00e1cil y divertida sobre los planetas, el medio ambiente, el cuerpo humano y muchas cosas m\u00e1s","datePublished":"2022-10-07T23:51:19+00:00","dateModified":"2022-10-25T14:21:32+00:00","mainEntityOfPage":{"@id":"https:\/\/explora.cl\/rmnorte\/el-festival-de-las-ciencias-me-ensena-de-manera-facil-y-divertida-sobre-los-planetas-el-medio-ambiente-el-cuerpo-humano-y-muchas-cosas-mas\/"},"wordCount":562,"commentCount":0,"image":{"@id":"https:\/\/explora.cl\/rmnorte\/el-festival-de-las-ciencias-me-ensena-de-manera-facil-y-divertida-sobre-los-planetas-el-medio-ambiente-el-cuerpo-humano-y-muchas-cosas-mas\/#primaryimage"},"thumbnailUrl":"https:\/\/explora.cl\/rmnorte\/wp-content\/uploads\/sites\/11\/2022\/10\/IMG_4343-1.jpg","articleSection":["Noticias"],"inLanguage":"es-CL","potentialAction":[{"@type":"CommentAction","name":"Comment","target":["https:\/\/explora.cl\/rmnorte\/el-festival-de-las-ciencias-me-ensena-de-manera-facil-y-divertida-sobre-los-planetas-el-medio-ambiente-el-cuerpo-humano-y-muchas-cosas-mas\/#respond"]}]},{"@type":"WebPage","@id":"https:\/\/explora.cl\/rmnorte\/el-festival-de-las-ciencias-me-ensena-de-manera-facil-y-divertida-sobre-los-planetas-el-medio-ambiente-el-cuerpo-humano-y-muchas-cosas-mas\/","url":"https:\/\/explora.cl\/rmnorte\/el-festival-de-las-ciencias-me-ensena-de-manera-facil-y-divertida-sobre-los-planetas-el-medio-ambiente-el-cuerpo-humano-y-muchas-cosas-mas\/","name":"El Festival de las Ciencias me ense\u00f1a de manera f\u00e1cil y divertida sobre los planetas, el medio ambiente, el cuerpo humano y muchas cosas m\u00e1s - RM Norte","isPartOf":{"@id":"https:\/\/explora.cl\/rmnorte\/#website"},"primaryImageOfPage":{"@id":"https:\/\/explora.cl\/rmnorte\/el-festival-de-las-ciencias-me-ensena-de-manera-facil-y-divertida-sobre-los-planetas-el-medio-ambiente-el-cuerpo-humano-y-muchas-cosas-mas\/#primaryimage"},"image":{"@id":"https:\/\/explora.cl\/rmnorte\/el-festival-de-las-ciencias-me-ensena-de-manera-facil-y-divertida-sobre-los-planetas-el-medio-ambiente-el-cuerpo-humano-y-muchas-cosas-mas\/#primaryimage"},"thumbnailUrl":"https:\/\/explora.cl\/rmnorte\/wp-content\/uploads\/sites\/11\/2022\/10\/IMG_4343-1.jpg","datePublished":"2022-10-07T23:51:19+00:00","dateModified":"2022-10-25T14:21:32+00:00","author":{"@id":"https:\/\/explora.cl\/rmnorte\/#\/schema\/person\/4ad985b29a183eab4170892260e133a5"},"breadcrumb":{"@id":"https:\/\/explora.cl\/rmnorte\/el-festival-de-las-ciencias-me-ensena-de-manera-facil-y-divertida-sobre-los-planetas-el-medio-ambiente-el-cuerpo-humano-y-muchas-cosas-mas\/#breadcrumb"},"inLanguage":"es-CL","potentialAction":[{"@type":"ReadAction","target":["https:\/\/explora.cl\/rmnorte\/el-festival-de-las-ciencias-me-ensena-de-manera-facil-y-divertida-sobre-los-planetas-el-medio-ambiente-el-cuerpo-humano-y-muchas-cosas-mas\/"]}]},{"@type":"ImageObject","inLanguage":"es-CL","@id":"https:\/\/explora.cl\/rmnorte\/el-festival-de-las-ciencias-me-ensena-de-manera-facil-y-divertida-sobre-los-planetas-el-medio-ambiente-el-cuerpo-humano-y-muchas-cosas-mas\/#primaryimage","url":"https:\/\/explora.cl\/rmnorte\/wp-content\/uploads\/sites\/11\/2022\/10\/IMG_4343-1.jpg","contentUrl":"https:\/\/explora.cl\/rmnorte\/wp-content\/uploads\/sites\/11\/2022\/10\/IMG_4343-1.jpg","width":5184,"height":3456},{"@type":"BreadcrumbList","@id":"https:\/\/explora.cl\/rmnorte\/el-festival-de-las-ciencias-me-ensena-de-manera-facil-y-divertida-sobre-los-planetas-el-medio-ambiente-el-cuerpo-humano-y-muchas-cosas-mas\/#breadcrumb","itemListElement":[{"@type":"ListItem","position":1,"name":"Portada","item":"https:\/\/explora.cl\/rmnorte\/"},{"@type":"ListItem","position":2,"name":"El Festival de las Ciencias me ense\u00f1a de manera f\u00e1cil y divertida sobre los planetas, el medio ambiente, el cuerpo humano y muchas cosas m\u00e1s"}]},{"@type":"WebSite","@id":"https:\/\/explora.cl\/rmnorte\/#website","url":"https:\/\/explora.cl\/rmnorte\/","name":"RM Norte","description":"RM Norte explora.cl","potentialAction":[{"@type":"SearchAction","target":{"@type":"EntryPoint","urlTemplate":"https:\/\/explora.cl\/rmnorte\/?s={search_term_string}"},"query-input":{"@type":"PropertyValueSpecification","valueRequired":true,"valueName":"search_term_string"}}],"inLanguage":"es-CL"},{"@type":"Person","@id":"https:\/\/explora.cl\/rmnorte\/#\/schema\/person\/4ad985b29a183eab4170892260e133a5","name":"dgarcia","image":{"@type":"ImageObject","inLanguage":"es-CL","@id":"https:\/\/explora.cl\/rmnorte\/#\/schema\/person\/image\/","url":"https:\/\/secure.gravatar.com\/avatar\/06e2fd9f68a0c19cd669ddc183de83489acab601aa57958e0f60175e5013e6b7?s=96&d=mm&r=g","contentUrl":"https:\/\/secure.gravatar.com\/avatar\/06e2fd9f68a0c19cd669ddc183de83489acab601aa57958e0f60175e5013e6b7?s=96&d=mm&r=g","caption":"dgarcia"},"url":"https:\/\/explora.cl\/rmnorte\/author\/dgarcia\/"}]}},"_links":{"self":[{"href":"https:\/\/explora.cl\/rmnorte\/wp-json\/wp\/v2\/posts\/41564","targetHints":{"allow":["GET"]}}],"collection":[{"href":"https:\/\/explora.cl\/rmnorte\/wp-json\/wp\/v2\/posts"}],"about":[{"href":"https:\/\/explora.cl\/rmnorte\/wp-json\/wp\/v2\/types\/post"}],"author":[{"embeddable":true,"href":"https:\/\/explora.cl\/rmnorte\/wp-json\/wp\/v2\/users\/26"}],"replies":[{"embeddable":true,"href":"https:\/\/explora.cl\/rmnorte\/wp-json\/wp\/v2\/comments?post=41564"}],"version-history":[{"count":3,"href":"https:\/\/explora.cl\/rmnorte\/wp-json\/wp\/v2\/posts\/41564\/revisions"}],"predecessor-version":[{"id":41638,"href":"https:\/\/explora.cl\/rmnorte\/wp-json\/wp\/v2\/posts\/41564\/revisions\/41638"}],"wp:featuredmedia":[{"embeddable":true,"href":"https:\/\/explora.cl\/rmnorte\/wp-json\/wp\/v2\/media\/41570"}],"wp:attachment":[{"href":"https:\/\/explora.cl\/rmnorte\/wp-json\/wp\/v2\/media?parent=41564"}],"wp:term":[{"taxonomy":"category","embeddable":true,"href":"https:\/\/explora.cl\/rmnorte\/wp-json\/wp\/v2\/categories?post=41564"},{"taxonomy":"post_tag","embeddable":true,"href":"https:\/\/explora.cl\/rmnorte\/wp-json\/wp\/v2\/tags?post=41564"}],"curies":[{"name":"wp","href":"https:\/\/api.w.org\/{rel}","templated":true}]}}