{"id":41545,"date":"2022-10-01T18:37:11","date_gmt":"2022-10-01T21:37:11","guid":{"rendered":"https:\/\/explora.cl\/rmnorte\/?p=41545"},"modified":"2022-10-25T11:22:09","modified_gmt":"2022-10-25T14:22:09","slug":"el-proximo-8-de-octubre-celebra-con-explora-rm-norte-en-el-festival-de-las-ciencias-crisis-climatica-tods-somos-esenciales","status":"publish","type":"post","link":"https:\/\/explora.cl\/rmnorte\/el-proximo-8-de-octubre-celebra-con-explora-rm-norte-en-el-festival-de-las-ciencias-crisis-climatica-tods-somos-esenciales\/","title":{"rendered":"El pr\u00f3ximo 8 de octubre celebra con Explora RM Norte en el Festival de las Ciencias \u201cCrisis Clim\u00e1tica: \u00a1Tod@s somos esenciales!"},"content":{"rendered":"<h3><strong>Celebra en familia: actividades gratuitas para todas las edades<\/strong><\/h3>\n<p>Despu\u00e9s de dos a\u00f1os en la virtualidad, vuelve el Festival de la Ciencias en formato presencial. El pr\u00f3ximo <strong>s\u00e1bado 8 de octubre desde las 10 hasta las 18:30 horas, en el Centro Cultural La Moneda<\/strong>, se reunir\u00e1n m\u00e1s de 50 especialistas de diversas instituciones, quienes a trav\u00e9s de charlas, conversatorios, exposiciones y espacios de interacci\u00f3n celebrar\u00e1n el conocimiento.<\/p>\n<p>La actividad est\u00e1 organizada por el Proyectos Asociativos Regionales (PAR) de Explora de la Regi\u00f3n Metropolitana Norte del Ministerio de Ciencia, Tecnolog\u00eda, Conocimiento e Innovaci\u00f3n y contar\u00e1 con la participaci\u00f3n de m\u00e1s de 35 instituciones colaboradoras. Este a\u00f1o, la tem\u00e1tica principal es relevar el conocimiento de la Ciencia, Tecnolog\u00eda, Conocimiento e Innovaci\u00f3n (CTCI) y acciones que contribuyan a enfrentar la actual crisis clim\u00e1tica desde una mirada ecosist\u00e9mica.<\/p>\n<p>Entre los invitados estar\u00e1 el profesor <strong>Jos\u00e9 Maza,<\/strong> Premio Nacional de Ciencias Exactas 1999; <strong>Sergio Lavandero<\/strong>, Premio Nacional de Ciencias Naturales 2022; <strong>Catalina Silva<\/strong>, activista por el medio ambiente; <strong>Marcelo Lagos<\/strong>, ge\u00f3grafo y especialista en procesos naturales extremos; <strong>Anah\u00ed Urquiza<\/strong>, antrop\u00f3loga social; <strong>Rafael Araos,<\/strong> miembro de la Comisi\u00f3n Nacional de Respuesta Pand\u00e9mica, entre otros\/as especialistas quienes desde sus \u00e1reas de investigaci\u00f3n contar\u00e1n c\u00f3mo contribuyen a mitigar los efectos del cambio clim\u00e1tico.<\/p>\n<p>\u201cInvito a toda la comunidad a acercarse, dejarse asombrar y disfrutar de los temas y fen\u00f3menos relacionados a la CTCI, vinculados a las acciones que contribuyan a enfrentar la actual crisis clim\u00e1tica. Este Festival de las Ciencias, busca generar mayor conciencia desde las primeras edades y de forma divertida, la manera de cuidar el \u00fanico hogar que tenemos y como dice el slogan en donde todos\/as somos esenciales. Durante la actividad se abordar\u00e1n varios temas entre ellos, el agua uno de los recursos naturales m\u00e1s necesario pero muy vulnerable. Tambi\u00e9n se desarrollar\u00e1 el tema de la contaminaci\u00f3n, alimentos sustentables con el medio ambiente, entre otros\u201d, inform\u00f3 el <strong>Dr. Mario Chiong, director PAR Explora RM Norte.<\/strong><\/p>\n<p><img fetchpriority=\"high\" decoding=\"async\" class=\"aligncenter wp-image-41548\" src=\"https:\/\/explora.cl\/rmnorte\/wp-content\/uploads\/sites\/11\/2022\/10\/Feci_Actividad_8_octubre_afiche_comunicado-206x300.png\" alt=\"\" width=\"600\" height=\"873\" srcset=\"https:\/\/explora.cl\/rmnorte\/wp-content\/uploads\/sites\/11\/2022\/10\/Feci_Actividad_8_octubre_afiche_comunicado-206x300.png 206w, https:\/\/explora.cl\/rmnorte\/wp-content\/uploads\/sites\/11\/2022\/10\/Feci_Actividad_8_octubre_afiche_comunicado-768x1118.png 768w, https:\/\/explora.cl\/rmnorte\/wp-content\/uploads\/sites\/11\/2022\/10\/Feci_Actividad_8_octubre_afiche_comunicado-703x1024.png 703w, https:\/\/explora.cl\/rmnorte\/wp-content\/uploads\/sites\/11\/2022\/10\/Feci_Actividad_8_octubre_afiche_comunicado.png 935w\" sizes=\"(max-width: 600px) 100vw, 600px\" \/><\/p>\n<p>El Festival de la Ciencias (FECI) es una celebraci\u00f3n nacional que invita a todas las personas a apropiarse de la CTCI, a trav\u00e9s de una programaci\u00f3n de actividades p\u00fablicas y gratuitas que facilitan la comprensi\u00f3n del entorno, desde diversas \u00e1reas del conocimiento.<\/p>\n<p>Dentro de las actividades que se desarrollar\u00e1n en FECI 2022, se encuentra:<\/p>\n<ul>\n<li><strong>\u201cZona: Un viaje al Centro del Cambio<\/strong>&#8220;: espacio permanente que contar\u00e1 con la participaci\u00f3n de m\u00e1s de 15 instituciones, quienes invitar\u00e1n a los participantes a disfrutar de actividades y experiencias vinculadas a la crisis clim\u00e1tica y el agua.<\/li>\n<li><strong>Talleres \u201cManos a la obra \u00a1Celebremos el Conocimiento!\u201d:<\/strong> en este taller podr\u00e1n participar todos los asistentes.<\/li>\n<li><strong>Ciclo de charlas \u201cCuriosasMENTES\u201d <\/strong>dirigidas a la crisis clim\u00e1tica<\/li>\n<li><strong>Conversatorio \u201cJuntas contra la crisis clim\u00e1tica\u201d<\/strong><\/li>\n<li><strong>Conversatorio &#8220;Ciencia para H\u2082OY &#8220;<\/strong><\/li>\n<li><strong>Proyecci\u00f3n de videos y documental<\/strong><\/li>\n<\/ul>\n<p>Conoce el detalle de la programaci\u00f3n en explora.cl\/rmnorte y en las redes sociales del PAR Explora RM Norte <a href=\"https:\/\/www.instagram.com\/explorarmnorte\/\" target=\"_blank\" rel=\"noopener noreferrer\">@explorarmnorte<\/a><\/p>\n<p><strong>Instituciones colaboradoras <\/strong><\/p>\n<p>El Festival de las Ciencias organizado por Explora RM Norte, junto a su unidad ejecutora Facultad de Ciencias Qu\u00edmicas y Farmac\u00e9uticas de la Universidad de Chile y el Centro Avanzado de Enfermedades Cr\u00f3nicas (ACCDiS). cuenta con la colaboraci\u00f3n de la Unidad de Ciencias de la Conservaci\u00f3n del Centro Nacional de Conservaci\u00f3n y Restauraci\u00f3n (CNCR); Centro de Desarrollo Urbano Sustentable (CEDEUS); Yaku; Instituto Milenio de Biolog\u00eda Integrativa (iBio); Facultad de Ciencias de la Universidad Santo Tom\u00e1s (UST); Instituto de Nutrici\u00f3n y Tecnolog\u00eda de los Alimentos (INTA) de la Universidad de Chile;\u00a0 Direcci\u00f3n de Investigaci\u00f3n Cient\u00edfica y Tecnol\u00f3gica de la Universidad de Santiago de Chile (USACH); Observatorio en Gesti\u00f3n de Riesgo de Desastres (OGRD) de la Universidad Bernardo O\u2019Higgins (UBO); Instituto de Ciencias Biom\u00e9dicas (ICBM), Facultad de Medicina de la Universidad de Chile;\u00a0 ; Centro de Investigaci\u00f3n para la Gesti\u00f3n Integrada del Riesgo de Desastre (CIGIDEN); Centro Nacional de Inteligencia Artificial (CENIA); Ideo Maker; Biblioteca Interactiva Latinoamericana Infantil y Juvenil (BILIJ); N\u00facleo Milenio de Enfermedades Asociadas a Canales I\u00f3nicos (MiNICAD) y Fundaci\u00f3n Newenko, Museo del Agua de la Universidad de O&#8217;Higgins; Instituto Milenio de Investigaci\u00f3n en \u00d3ptica (MIRO); Centro de Astrof\u00edsica y Tecnolog\u00edas Afines (CATA), Departamento de Astronom\u00eda, Facultad de Ciencias F\u00edsicas y Matem\u00e1ticas de la Universidad de Chile; Facultad de Ciencias de la Salud de la\u00a0 Universidad Central de Chile; Museo de Qu\u00edmica y Farmacia profesor Cesar Leyton Caravagno\u00a0 (MQF) de la Facultad de Ciencias Qu\u00edmicas y Farmac\u00e9uticas, Universidad de Chile; Centro de Investigaci\u00f3n en Recursos Naturales y Sustentabilidad UBO; Pontificia Universidad Cat\u00f3lica de Chile; Centro de Excelencia en Geotermia de Los Andes (CEGA); Centro de Recursos H\u00eddricos para la Agricultura y Miner\u00eda (CRHIAM) de la UdeC; Facultad de Qu\u00edmica y Biolog\u00eda de la USACH; Universidad del Desarrollo; Huiro Regenerativo;\u00a0 Fundaci\u00f3n, Tremendas ; Centro de Ciencia del Clima y la Resiliencia \u2013 CR2; Fundaci\u00f3n MERI; Centro Cultural La Moneda; Facultad de Ingenier\u00eda UC; y el Centro de Comunicaci\u00f3n de las Ciencias de la Universidad Aut\u00f3noma de Chile (UA).<\/p>\n<p><img decoding=\"async\" class=\"alignnone wp-image-41549 size-medium\" src=\"https:\/\/explora.cl\/rmnorte\/wp-content\/uploads\/sites\/11\/2022\/10\/Afiche_actividad_grupal_A_08-300x300.png\" alt=\"\" width=\"300\" height=\"300\" srcset=\"https:\/\/explora.cl\/rmnorte\/wp-content\/uploads\/sites\/11\/2022\/10\/Afiche_actividad_grupal_A_08-300x300.png 300w, https:\/\/explora.cl\/rmnorte\/wp-content\/uploads\/sites\/11\/2022\/10\/Afiche_actividad_grupal_A_08-150x150.png 150w, https:\/\/explora.cl\/rmnorte\/wp-content\/uploads\/sites\/11\/2022\/10\/Afiche_actividad_grupal_A_08-768x768.png 768w, https:\/\/explora.cl\/rmnorte\/wp-content\/uploads\/sites\/11\/2022\/10\/Afiche_actividad_grupal_A_08-1024x1024.png 1024w, https:\/\/explora.cl\/rmnorte\/wp-content\/uploads\/sites\/11\/2022\/10\/Afiche_actividad_grupal_A_08-60x60.png 60w, https:\/\/explora.cl\/rmnorte\/wp-content\/uploads\/sites\/11\/2022\/10\/Afiche_actividad_grupal_A_08.png 1080w\" sizes=\"(max-width: 300px) 100vw, 300px\" \/><img decoding=\"async\" class=\"alignnone wp-image-41550 size-medium\" src=\"https:\/\/explora.cl\/rmnorte\/wp-content\/uploads\/sites\/11\/2022\/10\/Afiche_actividad_grupal_A_09-300x300.png\" alt=\"\" width=\"300\" height=\"300\" data-wp-editing=\"1\" srcset=\"https:\/\/explora.cl\/rmnorte\/wp-content\/uploads\/sites\/11\/2022\/10\/Afiche_actividad_grupal_A_09-300x300.png 300w, https:\/\/explora.cl\/rmnorte\/wp-content\/uploads\/sites\/11\/2022\/10\/Afiche_actividad_grupal_A_09-150x150.png 150w, https:\/\/explora.cl\/rmnorte\/wp-content\/uploads\/sites\/11\/2022\/10\/Afiche_actividad_grupal_A_09-768x768.png 768w, https:\/\/explora.cl\/rmnorte\/wp-content\/uploads\/sites\/11\/2022\/10\/Afiche_actividad_grupal_A_09-1024x1024.png 1024w, https:\/\/explora.cl\/rmnorte\/wp-content\/uploads\/sites\/11\/2022\/10\/Afiche_actividad_grupal_A_09-60x60.png 60w, https:\/\/explora.cl\/rmnorte\/wp-content\/uploads\/sites\/11\/2022\/10\/Afiche_actividad_grupal_A_09.png 1080w\" sizes=\"(max-width: 300px) 100vw, 300px\" \/><img loading=\"lazy\" decoding=\"async\" class=\"alignnone wp-image-41551 size-medium\" src=\"https:\/\/explora.cl\/rmnorte\/wp-content\/uploads\/sites\/11\/2022\/10\/Afiche_actividad_grupal_A_10-300x300.png\" alt=\"\" width=\"300\" height=\"300\" srcset=\"https:\/\/explora.cl\/rmnorte\/wp-content\/uploads\/sites\/11\/2022\/10\/Afiche_actividad_grupal_A_10-300x300.png 300w, https:\/\/explora.cl\/rmnorte\/wp-content\/uploads\/sites\/11\/2022\/10\/Afiche_actividad_grupal_A_10-150x150.png 150w, https:\/\/explora.cl\/rmnorte\/wp-content\/uploads\/sites\/11\/2022\/10\/Afiche_actividad_grupal_A_10-768x768.png 768w, https:\/\/explora.cl\/rmnorte\/wp-content\/uploads\/sites\/11\/2022\/10\/Afiche_actividad_grupal_A_10-1024x1024.png 1024w, https:\/\/explora.cl\/rmnorte\/wp-content\/uploads\/sites\/11\/2022\/10\/Afiche_actividad_grupal_A_10-60x60.png 60w, https:\/\/explora.cl\/rmnorte\/wp-content\/uploads\/sites\/11\/2022\/10\/Afiche_actividad_grupal_A_10.png 1080w\" sizes=\"(max-width: 300px) 100vw, 300px\" \/><\/p>\n","protected":false},"excerpt":{"rendered":"<p>Celebra en familia: actividades gratuitas para todas las edades <\/p>\n","protected":false},"author":26,"featured_media":41546,"comment_status":"open","ping_status":"open","sticky":false,"template":"","format":"standard","meta":{"_acf_changed":false,"_exactmetrics_skip_tracking":false,"_exactmetrics_sitenote_active":false,"_exactmetrics_sitenote_note":"","_exactmetrics_sitenote_category":0,"footnotes":"","_links_to":"","_links_to_target":""},"categories":[4],"tags":[],"class_list":["post-41545","post","type-post","status-publish","format-standard","has-post-thumbnail","hentry","category-noticias"],"acf":[],"yoast_head":"<!-- This site is optimized with the Yoast SEO plugin v26.9 - https:\/\/yoast.com\/product\/yoast-seo-wordpress\/ -->\n<title>El pr\u00f3ximo 8 de octubre celebra con Explora RM Norte en el Festival de las Ciencias \u201cCrisis Clim\u00e1tica: \u00a1Tod@s somos esenciales! - RM Norte<\/title>\n<meta name=\"robots\" content=\"index, follow, max-snippet:-1, max-image-preview:large, max-video-preview:-1\" \/>\n<link rel=\"canonical\" href=\"https:\/\/explora.cl\/rmnorte\/el-proximo-8-de-octubre-celebra-con-explora-rm-norte-en-el-festival-de-las-ciencias-crisis-climatica-tods-somos-esenciales\/\" class=\"yoast-seo-meta-tag\" \/>\n<meta property=\"og:locale\" content=\"es_ES\" class=\"yoast-seo-meta-tag\" \/>\n<meta property=\"og:type\" content=\"article\" class=\"yoast-seo-meta-tag\" \/>\n<meta property=\"og:title\" content=\"El pr\u00f3ximo 8 de octubre celebra con Explora RM Norte en el Festival de las Ciencias \u201cCrisis Clim\u00e1tica: \u00a1Tod@s somos esenciales! - RM Norte\" class=\"yoast-seo-meta-tag\" \/>\n<meta property=\"og:description\" content=\"Celebra en familia: actividades gratuitas para todas las edades\" class=\"yoast-seo-meta-tag\" \/>\n<meta property=\"og:url\" content=\"https:\/\/explora.cl\/rmnorte\/el-proximo-8-de-octubre-celebra-con-explora-rm-norte-en-el-festival-de-las-ciencias-crisis-climatica-tods-somos-esenciales\/\" class=\"yoast-seo-meta-tag\" \/>\n<meta property=\"og:site_name\" content=\"RM Norte\" class=\"yoast-seo-meta-tag\" \/>\n<meta property=\"article:published_time\" content=\"2022-10-01T21:37:11+00:00\" class=\"yoast-seo-meta-tag\" \/>\n<meta property=\"article:modified_time\" content=\"2022-10-25T14:22:09+00:00\" class=\"yoast-seo-meta-tag\" \/>\n<meta property=\"og:image\" content=\"https:\/\/explora.cl\/rmnorte\/wp-content\/uploads\/sites\/11\/2022\/10\/actividad-presencial.png\" class=\"yoast-seo-meta-tag\" \/>\n\t<meta property=\"og:image:width\" content=\"1080\" class=\"yoast-seo-meta-tag\" \/>\n\t<meta property=\"og:image:height\" content=\"1080\" class=\"yoast-seo-meta-tag\" \/>\n\t<meta property=\"og:image:type\" content=\"image\/png\" class=\"yoast-seo-meta-tag\" \/>\n<meta name=\"author\" content=\"dgarcia\" class=\"yoast-seo-meta-tag\" \/>\n<meta name=\"twitter:card\" content=\"summary_large_image\" class=\"yoast-seo-meta-tag\" \/>\n<meta name=\"twitter:label1\" content=\"Escrito por\" class=\"yoast-seo-meta-tag\" \/>\n\t<meta name=\"twitter:data1\" content=\"dgarcia\" class=\"yoast-seo-meta-tag\" \/>\n\t<meta name=\"twitter:label2\" content=\"Tiempo estimado de lectura\" class=\"yoast-seo-meta-tag\" \/>\n\t<meta name=\"twitter:data2\" content=\"4 minutos\" class=\"yoast-seo-meta-tag\" \/>\n<script type=\"application\/ld+json\" class=\"yoast-schema-graph\">{\"@context\":\"https:\/\/schema.org\",\"@graph\":[{\"@type\":\"Article\",\"@id\":\"https:\/\/explora.cl\/rmnorte\/el-proximo-8-de-octubre-celebra-con-explora-rm-norte-en-el-festival-de-las-ciencias-crisis-climatica-tods-somos-esenciales\/#article\",\"isPartOf\":{\"@id\":\"https:\/\/explora.cl\/rmnorte\/el-proximo-8-de-octubre-celebra-con-explora-rm-norte-en-el-festival-de-las-ciencias-crisis-climatica-tods-somos-esenciales\/\"},\"author\":{\"name\":\"dgarcia\",\"@id\":\"https:\/\/explora.cl\/rmnorte\/#\/schema\/person\/4ad985b29a183eab4170892260e133a5\"},\"headline\":\"El pr\u00f3ximo 8 de octubre celebra con Explora RM Norte en el Festival de las Ciencias \u201cCrisis Clim\u00e1tica: \u00a1Tod@s somos esenciales!\",\"datePublished\":\"2022-10-01T21:37:11+00:00\",\"dateModified\":\"2022-10-25T14:22:09+00:00\",\"mainEntityOfPage\":{\"@id\":\"https:\/\/explora.cl\/rmnorte\/el-proximo-8-de-octubre-celebra-con-explora-rm-norte-en-el-festival-de-las-ciencias-crisis-climatica-tods-somos-esenciales\/\"},\"wordCount\":909,\"commentCount\":0,\"image\":{\"@id\":\"https:\/\/explora.cl\/rmnorte\/el-proximo-8-de-octubre-celebra-con-explora-rm-norte-en-el-festival-de-las-ciencias-crisis-climatica-tods-somos-esenciales\/#primaryimage\"},\"thumbnailUrl\":\"https:\/\/explora.cl\/rmnorte\/wp-content\/uploads\/sites\/11\/2022\/10\/actividad-presencial.png\",\"articleSection\":[\"Noticias\"],\"inLanguage\":\"es-CL\",\"potentialAction\":[{\"@type\":\"CommentAction\",\"name\":\"Comment\",\"target\":[\"https:\/\/explora.cl\/rmnorte\/el-proximo-8-de-octubre-celebra-con-explora-rm-norte-en-el-festival-de-las-ciencias-crisis-climatica-tods-somos-esenciales\/#respond\"]}]},{\"@type\":\"WebPage\",\"@id\":\"https:\/\/explora.cl\/rmnorte\/el-proximo-8-de-octubre-celebra-con-explora-rm-norte-en-el-festival-de-las-ciencias-crisis-climatica-tods-somos-esenciales\/\",\"url\":\"https:\/\/explora.cl\/rmnorte\/el-proximo-8-de-octubre-celebra-con-explora-rm-norte-en-el-festival-de-las-ciencias-crisis-climatica-tods-somos-esenciales\/\",\"name\":\"El pr\u00f3ximo 8 de octubre celebra con Explora RM Norte en el Festival de las Ciencias \u201cCrisis Clim\u00e1tica: \u00a1Tod@s somos esenciales! - RM Norte\",\"isPartOf\":{\"@id\":\"https:\/\/explora.cl\/rmnorte\/#website\"},\"primaryImageOfPage\":{\"@id\":\"https:\/\/explora.cl\/rmnorte\/el-proximo-8-de-octubre-celebra-con-explora-rm-norte-en-el-festival-de-las-ciencias-crisis-climatica-tods-somos-esenciales\/#primaryimage\"},\"image\":{\"@id\":\"https:\/\/explora.cl\/rmnorte\/el-proximo-8-de-octubre-celebra-con-explora-rm-norte-en-el-festival-de-las-ciencias-crisis-climatica-tods-somos-esenciales\/#primaryimage\"},\"thumbnailUrl\":\"https:\/\/explora.cl\/rmnorte\/wp-content\/uploads\/sites\/11\/2022\/10\/actividad-presencial.png\",\"datePublished\":\"2022-10-01T21:37:11+00:00\",\"dateModified\":\"2022-10-25T14:22:09+00:00\",\"author\":{\"@id\":\"https:\/\/explora.cl\/rmnorte\/#\/schema\/person\/4ad985b29a183eab4170892260e133a5\"},\"breadcrumb\":{\"@id\":\"https:\/\/explora.cl\/rmnorte\/el-proximo-8-de-octubre-celebra-con-explora-rm-norte-en-el-festival-de-las-ciencias-crisis-climatica-tods-somos-esenciales\/#breadcrumb\"},\"inLanguage\":\"es-CL\",\"potentialAction\":[{\"@type\":\"ReadAction\",\"target\":[\"https:\/\/explora.cl\/rmnorte\/el-proximo-8-de-octubre-celebra-con-explora-rm-norte-en-el-festival-de-las-ciencias-crisis-climatica-tods-somos-esenciales\/\"]}]},{\"@type\":\"ImageObject\",\"inLanguage\":\"es-CL\",\"@id\":\"https:\/\/explora.cl\/rmnorte\/el-proximo-8-de-octubre-celebra-con-explora-rm-norte-en-el-festival-de-las-ciencias-crisis-climatica-tods-somos-esenciales\/#primaryimage\",\"url\":\"https:\/\/explora.cl\/rmnorte\/wp-content\/uploads\/sites\/11\/2022\/10\/actividad-presencial.png\",\"contentUrl\":\"https:\/\/explora.cl\/rmnorte\/wp-content\/uploads\/sites\/11\/2022\/10\/actividad-presencial.png\",\"width\":1080,\"height\":1080},{\"@type\":\"BreadcrumbList\",\"@id\":\"https:\/\/explora.cl\/rmnorte\/el-proximo-8-de-octubre-celebra-con-explora-rm-norte-en-el-festival-de-las-ciencias-crisis-climatica-tods-somos-esenciales\/#breadcrumb\",\"itemListElement\":[{\"@type\":\"ListItem\",\"position\":1,\"name\":\"Portada\",\"item\":\"https:\/\/explora.cl\/rmnorte\/\"},{\"@type\":\"ListItem\",\"position\":2,\"name\":\"El pr\u00f3ximo 8 de octubre celebra con Explora RM Norte en el Festival de las Ciencias \u201cCrisis Clim\u00e1tica: \u00a1Tod@s somos esenciales!\"}]},{\"@type\":\"WebSite\",\"@id\":\"https:\/\/explora.cl\/rmnorte\/#website\",\"url\":\"https:\/\/explora.cl\/rmnorte\/\",\"name\":\"RM Norte\",\"description\":\"RM Norte explora.cl\",\"potentialAction\":[{\"@type\":\"SearchAction\",\"target\":{\"@type\":\"EntryPoint\",\"urlTemplate\":\"https:\/\/explora.cl\/rmnorte\/?s={search_term_string}\"},\"query-input\":{\"@type\":\"PropertyValueSpecification\",\"valueRequired\":true,\"valueName\":\"search_term_string\"}}],\"inLanguage\":\"es-CL\"},{\"@type\":\"Person\",\"@id\":\"https:\/\/explora.cl\/rmnorte\/#\/schema\/person\/4ad985b29a183eab4170892260e133a5\",\"name\":\"dgarcia\",\"image\":{\"@type\":\"ImageObject\",\"inLanguage\":\"es-CL\",\"@id\":\"https:\/\/explora.cl\/rmnorte\/#\/schema\/person\/image\/\",\"url\":\"https:\/\/secure.gravatar.com\/avatar\/06e2fd9f68a0c19cd669ddc183de83489acab601aa57958e0f60175e5013e6b7?s=96&d=mm&r=g\",\"contentUrl\":\"https:\/\/secure.gravatar.com\/avatar\/06e2fd9f68a0c19cd669ddc183de83489acab601aa57958e0f60175e5013e6b7?s=96&d=mm&r=g\",\"caption\":\"dgarcia\"},\"url\":\"https:\/\/explora.cl\/rmnorte\/author\/dgarcia\/\"}]}<\/script>\n<!-- \/ Yoast SEO plugin. -->","yoast_head_json":{"title":"El pr\u00f3ximo 8 de octubre celebra con Explora RM Norte en el Festival de las Ciencias \u201cCrisis Clim\u00e1tica: \u00a1Tod@s somos esenciales! - RM Norte","robots":{"index":"index","follow":"follow","max-snippet":"max-snippet:-1","max-image-preview":"max-image-preview:large","max-video-preview":"max-video-preview:-1"},"canonical":"https:\/\/explora.cl\/rmnorte\/el-proximo-8-de-octubre-celebra-con-explora-rm-norte-en-el-festival-de-las-ciencias-crisis-climatica-tods-somos-esenciales\/","og_locale":"es_ES","og_type":"article","og_title":"El pr\u00f3ximo 8 de octubre celebra con Explora RM Norte en el Festival de las Ciencias \u201cCrisis Clim\u00e1tica: \u00a1Tod@s somos esenciales! - RM Norte","og_description":"Celebra en familia: actividades gratuitas para todas las edades","og_url":"https:\/\/explora.cl\/rmnorte\/el-proximo-8-de-octubre-celebra-con-explora-rm-norte-en-el-festival-de-las-ciencias-crisis-climatica-tods-somos-esenciales\/","og_site_name":"RM Norte","article_published_time":"2022-10-01T21:37:11+00:00","article_modified_time":"2022-10-25T14:22:09+00:00","og_image":[{"width":1080,"height":1080,"url":"https:\/\/explora.cl\/rmnorte\/wp-content\/uploads\/sites\/11\/2022\/10\/actividad-presencial.png","type":"image\/png"}],"author":"dgarcia","twitter_card":"summary_large_image","twitter_misc":{"Escrito por":"dgarcia","Tiempo estimado de lectura":"4 minutos"},"schema":{"@context":"https:\/\/schema.org","@graph":[{"@type":"Article","@id":"https:\/\/explora.cl\/rmnorte\/el-proximo-8-de-octubre-celebra-con-explora-rm-norte-en-el-festival-de-las-ciencias-crisis-climatica-tods-somos-esenciales\/#article","isPartOf":{"@id":"https:\/\/explora.cl\/rmnorte\/el-proximo-8-de-octubre-celebra-con-explora-rm-norte-en-el-festival-de-las-ciencias-crisis-climatica-tods-somos-esenciales\/"},"author":{"name":"dgarcia","@id":"https:\/\/explora.cl\/rmnorte\/#\/schema\/person\/4ad985b29a183eab4170892260e133a5"},"headline":"El pr\u00f3ximo 8 de octubre celebra con Explora RM Norte en el Festival de las Ciencias \u201cCrisis Clim\u00e1tica: \u00a1Tod@s somos esenciales!","datePublished":"2022-10-01T21:37:11+00:00","dateModified":"2022-10-25T14:22:09+00:00","mainEntityOfPage":{"@id":"https:\/\/explora.cl\/rmnorte\/el-proximo-8-de-octubre-celebra-con-explora-rm-norte-en-el-festival-de-las-ciencias-crisis-climatica-tods-somos-esenciales\/"},"wordCount":909,"commentCount":0,"image":{"@id":"https:\/\/explora.cl\/rmnorte\/el-proximo-8-de-octubre-celebra-con-explora-rm-norte-en-el-festival-de-las-ciencias-crisis-climatica-tods-somos-esenciales\/#primaryimage"},"thumbnailUrl":"https:\/\/explora.cl\/rmnorte\/wp-content\/uploads\/sites\/11\/2022\/10\/actividad-presencial.png","articleSection":["Noticias"],"inLanguage":"es-CL","potentialAction":[{"@type":"CommentAction","name":"Comment","target":["https:\/\/explora.cl\/rmnorte\/el-proximo-8-de-octubre-celebra-con-explora-rm-norte-en-el-festival-de-las-ciencias-crisis-climatica-tods-somos-esenciales\/#respond"]}]},{"@type":"WebPage","@id":"https:\/\/explora.cl\/rmnorte\/el-proximo-8-de-octubre-celebra-con-explora-rm-norte-en-el-festival-de-las-ciencias-crisis-climatica-tods-somos-esenciales\/","url":"https:\/\/explora.cl\/rmnorte\/el-proximo-8-de-octubre-celebra-con-explora-rm-norte-en-el-festival-de-las-ciencias-crisis-climatica-tods-somos-esenciales\/","name":"El pr\u00f3ximo 8 de octubre celebra con Explora RM Norte en el Festival de las Ciencias \u201cCrisis Clim\u00e1tica: \u00a1Tod@s somos esenciales! - RM Norte","isPartOf":{"@id":"https:\/\/explora.cl\/rmnorte\/#website"},"primaryImageOfPage":{"@id":"https:\/\/explora.cl\/rmnorte\/el-proximo-8-de-octubre-celebra-con-explora-rm-norte-en-el-festival-de-las-ciencias-crisis-climatica-tods-somos-esenciales\/#primaryimage"},"image":{"@id":"https:\/\/explora.cl\/rmnorte\/el-proximo-8-de-octubre-celebra-con-explora-rm-norte-en-el-festival-de-las-ciencias-crisis-climatica-tods-somos-esenciales\/#primaryimage"},"thumbnailUrl":"https:\/\/explora.cl\/rmnorte\/wp-content\/uploads\/sites\/11\/2022\/10\/actividad-presencial.png","datePublished":"2022-10-01T21:37:11+00:00","dateModified":"2022-10-25T14:22:09+00:00","author":{"@id":"https:\/\/explora.cl\/rmnorte\/#\/schema\/person\/4ad985b29a183eab4170892260e133a5"},"breadcrumb":{"@id":"https:\/\/explora.cl\/rmnorte\/el-proximo-8-de-octubre-celebra-con-explora-rm-norte-en-el-festival-de-las-ciencias-crisis-climatica-tods-somos-esenciales\/#breadcrumb"},"inLanguage":"es-CL","potentialAction":[{"@type":"ReadAction","target":["https:\/\/explora.cl\/rmnorte\/el-proximo-8-de-octubre-celebra-con-explora-rm-norte-en-el-festival-de-las-ciencias-crisis-climatica-tods-somos-esenciales\/"]}]},{"@type":"ImageObject","inLanguage":"es-CL","@id":"https:\/\/explora.cl\/rmnorte\/el-proximo-8-de-octubre-celebra-con-explora-rm-norte-en-el-festival-de-las-ciencias-crisis-climatica-tods-somos-esenciales\/#primaryimage","url":"https:\/\/explora.cl\/rmnorte\/wp-content\/uploads\/sites\/11\/2022\/10\/actividad-presencial.png","contentUrl":"https:\/\/explora.cl\/rmnorte\/wp-content\/uploads\/sites\/11\/2022\/10\/actividad-presencial.png","width":1080,"height":1080},{"@type":"BreadcrumbList","@id":"https:\/\/explora.cl\/rmnorte\/el-proximo-8-de-octubre-celebra-con-explora-rm-norte-en-el-festival-de-las-ciencias-crisis-climatica-tods-somos-esenciales\/#breadcrumb","itemListElement":[{"@type":"ListItem","position":1,"name":"Portada","item":"https:\/\/explora.cl\/rmnorte\/"},{"@type":"ListItem","position":2,"name":"El pr\u00f3ximo 8 de octubre celebra con Explora RM Norte en el Festival de las Ciencias \u201cCrisis Clim\u00e1tica: \u00a1Tod@s somos esenciales!"}]},{"@type":"WebSite","@id":"https:\/\/explora.cl\/rmnorte\/#website","url":"https:\/\/explora.cl\/rmnorte\/","name":"RM Norte","description":"RM Norte explora.cl","potentialAction":[{"@type":"SearchAction","target":{"@type":"EntryPoint","urlTemplate":"https:\/\/explora.cl\/rmnorte\/?s={search_term_string}"},"query-input":{"@type":"PropertyValueSpecification","valueRequired":true,"valueName":"search_term_string"}}],"inLanguage":"es-CL"},{"@type":"Person","@id":"https:\/\/explora.cl\/rmnorte\/#\/schema\/person\/4ad985b29a183eab4170892260e133a5","name":"dgarcia","image":{"@type":"ImageObject","inLanguage":"es-CL","@id":"https:\/\/explora.cl\/rmnorte\/#\/schema\/person\/image\/","url":"https:\/\/secure.gravatar.com\/avatar\/06e2fd9f68a0c19cd669ddc183de83489acab601aa57958e0f60175e5013e6b7?s=96&d=mm&r=g","contentUrl":"https:\/\/secure.gravatar.com\/avatar\/06e2fd9f68a0c19cd669ddc183de83489acab601aa57958e0f60175e5013e6b7?s=96&d=mm&r=g","caption":"dgarcia"},"url":"https:\/\/explora.cl\/rmnorte\/author\/dgarcia\/"}]}},"_links":{"self":[{"href":"https:\/\/explora.cl\/rmnorte\/wp-json\/wp\/v2\/posts\/41545","targetHints":{"allow":["GET"]}}],"collection":[{"href":"https:\/\/explora.cl\/rmnorte\/wp-json\/wp\/v2\/posts"}],"about":[{"href":"https:\/\/explora.cl\/rmnorte\/wp-json\/wp\/v2\/types\/post"}],"author":[{"embeddable":true,"href":"https:\/\/explora.cl\/rmnorte\/wp-json\/wp\/v2\/users\/26"}],"replies":[{"embeddable":true,"href":"https:\/\/explora.cl\/rmnorte\/wp-json\/wp\/v2\/comments?post=41545"}],"version-history":[{"count":8,"href":"https:\/\/explora.cl\/rmnorte\/wp-json\/wp\/v2\/posts\/41545\/revisions"}],"predecessor-version":[{"id":41559,"href":"https:\/\/explora.cl\/rmnorte\/wp-json\/wp\/v2\/posts\/41545\/revisions\/41559"}],"wp:featuredmedia":[{"embeddable":true,"href":"https:\/\/explora.cl\/rmnorte\/wp-json\/wp\/v2\/media\/41546"}],"wp:attachment":[{"href":"https:\/\/explora.cl\/rmnorte\/wp-json\/wp\/v2\/media?parent=41545"}],"wp:term":[{"taxonomy":"category","embeddable":true,"href":"https:\/\/explora.cl\/rmnorte\/wp-json\/wp\/v2\/categories?post=41545"},{"taxonomy":"post_tag","embeddable":true,"href":"https:\/\/explora.cl\/rmnorte\/wp-json\/wp\/v2\/tags?post=41545"}],"curies":[{"name":"wp","href":"https:\/\/api.w.org\/{rel}","templated":true}]}}