{"id":41457,"date":"2022-09-02T12:28:09","date_gmt":"2022-09-02T16:28:09","guid":{"rendered":"https:\/\/explora.cl\/rmnorte\/?p=41457"},"modified":"2022-10-01T18:15:15","modified_gmt":"2022-10-01T21:15:15","slug":"8-de-octubre-festival-de-las-ciencias-crisis-climatica-tods-somos-esenciales","status":"publish","type":"post","link":"https:\/\/explora.cl\/rmnorte\/8-de-octubre-festival-de-las-ciencias-crisis-climatica-tods-somos-esenciales\/","title":{"rendered":"8 de octubre: Festival de las Ciencias &#8220;Crisis Clim\u00e1tica: Tod@s somos esenciales\u201d"},"content":{"rendered":"<p><strong><em>Ac\u00e9rcate, as\u00f3mbrate, apr\u00f3piate y disfruta de los temas y fen\u00f3menos relacionados a la Ciencia, Tecnolog\u00eda, Conocimiento e Innovaci\u00f3n, vinculados a acciones que contribuyan a enfrentar la actual crisis clim\u00e1tica.<\/em><\/strong><\/p>\n<p>\u00a1Te invitamos a celebrar el conocimiento en el Festival de las Ciencias 2022! S\u00famate a las actividades organizadas por el Proyecto Asociativo Regional Regi\u00f3n Metropolitana Norte, del Ministerio de Ciencia, Tecnolog\u00eda, Conocimiento e Innovaci\u00f3n, el cual es liderado por la Universidad de Chile a trav\u00e9s de la Facultad de Ciencias Qu\u00edmicas y Farmac\u00e9uticas y su unidad ejecutora ACCDiS.<\/p>\n<h3><strong><u>Festival de las Ciencias &#8220;Crisis Clim\u00e1tica: \u00a1Tod@s somos esenciales!<\/u><\/strong><\/h3>\n<p>Te invitamos el s\u00e1bado 8 de octubre a asistir al Centro Cultural La Moneda. En este espacio de encuentro existir\u00e1n zonas de interacci\u00f3n donde por medio de charlas, talleres, conversatorios, exposiciones y espacio de instituciones preparamos un programa cargado de conocimiento.<\/p>\n<p>Contaremos con: zona de instituciones: \u201cUn viaje al Centro del Cambio&#8221;; talleres \u201cManos a la obra \u00a1Celebremos el Conocimiento!\u201d; ciclo de charlas \u201cCuriosasMENTES\u201d; conversatorio \u201cJuntas contra la crisis clim\u00e1tica\u201d y &#8220;Ciencia para H\u2082OY &#8220;, proyecci\u00f3n de Mini Videos ymuchas otras sorpresas<\/p>\n<p>ATENCI\u00d3N: Conoce pr\u00f3ximamente la parrilla de actividades e instituciones colaboradoras<\/p>\n<h3><strong><u>Intervenci\u00f3n Urbana\u00a0 &#8220;Cuidar el planeta, es cuidar tu salud&#8221;<\/u><\/strong><\/h3>\n<p>Con la instalaci\u00f3n de la exposici\u00f3n &#8220;Cuidar el planeta, es cuidar tu salud&#8221; el Proyecto Asociativo Regional Regi\u00f3n Metropolitana Norte, dar\u00e1 inicio al Festival de las Ciencias (FECI) 2022. Esta intervenci\u00f3n \u00a0presenta algunos de los efectos del Cambio Clim\u00e1tico en la salud de las personas, con el fin de comprometer y aunar esfuerzos para cuidar nuestro planeta.<\/p>\n<p>&nbsp;<\/p>\n<p><strong>\u00a1TE INVITAMOS A CELEBRAR EL CONOCIMIENTO!<\/strong><\/p>\n<p>Conoce el detalle de la programaci\u00f3n y horario en <a href=\"https:\/\/explora.cl\/rmnorte\" target=\"_blank\" rel=\"noopener noreferrer\">explora.cl\/rmnorte<\/a> y en las redes sociales del PAR RM Norte <a href=\"https:\/\/www.instagram.com\/explorarmnorte\/\" target=\"_blank\" rel=\"noopener noreferrer\">@parexplorarmnorte<\/a><\/p>\n","protected":false},"excerpt":{"rendered":"<p>\u00a1Te invitamos a celebrar el conocimiento en el Festival de las Ciencias 2022! <\/p>\n","protected":false},"author":26,"featured_media":41467,"comment_status":"open","ping_status":"open","sticky":false,"template":"","format":"standard","meta":{"_acf_changed":false,"_exactmetrics_skip_tracking":false,"_exactmetrics_sitenote_active":false,"_exactmetrics_sitenote_note":"","_exactmetrics_sitenote_category":0,"footnotes":"","_links_to":"","_links_to_target":""},"categories":[151,138],"tags":[],"class_list":["post-41457","post","type-post","status-publish","format-standard","has-post-thumbnail","hentry","category-banner","category-lugar-3"],"acf":[],"yoast_head":"<!-- This site is optimized with the Yoast SEO plugin v26.9 - https:\/\/yoast.com\/product\/yoast-seo-wordpress\/ -->\n<title>8 de octubre: Festival de las Ciencias &quot;Crisis Clim\u00e1tica: Tod@s somos esenciales\u201d - RM Norte<\/title>\n<meta name=\"robots\" content=\"index, follow, max-snippet:-1, max-image-preview:large, max-video-preview:-1\" \/>\n<link rel=\"canonical\" href=\"https:\/\/explora.cl\/rmnorte\/8-de-octubre-festival-de-las-ciencias-crisis-climatica-tods-somos-esenciales\/\" class=\"yoast-seo-meta-tag\" \/>\n<meta property=\"og:locale\" content=\"es_ES\" class=\"yoast-seo-meta-tag\" \/>\n<meta property=\"og:type\" content=\"article\" class=\"yoast-seo-meta-tag\" \/>\n<meta property=\"og:title\" content=\"8 de octubre: Festival de las Ciencias &quot;Crisis Clim\u00e1tica: Tod@s somos esenciales\u201d - RM Norte\" class=\"yoast-seo-meta-tag\" \/>\n<meta property=\"og:description\" content=\"\u00a1Te invitamos a celebrar el conocimiento en el Festival de las Ciencias 2022!\" class=\"yoast-seo-meta-tag\" \/>\n<meta property=\"og:url\" content=\"https:\/\/explora.cl\/rmnorte\/8-de-octubre-festival-de-las-ciencias-crisis-climatica-tods-somos-esenciales\/\" class=\"yoast-seo-meta-tag\" \/>\n<meta property=\"og:site_name\" content=\"RM Norte\" class=\"yoast-seo-meta-tag\" \/>\n<meta property=\"article:published_time\" content=\"2022-09-02T16:28:09+00:00\" class=\"yoast-seo-meta-tag\" \/>\n<meta property=\"article:modified_time\" content=\"2022-10-01T21:15:15+00:00\" class=\"yoast-seo-meta-tag\" \/>\n<meta property=\"og:image\" content=\"https:\/\/explora.cl\/rmnorte\/wp-content\/uploads\/sites\/11\/2022\/09\/Banners__web_FECI.png\" class=\"yoast-seo-meta-tag\" \/>\n\t<meta property=\"og:image:width\" content=\"1024\" class=\"yoast-seo-meta-tag\" \/>\n\t<meta property=\"og:image:height\" content=\"682\" class=\"yoast-seo-meta-tag\" \/>\n\t<meta property=\"og:image:type\" content=\"image\/png\" class=\"yoast-seo-meta-tag\" \/>\n<meta name=\"author\" content=\"dgarcia\" class=\"yoast-seo-meta-tag\" \/>\n<meta name=\"twitter:card\" content=\"summary_large_image\" class=\"yoast-seo-meta-tag\" \/>\n<meta name=\"twitter:label1\" content=\"Escrito por\" class=\"yoast-seo-meta-tag\" \/>\n\t<meta name=\"twitter:data1\" content=\"dgarcia\" class=\"yoast-seo-meta-tag\" \/>\n\t<meta name=\"twitter:label2\" content=\"Tiempo estimado de lectura\" class=\"yoast-seo-meta-tag\" \/>\n\t<meta name=\"twitter:data2\" content=\"2 minutos\" class=\"yoast-seo-meta-tag\" \/>\n<script type=\"application\/ld+json\" class=\"yoast-schema-graph\">{\"@context\":\"https:\/\/schema.org\",\"@graph\":[{\"@type\":\"Article\",\"@id\":\"https:\/\/explora.cl\/rmnorte\/8-de-octubre-festival-de-las-ciencias-crisis-climatica-tods-somos-esenciales\/#article\",\"isPartOf\":{\"@id\":\"https:\/\/explora.cl\/rmnorte\/8-de-octubre-festival-de-las-ciencias-crisis-climatica-tods-somos-esenciales\/\"},\"author\":{\"name\":\"dgarcia\",\"@id\":\"https:\/\/explora.cl\/rmnorte\/#\/schema\/person\/4ad985b29a183eab4170892260e133a5\"},\"headline\":\"8 de octubre: Festival de las Ciencias &#8220;Crisis Clim\u00e1tica: Tod@s somos esenciales\u201d\",\"datePublished\":\"2022-09-02T16:28:09+00:00\",\"dateModified\":\"2022-10-01T21:15:15+00:00\",\"mainEntityOfPage\":{\"@id\":\"https:\/\/explora.cl\/rmnorte\/8-de-octubre-festival-de-las-ciencias-crisis-climatica-tods-somos-esenciales\/\"},\"wordCount\":323,\"commentCount\":0,\"image\":{\"@id\":\"https:\/\/explora.cl\/rmnorte\/8-de-octubre-festival-de-las-ciencias-crisis-climatica-tods-somos-esenciales\/#primaryimage\"},\"thumbnailUrl\":\"https:\/\/explora.cl\/rmnorte\/wp-content\/uploads\/sites\/11\/2022\/09\/Banners__web_FECI.png\",\"articleSection\":[\"Banner\",\"Lugar 3\"],\"inLanguage\":\"es-CL\",\"potentialAction\":[{\"@type\":\"CommentAction\",\"name\":\"Comment\",\"target\":[\"https:\/\/explora.cl\/rmnorte\/8-de-octubre-festival-de-las-ciencias-crisis-climatica-tods-somos-esenciales\/#respond\"]}]},{\"@type\":\"WebPage\",\"@id\":\"https:\/\/explora.cl\/rmnorte\/8-de-octubre-festival-de-las-ciencias-crisis-climatica-tods-somos-esenciales\/\",\"url\":\"https:\/\/explora.cl\/rmnorte\/8-de-octubre-festival-de-las-ciencias-crisis-climatica-tods-somos-esenciales\/\",\"name\":\"8 de octubre: Festival de las Ciencias \\\"Crisis Clim\u00e1tica: Tod@s somos esenciales\u201d - RM Norte\",\"isPartOf\":{\"@id\":\"https:\/\/explora.cl\/rmnorte\/#website\"},\"primaryImageOfPage\":{\"@id\":\"https:\/\/explora.cl\/rmnorte\/8-de-octubre-festival-de-las-ciencias-crisis-climatica-tods-somos-esenciales\/#primaryimage\"},\"image\":{\"@id\":\"https:\/\/explora.cl\/rmnorte\/8-de-octubre-festival-de-las-ciencias-crisis-climatica-tods-somos-esenciales\/#primaryimage\"},\"thumbnailUrl\":\"https:\/\/explora.cl\/rmnorte\/wp-content\/uploads\/sites\/11\/2022\/09\/Banners__web_FECI.png\",\"datePublished\":\"2022-09-02T16:28:09+00:00\",\"dateModified\":\"2022-10-01T21:15:15+00:00\",\"author\":{\"@id\":\"https:\/\/explora.cl\/rmnorte\/#\/schema\/person\/4ad985b29a183eab4170892260e133a5\"},\"breadcrumb\":{\"@id\":\"https:\/\/explora.cl\/rmnorte\/8-de-octubre-festival-de-las-ciencias-crisis-climatica-tods-somos-esenciales\/#breadcrumb\"},\"inLanguage\":\"es-CL\",\"potentialAction\":[{\"@type\":\"ReadAction\",\"target\":[\"https:\/\/explora.cl\/rmnorte\/8-de-octubre-festival-de-las-ciencias-crisis-climatica-tods-somos-esenciales\/\"]}]},{\"@type\":\"ImageObject\",\"inLanguage\":\"es-CL\",\"@id\":\"https:\/\/explora.cl\/rmnorte\/8-de-octubre-festival-de-las-ciencias-crisis-climatica-tods-somos-esenciales\/#primaryimage\",\"url\":\"https:\/\/explora.cl\/rmnorte\/wp-content\/uploads\/sites\/11\/2022\/09\/Banners__web_FECI.png\",\"contentUrl\":\"https:\/\/explora.cl\/rmnorte\/wp-content\/uploads\/sites\/11\/2022\/09\/Banners__web_FECI.png\",\"width\":1024,\"height\":682},{\"@type\":\"BreadcrumbList\",\"@id\":\"https:\/\/explora.cl\/rmnorte\/8-de-octubre-festival-de-las-ciencias-crisis-climatica-tods-somos-esenciales\/#breadcrumb\",\"itemListElement\":[{\"@type\":\"ListItem\",\"position\":1,\"name\":\"Portada\",\"item\":\"https:\/\/explora.cl\/rmnorte\/\"},{\"@type\":\"ListItem\",\"position\":2,\"name\":\"8 de octubre: Festival de las Ciencias &#8220;Crisis Clim\u00e1tica: Tod@s somos esenciales\u201d\"}]},{\"@type\":\"WebSite\",\"@id\":\"https:\/\/explora.cl\/rmnorte\/#website\",\"url\":\"https:\/\/explora.cl\/rmnorte\/\",\"name\":\"RM Norte\",\"description\":\"RM Norte explora.cl\",\"potentialAction\":[{\"@type\":\"SearchAction\",\"target\":{\"@type\":\"EntryPoint\",\"urlTemplate\":\"https:\/\/explora.cl\/rmnorte\/?s={search_term_string}\"},\"query-input\":{\"@type\":\"PropertyValueSpecification\",\"valueRequired\":true,\"valueName\":\"search_term_string\"}}],\"inLanguage\":\"es-CL\"},{\"@type\":\"Person\",\"@id\":\"https:\/\/explora.cl\/rmnorte\/#\/schema\/person\/4ad985b29a183eab4170892260e133a5\",\"name\":\"dgarcia\",\"image\":{\"@type\":\"ImageObject\",\"inLanguage\":\"es-CL\",\"@id\":\"https:\/\/explora.cl\/rmnorte\/#\/schema\/person\/image\/\",\"url\":\"https:\/\/secure.gravatar.com\/avatar\/06e2fd9f68a0c19cd669ddc183de83489acab601aa57958e0f60175e5013e6b7?s=96&d=mm&r=g\",\"contentUrl\":\"https:\/\/secure.gravatar.com\/avatar\/06e2fd9f68a0c19cd669ddc183de83489acab601aa57958e0f60175e5013e6b7?s=96&d=mm&r=g\",\"caption\":\"dgarcia\"},\"url\":\"https:\/\/explora.cl\/rmnorte\/author\/dgarcia\/\"}]}<\/script>\n<!-- \/ Yoast SEO plugin. -->","yoast_head_json":{"title":"8 de octubre: Festival de las Ciencias \"Crisis Clim\u00e1tica: Tod@s somos esenciales\u201d - RM Norte","robots":{"index":"index","follow":"follow","max-snippet":"max-snippet:-1","max-image-preview":"max-image-preview:large","max-video-preview":"max-video-preview:-1"},"canonical":"https:\/\/explora.cl\/rmnorte\/8-de-octubre-festival-de-las-ciencias-crisis-climatica-tods-somos-esenciales\/","og_locale":"es_ES","og_type":"article","og_title":"8 de octubre: Festival de las Ciencias \"Crisis Clim\u00e1tica: Tod@s somos esenciales\u201d - RM Norte","og_description":"\u00a1Te invitamos a celebrar el conocimiento en el Festival de las Ciencias 2022!","og_url":"https:\/\/explora.cl\/rmnorte\/8-de-octubre-festival-de-las-ciencias-crisis-climatica-tods-somos-esenciales\/","og_site_name":"RM Norte","article_published_time":"2022-09-02T16:28:09+00:00","article_modified_time":"2022-10-01T21:15:15+00:00","og_image":[{"width":1024,"height":682,"url":"https:\/\/explora.cl\/rmnorte\/wp-content\/uploads\/sites\/11\/2022\/09\/Banners__web_FECI.png","type":"image\/png"}],"author":"dgarcia","twitter_card":"summary_large_image","twitter_misc":{"Escrito por":"dgarcia","Tiempo estimado de lectura":"2 minutos"},"schema":{"@context":"https:\/\/schema.org","@graph":[{"@type":"Article","@id":"https:\/\/explora.cl\/rmnorte\/8-de-octubre-festival-de-las-ciencias-crisis-climatica-tods-somos-esenciales\/#article","isPartOf":{"@id":"https:\/\/explora.cl\/rmnorte\/8-de-octubre-festival-de-las-ciencias-crisis-climatica-tods-somos-esenciales\/"},"author":{"name":"dgarcia","@id":"https:\/\/explora.cl\/rmnorte\/#\/schema\/person\/4ad985b29a183eab4170892260e133a5"},"headline":"8 de octubre: Festival de las Ciencias &#8220;Crisis Clim\u00e1tica: Tod@s somos esenciales\u201d","datePublished":"2022-09-02T16:28:09+00:00","dateModified":"2022-10-01T21:15:15+00:00","mainEntityOfPage":{"@id":"https:\/\/explora.cl\/rmnorte\/8-de-octubre-festival-de-las-ciencias-crisis-climatica-tods-somos-esenciales\/"},"wordCount":323,"commentCount":0,"image":{"@id":"https:\/\/explora.cl\/rmnorte\/8-de-octubre-festival-de-las-ciencias-crisis-climatica-tods-somos-esenciales\/#primaryimage"},"thumbnailUrl":"https:\/\/explora.cl\/rmnorte\/wp-content\/uploads\/sites\/11\/2022\/09\/Banners__web_FECI.png","articleSection":["Banner","Lugar 3"],"inLanguage":"es-CL","potentialAction":[{"@type":"CommentAction","name":"Comment","target":["https:\/\/explora.cl\/rmnorte\/8-de-octubre-festival-de-las-ciencias-crisis-climatica-tods-somos-esenciales\/#respond"]}]},{"@type":"WebPage","@id":"https:\/\/explora.cl\/rmnorte\/8-de-octubre-festival-de-las-ciencias-crisis-climatica-tods-somos-esenciales\/","url":"https:\/\/explora.cl\/rmnorte\/8-de-octubre-festival-de-las-ciencias-crisis-climatica-tods-somos-esenciales\/","name":"8 de octubre: Festival de las Ciencias \"Crisis Clim\u00e1tica: Tod@s somos esenciales\u201d - RM Norte","isPartOf":{"@id":"https:\/\/explora.cl\/rmnorte\/#website"},"primaryImageOfPage":{"@id":"https:\/\/explora.cl\/rmnorte\/8-de-octubre-festival-de-las-ciencias-crisis-climatica-tods-somos-esenciales\/#primaryimage"},"image":{"@id":"https:\/\/explora.cl\/rmnorte\/8-de-octubre-festival-de-las-ciencias-crisis-climatica-tods-somos-esenciales\/#primaryimage"},"thumbnailUrl":"https:\/\/explora.cl\/rmnorte\/wp-content\/uploads\/sites\/11\/2022\/09\/Banners__web_FECI.png","datePublished":"2022-09-02T16:28:09+00:00","dateModified":"2022-10-01T21:15:15+00:00","author":{"@id":"https:\/\/explora.cl\/rmnorte\/#\/schema\/person\/4ad985b29a183eab4170892260e133a5"},"breadcrumb":{"@id":"https:\/\/explora.cl\/rmnorte\/8-de-octubre-festival-de-las-ciencias-crisis-climatica-tods-somos-esenciales\/#breadcrumb"},"inLanguage":"es-CL","potentialAction":[{"@type":"ReadAction","target":["https:\/\/explora.cl\/rmnorte\/8-de-octubre-festival-de-las-ciencias-crisis-climatica-tods-somos-esenciales\/"]}]},{"@type":"ImageObject","inLanguage":"es-CL","@id":"https:\/\/explora.cl\/rmnorte\/8-de-octubre-festival-de-las-ciencias-crisis-climatica-tods-somos-esenciales\/#primaryimage","url":"https:\/\/explora.cl\/rmnorte\/wp-content\/uploads\/sites\/11\/2022\/09\/Banners__web_FECI.png","contentUrl":"https:\/\/explora.cl\/rmnorte\/wp-content\/uploads\/sites\/11\/2022\/09\/Banners__web_FECI.png","width":1024,"height":682},{"@type":"BreadcrumbList","@id":"https:\/\/explora.cl\/rmnorte\/8-de-octubre-festival-de-las-ciencias-crisis-climatica-tods-somos-esenciales\/#breadcrumb","itemListElement":[{"@type":"ListItem","position":1,"name":"Portada","item":"https:\/\/explora.cl\/rmnorte\/"},{"@type":"ListItem","position":2,"name":"8 de octubre: Festival de las Ciencias &#8220;Crisis Clim\u00e1tica: Tod@s somos esenciales\u201d"}]},{"@type":"WebSite","@id":"https:\/\/explora.cl\/rmnorte\/#website","url":"https:\/\/explora.cl\/rmnorte\/","name":"RM Norte","description":"RM Norte explora.cl","potentialAction":[{"@type":"SearchAction","target":{"@type":"EntryPoint","urlTemplate":"https:\/\/explora.cl\/rmnorte\/?s={search_term_string}"},"query-input":{"@type":"PropertyValueSpecification","valueRequired":true,"valueName":"search_term_string"}}],"inLanguage":"es-CL"},{"@type":"Person","@id":"https:\/\/explora.cl\/rmnorte\/#\/schema\/person\/4ad985b29a183eab4170892260e133a5","name":"dgarcia","image":{"@type":"ImageObject","inLanguage":"es-CL","@id":"https:\/\/explora.cl\/rmnorte\/#\/schema\/person\/image\/","url":"https:\/\/secure.gravatar.com\/avatar\/06e2fd9f68a0c19cd669ddc183de83489acab601aa57958e0f60175e5013e6b7?s=96&d=mm&r=g","contentUrl":"https:\/\/secure.gravatar.com\/avatar\/06e2fd9f68a0c19cd669ddc183de83489acab601aa57958e0f60175e5013e6b7?s=96&d=mm&r=g","caption":"dgarcia"},"url":"https:\/\/explora.cl\/rmnorte\/author\/dgarcia\/"}]}},"_links":{"self":[{"href":"https:\/\/explora.cl\/rmnorte\/wp-json\/wp\/v2\/posts\/41457","targetHints":{"allow":["GET"]}}],"collection":[{"href":"https:\/\/explora.cl\/rmnorte\/wp-json\/wp\/v2\/posts"}],"about":[{"href":"https:\/\/explora.cl\/rmnorte\/wp-json\/wp\/v2\/types\/post"}],"author":[{"embeddable":true,"href":"https:\/\/explora.cl\/rmnorte\/wp-json\/wp\/v2\/users\/26"}],"replies":[{"embeddable":true,"href":"https:\/\/explora.cl\/rmnorte\/wp-json\/wp\/v2\/comments?post=41457"}],"version-history":[{"count":4,"href":"https:\/\/explora.cl\/rmnorte\/wp-json\/wp\/v2\/posts\/41457\/revisions"}],"predecessor-version":[{"id":41479,"href":"https:\/\/explora.cl\/rmnorte\/wp-json\/wp\/v2\/posts\/41457\/revisions\/41479"}],"wp:featuredmedia":[{"embeddable":true,"href":"https:\/\/explora.cl\/rmnorte\/wp-json\/wp\/v2\/media\/41467"}],"wp:attachment":[{"href":"https:\/\/explora.cl\/rmnorte\/wp-json\/wp\/v2\/media?parent=41457"}],"wp:term":[{"taxonomy":"category","embeddable":true,"href":"https:\/\/explora.cl\/rmnorte\/wp-json\/wp\/v2\/categories?post=41457"},{"taxonomy":"post_tag","embeddable":true,"href":"https:\/\/explora.cl\/rmnorte\/wp-json\/wp\/v2\/tags?post=41457"}],"curies":[{"name":"wp","href":"https:\/\/api.w.org\/{rel}","templated":true}]}}