{"id":41358,"date":"2022-07-01T00:00:46","date_gmt":"2022-07-01T04:00:46","guid":{"rendered":"https:\/\/explora.cl\/rmnorte\/?p=41358"},"modified":"2022-08-02T15:47:14","modified_gmt":"2022-08-02T19:47:14","slug":"se-parte-del-comite-cientifico-evaluador-del-congreso-regional-de-explora-rm-norte-2022-2","status":"publish","type":"post","link":"https:\/\/explora.cl\/rmnorte\/se-parte-del-comite-cientifico-evaluador-del-congreso-regional-de-explora-rm-norte-2022-2\/","title":{"rendered":"\u00a1S\u00e9 parte del Comit\u00e9 Cient\u00edfico Evaluador del Congreso Regional de Explora RM Norte 2022!"},"content":{"rendered":"<p><em>Invitamos a investigadores\/as de distintas \u00e1reas de las ciencias y\/o profesionales del \u00e1rea de la tecnolog\u00eda e innovaci\u00f3n a formar parte de esta iniciativa.<\/em><\/p>\n<p><em>\u00a0<\/em>El Comit\u00e9 Cient\u00edfico Evaluador (CCE) ser\u00e1 el organismo encargado de evaluar las postulaciones admisibles y la presentaci\u00f3n oral de los equipos participantes del Congreso Regional Explora RM Norte. Estar\u00e1 integrado por investigadores\/as asociados\/as a una instituci\u00f3n p\u00fablica o privada comprometida con el desarrollo cient\u00edfico y tecnol\u00f3gico (universidades, centros de investigaci\u00f3n, centros tecnol\u00f3gicos, empresas, ONGs, etc.).<\/p>\n<p>El CCE,\u00a0 <u>no podr\u00e1<\/u> ser integrado por profesionales del Programa Explora o miembros de equipos PAR. Adem\u00e1s, ning\u00fan miembro del CCE puede haber sido asesor\/a cient\u00edfico\/a de alguno de los proyectos participantes del Congreso.<\/p>\n<p>Los\/as interesados\/as podr\u00e1n participar de las siguientes modalidades de evaluaci\u00f3n:<\/p>\n<ul>\n<li>Informe escrito (presentado para la postulaci\u00f3n al Congreso (etapa de preselecci\u00f3n).<\/li>\n<li>Presentaci\u00f3n oral modalidad presencial (etapa congreso).<\/li>\n<li>Informa escrito y presentaci\u00f3n oral modalidad presencial.<\/li>\n<\/ul>\n<p>Para los integrantes del CCE se realizar\u00e1 una jornada de capacitaci\u00f3n que entregar\u00e1 las herramientas necesarias para el proceso de evaluaci\u00f3n de las investigaciones escolares del Congreso Regional Explora RM Norte.<strong>\u00a0<\/strong><\/p>\n<p><strong>Calendario de actividades<\/strong><\/p>\n<table style=\"height: 362px\" width=\"840\">\n<tbody>\n<tr>\n<td width=\"265\">Actividad<\/td>\n<td width=\"155\">Fechas<\/td>\n<\/tr>\n<tr>\n<td width=\"265\">Convocatoria Comit\u00e9 Cient\u00edfico Evaluador (CCE)<\/td>\n<td width=\"155\">1 jul &#8211; 3 ago<\/td>\n<\/tr>\n<tr>\n<td width=\"265\">Capacitaci\u00f3n CCE (sincr\u00f3nica por Zoom)<\/td>\n<td width=\"155\">18 ago<\/td>\n<\/tr>\n<tr>\n<td width=\"265\">Envi\u00f3 informes escritos a CCE v\u00eda mail con pauta de evaluaci\u00f3n y formulario<\/td>\n<td width=\"155\">2 sept<\/td>\n<\/tr>\n<tr>\n<td width=\"265\">Evaluaci\u00f3n comit\u00e9 evaluador<\/td>\n<td width=\"155\">3-15 sept<\/td>\n<\/tr>\n<tr>\n<td width=\"265\">Reuni\u00f3n con CCE que evaluar\u00e1 en el Congreso las presentaciones (sincr\u00f3nica por Zoom)<\/td>\n<td width=\"155\">4 oct<\/td>\n<\/tr>\n<tr>\n<td width=\"265\"><strong>Congreso<\/strong><\/td>\n<td rowspan=\"3\" width=\"155\">20-21 oct<\/td>\n<\/tr>\n<tr>\n<td width=\"265\">-Defensa oral y evaluaci\u00f3n<\/td>\n<\/tr>\n<tr>\n<td width=\"265\">Otras actividades.<\/td>\n<\/tr>\n<\/tbody>\n<\/table>\n<p>&nbsp;<\/p>\n<p><strong>\u00a0<\/strong><strong>\u00bfQu\u00e9 es el Congreso Regional Explora de Investigaci\u00f3n e Innovaci\u00f3n Escolar?<\/strong><\/p>\n<p>Es un espacio de socializaci\u00f3n, donde estudiantes de 5\u00b0 a\u00f1os de educaci\u00f3n b\u00e1sica a 4\u00b0 a\u00f1o de educaci\u00f3n media, de establecimientos p\u00fablicos, particulares subvencionados, particulares pagados, otras entidades (fundaciones, universidades, u otros afines donde se realice investigaci\u00f3n e innovaci\u00f3n escolar) y equipos que est\u00e9n en modalidad \u00a0\u201caprendizaje en casa\u201d, \u00a0presentan los resultados de sus proyectos de investigaci\u00f3n e innovaci\u00f3n escolar. A su vez es un espacio para compartir conocer e interactuar con otros ni\u00f1os, ni\u00f1as y adolescentes de diferentes localidades y contextos. Adem\u00e1s, el Congreso Regional es la instancia para la selecci\u00f3n de los equipos que representar\u00e1n a las comunidades educativas en el Congreso Nacional Explora de Investigaci\u00f3n e Innovaci\u00f3n Escolar.<\/p>\n<p><strong>\u00bfQui\u00e9nes pueden participar?<\/strong><\/p>\n<p>Investigadores\/as de distintas \u00e1reas de las ciencias naturales, ciencias sociales, artes y humanidades que posean grado de mag\u00edster o doctor en sus \u00e1reas, y\/o profesionales del \u00e1rea de la tecnolog\u00eda e innovaci\u00f3n con o sin postgrado, asociados\/as a una instituci\u00f3n p\u00fablica o privada comprometida con el desarrollo cient\u00edfico y tecnol\u00f3gico (universidades, centros de investigaci\u00f3n, centros tecnol\u00f3gicos, empresas, ONGs, etc.).<\/p>\n<p><strong>Inscripci\u00f3n:<\/strong><\/p>\n<p>Para ser parte del comit\u00e9 evaluador debes <strong>completar el formulario de inscripci\u00f3n<\/strong>\u00a0y <strong>adjuntar su certificado de no inhabilidad de trabajo con menores<\/strong> que pueden descargar de forma gratuita en:<\/p>\n<p><a href=\"https:\/\/docs.google.com\/forms\/d\/e\/1FAIpQLSdxCxXYgjhlVvqeCi9VFk_8nYb55RrD3g7JZTRSKQaKiy-u9w\/viewform\"><img decoding=\"async\" class=\"wp-image-41206 aligncenter\" src=\"https:\/\/explora.cl\/rmnorte\/wp-content\/uploads\/sites\/11\/2022\/04\/btn_formulario.png\" alt=\"\" width=\"351\" height=\"103\" srcset=\"https:\/\/explora.cl\/rmnorte\/wp-content\/uploads\/sites\/11\/2022\/04\/btn_formulario.png 1296w, https:\/\/explora.cl\/rmnorte\/wp-content\/uploads\/sites\/11\/2022\/04\/btn_formulario-300x88.png 300w, https:\/\/explora.cl\/rmnorte\/wp-content\/uploads\/sites\/11\/2022\/04\/btn_formulario-768x225.png 768w, https:\/\/explora.cl\/rmnorte\/wp-content\/uploads\/sites\/11\/2022\/04\/btn_formulario-1024x300.png 1024w\" sizes=\"(max-width: 351px) 100vw, 351px\" \/><\/a><\/p>\n<p><strong><a href=\"https:\/\/inhabilidades.srcei.cl\/ConsInhab\/consultaInhabilidad.do\"><img decoding=\"async\" class=\"wp-image-41205 aligncenter\" src=\"https:\/\/explora.cl\/rmnorte\/wp-content\/uploads\/sites\/11\/2022\/04\/btn_certificado_inabilidades.png\" alt=\"\" width=\"394\" height=\"77\" srcset=\"https:\/\/explora.cl\/rmnorte\/wp-content\/uploads\/sites\/11\/2022\/04\/btn_certificado_inabilidades.png 1942w, https:\/\/explora.cl\/rmnorte\/wp-content\/uploads\/sites\/11\/2022\/04\/btn_certificado_inabilidades-300x59.png 300w, https:\/\/explora.cl\/rmnorte\/wp-content\/uploads\/sites\/11\/2022\/04\/btn_certificado_inabilidades-768x150.png 768w, https:\/\/explora.cl\/rmnorte\/wp-content\/uploads\/sites\/11\/2022\/04\/btn_certificado_inabilidades-1024x200.png 1024w\" sizes=\"(max-width: 394px) 100vw, 394px\" \/><\/a><\/strong><\/p>\n<p><strong>Consultas: <\/strong><\/p>\n<p>Las preguntas o inquietudes que surjan respecto a la postulaci\u00f3n deben ser dirigidas a Emma Figari:\u00a0 <u><a href=\"mailto:congresoregionalescolar.rm.norte@gmail.com\">congresoregionalescolar.rm.norte@gmail.com<\/a><\/u><\/p>\n<p>&nbsp;<\/p>\n","protected":false},"excerpt":{"rendered":"<p>\u00a1S\u00e9 parte del Comit\u00e9 Cient\u00edfico Evaluador del Congreso Regional de Explora RM Norte 2022!<\/p>\n","protected":false},"author":26,"featured_media":41359,"comment_status":"open","ping_status":"open","sticky":false,"template":"","format":"standard","meta":{"_acf_changed":false,"_exactmetrics_skip_tracking":false,"_exactmetrics_sitenote_active":false,"_exactmetrics_sitenote_note":"","_exactmetrics_sitenote_category":0,"footnotes":"","_links_to":"","_links_to_target":""},"categories":[151,140],"tags":[],"class_list":["post-41358","post","type-post","status-publish","format-standard","has-post-thumbnail","hentry","category-banner","category-lugar-5"],"acf":[],"yoast_head":"<!-- This site is optimized with the Yoast SEO plugin v26.9 - https:\/\/yoast.com\/product\/yoast-seo-wordpress\/ -->\n<title>\u00a1S\u00e9 parte del Comit\u00e9 Cient\u00edfico Evaluador del Congreso Regional de Explora RM Norte 2022! - RM Norte<\/title>\n<meta name=\"robots\" content=\"index, follow, max-snippet:-1, max-image-preview:large, max-video-preview:-1\" \/>\n<link rel=\"canonical\" href=\"https:\/\/explora.cl\/rmnorte\/se-parte-del-comite-cientifico-evaluador-del-congreso-regional-de-explora-rm-norte-2022-2\/\" class=\"yoast-seo-meta-tag\" \/>\n<meta property=\"og:locale\" content=\"es_ES\" class=\"yoast-seo-meta-tag\" \/>\n<meta property=\"og:type\" content=\"article\" class=\"yoast-seo-meta-tag\" \/>\n<meta property=\"og:title\" content=\"\u00a1S\u00e9 parte del Comit\u00e9 Cient\u00edfico Evaluador del Congreso Regional de Explora RM Norte 2022! - RM Norte\" class=\"yoast-seo-meta-tag\" \/>\n<meta property=\"og:description\" content=\"\u00a1S\u00e9 parte del Comit\u00e9 Cient\u00edfico Evaluador del Congreso Regional de Explora RM Norte 2022!\" class=\"yoast-seo-meta-tag\" \/>\n<meta property=\"og:url\" content=\"https:\/\/explora.cl\/rmnorte\/se-parte-del-comite-cientifico-evaluador-del-congreso-regional-de-explora-rm-norte-2022-2\/\" class=\"yoast-seo-meta-tag\" \/>\n<meta property=\"og:site_name\" content=\"RM Norte\" class=\"yoast-seo-meta-tag\" \/>\n<meta property=\"article:published_time\" content=\"2022-07-01T04:00:46+00:00\" class=\"yoast-seo-meta-tag\" \/>\n<meta property=\"article:modified_time\" content=\"2022-08-02T19:47:14+00:00\" class=\"yoast-seo-meta-tag\" \/>\n<meta property=\"og:image\" content=\"https:\/\/explora.cl\/rmnorte\/wp-content\/uploads\/sites\/11\/2022\/06\/Banner_web_Evaludadores_2022.png\" class=\"yoast-seo-meta-tag\" \/>\n\t<meta property=\"og:image:width\" content=\"2735\" class=\"yoast-seo-meta-tag\" \/>\n\t<meta property=\"og:image:height\" content=\"1714\" class=\"yoast-seo-meta-tag\" \/>\n\t<meta property=\"og:image:type\" content=\"image\/png\" class=\"yoast-seo-meta-tag\" \/>\n<meta name=\"author\" content=\"dgarcia\" class=\"yoast-seo-meta-tag\" \/>\n<meta name=\"twitter:card\" content=\"summary_large_image\" class=\"yoast-seo-meta-tag\" \/>\n<meta name=\"twitter:label1\" content=\"Escrito por\" class=\"yoast-seo-meta-tag\" \/>\n\t<meta name=\"twitter:data1\" content=\"dgarcia\" class=\"yoast-seo-meta-tag\" \/>\n\t<meta name=\"twitter:label2\" content=\"Tiempo estimado de lectura\" class=\"yoast-seo-meta-tag\" \/>\n\t<meta name=\"twitter:data2\" content=\"3 minutos\" class=\"yoast-seo-meta-tag\" \/>\n<script type=\"application\/ld+json\" class=\"yoast-schema-graph\">{\"@context\":\"https:\/\/schema.org\",\"@graph\":[{\"@type\":\"Article\",\"@id\":\"https:\/\/explora.cl\/rmnorte\/se-parte-del-comite-cientifico-evaluador-del-congreso-regional-de-explora-rm-norte-2022-2\/#article\",\"isPartOf\":{\"@id\":\"https:\/\/explora.cl\/rmnorte\/se-parte-del-comite-cientifico-evaluador-del-congreso-regional-de-explora-rm-norte-2022-2\/\"},\"author\":{\"name\":\"dgarcia\",\"@id\":\"https:\/\/explora.cl\/rmnorte\/#\/schema\/person\/4ad985b29a183eab4170892260e133a5\"},\"headline\":\"\u00a1S\u00e9 parte del Comit\u00e9 Cient\u00edfico Evaluador del Congreso Regional de Explora RM Norte 2022!\",\"datePublished\":\"2022-07-01T04:00:46+00:00\",\"dateModified\":\"2022-08-02T19:47:14+00:00\",\"mainEntityOfPage\":{\"@id\":\"https:\/\/explora.cl\/rmnorte\/se-parte-del-comite-cientifico-evaluador-del-congreso-regional-de-explora-rm-norte-2022-2\/\"},\"wordCount\":565,\"commentCount\":0,\"image\":{\"@id\":\"https:\/\/explora.cl\/rmnorte\/se-parte-del-comite-cientifico-evaluador-del-congreso-regional-de-explora-rm-norte-2022-2\/#primaryimage\"},\"thumbnailUrl\":\"https:\/\/explora.cl\/rmnorte\/wp-content\/uploads\/sites\/11\/2022\/06\/Banner_web_Evaludadores_2022.png\",\"articleSection\":[\"Banner\",\"Lugar 5\"],\"inLanguage\":\"es-CL\",\"potentialAction\":[{\"@type\":\"CommentAction\",\"name\":\"Comment\",\"target\":[\"https:\/\/explora.cl\/rmnorte\/se-parte-del-comite-cientifico-evaluador-del-congreso-regional-de-explora-rm-norte-2022-2\/#respond\"]}]},{\"@type\":\"WebPage\",\"@id\":\"https:\/\/explora.cl\/rmnorte\/se-parte-del-comite-cientifico-evaluador-del-congreso-regional-de-explora-rm-norte-2022-2\/\",\"url\":\"https:\/\/explora.cl\/rmnorte\/se-parte-del-comite-cientifico-evaluador-del-congreso-regional-de-explora-rm-norte-2022-2\/\",\"name\":\"\u00a1S\u00e9 parte del Comit\u00e9 Cient\u00edfico Evaluador del Congreso Regional de Explora RM Norte 2022! - RM Norte\",\"isPartOf\":{\"@id\":\"https:\/\/explora.cl\/rmnorte\/#website\"},\"primaryImageOfPage\":{\"@id\":\"https:\/\/explora.cl\/rmnorte\/se-parte-del-comite-cientifico-evaluador-del-congreso-regional-de-explora-rm-norte-2022-2\/#primaryimage\"},\"image\":{\"@id\":\"https:\/\/explora.cl\/rmnorte\/se-parte-del-comite-cientifico-evaluador-del-congreso-regional-de-explora-rm-norte-2022-2\/#primaryimage\"},\"thumbnailUrl\":\"https:\/\/explora.cl\/rmnorte\/wp-content\/uploads\/sites\/11\/2022\/06\/Banner_web_Evaludadores_2022.png\",\"datePublished\":\"2022-07-01T04:00:46+00:00\",\"dateModified\":\"2022-08-02T19:47:14+00:00\",\"author\":{\"@id\":\"https:\/\/explora.cl\/rmnorte\/#\/schema\/person\/4ad985b29a183eab4170892260e133a5\"},\"breadcrumb\":{\"@id\":\"https:\/\/explora.cl\/rmnorte\/se-parte-del-comite-cientifico-evaluador-del-congreso-regional-de-explora-rm-norte-2022-2\/#breadcrumb\"},\"inLanguage\":\"es-CL\",\"potentialAction\":[{\"@type\":\"ReadAction\",\"target\":[\"https:\/\/explora.cl\/rmnorte\/se-parte-del-comite-cientifico-evaluador-del-congreso-regional-de-explora-rm-norte-2022-2\/\"]}]},{\"@type\":\"ImageObject\",\"inLanguage\":\"es-CL\",\"@id\":\"https:\/\/explora.cl\/rmnorte\/se-parte-del-comite-cientifico-evaluador-del-congreso-regional-de-explora-rm-norte-2022-2\/#primaryimage\",\"url\":\"https:\/\/explora.cl\/rmnorte\/wp-content\/uploads\/sites\/11\/2022\/06\/Banner_web_Evaludadores_2022.png\",\"contentUrl\":\"https:\/\/explora.cl\/rmnorte\/wp-content\/uploads\/sites\/11\/2022\/06\/Banner_web_Evaludadores_2022.png\",\"width\":2735,\"height\":1714},{\"@type\":\"BreadcrumbList\",\"@id\":\"https:\/\/explora.cl\/rmnorte\/se-parte-del-comite-cientifico-evaluador-del-congreso-regional-de-explora-rm-norte-2022-2\/#breadcrumb\",\"itemListElement\":[{\"@type\":\"ListItem\",\"position\":1,\"name\":\"Portada\",\"item\":\"https:\/\/explora.cl\/rmnorte\/\"},{\"@type\":\"ListItem\",\"position\":2,\"name\":\"\u00a1S\u00e9 parte del Comit\u00e9 Cient\u00edfico Evaluador del Congreso Regional de Explora RM Norte 2022!\"}]},{\"@type\":\"WebSite\",\"@id\":\"https:\/\/explora.cl\/rmnorte\/#website\",\"url\":\"https:\/\/explora.cl\/rmnorte\/\",\"name\":\"RM Norte\",\"description\":\"RM Norte explora.cl\",\"potentialAction\":[{\"@type\":\"SearchAction\",\"target\":{\"@type\":\"EntryPoint\",\"urlTemplate\":\"https:\/\/explora.cl\/rmnorte\/?s={search_term_string}\"},\"query-input\":{\"@type\":\"PropertyValueSpecification\",\"valueRequired\":true,\"valueName\":\"search_term_string\"}}],\"inLanguage\":\"es-CL\"},{\"@type\":\"Person\",\"@id\":\"https:\/\/explora.cl\/rmnorte\/#\/schema\/person\/4ad985b29a183eab4170892260e133a5\",\"name\":\"dgarcia\",\"image\":{\"@type\":\"ImageObject\",\"inLanguage\":\"es-CL\",\"@id\":\"https:\/\/explora.cl\/rmnorte\/#\/schema\/person\/image\/\",\"url\":\"https:\/\/secure.gravatar.com\/avatar\/06e2fd9f68a0c19cd669ddc183de83489acab601aa57958e0f60175e5013e6b7?s=96&d=mm&r=g\",\"contentUrl\":\"https:\/\/secure.gravatar.com\/avatar\/06e2fd9f68a0c19cd669ddc183de83489acab601aa57958e0f60175e5013e6b7?s=96&d=mm&r=g\",\"caption\":\"dgarcia\"},\"url\":\"https:\/\/explora.cl\/rmnorte\/author\/dgarcia\/\"}]}<\/script>\n<!-- \/ Yoast SEO plugin. -->","yoast_head_json":{"title":"\u00a1S\u00e9 parte del Comit\u00e9 Cient\u00edfico Evaluador del Congreso Regional de Explora RM Norte 2022! - RM Norte","robots":{"index":"index","follow":"follow","max-snippet":"max-snippet:-1","max-image-preview":"max-image-preview:large","max-video-preview":"max-video-preview:-1"},"canonical":"https:\/\/explora.cl\/rmnorte\/se-parte-del-comite-cientifico-evaluador-del-congreso-regional-de-explora-rm-norte-2022-2\/","og_locale":"es_ES","og_type":"article","og_title":"\u00a1S\u00e9 parte del Comit\u00e9 Cient\u00edfico Evaluador del Congreso Regional de Explora RM Norte 2022! - RM Norte","og_description":"\u00a1S\u00e9 parte del Comit\u00e9 Cient\u00edfico Evaluador del Congreso Regional de Explora RM Norte 2022!","og_url":"https:\/\/explora.cl\/rmnorte\/se-parte-del-comite-cientifico-evaluador-del-congreso-regional-de-explora-rm-norte-2022-2\/","og_site_name":"RM Norte","article_published_time":"2022-07-01T04:00:46+00:00","article_modified_time":"2022-08-02T19:47:14+00:00","og_image":[{"width":2735,"height":1714,"url":"https:\/\/explora.cl\/rmnorte\/wp-content\/uploads\/sites\/11\/2022\/06\/Banner_web_Evaludadores_2022.png","type":"image\/png"}],"author":"dgarcia","twitter_card":"summary_large_image","twitter_misc":{"Escrito por":"dgarcia","Tiempo estimado de lectura":"3 minutos"},"schema":{"@context":"https:\/\/schema.org","@graph":[{"@type":"Article","@id":"https:\/\/explora.cl\/rmnorte\/se-parte-del-comite-cientifico-evaluador-del-congreso-regional-de-explora-rm-norte-2022-2\/#article","isPartOf":{"@id":"https:\/\/explora.cl\/rmnorte\/se-parte-del-comite-cientifico-evaluador-del-congreso-regional-de-explora-rm-norte-2022-2\/"},"author":{"name":"dgarcia","@id":"https:\/\/explora.cl\/rmnorte\/#\/schema\/person\/4ad985b29a183eab4170892260e133a5"},"headline":"\u00a1S\u00e9 parte del Comit\u00e9 Cient\u00edfico Evaluador del Congreso Regional de Explora RM Norte 2022!","datePublished":"2022-07-01T04:00:46+00:00","dateModified":"2022-08-02T19:47:14+00:00","mainEntityOfPage":{"@id":"https:\/\/explora.cl\/rmnorte\/se-parte-del-comite-cientifico-evaluador-del-congreso-regional-de-explora-rm-norte-2022-2\/"},"wordCount":565,"commentCount":0,"image":{"@id":"https:\/\/explora.cl\/rmnorte\/se-parte-del-comite-cientifico-evaluador-del-congreso-regional-de-explora-rm-norte-2022-2\/#primaryimage"},"thumbnailUrl":"https:\/\/explora.cl\/rmnorte\/wp-content\/uploads\/sites\/11\/2022\/06\/Banner_web_Evaludadores_2022.png","articleSection":["Banner","Lugar 5"],"inLanguage":"es-CL","potentialAction":[{"@type":"CommentAction","name":"Comment","target":["https:\/\/explora.cl\/rmnorte\/se-parte-del-comite-cientifico-evaluador-del-congreso-regional-de-explora-rm-norte-2022-2\/#respond"]}]},{"@type":"WebPage","@id":"https:\/\/explora.cl\/rmnorte\/se-parte-del-comite-cientifico-evaluador-del-congreso-regional-de-explora-rm-norte-2022-2\/","url":"https:\/\/explora.cl\/rmnorte\/se-parte-del-comite-cientifico-evaluador-del-congreso-regional-de-explora-rm-norte-2022-2\/","name":"\u00a1S\u00e9 parte del Comit\u00e9 Cient\u00edfico Evaluador del Congreso Regional de Explora RM Norte 2022! - RM Norte","isPartOf":{"@id":"https:\/\/explora.cl\/rmnorte\/#website"},"primaryImageOfPage":{"@id":"https:\/\/explora.cl\/rmnorte\/se-parte-del-comite-cientifico-evaluador-del-congreso-regional-de-explora-rm-norte-2022-2\/#primaryimage"},"image":{"@id":"https:\/\/explora.cl\/rmnorte\/se-parte-del-comite-cientifico-evaluador-del-congreso-regional-de-explora-rm-norte-2022-2\/#primaryimage"},"thumbnailUrl":"https:\/\/explora.cl\/rmnorte\/wp-content\/uploads\/sites\/11\/2022\/06\/Banner_web_Evaludadores_2022.png","datePublished":"2022-07-01T04:00:46+00:00","dateModified":"2022-08-02T19:47:14+00:00","author":{"@id":"https:\/\/explora.cl\/rmnorte\/#\/schema\/person\/4ad985b29a183eab4170892260e133a5"},"breadcrumb":{"@id":"https:\/\/explora.cl\/rmnorte\/se-parte-del-comite-cientifico-evaluador-del-congreso-regional-de-explora-rm-norte-2022-2\/#breadcrumb"},"inLanguage":"es-CL","potentialAction":[{"@type":"ReadAction","target":["https:\/\/explora.cl\/rmnorte\/se-parte-del-comite-cientifico-evaluador-del-congreso-regional-de-explora-rm-norte-2022-2\/"]}]},{"@type":"ImageObject","inLanguage":"es-CL","@id":"https:\/\/explora.cl\/rmnorte\/se-parte-del-comite-cientifico-evaluador-del-congreso-regional-de-explora-rm-norte-2022-2\/#primaryimage","url":"https:\/\/explora.cl\/rmnorte\/wp-content\/uploads\/sites\/11\/2022\/06\/Banner_web_Evaludadores_2022.png","contentUrl":"https:\/\/explora.cl\/rmnorte\/wp-content\/uploads\/sites\/11\/2022\/06\/Banner_web_Evaludadores_2022.png","width":2735,"height":1714},{"@type":"BreadcrumbList","@id":"https:\/\/explora.cl\/rmnorte\/se-parte-del-comite-cientifico-evaluador-del-congreso-regional-de-explora-rm-norte-2022-2\/#breadcrumb","itemListElement":[{"@type":"ListItem","position":1,"name":"Portada","item":"https:\/\/explora.cl\/rmnorte\/"},{"@type":"ListItem","position":2,"name":"\u00a1S\u00e9 parte del Comit\u00e9 Cient\u00edfico Evaluador del Congreso Regional de Explora RM Norte 2022!"}]},{"@type":"WebSite","@id":"https:\/\/explora.cl\/rmnorte\/#website","url":"https:\/\/explora.cl\/rmnorte\/","name":"RM Norte","description":"RM Norte explora.cl","potentialAction":[{"@type":"SearchAction","target":{"@type":"EntryPoint","urlTemplate":"https:\/\/explora.cl\/rmnorte\/?s={search_term_string}"},"query-input":{"@type":"PropertyValueSpecification","valueRequired":true,"valueName":"search_term_string"}}],"inLanguage":"es-CL"},{"@type":"Person","@id":"https:\/\/explora.cl\/rmnorte\/#\/schema\/person\/4ad985b29a183eab4170892260e133a5","name":"dgarcia","image":{"@type":"ImageObject","inLanguage":"es-CL","@id":"https:\/\/explora.cl\/rmnorte\/#\/schema\/person\/image\/","url":"https:\/\/secure.gravatar.com\/avatar\/06e2fd9f68a0c19cd669ddc183de83489acab601aa57958e0f60175e5013e6b7?s=96&d=mm&r=g","contentUrl":"https:\/\/secure.gravatar.com\/avatar\/06e2fd9f68a0c19cd669ddc183de83489acab601aa57958e0f60175e5013e6b7?s=96&d=mm&r=g","caption":"dgarcia"},"url":"https:\/\/explora.cl\/rmnorte\/author\/dgarcia\/"}]}},"_links":{"self":[{"href":"https:\/\/explora.cl\/rmnorte\/wp-json\/wp\/v2\/posts\/41358","targetHints":{"allow":["GET"]}}],"collection":[{"href":"https:\/\/explora.cl\/rmnorte\/wp-json\/wp\/v2\/posts"}],"about":[{"href":"https:\/\/explora.cl\/rmnorte\/wp-json\/wp\/v2\/types\/post"}],"author":[{"embeddable":true,"href":"https:\/\/explora.cl\/rmnorte\/wp-json\/wp\/v2\/users\/26"}],"replies":[{"embeddable":true,"href":"https:\/\/explora.cl\/rmnorte\/wp-json\/wp\/v2\/comments?post=41358"}],"version-history":[{"count":2,"href":"https:\/\/explora.cl\/rmnorte\/wp-json\/wp\/v2\/posts\/41358\/revisions"}],"predecessor-version":[{"id":41361,"href":"https:\/\/explora.cl\/rmnorte\/wp-json\/wp\/v2\/posts\/41358\/revisions\/41361"}],"wp:featuredmedia":[{"embeddable":true,"href":"https:\/\/explora.cl\/rmnorte\/wp-json\/wp\/v2\/media\/41359"}],"wp:attachment":[{"href":"https:\/\/explora.cl\/rmnorte\/wp-json\/wp\/v2\/media?parent=41358"}],"wp:term":[{"taxonomy":"category","embeddable":true,"href":"https:\/\/explora.cl\/rmnorte\/wp-json\/wp\/v2\/categories?post=41358"},{"taxonomy":"post_tag","embeddable":true,"href":"https:\/\/explora.cl\/rmnorte\/wp-json\/wp\/v2\/tags?post=41358"}],"curies":[{"name":"wp","href":"https:\/\/api.w.org\/{rel}","templated":true}]}}