{"id":41289,"date":"2022-06-01T17:35:03","date_gmt":"2022-06-01T21:35:03","guid":{"rendered":"https:\/\/explora.cl\/rmnorte\/?p=41289"},"modified":"2022-07-26T17:08:38","modified_gmt":"2022-07-26T21:08:38","slug":"atencion-ya-pueden-reservar-sus-charlas-y-ser-parte-de-ciencia-abierta-2022-2","status":"publish","type":"post","link":"https:\/\/explora.cl\/rmnorte\/atencion-ya-pueden-reservar-sus-charlas-y-ser-parte-de-ciencia-abierta-2022-2\/","title":{"rendered":"\u00a1Atenci\u00f3n! Ya pueden reservar sus charlas y ser parte de Ciencia Abierta 2022"},"content":{"rendered":"<h2><em>Iniciamos la convocatoria a este espacio de encuentro e intercambio dirigida a las comunidades educativas de la zona norte de la Regi\u00f3n Metropolitana.<\/em><\/h2>\n<p>Investigadores\/as y divulgadores\/as de las ciencias naturales, exactas, sociales, en arte y humanidades y especialistas del desarrollo de tecnolog\u00eda, prepararon una serie de charlas, no dise\u00f1adas\u00a0 en torno a objetivos de aprendizaje,\u00a0 para participar de <strong>Ciencia Abierta<\/strong> \u201cCharlas Comunidad Escolar RMN\u201d. Esta actividad tiene por objetivo \u00a0fortalecer el v\u00ednculo entre investigadores\/as y la sociedad, a trav\u00e9s de encuentros en formatos l\u00fadicos y participativos, promoviendo la socializaci\u00f3n y apropiaci\u00f3n del conocimiento.<\/p>\n<p>Estos encuentros se realizar\u00e1n de manera presencial y\/o virtual en establecimientos educacionales de las 17 comunas que conforman al PAR Explora RM Norte: Lo Barnechea, \u00d1u\u00f1oa, Providencia, Pudahuel, Quilicura, Recoleta, Renca, Santiago, Tiltil, Vitacura, Colina, Conchal\u00ed, Huechuraba, Independencia, La Reina, Lampa y Las Condes.<\/p>\n<p><strong>\u00bfQUI\u00c9NES PUEDEN PARTICIPAR?<\/strong><\/p>\n<p>Establecimientos educacionales de las 17 comunas que conforman al PAR Explora RM Norte<\/p>\n<p><strong>\u00bfCU\u00c1NDO?<\/strong><\/p>\n<p>Las charlas se podr\u00e1n realizar entre los meses de junio a diciembre.<\/p>\n<p><strong>\u00bfC\u00d3MO?<\/strong><\/p>\n<ul>\n<li>Invitamos a los\/as docentes a reservar su charla de inter\u00e9s. Para ello deber\u00e1n dar <strong>click<\/strong> en la imagen y completar el formulario que deben rellenar con sus datos y los del establecimiento educacional.<\/li>\n<li>Posteriormente v\u00eda correo electr\u00f3nico se informar\u00e1 si la charla qued\u00f3 reservada.<\/li>\n<li>Luego, se coordinar\u00e1 un encuentro remoto previo, con el o la investigador\/a y\/o divulgador, y as\u00ed concretar la actividad en el d\u00eda y hora, formatos, etc.<\/li>\n<\/ul>\n<p>Las consultas que surjan deben ser dirigidas a Paula Meri\u00f1o Iglesias, al correo electr\u00f3nico\u00a0<a href=\"mailto:paulamerino@accdis.cl\">paulamerino@accdis.cl<\/a><\/p>\n<p><strong>TE INVITAMOS A REVISAR EL LISTADO DE ESPECIALISTAS:<\/strong><\/p>\n<p><a href=\"https:\/\/docs.google.com\/forms\/d\/e\/1FAIpQLSf_-Q9kbNMgWV54WnRSdAJ9T4_Ok1PBE_XFGJAFtOgtT32L6g\/viewform\"><img fetchpriority=\"high\" decoding=\"async\" class=\"alignleft wp-image-41339 size-medium\" src=\"https:\/\/explora.cl\/rmnorte\/wp-content\/uploads\/sites\/11\/2022\/06\/07.-Felipe-Gonz\u00e1lez-Cataldo-1-240x300.png\" alt=\"\" width=\"240\" height=\"300\" srcset=\"https:\/\/explora.cl\/rmnorte\/wp-content\/uploads\/sites\/11\/2022\/06\/07.-Felipe-Gonz\u00e1lez-Cataldo-1-240x300.png 240w, https:\/\/explora.cl\/rmnorte\/wp-content\/uploads\/sites\/11\/2022\/06\/07.-Felipe-Gonz\u00e1lez-Cataldo-1.png 346w\" sizes=\"(max-width: 240px) 100vw, 240px\" \/><\/a> <a href=\"https:\/\/docs.google.com\/forms\/d\/e\/1FAIpQLScBFTtzV4_xdIBXS3tQ-4srL_pEJ4gaUzuFmXPV0f-KBIcEwg\/viewform\"><img decoding=\"async\" class=\"alignnone wp-image-41386 size-medium\" src=\"https:\/\/explora.cl\/rmnorte\/wp-content\/uploads\/sites\/11\/2022\/06\/73.-Denise-Oyarz\u00fan-G\u00f3mez-240x300.png\" alt=\"\" width=\"240\" height=\"300\" srcset=\"https:\/\/explora.cl\/rmnorte\/wp-content\/uploads\/sites\/11\/2022\/06\/73.-Denise-Oyarz\u00fan-G\u00f3mez-240x300.png 240w, https:\/\/explora.cl\/rmnorte\/wp-content\/uploads\/sites\/11\/2022\/06\/73.-Denise-Oyarz\u00fan-G\u00f3mez.png 346w\" sizes=\"(max-width: 240px) 100vw, 240px\" \/><\/a><\/p>\n<p><a href=\"https:\/\/docs.google.com\/forms\/d\/19cUJ-4OPbSR-YGgB3zTqfidkoGCsp8sho_ikLOfhzzU\/viewform?edit_requested=true\"><img decoding=\"async\" class=\"alignnone wp-image-41387 size-medium\" src=\"https:\/\/explora.cl\/rmnorte\/wp-content\/uploads\/sites\/11\/2022\/06\/77.-Catherine-Aravena-Valero-240x300.png\" alt=\"\" width=\"240\" height=\"300\" srcset=\"https:\/\/explora.cl\/rmnorte\/wp-content\/uploads\/sites\/11\/2022\/06\/77.-Catherine-Aravena-Valero-240x300.png 240w, https:\/\/explora.cl\/rmnorte\/wp-content\/uploads\/sites\/11\/2022\/06\/77.-Catherine-Aravena-Valero.png 346w\" sizes=\"(max-width: 240px) 100vw, 240px\" \/><\/a> <a href=\"https:\/\/docs.google.com\/forms\/d\/e\/1FAIpQLSc0h6KQxQD7VsWYFmtD3fsDQq1Lm9yrBtgpDKnj_cB6RYJ5Og\/viewform\"><img loading=\"lazy\" decoding=\"async\" class=\"alignnone wp-image-41388 size-medium\" src=\"https:\/\/explora.cl\/rmnorte\/wp-content\/uploads\/sites\/11\/2022\/06\/78.-Catherine-Aravena-Valero-240x300.png\" alt=\"\" width=\"240\" height=\"300\" srcset=\"https:\/\/explora.cl\/rmnorte\/wp-content\/uploads\/sites\/11\/2022\/06\/78.-Catherine-Aravena-Valero-240x300.png 240w, https:\/\/explora.cl\/rmnorte\/wp-content\/uploads\/sites\/11\/2022\/06\/78.-Catherine-Aravena-Valero.png 346w\" sizes=\"(max-width: 240px) 100vw, 240px\" \/><\/a><\/p>\n<p>&nbsp;<\/p>\n<p>&nbsp;<\/p>\n<p>&nbsp;<\/p>\n","protected":false},"excerpt":{"rendered":"<p>\u00a1Atenci\u00f3n! Ya pueden reservar sus charlas y ser parte de Ciencia Abierta 2022<\/p>\n","protected":false},"author":26,"featured_media":41318,"comment_status":"open","ping_status":"open","sticky":false,"template":"","format":"standard","meta":{"_acf_changed":false,"_exactmetrics_skip_tracking":false,"_exactmetrics_sitenote_active":false,"_exactmetrics_sitenote_note":"","_exactmetrics_sitenote_category":0,"footnotes":"","_links_to":"","_links_to_target":""},"categories":[151,138],"tags":[],"class_list":["post-41289","post","type-post","status-publish","format-standard","has-post-thumbnail","hentry","category-banner","category-lugar-3"],"acf":[],"yoast_head":"<!-- This site is optimized with the Yoast SEO plugin v26.9 - https:\/\/yoast.com\/product\/yoast-seo-wordpress\/ -->\n<title>\u00a1Atenci\u00f3n! Ya pueden reservar sus charlas y ser parte de Ciencia Abierta 2022 - RM Norte<\/title>\n<meta name=\"robots\" content=\"index, follow, max-snippet:-1, max-image-preview:large, max-video-preview:-1\" \/>\n<link rel=\"canonical\" href=\"https:\/\/explora.cl\/rmnorte\/atencion-ya-pueden-reservar-sus-charlas-y-ser-parte-de-ciencia-abierta-2022-2\/\" class=\"yoast-seo-meta-tag\" \/>\n<meta property=\"og:locale\" content=\"es_ES\" class=\"yoast-seo-meta-tag\" \/>\n<meta property=\"og:type\" content=\"article\" class=\"yoast-seo-meta-tag\" \/>\n<meta property=\"og:title\" content=\"\u00a1Atenci\u00f3n! Ya pueden reservar sus charlas y ser parte de Ciencia Abierta 2022 - RM Norte\" class=\"yoast-seo-meta-tag\" \/>\n<meta property=\"og:description\" content=\"\u00a1Atenci\u00f3n! Ya pueden reservar sus charlas y ser parte de Ciencia Abierta 2022\" class=\"yoast-seo-meta-tag\" \/>\n<meta property=\"og:url\" content=\"https:\/\/explora.cl\/rmnorte\/atencion-ya-pueden-reservar-sus-charlas-y-ser-parte-de-ciencia-abierta-2022-2\/\" class=\"yoast-seo-meta-tag\" \/>\n<meta property=\"og:site_name\" content=\"RM Norte\" class=\"yoast-seo-meta-tag\" \/>\n<meta property=\"article:published_time\" content=\"2022-06-01T21:35:03+00:00\" class=\"yoast-seo-meta-tag\" \/>\n<meta property=\"article:modified_time\" content=\"2022-07-26T21:08:38+00:00\" class=\"yoast-seo-meta-tag\" \/>\n<meta property=\"og:image\" content=\"https:\/\/explora.cl\/rmnorte\/wp-content\/uploads\/sites\/11\/2022\/06\/Banner_Web_2.png\" class=\"yoast-seo-meta-tag\" \/>\n\t<meta property=\"og:image:width\" content=\"4015\" class=\"yoast-seo-meta-tag\" \/>\n\t<meta property=\"og:image:height\" content=\"2664\" class=\"yoast-seo-meta-tag\" \/>\n\t<meta property=\"og:image:type\" content=\"image\/png\" class=\"yoast-seo-meta-tag\" \/>\n<meta name=\"author\" content=\"dgarcia\" class=\"yoast-seo-meta-tag\" \/>\n<meta name=\"twitter:card\" content=\"summary_large_image\" class=\"yoast-seo-meta-tag\" \/>\n<meta name=\"twitter:label1\" content=\"Escrito por\" class=\"yoast-seo-meta-tag\" \/>\n\t<meta name=\"twitter:data1\" content=\"dgarcia\" class=\"yoast-seo-meta-tag\" \/>\n\t<meta name=\"twitter:label2\" content=\"Tiempo estimado de lectura\" class=\"yoast-seo-meta-tag\" \/>\n\t<meta name=\"twitter:data2\" content=\"1 minuto\" class=\"yoast-seo-meta-tag\" \/>\n<script type=\"application\/ld+json\" class=\"yoast-schema-graph\">{\"@context\":\"https:\/\/schema.org\",\"@graph\":[{\"@type\":\"Article\",\"@id\":\"https:\/\/explora.cl\/rmnorte\/atencion-ya-pueden-reservar-sus-charlas-y-ser-parte-de-ciencia-abierta-2022-2\/#article\",\"isPartOf\":{\"@id\":\"https:\/\/explora.cl\/rmnorte\/atencion-ya-pueden-reservar-sus-charlas-y-ser-parte-de-ciencia-abierta-2022-2\/\"},\"author\":{\"name\":\"dgarcia\",\"@id\":\"https:\/\/explora.cl\/rmnorte\/#\/schema\/person\/4ad985b29a183eab4170892260e133a5\"},\"headline\":\"\u00a1Atenci\u00f3n! Ya pueden reservar sus charlas y ser parte de Ciencia Abierta 2022\",\"datePublished\":\"2022-06-01T21:35:03+00:00\",\"dateModified\":\"2022-07-26T21:08:38+00:00\",\"mainEntityOfPage\":{\"@id\":\"https:\/\/explora.cl\/rmnorte\/atencion-ya-pueden-reservar-sus-charlas-y-ser-parte-de-ciencia-abierta-2022-2\/\"},\"wordCount\":304,\"commentCount\":0,\"image\":{\"@id\":\"https:\/\/explora.cl\/rmnorte\/atencion-ya-pueden-reservar-sus-charlas-y-ser-parte-de-ciencia-abierta-2022-2\/#primaryimage\"},\"thumbnailUrl\":\"https:\/\/explora.cl\/rmnorte\/wp-content\/uploads\/sites\/11\/2022\/06\/Banner_Web_2.png\",\"articleSection\":[\"Banner\",\"Lugar 3\"],\"inLanguage\":\"es-CL\",\"potentialAction\":[{\"@type\":\"CommentAction\",\"name\":\"Comment\",\"target\":[\"https:\/\/explora.cl\/rmnorte\/atencion-ya-pueden-reservar-sus-charlas-y-ser-parte-de-ciencia-abierta-2022-2\/#respond\"]}]},{\"@type\":\"WebPage\",\"@id\":\"https:\/\/explora.cl\/rmnorte\/atencion-ya-pueden-reservar-sus-charlas-y-ser-parte-de-ciencia-abierta-2022-2\/\",\"url\":\"https:\/\/explora.cl\/rmnorte\/atencion-ya-pueden-reservar-sus-charlas-y-ser-parte-de-ciencia-abierta-2022-2\/\",\"name\":\"\u00a1Atenci\u00f3n! Ya pueden reservar sus charlas y ser parte de Ciencia Abierta 2022 - RM Norte\",\"isPartOf\":{\"@id\":\"https:\/\/explora.cl\/rmnorte\/#website\"},\"primaryImageOfPage\":{\"@id\":\"https:\/\/explora.cl\/rmnorte\/atencion-ya-pueden-reservar-sus-charlas-y-ser-parte-de-ciencia-abierta-2022-2\/#primaryimage\"},\"image\":{\"@id\":\"https:\/\/explora.cl\/rmnorte\/atencion-ya-pueden-reservar-sus-charlas-y-ser-parte-de-ciencia-abierta-2022-2\/#primaryimage\"},\"thumbnailUrl\":\"https:\/\/explora.cl\/rmnorte\/wp-content\/uploads\/sites\/11\/2022\/06\/Banner_Web_2.png\",\"datePublished\":\"2022-06-01T21:35:03+00:00\",\"dateModified\":\"2022-07-26T21:08:38+00:00\",\"author\":{\"@id\":\"https:\/\/explora.cl\/rmnorte\/#\/schema\/person\/4ad985b29a183eab4170892260e133a5\"},\"breadcrumb\":{\"@id\":\"https:\/\/explora.cl\/rmnorte\/atencion-ya-pueden-reservar-sus-charlas-y-ser-parte-de-ciencia-abierta-2022-2\/#breadcrumb\"},\"inLanguage\":\"es-CL\",\"potentialAction\":[{\"@type\":\"ReadAction\",\"target\":[\"https:\/\/explora.cl\/rmnorte\/atencion-ya-pueden-reservar-sus-charlas-y-ser-parte-de-ciencia-abierta-2022-2\/\"]}]},{\"@type\":\"ImageObject\",\"inLanguage\":\"es-CL\",\"@id\":\"https:\/\/explora.cl\/rmnorte\/atencion-ya-pueden-reservar-sus-charlas-y-ser-parte-de-ciencia-abierta-2022-2\/#primaryimage\",\"url\":\"https:\/\/explora.cl\/rmnorte\/wp-content\/uploads\/sites\/11\/2022\/06\/Banner_Web_2.png\",\"contentUrl\":\"https:\/\/explora.cl\/rmnorte\/wp-content\/uploads\/sites\/11\/2022\/06\/Banner_Web_2.png\",\"width\":4015,\"height\":2664},{\"@type\":\"BreadcrumbList\",\"@id\":\"https:\/\/explora.cl\/rmnorte\/atencion-ya-pueden-reservar-sus-charlas-y-ser-parte-de-ciencia-abierta-2022-2\/#breadcrumb\",\"itemListElement\":[{\"@type\":\"ListItem\",\"position\":1,\"name\":\"Portada\",\"item\":\"https:\/\/explora.cl\/rmnorte\/\"},{\"@type\":\"ListItem\",\"position\":2,\"name\":\"\u00a1Atenci\u00f3n! Ya pueden reservar sus charlas y ser parte de Ciencia Abierta 2022\"}]},{\"@type\":\"WebSite\",\"@id\":\"https:\/\/explora.cl\/rmnorte\/#website\",\"url\":\"https:\/\/explora.cl\/rmnorte\/\",\"name\":\"RM Norte\",\"description\":\"RM Norte explora.cl\",\"potentialAction\":[{\"@type\":\"SearchAction\",\"target\":{\"@type\":\"EntryPoint\",\"urlTemplate\":\"https:\/\/explora.cl\/rmnorte\/?s={search_term_string}\"},\"query-input\":{\"@type\":\"PropertyValueSpecification\",\"valueRequired\":true,\"valueName\":\"search_term_string\"}}],\"inLanguage\":\"es-CL\"},{\"@type\":\"Person\",\"@id\":\"https:\/\/explora.cl\/rmnorte\/#\/schema\/person\/4ad985b29a183eab4170892260e133a5\",\"name\":\"dgarcia\",\"image\":{\"@type\":\"ImageObject\",\"inLanguage\":\"es-CL\",\"@id\":\"https:\/\/explora.cl\/rmnorte\/#\/schema\/person\/image\/\",\"url\":\"https:\/\/secure.gravatar.com\/avatar\/06e2fd9f68a0c19cd669ddc183de83489acab601aa57958e0f60175e5013e6b7?s=96&d=mm&r=g\",\"contentUrl\":\"https:\/\/secure.gravatar.com\/avatar\/06e2fd9f68a0c19cd669ddc183de83489acab601aa57958e0f60175e5013e6b7?s=96&d=mm&r=g\",\"caption\":\"dgarcia\"},\"url\":\"https:\/\/explora.cl\/rmnorte\/author\/dgarcia\/\"}]}<\/script>\n<!-- \/ Yoast SEO plugin. -->","yoast_head_json":{"title":"\u00a1Atenci\u00f3n! Ya pueden reservar sus charlas y ser parte de Ciencia Abierta 2022 - RM Norte","robots":{"index":"index","follow":"follow","max-snippet":"max-snippet:-1","max-image-preview":"max-image-preview:large","max-video-preview":"max-video-preview:-1"},"canonical":"https:\/\/explora.cl\/rmnorte\/atencion-ya-pueden-reservar-sus-charlas-y-ser-parte-de-ciencia-abierta-2022-2\/","og_locale":"es_ES","og_type":"article","og_title":"\u00a1Atenci\u00f3n! Ya pueden reservar sus charlas y ser parte de Ciencia Abierta 2022 - RM Norte","og_description":"\u00a1Atenci\u00f3n! Ya pueden reservar sus charlas y ser parte de Ciencia Abierta 2022","og_url":"https:\/\/explora.cl\/rmnorte\/atencion-ya-pueden-reservar-sus-charlas-y-ser-parte-de-ciencia-abierta-2022-2\/","og_site_name":"RM Norte","article_published_time":"2022-06-01T21:35:03+00:00","article_modified_time":"2022-07-26T21:08:38+00:00","og_image":[{"width":4015,"height":2664,"url":"https:\/\/explora.cl\/rmnorte\/wp-content\/uploads\/sites\/11\/2022\/06\/Banner_Web_2.png","type":"image\/png"}],"author":"dgarcia","twitter_card":"summary_large_image","twitter_misc":{"Escrito por":"dgarcia","Tiempo estimado de lectura":"1 minuto"},"schema":{"@context":"https:\/\/schema.org","@graph":[{"@type":"Article","@id":"https:\/\/explora.cl\/rmnorte\/atencion-ya-pueden-reservar-sus-charlas-y-ser-parte-de-ciencia-abierta-2022-2\/#article","isPartOf":{"@id":"https:\/\/explora.cl\/rmnorte\/atencion-ya-pueden-reservar-sus-charlas-y-ser-parte-de-ciencia-abierta-2022-2\/"},"author":{"name":"dgarcia","@id":"https:\/\/explora.cl\/rmnorte\/#\/schema\/person\/4ad985b29a183eab4170892260e133a5"},"headline":"\u00a1Atenci\u00f3n! Ya pueden reservar sus charlas y ser parte de Ciencia Abierta 2022","datePublished":"2022-06-01T21:35:03+00:00","dateModified":"2022-07-26T21:08:38+00:00","mainEntityOfPage":{"@id":"https:\/\/explora.cl\/rmnorte\/atencion-ya-pueden-reservar-sus-charlas-y-ser-parte-de-ciencia-abierta-2022-2\/"},"wordCount":304,"commentCount":0,"image":{"@id":"https:\/\/explora.cl\/rmnorte\/atencion-ya-pueden-reservar-sus-charlas-y-ser-parte-de-ciencia-abierta-2022-2\/#primaryimage"},"thumbnailUrl":"https:\/\/explora.cl\/rmnorte\/wp-content\/uploads\/sites\/11\/2022\/06\/Banner_Web_2.png","articleSection":["Banner","Lugar 3"],"inLanguage":"es-CL","potentialAction":[{"@type":"CommentAction","name":"Comment","target":["https:\/\/explora.cl\/rmnorte\/atencion-ya-pueden-reservar-sus-charlas-y-ser-parte-de-ciencia-abierta-2022-2\/#respond"]}]},{"@type":"WebPage","@id":"https:\/\/explora.cl\/rmnorte\/atencion-ya-pueden-reservar-sus-charlas-y-ser-parte-de-ciencia-abierta-2022-2\/","url":"https:\/\/explora.cl\/rmnorte\/atencion-ya-pueden-reservar-sus-charlas-y-ser-parte-de-ciencia-abierta-2022-2\/","name":"\u00a1Atenci\u00f3n! Ya pueden reservar sus charlas y ser parte de Ciencia Abierta 2022 - RM Norte","isPartOf":{"@id":"https:\/\/explora.cl\/rmnorte\/#website"},"primaryImageOfPage":{"@id":"https:\/\/explora.cl\/rmnorte\/atencion-ya-pueden-reservar-sus-charlas-y-ser-parte-de-ciencia-abierta-2022-2\/#primaryimage"},"image":{"@id":"https:\/\/explora.cl\/rmnorte\/atencion-ya-pueden-reservar-sus-charlas-y-ser-parte-de-ciencia-abierta-2022-2\/#primaryimage"},"thumbnailUrl":"https:\/\/explora.cl\/rmnorte\/wp-content\/uploads\/sites\/11\/2022\/06\/Banner_Web_2.png","datePublished":"2022-06-01T21:35:03+00:00","dateModified":"2022-07-26T21:08:38+00:00","author":{"@id":"https:\/\/explora.cl\/rmnorte\/#\/schema\/person\/4ad985b29a183eab4170892260e133a5"},"breadcrumb":{"@id":"https:\/\/explora.cl\/rmnorte\/atencion-ya-pueden-reservar-sus-charlas-y-ser-parte-de-ciencia-abierta-2022-2\/#breadcrumb"},"inLanguage":"es-CL","potentialAction":[{"@type":"ReadAction","target":["https:\/\/explora.cl\/rmnorte\/atencion-ya-pueden-reservar-sus-charlas-y-ser-parte-de-ciencia-abierta-2022-2\/"]}]},{"@type":"ImageObject","inLanguage":"es-CL","@id":"https:\/\/explora.cl\/rmnorte\/atencion-ya-pueden-reservar-sus-charlas-y-ser-parte-de-ciencia-abierta-2022-2\/#primaryimage","url":"https:\/\/explora.cl\/rmnorte\/wp-content\/uploads\/sites\/11\/2022\/06\/Banner_Web_2.png","contentUrl":"https:\/\/explora.cl\/rmnorte\/wp-content\/uploads\/sites\/11\/2022\/06\/Banner_Web_2.png","width":4015,"height":2664},{"@type":"BreadcrumbList","@id":"https:\/\/explora.cl\/rmnorte\/atencion-ya-pueden-reservar-sus-charlas-y-ser-parte-de-ciencia-abierta-2022-2\/#breadcrumb","itemListElement":[{"@type":"ListItem","position":1,"name":"Portada","item":"https:\/\/explora.cl\/rmnorte\/"},{"@type":"ListItem","position":2,"name":"\u00a1Atenci\u00f3n! Ya pueden reservar sus charlas y ser parte de Ciencia Abierta 2022"}]},{"@type":"WebSite","@id":"https:\/\/explora.cl\/rmnorte\/#website","url":"https:\/\/explora.cl\/rmnorte\/","name":"RM Norte","description":"RM Norte explora.cl","potentialAction":[{"@type":"SearchAction","target":{"@type":"EntryPoint","urlTemplate":"https:\/\/explora.cl\/rmnorte\/?s={search_term_string}"},"query-input":{"@type":"PropertyValueSpecification","valueRequired":true,"valueName":"search_term_string"}}],"inLanguage":"es-CL"},{"@type":"Person","@id":"https:\/\/explora.cl\/rmnorte\/#\/schema\/person\/4ad985b29a183eab4170892260e133a5","name":"dgarcia","image":{"@type":"ImageObject","inLanguage":"es-CL","@id":"https:\/\/explora.cl\/rmnorte\/#\/schema\/person\/image\/","url":"https:\/\/secure.gravatar.com\/avatar\/06e2fd9f68a0c19cd669ddc183de83489acab601aa57958e0f60175e5013e6b7?s=96&d=mm&r=g","contentUrl":"https:\/\/secure.gravatar.com\/avatar\/06e2fd9f68a0c19cd669ddc183de83489acab601aa57958e0f60175e5013e6b7?s=96&d=mm&r=g","caption":"dgarcia"},"url":"https:\/\/explora.cl\/rmnorte\/author\/dgarcia\/"}]}},"_links":{"self":[{"href":"https:\/\/explora.cl\/rmnorte\/wp-json\/wp\/v2\/posts\/41289","targetHints":{"allow":["GET"]}}],"collection":[{"href":"https:\/\/explora.cl\/rmnorte\/wp-json\/wp\/v2\/posts"}],"about":[{"href":"https:\/\/explora.cl\/rmnorte\/wp-json\/wp\/v2\/types\/post"}],"author":[{"embeddable":true,"href":"https:\/\/explora.cl\/rmnorte\/wp-json\/wp\/v2\/users\/26"}],"replies":[{"embeddable":true,"href":"https:\/\/explora.cl\/rmnorte\/wp-json\/wp\/v2\/comments?post=41289"}],"version-history":[{"count":16,"href":"https:\/\/explora.cl\/rmnorte\/wp-json\/wp\/v2\/posts\/41289\/revisions"}],"predecessor-version":[{"id":41316,"href":"https:\/\/explora.cl\/rmnorte\/wp-json\/wp\/v2\/posts\/41289\/revisions\/41316"}],"wp:featuredmedia":[{"embeddable":true,"href":"https:\/\/explora.cl\/rmnorte\/wp-json\/wp\/v2\/media\/41318"}],"wp:attachment":[{"href":"https:\/\/explora.cl\/rmnorte\/wp-json\/wp\/v2\/media?parent=41289"}],"wp:term":[{"taxonomy":"category","embeddable":true,"href":"https:\/\/explora.cl\/rmnorte\/wp-json\/wp\/v2\/categories?post=41289"},{"taxonomy":"post_tag","embeddable":true,"href":"https:\/\/explora.cl\/rmnorte\/wp-json\/wp\/v2\/tags?post=41289"}],"curies":[{"name":"wp","href":"https:\/\/api.w.org\/{rel}","templated":true}]}}