{"id":41268,"date":"2022-05-16T11:27:57","date_gmt":"2022-05-16T15:27:57","guid":{"rendered":"https:\/\/explora.cl\/rmnorte\/?p=41268"},"modified":"2022-05-16T11:32:37","modified_gmt":"2022-05-16T15:32:37","slug":"investigadores-as-y-divulgadores-as-ya-pueden-inscribir-sus-charlas-y-ser-parte-de-ciencia-abierta-2022","status":"publish","type":"post","link":"https:\/\/explora.cl\/rmnorte\/investigadores-as-y-divulgadores-as-ya-pueden-inscribir-sus-charlas-y-ser-parte-de-ciencia-abierta-2022\/","title":{"rendered":"\u00a1Investigadores\/as y divulgadores\/as! Ya pueden inscribir sus charlas y ser parte de Ciencia Abierta 2022"},"content":{"rendered":"<h3><em>Iniciamos la convocatoria de esta gran iniciativa que invita a hombres y mujeres dedicadas a la creaci\u00f3n de conocimiento, a dejar sus campos de acci\u00f3n propios de su vida laboral, para ir de manera presencial o virtual a los establecimientos educacionales y jardines infantiles de la zona norte de la RM.<\/em><\/h3>\n<p>El Proyecto Asociativo Regional Regi\u00f3n Metropolitana Norte, del Ministerio de Ciencia, Tecnolog\u00eda, Conocimiento e Innovaci\u00f3n, liderado por la Universidad de Chile a trav\u00e9s de la Facultad de Ciencias Qu\u00edmicas y Farmac\u00e9uticas y su unidad ejecutora es el Centro Avanzado de Enfermedades Cr\u00f3nicas (ACCDiS), invita a\u00a0 investigadores\/as y divulgadores\/as de las ciencias naturales, exactas, sociales, en arte y humanidades y especialistas del desarrollo de tecnolog\u00eda, a ser parte de la iniciativa <strong>Ciencia Abierta <\/strong>por medio de encuentros l\u00fadicos y participativos destinados a ni\u00f1as, ni\u00f1os y adolescentes que forman parte de la \u201cComunidad Escolar RM Norte\u201d .<\/p>\n<p><strong>\u00bfQUI\u00c9NES PUEDEN PARTICIPAR? <\/strong>Investigadores\/as y divulgadores de las ciencias naturales, exactas, sociales, en arte y humanidades y especialistas del desarrollo de tecnolog\u00eda<\/p>\n<p><strong>\u00bfCU\u00c1NDO?<\/strong> Las charlas se podr\u00e1n realizar entre los meses de junio a diciembre.<\/p>\n<p><strong>\u00bfC\u00d3MO? <\/strong><\/p>\n<ul>\n<li>Los\/as investigadores\/as y divulgadores deber\u00e1n completar el formulario para la creaci\u00f3n de su charla. Seguidamente, est\u00e1 quedar\u00e1 disponible para los establecimientos educacionales la puedan reservar.<\/li>\n<li>Posteriormente v\u00eda correo electr\u00f3nico se informar\u00e1 a ambas partes.<\/li>\n<li>Luego, se coordinar\u00e1 un encuentro remoto previo, y as\u00ed concretar la actividad en el d\u00eda y hora, formatos, etc.<\/li>\n<\/ul>\n<p><strong>\u00bfD\u00d3NDE?<\/strong> Las charlas se realizar\u00e1n de manera presencial o virtual en establecimientos educacionales de las 17 comunas que conforman al PAR Explora RM Norte: Lo Barnechea, \u00d1u\u00f1oa, Providencia, Pudahuel, Quilicura, Recoleta, Renca, Santiago, Tiltil, Vitacura, Colina, Conchal\u00ed, Huechuraba, Independencia, La Reina, Lampa y Las Condes.<\/p>\n<p>Es importante recordar que<strong> Ciencia Abierta<\/strong> tiene por objetivo \u201cfortalecer el v\u00ednculo entre investigadores\/as, divulgadores\/as y la sociedad, a trav\u00e9s de encuentros en formatos l\u00fadicos y participativos, promoviendo la socializaci\u00f3n y apropiaci\u00f3n del conocimiento\u201d.<\/p>\n<p><strong>Requerimientos<\/strong><\/p>\n<p>Completar formulario online y adjuntar su certificado de no inhabilidad de trabajo con menores que pueden descargar de forma gratuita en el siguiente bot\u00f3n:<\/p>\n<p><a href=\"https:\/\/inhabilidades.srcei.cl\/ConsInhab\/consultaInhabilidad.do\"><img decoding=\"async\" class=\"wp-image-41269 aligncenter\" src=\"https:\/\/explora.cl\/rmnorte\/wp-content\/uploads\/sites\/11\/2022\/05\/Boton_2.png\" alt=\"\" width=\"293\" height=\"88\" srcset=\"https:\/\/explora.cl\/rmnorte\/wp-content\/uploads\/sites\/11\/2022\/05\/Boton_2.png 1501w, https:\/\/explora.cl\/rmnorte\/wp-content\/uploads\/sites\/11\/2022\/05\/Boton_2-300x90.png 300w, https:\/\/explora.cl\/rmnorte\/wp-content\/uploads\/sites\/11\/2022\/05\/Boton_2-768x231.png 768w, https:\/\/explora.cl\/rmnorte\/wp-content\/uploads\/sites\/11\/2022\/05\/Boton_2-1024x308.png 1024w\" sizes=\"(max-width: 293px) 100vw, 293px\" \/><\/a><\/p>\n<p><strong>Formulario de Inscripci\u00f3n:<\/strong><\/p>\n<p><a href=\"https:\/\/docs.google.com\/forms\/d\/e\/1FAIpQLSej-SwSCUiH6-BUuNtPfCpuTycfkltv4CyZqxc8Qfv2v-yaGw\/viewform\"><img decoding=\"async\" class=\"wp-image-41271 aligncenter\" src=\"https:\/\/explora.cl\/rmnorte\/wp-content\/uploads\/sites\/11\/2022\/05\/Boton_1.png\" alt=\"\" width=\"290\" height=\"87\" srcset=\"https:\/\/explora.cl\/rmnorte\/wp-content\/uploads\/sites\/11\/2022\/05\/Boton_1.png 1501w, https:\/\/explora.cl\/rmnorte\/wp-content\/uploads\/sites\/11\/2022\/05\/Boton_1-300x90.png 300w, https:\/\/explora.cl\/rmnorte\/wp-content\/uploads\/sites\/11\/2022\/05\/Boton_1-768x231.png 768w, https:\/\/explora.cl\/rmnorte\/wp-content\/uploads\/sites\/11\/2022\/05\/Boton_1-1024x308.png 1024w\" sizes=\"(max-width: 290px) 100vw, 290px\" \/><\/a><\/p>\n<p>En caso de dudas, consultas o informaciones comunicarse con Paula Meri\u00f1o al correo <a href=\"mailto:paulamerino@accdis.cl\">paulamerino@accdis.cl<\/a><\/p>\n<p><img fetchpriority=\"high\" decoding=\"async\" class=\"wp-image-41272 aligncenter\" src=\"https:\/\/explora.cl\/rmnorte\/wp-content\/uploads\/sites\/11\/2022\/05\/Post_Ciencia-abierta.png\" alt=\"\" width=\"437\" height=\"539\" srcset=\"https:\/\/explora.cl\/rmnorte\/wp-content\/uploads\/sites\/11\/2022\/05\/Post_Ciencia-abierta.png 4495w, https:\/\/explora.cl\/rmnorte\/wp-content\/uploads\/sites\/11\/2022\/05\/Post_Ciencia-abierta-243x300.png 243w, https:\/\/explora.cl\/rmnorte\/wp-content\/uploads\/sites\/11\/2022\/05\/Post_Ciencia-abierta-768x948.png 768w, https:\/\/explora.cl\/rmnorte\/wp-content\/uploads\/sites\/11\/2022\/05\/Post_Ciencia-abierta-829x1024.png 829w\" sizes=\"(max-width: 437px) 100vw, 437px\" \/><\/p>\n","protected":false},"excerpt":{"rendered":"<p>\u00a1Investigadores\/as y divulgadores\/as! Ya pueden inscribir sus charlas y ser parte de Ciencia Abierta 2022!<\/p>\n","protected":false},"author":26,"featured_media":41270,"comment_status":"open","ping_status":"open","sticky":false,"template":"","format":"standard","meta":{"_acf_changed":false,"_exactmetrics_skip_tracking":false,"_exactmetrics_sitenote_active":false,"_exactmetrics_sitenote_note":"","_exactmetrics_sitenote_category":0,"footnotes":"","_links_to":"","_links_to_target":""},"categories":[151,136],"tags":[],"class_list":["post-41268","post","type-post","status-publish","format-standard","has-post-thumbnail","hentry","category-banner","category-lugar-1"],"acf":[],"yoast_head":"<!-- This site is optimized with the Yoast SEO plugin v26.9 - https:\/\/yoast.com\/product\/yoast-seo-wordpress\/ -->\n<title>\u00a1Investigadores\/as y divulgadores\/as! Ya pueden inscribir sus charlas y ser parte de Ciencia Abierta 2022 - RM Norte<\/title>\n<meta name=\"robots\" content=\"index, follow, max-snippet:-1, max-image-preview:large, max-video-preview:-1\" \/>\n<link rel=\"canonical\" href=\"https:\/\/explora.cl\/rmnorte\/investigadores-as-y-divulgadores-as-ya-pueden-inscribir-sus-charlas-y-ser-parte-de-ciencia-abierta-2022\/\" class=\"yoast-seo-meta-tag\" \/>\n<meta property=\"og:locale\" content=\"es_ES\" class=\"yoast-seo-meta-tag\" \/>\n<meta property=\"og:type\" content=\"article\" class=\"yoast-seo-meta-tag\" \/>\n<meta property=\"og:title\" content=\"\u00a1Investigadores\/as y divulgadores\/as! Ya pueden inscribir sus charlas y ser parte de Ciencia Abierta 2022 - RM Norte\" class=\"yoast-seo-meta-tag\" \/>\n<meta property=\"og:description\" content=\"\u00a1Investigadores\/as y divulgadores\/as! Ya pueden inscribir sus charlas y ser parte de Ciencia Abierta 2022!\" class=\"yoast-seo-meta-tag\" \/>\n<meta property=\"og:url\" content=\"https:\/\/explora.cl\/rmnorte\/investigadores-as-y-divulgadores-as-ya-pueden-inscribir-sus-charlas-y-ser-parte-de-ciencia-abierta-2022\/\" class=\"yoast-seo-meta-tag\" \/>\n<meta property=\"og:site_name\" content=\"RM Norte\" class=\"yoast-seo-meta-tag\" \/>\n<meta property=\"article:published_time\" content=\"2022-05-16T15:27:57+00:00\" class=\"yoast-seo-meta-tag\" \/>\n<meta property=\"article:modified_time\" content=\"2022-05-16T15:32:37+00:00\" class=\"yoast-seo-meta-tag\" \/>\n<meta property=\"og:image\" content=\"https:\/\/explora.cl\/rmnorte\/wp-content\/uploads\/sites\/11\/2022\/05\/Banner_web.png\" class=\"yoast-seo-meta-tag\" \/>\n\t<meta property=\"og:image:width\" content=\"3935\" class=\"yoast-seo-meta-tag\" \/>\n\t<meta property=\"og:image:height\" content=\"2620\" class=\"yoast-seo-meta-tag\" \/>\n\t<meta property=\"og:image:type\" content=\"image\/png\" class=\"yoast-seo-meta-tag\" \/>\n<meta name=\"author\" content=\"dgarcia\" class=\"yoast-seo-meta-tag\" \/>\n<meta name=\"twitter:card\" content=\"summary_large_image\" class=\"yoast-seo-meta-tag\" \/>\n<meta name=\"twitter:label1\" content=\"Escrito por\" class=\"yoast-seo-meta-tag\" \/>\n\t<meta name=\"twitter:data1\" content=\"dgarcia\" class=\"yoast-seo-meta-tag\" \/>\n\t<meta name=\"twitter:label2\" content=\"Tiempo estimado de lectura\" class=\"yoast-seo-meta-tag\" \/>\n\t<meta name=\"twitter:data2\" content=\"2 minutos\" class=\"yoast-seo-meta-tag\" \/>\n<script type=\"application\/ld+json\" class=\"yoast-schema-graph\">{\"@context\":\"https:\/\/schema.org\",\"@graph\":[{\"@type\":\"Article\",\"@id\":\"https:\/\/explora.cl\/rmnorte\/investigadores-as-y-divulgadores-as-ya-pueden-inscribir-sus-charlas-y-ser-parte-de-ciencia-abierta-2022\/#article\",\"isPartOf\":{\"@id\":\"https:\/\/explora.cl\/rmnorte\/investigadores-as-y-divulgadores-as-ya-pueden-inscribir-sus-charlas-y-ser-parte-de-ciencia-abierta-2022\/\"},\"author\":{\"name\":\"dgarcia\",\"@id\":\"https:\/\/explora.cl\/rmnorte\/#\/schema\/person\/4ad985b29a183eab4170892260e133a5\"},\"headline\":\"\u00a1Investigadores\/as y divulgadores\/as! Ya pueden inscribir sus charlas y ser parte de Ciencia Abierta 2022\",\"datePublished\":\"2022-05-16T15:27:57+00:00\",\"dateModified\":\"2022-05-16T15:32:37+00:00\",\"mainEntityOfPage\":{\"@id\":\"https:\/\/explora.cl\/rmnorte\/investigadores-as-y-divulgadores-as-ya-pueden-inscribir-sus-charlas-y-ser-parte-de-ciencia-abierta-2022\/\"},\"wordCount\":413,\"commentCount\":0,\"image\":{\"@id\":\"https:\/\/explora.cl\/rmnorte\/investigadores-as-y-divulgadores-as-ya-pueden-inscribir-sus-charlas-y-ser-parte-de-ciencia-abierta-2022\/#primaryimage\"},\"thumbnailUrl\":\"https:\/\/explora.cl\/rmnorte\/wp-content\/uploads\/sites\/11\/2022\/05\/Banner_web.png\",\"articleSection\":[\"Banner\",\"Lugar 1\"],\"inLanguage\":\"es-CL\",\"potentialAction\":[{\"@type\":\"CommentAction\",\"name\":\"Comment\",\"target\":[\"https:\/\/explora.cl\/rmnorte\/investigadores-as-y-divulgadores-as-ya-pueden-inscribir-sus-charlas-y-ser-parte-de-ciencia-abierta-2022\/#respond\"]}]},{\"@type\":\"WebPage\",\"@id\":\"https:\/\/explora.cl\/rmnorte\/investigadores-as-y-divulgadores-as-ya-pueden-inscribir-sus-charlas-y-ser-parte-de-ciencia-abierta-2022\/\",\"url\":\"https:\/\/explora.cl\/rmnorte\/investigadores-as-y-divulgadores-as-ya-pueden-inscribir-sus-charlas-y-ser-parte-de-ciencia-abierta-2022\/\",\"name\":\"\u00a1Investigadores\/as y divulgadores\/as! Ya pueden inscribir sus charlas y ser parte de Ciencia Abierta 2022 - RM Norte\",\"isPartOf\":{\"@id\":\"https:\/\/explora.cl\/rmnorte\/#website\"},\"primaryImageOfPage\":{\"@id\":\"https:\/\/explora.cl\/rmnorte\/investigadores-as-y-divulgadores-as-ya-pueden-inscribir-sus-charlas-y-ser-parte-de-ciencia-abierta-2022\/#primaryimage\"},\"image\":{\"@id\":\"https:\/\/explora.cl\/rmnorte\/investigadores-as-y-divulgadores-as-ya-pueden-inscribir-sus-charlas-y-ser-parte-de-ciencia-abierta-2022\/#primaryimage\"},\"thumbnailUrl\":\"https:\/\/explora.cl\/rmnorte\/wp-content\/uploads\/sites\/11\/2022\/05\/Banner_web.png\",\"datePublished\":\"2022-05-16T15:27:57+00:00\",\"dateModified\":\"2022-05-16T15:32:37+00:00\",\"author\":{\"@id\":\"https:\/\/explora.cl\/rmnorte\/#\/schema\/person\/4ad985b29a183eab4170892260e133a5\"},\"breadcrumb\":{\"@id\":\"https:\/\/explora.cl\/rmnorte\/investigadores-as-y-divulgadores-as-ya-pueden-inscribir-sus-charlas-y-ser-parte-de-ciencia-abierta-2022\/#breadcrumb\"},\"inLanguage\":\"es-CL\",\"potentialAction\":[{\"@type\":\"ReadAction\",\"target\":[\"https:\/\/explora.cl\/rmnorte\/investigadores-as-y-divulgadores-as-ya-pueden-inscribir-sus-charlas-y-ser-parte-de-ciencia-abierta-2022\/\"]}]},{\"@type\":\"ImageObject\",\"inLanguage\":\"es-CL\",\"@id\":\"https:\/\/explora.cl\/rmnorte\/investigadores-as-y-divulgadores-as-ya-pueden-inscribir-sus-charlas-y-ser-parte-de-ciencia-abierta-2022\/#primaryimage\",\"url\":\"https:\/\/explora.cl\/rmnorte\/wp-content\/uploads\/sites\/11\/2022\/05\/Banner_web.png\",\"contentUrl\":\"https:\/\/explora.cl\/rmnorte\/wp-content\/uploads\/sites\/11\/2022\/05\/Banner_web.png\",\"width\":3935,\"height\":2620},{\"@type\":\"BreadcrumbList\",\"@id\":\"https:\/\/explora.cl\/rmnorte\/investigadores-as-y-divulgadores-as-ya-pueden-inscribir-sus-charlas-y-ser-parte-de-ciencia-abierta-2022\/#breadcrumb\",\"itemListElement\":[{\"@type\":\"ListItem\",\"position\":1,\"name\":\"Portada\",\"item\":\"https:\/\/explora.cl\/rmnorte\/\"},{\"@type\":\"ListItem\",\"position\":2,\"name\":\"\u00a1Investigadores\/as y divulgadores\/as! Ya pueden inscribir sus charlas y ser parte de Ciencia Abierta 2022\"}]},{\"@type\":\"WebSite\",\"@id\":\"https:\/\/explora.cl\/rmnorte\/#website\",\"url\":\"https:\/\/explora.cl\/rmnorte\/\",\"name\":\"RM Norte\",\"description\":\"RM Norte explora.cl\",\"potentialAction\":[{\"@type\":\"SearchAction\",\"target\":{\"@type\":\"EntryPoint\",\"urlTemplate\":\"https:\/\/explora.cl\/rmnorte\/?s={search_term_string}\"},\"query-input\":{\"@type\":\"PropertyValueSpecification\",\"valueRequired\":true,\"valueName\":\"search_term_string\"}}],\"inLanguage\":\"es-CL\"},{\"@type\":\"Person\",\"@id\":\"https:\/\/explora.cl\/rmnorte\/#\/schema\/person\/4ad985b29a183eab4170892260e133a5\",\"name\":\"dgarcia\",\"image\":{\"@type\":\"ImageObject\",\"inLanguage\":\"es-CL\",\"@id\":\"https:\/\/explora.cl\/rmnorte\/#\/schema\/person\/image\/\",\"url\":\"https:\/\/secure.gravatar.com\/avatar\/06e2fd9f68a0c19cd669ddc183de83489acab601aa57958e0f60175e5013e6b7?s=96&d=mm&r=g\",\"contentUrl\":\"https:\/\/secure.gravatar.com\/avatar\/06e2fd9f68a0c19cd669ddc183de83489acab601aa57958e0f60175e5013e6b7?s=96&d=mm&r=g\",\"caption\":\"dgarcia\"},\"url\":\"https:\/\/explora.cl\/rmnorte\/author\/dgarcia\/\"}]}<\/script>\n<!-- \/ Yoast SEO plugin. -->","yoast_head_json":{"title":"\u00a1Investigadores\/as y divulgadores\/as! Ya pueden inscribir sus charlas y ser parte de Ciencia Abierta 2022 - RM Norte","robots":{"index":"index","follow":"follow","max-snippet":"max-snippet:-1","max-image-preview":"max-image-preview:large","max-video-preview":"max-video-preview:-1"},"canonical":"https:\/\/explora.cl\/rmnorte\/investigadores-as-y-divulgadores-as-ya-pueden-inscribir-sus-charlas-y-ser-parte-de-ciencia-abierta-2022\/","og_locale":"es_ES","og_type":"article","og_title":"\u00a1Investigadores\/as y divulgadores\/as! Ya pueden inscribir sus charlas y ser parte de Ciencia Abierta 2022 - RM Norte","og_description":"\u00a1Investigadores\/as y divulgadores\/as! Ya pueden inscribir sus charlas y ser parte de Ciencia Abierta 2022!","og_url":"https:\/\/explora.cl\/rmnorte\/investigadores-as-y-divulgadores-as-ya-pueden-inscribir-sus-charlas-y-ser-parte-de-ciencia-abierta-2022\/","og_site_name":"RM Norte","article_published_time":"2022-05-16T15:27:57+00:00","article_modified_time":"2022-05-16T15:32:37+00:00","og_image":[{"width":3935,"height":2620,"url":"https:\/\/explora.cl\/rmnorte\/wp-content\/uploads\/sites\/11\/2022\/05\/Banner_web.png","type":"image\/png"}],"author":"dgarcia","twitter_card":"summary_large_image","twitter_misc":{"Escrito por":"dgarcia","Tiempo estimado de lectura":"2 minutos"},"schema":{"@context":"https:\/\/schema.org","@graph":[{"@type":"Article","@id":"https:\/\/explora.cl\/rmnorte\/investigadores-as-y-divulgadores-as-ya-pueden-inscribir-sus-charlas-y-ser-parte-de-ciencia-abierta-2022\/#article","isPartOf":{"@id":"https:\/\/explora.cl\/rmnorte\/investigadores-as-y-divulgadores-as-ya-pueden-inscribir-sus-charlas-y-ser-parte-de-ciencia-abierta-2022\/"},"author":{"name":"dgarcia","@id":"https:\/\/explora.cl\/rmnorte\/#\/schema\/person\/4ad985b29a183eab4170892260e133a5"},"headline":"\u00a1Investigadores\/as y divulgadores\/as! Ya pueden inscribir sus charlas y ser parte de Ciencia Abierta 2022","datePublished":"2022-05-16T15:27:57+00:00","dateModified":"2022-05-16T15:32:37+00:00","mainEntityOfPage":{"@id":"https:\/\/explora.cl\/rmnorte\/investigadores-as-y-divulgadores-as-ya-pueden-inscribir-sus-charlas-y-ser-parte-de-ciencia-abierta-2022\/"},"wordCount":413,"commentCount":0,"image":{"@id":"https:\/\/explora.cl\/rmnorte\/investigadores-as-y-divulgadores-as-ya-pueden-inscribir-sus-charlas-y-ser-parte-de-ciencia-abierta-2022\/#primaryimage"},"thumbnailUrl":"https:\/\/explora.cl\/rmnorte\/wp-content\/uploads\/sites\/11\/2022\/05\/Banner_web.png","articleSection":["Banner","Lugar 1"],"inLanguage":"es-CL","potentialAction":[{"@type":"CommentAction","name":"Comment","target":["https:\/\/explora.cl\/rmnorte\/investigadores-as-y-divulgadores-as-ya-pueden-inscribir-sus-charlas-y-ser-parte-de-ciencia-abierta-2022\/#respond"]}]},{"@type":"WebPage","@id":"https:\/\/explora.cl\/rmnorte\/investigadores-as-y-divulgadores-as-ya-pueden-inscribir-sus-charlas-y-ser-parte-de-ciencia-abierta-2022\/","url":"https:\/\/explora.cl\/rmnorte\/investigadores-as-y-divulgadores-as-ya-pueden-inscribir-sus-charlas-y-ser-parte-de-ciencia-abierta-2022\/","name":"\u00a1Investigadores\/as y divulgadores\/as! Ya pueden inscribir sus charlas y ser parte de Ciencia Abierta 2022 - RM Norte","isPartOf":{"@id":"https:\/\/explora.cl\/rmnorte\/#website"},"primaryImageOfPage":{"@id":"https:\/\/explora.cl\/rmnorte\/investigadores-as-y-divulgadores-as-ya-pueden-inscribir-sus-charlas-y-ser-parte-de-ciencia-abierta-2022\/#primaryimage"},"image":{"@id":"https:\/\/explora.cl\/rmnorte\/investigadores-as-y-divulgadores-as-ya-pueden-inscribir-sus-charlas-y-ser-parte-de-ciencia-abierta-2022\/#primaryimage"},"thumbnailUrl":"https:\/\/explora.cl\/rmnorte\/wp-content\/uploads\/sites\/11\/2022\/05\/Banner_web.png","datePublished":"2022-05-16T15:27:57+00:00","dateModified":"2022-05-16T15:32:37+00:00","author":{"@id":"https:\/\/explora.cl\/rmnorte\/#\/schema\/person\/4ad985b29a183eab4170892260e133a5"},"breadcrumb":{"@id":"https:\/\/explora.cl\/rmnorte\/investigadores-as-y-divulgadores-as-ya-pueden-inscribir-sus-charlas-y-ser-parte-de-ciencia-abierta-2022\/#breadcrumb"},"inLanguage":"es-CL","potentialAction":[{"@type":"ReadAction","target":["https:\/\/explora.cl\/rmnorte\/investigadores-as-y-divulgadores-as-ya-pueden-inscribir-sus-charlas-y-ser-parte-de-ciencia-abierta-2022\/"]}]},{"@type":"ImageObject","inLanguage":"es-CL","@id":"https:\/\/explora.cl\/rmnorte\/investigadores-as-y-divulgadores-as-ya-pueden-inscribir-sus-charlas-y-ser-parte-de-ciencia-abierta-2022\/#primaryimage","url":"https:\/\/explora.cl\/rmnorte\/wp-content\/uploads\/sites\/11\/2022\/05\/Banner_web.png","contentUrl":"https:\/\/explora.cl\/rmnorte\/wp-content\/uploads\/sites\/11\/2022\/05\/Banner_web.png","width":3935,"height":2620},{"@type":"BreadcrumbList","@id":"https:\/\/explora.cl\/rmnorte\/investigadores-as-y-divulgadores-as-ya-pueden-inscribir-sus-charlas-y-ser-parte-de-ciencia-abierta-2022\/#breadcrumb","itemListElement":[{"@type":"ListItem","position":1,"name":"Portada","item":"https:\/\/explora.cl\/rmnorte\/"},{"@type":"ListItem","position":2,"name":"\u00a1Investigadores\/as y divulgadores\/as! Ya pueden inscribir sus charlas y ser parte de Ciencia Abierta 2022"}]},{"@type":"WebSite","@id":"https:\/\/explora.cl\/rmnorte\/#website","url":"https:\/\/explora.cl\/rmnorte\/","name":"RM Norte","description":"RM Norte explora.cl","potentialAction":[{"@type":"SearchAction","target":{"@type":"EntryPoint","urlTemplate":"https:\/\/explora.cl\/rmnorte\/?s={search_term_string}"},"query-input":{"@type":"PropertyValueSpecification","valueRequired":true,"valueName":"search_term_string"}}],"inLanguage":"es-CL"},{"@type":"Person","@id":"https:\/\/explora.cl\/rmnorte\/#\/schema\/person\/4ad985b29a183eab4170892260e133a5","name":"dgarcia","image":{"@type":"ImageObject","inLanguage":"es-CL","@id":"https:\/\/explora.cl\/rmnorte\/#\/schema\/person\/image\/","url":"https:\/\/secure.gravatar.com\/avatar\/06e2fd9f68a0c19cd669ddc183de83489acab601aa57958e0f60175e5013e6b7?s=96&d=mm&r=g","contentUrl":"https:\/\/secure.gravatar.com\/avatar\/06e2fd9f68a0c19cd669ddc183de83489acab601aa57958e0f60175e5013e6b7?s=96&d=mm&r=g","caption":"dgarcia"},"url":"https:\/\/explora.cl\/rmnorte\/author\/dgarcia\/"}]}},"_links":{"self":[{"href":"https:\/\/explora.cl\/rmnorte\/wp-json\/wp\/v2\/posts\/41268","targetHints":{"allow":["GET"]}}],"collection":[{"href":"https:\/\/explora.cl\/rmnorte\/wp-json\/wp\/v2\/posts"}],"about":[{"href":"https:\/\/explora.cl\/rmnorte\/wp-json\/wp\/v2\/types\/post"}],"author":[{"embeddable":true,"href":"https:\/\/explora.cl\/rmnorte\/wp-json\/wp\/v2\/users\/26"}],"replies":[{"embeddable":true,"href":"https:\/\/explora.cl\/rmnorte\/wp-json\/wp\/v2\/comments?post=41268"}],"version-history":[{"count":3,"href":"https:\/\/explora.cl\/rmnorte\/wp-json\/wp\/v2\/posts\/41268\/revisions"}],"predecessor-version":[{"id":41275,"href":"https:\/\/explora.cl\/rmnorte\/wp-json\/wp\/v2\/posts\/41268\/revisions\/41275"}],"wp:featuredmedia":[{"embeddable":true,"href":"https:\/\/explora.cl\/rmnorte\/wp-json\/wp\/v2\/media\/41270"}],"wp:attachment":[{"href":"https:\/\/explora.cl\/rmnorte\/wp-json\/wp\/v2\/media?parent=41268"}],"wp:term":[{"taxonomy":"category","embeddable":true,"href":"https:\/\/explora.cl\/rmnorte\/wp-json\/wp\/v2\/categories?post=41268"},{"taxonomy":"post_tag","embeddable":true,"href":"https:\/\/explora.cl\/rmnorte\/wp-json\/wp\/v2\/tags?post=41268"}],"curies":[{"name":"wp","href":"https:\/\/api.w.org\/{rel}","templated":true}]}}