{"id":41215,"date":"2022-04-07T17:32:48","date_gmt":"2022-04-07T21:32:48","guid":{"rendered":"https:\/\/explora.cl\/rmnorte\/?p=41215"},"modified":"2022-05-16T11:20:11","modified_gmt":"2022-05-16T15:20:11","slug":"ya-esta-abierta-la-convocatoria-del-programa-de-indagacion-para-primeras-edades-pipe-modulo-tecnologia-ano-2022","status":"publish","type":"post","link":"https:\/\/explora.cl\/rmnorte\/ya-esta-abierta-la-convocatoria-del-programa-de-indagacion-para-primeras-edades-pipe-modulo-tecnologia-ano-2022\/","title":{"rendered":"\u00a1Ya est\u00e1 abierta la convocatoria del Programa de Indagaci\u00f3n para Primeras Edades (PIPE) M\u00f3dulo Tecnolog\u00eda, a\u00f1o 2022!"},"content":{"rendered":"<p>Si eres educadora(or) de p\u00e1rvulos, t\u00e9cnico en educaci\u00f3n parvularia, educadora(or) diferencial o asistente de la educaci\u00f3n de un establecimiento educacional de las 17 comunas circunscritas a Explora RM Norte (Lo Barnechea, \u00d1u\u00f1oa, Providencia, Pudahuel, Quilicura, Recoleta, Renca, Santiago, Tiltil, Vitacura, Colina, Conchal\u00ed, Huechuraba, Independencia, La Reina, Lampa y Las Condes) te invitamos a postular al <strong>Programa de Indagaci\u00f3n para Primeras Edades (PIPE) M\u00f3dulo Tecnolog\u00eda.<\/strong><\/p>\n<p>La iniciativa PIPE busca aprovechar la curiosidad innata de ni\u00f1os y ni\u00f1as entre 3 y 6 a\u00f1os, utilizando la indagaci\u00f3n como una metodolog\u00eda did\u00e1ctica que ayuda a p\u00e1rvulos a desarrollar habilidades necesarias para conocer y comprender el mundo que los(as) rodea, encant\u00e1ndolos(as) con los fen\u00f3menos del entorno natural y despertando en ellos(as) el asombro, la emocionalidad y su capacidad de hacerse preguntas.<\/p>\n<p><strong>PIPE tiene como objetivo principal <\/strong>aportar al desarrollo de competencias necesarias para que ni\u00f1as y ni\u00f1os conozcan y comprendan su entorno desde la primera infancia. Competencias que permitan a ni\u00f1as y ni\u00f1os formarse como ciudadanos(as) del siglo XXI mediante actividades l\u00fadicas y activas vinculadas a las bases curriculares de educaci\u00f3n parvularia.<\/p>\n<p>Este a\u00f1o trabajaremos con el m\u00f3dulo tecnolog\u00eda, en donde se crear\u00e1n ingeniosos inventos que permitan dise\u00f1ar y crear soluciones a distintas necesidades observando respetuosamente la naturaleza.<\/p>\n<p><strong>Para ser parte del programa, <\/strong>los equipos pedag\u00f3gicos de educaci\u00f3n parvularia deber\u00e1n:<\/p>\n<p><a href=\"https:\/\/forms.gle\/CRhJG8rdEWQxb8cJ8\"><img decoding=\"async\" class=\"wp-image-41219 alignleft\" src=\"https:\/\/explora.cl\/rmnorte\/wp-content\/uploads\/sites\/11\/2022\/04\/boton_2.jpg\" alt=\"\" width=\"171\" height=\"92\" \/><\/a>\u00a0 \u00a0 <a href=\"https:\/\/drive.google.com\/file\/d\/14FQJrRqVoghwNiPdKBu-fLygG7DC4tVb\/view?usp=sharing\"><img decoding=\"async\" class=\"wp-image-41220 alignnone\" src=\"https:\/\/explora.cl\/rmnorte\/wp-content\/uploads\/sites\/11\/2022\/04\/boton_3.jpg\" alt=\"\" width=\"172\" height=\"93\" \/> \u00a0 \u00a0<\/a><a href=\"https:\/\/drive.google.com\/file\/d\/1EmPhpxaDBqyFDmYx8yfpFIt2of36eTFw\/view?usp=sharing\"><img decoding=\"async\" class=\"wp-image-41218 alignnone\" src=\"https:\/\/explora.cl\/rmnorte\/wp-content\/uploads\/sites\/11\/2022\/04\/boton_4.jpg\" alt=\"\" width=\"174\" height=\"93\" \/> \u00a0 <\/a><a href=\"https:\/\/drive.google.com\/file\/d\/1pWFi6a_xEZHYvA2TvrYdcRqK65xK2D7p\/view?usp=sharing\"><img loading=\"lazy\" decoding=\"async\" class=\"wp-image-41221 alignnone\" src=\"https:\/\/explora.cl\/rmnorte\/wp-content\/uploads\/sites\/11\/2022\/04\/boton_1.jpg\" alt=\"\" width=\"173\" height=\"93\" \/><\/a><\/p>\n<p>En el caso de dudas, consultas o informaciones comunicarse con Mariana Rodr\u00edguez o Camila Suarez al tel\u00e9fono fijo 229782941 o al correo electr\u00f3nico <a href=\"mailto:mariana.rodriguez@ciq.uchile.cl\">mariana.rodriguez@ciq.uchile.cl<\/a>.<\/p>\n<p><img loading=\"lazy\" decoding=\"async\" class=\"wp-image-41226 aligncenter\" src=\"https:\/\/explora.cl\/rmnorte\/wp-content\/uploads\/sites\/11\/2022\/04\/Post_Convocatoria-1.png\" alt=\"\" width=\"654\" height=\"827\" srcset=\"https:\/\/explora.cl\/rmnorte\/wp-content\/uploads\/sites\/11\/2022\/04\/Post_Convocatoria-1.png 4478w, https:\/\/explora.cl\/rmnorte\/wp-content\/uploads\/sites\/11\/2022\/04\/Post_Convocatoria-1-237x300.png 237w, https:\/\/explora.cl\/rmnorte\/wp-content\/uploads\/sites\/11\/2022\/04\/Post_Convocatoria-1-768x972.png 768w, https:\/\/explora.cl\/rmnorte\/wp-content\/uploads\/sites\/11\/2022\/04\/Post_Convocatoria-1-809x1024.png 809w\" sizes=\"(max-width: 654px) 100vw, 654px\" \/><\/p>\n<p>&nbsp;<\/p>\n<p>&nbsp;<\/p>\n<p>&nbsp;<\/p>\n<p>&nbsp;<\/p>\n<p>&nbsp;<\/p>\n<p>&nbsp;<\/p>\n<p>&nbsp;<\/p>\n","protected":false},"excerpt":{"rendered":"<p>\u00a1Ya est\u00e1 abierta la convocatoria del Programa de Indagaci\u00f3n para Primeras Edades (PIPE) M\u00f3dulo Tecnolog\u00eda, a\u00f1o 2022!<\/p>\n","protected":false},"author":26,"featured_media":41224,"comment_status":"open","ping_status":"open","sticky":false,"template":"","format":"standard","meta":{"_acf_changed":false,"_exactmetrics_skip_tracking":false,"_exactmetrics_sitenote_active":false,"_exactmetrics_sitenote_note":"","_exactmetrics_sitenote_category":0,"footnotes":"","_links_to":"","_links_to_target":""},"categories":[151,139],"tags":[],"class_list":["post-41215","post","type-post","status-publish","format-standard","has-post-thumbnail","hentry","category-banner","category-lugar-4"],"acf":[],"yoast_head":"<!-- This site is optimized with the Yoast SEO plugin v26.9 - https:\/\/yoast.com\/product\/yoast-seo-wordpress\/ -->\n<title>\u00a1Ya est\u00e1 abierta la convocatoria del Programa de Indagaci\u00f3n para Primeras Edades (PIPE) M\u00f3dulo Tecnolog\u00eda, a\u00f1o 2022! - RM Norte<\/title>\n<meta name=\"robots\" content=\"index, follow, max-snippet:-1, max-image-preview:large, max-video-preview:-1\" \/>\n<link rel=\"canonical\" href=\"https:\/\/explora.cl\/rmnorte\/ya-esta-abierta-la-convocatoria-del-programa-de-indagacion-para-primeras-edades-pipe-modulo-tecnologia-ano-2022\/\" class=\"yoast-seo-meta-tag\" \/>\n<meta property=\"og:locale\" content=\"es_ES\" class=\"yoast-seo-meta-tag\" \/>\n<meta property=\"og:type\" content=\"article\" class=\"yoast-seo-meta-tag\" \/>\n<meta property=\"og:title\" content=\"\u00a1Ya est\u00e1 abierta la convocatoria del Programa de Indagaci\u00f3n para Primeras Edades (PIPE) M\u00f3dulo Tecnolog\u00eda, a\u00f1o 2022! - RM Norte\" class=\"yoast-seo-meta-tag\" \/>\n<meta property=\"og:description\" content=\"\u00a1Ya est\u00e1 abierta la convocatoria del Programa de Indagaci\u00f3n para Primeras Edades (PIPE) M\u00f3dulo Tecnolog\u00eda, a\u00f1o 2022!\" class=\"yoast-seo-meta-tag\" \/>\n<meta property=\"og:url\" content=\"https:\/\/explora.cl\/rmnorte\/ya-esta-abierta-la-convocatoria-del-programa-de-indagacion-para-primeras-edades-pipe-modulo-tecnologia-ano-2022\/\" class=\"yoast-seo-meta-tag\" \/>\n<meta property=\"og:site_name\" content=\"RM Norte\" class=\"yoast-seo-meta-tag\" \/>\n<meta property=\"article:published_time\" content=\"2022-04-07T21:32:48+00:00\" class=\"yoast-seo-meta-tag\" \/>\n<meta property=\"article:modified_time\" content=\"2022-05-16T15:20:11+00:00\" class=\"yoast-seo-meta-tag\" \/>\n<meta property=\"og:image\" content=\"https:\/\/explora.cl\/rmnorte\/wp-content\/uploads\/sites\/11\/2022\/04\/banner_-2.png\" class=\"yoast-seo-meta-tag\" \/>\n\t<meta property=\"og:image:width\" content=\"4023\" class=\"yoast-seo-meta-tag\" \/>\n\t<meta property=\"og:image:height\" content=\"2293\" class=\"yoast-seo-meta-tag\" \/>\n\t<meta property=\"og:image:type\" content=\"image\/png\" class=\"yoast-seo-meta-tag\" \/>\n<meta name=\"author\" content=\"dgarcia\" class=\"yoast-seo-meta-tag\" \/>\n<meta name=\"twitter:card\" content=\"summary_large_image\" class=\"yoast-seo-meta-tag\" \/>\n<meta name=\"twitter:label1\" content=\"Escrito por\" class=\"yoast-seo-meta-tag\" \/>\n\t<meta name=\"twitter:data1\" content=\"dgarcia\" class=\"yoast-seo-meta-tag\" \/>\n\t<meta name=\"twitter:label2\" content=\"Tiempo estimado de lectura\" class=\"yoast-seo-meta-tag\" \/>\n\t<meta name=\"twitter:data2\" content=\"1 minuto\" class=\"yoast-seo-meta-tag\" \/>\n<script type=\"application\/ld+json\" class=\"yoast-schema-graph\">{\"@context\":\"https:\/\/schema.org\",\"@graph\":[{\"@type\":\"Article\",\"@id\":\"https:\/\/explora.cl\/rmnorte\/ya-esta-abierta-la-convocatoria-del-programa-de-indagacion-para-primeras-edades-pipe-modulo-tecnologia-ano-2022\/#article\",\"isPartOf\":{\"@id\":\"https:\/\/explora.cl\/rmnorte\/ya-esta-abierta-la-convocatoria-del-programa-de-indagacion-para-primeras-edades-pipe-modulo-tecnologia-ano-2022\/\"},\"author\":{\"name\":\"dgarcia\",\"@id\":\"https:\/\/explora.cl\/rmnorte\/#\/schema\/person\/4ad985b29a183eab4170892260e133a5\"},\"headline\":\"\u00a1Ya est\u00e1 abierta la convocatoria del Programa de Indagaci\u00f3n para Primeras Edades (PIPE) M\u00f3dulo Tecnolog\u00eda, a\u00f1o 2022!\",\"datePublished\":\"2022-04-07T21:32:48+00:00\",\"dateModified\":\"2022-05-16T15:20:11+00:00\",\"mainEntityOfPage\":{\"@id\":\"https:\/\/explora.cl\/rmnorte\/ya-esta-abierta-la-convocatoria-del-programa-de-indagacion-para-primeras-edades-pipe-modulo-tecnologia-ano-2022\/\"},\"wordCount\":306,\"commentCount\":0,\"image\":{\"@id\":\"https:\/\/explora.cl\/rmnorte\/ya-esta-abierta-la-convocatoria-del-programa-de-indagacion-para-primeras-edades-pipe-modulo-tecnologia-ano-2022\/#primaryimage\"},\"thumbnailUrl\":\"https:\/\/explora.cl\/rmnorte\/wp-content\/uploads\/sites\/11\/2022\/04\/banner_-2.png\",\"articleSection\":[\"Banner\",\"Lugar 4\"],\"inLanguage\":\"es-CL\",\"potentialAction\":[{\"@type\":\"CommentAction\",\"name\":\"Comment\",\"target\":[\"https:\/\/explora.cl\/rmnorte\/ya-esta-abierta-la-convocatoria-del-programa-de-indagacion-para-primeras-edades-pipe-modulo-tecnologia-ano-2022\/#respond\"]}]},{\"@type\":\"WebPage\",\"@id\":\"https:\/\/explora.cl\/rmnorte\/ya-esta-abierta-la-convocatoria-del-programa-de-indagacion-para-primeras-edades-pipe-modulo-tecnologia-ano-2022\/\",\"url\":\"https:\/\/explora.cl\/rmnorte\/ya-esta-abierta-la-convocatoria-del-programa-de-indagacion-para-primeras-edades-pipe-modulo-tecnologia-ano-2022\/\",\"name\":\"\u00a1Ya est\u00e1 abierta la convocatoria del Programa de Indagaci\u00f3n para Primeras Edades (PIPE) M\u00f3dulo Tecnolog\u00eda, a\u00f1o 2022! - RM Norte\",\"isPartOf\":{\"@id\":\"https:\/\/explora.cl\/rmnorte\/#website\"},\"primaryImageOfPage\":{\"@id\":\"https:\/\/explora.cl\/rmnorte\/ya-esta-abierta-la-convocatoria-del-programa-de-indagacion-para-primeras-edades-pipe-modulo-tecnologia-ano-2022\/#primaryimage\"},\"image\":{\"@id\":\"https:\/\/explora.cl\/rmnorte\/ya-esta-abierta-la-convocatoria-del-programa-de-indagacion-para-primeras-edades-pipe-modulo-tecnologia-ano-2022\/#primaryimage\"},\"thumbnailUrl\":\"https:\/\/explora.cl\/rmnorte\/wp-content\/uploads\/sites\/11\/2022\/04\/banner_-2.png\",\"datePublished\":\"2022-04-07T21:32:48+00:00\",\"dateModified\":\"2022-05-16T15:20:11+00:00\",\"author\":{\"@id\":\"https:\/\/explora.cl\/rmnorte\/#\/schema\/person\/4ad985b29a183eab4170892260e133a5\"},\"breadcrumb\":{\"@id\":\"https:\/\/explora.cl\/rmnorte\/ya-esta-abierta-la-convocatoria-del-programa-de-indagacion-para-primeras-edades-pipe-modulo-tecnologia-ano-2022\/#breadcrumb\"},\"inLanguage\":\"es-CL\",\"potentialAction\":[{\"@type\":\"ReadAction\",\"target\":[\"https:\/\/explora.cl\/rmnorte\/ya-esta-abierta-la-convocatoria-del-programa-de-indagacion-para-primeras-edades-pipe-modulo-tecnologia-ano-2022\/\"]}]},{\"@type\":\"ImageObject\",\"inLanguage\":\"es-CL\",\"@id\":\"https:\/\/explora.cl\/rmnorte\/ya-esta-abierta-la-convocatoria-del-programa-de-indagacion-para-primeras-edades-pipe-modulo-tecnologia-ano-2022\/#primaryimage\",\"url\":\"https:\/\/explora.cl\/rmnorte\/wp-content\/uploads\/sites\/11\/2022\/04\/banner_-2.png\",\"contentUrl\":\"https:\/\/explora.cl\/rmnorte\/wp-content\/uploads\/sites\/11\/2022\/04\/banner_-2.png\",\"width\":4023,\"height\":2293},{\"@type\":\"BreadcrumbList\",\"@id\":\"https:\/\/explora.cl\/rmnorte\/ya-esta-abierta-la-convocatoria-del-programa-de-indagacion-para-primeras-edades-pipe-modulo-tecnologia-ano-2022\/#breadcrumb\",\"itemListElement\":[{\"@type\":\"ListItem\",\"position\":1,\"name\":\"Portada\",\"item\":\"https:\/\/explora.cl\/rmnorte\/\"},{\"@type\":\"ListItem\",\"position\":2,\"name\":\"\u00a1Ya est\u00e1 abierta la convocatoria del Programa de Indagaci\u00f3n para Primeras Edades (PIPE) M\u00f3dulo Tecnolog\u00eda, a\u00f1o 2022!\"}]},{\"@type\":\"WebSite\",\"@id\":\"https:\/\/explora.cl\/rmnorte\/#website\",\"url\":\"https:\/\/explora.cl\/rmnorte\/\",\"name\":\"RM Norte\",\"description\":\"RM Norte explora.cl\",\"potentialAction\":[{\"@type\":\"SearchAction\",\"target\":{\"@type\":\"EntryPoint\",\"urlTemplate\":\"https:\/\/explora.cl\/rmnorte\/?s={search_term_string}\"},\"query-input\":{\"@type\":\"PropertyValueSpecification\",\"valueRequired\":true,\"valueName\":\"search_term_string\"}}],\"inLanguage\":\"es-CL\"},{\"@type\":\"Person\",\"@id\":\"https:\/\/explora.cl\/rmnorte\/#\/schema\/person\/4ad985b29a183eab4170892260e133a5\",\"name\":\"dgarcia\",\"image\":{\"@type\":\"ImageObject\",\"inLanguage\":\"es-CL\",\"@id\":\"https:\/\/explora.cl\/rmnorte\/#\/schema\/person\/image\/\",\"url\":\"https:\/\/secure.gravatar.com\/avatar\/06e2fd9f68a0c19cd669ddc183de83489acab601aa57958e0f60175e5013e6b7?s=96&d=mm&r=g\",\"contentUrl\":\"https:\/\/secure.gravatar.com\/avatar\/06e2fd9f68a0c19cd669ddc183de83489acab601aa57958e0f60175e5013e6b7?s=96&d=mm&r=g\",\"caption\":\"dgarcia\"},\"url\":\"https:\/\/explora.cl\/rmnorte\/author\/dgarcia\/\"}]}<\/script>\n<!-- \/ Yoast SEO plugin. -->","yoast_head_json":{"title":"\u00a1Ya est\u00e1 abierta la convocatoria del Programa de Indagaci\u00f3n para Primeras Edades (PIPE) M\u00f3dulo Tecnolog\u00eda, a\u00f1o 2022! - RM Norte","robots":{"index":"index","follow":"follow","max-snippet":"max-snippet:-1","max-image-preview":"max-image-preview:large","max-video-preview":"max-video-preview:-1"},"canonical":"https:\/\/explora.cl\/rmnorte\/ya-esta-abierta-la-convocatoria-del-programa-de-indagacion-para-primeras-edades-pipe-modulo-tecnologia-ano-2022\/","og_locale":"es_ES","og_type":"article","og_title":"\u00a1Ya est\u00e1 abierta la convocatoria del Programa de Indagaci\u00f3n para Primeras Edades (PIPE) M\u00f3dulo Tecnolog\u00eda, a\u00f1o 2022! - RM Norte","og_description":"\u00a1Ya est\u00e1 abierta la convocatoria del Programa de Indagaci\u00f3n para Primeras Edades (PIPE) M\u00f3dulo Tecnolog\u00eda, a\u00f1o 2022!","og_url":"https:\/\/explora.cl\/rmnorte\/ya-esta-abierta-la-convocatoria-del-programa-de-indagacion-para-primeras-edades-pipe-modulo-tecnologia-ano-2022\/","og_site_name":"RM Norte","article_published_time":"2022-04-07T21:32:48+00:00","article_modified_time":"2022-05-16T15:20:11+00:00","og_image":[{"width":4023,"height":2293,"url":"https:\/\/explora.cl\/rmnorte\/wp-content\/uploads\/sites\/11\/2022\/04\/banner_-2.png","type":"image\/png"}],"author":"dgarcia","twitter_card":"summary_large_image","twitter_misc":{"Escrito por":"dgarcia","Tiempo estimado de lectura":"1 minuto"},"schema":{"@context":"https:\/\/schema.org","@graph":[{"@type":"Article","@id":"https:\/\/explora.cl\/rmnorte\/ya-esta-abierta-la-convocatoria-del-programa-de-indagacion-para-primeras-edades-pipe-modulo-tecnologia-ano-2022\/#article","isPartOf":{"@id":"https:\/\/explora.cl\/rmnorte\/ya-esta-abierta-la-convocatoria-del-programa-de-indagacion-para-primeras-edades-pipe-modulo-tecnologia-ano-2022\/"},"author":{"name":"dgarcia","@id":"https:\/\/explora.cl\/rmnorte\/#\/schema\/person\/4ad985b29a183eab4170892260e133a5"},"headline":"\u00a1Ya est\u00e1 abierta la convocatoria del Programa de Indagaci\u00f3n para Primeras Edades (PIPE) M\u00f3dulo Tecnolog\u00eda, a\u00f1o 2022!","datePublished":"2022-04-07T21:32:48+00:00","dateModified":"2022-05-16T15:20:11+00:00","mainEntityOfPage":{"@id":"https:\/\/explora.cl\/rmnorte\/ya-esta-abierta-la-convocatoria-del-programa-de-indagacion-para-primeras-edades-pipe-modulo-tecnologia-ano-2022\/"},"wordCount":306,"commentCount":0,"image":{"@id":"https:\/\/explora.cl\/rmnorte\/ya-esta-abierta-la-convocatoria-del-programa-de-indagacion-para-primeras-edades-pipe-modulo-tecnologia-ano-2022\/#primaryimage"},"thumbnailUrl":"https:\/\/explora.cl\/rmnorte\/wp-content\/uploads\/sites\/11\/2022\/04\/banner_-2.png","articleSection":["Banner","Lugar 4"],"inLanguage":"es-CL","potentialAction":[{"@type":"CommentAction","name":"Comment","target":["https:\/\/explora.cl\/rmnorte\/ya-esta-abierta-la-convocatoria-del-programa-de-indagacion-para-primeras-edades-pipe-modulo-tecnologia-ano-2022\/#respond"]}]},{"@type":"WebPage","@id":"https:\/\/explora.cl\/rmnorte\/ya-esta-abierta-la-convocatoria-del-programa-de-indagacion-para-primeras-edades-pipe-modulo-tecnologia-ano-2022\/","url":"https:\/\/explora.cl\/rmnorte\/ya-esta-abierta-la-convocatoria-del-programa-de-indagacion-para-primeras-edades-pipe-modulo-tecnologia-ano-2022\/","name":"\u00a1Ya est\u00e1 abierta la convocatoria del Programa de Indagaci\u00f3n para Primeras Edades (PIPE) M\u00f3dulo Tecnolog\u00eda, a\u00f1o 2022! - RM Norte","isPartOf":{"@id":"https:\/\/explora.cl\/rmnorte\/#website"},"primaryImageOfPage":{"@id":"https:\/\/explora.cl\/rmnorte\/ya-esta-abierta-la-convocatoria-del-programa-de-indagacion-para-primeras-edades-pipe-modulo-tecnologia-ano-2022\/#primaryimage"},"image":{"@id":"https:\/\/explora.cl\/rmnorte\/ya-esta-abierta-la-convocatoria-del-programa-de-indagacion-para-primeras-edades-pipe-modulo-tecnologia-ano-2022\/#primaryimage"},"thumbnailUrl":"https:\/\/explora.cl\/rmnorte\/wp-content\/uploads\/sites\/11\/2022\/04\/banner_-2.png","datePublished":"2022-04-07T21:32:48+00:00","dateModified":"2022-05-16T15:20:11+00:00","author":{"@id":"https:\/\/explora.cl\/rmnorte\/#\/schema\/person\/4ad985b29a183eab4170892260e133a5"},"breadcrumb":{"@id":"https:\/\/explora.cl\/rmnorte\/ya-esta-abierta-la-convocatoria-del-programa-de-indagacion-para-primeras-edades-pipe-modulo-tecnologia-ano-2022\/#breadcrumb"},"inLanguage":"es-CL","potentialAction":[{"@type":"ReadAction","target":["https:\/\/explora.cl\/rmnorte\/ya-esta-abierta-la-convocatoria-del-programa-de-indagacion-para-primeras-edades-pipe-modulo-tecnologia-ano-2022\/"]}]},{"@type":"ImageObject","inLanguage":"es-CL","@id":"https:\/\/explora.cl\/rmnorte\/ya-esta-abierta-la-convocatoria-del-programa-de-indagacion-para-primeras-edades-pipe-modulo-tecnologia-ano-2022\/#primaryimage","url":"https:\/\/explora.cl\/rmnorte\/wp-content\/uploads\/sites\/11\/2022\/04\/banner_-2.png","contentUrl":"https:\/\/explora.cl\/rmnorte\/wp-content\/uploads\/sites\/11\/2022\/04\/banner_-2.png","width":4023,"height":2293},{"@type":"BreadcrumbList","@id":"https:\/\/explora.cl\/rmnorte\/ya-esta-abierta-la-convocatoria-del-programa-de-indagacion-para-primeras-edades-pipe-modulo-tecnologia-ano-2022\/#breadcrumb","itemListElement":[{"@type":"ListItem","position":1,"name":"Portada","item":"https:\/\/explora.cl\/rmnorte\/"},{"@type":"ListItem","position":2,"name":"\u00a1Ya est\u00e1 abierta la convocatoria del Programa de Indagaci\u00f3n para Primeras Edades (PIPE) M\u00f3dulo Tecnolog\u00eda, a\u00f1o 2022!"}]},{"@type":"WebSite","@id":"https:\/\/explora.cl\/rmnorte\/#website","url":"https:\/\/explora.cl\/rmnorte\/","name":"RM Norte","description":"RM Norte explora.cl","potentialAction":[{"@type":"SearchAction","target":{"@type":"EntryPoint","urlTemplate":"https:\/\/explora.cl\/rmnorte\/?s={search_term_string}"},"query-input":{"@type":"PropertyValueSpecification","valueRequired":true,"valueName":"search_term_string"}}],"inLanguage":"es-CL"},{"@type":"Person","@id":"https:\/\/explora.cl\/rmnorte\/#\/schema\/person\/4ad985b29a183eab4170892260e133a5","name":"dgarcia","image":{"@type":"ImageObject","inLanguage":"es-CL","@id":"https:\/\/explora.cl\/rmnorte\/#\/schema\/person\/image\/","url":"https:\/\/secure.gravatar.com\/avatar\/06e2fd9f68a0c19cd669ddc183de83489acab601aa57958e0f60175e5013e6b7?s=96&d=mm&r=g","contentUrl":"https:\/\/secure.gravatar.com\/avatar\/06e2fd9f68a0c19cd669ddc183de83489acab601aa57958e0f60175e5013e6b7?s=96&d=mm&r=g","caption":"dgarcia"},"url":"https:\/\/explora.cl\/rmnorte\/author\/dgarcia\/"}]}},"_links":{"self":[{"href":"https:\/\/explora.cl\/rmnorte\/wp-json\/wp\/v2\/posts\/41215","targetHints":{"allow":["GET"]}}],"collection":[{"href":"https:\/\/explora.cl\/rmnorte\/wp-json\/wp\/v2\/posts"}],"about":[{"href":"https:\/\/explora.cl\/rmnorte\/wp-json\/wp\/v2\/types\/post"}],"author":[{"embeddable":true,"href":"https:\/\/explora.cl\/rmnorte\/wp-json\/wp\/v2\/users\/26"}],"replies":[{"embeddable":true,"href":"https:\/\/explora.cl\/rmnorte\/wp-json\/wp\/v2\/comments?post=41215"}],"version-history":[{"count":9,"href":"https:\/\/explora.cl\/rmnorte\/wp-json\/wp\/v2\/posts\/41215\/revisions"}],"predecessor-version":[{"id":41244,"href":"https:\/\/explora.cl\/rmnorte\/wp-json\/wp\/v2\/posts\/41215\/revisions\/41244"}],"wp:featuredmedia":[{"embeddable":true,"href":"https:\/\/explora.cl\/rmnorte\/wp-json\/wp\/v2\/media\/41224"}],"wp:attachment":[{"href":"https:\/\/explora.cl\/rmnorte\/wp-json\/wp\/v2\/media?parent=41215"}],"wp:term":[{"taxonomy":"category","embeddable":true,"href":"https:\/\/explora.cl\/rmnorte\/wp-json\/wp\/v2\/categories?post=41215"},{"taxonomy":"post_tag","embeddable":true,"href":"https:\/\/explora.cl\/rmnorte\/wp-json\/wp\/v2\/tags?post=41215"}],"curies":[{"name":"wp","href":"https:\/\/api.w.org\/{rel}","templated":true}]}}