{"id":41182,"date":"2022-03-23T14:26:48","date_gmt":"2022-03-23T17:26:48","guid":{"rendered":"https:\/\/explora.cl\/rmnorte\/?p=41182"},"modified":"2022-04-07T17:45:00","modified_gmt":"2022-04-07T21:45:00","slug":"inscribete-en-el-taller-feria-antartica-escolar-una-ruta-al-continente-blanco","status":"publish","type":"post","link":"https:\/\/explora.cl\/rmnorte\/inscribete-en-el-taller-feria-antartica-escolar-una-ruta-al-continente-blanco\/","title":{"rendered":"\u00a1Inscr\u00edbete en el Taller Feria Ant\u00e1rtica Escolar: Una ruta al Continente Blanco!"},"content":{"rendered":"<h3 style=\"text-align: center\"><em>El Instituto Ant\u00e1rtico Chileno (INACH) te invita a conocer el Continente Blanco y el concurso de la Feria Ant\u00e1rtica Escolar (FAE)<\/em><\/h3>\n<p>Si eres docente de educaci\u00f3n Media de las 17 comunas del PAR Explora RM Norte (Lo Barnechea, \u00d1u\u00f1oa, Providencia, Pudahuel, Quilicura, Recoleta, Renca, Santiago, Tiltil, Vitacura, Colina, Conchal\u00ed, Huechuraba, Independencia, La Reina, Lampa y Las Condes), te invitamos a ser parte de esta aventura Polar el d\u00eda mi\u00e9rcoles 6 de abril de manera presencial. Este encuentre tiene como objetivos fomentar el conocimiento cient\u00edfico e importancia del continente ant\u00e1rtico en la comunidad escolar nacional y promover el concurso XIX Feria Ant\u00e1rtica Escolar 2022 entre los docentes y estudiantes de diferentes regiones del pa\u00eds.<\/p>\n<p>Relatora: Jessica Paredes Soto , Licenciada en ciencias del mar, bi\u00f3loga marina, diplomada en asuntos ant\u00e1rticos y Mg (c) en ciencias con menci\u00f3n en manejo y conservaci\u00f3n de recursos naturales en ambientes subant\u00e1rticos de la Universidad de Magallanes<a href=\"https:\/\/docs.google.com\/forms\/d\/e\/1FAIpQLSd4H6jQqRsHajAfoZtLs8t-KTKTNZPS1ft0zxnCU-Ozym4_Og\/viewform\"><img decoding=\"async\" class=\"wp-image-41188 aligncenter\" src=\"https:\/\/explora.cl\/rmnorte\/wp-content\/uploads\/sites\/11\/2022\/03\/botn_formulario.png\" alt=\"\" width=\"379\" height=\"87\" srcset=\"https:\/\/explora.cl\/rmnorte\/wp-content\/uploads\/sites\/11\/2022\/03\/botn_formulario.png 2101w, https:\/\/explora.cl\/rmnorte\/wp-content\/uploads\/sites\/11\/2022\/03\/botn_formulario-300x69.png 300w, https:\/\/explora.cl\/rmnorte\/wp-content\/uploads\/sites\/11\/2022\/03\/botn_formulario-768x177.png 768w, https:\/\/explora.cl\/rmnorte\/wp-content\/uploads\/sites\/11\/2022\/03\/botn_formulario-1024x236.png 1024w\" sizes=\"(max-width: 379px) 100vw, 379px\" \/><\/a><\/p>\n<ul>\n<li>D\u00eda 6 de abril<\/li>\n<li>Lugar: Facultad de Ciencias Qu\u00edmicas y Farmac\u00e9uticas de la UCH (Olivos 1007. Comuna Independencia)<\/li>\n<li>Horario: 15:00-16:30 hrs<\/li>\n<li>Dirigido a docentes de educaci\u00f3n media<\/li>\n<li>Son solo 35 cupos<\/li>\n<\/ul>\n<p><img fetchpriority=\"high\" decoding=\"async\" class=\"wp-image-41183 aligncenter\" src=\"https:\/\/explora.cl\/rmnorte\/wp-content\/uploads\/sites\/11\/2022\/03\/post_redes_sociales.png\" alt=\"\" width=\"542\" height=\"677\" srcset=\"https:\/\/explora.cl\/rmnorte\/wp-content\/uploads\/sites\/11\/2022\/03\/post_redes_sociales.png 4481w, https:\/\/explora.cl\/rmnorte\/wp-content\/uploads\/sites\/11\/2022\/03\/post_redes_sociales-240x300.png 240w, https:\/\/explora.cl\/rmnorte\/wp-content\/uploads\/sites\/11\/2022\/03\/post_redes_sociales-768x959.png 768w, https:\/\/explora.cl\/rmnorte\/wp-content\/uploads\/sites\/11\/2022\/03\/post_redes_sociales-820x1024.png 820w\" sizes=\"(max-width: 542px) 100vw, 542px\" \/><\/p>\n<p>&nbsp;<\/p>\n<p>&nbsp;<\/p>\n<p>&nbsp;<\/p>\n<p>&nbsp;<\/p>\n<p>&nbsp;<\/p>\n","protected":false},"excerpt":{"rendered":"<p>El Instituto Ant\u00e1rtico Chileno (INACH) te invita a conocer el Continente Blanco y el concurso de la Feria Ant\u00e1rtica Escolar (FAE)<\/p>\n","protected":false},"author":26,"featured_media":41184,"comment_status":"open","ping_status":"open","sticky":false,"template":"","format":"standard","meta":{"_acf_changed":false,"_exactmetrics_skip_tracking":false,"_exactmetrics_sitenote_active":false,"_exactmetrics_sitenote_note":"","_exactmetrics_sitenote_category":0,"footnotes":"","_links_to":"","_links_to_target":""},"categories":[151],"tags":[],"class_list":["post-41182","post","type-post","status-publish","format-standard","has-post-thumbnail","hentry","category-banner"],"acf":[],"yoast_head":"<!-- This site is optimized with the Yoast SEO plugin v26.9 - https:\/\/yoast.com\/product\/yoast-seo-wordpress\/ -->\n<title>\u00a1Inscr\u00edbete en el Taller Feria Ant\u00e1rtica Escolar: Una ruta al Continente Blanco! - RM Norte<\/title>\n<meta name=\"robots\" content=\"index, follow, max-snippet:-1, max-image-preview:large, max-video-preview:-1\" \/>\n<link rel=\"canonical\" href=\"https:\/\/explora.cl\/rmnorte\/inscribete-en-el-taller-feria-antartica-escolar-una-ruta-al-continente-blanco\/\" class=\"yoast-seo-meta-tag\" \/>\n<meta property=\"og:locale\" content=\"es_ES\" class=\"yoast-seo-meta-tag\" \/>\n<meta property=\"og:type\" content=\"article\" class=\"yoast-seo-meta-tag\" \/>\n<meta property=\"og:title\" content=\"\u00a1Inscr\u00edbete en el Taller Feria Ant\u00e1rtica Escolar: Una ruta al Continente Blanco! - RM Norte\" class=\"yoast-seo-meta-tag\" \/>\n<meta property=\"og:description\" content=\"El Instituto Ant\u00e1rtico Chileno (INACH) te invita a conocer el Continente Blanco y el concurso de la Feria Ant\u00e1rtica Escolar (FAE)\" class=\"yoast-seo-meta-tag\" \/>\n<meta property=\"og:url\" content=\"https:\/\/explora.cl\/rmnorte\/inscribete-en-el-taller-feria-antartica-escolar-una-ruta-al-continente-blanco\/\" class=\"yoast-seo-meta-tag\" \/>\n<meta property=\"og:site_name\" content=\"RM Norte\" class=\"yoast-seo-meta-tag\" \/>\n<meta property=\"article:published_time\" content=\"2022-03-23T17:26:48+00:00\" class=\"yoast-seo-meta-tag\" \/>\n<meta property=\"article:modified_time\" content=\"2022-04-07T21:45:00+00:00\" class=\"yoast-seo-meta-tag\" \/>\n<meta property=\"og:image\" content=\"https:\/\/explora.cl\/rmnorte\/wp-content\/uploads\/sites\/11\/2022\/03\/banner_web.png\" class=\"yoast-seo-meta-tag\" \/>\n\t<meta property=\"og:image:width\" content=\"1496\" class=\"yoast-seo-meta-tag\" \/>\n\t<meta property=\"og:image:height\" content=\"838\" class=\"yoast-seo-meta-tag\" \/>\n\t<meta property=\"og:image:type\" content=\"image\/png\" class=\"yoast-seo-meta-tag\" \/>\n<meta name=\"author\" content=\"dgarcia\" class=\"yoast-seo-meta-tag\" \/>\n<meta name=\"twitter:card\" content=\"summary_large_image\" class=\"yoast-seo-meta-tag\" \/>\n<meta name=\"twitter:label1\" content=\"Escrito por\" class=\"yoast-seo-meta-tag\" \/>\n\t<meta name=\"twitter:data1\" content=\"dgarcia\" class=\"yoast-seo-meta-tag\" \/>\n\t<meta name=\"twitter:label2\" content=\"Tiempo estimado de lectura\" class=\"yoast-seo-meta-tag\" \/>\n\t<meta name=\"twitter:data2\" content=\"1 minuto\" class=\"yoast-seo-meta-tag\" \/>\n<script type=\"application\/ld+json\" class=\"yoast-schema-graph\">{\"@context\":\"https:\/\/schema.org\",\"@graph\":[{\"@type\":\"Article\",\"@id\":\"https:\/\/explora.cl\/rmnorte\/inscribete-en-el-taller-feria-antartica-escolar-una-ruta-al-continente-blanco\/#article\",\"isPartOf\":{\"@id\":\"https:\/\/explora.cl\/rmnorte\/inscribete-en-el-taller-feria-antartica-escolar-una-ruta-al-continente-blanco\/\"},\"author\":{\"name\":\"dgarcia\",\"@id\":\"https:\/\/explora.cl\/rmnorte\/#\/schema\/person\/4ad985b29a183eab4170892260e133a5\"},\"headline\":\"\u00a1Inscr\u00edbete en el Taller Feria Ant\u00e1rtica Escolar: Una ruta al Continente Blanco!\",\"datePublished\":\"2022-03-23T17:26:48+00:00\",\"dateModified\":\"2022-04-07T21:45:00+00:00\",\"mainEntityOfPage\":{\"@id\":\"https:\/\/explora.cl\/rmnorte\/inscribete-en-el-taller-feria-antartica-escolar-una-ruta-al-continente-blanco\/\"},\"wordCount\":213,\"commentCount\":0,\"image\":{\"@id\":\"https:\/\/explora.cl\/rmnorte\/inscribete-en-el-taller-feria-antartica-escolar-una-ruta-al-continente-blanco\/#primaryimage\"},\"thumbnailUrl\":\"https:\/\/explora.cl\/rmnorte\/wp-content\/uploads\/sites\/11\/2022\/03\/banner_web.png\",\"articleSection\":[\"Banner\"],\"inLanguage\":\"es-CL\",\"potentialAction\":[{\"@type\":\"CommentAction\",\"name\":\"Comment\",\"target\":[\"https:\/\/explora.cl\/rmnorte\/inscribete-en-el-taller-feria-antartica-escolar-una-ruta-al-continente-blanco\/#respond\"]}]},{\"@type\":\"WebPage\",\"@id\":\"https:\/\/explora.cl\/rmnorte\/inscribete-en-el-taller-feria-antartica-escolar-una-ruta-al-continente-blanco\/\",\"url\":\"https:\/\/explora.cl\/rmnorte\/inscribete-en-el-taller-feria-antartica-escolar-una-ruta-al-continente-blanco\/\",\"name\":\"\u00a1Inscr\u00edbete en el Taller Feria Ant\u00e1rtica Escolar: Una ruta al Continente Blanco! - RM Norte\",\"isPartOf\":{\"@id\":\"https:\/\/explora.cl\/rmnorte\/#website\"},\"primaryImageOfPage\":{\"@id\":\"https:\/\/explora.cl\/rmnorte\/inscribete-en-el-taller-feria-antartica-escolar-una-ruta-al-continente-blanco\/#primaryimage\"},\"image\":{\"@id\":\"https:\/\/explora.cl\/rmnorte\/inscribete-en-el-taller-feria-antartica-escolar-una-ruta-al-continente-blanco\/#primaryimage\"},\"thumbnailUrl\":\"https:\/\/explora.cl\/rmnorte\/wp-content\/uploads\/sites\/11\/2022\/03\/banner_web.png\",\"datePublished\":\"2022-03-23T17:26:48+00:00\",\"dateModified\":\"2022-04-07T21:45:00+00:00\",\"author\":{\"@id\":\"https:\/\/explora.cl\/rmnorte\/#\/schema\/person\/4ad985b29a183eab4170892260e133a5\"},\"breadcrumb\":{\"@id\":\"https:\/\/explora.cl\/rmnorte\/inscribete-en-el-taller-feria-antartica-escolar-una-ruta-al-continente-blanco\/#breadcrumb\"},\"inLanguage\":\"es-CL\",\"potentialAction\":[{\"@type\":\"ReadAction\",\"target\":[\"https:\/\/explora.cl\/rmnorte\/inscribete-en-el-taller-feria-antartica-escolar-una-ruta-al-continente-blanco\/\"]}]},{\"@type\":\"ImageObject\",\"inLanguage\":\"es-CL\",\"@id\":\"https:\/\/explora.cl\/rmnorte\/inscribete-en-el-taller-feria-antartica-escolar-una-ruta-al-continente-blanco\/#primaryimage\",\"url\":\"https:\/\/explora.cl\/rmnorte\/wp-content\/uploads\/sites\/11\/2022\/03\/banner_web.png\",\"contentUrl\":\"https:\/\/explora.cl\/rmnorte\/wp-content\/uploads\/sites\/11\/2022\/03\/banner_web.png\",\"width\":1496,\"height\":838},{\"@type\":\"BreadcrumbList\",\"@id\":\"https:\/\/explora.cl\/rmnorte\/inscribete-en-el-taller-feria-antartica-escolar-una-ruta-al-continente-blanco\/#breadcrumb\",\"itemListElement\":[{\"@type\":\"ListItem\",\"position\":1,\"name\":\"Portada\",\"item\":\"https:\/\/explora.cl\/rmnorte\/\"},{\"@type\":\"ListItem\",\"position\":2,\"name\":\"\u00a1Inscr\u00edbete en el Taller Feria Ant\u00e1rtica Escolar: Una ruta al Continente Blanco!\"}]},{\"@type\":\"WebSite\",\"@id\":\"https:\/\/explora.cl\/rmnorte\/#website\",\"url\":\"https:\/\/explora.cl\/rmnorte\/\",\"name\":\"RM Norte\",\"description\":\"RM Norte explora.cl\",\"potentialAction\":[{\"@type\":\"SearchAction\",\"target\":{\"@type\":\"EntryPoint\",\"urlTemplate\":\"https:\/\/explora.cl\/rmnorte\/?s={search_term_string}\"},\"query-input\":{\"@type\":\"PropertyValueSpecification\",\"valueRequired\":true,\"valueName\":\"search_term_string\"}}],\"inLanguage\":\"es-CL\"},{\"@type\":\"Person\",\"@id\":\"https:\/\/explora.cl\/rmnorte\/#\/schema\/person\/4ad985b29a183eab4170892260e133a5\",\"name\":\"dgarcia\",\"image\":{\"@type\":\"ImageObject\",\"inLanguage\":\"es-CL\",\"@id\":\"https:\/\/explora.cl\/rmnorte\/#\/schema\/person\/image\/\",\"url\":\"https:\/\/secure.gravatar.com\/avatar\/06e2fd9f68a0c19cd669ddc183de83489acab601aa57958e0f60175e5013e6b7?s=96&d=mm&r=g\",\"contentUrl\":\"https:\/\/secure.gravatar.com\/avatar\/06e2fd9f68a0c19cd669ddc183de83489acab601aa57958e0f60175e5013e6b7?s=96&d=mm&r=g\",\"caption\":\"dgarcia\"},\"url\":\"https:\/\/explora.cl\/rmnorte\/author\/dgarcia\/\"}]}<\/script>\n<!-- \/ Yoast SEO plugin. -->","yoast_head_json":{"title":"\u00a1Inscr\u00edbete en el Taller Feria Ant\u00e1rtica Escolar: Una ruta al Continente Blanco! - RM Norte","robots":{"index":"index","follow":"follow","max-snippet":"max-snippet:-1","max-image-preview":"max-image-preview:large","max-video-preview":"max-video-preview:-1"},"canonical":"https:\/\/explora.cl\/rmnorte\/inscribete-en-el-taller-feria-antartica-escolar-una-ruta-al-continente-blanco\/","og_locale":"es_ES","og_type":"article","og_title":"\u00a1Inscr\u00edbete en el Taller Feria Ant\u00e1rtica Escolar: Una ruta al Continente Blanco! - RM Norte","og_description":"El Instituto Ant\u00e1rtico Chileno (INACH) te invita a conocer el Continente Blanco y el concurso de la Feria Ant\u00e1rtica Escolar (FAE)","og_url":"https:\/\/explora.cl\/rmnorte\/inscribete-en-el-taller-feria-antartica-escolar-una-ruta-al-continente-blanco\/","og_site_name":"RM Norte","article_published_time":"2022-03-23T17:26:48+00:00","article_modified_time":"2022-04-07T21:45:00+00:00","og_image":[{"width":1496,"height":838,"url":"https:\/\/explora.cl\/rmnorte\/wp-content\/uploads\/sites\/11\/2022\/03\/banner_web.png","type":"image\/png"}],"author":"dgarcia","twitter_card":"summary_large_image","twitter_misc":{"Escrito por":"dgarcia","Tiempo estimado de lectura":"1 minuto"},"schema":{"@context":"https:\/\/schema.org","@graph":[{"@type":"Article","@id":"https:\/\/explora.cl\/rmnorte\/inscribete-en-el-taller-feria-antartica-escolar-una-ruta-al-continente-blanco\/#article","isPartOf":{"@id":"https:\/\/explora.cl\/rmnorte\/inscribete-en-el-taller-feria-antartica-escolar-una-ruta-al-continente-blanco\/"},"author":{"name":"dgarcia","@id":"https:\/\/explora.cl\/rmnorte\/#\/schema\/person\/4ad985b29a183eab4170892260e133a5"},"headline":"\u00a1Inscr\u00edbete en el Taller Feria Ant\u00e1rtica Escolar: Una ruta al Continente Blanco!","datePublished":"2022-03-23T17:26:48+00:00","dateModified":"2022-04-07T21:45:00+00:00","mainEntityOfPage":{"@id":"https:\/\/explora.cl\/rmnorte\/inscribete-en-el-taller-feria-antartica-escolar-una-ruta-al-continente-blanco\/"},"wordCount":213,"commentCount":0,"image":{"@id":"https:\/\/explora.cl\/rmnorte\/inscribete-en-el-taller-feria-antartica-escolar-una-ruta-al-continente-blanco\/#primaryimage"},"thumbnailUrl":"https:\/\/explora.cl\/rmnorte\/wp-content\/uploads\/sites\/11\/2022\/03\/banner_web.png","articleSection":["Banner"],"inLanguage":"es-CL","potentialAction":[{"@type":"CommentAction","name":"Comment","target":["https:\/\/explora.cl\/rmnorte\/inscribete-en-el-taller-feria-antartica-escolar-una-ruta-al-continente-blanco\/#respond"]}]},{"@type":"WebPage","@id":"https:\/\/explora.cl\/rmnorte\/inscribete-en-el-taller-feria-antartica-escolar-una-ruta-al-continente-blanco\/","url":"https:\/\/explora.cl\/rmnorte\/inscribete-en-el-taller-feria-antartica-escolar-una-ruta-al-continente-blanco\/","name":"\u00a1Inscr\u00edbete en el Taller Feria Ant\u00e1rtica Escolar: Una ruta al Continente Blanco! - RM Norte","isPartOf":{"@id":"https:\/\/explora.cl\/rmnorte\/#website"},"primaryImageOfPage":{"@id":"https:\/\/explora.cl\/rmnorte\/inscribete-en-el-taller-feria-antartica-escolar-una-ruta-al-continente-blanco\/#primaryimage"},"image":{"@id":"https:\/\/explora.cl\/rmnorte\/inscribete-en-el-taller-feria-antartica-escolar-una-ruta-al-continente-blanco\/#primaryimage"},"thumbnailUrl":"https:\/\/explora.cl\/rmnorte\/wp-content\/uploads\/sites\/11\/2022\/03\/banner_web.png","datePublished":"2022-03-23T17:26:48+00:00","dateModified":"2022-04-07T21:45:00+00:00","author":{"@id":"https:\/\/explora.cl\/rmnorte\/#\/schema\/person\/4ad985b29a183eab4170892260e133a5"},"breadcrumb":{"@id":"https:\/\/explora.cl\/rmnorte\/inscribete-en-el-taller-feria-antartica-escolar-una-ruta-al-continente-blanco\/#breadcrumb"},"inLanguage":"es-CL","potentialAction":[{"@type":"ReadAction","target":["https:\/\/explora.cl\/rmnorte\/inscribete-en-el-taller-feria-antartica-escolar-una-ruta-al-continente-blanco\/"]}]},{"@type":"ImageObject","inLanguage":"es-CL","@id":"https:\/\/explora.cl\/rmnorte\/inscribete-en-el-taller-feria-antartica-escolar-una-ruta-al-continente-blanco\/#primaryimage","url":"https:\/\/explora.cl\/rmnorte\/wp-content\/uploads\/sites\/11\/2022\/03\/banner_web.png","contentUrl":"https:\/\/explora.cl\/rmnorte\/wp-content\/uploads\/sites\/11\/2022\/03\/banner_web.png","width":1496,"height":838},{"@type":"BreadcrumbList","@id":"https:\/\/explora.cl\/rmnorte\/inscribete-en-el-taller-feria-antartica-escolar-una-ruta-al-continente-blanco\/#breadcrumb","itemListElement":[{"@type":"ListItem","position":1,"name":"Portada","item":"https:\/\/explora.cl\/rmnorte\/"},{"@type":"ListItem","position":2,"name":"\u00a1Inscr\u00edbete en el Taller Feria Ant\u00e1rtica Escolar: Una ruta al Continente Blanco!"}]},{"@type":"WebSite","@id":"https:\/\/explora.cl\/rmnorte\/#website","url":"https:\/\/explora.cl\/rmnorte\/","name":"RM Norte","description":"RM Norte explora.cl","potentialAction":[{"@type":"SearchAction","target":{"@type":"EntryPoint","urlTemplate":"https:\/\/explora.cl\/rmnorte\/?s={search_term_string}"},"query-input":{"@type":"PropertyValueSpecification","valueRequired":true,"valueName":"search_term_string"}}],"inLanguage":"es-CL"},{"@type":"Person","@id":"https:\/\/explora.cl\/rmnorte\/#\/schema\/person\/4ad985b29a183eab4170892260e133a5","name":"dgarcia","image":{"@type":"ImageObject","inLanguage":"es-CL","@id":"https:\/\/explora.cl\/rmnorte\/#\/schema\/person\/image\/","url":"https:\/\/secure.gravatar.com\/avatar\/06e2fd9f68a0c19cd669ddc183de83489acab601aa57958e0f60175e5013e6b7?s=96&d=mm&r=g","contentUrl":"https:\/\/secure.gravatar.com\/avatar\/06e2fd9f68a0c19cd669ddc183de83489acab601aa57958e0f60175e5013e6b7?s=96&d=mm&r=g","caption":"dgarcia"},"url":"https:\/\/explora.cl\/rmnorte\/author\/dgarcia\/"}]}},"_links":{"self":[{"href":"https:\/\/explora.cl\/rmnorte\/wp-json\/wp\/v2\/posts\/41182","targetHints":{"allow":["GET"]}}],"collection":[{"href":"https:\/\/explora.cl\/rmnorte\/wp-json\/wp\/v2\/posts"}],"about":[{"href":"https:\/\/explora.cl\/rmnorte\/wp-json\/wp\/v2\/types\/post"}],"author":[{"embeddable":true,"href":"https:\/\/explora.cl\/rmnorte\/wp-json\/wp\/v2\/users\/26"}],"replies":[{"embeddable":true,"href":"https:\/\/explora.cl\/rmnorte\/wp-json\/wp\/v2\/comments?post=41182"}],"version-history":[{"count":4,"href":"https:\/\/explora.cl\/rmnorte\/wp-json\/wp\/v2\/posts\/41182\/revisions"}],"predecessor-version":[{"id":41190,"href":"https:\/\/explora.cl\/rmnorte\/wp-json\/wp\/v2\/posts\/41182\/revisions\/41190"}],"wp:featuredmedia":[{"embeddable":true,"href":"https:\/\/explora.cl\/rmnorte\/wp-json\/wp\/v2\/media\/41184"}],"wp:attachment":[{"href":"https:\/\/explora.cl\/rmnorte\/wp-json\/wp\/v2\/media?parent=41182"}],"wp:term":[{"taxonomy":"category","embeddable":true,"href":"https:\/\/explora.cl\/rmnorte\/wp-json\/wp\/v2\/categories?post=41182"},{"taxonomy":"post_tag","embeddable":true,"href":"https:\/\/explora.cl\/rmnorte\/wp-json\/wp\/v2\/tags?post=41182"}],"curies":[{"name":"wp","href":"https:\/\/api.w.org\/{rel}","templated":true}]}}