{"id":41038,"date":"2021-12-01T12:31:12","date_gmt":"2021-12-01T15:31:12","guid":{"rendered":"https:\/\/explora.cl\/rmnorte\/?p=41038"},"modified":"2022-01-06T17:38:22","modified_gmt":"2022-01-06T20:38:22","slug":"docentes-y-educadores-de-la-zona-norte-oriente-de-la-rm-pueden-participar-en-el-campamento-explora-va-2022-2","status":"publish","type":"post","link":"https:\/\/explora.cl\/rmnorte\/docentes-y-educadores-de-la-zona-norte-oriente-de-la-rm-pueden-participar-en-el-campamento-explora-va-2022-2\/","title":{"rendered":"Docentes y educadores de la zona norte-oriente de la RM pueden participar en el Campamento Explora VA! 2022"},"content":{"rendered":"<h3><em>Desde el 3 al 15 de enero, se realizar\u00e1 por segunda vez el Campamento Explora VA! organizado por el Proyecto Explora de La Regi\u00f3n Metropolitana Norte del Ministerio de Ciencia. Instancia gratuita dirigida a los docentes de educaci\u00f3n b\u00e1sica y media de cualquier disciplina y a los\/las educadoras\/res de p\u00e1rvulo, pertenecientes a las 17 comunas del proyecto. <\/em><\/h3>\n<p>El Campamento Explora Va! \u201cConstruyendo comunidades de aprendizaje en CTCI\u201d es un espacio de encuentro virtual gratuito, donde los participantes intercambiar\u00e1n y aprender\u00e1n herramientas pedag\u00f3gicas basadas en el modelo de competencias y la formaci\u00f3n de comunidades de aprendizaje. La actividad tambi\u00e9n servir\u00e1 para crear redes de colaboraci\u00f3n entre los docentes y fortalecer las nuevas formas de ense\u00f1ar ciencia dentro y fuera del aula.<\/p>\n<p>\u201cLa pandemia por COVID19 nos dej\u00f3 como aprendizaje las nuevas formas de ense\u00f1ar fuera del aula y aunque ha sido un verdadero desaf\u00edo, poco a poco los profesores, educadores y estudiantes han encontrado las maneras de continuar con sus responsabilidades, pero el tiempo apremia y cada vez se hace m\u00e1s necesario tener nuevas herramientas para afrontar la nueva educaci\u00f3n. Por ello, en esta oportunidad invitamos a los docentes de cualquier disciplina y a los\/las educadoras\/res de p\u00e1rvulo pertenecientes a las 17 comunas del proyecto a vivir esta experiencia con nosotros y convertirse en un agente de cambio para sus estudiantes\u201d coment\u00f3 el Dr. Mario Chiong director de Explora RM Norte.<\/p>\n<p>Durante la actividad los\/las participantes recibir\u00e1n material de apoyo y acompa\u00f1amiento durante toda la jornada. Se realizar\u00e1n taller, conversatorios y charlas, enmarcadas en la creaci\u00f3n de comunidades de aprendizaje en ciencia, tecnolog\u00eda, conocimiento e innovaci\u00f3n y se contar\u00e1 con la participaci\u00f3n de expertos nacionales que aclarar\u00e1n todas las dudas de los participantes. Entre los temas a tratar en el Campamento Explora Va, se encuentran:<\/p>\n<ul>\n<li>Educaci\u00f3n cient\u00edfica para todos\/das con sentido de pertenencia y apropiaci\u00f3n social del conocimiento<\/li>\n<li>Educaci\u00f3n cient\u00edfica con perspectiva de g\u00e9nero y enfoque intercultural<\/li>\n<li>\u00bfC\u00f3mo generar preguntas de investigaci\u00f3n?<\/li>\n<li>El desaf\u00edo de hacer ciencia para la innovaci\u00f3n en Chile<\/li>\n<\/ul>\n<p>Los interesados pueden postular hasta el 2 de diciembre. M\u00e1s informaci\u00f3n <a href=\"https:\/\/explora.cl\/rmnorte\/convocatoria-abierta-ya-puedes-ser-parte-del-campamento-explora-va-2022\/\">aqu\u00ed<\/a><\/p>\n<p><strong>Experiencias que hablan <\/strong><\/p>\n<p><img fetchpriority=\"high\" decoding=\"async\" class=\"wp-image-41040 alignright\" src=\"https:\/\/explora.cl\/rmnorte\/wp-content\/uploads\/sites\/11\/2021\/12\/Screenshot_5.jpg\" alt=\"\" width=\"272\" height=\"224\" srcset=\"https:\/\/explora.cl\/rmnorte\/wp-content\/uploads\/sites\/11\/2021\/12\/Screenshot_5.jpg 1087w, https:\/\/explora.cl\/rmnorte\/wp-content\/uploads\/sites\/11\/2021\/12\/Screenshot_5-300x247.jpg 300w, https:\/\/explora.cl\/rmnorte\/wp-content\/uploads\/sites\/11\/2021\/12\/Screenshot_5-768x632.jpg 768w, https:\/\/explora.cl\/rmnorte\/wp-content\/uploads\/sites\/11\/2021\/12\/Screenshot_5-1024x842.jpg 1024w\" sizes=\"(max-width: 272px) 100vw, 272px\" \/>La profesora Mar\u00eda Hortencia de la Escuela Primitiva Echeverria, coment\u00f3 \u201cEl campamento anterior fue una experiencia muy significativa, durante una semana tuvimos la oportunidad de compartir con diferentes colegas de diversas disciplinas y esto nos permiti\u00f3 intercambiar ideas y formas de ense\u00f1ar. Sin duda fue una semana donde nos recargamos de energ\u00eda\u201d.<\/p>\n<p>Por otro lado, la profesora Paulina Gonz\u00e1lez del Colegio Santa B\u00e1rbara H\/S destac\u00f3 que uno de los aprendizajes que le dej\u00f3 el Campamento Explora VA! 2019, es la importancia y el rol que tienen los docentes de ser un agente de cambio en sus estudiantes.<\/p>\n<p><img decoding=\"async\" class=\"wp-image-41041 alignleft\" src=\"https:\/\/explora.cl\/rmnorte\/wp-content\/uploads\/sites\/11\/2021\/12\/Screenshot_1-e1638372549294.jpg\" alt=\"\" width=\"234\" height=\"276\" srcset=\"https:\/\/explora.cl\/rmnorte\/wp-content\/uploads\/sites\/11\/2021\/12\/Screenshot_1-e1638372549294.jpg 568w, https:\/\/explora.cl\/rmnorte\/wp-content\/uploads\/sites\/11\/2021\/12\/Screenshot_1-e1638372549294-254x300.jpg 254w\" sizes=\"(max-width: 234px) 100vw, 234px\" \/>Para finalizar el profesor Oscar Garrido., tambi\u00e9n participante en el Campamento anterior aprovech\u00f3 la oportunidad para invitar a los docentes y educadores a vivir esta experiencia \u201cEsta jornada les va a cambiar su visi\u00f3n como profesor, sobre la educaci\u00f3n y el rol que tenemos como parte de la sociedad\u201d.<\/p>\n<p>&nbsp;<\/p>\n<p>Explora RM Norte, es un proyecto asociativo liderado por la Universidad de Chile, a trav\u00e9s de la Facultad de Ciencias Qu\u00edmicas y Farmac\u00e9uticas y su unidad ejecutora es el Centro Avanzado de Enfermedades Cr\u00f3nicas (ACCDiS).<\/p>\n<p>&nbsp;<\/p>\n","protected":false},"excerpt":{"rendered":"<p>Desde el 3 al 15 de enero, se realizar\u00e1 por segunda vez el Campamento Explora VA! organizado por el Proyecto Explora de La Regi\u00f3n Metropolitana Norte del Ministerio de Ciencia. Instancia gratuita dirigida a los docentes de educaci\u00f3n b\u00e1sica y media de cualquier disciplina y a los\/las educadoras\/res de p\u00e1rvulo, pertenecientes a las 17 comunas del proyecto.<\/p>\n","protected":false},"author":26,"featured_media":41039,"comment_status":"open","ping_status":"open","sticky":false,"template":"","format":"standard","meta":{"_acf_changed":false,"_exactmetrics_skip_tracking":false,"_exactmetrics_sitenote_active":false,"_exactmetrics_sitenote_note":"","_exactmetrics_sitenote_category":0,"footnotes":"","_links_to":"","_links_to_target":""},"categories":[1],"tags":[],"class_list":["post-41038","post","type-post","status-publish","format-standard","has-post-thumbnail","hentry","category-sin-categoria"],"acf":[],"yoast_head":"<!-- This site is optimized with the Yoast SEO plugin v26.9 - https:\/\/yoast.com\/product\/yoast-seo-wordpress\/ -->\n<title>Docentes y educadores de la zona norte-oriente de la RM pueden participar en el Campamento Explora VA! 2022 - RM Norte<\/title>\n<meta name=\"robots\" content=\"index, follow, max-snippet:-1, max-image-preview:large, max-video-preview:-1\" \/>\n<link rel=\"canonical\" href=\"https:\/\/explora.cl\/rmnorte\/docentes-y-educadores-de-la-zona-norte-oriente-de-la-rm-pueden-participar-en-el-campamento-explora-va-2022-2\/\" class=\"yoast-seo-meta-tag\" \/>\n<meta property=\"og:locale\" content=\"es_ES\" class=\"yoast-seo-meta-tag\" \/>\n<meta property=\"og:type\" content=\"article\" class=\"yoast-seo-meta-tag\" \/>\n<meta property=\"og:title\" content=\"Docentes y educadores de la zona norte-oriente de la RM pueden participar en el Campamento Explora VA! 2022 - RM Norte\" class=\"yoast-seo-meta-tag\" \/>\n<meta property=\"og:description\" content=\"Desde el 3 al 15 de enero, se realizar\u00e1 por segunda vez el Campamento Explora VA! organizado por el Proyecto Explora de La Regi\u00f3n Metropolitana Norte del Ministerio de Ciencia. Instancia gratuita dirigida a los docentes de educaci\u00f3n b\u00e1sica y media de cualquier disciplina y a los\/las educadoras\/res de p\u00e1rvulo, pertenecientes a las 17 comunas del proyecto.\" class=\"yoast-seo-meta-tag\" \/>\n<meta property=\"og:url\" content=\"https:\/\/explora.cl\/rmnorte\/docentes-y-educadores-de-la-zona-norte-oriente-de-la-rm-pueden-participar-en-el-campamento-explora-va-2022-2\/\" class=\"yoast-seo-meta-tag\" \/>\n<meta property=\"og:site_name\" content=\"RM Norte\" class=\"yoast-seo-meta-tag\" \/>\n<meta property=\"article:published_time\" content=\"2021-12-01T15:31:12+00:00\" class=\"yoast-seo-meta-tag\" \/>\n<meta property=\"article:modified_time\" content=\"2022-01-06T20:38:22+00:00\" class=\"yoast-seo-meta-tag\" \/>\n<meta property=\"og:image\" content=\"https:\/\/explora.cl\/rmnorte\/wp-content\/uploads\/sites\/11\/2021\/12\/82496871_512289079395806_4493344542547771392_n.jpg\" class=\"yoast-seo-meta-tag\" \/>\n\t<meta property=\"og:image:width\" content=\"1944\" class=\"yoast-seo-meta-tag\" \/>\n\t<meta property=\"og:image:height\" content=\"1296\" class=\"yoast-seo-meta-tag\" \/>\n\t<meta property=\"og:image:type\" content=\"image\/jpeg\" class=\"yoast-seo-meta-tag\" \/>\n<meta name=\"author\" content=\"dgarcia\" class=\"yoast-seo-meta-tag\" \/>\n<meta name=\"twitter:card\" content=\"summary_large_image\" class=\"yoast-seo-meta-tag\" \/>\n<meta name=\"twitter:label1\" content=\"Escrito por\" class=\"yoast-seo-meta-tag\" \/>\n\t<meta name=\"twitter:data1\" content=\"dgarcia\" class=\"yoast-seo-meta-tag\" \/>\n\t<meta name=\"twitter:label2\" content=\"Tiempo estimado de lectura\" class=\"yoast-seo-meta-tag\" \/>\n\t<meta name=\"twitter:data2\" content=\"3 minutos\" class=\"yoast-seo-meta-tag\" \/>\n<script type=\"application\/ld+json\" class=\"yoast-schema-graph\">{\"@context\":\"https:\/\/schema.org\",\"@graph\":[{\"@type\":\"Article\",\"@id\":\"https:\/\/explora.cl\/rmnorte\/docentes-y-educadores-de-la-zona-norte-oriente-de-la-rm-pueden-participar-en-el-campamento-explora-va-2022-2\/#article\",\"isPartOf\":{\"@id\":\"https:\/\/explora.cl\/rmnorte\/docentes-y-educadores-de-la-zona-norte-oriente-de-la-rm-pueden-participar-en-el-campamento-explora-va-2022-2\/\"},\"author\":{\"name\":\"dgarcia\",\"@id\":\"https:\/\/explora.cl\/rmnorte\/#\/schema\/person\/4ad985b29a183eab4170892260e133a5\"},\"headline\":\"Docentes y educadores de la zona norte-oriente de la RM pueden participar en el Campamento Explora VA! 2022\",\"datePublished\":\"2021-12-01T15:31:12+00:00\",\"dateModified\":\"2022-01-06T20:38:22+00:00\",\"mainEntityOfPage\":{\"@id\":\"https:\/\/explora.cl\/rmnorte\/docentes-y-educadores-de-la-zona-norte-oriente-de-la-rm-pueden-participar-en-el-campamento-explora-va-2022-2\/\"},\"wordCount\":595,\"commentCount\":0,\"image\":{\"@id\":\"https:\/\/explora.cl\/rmnorte\/docentes-y-educadores-de-la-zona-norte-oriente-de-la-rm-pueden-participar-en-el-campamento-explora-va-2022-2\/#primaryimage\"},\"thumbnailUrl\":\"https:\/\/explora.cl\/rmnorte\/wp-content\/uploads\/sites\/11\/2021\/12\/82496871_512289079395806_4493344542547771392_n.jpg\",\"inLanguage\":\"es-CL\",\"potentialAction\":[{\"@type\":\"CommentAction\",\"name\":\"Comment\",\"target\":[\"https:\/\/explora.cl\/rmnorte\/docentes-y-educadores-de-la-zona-norte-oriente-de-la-rm-pueden-participar-en-el-campamento-explora-va-2022-2\/#respond\"]}]},{\"@type\":\"WebPage\",\"@id\":\"https:\/\/explora.cl\/rmnorte\/docentes-y-educadores-de-la-zona-norte-oriente-de-la-rm-pueden-participar-en-el-campamento-explora-va-2022-2\/\",\"url\":\"https:\/\/explora.cl\/rmnorte\/docentes-y-educadores-de-la-zona-norte-oriente-de-la-rm-pueden-participar-en-el-campamento-explora-va-2022-2\/\",\"name\":\"Docentes y educadores de la zona norte-oriente de la RM pueden participar en el Campamento Explora VA! 2022 - RM Norte\",\"isPartOf\":{\"@id\":\"https:\/\/explora.cl\/rmnorte\/#website\"},\"primaryImageOfPage\":{\"@id\":\"https:\/\/explora.cl\/rmnorte\/docentes-y-educadores-de-la-zona-norte-oriente-de-la-rm-pueden-participar-en-el-campamento-explora-va-2022-2\/#primaryimage\"},\"image\":{\"@id\":\"https:\/\/explora.cl\/rmnorte\/docentes-y-educadores-de-la-zona-norte-oriente-de-la-rm-pueden-participar-en-el-campamento-explora-va-2022-2\/#primaryimage\"},\"thumbnailUrl\":\"https:\/\/explora.cl\/rmnorte\/wp-content\/uploads\/sites\/11\/2021\/12\/82496871_512289079395806_4493344542547771392_n.jpg\",\"datePublished\":\"2021-12-01T15:31:12+00:00\",\"dateModified\":\"2022-01-06T20:38:22+00:00\",\"author\":{\"@id\":\"https:\/\/explora.cl\/rmnorte\/#\/schema\/person\/4ad985b29a183eab4170892260e133a5\"},\"breadcrumb\":{\"@id\":\"https:\/\/explora.cl\/rmnorte\/docentes-y-educadores-de-la-zona-norte-oriente-de-la-rm-pueden-participar-en-el-campamento-explora-va-2022-2\/#breadcrumb\"},\"inLanguage\":\"es-CL\",\"potentialAction\":[{\"@type\":\"ReadAction\",\"target\":[\"https:\/\/explora.cl\/rmnorte\/docentes-y-educadores-de-la-zona-norte-oriente-de-la-rm-pueden-participar-en-el-campamento-explora-va-2022-2\/\"]}]},{\"@type\":\"ImageObject\",\"inLanguage\":\"es-CL\",\"@id\":\"https:\/\/explora.cl\/rmnorte\/docentes-y-educadores-de-la-zona-norte-oriente-de-la-rm-pueden-participar-en-el-campamento-explora-va-2022-2\/#primaryimage\",\"url\":\"https:\/\/explora.cl\/rmnorte\/wp-content\/uploads\/sites\/11\/2021\/12\/82496871_512289079395806_4493344542547771392_n.jpg\",\"contentUrl\":\"https:\/\/explora.cl\/rmnorte\/wp-content\/uploads\/sites\/11\/2021\/12\/82496871_512289079395806_4493344542547771392_n.jpg\",\"width\":1944,\"height\":1296},{\"@type\":\"BreadcrumbList\",\"@id\":\"https:\/\/explora.cl\/rmnorte\/docentes-y-educadores-de-la-zona-norte-oriente-de-la-rm-pueden-participar-en-el-campamento-explora-va-2022-2\/#breadcrumb\",\"itemListElement\":[{\"@type\":\"ListItem\",\"position\":1,\"name\":\"Portada\",\"item\":\"https:\/\/explora.cl\/rmnorte\/\"},{\"@type\":\"ListItem\",\"position\":2,\"name\":\"Docentes y educadores de la zona norte-oriente de la RM pueden participar en el Campamento Explora VA! 2022\"}]},{\"@type\":\"WebSite\",\"@id\":\"https:\/\/explora.cl\/rmnorte\/#website\",\"url\":\"https:\/\/explora.cl\/rmnorte\/\",\"name\":\"RM Norte\",\"description\":\"RM Norte explora.cl\",\"potentialAction\":[{\"@type\":\"SearchAction\",\"target\":{\"@type\":\"EntryPoint\",\"urlTemplate\":\"https:\/\/explora.cl\/rmnorte\/?s={search_term_string}\"},\"query-input\":{\"@type\":\"PropertyValueSpecification\",\"valueRequired\":true,\"valueName\":\"search_term_string\"}}],\"inLanguage\":\"es-CL\"},{\"@type\":\"Person\",\"@id\":\"https:\/\/explora.cl\/rmnorte\/#\/schema\/person\/4ad985b29a183eab4170892260e133a5\",\"name\":\"dgarcia\",\"image\":{\"@type\":\"ImageObject\",\"inLanguage\":\"es-CL\",\"@id\":\"https:\/\/explora.cl\/rmnorte\/#\/schema\/person\/image\/\",\"url\":\"https:\/\/secure.gravatar.com\/avatar\/06e2fd9f68a0c19cd669ddc183de83489acab601aa57958e0f60175e5013e6b7?s=96&d=mm&r=g\",\"contentUrl\":\"https:\/\/secure.gravatar.com\/avatar\/06e2fd9f68a0c19cd669ddc183de83489acab601aa57958e0f60175e5013e6b7?s=96&d=mm&r=g\",\"caption\":\"dgarcia\"},\"url\":\"https:\/\/explora.cl\/rmnorte\/author\/dgarcia\/\"}]}<\/script>\n<!-- \/ Yoast SEO plugin. -->","yoast_head_json":{"title":"Docentes y educadores de la zona norte-oriente de la RM pueden participar en el Campamento Explora VA! 2022 - RM Norte","robots":{"index":"index","follow":"follow","max-snippet":"max-snippet:-1","max-image-preview":"max-image-preview:large","max-video-preview":"max-video-preview:-1"},"canonical":"https:\/\/explora.cl\/rmnorte\/docentes-y-educadores-de-la-zona-norte-oriente-de-la-rm-pueden-participar-en-el-campamento-explora-va-2022-2\/","og_locale":"es_ES","og_type":"article","og_title":"Docentes y educadores de la zona norte-oriente de la RM pueden participar en el Campamento Explora VA! 2022 - RM Norte","og_description":"Desde el 3 al 15 de enero, se realizar\u00e1 por segunda vez el Campamento Explora VA! organizado por el Proyecto Explora de La Regi\u00f3n Metropolitana Norte del Ministerio de Ciencia. Instancia gratuita dirigida a los docentes de educaci\u00f3n b\u00e1sica y media de cualquier disciplina y a los\/las educadoras\/res de p\u00e1rvulo, pertenecientes a las 17 comunas del proyecto.","og_url":"https:\/\/explora.cl\/rmnorte\/docentes-y-educadores-de-la-zona-norte-oriente-de-la-rm-pueden-participar-en-el-campamento-explora-va-2022-2\/","og_site_name":"RM Norte","article_published_time":"2021-12-01T15:31:12+00:00","article_modified_time":"2022-01-06T20:38:22+00:00","og_image":[{"width":1944,"height":1296,"url":"https:\/\/explora.cl\/rmnorte\/wp-content\/uploads\/sites\/11\/2021\/12\/82496871_512289079395806_4493344542547771392_n.jpg","type":"image\/jpeg"}],"author":"dgarcia","twitter_card":"summary_large_image","twitter_misc":{"Escrito por":"dgarcia","Tiempo estimado de lectura":"3 minutos"},"schema":{"@context":"https:\/\/schema.org","@graph":[{"@type":"Article","@id":"https:\/\/explora.cl\/rmnorte\/docentes-y-educadores-de-la-zona-norte-oriente-de-la-rm-pueden-participar-en-el-campamento-explora-va-2022-2\/#article","isPartOf":{"@id":"https:\/\/explora.cl\/rmnorte\/docentes-y-educadores-de-la-zona-norte-oriente-de-la-rm-pueden-participar-en-el-campamento-explora-va-2022-2\/"},"author":{"name":"dgarcia","@id":"https:\/\/explora.cl\/rmnorte\/#\/schema\/person\/4ad985b29a183eab4170892260e133a5"},"headline":"Docentes y educadores de la zona norte-oriente de la RM pueden participar en el Campamento Explora VA! 2022","datePublished":"2021-12-01T15:31:12+00:00","dateModified":"2022-01-06T20:38:22+00:00","mainEntityOfPage":{"@id":"https:\/\/explora.cl\/rmnorte\/docentes-y-educadores-de-la-zona-norte-oriente-de-la-rm-pueden-participar-en-el-campamento-explora-va-2022-2\/"},"wordCount":595,"commentCount":0,"image":{"@id":"https:\/\/explora.cl\/rmnorte\/docentes-y-educadores-de-la-zona-norte-oriente-de-la-rm-pueden-participar-en-el-campamento-explora-va-2022-2\/#primaryimage"},"thumbnailUrl":"https:\/\/explora.cl\/rmnorte\/wp-content\/uploads\/sites\/11\/2021\/12\/82496871_512289079395806_4493344542547771392_n.jpg","inLanguage":"es-CL","potentialAction":[{"@type":"CommentAction","name":"Comment","target":["https:\/\/explora.cl\/rmnorte\/docentes-y-educadores-de-la-zona-norte-oriente-de-la-rm-pueden-participar-en-el-campamento-explora-va-2022-2\/#respond"]}]},{"@type":"WebPage","@id":"https:\/\/explora.cl\/rmnorte\/docentes-y-educadores-de-la-zona-norte-oriente-de-la-rm-pueden-participar-en-el-campamento-explora-va-2022-2\/","url":"https:\/\/explora.cl\/rmnorte\/docentes-y-educadores-de-la-zona-norte-oriente-de-la-rm-pueden-participar-en-el-campamento-explora-va-2022-2\/","name":"Docentes y educadores de la zona norte-oriente de la RM pueden participar en el Campamento Explora VA! 2022 - RM Norte","isPartOf":{"@id":"https:\/\/explora.cl\/rmnorte\/#website"},"primaryImageOfPage":{"@id":"https:\/\/explora.cl\/rmnorte\/docentes-y-educadores-de-la-zona-norte-oriente-de-la-rm-pueden-participar-en-el-campamento-explora-va-2022-2\/#primaryimage"},"image":{"@id":"https:\/\/explora.cl\/rmnorte\/docentes-y-educadores-de-la-zona-norte-oriente-de-la-rm-pueden-participar-en-el-campamento-explora-va-2022-2\/#primaryimage"},"thumbnailUrl":"https:\/\/explora.cl\/rmnorte\/wp-content\/uploads\/sites\/11\/2021\/12\/82496871_512289079395806_4493344542547771392_n.jpg","datePublished":"2021-12-01T15:31:12+00:00","dateModified":"2022-01-06T20:38:22+00:00","author":{"@id":"https:\/\/explora.cl\/rmnorte\/#\/schema\/person\/4ad985b29a183eab4170892260e133a5"},"breadcrumb":{"@id":"https:\/\/explora.cl\/rmnorte\/docentes-y-educadores-de-la-zona-norte-oriente-de-la-rm-pueden-participar-en-el-campamento-explora-va-2022-2\/#breadcrumb"},"inLanguage":"es-CL","potentialAction":[{"@type":"ReadAction","target":["https:\/\/explora.cl\/rmnorte\/docentes-y-educadores-de-la-zona-norte-oriente-de-la-rm-pueden-participar-en-el-campamento-explora-va-2022-2\/"]}]},{"@type":"ImageObject","inLanguage":"es-CL","@id":"https:\/\/explora.cl\/rmnorte\/docentes-y-educadores-de-la-zona-norte-oriente-de-la-rm-pueden-participar-en-el-campamento-explora-va-2022-2\/#primaryimage","url":"https:\/\/explora.cl\/rmnorte\/wp-content\/uploads\/sites\/11\/2021\/12\/82496871_512289079395806_4493344542547771392_n.jpg","contentUrl":"https:\/\/explora.cl\/rmnorte\/wp-content\/uploads\/sites\/11\/2021\/12\/82496871_512289079395806_4493344542547771392_n.jpg","width":1944,"height":1296},{"@type":"BreadcrumbList","@id":"https:\/\/explora.cl\/rmnorte\/docentes-y-educadores-de-la-zona-norte-oriente-de-la-rm-pueden-participar-en-el-campamento-explora-va-2022-2\/#breadcrumb","itemListElement":[{"@type":"ListItem","position":1,"name":"Portada","item":"https:\/\/explora.cl\/rmnorte\/"},{"@type":"ListItem","position":2,"name":"Docentes y educadores de la zona norte-oriente de la RM pueden participar en el Campamento Explora VA! 2022"}]},{"@type":"WebSite","@id":"https:\/\/explora.cl\/rmnorte\/#website","url":"https:\/\/explora.cl\/rmnorte\/","name":"RM Norte","description":"RM Norte explora.cl","potentialAction":[{"@type":"SearchAction","target":{"@type":"EntryPoint","urlTemplate":"https:\/\/explora.cl\/rmnorte\/?s={search_term_string}"},"query-input":{"@type":"PropertyValueSpecification","valueRequired":true,"valueName":"search_term_string"}}],"inLanguage":"es-CL"},{"@type":"Person","@id":"https:\/\/explora.cl\/rmnorte\/#\/schema\/person\/4ad985b29a183eab4170892260e133a5","name":"dgarcia","image":{"@type":"ImageObject","inLanguage":"es-CL","@id":"https:\/\/explora.cl\/rmnorte\/#\/schema\/person\/image\/","url":"https:\/\/secure.gravatar.com\/avatar\/06e2fd9f68a0c19cd669ddc183de83489acab601aa57958e0f60175e5013e6b7?s=96&d=mm&r=g","contentUrl":"https:\/\/secure.gravatar.com\/avatar\/06e2fd9f68a0c19cd669ddc183de83489acab601aa57958e0f60175e5013e6b7?s=96&d=mm&r=g","caption":"dgarcia"},"url":"https:\/\/explora.cl\/rmnorte\/author\/dgarcia\/"}]}},"_links":{"self":[{"href":"https:\/\/explora.cl\/rmnorte\/wp-json\/wp\/v2\/posts\/41038","targetHints":{"allow":["GET"]}}],"collection":[{"href":"https:\/\/explora.cl\/rmnorte\/wp-json\/wp\/v2\/posts"}],"about":[{"href":"https:\/\/explora.cl\/rmnorte\/wp-json\/wp\/v2\/types\/post"}],"author":[{"embeddable":true,"href":"https:\/\/explora.cl\/rmnorte\/wp-json\/wp\/v2\/users\/26"}],"replies":[{"embeddable":true,"href":"https:\/\/explora.cl\/rmnorte\/wp-json\/wp\/v2\/comments?post=41038"}],"version-history":[{"count":1,"href":"https:\/\/explora.cl\/rmnorte\/wp-json\/wp\/v2\/posts\/41038\/revisions"}],"predecessor-version":[{"id":41042,"href":"https:\/\/explora.cl\/rmnorte\/wp-json\/wp\/v2\/posts\/41038\/revisions\/41042"}],"wp:featuredmedia":[{"embeddable":true,"href":"https:\/\/explora.cl\/rmnorte\/wp-json\/wp\/v2\/media\/41039"}],"wp:attachment":[{"href":"https:\/\/explora.cl\/rmnorte\/wp-json\/wp\/v2\/media?parent=41038"}],"wp:term":[{"taxonomy":"category","embeddable":true,"href":"https:\/\/explora.cl\/rmnorte\/wp-json\/wp\/v2\/categories?post=41038"},{"taxonomy":"post_tag","embeddable":true,"href":"https:\/\/explora.cl\/rmnorte\/wp-json\/wp\/v2\/tags?post=41038"}],"curies":[{"name":"wp","href":"https:\/\/api.w.org\/{rel}","templated":true}]}}