{"id":41013,"date":"2021-11-10T13:14:33","date_gmt":"2021-11-10T16:14:33","guid":{"rendered":"https:\/\/explora.cl\/rmnorte\/?p=41013"},"modified":"2021-11-24T17:42:32","modified_gmt":"2021-11-24T20:42:32","slug":"de-clubes-cientificos-escolares-al-congreso-regional-explora-rm-norte-2","status":"publish","type":"post","link":"https:\/\/explora.cl\/rmnorte\/de-clubes-cientificos-escolares-al-congreso-regional-explora-rm-norte-2\/","title":{"rendered":"De Clubes Cient\u00edficos Escolares al Congreso Regional Explora RM Norte"},"content":{"rendered":"<h3><em>M\u00e1s de 70 proyectos cient\u00edficos participaron en la iniciativa Investigaci\u00f3n e Innovaci\u00f3n Escolar 2021- Clubes Cient\u00edficos Escolares, de los cuales 29 forman parte del Congreso Regional del Proyecto Explora Regi\u00f3n Metropolitana Norte del Ministerio de Ciencia, Tecnolog\u00eda, Conocimiento e Innovaci\u00f3n. El Congreso Nacional, re\u00fane a estudiantes de\u00a05\u00b0 b\u00e1sico y 4\u00b0 a\u00f1o medio para exponer sus investigaciones, desarrolladas en diversas \u00e1reas del conocimiento: ciencias naturales, ciencias sociales, artes y tecnolog\u00eda.<\/em><\/h3>\n<p>Dentro de los proyectos participantes en los Clubes Cient\u00edficos 2021 y ahora presentes en el Congreso Regional Explora se encuentran: El colegio Homeschooling OverComer de la comuna de Huechuraba con su investigaci\u00f3n \u201cMicro H\u00e9roes y Villanos\u201d; el Instituto Alonso de Ercilla, de la comuna de Santiago, estudiando la \u201cFormaci\u00f3n de bioetanol y gel con residuos org\u00e1nicos de frutas\u201d y el Colegio La Virgen de Pompeya de las Condes con tu proyecto \u201cMascarillas de biopl\u00e1stico\u201d.<\/p>\n<figure id=\"attachment_41017\" aria-describedby=\"caption-attachment-41017\" style=\"width: 360px\" class=\"wp-caption alignright\"><img fetchpriority=\"high\" decoding=\"async\" class=\"wp-image-41017\" src=\"https:\/\/explora.cl\/rmnorte\/wp-content\/uploads\/sites\/11\/2021\/11\/Micro-H\u00e9roes-y-Villanos.png\" alt=\"Docente: Tatiana Soto y estudiante Aylin Hidalgo\" width=\"360\" height=\"278\" srcset=\"https:\/\/explora.cl\/rmnorte\/wp-content\/uploads\/sites\/11\/2021\/11\/Micro-H\u00e9roes-y-Villanos.png 792w, https:\/\/explora.cl\/rmnorte\/wp-content\/uploads\/sites\/11\/2021\/11\/Micro-H\u00e9roes-y-Villanos-300x232.png 300w, https:\/\/explora.cl\/rmnorte\/wp-content\/uploads\/sites\/11\/2021\/11\/Micro-H\u00e9roes-y-Villanos-768x593.png 768w\" sizes=\"(max-width: 360px) 100vw, 360px\" \/><figcaption id=\"caption-attachment-41017\" class=\"wp-caption-text\">Docente: Tatiana Soto y estudiante Aylin Hidalgo<\/figcaption><\/figure>\n<p>\u201cEste tipo de actividades es un gran espacio donde se puede desarrollar la ciencia escolar y formaci\u00f3n cient\u00edfico &#8211; tecnol\u00f3gico de los estudiantes y permite adquirir un aprendizaje activo para llevar acabo sus proyectos. Es una gran oportunidad donde pueden mostrar sus ideas, creatividad, capacidades y sus habilidades, as\u00ed como aportan soluciones innovadoras a las problem\u00e1ticas en la educaci\u00f3n sanitaria, social y ambiental\u201d coment\u00f3 la docente Tatiana Soto, del colegio Homeschooling OverComer, proyecto de investigaci\u00f3n \u201cMicro H\u00e9roes y Villanos\u201d.<\/p>\n<p>En esta misma l\u00ednea, Aylin Hidalgo de 17 a\u00f1os, ilustradora del proyecto \u201cMicro H\u00e9roes y Villanos\u201d explic\u00f3 que su investigaci\u00f3n invita a la comunidad a unirse a la vanguardia de la nueva era \u201cPensamiento Visual\u201d ya que estas nuevas generaciones primero piensan en im\u00e1genes y luego en palabras, por lo tanto, buscamos acercar la ciencia de los microorganismos de una forma did\u00e1ctica.<\/p>\n<figure id=\"attachment_41018\" aria-describedby=\"caption-attachment-41018\" style=\"width: 360px\" class=\"wp-caption alignleft\"><img decoding=\"async\" class=\"wp-image-41018\" src=\"https:\/\/explora.cl\/rmnorte\/wp-content\/uploads\/sites\/11\/2021\/11\/Instituto-Alonso-de-Ercilla.png\" alt=\"De izquierda a derecha: Sof\u00eda V\u00e1squez y Mar\u00eda Ignacia\" width=\"360\" height=\"278\" srcset=\"https:\/\/explora.cl\/rmnorte\/wp-content\/uploads\/sites\/11\/2021\/11\/Instituto-Alonso-de-Ercilla.png 792w, https:\/\/explora.cl\/rmnorte\/wp-content\/uploads\/sites\/11\/2021\/11\/Instituto-Alonso-de-Ercilla-300x232.png 300w, https:\/\/explora.cl\/rmnorte\/wp-content\/uploads\/sites\/11\/2021\/11\/Instituto-Alonso-de-Ercilla-768x593.png 768w\" sizes=\"(max-width: 360px) 100vw, 360px\" \/><figcaption id=\"caption-attachment-41018\" class=\"wp-caption-text\">De izquierda a derecha: Sof\u00eda V\u00e1squez y Mar\u00eda Ignacia<\/figcaption><\/figure>\n<p>Por otro lado, Sof\u00eda V\u00e1squez del Instituto Alonso de Ercilla, coment\u00f3 que la propuesta de su equipo de investigaci\u00f3n se basa en la elaboraci\u00f3n de un alcohol gel casero, utilizando residuos org\u00e1nicos de frutas. \u201cEsto permitir\u00e1 contribuir a reducir el impacto medioambiental y aprovechar de mejor forma los productos naturales y remplazar los artificiales\u201d.<\/p>\n<p>Mar\u00eda Ignacia compa\u00f1era de proyecto del mismo instituto destac\u00f3 \u201ces un honor participar en este programa y poder compartir nuestro proyecto con otros estudiantes y tambi\u00e9n siento que es muy importante conocer las opiniones e ideas de otros compa\u00f1eros y grupos de trabajo\u201d.<\/p>\n<p>Conseguir soluciones a las problem\u00e1ticas m\u00e1s comunes de la comunidad, es uno de los desaf\u00edos y objetivos fundamentales de los estudiantes participantes en Congreso Nacional, en este sentido y siendo conocedores de la situaci\u00f3n sanitaria del mundo, el equipo de investigaci\u00f3n del Colegio La Virgen de Pompeya de las Condes propuso elaborar mascarillas desechables a partir del almid\u00f3n de pl\u00e1tanos.<\/p>\n<p>\u201cPara ello los estudiantes recolectaron las c\u00e1scaras de pl\u00e1tano, obtuvieron el almid\u00f3n, lo secaron, trituraron y mezclaron con glicerina y otros componentes naturales. Por ahora, los estudiantes solo lograron desarrollar el prototipo, pero se espera poder realizar la mascarilla como corresponde y probar la duraci\u00f3n y respetabilidad y otros factores que quedaron pendientes\u201d explic\u00f3 Mariangel C\u00e1diz, profesora de Biolog\u00eda del equipo \u201cMascarillas de biopl\u00e1stico\u201d.<\/p>\n<p><img decoding=\"async\" class=\"wp-image-41019 alignleft\" src=\"https:\/\/explora.cl\/rmnorte\/wp-content\/uploads\/sites\/11\/2021\/11\/Benjam\u00edn_2.png\" alt=\"\" width=\"343\" height=\"429\" srcset=\"https:\/\/explora.cl\/rmnorte\/wp-content\/uploads\/sites\/11\/2021\/11\/Benjam\u00edn_2.png 313w, https:\/\/explora.cl\/rmnorte\/wp-content\/uploads\/sites\/11\/2021\/11\/Benjam\u00edn_2-240x300.png 240w\" sizes=\"(max-width: 343px) 100vw, 343px\" \/>Para finalizar, Benjam\u00edn Aguilera de 15 a\u00f1os e integrante del equipo de investigaci\u00f3n del Colegio La Virgen de Pompeya de las Condes dijo \u201cMe siento muy emocionado por ser parte de esta iniciativa, considero que esta actividad es un momento \u00fanico en la vida en donde podr\u00e1s conocer a acad\u00e9micos, cient\u00edficos especializados y a otros j\u00f3venes investigadores como yo, y nos permite conocer c\u00f3mo son, c\u00f3mo act\u00faan y en que se encuentran trabajando para seguir mejorando\u201d.<\/p>\n<p>Tambi\u00e9n agreg\u00f3 que le gustar\u00eda que m\u00e1s estudiantes se animaran a participar y exponer sus proyectos, \u201cdesde el inicio ha sido una gran experiencia gratificante para m\u00ed y mis compa\u00f1eras, hemos pasado por diversas etapas y problemas hasta llegar a donde estamos hoy\u201d.<\/p>\n<p>Explora RM Norte, es un proyecto asociativo liderado por la Universidad de Chile a trav\u00e9s de la Facultad de Ciencias Qu\u00edmicas y Farmac\u00e9uticas y su unidad ejecutora es el Centro Avanzado de Enfermedades Cr\u00f3nicas (ACCDiS).<\/p>\n","protected":false},"excerpt":{"rendered":"<p>M\u00e1s de 70 proyectos cient\u00edficos participaron en la iniciativa Investigaci\u00f3n e Innovaci\u00f3n Escolar 2021- Clubes Cient\u00edficos Escolares, de los cuales 29 forman parte del Congreso Regional del Proyecto Explora Regi\u00f3n Metropolitana Norte del Ministerio de Ciencia, Tecnolog\u00eda, Conocimiento e Innovaci\u00f3n. El Congreso Nacional, re\u00fane a estudiantes de\u00a05\u00b0 b\u00e1sico y 4\u00b0 a\u00f1o medio para exponer sus [&hellip;]<\/p>\n","protected":false},"author":26,"featured_media":41016,"comment_status":"open","ping_status":"open","sticky":false,"template":"","format":"standard","meta":{"_acf_changed":false,"_exactmetrics_skip_tracking":false,"_exactmetrics_sitenote_active":false,"_exactmetrics_sitenote_note":"","_exactmetrics_sitenote_category":0,"footnotes":"","_links_to":"","_links_to_target":""},"categories":[4],"tags":[],"class_list":["post-41013","post","type-post","status-publish","format-standard","has-post-thumbnail","hentry","category-noticias"],"acf":[],"yoast_head":"<!-- This site is optimized with the Yoast SEO plugin v26.9 - https:\/\/yoast.com\/product\/yoast-seo-wordpress\/ -->\n<title>De Clubes Cient\u00edficos Escolares al Congreso Regional Explora RM Norte - RM Norte<\/title>\n<meta name=\"robots\" content=\"index, follow, max-snippet:-1, max-image-preview:large, max-video-preview:-1\" \/>\n<link rel=\"canonical\" href=\"https:\/\/explora.cl\/rmnorte\/de-clubes-cientificos-escolares-al-congreso-regional-explora-rm-norte-2\/\" class=\"yoast-seo-meta-tag\" \/>\n<meta property=\"og:locale\" content=\"es_ES\" class=\"yoast-seo-meta-tag\" \/>\n<meta property=\"og:type\" content=\"article\" class=\"yoast-seo-meta-tag\" \/>\n<meta property=\"og:title\" content=\"De Clubes Cient\u00edficos Escolares al Congreso Regional Explora RM Norte - RM Norte\" class=\"yoast-seo-meta-tag\" \/>\n<meta property=\"og:description\" content=\"M\u00e1s de 70 proyectos cient\u00edficos participaron en la iniciativa Investigaci\u00f3n e Innovaci\u00f3n Escolar 2021- Clubes Cient\u00edficos Escolares, de los cuales 29 forman parte del Congreso Regional del Proyecto Explora Regi\u00f3n Metropolitana Norte del Ministerio de Ciencia, Tecnolog\u00eda, Conocimiento e Innovaci\u00f3n. El Congreso Nacional, re\u00fane a estudiantes de\u00a05\u00b0 b\u00e1sico y 4\u00b0 a\u00f1o medio para exponer sus [&hellip;]\" class=\"yoast-seo-meta-tag\" \/>\n<meta property=\"og:url\" content=\"https:\/\/explora.cl\/rmnorte\/de-clubes-cientificos-escolares-al-congreso-regional-explora-rm-norte-2\/\" class=\"yoast-seo-meta-tag\" \/>\n<meta property=\"og:site_name\" content=\"RM Norte\" class=\"yoast-seo-meta-tag\" \/>\n<meta property=\"article:published_time\" content=\"2021-11-10T16:14:33+00:00\" class=\"yoast-seo-meta-tag\" \/>\n<meta property=\"article:modified_time\" content=\"2021-11-24T20:42:32+00:00\" class=\"yoast-seo-meta-tag\" \/>\n<meta property=\"og:image\" content=\"https:\/\/explora.cl\/rmnorte\/wp-content\/uploads\/sites\/11\/2021\/11\/pexels-photo-5726837.jpeg\" class=\"yoast-seo-meta-tag\" \/>\n\t<meta property=\"og:image:width\" content=\"1880\" class=\"yoast-seo-meta-tag\" \/>\n\t<meta property=\"og:image:height\" content=\"1058\" class=\"yoast-seo-meta-tag\" \/>\n\t<meta property=\"og:image:type\" content=\"image\/jpeg\" class=\"yoast-seo-meta-tag\" \/>\n<meta name=\"author\" content=\"dgarcia\" class=\"yoast-seo-meta-tag\" \/>\n<meta name=\"twitter:card\" content=\"summary_large_image\" class=\"yoast-seo-meta-tag\" \/>\n<meta name=\"twitter:label1\" content=\"Escrito por\" class=\"yoast-seo-meta-tag\" \/>\n\t<meta name=\"twitter:data1\" content=\"dgarcia\" class=\"yoast-seo-meta-tag\" \/>\n\t<meta name=\"twitter:label2\" content=\"Tiempo estimado de lectura\" class=\"yoast-seo-meta-tag\" \/>\n\t<meta name=\"twitter:data2\" content=\"4 minutos\" class=\"yoast-seo-meta-tag\" \/>\n<script type=\"application\/ld+json\" class=\"yoast-schema-graph\">{\"@context\":\"https:\/\/schema.org\",\"@graph\":[{\"@type\":\"Article\",\"@id\":\"https:\/\/explora.cl\/rmnorte\/de-clubes-cientificos-escolares-al-congreso-regional-explora-rm-norte-2\/#article\",\"isPartOf\":{\"@id\":\"https:\/\/explora.cl\/rmnorte\/de-clubes-cientificos-escolares-al-congreso-regional-explora-rm-norte-2\/\"},\"author\":{\"name\":\"dgarcia\",\"@id\":\"https:\/\/explora.cl\/rmnorte\/#\/schema\/person\/4ad985b29a183eab4170892260e133a5\"},\"headline\":\"De Clubes Cient\u00edficos Escolares al Congreso Regional Explora RM Norte\",\"datePublished\":\"2021-11-10T16:14:33+00:00\",\"dateModified\":\"2021-11-24T20:42:32+00:00\",\"mainEntityOfPage\":{\"@id\":\"https:\/\/explora.cl\/rmnorte\/de-clubes-cientificos-escolares-al-congreso-regional-explora-rm-norte-2\/\"},\"wordCount\":769,\"commentCount\":0,\"image\":{\"@id\":\"https:\/\/explora.cl\/rmnorte\/de-clubes-cientificos-escolares-al-congreso-regional-explora-rm-norte-2\/#primaryimage\"},\"thumbnailUrl\":\"https:\/\/explora.cl\/rmnorte\/wp-content\/uploads\/sites\/11\/2021\/11\/pexels-photo-5726837.jpeg\",\"articleSection\":[\"Noticias\"],\"inLanguage\":\"es-CL\",\"potentialAction\":[{\"@type\":\"CommentAction\",\"name\":\"Comment\",\"target\":[\"https:\/\/explora.cl\/rmnorte\/de-clubes-cientificos-escolares-al-congreso-regional-explora-rm-norte-2\/#respond\"]}]},{\"@type\":\"WebPage\",\"@id\":\"https:\/\/explora.cl\/rmnorte\/de-clubes-cientificos-escolares-al-congreso-regional-explora-rm-norte-2\/\",\"url\":\"https:\/\/explora.cl\/rmnorte\/de-clubes-cientificos-escolares-al-congreso-regional-explora-rm-norte-2\/\",\"name\":\"De Clubes Cient\u00edficos Escolares al Congreso Regional Explora RM Norte - RM Norte\",\"isPartOf\":{\"@id\":\"https:\/\/explora.cl\/rmnorte\/#website\"},\"primaryImageOfPage\":{\"@id\":\"https:\/\/explora.cl\/rmnorte\/de-clubes-cientificos-escolares-al-congreso-regional-explora-rm-norte-2\/#primaryimage\"},\"image\":{\"@id\":\"https:\/\/explora.cl\/rmnorte\/de-clubes-cientificos-escolares-al-congreso-regional-explora-rm-norte-2\/#primaryimage\"},\"thumbnailUrl\":\"https:\/\/explora.cl\/rmnorte\/wp-content\/uploads\/sites\/11\/2021\/11\/pexels-photo-5726837.jpeg\",\"datePublished\":\"2021-11-10T16:14:33+00:00\",\"dateModified\":\"2021-11-24T20:42:32+00:00\",\"author\":{\"@id\":\"https:\/\/explora.cl\/rmnorte\/#\/schema\/person\/4ad985b29a183eab4170892260e133a5\"},\"breadcrumb\":{\"@id\":\"https:\/\/explora.cl\/rmnorte\/de-clubes-cientificos-escolares-al-congreso-regional-explora-rm-norte-2\/#breadcrumb\"},\"inLanguage\":\"es-CL\",\"potentialAction\":[{\"@type\":\"ReadAction\",\"target\":[\"https:\/\/explora.cl\/rmnorte\/de-clubes-cientificos-escolares-al-congreso-regional-explora-rm-norte-2\/\"]}]},{\"@type\":\"ImageObject\",\"inLanguage\":\"es-CL\",\"@id\":\"https:\/\/explora.cl\/rmnorte\/de-clubes-cientificos-escolares-al-congreso-regional-explora-rm-norte-2\/#primaryimage\",\"url\":\"https:\/\/explora.cl\/rmnorte\/wp-content\/uploads\/sites\/11\/2021\/11\/pexels-photo-5726837.jpeg\",\"contentUrl\":\"https:\/\/explora.cl\/rmnorte\/wp-content\/uploads\/sites\/11\/2021\/11\/pexels-photo-5726837.jpeg\",\"width\":1880,\"height\":1058},{\"@type\":\"BreadcrumbList\",\"@id\":\"https:\/\/explora.cl\/rmnorte\/de-clubes-cientificos-escolares-al-congreso-regional-explora-rm-norte-2\/#breadcrumb\",\"itemListElement\":[{\"@type\":\"ListItem\",\"position\":1,\"name\":\"Portada\",\"item\":\"https:\/\/explora.cl\/rmnorte\/\"},{\"@type\":\"ListItem\",\"position\":2,\"name\":\"De Clubes Cient\u00edficos Escolares al Congreso Regional Explora RM Norte\"}]},{\"@type\":\"WebSite\",\"@id\":\"https:\/\/explora.cl\/rmnorte\/#website\",\"url\":\"https:\/\/explora.cl\/rmnorte\/\",\"name\":\"RM Norte\",\"description\":\"RM Norte explora.cl\",\"potentialAction\":[{\"@type\":\"SearchAction\",\"target\":{\"@type\":\"EntryPoint\",\"urlTemplate\":\"https:\/\/explora.cl\/rmnorte\/?s={search_term_string}\"},\"query-input\":{\"@type\":\"PropertyValueSpecification\",\"valueRequired\":true,\"valueName\":\"search_term_string\"}}],\"inLanguage\":\"es-CL\"},{\"@type\":\"Person\",\"@id\":\"https:\/\/explora.cl\/rmnorte\/#\/schema\/person\/4ad985b29a183eab4170892260e133a5\",\"name\":\"dgarcia\",\"image\":{\"@type\":\"ImageObject\",\"inLanguage\":\"es-CL\",\"@id\":\"https:\/\/explora.cl\/rmnorte\/#\/schema\/person\/image\/\",\"url\":\"https:\/\/secure.gravatar.com\/avatar\/06e2fd9f68a0c19cd669ddc183de83489acab601aa57958e0f60175e5013e6b7?s=96&d=mm&r=g\",\"contentUrl\":\"https:\/\/secure.gravatar.com\/avatar\/06e2fd9f68a0c19cd669ddc183de83489acab601aa57958e0f60175e5013e6b7?s=96&d=mm&r=g\",\"caption\":\"dgarcia\"},\"url\":\"https:\/\/explora.cl\/rmnorte\/author\/dgarcia\/\"}]}<\/script>\n<!-- \/ Yoast SEO plugin. -->","yoast_head_json":{"title":"De Clubes Cient\u00edficos Escolares al Congreso Regional Explora RM Norte - RM Norte","robots":{"index":"index","follow":"follow","max-snippet":"max-snippet:-1","max-image-preview":"max-image-preview:large","max-video-preview":"max-video-preview:-1"},"canonical":"https:\/\/explora.cl\/rmnorte\/de-clubes-cientificos-escolares-al-congreso-regional-explora-rm-norte-2\/","og_locale":"es_ES","og_type":"article","og_title":"De Clubes Cient\u00edficos Escolares al Congreso Regional Explora RM Norte - RM Norte","og_description":"M\u00e1s de 70 proyectos cient\u00edficos participaron en la iniciativa Investigaci\u00f3n e Innovaci\u00f3n Escolar 2021- Clubes Cient\u00edficos Escolares, de los cuales 29 forman parte del Congreso Regional del Proyecto Explora Regi\u00f3n Metropolitana Norte del Ministerio de Ciencia, Tecnolog\u00eda, Conocimiento e Innovaci\u00f3n. El Congreso Nacional, re\u00fane a estudiantes de\u00a05\u00b0 b\u00e1sico y 4\u00b0 a\u00f1o medio para exponer sus [&hellip;]","og_url":"https:\/\/explora.cl\/rmnorte\/de-clubes-cientificos-escolares-al-congreso-regional-explora-rm-norte-2\/","og_site_name":"RM Norte","article_published_time":"2021-11-10T16:14:33+00:00","article_modified_time":"2021-11-24T20:42:32+00:00","og_image":[{"width":1880,"height":1058,"url":"https:\/\/explora.cl\/rmnorte\/wp-content\/uploads\/sites\/11\/2021\/11\/pexels-photo-5726837.jpeg","type":"image\/jpeg"}],"author":"dgarcia","twitter_card":"summary_large_image","twitter_misc":{"Escrito por":"dgarcia","Tiempo estimado de lectura":"4 minutos"},"schema":{"@context":"https:\/\/schema.org","@graph":[{"@type":"Article","@id":"https:\/\/explora.cl\/rmnorte\/de-clubes-cientificos-escolares-al-congreso-regional-explora-rm-norte-2\/#article","isPartOf":{"@id":"https:\/\/explora.cl\/rmnorte\/de-clubes-cientificos-escolares-al-congreso-regional-explora-rm-norte-2\/"},"author":{"name":"dgarcia","@id":"https:\/\/explora.cl\/rmnorte\/#\/schema\/person\/4ad985b29a183eab4170892260e133a5"},"headline":"De Clubes Cient\u00edficos Escolares al Congreso Regional Explora RM Norte","datePublished":"2021-11-10T16:14:33+00:00","dateModified":"2021-11-24T20:42:32+00:00","mainEntityOfPage":{"@id":"https:\/\/explora.cl\/rmnorte\/de-clubes-cientificos-escolares-al-congreso-regional-explora-rm-norte-2\/"},"wordCount":769,"commentCount":0,"image":{"@id":"https:\/\/explora.cl\/rmnorte\/de-clubes-cientificos-escolares-al-congreso-regional-explora-rm-norte-2\/#primaryimage"},"thumbnailUrl":"https:\/\/explora.cl\/rmnorte\/wp-content\/uploads\/sites\/11\/2021\/11\/pexels-photo-5726837.jpeg","articleSection":["Noticias"],"inLanguage":"es-CL","potentialAction":[{"@type":"CommentAction","name":"Comment","target":["https:\/\/explora.cl\/rmnorte\/de-clubes-cientificos-escolares-al-congreso-regional-explora-rm-norte-2\/#respond"]}]},{"@type":"WebPage","@id":"https:\/\/explora.cl\/rmnorte\/de-clubes-cientificos-escolares-al-congreso-regional-explora-rm-norte-2\/","url":"https:\/\/explora.cl\/rmnorte\/de-clubes-cientificos-escolares-al-congreso-regional-explora-rm-norte-2\/","name":"De Clubes Cient\u00edficos Escolares al Congreso Regional Explora RM Norte - RM Norte","isPartOf":{"@id":"https:\/\/explora.cl\/rmnorte\/#website"},"primaryImageOfPage":{"@id":"https:\/\/explora.cl\/rmnorte\/de-clubes-cientificos-escolares-al-congreso-regional-explora-rm-norte-2\/#primaryimage"},"image":{"@id":"https:\/\/explora.cl\/rmnorte\/de-clubes-cientificos-escolares-al-congreso-regional-explora-rm-norte-2\/#primaryimage"},"thumbnailUrl":"https:\/\/explora.cl\/rmnorte\/wp-content\/uploads\/sites\/11\/2021\/11\/pexels-photo-5726837.jpeg","datePublished":"2021-11-10T16:14:33+00:00","dateModified":"2021-11-24T20:42:32+00:00","author":{"@id":"https:\/\/explora.cl\/rmnorte\/#\/schema\/person\/4ad985b29a183eab4170892260e133a5"},"breadcrumb":{"@id":"https:\/\/explora.cl\/rmnorte\/de-clubes-cientificos-escolares-al-congreso-regional-explora-rm-norte-2\/#breadcrumb"},"inLanguage":"es-CL","potentialAction":[{"@type":"ReadAction","target":["https:\/\/explora.cl\/rmnorte\/de-clubes-cientificos-escolares-al-congreso-regional-explora-rm-norte-2\/"]}]},{"@type":"ImageObject","inLanguage":"es-CL","@id":"https:\/\/explora.cl\/rmnorte\/de-clubes-cientificos-escolares-al-congreso-regional-explora-rm-norte-2\/#primaryimage","url":"https:\/\/explora.cl\/rmnorte\/wp-content\/uploads\/sites\/11\/2021\/11\/pexels-photo-5726837.jpeg","contentUrl":"https:\/\/explora.cl\/rmnorte\/wp-content\/uploads\/sites\/11\/2021\/11\/pexels-photo-5726837.jpeg","width":1880,"height":1058},{"@type":"BreadcrumbList","@id":"https:\/\/explora.cl\/rmnorte\/de-clubes-cientificos-escolares-al-congreso-regional-explora-rm-norte-2\/#breadcrumb","itemListElement":[{"@type":"ListItem","position":1,"name":"Portada","item":"https:\/\/explora.cl\/rmnorte\/"},{"@type":"ListItem","position":2,"name":"De Clubes Cient\u00edficos Escolares al Congreso Regional Explora RM Norte"}]},{"@type":"WebSite","@id":"https:\/\/explora.cl\/rmnorte\/#website","url":"https:\/\/explora.cl\/rmnorte\/","name":"RM Norte","description":"RM Norte explora.cl","potentialAction":[{"@type":"SearchAction","target":{"@type":"EntryPoint","urlTemplate":"https:\/\/explora.cl\/rmnorte\/?s={search_term_string}"},"query-input":{"@type":"PropertyValueSpecification","valueRequired":true,"valueName":"search_term_string"}}],"inLanguage":"es-CL"},{"@type":"Person","@id":"https:\/\/explora.cl\/rmnorte\/#\/schema\/person\/4ad985b29a183eab4170892260e133a5","name":"dgarcia","image":{"@type":"ImageObject","inLanguage":"es-CL","@id":"https:\/\/explora.cl\/rmnorte\/#\/schema\/person\/image\/","url":"https:\/\/secure.gravatar.com\/avatar\/06e2fd9f68a0c19cd669ddc183de83489acab601aa57958e0f60175e5013e6b7?s=96&d=mm&r=g","contentUrl":"https:\/\/secure.gravatar.com\/avatar\/06e2fd9f68a0c19cd669ddc183de83489acab601aa57958e0f60175e5013e6b7?s=96&d=mm&r=g","caption":"dgarcia"},"url":"https:\/\/explora.cl\/rmnorte\/author\/dgarcia\/"}]}},"_links":{"self":[{"href":"https:\/\/explora.cl\/rmnorte\/wp-json\/wp\/v2\/posts\/41013","targetHints":{"allow":["GET"]}}],"collection":[{"href":"https:\/\/explora.cl\/rmnorte\/wp-json\/wp\/v2\/posts"}],"about":[{"href":"https:\/\/explora.cl\/rmnorte\/wp-json\/wp\/v2\/types\/post"}],"author":[{"embeddable":true,"href":"https:\/\/explora.cl\/rmnorte\/wp-json\/wp\/v2\/users\/26"}],"replies":[{"embeddable":true,"href":"https:\/\/explora.cl\/rmnorte\/wp-json\/wp\/v2\/comments?post=41013"}],"version-history":[{"count":1,"href":"https:\/\/explora.cl\/rmnorte\/wp-json\/wp\/v2\/posts\/41013\/revisions"}],"predecessor-version":[{"id":41020,"href":"https:\/\/explora.cl\/rmnorte\/wp-json\/wp\/v2\/posts\/41013\/revisions\/41020"}],"wp:featuredmedia":[{"embeddable":true,"href":"https:\/\/explora.cl\/rmnorte\/wp-json\/wp\/v2\/media\/41016"}],"wp:attachment":[{"href":"https:\/\/explora.cl\/rmnorte\/wp-json\/wp\/v2\/media?parent=41013"}],"wp:term":[{"taxonomy":"category","embeddable":true,"href":"https:\/\/explora.cl\/rmnorte\/wp-json\/wp\/v2\/categories?post=41013"},{"taxonomy":"post_tag","embeddable":true,"href":"https:\/\/explora.cl\/rmnorte\/wp-json\/wp\/v2\/tags?post=41013"}],"curies":[{"name":"wp","href":"https:\/\/api.w.org\/{rel}","templated":true}]}}