{"id":40668,"date":"2021-07-14T20:35:44","date_gmt":"2021-07-15T00:35:44","guid":{"rendered":"https:\/\/explora.cl\/rmnorte\/?p=40668"},"modified":"2021-08-12T08:40:32","modified_gmt":"2021-08-12T12:40:32","slug":"conversando-sobre-equidad-de-genero-e-interculturalidad-en-la-nueva-constitucion-2","status":"publish","type":"post","link":"https:\/\/explora.cl\/rmnorte\/conversando-sobre-equidad-de-genero-e-interculturalidad-en-la-nueva-constitucion-2\/","title":{"rendered":"CONVERSANDO SOBRE EQUIDAD DE G\u00c9NERO E INTERCULTURALIDAD EN LA NUEVA CONSTITUCI\u00d3N"},"content":{"rendered":"<h3><strong>El Proyecto Explora Regi\u00f3n Metropolitana Norte del Ministerio de Ciencia, inici\u00f3 su ciclo de conversatorios enmarcados en la iniciativa Ciencia Abierta<\/strong><strong>: Derribando las Fronteras del Conocimiento<\/strong><strong>. En este primer encuentro virtual, se convers\u00f3 sobre la \u201cNueva constituci\u00f3n y sus desaf\u00edos en tem\u00e1ticas de interculturalidad y g\u00e9nero\u201d con dos especialistas del tema, la Dra. Estefan\u00eda Esparza Reyes de la Universidad de la Frontera y Dra. Antonia Rivas Palma del Centro de Estudios Interculturales e Ind\u00edgenas de la PUC. <\/strong><\/h3>\n<p>En el marco del proceso constituyente en Chile y la puesta en marcha de la Convenci\u00f3n Constitucional, la cual tiene como caracter\u00edsticas principales ser paritaria, estar conformada exclusivamente por integrantes electos por la ciudadan\u00eda y que -por primera vez- cuenta con representaci\u00f3n de los pueblos originarios. El pasado 29 de junio, Explora Regi\u00f3n Metropolitana Norte convers\u00f3 con <strong>E<\/strong><strong>stefan\u00eda Esparza,<\/strong> Abogada, Doctora en Derecho Constitucional y acad\u00e9mica de la Universidad de La Frontera, especializada en los derechos fundamentales, los grupos desaventajados, el derecho a la igualdad\u00a0 y la interpretaci\u00f3n constitucional y con <strong>Antonia Rivas, <\/strong>Abogada, Doctora en Antropolog\u00eda especialista en derechos de los pueblos ind\u00edgenas e investigadora adjunta del Centro de Estudios Interculturales e ind\u00edgenas CIIR\/Universidad Cat\u00f3lica de Chile.<\/p>\n<p>Durante el encuentro virtual, ambas especialistas abordaron temas c\u00f3mo el significado e importancia de la constituci\u00f3n para un pa\u00eds, menci\u00f3n o participaci\u00f3n de los pueblos ind\u00edgenas o pueblos originarios en las constituciones de Latinoam\u00e9rica, participaci\u00f3n en igualdad de g\u00e9nero en los procesos constituyentes, entre otros temas importantes.<\/p>\n<p><strong>Reconocimiento de los pueblos ind\u00edgenas en las constituciones <\/strong><\/p>\n<p>\u201cNo todas las constituciones de Latinoam\u00e9rica reconocen a los pueblos ind\u00edgenas, incluyendo a Chile. Sin embargo, existe pa\u00edses como Canad\u00e1, Estados Unidos o pa\u00edses del Caribe que s\u00ed hacen menci\u00f3n, de distinta forma, a la existencia de los pueblos ind\u00edgenas, al menos se reconoce la preexistencia de los pueblos originarios, explic\u00f3 la Dra. Antonia, agregando que tambi\u00e9n existe diferente forma de reconocimientos, por ejemplo hay algunas naciones que reconocen la existencia solamente y otras reconocen su existencia y cierto derechos colectivos enfocados a la identidad y al patrimonio, sin embargo es importante comprender que el simple reconocimiento no resuelve las relaciones entre pueblos ind\u00edgenas y el estado.<\/p>\n<p>Respecto a esta deuda hist\u00f3rica que se tiene con los pueblos ind\u00edgenas, la abogada Antonia opin\u00f3 \u201cA m\u00ed me interesar\u00eda una plurinacionalidad a la chilena, es decir reconocer la diversidad de pueblos ind\u00edgenas en Chile\u201d, explic\u00f3 que actualmente la \u00fanica referencia constitucional que ha tenido Chile con los pueblos ind\u00edgenas, hace referencia a que el Congreso resguardar\u00e1 la civilizaci\u00f3n de los indios del pa\u00eds.<\/p>\n<p><img fetchpriority=\"high\" decoding=\"async\" class=\"wp-image-40669 aligncenter\" src=\"https:\/\/explora.cl\/rmnorte\/wp-content\/uploads\/sites\/11\/2021\/07\/Screenshot_1.jpg\" alt=\"\" width=\"572\" height=\"320\" srcset=\"https:\/\/explora.cl\/rmnorte\/wp-content\/uploads\/sites\/11\/2021\/07\/Screenshot_1.jpg 1888w, https:\/\/explora.cl\/rmnorte\/wp-content\/uploads\/sites\/11\/2021\/07\/Screenshot_1-300x168.jpg 300w, https:\/\/explora.cl\/rmnorte\/wp-content\/uploads\/sites\/11\/2021\/07\/Screenshot_1-768x430.jpg 768w, https:\/\/explora.cl\/rmnorte\/wp-content\/uploads\/sites\/11\/2021\/07\/Screenshot_1-1024x573.jpg 1024w\" sizes=\"(max-width: 572px) 100vw, 572px\" \/><\/p>\n<h2><strong>En cuanto a la participaci\u00f3n de los pueblos ind\u00edgenas, la Dra. Esperanza destac\u00f3 \u201cla visi\u00f3n de los pueblos ind\u00edgenas con la naturaleza son aspectos que se deber\u00edan considerada en la nueva constituci\u00f3n\u201d. <\/strong><\/h2>\n<p><strong>Equidad de g\u00e9nero en todos sus sentidos <\/strong><\/p>\n<p>As\u00ed como los pueblos originarios han sido invisibilizados en nuestra carta fundamental, las mujeres tambi\u00e9n han luchado por d\u00e9cadas para conseguir igualdad de derechos en nuestro pa\u00eds y actualmente se logr\u00f3 el 50% de representaci\u00f3n femenina en la asamblea. Sin embargo, la paridad de g\u00e9nero no s\u00f3lo se trata de hombres y mujeres \u00bfEn esta nueva constituci\u00f3n se deber\u00edan incorporar todo el espectro de g\u00e9nero?<\/p>\n<p>En relaci\u00f3n a esta inquietud, la Dra. Esperanza coment\u00f3, la elaboraci\u00f3n de una nueva constituci\u00f3n es una oportunidad para definir qu\u00e9 clase de sociedad queremos construir, en la cual se deben incorporar a las personas de la diversidad sexual y otros grupos que han sido tradicionalmente excluidos como los discapacitados, ni\u00f1os, ni\u00f1as y adolescentes, es importante comprender que todos los seres humanos somos absolutamente diversos.<\/p>\n<p>Ver conversatorio completo en <a href=\"https:\/\/www.youtube.com\/watch?v=6Pfo3B2KPNg&amp;t=3s\">https:\/\/www.youtube.com\/watch?v=6Pfo3B2KPNg&amp;t=3s<\/a><\/p>\n<p>Explora RM Norte, es un proyecto asociativo liderado por la Universidad de Chile a trav\u00e9s de la Facultad de Ciencias Qu\u00edmicas y Farmac\u00e9uticas y su unidad ejecutora es el Centro Avanzado de Enfermedades Cr\u00f3nicas (ACCDiS).<\/p>\n","protected":false},"excerpt":{"rendered":"<p>El Proyecto Explora Regi\u00f3n Metropolitana Norte del Ministerio de Ciencia, inici\u00f3 su ciclo de conversatorios enmarcados en la iniciativa Ciencia Abierta: Derribando las Fronteras del Conocimiento. En este primer encuentro virtual, se convers\u00f3 sobre la \u201cNueva constituci\u00f3n y sus desaf\u00edos en tem\u00e1ticas de interculturalidad y g\u00e9nero\u201d con dos especialistas del tema, la Dra. Estefan\u00eda Esparza Reyes de la Universidad de la Frontera y Dra. Antonia Rivas Palma del Centro de Estudios Interculturales e Ind\u00edgenas de la PUC.<\/p>\n","protected":false},"author":26,"featured_media":40670,"comment_status":"open","ping_status":"open","sticky":false,"template":"","format":"standard","meta":{"_acf_changed":false,"_exactmetrics_skip_tracking":false,"_exactmetrics_sitenote_active":false,"_exactmetrics_sitenote_note":"","_exactmetrics_sitenote_category":0,"footnotes":"","_links_to":"","_links_to_target":""},"categories":[142],"tags":[],"class_list":["post-40668","post","type-post","status-publish","format-standard","has-post-thumbnail","hentry","category-lugar-7"],"acf":[],"yoast_head":"<!-- This site is optimized with the Yoast SEO plugin v26.9 - https:\/\/yoast.com\/product\/yoast-seo-wordpress\/ -->\n<title>CONVERSANDO SOBRE EQUIDAD DE G\u00c9NERO E INTERCULTURALIDAD EN LA NUEVA CONSTITUCI\u00d3N - RM Norte<\/title>\n<meta name=\"robots\" content=\"index, follow, max-snippet:-1, max-image-preview:large, max-video-preview:-1\" \/>\n<link rel=\"canonical\" href=\"https:\/\/explora.cl\/rmnorte\/conversando-sobre-equidad-de-genero-e-interculturalidad-en-la-nueva-constitucion-2\/\" class=\"yoast-seo-meta-tag\" \/>\n<meta property=\"og:locale\" content=\"es_ES\" class=\"yoast-seo-meta-tag\" \/>\n<meta property=\"og:type\" content=\"article\" class=\"yoast-seo-meta-tag\" \/>\n<meta property=\"og:title\" content=\"CONVERSANDO SOBRE EQUIDAD DE G\u00c9NERO E INTERCULTURALIDAD EN LA NUEVA CONSTITUCI\u00d3N - RM Norte\" class=\"yoast-seo-meta-tag\" \/>\n<meta property=\"og:description\" content=\"El Proyecto Explora Regi\u00f3n Metropolitana Norte del Ministerio de Ciencia, inici\u00f3 su ciclo de conversatorios enmarcados en la iniciativa Ciencia Abierta: Derribando las Fronteras del Conocimiento. En este primer encuentro virtual, se convers\u00f3 sobre la \u201cNueva constituci\u00f3n y sus desaf\u00edos en tem\u00e1ticas de interculturalidad y g\u00e9nero\u201d con dos especialistas del tema, la Dra. Estefan\u00eda Esparza Reyes de la Universidad de la Frontera y Dra. Antonia Rivas Palma del Centro de Estudios Interculturales e Ind\u00edgenas de la PUC.\" class=\"yoast-seo-meta-tag\" \/>\n<meta property=\"og:url\" content=\"https:\/\/explora.cl\/rmnorte\/conversando-sobre-equidad-de-genero-e-interculturalidad-en-la-nueva-constitucion-2\/\" class=\"yoast-seo-meta-tag\" \/>\n<meta property=\"og:site_name\" content=\"RM Norte\" class=\"yoast-seo-meta-tag\" \/>\n<meta property=\"article:published_time\" content=\"2021-07-15T00:35:44+00:00\" class=\"yoast-seo-meta-tag\" \/>\n<meta property=\"article:modified_time\" content=\"2021-08-12T12:40:32+00:00\" class=\"yoast-seo-meta-tag\" \/>\n<meta property=\"og:image\" content=\"https:\/\/explora.cl\/rmnorte\/wp-content\/uploads\/sites\/11\/2021\/07\/Banner_Julio_Nota-1024x621.png\" class=\"yoast-seo-meta-tag\" \/>\n\t<meta property=\"og:image:width\" content=\"1024\" class=\"yoast-seo-meta-tag\" \/>\n\t<meta property=\"og:image:height\" content=\"621\" class=\"yoast-seo-meta-tag\" \/>\n\t<meta property=\"og:image:type\" content=\"image\/png\" class=\"yoast-seo-meta-tag\" \/>\n<meta name=\"author\" content=\"dgarcia\" class=\"yoast-seo-meta-tag\" \/>\n<meta name=\"twitter:card\" content=\"summary_large_image\" class=\"yoast-seo-meta-tag\" \/>\n<meta name=\"twitter:label1\" content=\"Escrito por\" class=\"yoast-seo-meta-tag\" \/>\n\t<meta name=\"twitter:data1\" content=\"dgarcia\" class=\"yoast-seo-meta-tag\" \/>\n\t<meta name=\"twitter:label2\" content=\"Tiempo estimado de lectura\" class=\"yoast-seo-meta-tag\" \/>\n\t<meta name=\"twitter:data2\" content=\"4 minutos\" class=\"yoast-seo-meta-tag\" \/>\n<script type=\"application\/ld+json\" class=\"yoast-schema-graph\">{\"@context\":\"https:\/\/schema.org\",\"@graph\":[{\"@type\":\"Article\",\"@id\":\"https:\/\/explora.cl\/rmnorte\/conversando-sobre-equidad-de-genero-e-interculturalidad-en-la-nueva-constitucion-2\/#article\",\"isPartOf\":{\"@id\":\"https:\/\/explora.cl\/rmnorte\/conversando-sobre-equidad-de-genero-e-interculturalidad-en-la-nueva-constitucion-2\/\"},\"author\":{\"name\":\"dgarcia\",\"@id\":\"https:\/\/explora.cl\/rmnorte\/#\/schema\/person\/4ad985b29a183eab4170892260e133a5\"},\"headline\":\"CONVERSANDO SOBRE EQUIDAD DE G\u00c9NERO E INTERCULTURALIDAD EN LA NUEVA CONSTITUCI\u00d3N\",\"datePublished\":\"2021-07-15T00:35:44+00:00\",\"dateModified\":\"2021-08-12T12:40:32+00:00\",\"mainEntityOfPage\":{\"@id\":\"https:\/\/explora.cl\/rmnorte\/conversando-sobre-equidad-de-genero-e-interculturalidad-en-la-nueva-constitucion-2\/\"},\"wordCount\":723,\"commentCount\":0,\"image\":{\"@id\":\"https:\/\/explora.cl\/rmnorte\/conversando-sobre-equidad-de-genero-e-interculturalidad-en-la-nueva-constitucion-2\/#primaryimage\"},\"thumbnailUrl\":\"https:\/\/explora.cl\/rmnorte\/wp-content\/uploads\/sites\/11\/2021\/07\/Banner_Julio_Nota.png\",\"articleSection\":[\"Lugar 7\"],\"inLanguage\":\"es-CL\",\"potentialAction\":[{\"@type\":\"CommentAction\",\"name\":\"Comment\",\"target\":[\"https:\/\/explora.cl\/rmnorte\/conversando-sobre-equidad-de-genero-e-interculturalidad-en-la-nueva-constitucion-2\/#respond\"]}]},{\"@type\":\"WebPage\",\"@id\":\"https:\/\/explora.cl\/rmnorte\/conversando-sobre-equidad-de-genero-e-interculturalidad-en-la-nueva-constitucion-2\/\",\"url\":\"https:\/\/explora.cl\/rmnorte\/conversando-sobre-equidad-de-genero-e-interculturalidad-en-la-nueva-constitucion-2\/\",\"name\":\"CONVERSANDO SOBRE EQUIDAD DE G\u00c9NERO E INTERCULTURALIDAD EN LA NUEVA CONSTITUCI\u00d3N - RM Norte\",\"isPartOf\":{\"@id\":\"https:\/\/explora.cl\/rmnorte\/#website\"},\"primaryImageOfPage\":{\"@id\":\"https:\/\/explora.cl\/rmnorte\/conversando-sobre-equidad-de-genero-e-interculturalidad-en-la-nueva-constitucion-2\/#primaryimage\"},\"image\":{\"@id\":\"https:\/\/explora.cl\/rmnorte\/conversando-sobre-equidad-de-genero-e-interculturalidad-en-la-nueva-constitucion-2\/#primaryimage\"},\"thumbnailUrl\":\"https:\/\/explora.cl\/rmnorte\/wp-content\/uploads\/sites\/11\/2021\/07\/Banner_Julio_Nota.png\",\"datePublished\":\"2021-07-15T00:35:44+00:00\",\"dateModified\":\"2021-08-12T12:40:32+00:00\",\"author\":{\"@id\":\"https:\/\/explora.cl\/rmnorte\/#\/schema\/person\/4ad985b29a183eab4170892260e133a5\"},\"breadcrumb\":{\"@id\":\"https:\/\/explora.cl\/rmnorte\/conversando-sobre-equidad-de-genero-e-interculturalidad-en-la-nueva-constitucion-2\/#breadcrumb\"},\"inLanguage\":\"es-CL\",\"potentialAction\":[{\"@type\":\"ReadAction\",\"target\":[\"https:\/\/explora.cl\/rmnorte\/conversando-sobre-equidad-de-genero-e-interculturalidad-en-la-nueva-constitucion-2\/\"]}]},{\"@type\":\"ImageObject\",\"inLanguage\":\"es-CL\",\"@id\":\"https:\/\/explora.cl\/rmnorte\/conversando-sobre-equidad-de-genero-e-interculturalidad-en-la-nueva-constitucion-2\/#primaryimage\",\"url\":\"https:\/\/explora.cl\/rmnorte\/wp-content\/uploads\/sites\/11\/2021\/07\/Banner_Julio_Nota.png\",\"contentUrl\":\"https:\/\/explora.cl\/rmnorte\/wp-content\/uploads\/sites\/11\/2021\/07\/Banner_Julio_Nota.png\",\"width\":5276,\"height\":3201},{\"@type\":\"BreadcrumbList\",\"@id\":\"https:\/\/explora.cl\/rmnorte\/conversando-sobre-equidad-de-genero-e-interculturalidad-en-la-nueva-constitucion-2\/#breadcrumb\",\"itemListElement\":[{\"@type\":\"ListItem\",\"position\":1,\"name\":\"Portada\",\"item\":\"https:\/\/explora.cl\/rmnorte\/\"},{\"@type\":\"ListItem\",\"position\":2,\"name\":\"CONVERSANDO SOBRE EQUIDAD DE G\u00c9NERO E INTERCULTURALIDAD EN LA NUEVA CONSTITUCI\u00d3N\"}]},{\"@type\":\"WebSite\",\"@id\":\"https:\/\/explora.cl\/rmnorte\/#website\",\"url\":\"https:\/\/explora.cl\/rmnorte\/\",\"name\":\"RM Norte\",\"description\":\"RM Norte explora.cl\",\"potentialAction\":[{\"@type\":\"SearchAction\",\"target\":{\"@type\":\"EntryPoint\",\"urlTemplate\":\"https:\/\/explora.cl\/rmnorte\/?s={search_term_string}\"},\"query-input\":{\"@type\":\"PropertyValueSpecification\",\"valueRequired\":true,\"valueName\":\"search_term_string\"}}],\"inLanguage\":\"es-CL\"},{\"@type\":\"Person\",\"@id\":\"https:\/\/explora.cl\/rmnorte\/#\/schema\/person\/4ad985b29a183eab4170892260e133a5\",\"name\":\"dgarcia\",\"image\":{\"@type\":\"ImageObject\",\"inLanguage\":\"es-CL\",\"@id\":\"https:\/\/explora.cl\/rmnorte\/#\/schema\/person\/image\/\",\"url\":\"https:\/\/secure.gravatar.com\/avatar\/06e2fd9f68a0c19cd669ddc183de83489acab601aa57958e0f60175e5013e6b7?s=96&d=mm&r=g\",\"contentUrl\":\"https:\/\/secure.gravatar.com\/avatar\/06e2fd9f68a0c19cd669ddc183de83489acab601aa57958e0f60175e5013e6b7?s=96&d=mm&r=g\",\"caption\":\"dgarcia\"},\"url\":\"https:\/\/explora.cl\/rmnorte\/author\/dgarcia\/\"}]}<\/script>\n<!-- \/ Yoast SEO plugin. -->","yoast_head_json":{"title":"CONVERSANDO SOBRE EQUIDAD DE G\u00c9NERO E INTERCULTURALIDAD EN LA NUEVA CONSTITUCI\u00d3N - RM Norte","robots":{"index":"index","follow":"follow","max-snippet":"max-snippet:-1","max-image-preview":"max-image-preview:large","max-video-preview":"max-video-preview:-1"},"canonical":"https:\/\/explora.cl\/rmnorte\/conversando-sobre-equidad-de-genero-e-interculturalidad-en-la-nueva-constitucion-2\/","og_locale":"es_ES","og_type":"article","og_title":"CONVERSANDO SOBRE EQUIDAD DE G\u00c9NERO E INTERCULTURALIDAD EN LA NUEVA CONSTITUCI\u00d3N - RM Norte","og_description":"El Proyecto Explora Regi\u00f3n Metropolitana Norte del Ministerio de Ciencia, inici\u00f3 su ciclo de conversatorios enmarcados en la iniciativa Ciencia Abierta: Derribando las Fronteras del Conocimiento. En este primer encuentro virtual, se convers\u00f3 sobre la \u201cNueva constituci\u00f3n y sus desaf\u00edos en tem\u00e1ticas de interculturalidad y g\u00e9nero\u201d con dos especialistas del tema, la Dra. Estefan\u00eda Esparza Reyes de la Universidad de la Frontera y Dra. Antonia Rivas Palma del Centro de Estudios Interculturales e Ind\u00edgenas de la PUC.","og_url":"https:\/\/explora.cl\/rmnorte\/conversando-sobre-equidad-de-genero-e-interculturalidad-en-la-nueva-constitucion-2\/","og_site_name":"RM Norte","article_published_time":"2021-07-15T00:35:44+00:00","article_modified_time":"2021-08-12T12:40:32+00:00","og_image":[{"width":1024,"height":621,"url":"https:\/\/explora.cl\/rmnorte\/wp-content\/uploads\/sites\/11\/2021\/07\/Banner_Julio_Nota-1024x621.png","type":"image\/png"}],"author":"dgarcia","twitter_card":"summary_large_image","twitter_misc":{"Escrito por":"dgarcia","Tiempo estimado de lectura":"4 minutos"},"schema":{"@context":"https:\/\/schema.org","@graph":[{"@type":"Article","@id":"https:\/\/explora.cl\/rmnorte\/conversando-sobre-equidad-de-genero-e-interculturalidad-en-la-nueva-constitucion-2\/#article","isPartOf":{"@id":"https:\/\/explora.cl\/rmnorte\/conversando-sobre-equidad-de-genero-e-interculturalidad-en-la-nueva-constitucion-2\/"},"author":{"name":"dgarcia","@id":"https:\/\/explora.cl\/rmnorte\/#\/schema\/person\/4ad985b29a183eab4170892260e133a5"},"headline":"CONVERSANDO SOBRE EQUIDAD DE G\u00c9NERO E INTERCULTURALIDAD EN LA NUEVA CONSTITUCI\u00d3N","datePublished":"2021-07-15T00:35:44+00:00","dateModified":"2021-08-12T12:40:32+00:00","mainEntityOfPage":{"@id":"https:\/\/explora.cl\/rmnorte\/conversando-sobre-equidad-de-genero-e-interculturalidad-en-la-nueva-constitucion-2\/"},"wordCount":723,"commentCount":0,"image":{"@id":"https:\/\/explora.cl\/rmnorte\/conversando-sobre-equidad-de-genero-e-interculturalidad-en-la-nueva-constitucion-2\/#primaryimage"},"thumbnailUrl":"https:\/\/explora.cl\/rmnorte\/wp-content\/uploads\/sites\/11\/2021\/07\/Banner_Julio_Nota.png","articleSection":["Lugar 7"],"inLanguage":"es-CL","potentialAction":[{"@type":"CommentAction","name":"Comment","target":["https:\/\/explora.cl\/rmnorte\/conversando-sobre-equidad-de-genero-e-interculturalidad-en-la-nueva-constitucion-2\/#respond"]}]},{"@type":"WebPage","@id":"https:\/\/explora.cl\/rmnorte\/conversando-sobre-equidad-de-genero-e-interculturalidad-en-la-nueva-constitucion-2\/","url":"https:\/\/explora.cl\/rmnorte\/conversando-sobre-equidad-de-genero-e-interculturalidad-en-la-nueva-constitucion-2\/","name":"CONVERSANDO SOBRE EQUIDAD DE G\u00c9NERO E INTERCULTURALIDAD EN LA NUEVA CONSTITUCI\u00d3N - RM Norte","isPartOf":{"@id":"https:\/\/explora.cl\/rmnorte\/#website"},"primaryImageOfPage":{"@id":"https:\/\/explora.cl\/rmnorte\/conversando-sobre-equidad-de-genero-e-interculturalidad-en-la-nueva-constitucion-2\/#primaryimage"},"image":{"@id":"https:\/\/explora.cl\/rmnorte\/conversando-sobre-equidad-de-genero-e-interculturalidad-en-la-nueva-constitucion-2\/#primaryimage"},"thumbnailUrl":"https:\/\/explora.cl\/rmnorte\/wp-content\/uploads\/sites\/11\/2021\/07\/Banner_Julio_Nota.png","datePublished":"2021-07-15T00:35:44+00:00","dateModified":"2021-08-12T12:40:32+00:00","author":{"@id":"https:\/\/explora.cl\/rmnorte\/#\/schema\/person\/4ad985b29a183eab4170892260e133a5"},"breadcrumb":{"@id":"https:\/\/explora.cl\/rmnorte\/conversando-sobre-equidad-de-genero-e-interculturalidad-en-la-nueva-constitucion-2\/#breadcrumb"},"inLanguage":"es-CL","potentialAction":[{"@type":"ReadAction","target":["https:\/\/explora.cl\/rmnorte\/conversando-sobre-equidad-de-genero-e-interculturalidad-en-la-nueva-constitucion-2\/"]}]},{"@type":"ImageObject","inLanguage":"es-CL","@id":"https:\/\/explora.cl\/rmnorte\/conversando-sobre-equidad-de-genero-e-interculturalidad-en-la-nueva-constitucion-2\/#primaryimage","url":"https:\/\/explora.cl\/rmnorte\/wp-content\/uploads\/sites\/11\/2021\/07\/Banner_Julio_Nota.png","contentUrl":"https:\/\/explora.cl\/rmnorte\/wp-content\/uploads\/sites\/11\/2021\/07\/Banner_Julio_Nota.png","width":5276,"height":3201},{"@type":"BreadcrumbList","@id":"https:\/\/explora.cl\/rmnorte\/conversando-sobre-equidad-de-genero-e-interculturalidad-en-la-nueva-constitucion-2\/#breadcrumb","itemListElement":[{"@type":"ListItem","position":1,"name":"Portada","item":"https:\/\/explora.cl\/rmnorte\/"},{"@type":"ListItem","position":2,"name":"CONVERSANDO SOBRE EQUIDAD DE G\u00c9NERO E INTERCULTURALIDAD EN LA NUEVA CONSTITUCI\u00d3N"}]},{"@type":"WebSite","@id":"https:\/\/explora.cl\/rmnorte\/#website","url":"https:\/\/explora.cl\/rmnorte\/","name":"RM Norte","description":"RM Norte explora.cl","potentialAction":[{"@type":"SearchAction","target":{"@type":"EntryPoint","urlTemplate":"https:\/\/explora.cl\/rmnorte\/?s={search_term_string}"},"query-input":{"@type":"PropertyValueSpecification","valueRequired":true,"valueName":"search_term_string"}}],"inLanguage":"es-CL"},{"@type":"Person","@id":"https:\/\/explora.cl\/rmnorte\/#\/schema\/person\/4ad985b29a183eab4170892260e133a5","name":"dgarcia","image":{"@type":"ImageObject","inLanguage":"es-CL","@id":"https:\/\/explora.cl\/rmnorte\/#\/schema\/person\/image\/","url":"https:\/\/secure.gravatar.com\/avatar\/06e2fd9f68a0c19cd669ddc183de83489acab601aa57958e0f60175e5013e6b7?s=96&d=mm&r=g","contentUrl":"https:\/\/secure.gravatar.com\/avatar\/06e2fd9f68a0c19cd669ddc183de83489acab601aa57958e0f60175e5013e6b7?s=96&d=mm&r=g","caption":"dgarcia"},"url":"https:\/\/explora.cl\/rmnorte\/author\/dgarcia\/"}]}},"_links":{"self":[{"href":"https:\/\/explora.cl\/rmnorte\/wp-json\/wp\/v2\/posts\/40668","targetHints":{"allow":["GET"]}}],"collection":[{"href":"https:\/\/explora.cl\/rmnorte\/wp-json\/wp\/v2\/posts"}],"about":[{"href":"https:\/\/explora.cl\/rmnorte\/wp-json\/wp\/v2\/types\/post"}],"author":[{"embeddable":true,"href":"https:\/\/explora.cl\/rmnorte\/wp-json\/wp\/v2\/users\/26"}],"replies":[{"embeddable":true,"href":"https:\/\/explora.cl\/rmnorte\/wp-json\/wp\/v2\/comments?post=40668"}],"version-history":[{"count":1,"href":"https:\/\/explora.cl\/rmnorte\/wp-json\/wp\/v2\/posts\/40668\/revisions"}],"predecessor-version":[{"id":40671,"href":"https:\/\/explora.cl\/rmnorte\/wp-json\/wp\/v2\/posts\/40668\/revisions\/40671"}],"wp:featuredmedia":[{"embeddable":true,"href":"https:\/\/explora.cl\/rmnorte\/wp-json\/wp\/v2\/media\/40670"}],"wp:attachment":[{"href":"https:\/\/explora.cl\/rmnorte\/wp-json\/wp\/v2\/media?parent=40668"}],"wp:term":[{"taxonomy":"category","embeddable":true,"href":"https:\/\/explora.cl\/rmnorte\/wp-json\/wp\/v2\/categories?post=40668"},{"taxonomy":"post_tag","embeddable":true,"href":"https:\/\/explora.cl\/rmnorte\/wp-json\/wp\/v2\/tags?post=40668"}],"curies":[{"name":"wp","href":"https:\/\/api.w.org\/{rel}","templated":true}]}}