{"id":40329,"date":"2021-01-22T15:47:01","date_gmt":"2021-01-22T18:47:01","guid":{"rendered":"https:\/\/explora.cl\/rmnorte\/?p=40329"},"modified":"2021-03-26T16:13:01","modified_gmt":"2021-03-26T19:13:01","slug":"igualmente-sabias-la-otra-faceta-de-las-mujeres-cientificas-2","status":"publish","type":"post","link":"https:\/\/explora.cl\/rmnorte\/igualmente-sabias-la-otra-faceta-de-las-mujeres-cientificas-2\/","title":{"rendered":"Igualmente sabias, la otra faceta de las mujeres cient\u00edficas"},"content":{"rendered":"<h3><strong>La reducci\u00f3n de la brecha de g\u00e9nero en ciencia, tecnolog\u00eda e innovaci\u00f3n requiere del esfuerzo y la autoconfianza de las ni\u00f1as y mujeres que se apasionan por estas \u00e1reas. En Chile, tenemos muchas mujeres destacadas en diversas \u00e1reas cient\u00edficas, es el caso de la paleont\u00f3loga Judith Pardo y la ge\u00f3loga Millarca Valenzuela, dos de las doce cient\u00edficas que forman parte de la exposici\u00f3n \u201cIgualmente Sabias\u201d organizada por Explora RM Norte, cuyo objetivo es mostrar otras facetas de la vida de estas investigadoras y motivar a m\u00e1s ni\u00f1as, j\u00f3venes y mujeres a dedicarse a las ciencias y romper la brecha de g\u00e9nero presente en estas \u00e1reas.<\/strong><\/h3>\n<p>La reducci\u00f3n de la brecha entre hombres y mujeres en las \u00e1reas de ciencia, tecnolog\u00eda e innovaci\u00f3n es uno de los temas relevantes en el desarrollo de la sociedad. En Chile, seg\u00fan el \u00faltimo <u><a href=\"blank\">informe<\/a><\/u> de la Agencia Nacional de investigaci\u00f3n y Desarrollo publicadas en diciembre del a\u00f1o 2020, el cual re\u00fane datos desde el 2010 al 2019, inform\u00f3 que la proporci\u00f3n de mujeres tituladas se redujo en 4,5% en carreras cient\u00edficas y un 2,5% en ingenier\u00eda, tomando como punto de comparaci\u00f3n el a\u00f1o 2018 con el con el 2009. Y respecto a las matr\u00edculas en programas de doctorado en estos \u00faltimos 10 a\u00f1os, ha fluctuado entre un 40% a 46%, aunque en magister al a\u00f1o 2019 la matr\u00edcula de mujeres alcanz\u00f3 un 50%. Seg\u00fan estos datos, a Chile a\u00fan le falta un trecho para reducir la brecha de g\u00e9nero en estas \u00e1reas.<\/p>\n<p>A pesar ello, nuestro pa\u00eds cuenta con grandes mujeres brillantes, destacadas y respetadas entre sus pares, enfocadas en diversas \u00e1reas del conocimiento como antropolog\u00eda, f\u00edsica, astronom\u00eda, biolog\u00eda, tecnolog\u00eda, epidemiolog\u00eda e innovaci\u00f3n.<\/p>\n<p><strong>Igualmente mujeres<\/strong><\/p>\n<p>Pareciera que estas mujeres excepcionales fueran estrellas inalcanzables de otra galaxia, pero no es as\u00ed, por esto, con el fin de conocerlas y acercarlas al p\u00fablico general, la exposici\u00f3n \u201cIgualmente Sabias\u201d organizada por Proyecto Asociativo Regional Regi\u00f3n Metropolitana Norte de Explora, del Ministerio de Ciencia, Tecnolog\u00eda, Conocimiento e Innovaci\u00f3n,\u00a0liderado por la Universidad de Chile a trav\u00e9s de la Facultad de Cs. Qu\u00edmicas y Farmac\u00e9uticas y su unidad ejecutora el Centro Avanzado de Enfermedades Cr\u00f3nicas (ACCDiS) muestra algo m\u00e1s all\u00e1 que sus trabajos cient\u00edficos, la exposici\u00f3n nos acerca a sus sue\u00f1os, gustos, recuerdos y esencia de cada una de ellas. etc., Sirviendo como fuente de inspiraci\u00f3n y motivaci\u00f3n para todas las mujeres y ni\u00f1as que deseen dedicarse a las ciencias y de contribuir con la reducci\u00f3n de la brecha de g\u00e9nero equiparando la estad\u00edstica en estas \u00e1reas.<\/p>\n<p>Una de las doce cient\u00edficas de la exposici\u00f3n es Judith Pardo, bi\u00f3loga y paleont\u00f3loga chilena, quien durante el desarrollo de su tesis de doctorado descubri\u00f3 f\u00f3siles de ictiosaurios pertenecientes al per\u00edodo Cret\u00e1cico en el glaciar Tyndall de Torres del Paine quien realiza expediciones en la Patagonia en colaboraci\u00f3n con colegas y amigos, quienes la ayudan en la b\u00fasqueda y excavaci\u00f3n. Otra de las cient\u00edficas destacadas es Millarca Valenzuela, ge\u00f3loga chilena experta en meteoritos, quien recibi\u00f3 un reconocimiento por su trabajo y gracias a su contribuci\u00f3n en el \u00e1rea, el\u00a0<a href=\"https:\/\/es.wikipedia.org\/wiki\/(11819)_Millarca\">asteroide 11819<\/a>\u00a0fue bautizado como Millarca.<\/p>\n<p><strong>Curiosas desde siempre<\/strong><\/p>\n<figure id=\"attachment_40330\" aria-describedby=\"caption-attachment-40330\" style=\"width: 333px\" class=\"wp-caption alignright\"><img fetchpriority=\"high\" decoding=\"async\" class=\"wp-image-40330\" src=\"https:\/\/explora.cl\/rmnorte\/wp-content\/uploads\/sites\/11\/2021\/01\/JPardoPe\u0301rez1.jpg\" alt=\"\" width=\"333\" height=\"250\" srcset=\"https:\/\/explora.cl\/rmnorte\/wp-content\/uploads\/sites\/11\/2021\/01\/JPardoPe\u0301rez1.jpg 1280w, https:\/\/explora.cl\/rmnorte\/wp-content\/uploads\/sites\/11\/2021\/01\/JPardoPe\u0301rez1-300x225.jpg 300w, https:\/\/explora.cl\/rmnorte\/wp-content\/uploads\/sites\/11\/2021\/01\/JPardoPe\u0301rez1-768x576.jpg 768w, https:\/\/explora.cl\/rmnorte\/wp-content\/uploads\/sites\/11\/2021\/01\/JPardoPe\u0301rez1-1024x768.jpg 1024w\" sizes=\"(max-width: 333px) 100vw, 333px\" \/><figcaption id=\"caption-attachment-40330\" class=\"wp-caption-text\">Judith Pardo, bi\u00f3loga y paleont\u00f3loga chilena, quien durante el desarrollo de su tesis de doctorado descubri\u00f3 f\u00f3siles de ictiosaurios<\/figcaption><\/figure>\n<p>Judith recuerda los paseos que daba con sus padres cuando viv\u00edan en Porvenir (Tierra del Fuego) \u201cen verano, casi todos los fines de semana sal\u00edamos a caminar y a veces d\u00e1bamos caminatas largu\u00edsimas, y yo me entreten\u00eda mirando el paisaje, las flores, el pasto, las aves, las rocas, los insectos y recogiendo palos y huesos. Pienso que mi infancia en Porvenir, mi ciudad natal, fue lo que inspir\u00f3 mi inter\u00e9s por la naturaleza y los animales\u201d.<\/p>\n<p>Desde peque\u00f1a Judith estuvo rodeada de ciencia, cuando era estudiante particip\u00f3 en uno de los campamentos del programa Explora, aunque desde su infancia estuvo interesada en la biolog\u00eda y la anatom\u00eda. Sin embargo, estando en la universidad, luego de tener un ramo de geolog\u00eda y de paleontolog\u00eda se dio cuenta de que realmente quer\u00eda dedicar el resto de su vida a estudiar animales extintos \u201ccreo que mi principal hobby es mi trabajo, no me aburro nunca\u201d destac\u00f3 la cient\u00edfica.<\/p>\n<p>Por otra parte, Millarca hasta los 18 a\u00f1os vivi\u00f3 en Antofagasta siendo uno de sus lugares favoritos las pozas marinas que se crean entre las rocas volc\u00e1nicas de todo el borde costero antofagastino, donde junto a su hermano Fernando y amigos pasaban largas horas inspeccionando la diversa vida que encontraban en ellas. Tambi\u00e9n recuerda una quebrada cercana a su casa donde recolectaban <em>guppies<\/em>, unos pececitos\u00a0peque\u00f1os que luego pon\u00edan en un acuario en su casa, y el cerro de La Cruz, desde donde se tiraban en cartones a toda velocidad. Como ella misma dice \u201cfuimos ni\u00f1os muy felices al poseer libertad para poder inspeccionar el mundo natural que nos rodeaba, y adultos que contribuyeron a desarrollar la curiosidad y la observaci\u00f3n\u201d.<\/p>\n<p>Luego, en la universidad cuando estaba en plan com\u00fan de ingenier\u00eda y ciencias, pens\u00f3 en estudiar astronom\u00eda, pero cuando tom\u00f3 el electivo de Geolog\u00eda General descubri\u00f3 el maravilloso mundo de las rocas y minerales como registros de la historia m\u00e1s fascinante, que es como logr\u00f3 este planeta evolucionar a lo que es hoy, con sus \u00fanicas caracter\u00edsticas\u00a0en el Sistema Solar y ser el \u00fanico capaz de albergar vida y hacerla evolucionar hasta generar la conciencia.<\/p>\n<p><strong>Fuentes de inspiraci\u00f3n y admiraci\u00f3n<\/strong><\/p>\n<h3>Millarca nos cuenta que admira ciertas cualidades humanas que est\u00e1n relacionadas a la inspiraci\u00f3n, la voluntad y el coraje de seguir esa luz que se instala en alguna parte de nuestras conciencias a pesar de las condiciones adversas. Por esta raz\u00f3n, no es s\u00f3lo una, sino que hay un gran n\u00famero de personas a las que admira, partiendo por su madre, Blanca Pic\u00f3n Cort\u00e9s, quien como nos cuenta \u201cha sido siempre un referente por esa chispa de inspiraci\u00f3n\u00a0que tiene y la lleva a animarse a realizar cosas que parecen imposibles y luego, muchas mujeres que nacieron en \u00e9pocas muy dif\u00edciles quienes lucharon para que las mujeres fueran libres\u201d.<\/h3>\n<figure id=\"attachment_40332\" aria-describedby=\"caption-attachment-40332\" style=\"width: 326px\" class=\"wp-caption alignleft\"><img decoding=\"async\" class=\"wp-image-40332\" src=\"https:\/\/explora.cl\/rmnorte\/wp-content\/uploads\/sites\/11\/2021\/01\/millarca_miscanti.jpg\" alt=\"\" width=\"326\" height=\"217\" srcset=\"https:\/\/explora.cl\/rmnorte\/wp-content\/uploads\/sites\/11\/2021\/01\/millarca_miscanti.jpg 4690w, https:\/\/explora.cl\/rmnorte\/wp-content\/uploads\/sites\/11\/2021\/01\/millarca_miscanti-300x200.jpg 300w, https:\/\/explora.cl\/rmnorte\/wp-content\/uploads\/sites\/11\/2021\/01\/millarca_miscanti-768x512.jpg 768w, https:\/\/explora.cl\/rmnorte\/wp-content\/uploads\/sites\/11\/2021\/01\/millarca_miscanti-1024x683.jpg 1024w\" sizes=\"(max-width: 326px) 100vw, 326px\" \/><figcaption id=\"caption-attachment-40332\" class=\"wp-caption-text\">Millarca Valenzuela, ge\u00f3loga chilena experta en meteoritos.<\/figcaption><\/figure>\n<p>Las doce cient\u00edficas que participan de la exposici\u00f3n son fuentes de inspiraci\u00f3n para otras personas, pero ellas tambi\u00e9n han admiran a otras personas. Millarca nos cuenta que admira ciertas cualidades humanas que est\u00e1n relacionadas a la inspiraci\u00f3n, la voluntad y el coraje de seguir esa luz que se instala en alguna parte de nuestras conciencias a pesar de las condiciones adversas. Por esta raz\u00f3n, no es s\u00f3lo una, sino que hay un gran n\u00famero de personas a las que admira, partiendo por su madre, Blanca Pic\u00f3n Cort\u00e9s, quien como nos cuenta \u201cha sido siempre un referente por esa chispa de inspiraci\u00f3n\u00a0que tiene y la lleva a animarse a realizar cosas que parecen imposibles y luego, muchas mujeres que nacieron en \u00e9pocas muy dif\u00edciles quienes lucharon para que las mujeres fueran libres, como Sor Juana In\u00e9s de La Cruz en M\u00e9xico, Madame Blavatsky en Rusia, Gabriela Mistral en Chile y tantas otras\u201d.<\/p>\n<p>Pero Millarca no s\u00f3lo admira a mujeres, sino que tambi\u00e9n destaca la genialidad en el pensamiento como Leonardo Da Vinci, Giordano Bruno,\u00a0Friedrich Nietzsche y su idea del superhombre. M\u00e1s\u00a0\u00a0 tarde su admiraci\u00f3n fue a elevada a seres con una conciencia m\u00e1s grande acerca de la humanidad, como Jiddu Krishnamurti, Rudolf Steiner, Claudio Naranjo y el Dalai Lama.<\/p>\n<p><strong>Algo m\u00e1s que ciencia<\/strong><\/p>\n<h3>Judith es una cient\u00edfica apasionada en su \u00e1rea y sue\u00f1a con poder desarrollar su l\u00ednea de investigaci\u00f3n en paleontolog\u00eda en la Universidad de Magallanes, donde actualmente trabaja para hacer ciencia de alto nivel. Su meta es contar con colaboraci\u00f3n de colegas chilenos, extranjeros y estudiantes interesados, sin embargo, tambi\u00e9n le apasiona otros temas alejados de la paleontolog\u00eda.<\/h3>\n<p>Judith disfruta mucho del deporte y practica el arte marcial japon\u00e9s Aikido desde hace m\u00e1s de diez a\u00f1os, \u201ca trav\u00e9s del Aikido he hecho amigos en diferentes pa\u00edses al poder participar en seminarios. Aikido es el arte marcial que te encamina hacia la armon\u00eda de la energ\u00eda. Pienso que, si no pudiese trabajar m\u00e1s en paleontolog\u00eda, me dedicar\u00eda al Aikido a tiempo completo\u201d, coment\u00f3 la bi\u00f3loga.<\/p>\n<p>Sin embargo, como le ocurri\u00f3 a todo el mundo, sus actividades se han visto afectadas por la pandemia ya que no pudo entrenar durante todo el a\u00f1o pasado, por lo que ha comenzado a aprender a pintar en acuarela \u201cestoy aprendiendo t\u00e9cnicas y me relaja mucho pintar\u201d, dijo Judith.<\/p>\n<figure id=\"attachment_40333\" aria-describedby=\"caption-attachment-40333\" style=\"width: 312px\" class=\"wp-caption alignright\"><img decoding=\"async\" class=\"wp-image-40333\" src=\"https:\/\/explora.cl\/rmnorte\/wp-content\/uploads\/sites\/11\/2021\/01\/judith.jpg\" alt=\"\" width=\"312\" height=\"234\" srcset=\"https:\/\/explora.cl\/rmnorte\/wp-content\/uploads\/sites\/11\/2021\/01\/judith.jpg 1280w, https:\/\/explora.cl\/rmnorte\/wp-content\/uploads\/sites\/11\/2021\/01\/judith-300x225.jpg 300w, https:\/\/explora.cl\/rmnorte\/wp-content\/uploads\/sites\/11\/2021\/01\/judith-768x576.jpg 768w, https:\/\/explora.cl\/rmnorte\/wp-content\/uploads\/sites\/11\/2021\/01\/judith-1024x768.jpg 1024w\" sizes=\"(max-width: 312px) 100vw, 312px\" \/><figcaption id=\"caption-attachment-40333\" class=\"wp-caption-text\">Desde peque\u00f1a Judith estuvo rodeada de ciencia, cuando era estudiante particip\u00f3 en uno de los campamentos del programa Explora.<\/figcaption><\/figure>\n<p>La lectura tambi\u00e9n es algo que Judith disfruta y sus libros favoritos son \u201cScience(ish)\u201d que cuenta \u00a0que tan cient\u00edficas son las pel\u00edculas de ciencia ficci\u00f3n m\u00e1s famosas y \u201cMujeres y Poder: Un Manifiesto\u201d que cuenta c\u00f3mo la historia ha tratado a mujeres conocidas en la historia. \u201cAntes lo que m\u00e1s le\u00eda era las novelas de terror de Stephen King, despu\u00e9s pas\u00e9 a leer ciencia ficci\u00f3n y ahora estoy interesada en las biograf\u00edas de personas y en la historia\u201d, agreg\u00f3<\/p>\n<p>Judith tambi\u00e9n disfruta del cine donde sus pel\u00edculas favoritas tampoco est\u00e1n exentas de ciencia, tales como \u201cContacto\u201d, ya que le encanta que la protagonista sea una cient\u00edfica que lucha contra todo por desarrollar su ciencia. Tambi\u00e9n \u201cInterestellar, \u201ccreo que la he visto m\u00e1s de 20 veces ya que me gustan mucho las pel\u00edculas del espacio sobre todo cuando hay f\u00edsica cu\u00e1ntica\u201d. Adem\u00e1s, otra de sus favoritas es \u201cEl Secreto del Abismo\u201d y como nos dice \u201clos cl\u00e1sicos del horror de los a\u00f1os 20 a 50 con monstruos que ahora no asustan nada, pero que siguen siendo cl\u00e1sicos\u201d.<\/p>\n<figure id=\"attachment_40331\" aria-describedby=\"caption-attachment-40331\" style=\"width: 306px\" class=\"wp-caption alignleft\"><img loading=\"lazy\" decoding=\"async\" class=\"wp-image-40331\" src=\"https:\/\/explora.cl\/rmnorte\/wp-content\/uploads\/sites\/11\/2021\/01\/DSC0106.jpg\" alt=\"\" width=\"306\" height=\"204\" srcset=\"https:\/\/explora.cl\/rmnorte\/wp-content\/uploads\/sites\/11\/2021\/01\/DSC0106.jpg 5472w, https:\/\/explora.cl\/rmnorte\/wp-content\/uploads\/sites\/11\/2021\/01\/DSC0106-300x200.jpg 300w, https:\/\/explora.cl\/rmnorte\/wp-content\/uploads\/sites\/11\/2021\/01\/DSC0106-768x512.jpg 768w, https:\/\/explora.cl\/rmnorte\/wp-content\/uploads\/sites\/11\/2021\/01\/DSC0106-1024x683.jpg 1024w\" sizes=\"(max-width: 306px) 100vw, 306px\" \/><figcaption id=\"caption-attachment-40331\" class=\"wp-caption-text\">Millarca Valenzuela recibi\u00f3 un reconocimiento por su trabajo y gracias a su contribuci\u00f3n en el \u00e1rea, el asteroide 11819 fue bautizado con su nombre.<\/figcaption><\/figure>\n<p><strong>\u00a0<\/strong>\u201cIgualmente Sabias\u201d muestra que las cient\u00edficas no s\u00f3lo aman sus \u00e1reas de trabajo, sino que tambi\u00e9n disfrutan sus tiempos libres, de sus familias, de sus mascotas, de la comida, de la m\u00fasica o como Millarca, a quien le encanta cocinar, escribir, coleccionar momentos y personas, cuidar mi jard\u00edn, o simplemente sentarse en el balc\u00f3n e intentar divisar con sus binoculares ballenas, delfines u otros animales marinos en la Bah\u00eda de San Jorge en Antofagasta.<\/p>\n<p>Adem\u00e1s, estas mujeres tienen sue\u00f1os que involucran un mundo mejor, donde hombres y mujeres participen equitativamente, o por qu\u00e9 no, como nos dice con entusiasmo Millarca \u201c\u00a1Que alguna o alguno de mis estudiantes pudiera ir en una expedici\u00f3n a Marte!\u201c.<\/p>\n","protected":false},"excerpt":{"rendered":"<p>La reducci\u00f3n de la brecha de g\u00e9nero en ciencia, tecnolog\u00eda e innovaci\u00f3n requiere del esfuerzo y la autoconfianza de las ni\u00f1as y mujeres que se apasionan por estas \u00e1reas.<\/p>\n","protected":false},"author":26,"featured_media":40336,"comment_status":"open","ping_status":"open","sticky":false,"template":"","format":"standard","meta":{"_acf_changed":false,"_exactmetrics_skip_tracking":false,"_exactmetrics_sitenote_active":false,"_exactmetrics_sitenote_note":"","_exactmetrics_sitenote_category":0,"footnotes":"","_links_to":"","_links_to_target":""},"categories":[4],"tags":[],"class_list":["post-40329","post","type-post","status-publish","format-standard","has-post-thumbnail","hentry","category-noticias"],"acf":[],"yoast_head":"<!-- This site is optimized with the Yoast SEO plugin v26.9 - https:\/\/yoast.com\/product\/yoast-seo-wordpress\/ -->\n<title>Igualmente sabias, la otra faceta de las mujeres cient\u00edficas - RM Norte<\/title>\n<meta name=\"robots\" content=\"index, follow, max-snippet:-1, max-image-preview:large, max-video-preview:-1\" \/>\n<link rel=\"canonical\" href=\"https:\/\/explora.cl\/rmnorte\/igualmente-sabias-la-otra-faceta-de-las-mujeres-cientificas-2\/\" class=\"yoast-seo-meta-tag\" \/>\n<meta property=\"og:locale\" content=\"es_ES\" class=\"yoast-seo-meta-tag\" \/>\n<meta property=\"og:type\" content=\"article\" class=\"yoast-seo-meta-tag\" \/>\n<meta property=\"og:title\" content=\"Igualmente sabias, la otra faceta de las mujeres cient\u00edficas - RM Norte\" class=\"yoast-seo-meta-tag\" \/>\n<meta property=\"og:description\" content=\"La reducci\u00f3n de la brecha de g\u00e9nero en ciencia, tecnolog\u00eda e innovaci\u00f3n requiere del esfuerzo y la autoconfianza de las ni\u00f1as y mujeres que se apasionan por estas \u00e1reas.\" class=\"yoast-seo-meta-tag\" \/>\n<meta property=\"og:url\" content=\"https:\/\/explora.cl\/rmnorte\/igualmente-sabias-la-otra-faceta-de-las-mujeres-cientificas-2\/\" class=\"yoast-seo-meta-tag\" \/>\n<meta property=\"og:site_name\" content=\"RM Norte\" class=\"yoast-seo-meta-tag\" \/>\n<meta property=\"article:published_time\" content=\"2021-01-22T18:47:01+00:00\" class=\"yoast-seo-meta-tag\" \/>\n<meta property=\"article:modified_time\" content=\"2021-03-26T19:13:01+00:00\" class=\"yoast-seo-meta-tag\" \/>\n<meta property=\"og:image\" content=\"https:\/\/explora.cl\/rmnorte\/wp-content\/uploads\/sites\/11\/2021\/01\/portada_2.png\" class=\"yoast-seo-meta-tag\" \/>\n\t<meta property=\"og:image:width\" content=\"2579\" class=\"yoast-seo-meta-tag\" \/>\n\t<meta property=\"og:image:height\" content=\"1601\" class=\"yoast-seo-meta-tag\" \/>\n\t<meta property=\"og:image:type\" content=\"image\/png\" class=\"yoast-seo-meta-tag\" \/>\n<meta name=\"author\" content=\"dgarcia\" class=\"yoast-seo-meta-tag\" \/>\n<meta name=\"twitter:card\" content=\"summary_large_image\" class=\"yoast-seo-meta-tag\" \/>\n<meta name=\"twitter:label1\" content=\"Escrito por\" class=\"yoast-seo-meta-tag\" \/>\n\t<meta name=\"twitter:data1\" content=\"dgarcia\" class=\"yoast-seo-meta-tag\" \/>\n\t<meta name=\"twitter:label2\" content=\"Tiempo estimado de lectura\" class=\"yoast-seo-meta-tag\" \/>\n\t<meta name=\"twitter:data2\" content=\"10 minutos\" class=\"yoast-seo-meta-tag\" \/>\n<script type=\"application\/ld+json\" class=\"yoast-schema-graph\">{\"@context\":\"https:\/\/schema.org\",\"@graph\":[{\"@type\":\"Article\",\"@id\":\"https:\/\/explora.cl\/rmnorte\/igualmente-sabias-la-otra-faceta-de-las-mujeres-cientificas-2\/#article\",\"isPartOf\":{\"@id\":\"https:\/\/explora.cl\/rmnorte\/igualmente-sabias-la-otra-faceta-de-las-mujeres-cientificas-2\/\"},\"author\":{\"name\":\"dgarcia\",\"@id\":\"https:\/\/explora.cl\/rmnorte\/#\/schema\/person\/4ad985b29a183eab4170892260e133a5\"},\"headline\":\"Igualmente sabias, la otra faceta de las mujeres cient\u00edficas\",\"datePublished\":\"2021-01-22T18:47:01+00:00\",\"dateModified\":\"2021-03-26T19:13:01+00:00\",\"mainEntityOfPage\":{\"@id\":\"https:\/\/explora.cl\/rmnorte\/igualmente-sabias-la-otra-faceta-de-las-mujeres-cientificas-2\/\"},\"wordCount\":1940,\"commentCount\":0,\"image\":{\"@id\":\"https:\/\/explora.cl\/rmnorte\/igualmente-sabias-la-otra-faceta-de-las-mujeres-cientificas-2\/#primaryimage\"},\"thumbnailUrl\":\"https:\/\/explora.cl\/rmnorte\/wp-content\/uploads\/sites\/11\/2021\/01\/portada_2.png\",\"articleSection\":[\"Noticias\"],\"inLanguage\":\"es-CL\",\"potentialAction\":[{\"@type\":\"CommentAction\",\"name\":\"Comment\",\"target\":[\"https:\/\/explora.cl\/rmnorte\/igualmente-sabias-la-otra-faceta-de-las-mujeres-cientificas-2\/#respond\"]}]},{\"@type\":\"WebPage\",\"@id\":\"https:\/\/explora.cl\/rmnorte\/igualmente-sabias-la-otra-faceta-de-las-mujeres-cientificas-2\/\",\"url\":\"https:\/\/explora.cl\/rmnorte\/igualmente-sabias-la-otra-faceta-de-las-mujeres-cientificas-2\/\",\"name\":\"Igualmente sabias, la otra faceta de las mujeres cient\u00edficas - RM Norte\",\"isPartOf\":{\"@id\":\"https:\/\/explora.cl\/rmnorte\/#website\"},\"primaryImageOfPage\":{\"@id\":\"https:\/\/explora.cl\/rmnorte\/igualmente-sabias-la-otra-faceta-de-las-mujeres-cientificas-2\/#primaryimage\"},\"image\":{\"@id\":\"https:\/\/explora.cl\/rmnorte\/igualmente-sabias-la-otra-faceta-de-las-mujeres-cientificas-2\/#primaryimage\"},\"thumbnailUrl\":\"https:\/\/explora.cl\/rmnorte\/wp-content\/uploads\/sites\/11\/2021\/01\/portada_2.png\",\"datePublished\":\"2021-01-22T18:47:01+00:00\",\"dateModified\":\"2021-03-26T19:13:01+00:00\",\"author\":{\"@id\":\"https:\/\/explora.cl\/rmnorte\/#\/schema\/person\/4ad985b29a183eab4170892260e133a5\"},\"breadcrumb\":{\"@id\":\"https:\/\/explora.cl\/rmnorte\/igualmente-sabias-la-otra-faceta-de-las-mujeres-cientificas-2\/#breadcrumb\"},\"inLanguage\":\"es-CL\",\"potentialAction\":[{\"@type\":\"ReadAction\",\"target\":[\"https:\/\/explora.cl\/rmnorte\/igualmente-sabias-la-otra-faceta-de-las-mujeres-cientificas-2\/\"]}]},{\"@type\":\"ImageObject\",\"inLanguage\":\"es-CL\",\"@id\":\"https:\/\/explora.cl\/rmnorte\/igualmente-sabias-la-otra-faceta-de-las-mujeres-cientificas-2\/#primaryimage\",\"url\":\"https:\/\/explora.cl\/rmnorte\/wp-content\/uploads\/sites\/11\/2021\/01\/portada_2.png\",\"contentUrl\":\"https:\/\/explora.cl\/rmnorte\/wp-content\/uploads\/sites\/11\/2021\/01\/portada_2.png\",\"width\":2579,\"height\":1601},{\"@type\":\"BreadcrumbList\",\"@id\":\"https:\/\/explora.cl\/rmnorte\/igualmente-sabias-la-otra-faceta-de-las-mujeres-cientificas-2\/#breadcrumb\",\"itemListElement\":[{\"@type\":\"ListItem\",\"position\":1,\"name\":\"Portada\",\"item\":\"https:\/\/explora.cl\/rmnorte\/\"},{\"@type\":\"ListItem\",\"position\":2,\"name\":\"Igualmente sabias, la otra faceta de las mujeres cient\u00edficas\"}]},{\"@type\":\"WebSite\",\"@id\":\"https:\/\/explora.cl\/rmnorte\/#website\",\"url\":\"https:\/\/explora.cl\/rmnorte\/\",\"name\":\"RM Norte\",\"description\":\"RM Norte explora.cl\",\"potentialAction\":[{\"@type\":\"SearchAction\",\"target\":{\"@type\":\"EntryPoint\",\"urlTemplate\":\"https:\/\/explora.cl\/rmnorte\/?s={search_term_string}\"},\"query-input\":{\"@type\":\"PropertyValueSpecification\",\"valueRequired\":true,\"valueName\":\"search_term_string\"}}],\"inLanguage\":\"es-CL\"},{\"@type\":\"Person\",\"@id\":\"https:\/\/explora.cl\/rmnorte\/#\/schema\/person\/4ad985b29a183eab4170892260e133a5\",\"name\":\"dgarcia\",\"image\":{\"@type\":\"ImageObject\",\"inLanguage\":\"es-CL\",\"@id\":\"https:\/\/explora.cl\/rmnorte\/#\/schema\/person\/image\/\",\"url\":\"https:\/\/secure.gravatar.com\/avatar\/06e2fd9f68a0c19cd669ddc183de83489acab601aa57958e0f60175e5013e6b7?s=96&d=mm&r=g\",\"contentUrl\":\"https:\/\/secure.gravatar.com\/avatar\/06e2fd9f68a0c19cd669ddc183de83489acab601aa57958e0f60175e5013e6b7?s=96&d=mm&r=g\",\"caption\":\"dgarcia\"},\"url\":\"https:\/\/explora.cl\/rmnorte\/author\/dgarcia\/\"}]}<\/script>\n<!-- \/ Yoast SEO plugin. -->","yoast_head_json":{"title":"Igualmente sabias, la otra faceta de las mujeres cient\u00edficas - RM Norte","robots":{"index":"index","follow":"follow","max-snippet":"max-snippet:-1","max-image-preview":"max-image-preview:large","max-video-preview":"max-video-preview:-1"},"canonical":"https:\/\/explora.cl\/rmnorte\/igualmente-sabias-la-otra-faceta-de-las-mujeres-cientificas-2\/","og_locale":"es_ES","og_type":"article","og_title":"Igualmente sabias, la otra faceta de las mujeres cient\u00edficas - RM Norte","og_description":"La reducci\u00f3n de la brecha de g\u00e9nero en ciencia, tecnolog\u00eda e innovaci\u00f3n requiere del esfuerzo y la autoconfianza de las ni\u00f1as y mujeres que se apasionan por estas \u00e1reas.","og_url":"https:\/\/explora.cl\/rmnorte\/igualmente-sabias-la-otra-faceta-de-las-mujeres-cientificas-2\/","og_site_name":"RM Norte","article_published_time":"2021-01-22T18:47:01+00:00","article_modified_time":"2021-03-26T19:13:01+00:00","og_image":[{"width":2579,"height":1601,"url":"https:\/\/explora.cl\/rmnorte\/wp-content\/uploads\/sites\/11\/2021\/01\/portada_2.png","type":"image\/png"}],"author":"dgarcia","twitter_card":"summary_large_image","twitter_misc":{"Escrito por":"dgarcia","Tiempo estimado de lectura":"10 minutos"},"schema":{"@context":"https:\/\/schema.org","@graph":[{"@type":"Article","@id":"https:\/\/explora.cl\/rmnorte\/igualmente-sabias-la-otra-faceta-de-las-mujeres-cientificas-2\/#article","isPartOf":{"@id":"https:\/\/explora.cl\/rmnorte\/igualmente-sabias-la-otra-faceta-de-las-mujeres-cientificas-2\/"},"author":{"name":"dgarcia","@id":"https:\/\/explora.cl\/rmnorte\/#\/schema\/person\/4ad985b29a183eab4170892260e133a5"},"headline":"Igualmente sabias, la otra faceta de las mujeres cient\u00edficas","datePublished":"2021-01-22T18:47:01+00:00","dateModified":"2021-03-26T19:13:01+00:00","mainEntityOfPage":{"@id":"https:\/\/explora.cl\/rmnorte\/igualmente-sabias-la-otra-faceta-de-las-mujeres-cientificas-2\/"},"wordCount":1940,"commentCount":0,"image":{"@id":"https:\/\/explora.cl\/rmnorte\/igualmente-sabias-la-otra-faceta-de-las-mujeres-cientificas-2\/#primaryimage"},"thumbnailUrl":"https:\/\/explora.cl\/rmnorte\/wp-content\/uploads\/sites\/11\/2021\/01\/portada_2.png","articleSection":["Noticias"],"inLanguage":"es-CL","potentialAction":[{"@type":"CommentAction","name":"Comment","target":["https:\/\/explora.cl\/rmnorte\/igualmente-sabias-la-otra-faceta-de-las-mujeres-cientificas-2\/#respond"]}]},{"@type":"WebPage","@id":"https:\/\/explora.cl\/rmnorte\/igualmente-sabias-la-otra-faceta-de-las-mujeres-cientificas-2\/","url":"https:\/\/explora.cl\/rmnorte\/igualmente-sabias-la-otra-faceta-de-las-mujeres-cientificas-2\/","name":"Igualmente sabias, la otra faceta de las mujeres cient\u00edficas - RM Norte","isPartOf":{"@id":"https:\/\/explora.cl\/rmnorte\/#website"},"primaryImageOfPage":{"@id":"https:\/\/explora.cl\/rmnorte\/igualmente-sabias-la-otra-faceta-de-las-mujeres-cientificas-2\/#primaryimage"},"image":{"@id":"https:\/\/explora.cl\/rmnorte\/igualmente-sabias-la-otra-faceta-de-las-mujeres-cientificas-2\/#primaryimage"},"thumbnailUrl":"https:\/\/explora.cl\/rmnorte\/wp-content\/uploads\/sites\/11\/2021\/01\/portada_2.png","datePublished":"2021-01-22T18:47:01+00:00","dateModified":"2021-03-26T19:13:01+00:00","author":{"@id":"https:\/\/explora.cl\/rmnorte\/#\/schema\/person\/4ad985b29a183eab4170892260e133a5"},"breadcrumb":{"@id":"https:\/\/explora.cl\/rmnorte\/igualmente-sabias-la-otra-faceta-de-las-mujeres-cientificas-2\/#breadcrumb"},"inLanguage":"es-CL","potentialAction":[{"@type":"ReadAction","target":["https:\/\/explora.cl\/rmnorte\/igualmente-sabias-la-otra-faceta-de-las-mujeres-cientificas-2\/"]}]},{"@type":"ImageObject","inLanguage":"es-CL","@id":"https:\/\/explora.cl\/rmnorte\/igualmente-sabias-la-otra-faceta-de-las-mujeres-cientificas-2\/#primaryimage","url":"https:\/\/explora.cl\/rmnorte\/wp-content\/uploads\/sites\/11\/2021\/01\/portada_2.png","contentUrl":"https:\/\/explora.cl\/rmnorte\/wp-content\/uploads\/sites\/11\/2021\/01\/portada_2.png","width":2579,"height":1601},{"@type":"BreadcrumbList","@id":"https:\/\/explora.cl\/rmnorte\/igualmente-sabias-la-otra-faceta-de-las-mujeres-cientificas-2\/#breadcrumb","itemListElement":[{"@type":"ListItem","position":1,"name":"Portada","item":"https:\/\/explora.cl\/rmnorte\/"},{"@type":"ListItem","position":2,"name":"Igualmente sabias, la otra faceta de las mujeres cient\u00edficas"}]},{"@type":"WebSite","@id":"https:\/\/explora.cl\/rmnorte\/#website","url":"https:\/\/explora.cl\/rmnorte\/","name":"RM Norte","description":"RM Norte explora.cl","potentialAction":[{"@type":"SearchAction","target":{"@type":"EntryPoint","urlTemplate":"https:\/\/explora.cl\/rmnorte\/?s={search_term_string}"},"query-input":{"@type":"PropertyValueSpecification","valueRequired":true,"valueName":"search_term_string"}}],"inLanguage":"es-CL"},{"@type":"Person","@id":"https:\/\/explora.cl\/rmnorte\/#\/schema\/person\/4ad985b29a183eab4170892260e133a5","name":"dgarcia","image":{"@type":"ImageObject","inLanguage":"es-CL","@id":"https:\/\/explora.cl\/rmnorte\/#\/schema\/person\/image\/","url":"https:\/\/secure.gravatar.com\/avatar\/06e2fd9f68a0c19cd669ddc183de83489acab601aa57958e0f60175e5013e6b7?s=96&d=mm&r=g","contentUrl":"https:\/\/secure.gravatar.com\/avatar\/06e2fd9f68a0c19cd669ddc183de83489acab601aa57958e0f60175e5013e6b7?s=96&d=mm&r=g","caption":"dgarcia"},"url":"https:\/\/explora.cl\/rmnorte\/author\/dgarcia\/"}]}},"_links":{"self":[{"href":"https:\/\/explora.cl\/rmnorte\/wp-json\/wp\/v2\/posts\/40329","targetHints":{"allow":["GET"]}}],"collection":[{"href":"https:\/\/explora.cl\/rmnorte\/wp-json\/wp\/v2\/posts"}],"about":[{"href":"https:\/\/explora.cl\/rmnorte\/wp-json\/wp\/v2\/types\/post"}],"author":[{"embeddable":true,"href":"https:\/\/explora.cl\/rmnorte\/wp-json\/wp\/v2\/users\/26"}],"replies":[{"embeddable":true,"href":"https:\/\/explora.cl\/rmnorte\/wp-json\/wp\/v2\/comments?post=40329"}],"version-history":[{"count":2,"href":"https:\/\/explora.cl\/rmnorte\/wp-json\/wp\/v2\/posts\/40329\/revisions"}],"predecessor-version":[{"id":40599,"href":"https:\/\/explora.cl\/rmnorte\/wp-json\/wp\/v2\/posts\/40329\/revisions\/40599"}],"wp:featuredmedia":[{"embeddable":true,"href":"https:\/\/explora.cl\/rmnorte\/wp-json\/wp\/v2\/media\/40336"}],"wp:attachment":[{"href":"https:\/\/explora.cl\/rmnorte\/wp-json\/wp\/v2\/media?parent=40329"}],"wp:term":[{"taxonomy":"category","embeddable":true,"href":"https:\/\/explora.cl\/rmnorte\/wp-json\/wp\/v2\/categories?post=40329"},{"taxonomy":"post_tag","embeddable":true,"href":"https:\/\/explora.cl\/rmnorte\/wp-json\/wp\/v2\/tags?post=40329"}],"curies":[{"name":"wp","href":"https:\/\/api.w.org\/{rel}","templated":true}]}}