{"id":40224,"date":"2020-11-27T20:18:49","date_gmt":"2020-11-27T23:18:49","guid":{"rendered":"https:\/\/explora.cl\/rmnorte\/?p=40224"},"modified":"2021-01-20T16:31:10","modified_gmt":"2021-01-20T19:31:10","slug":"la-ciencia-y-el-deporte-se-reunen-en-la-primera-corrida-virtual","status":"publish","type":"post","link":"https:\/\/explora.cl\/rmnorte\/la-ciencia-y-el-deporte-se-reunen-en-la-primera-corrida-virtual\/","title":{"rendered":"La ciencia y el deporte, se re\u00fanen en la primera corrida virtual"},"content":{"rendered":"<h1><strong>M\u00e1s de 1000 chilenos correr\u00e1n por una vida saludable<\/strong><\/h1>\n<h3><strong>\u00a0<\/strong><strong>Corrida virtual: \u201cLa CIENCIA de una vida saludable\u201d, es una iniciativa liderada por\u00a0Explora RM Norte, ACCDiS y la Universidad de Chile y tiene como objetivo promover, por medio de la Ciencia, Tecnolog\u00eda, Conocimiento e Innovaci\u00f3n, el autocuidado para prevenir enfermedades cr\u00f3nicas. <\/strong><\/h3>\n<h3><strong>\u00a0<\/strong><strong>El programa \u201cLa CIENCIA de una vida saludable\u201d se sostiene con diferentes actividades de divulgaci\u00f3n cient\u00edfica y cierra con la corrida virtual que se realizar\u00e1 desde el\u00a0domingo 29 de noviembre al s\u00e1bado 5 de diciembre-,\u00a0un evento deportivo masivo y gratuito que, por su formato, se podr\u00e1 realizar con todas las precauciones necesarias en tiempos de pandemia.<\/strong><\/h3>\n<p>La \u00faltima Encuesta Nacional de Salud (2017), arroj\u00f3 cifras alarmantes que reflejan los malos h\u00e1bitos alimenticios del pa\u00eds, en ella se detect\u00f3 que un 74,2% de los chilenos sufren sobrepeso u obesidad, ubicando a Chile entre los pa\u00edses de la Organizaci\u00f3n para la Cooperaci\u00f3n y Desarrollo Econ\u00f3micos (OCDE) con la tasa m\u00e1s alta tasa de obesidad y sobrepeso, por encima de M\u00e9xico (72,5%) y Estados Unidos (71%).\u00a0Siendo la causa principal de estas enfermedades el sedentarismo, donde un 86,7% de personas confesaron no realiza actividad f\u00edsica.<\/p>\n<p>Ante esta problem\u00e1tica, las universidades, instituciones y entes gubernamentales unen sus esfuerzos en la Corrida virtual: <strong>\u201cLa CIENCIA de una Vida Saludable\u201d, <\/strong>iniciativa organizada por el Proyecto Explora Regi\u00f3n Metropolitana Norte -del Ministerio de Ciencia, Tecnolog\u00eda, Conocimiento e Innovaci\u00f3n-, liderado por la Universidad de Chile a trav\u00e9s de la Facultad de Ciencias Qu\u00edmicas y Farmac\u00e9uticas y su unidad ejecutora el Centro Avanzado de Enfermedades Cr\u00f3nicas (ACCDiS), la cual tiene como objetivo promover, a trav\u00e9s de la ciencia, la prevenci\u00f3n de enfermedades cr\u00f3nicas.<\/p>\n<p>\u201cDesde el Ministerio de Ciencia buscamos acercar la ciencia a las personas a trav\u00e9s de experiencias memorables y <strong>esta innovadora actividad es un ejemplo de c\u00f3mo podemos promover la evidencia sobre los beneficios de la actividad deportiva mediante el uso de nuevas tecnolog\u00edas<\/strong>\u201d, se\u00f1al\u00f3 el ministro de Ciencia, Andr\u00e9s Couve, sobre esta actividad que a ra\u00edz de la contingencia por el COVID-19, se realizar\u00e1 bajo <strong>la modalidad corrida virtual, desde el domingo 29 de noviembre al s\u00e1bado 5 de diciembre (hasta las 14:00 horas) con distancias de 2 y 5<\/strong> <strong>kil\u00f3metros.<\/strong> Un evento gratuito y deportivo que invita a todos los chilenos, independiente de donde se encuentren, a <u><a href=\"https:\/\/explora.cl\/rmnorte\/unete-a-esta-experiencia-virtual-y-se-parte-de-la-corrida-la-ciencia-de-una-vida-saludable\/\">inscribirse en esta iniciativa<\/a><\/u> y mantenerse sanos y activos.<\/p>\n<p>En el marco de esta actividad, desde octubre Explora RM Norte ofreci\u00f3 diferentes iniciativas de divulgaci\u00f3n cient\u00edfica, entre ellas talles, c\u00e1psulas informativas y charlas, que han dado a conocer y entender -por medio de la ciencia, tecnolog\u00eda, conocimiento e innovaci\u00f3n- diversos sucesos asociados a la prevenci\u00f3n de enfermedades cr\u00f3nicas a trav\u00e9s del autocuidado y h\u00e1bitos de vida saludable, y tambi\u00e9n c\u00f3mo la tecnolog\u00eda e innovaci\u00f3n se vincula a estas tem\u00e1ticas.<\/p>\n<h3>\u201c<strong>Para prevenir las enfermedades cr\u00f3nicas como c\u00e1ncer, diabetes, obesidad y cardiovasculares es necesario que adoptemos h\u00e1bitos saludables, incluyendo una alimentaci\u00f3n sana y la realizaci\u00f3n de ejercicio f\u00edsico de forma constante.<\/strong><\/h3>\n<p><img fetchpriority=\"high\" decoding=\"async\" class=\"wp-image-40226 alignright\" src=\"https:\/\/explora.cl\/rmnorte\/wp-content\/uploads\/sites\/11\/2020\/11\/SERGIO-LAVANDERO.png\" alt=\"\" width=\"295\" height=\"200\" srcset=\"https:\/\/explora.cl\/rmnorte\/wp-content\/uploads\/sites\/11\/2020\/11\/SERGIO-LAVANDERO.png 1330w, https:\/\/explora.cl\/rmnorte\/wp-content\/uploads\/sites\/11\/2020\/11\/SERGIO-LAVANDERO-300x204.png 300w, https:\/\/explora.cl\/rmnorte\/wp-content\/uploads\/sites\/11\/2020\/11\/SERGIO-LAVANDERO-768x522.png 768w, https:\/\/explora.cl\/rmnorte\/wp-content\/uploads\/sites\/11\/2020\/11\/SERGIO-LAVANDERO-1024x696.png 1024w\" sizes=\"(max-width: 295px) 100vw, 295px\" \/>Seg\u00fan la Organizaci\u00f3n Mundial de la Salud (OMS), debemos realizar 10.000 pasos al d\u00eda para que nuestra psiquis y sistemas circulatorio, \u00f3seo y muscular funcionen \u00f3ptimamente. \u00a1Manos a la obra, 10.000 pasos al d\u00eda!\u201d, se\u00f1al\u00f3 Sergio Lavandero, acad\u00e9mico de la Facultad de Ciencias Qu\u00edmicas y Farmac\u00e9uticas de la Universidad de Chile, director de ACCDIS y asesor institucional de Explora RM Norte.<\/p>\n<p><img decoding=\"async\" class=\"wp-image-40227 alignleft\" src=\"https:\/\/explora.cl\/rmnorte\/wp-content\/uploads\/sites\/11\/2020\/11\/MARIO-CHIONG.png\" alt=\"\" width=\"296\" height=\"197\" srcset=\"https:\/\/explora.cl\/rmnorte\/wp-content\/uploads\/sites\/11\/2020\/11\/MARIO-CHIONG.png 1356w, https:\/\/explora.cl\/rmnorte\/wp-content\/uploads\/sites\/11\/2020\/11\/MARIO-CHIONG-300x200.png 300w, https:\/\/explora.cl\/rmnorte\/wp-content\/uploads\/sites\/11\/2020\/11\/MARIO-CHIONG-768x513.png 768w, https:\/\/explora.cl\/rmnorte\/wp-content\/uploads\/sites\/11\/2020\/11\/MARIO-CHIONG-1024x683.png 1024w\" sizes=\"(max-width: 296px) 100vw, 296px\" \/>Para finalizar el director de Explora RM Norte, acad\u00e9mico de la Facultad de Ciencias Qu\u00edmicas y Farmac\u00e9uticas de la Universidad de Chile y tambi\u00e9n investigador ACCDIS Mario Chiong, plane\u00f3 que \u201cActualmente<strong>, no s\u00f3lo nos enfrentamos a la pandemia por COVID-19, sino que tambi\u00e9n desafiamos al sedentarismo y la inactividad f\u00edsica,<\/strong> que conllevan al aumento de un sinf\u00edn de enfermedades cr\u00f3nicas. Por ello, el llamado es claro: ser activos f\u00edsicamente es necesario para tener una vida saludable, contribuyendo al bienestar musculoesquel\u00e9tico, metab\u00f3lico e inmunol\u00f3gico. Lo mejor es prevenir\u201d.<\/p>\n<p>Adem\u00e1s, con el fin de motivar a la poblaci\u00f3n, agreg\u00f3: \u201cTomando en consideraci\u00f3n el distanciamiento social necesario para sobrellevar esta crisis sanitaria y la necesidad de prevenir las enfermedades cr\u00f3nicas, los invito a participar en la corrida virtual organizada por Explora RM Norte, ACCDiS y la Universidad de Chile: La CIENCIA de una Vida Saludable, en la cual ustedes deciden d\u00f3nde, cu\u00e1ndo y qu\u00e9 distancia correr\u201d.<\/p>\n<h2 style=\"text-align: center\"><strong>\u00a1Corre por una vida saludable, junto a Explora Regi\u00f3n Metropolitana!<\/strong><\/h2>\n","protected":false},"excerpt":{"rendered":"<p>M\u00e1s de 1000 chilenos correr\u00e1n por una vida saludable.<\/p>\n","protected":false},"author":26,"featured_media":40225,"comment_status":"open","ping_status":"open","sticky":false,"template":"","format":"standard","meta":{"_acf_changed":false,"_exactmetrics_skip_tracking":false,"_exactmetrics_sitenote_active":false,"_exactmetrics_sitenote_note":"","_exactmetrics_sitenote_category":0,"footnotes":"","_links_to":"","_links_to_target":""},"categories":[142,4],"tags":[],"class_list":["post-40224","post","type-post","status-publish","format-standard","has-post-thumbnail","hentry","category-lugar-7","category-noticias"],"acf":[],"yoast_head":"<!-- This site is optimized with the Yoast SEO plugin v26.9 - https:\/\/yoast.com\/product\/yoast-seo-wordpress\/ -->\n<title>La ciencia y el deporte, se re\u00fanen en la primera corrida virtual - RM Norte<\/title>\n<meta name=\"robots\" content=\"index, follow, max-snippet:-1, max-image-preview:large, max-video-preview:-1\" \/>\n<link rel=\"canonical\" href=\"https:\/\/explora.cl\/rmnorte\/la-ciencia-y-el-deporte-se-reunen-en-la-primera-corrida-virtual\/\" class=\"yoast-seo-meta-tag\" \/>\n<meta property=\"og:locale\" content=\"es_ES\" class=\"yoast-seo-meta-tag\" \/>\n<meta property=\"og:type\" content=\"article\" class=\"yoast-seo-meta-tag\" \/>\n<meta property=\"og:title\" content=\"La ciencia y el deporte, se re\u00fanen en la primera corrida virtual - RM Norte\" class=\"yoast-seo-meta-tag\" \/>\n<meta property=\"og:description\" content=\"M\u00e1s de 1000 chilenos correr\u00e1n por una vida saludable.\" class=\"yoast-seo-meta-tag\" \/>\n<meta property=\"og:url\" content=\"https:\/\/explora.cl\/rmnorte\/la-ciencia-y-el-deporte-se-reunen-en-la-primera-corrida-virtual\/\" class=\"yoast-seo-meta-tag\" \/>\n<meta property=\"og:site_name\" content=\"RM Norte\" class=\"yoast-seo-meta-tag\" \/>\n<meta property=\"article:published_time\" content=\"2020-11-27T23:18:49+00:00\" class=\"yoast-seo-meta-tag\" \/>\n<meta property=\"article:modified_time\" content=\"2021-01-20T19:31:10+00:00\" class=\"yoast-seo-meta-tag\" \/>\n<meta property=\"og:image\" content=\"https:\/\/explora.cl\/rmnorte\/wp-content\/uploads\/sites\/11\/2020\/11\/COMUNICADO.png\" class=\"yoast-seo-meta-tag\" \/>\n\t<meta property=\"og:image:width\" content=\"543\" class=\"yoast-seo-meta-tag\" \/>\n\t<meta property=\"og:image:height\" content=\"348\" class=\"yoast-seo-meta-tag\" \/>\n\t<meta property=\"og:image:type\" content=\"image\/png\" class=\"yoast-seo-meta-tag\" \/>\n<meta name=\"author\" content=\"dgarcia\" class=\"yoast-seo-meta-tag\" \/>\n<meta name=\"twitter:card\" content=\"summary_large_image\" class=\"yoast-seo-meta-tag\" \/>\n<meta name=\"twitter:label1\" content=\"Escrito por\" class=\"yoast-seo-meta-tag\" \/>\n\t<meta name=\"twitter:data1\" content=\"dgarcia\" class=\"yoast-seo-meta-tag\" \/>\n\t<meta name=\"twitter:label2\" content=\"Tiempo estimado de lectura\" class=\"yoast-seo-meta-tag\" \/>\n\t<meta name=\"twitter:data2\" content=\"4 minutos\" class=\"yoast-seo-meta-tag\" \/>\n<script type=\"application\/ld+json\" class=\"yoast-schema-graph\">{\"@context\":\"https:\/\/schema.org\",\"@graph\":[{\"@type\":\"Article\",\"@id\":\"https:\/\/explora.cl\/rmnorte\/la-ciencia-y-el-deporte-se-reunen-en-la-primera-corrida-virtual\/#article\",\"isPartOf\":{\"@id\":\"https:\/\/explora.cl\/rmnorte\/la-ciencia-y-el-deporte-se-reunen-en-la-primera-corrida-virtual\/\"},\"author\":{\"name\":\"dgarcia\",\"@id\":\"https:\/\/explora.cl\/rmnorte\/#\/schema\/person\/4ad985b29a183eab4170892260e133a5\"},\"headline\":\"La ciencia y el deporte, se re\u00fanen en la primera corrida virtual\",\"datePublished\":\"2020-11-27T23:18:49+00:00\",\"dateModified\":\"2021-01-20T19:31:10+00:00\",\"mainEntityOfPage\":{\"@id\":\"https:\/\/explora.cl\/rmnorte\/la-ciencia-y-el-deporte-se-reunen-en-la-primera-corrida-virtual\/\"},\"wordCount\":800,\"commentCount\":0,\"image\":{\"@id\":\"https:\/\/explora.cl\/rmnorte\/la-ciencia-y-el-deporte-se-reunen-en-la-primera-corrida-virtual\/#primaryimage\"},\"thumbnailUrl\":\"https:\/\/explora.cl\/rmnorte\/wp-content\/uploads\/sites\/11\/2020\/11\/COMUNICADO.png\",\"articleSection\":[\"Lugar 7\",\"Noticias\"],\"inLanguage\":\"es-CL\",\"potentialAction\":[{\"@type\":\"CommentAction\",\"name\":\"Comment\",\"target\":[\"https:\/\/explora.cl\/rmnorte\/la-ciencia-y-el-deporte-se-reunen-en-la-primera-corrida-virtual\/#respond\"]}]},{\"@type\":\"WebPage\",\"@id\":\"https:\/\/explora.cl\/rmnorte\/la-ciencia-y-el-deporte-se-reunen-en-la-primera-corrida-virtual\/\",\"url\":\"https:\/\/explora.cl\/rmnorte\/la-ciencia-y-el-deporte-se-reunen-en-la-primera-corrida-virtual\/\",\"name\":\"La ciencia y el deporte, se re\u00fanen en la primera corrida virtual - RM Norte\",\"isPartOf\":{\"@id\":\"https:\/\/explora.cl\/rmnorte\/#website\"},\"primaryImageOfPage\":{\"@id\":\"https:\/\/explora.cl\/rmnorte\/la-ciencia-y-el-deporte-se-reunen-en-la-primera-corrida-virtual\/#primaryimage\"},\"image\":{\"@id\":\"https:\/\/explora.cl\/rmnorte\/la-ciencia-y-el-deporte-se-reunen-en-la-primera-corrida-virtual\/#primaryimage\"},\"thumbnailUrl\":\"https:\/\/explora.cl\/rmnorte\/wp-content\/uploads\/sites\/11\/2020\/11\/COMUNICADO.png\",\"datePublished\":\"2020-11-27T23:18:49+00:00\",\"dateModified\":\"2021-01-20T19:31:10+00:00\",\"author\":{\"@id\":\"https:\/\/explora.cl\/rmnorte\/#\/schema\/person\/4ad985b29a183eab4170892260e133a5\"},\"breadcrumb\":{\"@id\":\"https:\/\/explora.cl\/rmnorte\/la-ciencia-y-el-deporte-se-reunen-en-la-primera-corrida-virtual\/#breadcrumb\"},\"inLanguage\":\"es-CL\",\"potentialAction\":[{\"@type\":\"ReadAction\",\"target\":[\"https:\/\/explora.cl\/rmnorte\/la-ciencia-y-el-deporte-se-reunen-en-la-primera-corrida-virtual\/\"]}]},{\"@type\":\"ImageObject\",\"inLanguage\":\"es-CL\",\"@id\":\"https:\/\/explora.cl\/rmnorte\/la-ciencia-y-el-deporte-se-reunen-en-la-primera-corrida-virtual\/#primaryimage\",\"url\":\"https:\/\/explora.cl\/rmnorte\/wp-content\/uploads\/sites\/11\/2020\/11\/COMUNICADO.png\",\"contentUrl\":\"https:\/\/explora.cl\/rmnorte\/wp-content\/uploads\/sites\/11\/2020\/11\/COMUNICADO.png\",\"width\":543,\"height\":348},{\"@type\":\"BreadcrumbList\",\"@id\":\"https:\/\/explora.cl\/rmnorte\/la-ciencia-y-el-deporte-se-reunen-en-la-primera-corrida-virtual\/#breadcrumb\",\"itemListElement\":[{\"@type\":\"ListItem\",\"position\":1,\"name\":\"Portada\",\"item\":\"https:\/\/explora.cl\/rmnorte\/\"},{\"@type\":\"ListItem\",\"position\":2,\"name\":\"La ciencia y el deporte, se re\u00fanen en la primera corrida virtual\"}]},{\"@type\":\"WebSite\",\"@id\":\"https:\/\/explora.cl\/rmnorte\/#website\",\"url\":\"https:\/\/explora.cl\/rmnorte\/\",\"name\":\"RM Norte\",\"description\":\"RM Norte explora.cl\",\"potentialAction\":[{\"@type\":\"SearchAction\",\"target\":{\"@type\":\"EntryPoint\",\"urlTemplate\":\"https:\/\/explora.cl\/rmnorte\/?s={search_term_string}\"},\"query-input\":{\"@type\":\"PropertyValueSpecification\",\"valueRequired\":true,\"valueName\":\"search_term_string\"}}],\"inLanguage\":\"es-CL\"},{\"@type\":\"Person\",\"@id\":\"https:\/\/explora.cl\/rmnorte\/#\/schema\/person\/4ad985b29a183eab4170892260e133a5\",\"name\":\"dgarcia\",\"image\":{\"@type\":\"ImageObject\",\"inLanguage\":\"es-CL\",\"@id\":\"https:\/\/explora.cl\/rmnorte\/#\/schema\/person\/image\/\",\"url\":\"https:\/\/secure.gravatar.com\/avatar\/06e2fd9f68a0c19cd669ddc183de83489acab601aa57958e0f60175e5013e6b7?s=96&d=mm&r=g\",\"contentUrl\":\"https:\/\/secure.gravatar.com\/avatar\/06e2fd9f68a0c19cd669ddc183de83489acab601aa57958e0f60175e5013e6b7?s=96&d=mm&r=g\",\"caption\":\"dgarcia\"},\"url\":\"https:\/\/explora.cl\/rmnorte\/author\/dgarcia\/\"}]}<\/script>\n<!-- \/ Yoast SEO plugin. -->","yoast_head_json":{"title":"La ciencia y el deporte, se re\u00fanen en la primera corrida virtual - RM Norte","robots":{"index":"index","follow":"follow","max-snippet":"max-snippet:-1","max-image-preview":"max-image-preview:large","max-video-preview":"max-video-preview:-1"},"canonical":"https:\/\/explora.cl\/rmnorte\/la-ciencia-y-el-deporte-se-reunen-en-la-primera-corrida-virtual\/","og_locale":"es_ES","og_type":"article","og_title":"La ciencia y el deporte, se re\u00fanen en la primera corrida virtual - RM Norte","og_description":"M\u00e1s de 1000 chilenos correr\u00e1n por una vida saludable.","og_url":"https:\/\/explora.cl\/rmnorte\/la-ciencia-y-el-deporte-se-reunen-en-la-primera-corrida-virtual\/","og_site_name":"RM Norte","article_published_time":"2020-11-27T23:18:49+00:00","article_modified_time":"2021-01-20T19:31:10+00:00","og_image":[{"width":543,"height":348,"url":"https:\/\/explora.cl\/rmnorte\/wp-content\/uploads\/sites\/11\/2020\/11\/COMUNICADO.png","type":"image\/png"}],"author":"dgarcia","twitter_card":"summary_large_image","twitter_misc":{"Escrito por":"dgarcia","Tiempo estimado de lectura":"4 minutos"},"schema":{"@context":"https:\/\/schema.org","@graph":[{"@type":"Article","@id":"https:\/\/explora.cl\/rmnorte\/la-ciencia-y-el-deporte-se-reunen-en-la-primera-corrida-virtual\/#article","isPartOf":{"@id":"https:\/\/explora.cl\/rmnorte\/la-ciencia-y-el-deporte-se-reunen-en-la-primera-corrida-virtual\/"},"author":{"name":"dgarcia","@id":"https:\/\/explora.cl\/rmnorte\/#\/schema\/person\/4ad985b29a183eab4170892260e133a5"},"headline":"La ciencia y el deporte, se re\u00fanen en la primera corrida virtual","datePublished":"2020-11-27T23:18:49+00:00","dateModified":"2021-01-20T19:31:10+00:00","mainEntityOfPage":{"@id":"https:\/\/explora.cl\/rmnorte\/la-ciencia-y-el-deporte-se-reunen-en-la-primera-corrida-virtual\/"},"wordCount":800,"commentCount":0,"image":{"@id":"https:\/\/explora.cl\/rmnorte\/la-ciencia-y-el-deporte-se-reunen-en-la-primera-corrida-virtual\/#primaryimage"},"thumbnailUrl":"https:\/\/explora.cl\/rmnorte\/wp-content\/uploads\/sites\/11\/2020\/11\/COMUNICADO.png","articleSection":["Lugar 7","Noticias"],"inLanguage":"es-CL","potentialAction":[{"@type":"CommentAction","name":"Comment","target":["https:\/\/explora.cl\/rmnorte\/la-ciencia-y-el-deporte-se-reunen-en-la-primera-corrida-virtual\/#respond"]}]},{"@type":"WebPage","@id":"https:\/\/explora.cl\/rmnorte\/la-ciencia-y-el-deporte-se-reunen-en-la-primera-corrida-virtual\/","url":"https:\/\/explora.cl\/rmnorte\/la-ciencia-y-el-deporte-se-reunen-en-la-primera-corrida-virtual\/","name":"La ciencia y el deporte, se re\u00fanen en la primera corrida virtual - RM Norte","isPartOf":{"@id":"https:\/\/explora.cl\/rmnorte\/#website"},"primaryImageOfPage":{"@id":"https:\/\/explora.cl\/rmnorte\/la-ciencia-y-el-deporte-se-reunen-en-la-primera-corrida-virtual\/#primaryimage"},"image":{"@id":"https:\/\/explora.cl\/rmnorte\/la-ciencia-y-el-deporte-se-reunen-en-la-primera-corrida-virtual\/#primaryimage"},"thumbnailUrl":"https:\/\/explora.cl\/rmnorte\/wp-content\/uploads\/sites\/11\/2020\/11\/COMUNICADO.png","datePublished":"2020-11-27T23:18:49+00:00","dateModified":"2021-01-20T19:31:10+00:00","author":{"@id":"https:\/\/explora.cl\/rmnorte\/#\/schema\/person\/4ad985b29a183eab4170892260e133a5"},"breadcrumb":{"@id":"https:\/\/explora.cl\/rmnorte\/la-ciencia-y-el-deporte-se-reunen-en-la-primera-corrida-virtual\/#breadcrumb"},"inLanguage":"es-CL","potentialAction":[{"@type":"ReadAction","target":["https:\/\/explora.cl\/rmnorte\/la-ciencia-y-el-deporte-se-reunen-en-la-primera-corrida-virtual\/"]}]},{"@type":"ImageObject","inLanguage":"es-CL","@id":"https:\/\/explora.cl\/rmnorte\/la-ciencia-y-el-deporte-se-reunen-en-la-primera-corrida-virtual\/#primaryimage","url":"https:\/\/explora.cl\/rmnorte\/wp-content\/uploads\/sites\/11\/2020\/11\/COMUNICADO.png","contentUrl":"https:\/\/explora.cl\/rmnorte\/wp-content\/uploads\/sites\/11\/2020\/11\/COMUNICADO.png","width":543,"height":348},{"@type":"BreadcrumbList","@id":"https:\/\/explora.cl\/rmnorte\/la-ciencia-y-el-deporte-se-reunen-en-la-primera-corrida-virtual\/#breadcrumb","itemListElement":[{"@type":"ListItem","position":1,"name":"Portada","item":"https:\/\/explora.cl\/rmnorte\/"},{"@type":"ListItem","position":2,"name":"La ciencia y el deporte, se re\u00fanen en la primera corrida virtual"}]},{"@type":"WebSite","@id":"https:\/\/explora.cl\/rmnorte\/#website","url":"https:\/\/explora.cl\/rmnorte\/","name":"RM Norte","description":"RM Norte explora.cl","potentialAction":[{"@type":"SearchAction","target":{"@type":"EntryPoint","urlTemplate":"https:\/\/explora.cl\/rmnorte\/?s={search_term_string}"},"query-input":{"@type":"PropertyValueSpecification","valueRequired":true,"valueName":"search_term_string"}}],"inLanguage":"es-CL"},{"@type":"Person","@id":"https:\/\/explora.cl\/rmnorte\/#\/schema\/person\/4ad985b29a183eab4170892260e133a5","name":"dgarcia","image":{"@type":"ImageObject","inLanguage":"es-CL","@id":"https:\/\/explora.cl\/rmnorte\/#\/schema\/person\/image\/","url":"https:\/\/secure.gravatar.com\/avatar\/06e2fd9f68a0c19cd669ddc183de83489acab601aa57958e0f60175e5013e6b7?s=96&d=mm&r=g","contentUrl":"https:\/\/secure.gravatar.com\/avatar\/06e2fd9f68a0c19cd669ddc183de83489acab601aa57958e0f60175e5013e6b7?s=96&d=mm&r=g","caption":"dgarcia"},"url":"https:\/\/explora.cl\/rmnorte\/author\/dgarcia\/"}]}},"_links":{"self":[{"href":"https:\/\/explora.cl\/rmnorte\/wp-json\/wp\/v2\/posts\/40224","targetHints":{"allow":["GET"]}}],"collection":[{"href":"https:\/\/explora.cl\/rmnorte\/wp-json\/wp\/v2\/posts"}],"about":[{"href":"https:\/\/explora.cl\/rmnorte\/wp-json\/wp\/v2\/types\/post"}],"author":[{"embeddable":true,"href":"https:\/\/explora.cl\/rmnorte\/wp-json\/wp\/v2\/users\/26"}],"replies":[{"embeddable":true,"href":"https:\/\/explora.cl\/rmnorte\/wp-json\/wp\/v2\/comments?post=40224"}],"version-history":[{"count":3,"href":"https:\/\/explora.cl\/rmnorte\/wp-json\/wp\/v2\/posts\/40224\/revisions"}],"predecessor-version":[{"id":40328,"href":"https:\/\/explora.cl\/rmnorte\/wp-json\/wp\/v2\/posts\/40224\/revisions\/40328"}],"wp:featuredmedia":[{"embeddable":true,"href":"https:\/\/explora.cl\/rmnorte\/wp-json\/wp\/v2\/media\/40225"}],"wp:attachment":[{"href":"https:\/\/explora.cl\/rmnorte\/wp-json\/wp\/v2\/media?parent=40224"}],"wp:term":[{"taxonomy":"category","embeddable":true,"href":"https:\/\/explora.cl\/rmnorte\/wp-json\/wp\/v2\/categories?post=40224"},{"taxonomy":"post_tag","embeddable":true,"href":"https:\/\/explora.cl\/rmnorte\/wp-json\/wp\/v2\/tags?post=40224"}],"curies":[{"name":"wp","href":"https:\/\/api.w.org\/{rel}","templated":true}]}}